{"id":102480,"date":"2024-03-16T02:26:12","date_gmt":"2024-03-16T05:26:12","guid":{"rendered":"https:\/\/regiaonews.net.br\/2022\/?p=102480"},"modified":"2024-03-16T02:26:12","modified_gmt":"2024-03-16T05:26:12","slug":"colina-realiza-semana-de-prevencao-no-combate-a-dengue-nas-escolas-municipais","status":"publish","type":"post","link":"https:\/\/regiaonews.net.br\/2022\/2024\/03\/16\/colina-realiza-semana-de-prevencao-no-combate-a-dengue-nas-escolas-municipais\/","title":{"rendered":"Colina realiza Semana de Preven\u00e7\u00e3o no Combate \u00e0 Dengue nas Escolas Municipais"},"content":{"rendered":"<section data-font-size=\"\">\n<section class=\"page-content wrapper\">\n<div data-grid=\"spacing\">\n<div data-cell=\"3of4\">\n<section class=\"post\">\n<header class=\"post-header\">\n<h1 class=\"post-title\"><\/h1>\n<div data-grid=\"\">\n<p class=\"post-share noPrint\">\n<\/div>\n<\/header>\n<div class=\"post-image\"><\/div>\n<div class=\"post-content\">\n<article class=\"post-text\">A Prefeitura Municipal de Colina, por meio da parceria entre a Secretaria Municipal de Sa\u00fade e a Secretaria Municipal de Educa\u00e7\u00e3o e Cultura, realizou no \u00faltimo dia 1\u00ba de mar\u00e7o, o \u201cDia D\u201d de Combate \u00e0 Dengue, com diversas a\u00e7\u00f5es educativas realizadas nas Escolas da Rede Municipal de Ensino. Entre as atividades, houve a confec\u00e7\u00e3o de cartazes sobre o combate \u00e0 Dengue; passeata pelo bairro das Escolas; \u00a0palestras educativas; brincadeiras l\u00fadicas e a entrega de panfletos de conscientiza\u00e7\u00e3o.<\/p>\n<p>A Secretaria Municipal de Sa\u00fade realizou tamb\u00e9m, a \u201cSemana de Preven\u00e7\u00e3o e Orienta\u00e7\u00e3o no Combate \u00e0 Dengue\u201d, que aconteceu no per\u00edodo de 04 a 08 de mar\u00e7o, junto \u00e0s Escolas Municipais de Ensino Fundamental, com palestras e apresenta\u00e7\u00e3o de maquete ilustrando o que \u00e9 \u2018certo x errado\u2019 em uma casa, no combate \u00e0 Dengue. O objetivo foi mostrar para os alunos exemplos de formas de combater os criadouros, destacando as maneiras de prevenir a doen\u00e7a.<\/p>\n<p>A a\u00e7\u00e3o contemplou ainda, a\u00e7\u00f5es como o jogo com uso do tapete-tabuleiro colorido, que buscou conscientizar todas as crian\u00e7as sobre o combate ao mosquito transmissor das doen\u00e7as Dengue, Zika, Chikungunya e Febre Amarela.<\/p>\n<p>As a\u00e7\u00f5es de preven\u00e7\u00e3o est\u00e3o sendo realizadas pela equipe de Agentes de Endemias em parceria com as equipes pedag\u00f3gicas das Escolas Municipais.<\/p>\n<p>\u201c\u00c9 muito importante reduzir a infesta\u00e7\u00e3o de mosquitos por meio da elimina\u00e7\u00e3o de criadouros, mantendo os quintais e terrenos limpos, e livres de recipientes que possam acumular \u00e1gua, impedindo assim a postura de ovos do mosquito Aedes Aegypti\u201d, disse o Coordenador de Fiscaliza\u00e7\u00e3o Epidemiol\u00f3gica, Antonio Donizete Figueira.<\/p>\n<p>\u201c\u00c9 de grande relev\u00e2ncia que os alunos saibam sobre a doen\u00e7a e os cuidados necess\u00e1rios para a sua preven\u00e7\u00e3o. Assim, eles podem ajudar os pais em casa no controle dos criadouros para que o mosquito n\u00e3o se prolifere\u201d, enfatizou a Secret\u00e1ria Municipal de Sa\u00fade, Dra. Sadia Daher Rodrigues Ferreira.<\/p>\n<p>O Prefeito Municipal de Colina, Dieb Taha,\u00a0\u00a0destacou que a Administra\u00e7\u00e3o mant\u00e9m, de forma ininterrupta, a\u00e7\u00f5es de combate ao mosquito transmissor da Dengue, Zika, Chikungunya e Febre Amarela. Ele ressalta que os cuidados para evitar a prolifera\u00e7\u00e3o do Aedes Aegypti precisam ser mantidos durante o ano todo. \u201cS\u00e3o a\u00e7\u00f5es que devem tornar-se h\u00e1bitos permanentes. A popula\u00e7\u00e3o precisa trabalhar junto do Poder P\u00fablico na preven\u00e7\u00e3o da Dengue e das outras doen\u00e7as transmitidas pelo mosquito e a conscientiza\u00e7\u00e3o nas Escolas, juntos aos alunos, \u00e9 de fundamental import\u00e2ncia\u201d, acrescenta o Prefeito.<\/p>\n<\/article>\n<section class=\"post-gallery gallery-photos gallery__container\" data-gallery=\"\"><a class=\"photo gallery__item\" href=\"https:\/\/ecrie.com.br\/sistema\/conteudos\/imagem\/g_62_0_9_13032024144032.jpeg\" target=\"_blank\" rel=\"noopener\"><img decoding=\"async\" class=\"photo-image gallery__img\" src=\"https:\/\/ecrie.com.br\/sistema\/conteudos\/imagem\/p_62_0_9_13032024144032.jpeg\" alt=\"WhatsApp Image 2024-03-13 at 14.23.38\" \/><\/a><a class=\"photo gallery__item\" href=\"https:\/\/ecrie.com.br\/sistema\/conteudos\/imagem\/g_62_1_8_13032024144032.jpeg\" target=\"_blank\" rel=\"noopener\"><img decoding=\"async\" class=\"photo-image gallery__img\" src=\"https:\/\/ecrie.com.br\/sistema\/conteudos\/imagem\/p_62_1_8_13032024144032.jpeg\" alt=\"WhatsApp Image 2024-03-13 at 14.23.40 (1)\" \/><\/a><a class=\"photo gallery__item\" href=\"https:\/\/ecrie.com.br\/sistema\/conteudos\/imagem\/g_62_2_7_13032024144032.jpeg\" target=\"_blank\" rel=\"noopener\"><img decoding=\"async\" class=\"photo-image gallery__img\" src=\"https:\/\/ecrie.com.br\/sistema\/conteudos\/imagem\/p_62_2_7_13032024144032.jpeg\" alt=\"WhatsApp Image 2024-03-13 at 14.23.40 (2)\" \/><\/a><a class=\"photo gallery__item\" href=\"https:\/\/ecrie.com.br\/sistema\/conteudos\/imagem\/g_62_3_6_13032024144032.jpeg\" target=\"_blank\" rel=\"noopener\"><img decoding=\"async\" class=\"photo-image gallery__img\" src=\"https:\/\/ecrie.com.br\/sistema\/conteudos\/imagem\/p_62_3_6_13032024144032.jpeg\" alt=\"WhatsApp Image 2024-03-13 at 14.23.40 (3)\" \/><\/a><a class=\"photo gallery__item\" href=\"https:\/\/ecrie.com.br\/sistema\/conteudos\/imagem\/g_62_4_5_13032024144032.jpeg\" target=\"_blank\" rel=\"noopener\"><img decoding=\"async\" class=\"photo-image gallery__img\" src=\"https:\/\/ecrie.com.br\/sistema\/conteudos\/imagem\/p_62_4_5_13032024144032.jpeg\" alt=\"WhatsApp Image 2024-03-13 at 14.23.40 (4)\" \/><\/a><a class=\"photo gallery__item\" href=\"https:\/\/ecrie.com.br\/sistema\/conteudos\/imagem\/g_62_5_4_13032024144032.jpeg\" target=\"_blank\" rel=\"noopener\"><img decoding=\"async\" class=\"photo-image gallery__img\" src=\"https:\/\/ecrie.com.br\/sistema\/conteudos\/imagem\/p_62_5_4_13032024144032.jpeg\" alt=\"WhatsApp Image 2024-03-13 at 14.23.40 (5)\" \/><\/a><a class=\"photo gallery__item\" href=\"https:\/\/ecrie.com.br\/sistema\/conteudos\/imagem\/g_62_6_3_13032024144032.jpeg\" target=\"_blank\" rel=\"noopener\"><img decoding=\"async\" class=\"photo-image gallery__img\" src=\"https:\/\/ecrie.com.br\/sistema\/conteudos\/imagem\/p_62_6_3_13032024144032.jpeg\" alt=\"WhatsApp Image 2024-03-13 at 14.23.40 (6)\" \/><\/a><a class=\"photo gallery__item\" href=\"https:\/\/ecrie.com.br\/sistema\/conteudos\/imagem\/g_62_8_1_13032024144032.jpeg\" target=\"_blank\" rel=\"noopener\"><img decoding=\"async\" class=\"photo-image gallery__img\" src=\"https:\/\/ecrie.com.br\/sistema\/conteudos\/imagem\/p_62_8_1_13032024144032.jpeg\" alt=\"WhatsApp Image 2024-03-13 at 14.23.40\" \/><\/a><\/section>\n<\/div>\n<hr \/>\n<aside class=\"post-aside noPrint\">\n<header class=\"page-heading\"><\/header>\n<\/aside>\n<\/section>\n<\/div>\n<\/div>\n<\/section>\n<\/section>\n<div id=\"cookie-container\" class=\"cookie\">\n<p>&nbsp;<\/p>\n<\/div>\n","protected":false},"excerpt":{"rendered":"<p>A Prefeitura Municipal de Colina, por meio da parceria entre<\/p>\n","protected":false},"author":2,"featured_media":102481,"comment_status":"open","ping_status":"open","sticky":false,"template":"","format":"standard","meta":{"footnotes":""},"categories":[5,111],"tags":[],"class_list":["post-102480","post","type-post","status-publish","format-standard","has-post-thumbnail","hentry","category-colina","category-cotidiano"],"yoast_head":"<!-- This site is optimized with the Yoast SEO plugin v27.4 - https:\/\/yoast.com\/product\/yoast-seo-wordpress\/ -->\n<title>Colina realiza Semana de Preven\u00e7\u00e3o no Combate \u00e0 Dengue nas Escolas Municipais - Regi\u00e3o News<\/title>\n<meta name=\"robots\" content=\"index, follow, max-snippet:-1, max-image-preview:large, max-video-preview:-1\" \/>\n<link rel=\"canonical\" href=\"https:\/\/regiaonews.net.br\/2022\/2024\/03\/16\/colina-realiza-semana-de-prevencao-no-combate-a-dengue-nas-escolas-municipais\/\" \/>\n<meta property=\"og:locale\" content=\"pt_BR\" \/>\n<meta property=\"og:type\" content=\"article\" \/>\n<meta property=\"og:title\" content=\"Colina realiza Semana de Preven\u00e7\u00e3o no Combate \u00e0 Dengue nas Escolas Municipais - Regi\u00e3o News\" \/>\n<meta property=\"og:description\" content=\"A Prefeitura Municipal de Colina, por meio da parceria entre\" \/>\n<meta property=\"og:url\" content=\"https:\/\/regiaonews.net.br\/2022\/2024\/03\/16\/colina-realiza-semana-de-prevencao-no-combate-a-dengue-nas-escolas-municipais\/\" \/>\n<meta property=\"og:site_name\" content=\"Regi\u00e3o News\" \/>\n<meta property=\"article:published_time\" content=\"2024-03-16T05:26:12+00:00\" \/>\n<meta property=\"og:image\" content=\"https:\/\/regiaonews.net.br\/2022\/wp-content\/uploads\/2024\/03\/g_62_1_8_13032024144032.jpeg\" \/>\n\t<meta property=\"og:image:width\" content=\"1600\" \/>\n\t<meta property=\"og:image:height\" content=\"1600\" \/>\n\t<meta property=\"og:image:type\" content=\"image\/jpeg\" \/>\n<meta name=\"author\" content=\"Roberto\" \/>\n<meta name=\"twitter:card\" content=\"summary_large_image\" \/>\n<meta name=\"twitter:label1\" content=\"Escrito por\" \/>\n\t<meta name=\"twitter:data1\" content=\"Roberto\" \/>\n\t<meta name=\"twitter:label2\" content=\"Est. tempo de leitura\" \/>\n\t<meta name=\"twitter:data2\" content=\"4 minutos\" \/>\n<script type=\"application\/ld+json\" class=\"yoast-schema-graph\">{\"@context\":\"https:\\\/\\\/schema.org\",\"@graph\":[{\"@type\":\"Article\",\"@id\":\"https:\\\/\\\/regiaonews.net.br\\\/2022\\\/2024\\\/03\\\/16\\\/colina-realiza-semana-de-prevencao-no-combate-a-dengue-nas-escolas-municipais\\\/#article\",\"isPartOf\":{\"@id\":\"https:\\\/\\\/regiaonews.net.br\\\/2022\\\/2024\\\/03\\\/16\\\/colina-realiza-semana-de-prevencao-no-combate-a-dengue-nas-escolas-municipais\\\/\"},\"author\":{\"name\":\"Roberto\",\"@id\":\"https:\\\/\\\/regiaonews.net.br\\\/2022\\\/#\\\/schema\\\/person\\\/2d205a608a5aa97ac279d7a5e6d89ad8\"},\"headline\":\"Colina realiza Semana de Preven\u00e7\u00e3o no Combate \u00e0 Dengue nas Escolas Municipais\",\"datePublished\":\"2024-03-16T05:26:12+00:00\",\"mainEntityOfPage\":{\"@id\":\"https:\\\/\\\/regiaonews.net.br\\\/2022\\\/2024\\\/03\\\/16\\\/colina-realiza-semana-de-prevencao-no-combate-a-dengue-nas-escolas-municipais\\\/\"},\"wordCount\":441,\"commentCount\":0,\"publisher\":{\"@id\":\"https:\\\/\\\/regiaonews.net.br\\\/2022\\\/#organization\"},\"image\":{\"@id\":\"https:\\\/\\\/regiaonews.net.br\\\/2022\\\/2024\\\/03\\\/16\\\/colina-realiza-semana-de-prevencao-no-combate-a-dengue-nas-escolas-municipais\\\/#primaryimage\"},\"thumbnailUrl\":\"https:\\\/\\\/regiaonews.net.br\\\/2022\\\/wp-content\\\/uploads\\\/2024\\\/03\\\/g_62_1_8_13032024144032.jpeg\",\"articleSection\":[\"Colina\",\"Cotidiano\"],\"inLanguage\":\"pt-BR\",\"potentialAction\":[{\"@type\":\"CommentAction\",\"name\":\"Comment\",\"target\":[\"https:\\\/\\\/regiaonews.net.br\\\/2022\\\/2024\\\/03\\\/16\\\/colina-realiza-semana-de-prevencao-no-combate-a-dengue-nas-escolas-municipais\\\/#respond\"]}]},{\"@type\":\"WebPage\",\"@id\":\"https:\\\/\\\/regiaonews.net.br\\\/2022\\\/2024\\\/03\\\/16\\\/colina-realiza-semana-de-prevencao-no-combate-a-dengue-nas-escolas-municipais\\\/\",\"url\":\"https:\\\/\\\/regiaonews.net.br\\\/2022\\\/2024\\\/03\\\/16\\\/colina-realiza-semana-de-prevencao-no-combate-a-dengue-nas-escolas-municipais\\\/\",\"name\":\"Colina realiza Semana de Preven\u00e7\u00e3o no Combate \u00e0 Dengue nas Escolas Municipais - Regi\u00e3o News\",\"isPartOf\":{\"@id\":\"https:\\\/\\\/regiaonews.net.br\\\/2022\\\/#website\"},\"primaryImageOfPage\":{\"@id\":\"https:\\\/\\\/regiaonews.net.br\\\/2022\\\/2024\\\/03\\\/16\\\/colina-realiza-semana-de-prevencao-no-combate-a-dengue-nas-escolas-municipais\\\/#primaryimage\"},\"image\":{\"@id\":\"https:\\\/\\\/regiaonews.net.br\\\/2022\\\/2024\\\/03\\\/16\\\/colina-realiza-semana-de-prevencao-no-combate-a-dengue-nas-escolas-municipais\\\/#primaryimage\"},\"thumbnailUrl\":\"https:\\\/\\\/regiaonews.net.br\\\/2022\\\/wp-content\\\/uploads\\\/2024\\\/03\\\/g_62_1_8_13032024144032.jpeg\",\"datePublished\":\"2024-03-16T05:26:12+00:00\",\"breadcrumb\":{\"@id\":\"https:\\\/\\\/regiaonews.net.br\\\/2022\\\/2024\\\/03\\\/16\\\/colina-realiza-semana-de-prevencao-no-combate-a-dengue-nas-escolas-municipais\\\/#breadcrumb\"},\"inLanguage\":\"pt-BR\",\"potentialAction\":[{\"@type\":\"ReadAction\",\"target\":[\"https:\\\/\\\/regiaonews.net.br\\\/2022\\\/2024\\\/03\\\/16\\\/colina-realiza-semana-de-prevencao-no-combate-a-dengue-nas-escolas-municipais\\\/\"]}]},{\"@type\":\"ImageObject\",\"inLanguage\":\"pt-BR\",\"@id\":\"https:\\\/\\\/regiaonews.net.br\\\/2022\\\/2024\\\/03\\\/16\\\/colina-realiza-semana-de-prevencao-no-combate-a-dengue-nas-escolas-municipais\\\/#primaryimage\",\"url\":\"https:\\\/\\\/regiaonews.net.br\\\/2022\\\/wp-content\\\/uploads\\\/2024\\\/03\\\/g_62_1_8_13032024144032.jpeg\",\"contentUrl\":\"https:\\\/\\\/regiaonews.net.br\\\/2022\\\/wp-content\\\/uploads\\\/2024\\\/03\\\/g_62_1_8_13032024144032.jpeg\",\"width\":1600,\"height\":1600},{\"@type\":\"BreadcrumbList\",\"@id\":\"https:\\\/\\\/regiaonews.net.br\\\/2022\\\/2024\\\/03\\\/16\\\/colina-realiza-semana-de-prevencao-no-combate-a-dengue-nas-escolas-municipais\\\/#breadcrumb\",\"itemListElement\":[{\"@type\":\"ListItem\",\"position\":1,\"name\":\"In\u00edcio\",\"item\":\"https:\\\/\\\/regiaonews.net.br\\\/2022\\\/\"},{\"@type\":\"ListItem\",\"position\":2,\"name\":\"Colina realiza Semana de Preven\u00e7\u00e3o no Combate \u00e0 Dengue nas Escolas Municipais\"}]},{\"@type\":\"WebSite\",\"@id\":\"https:\\\/\\\/regiaonews.net.br\\\/2022\\\/#website\",\"url\":\"https:\\\/\\\/regiaonews.net.br\\\/2022\\\/\",\"name\":\"Regi\u00e3o News\",\"description\":\"Site de Not\u00edcias de Barretos e regi\u00e3o\",\"publisher\":{\"@id\":\"https:\\\/\\\/regiaonews.net.br\\\/2022\\\/#organization\"},\"potentialAction\":[{\"@type\":\"SearchAction\",\"target\":{\"@type\":\"EntryPoint\",\"urlTemplate\":\"https:\\\/\\\/regiaonews.net.br\\\/2022\\\/?s={search_term_string}\"},\"query-input\":{\"@type\":\"PropertyValueSpecification\",\"valueRequired\":true,\"valueName\":\"search_term_string\"}}],\"inLanguage\":\"pt-BR\"},{\"@type\":\"Organization\",\"@id\":\"https:\\\/\\\/regiaonews.net.br\\\/2022\\\/#organization\",\"name\":\"Regi\u00e3o News\",\"url\":\"https:\\\/\\\/regiaonews.net.br\\\/2022\\\/\",\"logo\":{\"@type\":\"ImageObject\",\"inLanguage\":\"pt-BR\",\"@id\":\"https:\\\/\\\/regiaonews.net.br\\\/2022\\\/#\\\/schema\\\/logo\\\/image\\\/\",\"url\":\"https:\\\/\\\/regiaonews.net.br\\\/2022\\\/wp-content\\\/uploads\\\/2026\\\/03\\\/regiao-13-anos-scaled.jpg\",\"contentUrl\":\"https:\\\/\\\/regiaonews.net.br\\\/2022\\\/wp-content\\\/uploads\\\/2026\\\/03\\\/regiao-13-anos-scaled.jpg\",\"width\":2560,\"height\":635,\"caption\":\"Regi\u00e3o News\"},\"image\":{\"@id\":\"https:\\\/\\\/regiaonews.net.br\\\/2022\\\/#\\\/schema\\\/logo\\\/image\\\/\"}},{\"@type\":\"Person\",\"@id\":\"https:\\\/\\\/regiaonews.net.br\\\/2022\\\/#\\\/schema\\\/person\\\/2d205a608a5aa97ac279d7a5e6d89ad8\",\"name\":\"Roberto\",\"image\":{\"@type\":\"ImageObject\",\"inLanguage\":\"pt-BR\",\"@id\":\"https:\\\/\\\/secure.gravatar.com\\\/avatar\\\/42749d8b712ff9d59ca93dc150494e5b55a44134482993f5baeb97e61b7ecc89?s=96&d=mm&r=g\",\"url\":\"https:\\\/\\\/secure.gravatar.com\\\/avatar\\\/42749d8b712ff9d59ca93dc150494e5b55a44134482993f5baeb97e61b7ecc89?s=96&d=mm&r=g\",\"contentUrl\":\"https:\\\/\\\/secure.gravatar.com\\\/avatar\\\/42749d8b712ff9d59ca93dc150494e5b55a44134482993f5baeb97e61b7ecc89?s=96&d=mm&r=g\",\"caption\":\"Roberto\"},\"url\":\"https:\\\/\\\/regiaonews.net.br\\\/2022\\\/author\\\/roberto\\\/\"}]}<\/script>\n<!-- \/ Yoast SEO plugin. -->","yoast_head_json":{"title":"Colina realiza Semana de Preven\u00e7\u00e3o no Combate \u00e0 Dengue nas Escolas Municipais - Regi\u00e3o News","robots":{"index":"index","follow":"follow","max-snippet":"max-snippet:-1","max-image-preview":"max-image-preview:large","max-video-preview":"max-video-preview:-1"},"canonical":"https:\/\/regiaonews.net.br\/2022\/2024\/03\/16\/colina-realiza-semana-de-prevencao-no-combate-a-dengue-nas-escolas-municipais\/","og_locale":"pt_BR","og_type":"article","og_title":"Colina realiza Semana de Preven\u00e7\u00e3o no Combate \u00e0 Dengue nas Escolas Municipais - Regi\u00e3o News","og_description":"A Prefeitura Municipal de Colina, por meio da parceria entre","og_url":"https:\/\/regiaonews.net.br\/2022\/2024\/03\/16\/colina-realiza-semana-de-prevencao-no-combate-a-dengue-nas-escolas-municipais\/","og_site_name":"Regi\u00e3o News","article_published_time":"2024-03-16T05:26:12+00:00","og_image":[{"width":1600,"height":1600,"url":"https:\/\/regiaonews.net.br\/2022\/wp-content\/uploads\/2024\/03\/g_62_1_8_13032024144032.jpeg","type":"image\/jpeg"}],"author":"Roberto","twitter_card":"summary_large_image","twitter_misc":{"Escrito por":"Roberto","Est. tempo de leitura":"4 minutos"},"schema":{"@context":"https:\/\/schema.org","@graph":[{"@type":"Article","@id":"https:\/\/regiaonews.net.br\/2022\/2024\/03\/16\/colina-realiza-semana-de-prevencao-no-combate-a-dengue-nas-escolas-municipais\/#article","isPartOf":{"@id":"https:\/\/regiaonews.net.br\/2022\/2024\/03\/16\/colina-realiza-semana-de-prevencao-no-combate-a-dengue-nas-escolas-municipais\/"},"author":{"name":"Roberto","@id":"https:\/\/regiaonews.net.br\/2022\/#\/schema\/person\/2d205a608a5aa97ac279d7a5e6d89ad8"},"headline":"Colina realiza Semana de Preven\u00e7\u00e3o no Combate \u00e0 Dengue nas Escolas Municipais","datePublished":"2024-03-16T05:26:12+00:00","mainEntityOfPage":{"@id":"https:\/\/regiaonews.net.br\/2022\/2024\/03\/16\/colina-realiza-semana-de-prevencao-no-combate-a-dengue-nas-escolas-municipais\/"},"wordCount":441,"commentCount":0,"publisher":{"@id":"https:\/\/regiaonews.net.br\/2022\/#organization"},"image":{"@id":"https:\/\/regiaonews.net.br\/2022\/2024\/03\/16\/colina-realiza-semana-de-prevencao-no-combate-a-dengue-nas-escolas-municipais\/#primaryimage"},"thumbnailUrl":"https:\/\/regiaonews.net.br\/2022\/wp-content\/uploads\/2024\/03\/g_62_1_8_13032024144032.jpeg","articleSection":["Colina","Cotidiano"],"inLanguage":"pt-BR","potentialAction":[{"@type":"CommentAction","name":"Comment","target":["https:\/\/regiaonews.net.br\/2022\/2024\/03\/16\/colina-realiza-semana-de-prevencao-no-combate-a-dengue-nas-escolas-municipais\/#respond"]}]},{"@type":"WebPage","@id":"https:\/\/regiaonews.net.br\/2022\/2024\/03\/16\/colina-realiza-semana-de-prevencao-no-combate-a-dengue-nas-escolas-municipais\/","url":"https:\/\/regiaonews.net.br\/2022\/2024\/03\/16\/colina-realiza-semana-de-prevencao-no-combate-a-dengue-nas-escolas-municipais\/","name":"Colina realiza Semana de Preven\u00e7\u00e3o no Combate \u00e0 Dengue nas Escolas Municipais - Regi\u00e3o News","isPartOf":{"@id":"https:\/\/regiaonews.net.br\/2022\/#website"},"primaryImageOfPage":{"@id":"https:\/\/regiaonews.net.br\/2022\/2024\/03\/16\/colina-realiza-semana-de-prevencao-no-combate-a-dengue-nas-escolas-municipais\/#primaryimage"},"image":{"@id":"https:\/\/regiaonews.net.br\/2022\/2024\/03\/16\/colina-realiza-semana-de-prevencao-no-combate-a-dengue-nas-escolas-municipais\/#primaryimage"},"thumbnailUrl":"https:\/\/regiaonews.net.br\/2022\/wp-content\/uploads\/2024\/03\/g_62_1_8_13032024144032.jpeg","datePublished":"2024-03-16T05:26:12+00:00","breadcrumb":{"@id":"https:\/\/regiaonews.net.br\/2022\/2024\/03\/16\/colina-realiza-semana-de-prevencao-no-combate-a-dengue-nas-escolas-municipais\/#breadcrumb"},"inLanguage":"pt-BR","potentialAction":[{"@type":"ReadAction","target":["https:\/\/regiaonews.net.br\/2022\/2024\/03\/16\/colina-realiza-semana-de-prevencao-no-combate-a-dengue-nas-escolas-municipais\/"]}]},{"@type":"ImageObject","inLanguage":"pt-BR","@id":"https:\/\/regiaonews.net.br\/2022\/2024\/03\/16\/colina-realiza-semana-de-prevencao-no-combate-a-dengue-nas-escolas-municipais\/#primaryimage","url":"https:\/\/regiaonews.net.br\/2022\/wp-content\/uploads\/2024\/03\/g_62_1_8_13032024144032.jpeg","contentUrl":"https:\/\/regiaonews.net.br\/2022\/wp-content\/uploads\/2024\/03\/g_62_1_8_13032024144032.jpeg","width":1600,"height":1600},{"@type":"BreadcrumbList","@id":"https:\/\/regiaonews.net.br\/2022\/2024\/03\/16\/colina-realiza-semana-de-prevencao-no-combate-a-dengue-nas-escolas-municipais\/#breadcrumb","itemListElement":[{"@type":"ListItem","position":1,"name":"In\u00edcio","item":"https:\/\/regiaonews.net.br\/2022\/"},{"@type":"ListItem","position":2,"name":"Colina realiza Semana de Preven\u00e7\u00e3o no Combate \u00e0 Dengue nas Escolas Municipais"}]},{"@type":"WebSite","@id":"https:\/\/regiaonews.net.br\/2022\/#website","url":"https:\/\/regiaonews.net.br\/2022\/","name":"Regi\u00e3o News","description":"Site de Not\u00edcias de Barretos e regi\u00e3o","publisher":{"@id":"https:\/\/regiaonews.net.br\/2022\/#organization"},"potentialAction":[{"@type":"SearchAction","target":{"@type":"EntryPoint","urlTemplate":"https:\/\/regiaonews.net.br\/2022\/?s={search_term_string}"},"query-input":{"@type":"PropertyValueSpecification","valueRequired":true,"valueName":"search_term_string"}}],"inLanguage":"pt-BR"},{"@type":"Organization","@id":"https:\/\/regiaonews.net.br\/2022\/#organization","name":"Regi\u00e3o News","url":"https:\/\/regiaonews.net.br\/2022\/","logo":{"@type":"ImageObject","inLanguage":"pt-BR","@id":"https:\/\/regiaonews.net.br\/2022\/#\/schema\/logo\/image\/","url":"https:\/\/regiaonews.net.br\/2022\/wp-content\/uploads\/2026\/03\/regiao-13-anos-scaled.jpg","contentUrl":"https:\/\/regiaonews.net.br\/2022\/wp-content\/uploads\/2026\/03\/regiao-13-anos-scaled.jpg","width":2560,"height":635,"caption":"Regi\u00e3o News"},"image":{"@id":"https:\/\/regiaonews.net.br\/2022\/#\/schema\/logo\/image\/"}},{"@type":"Person","@id":"https:\/\/regiaonews.net.br\/2022\/#\/schema\/person\/2d205a608a5aa97ac279d7a5e6d89ad8","name":"Roberto","image":{"@type":"ImageObject","inLanguage":"pt-BR","@id":"https:\/\/secure.gravatar.com\/avatar\/42749d8b712ff9d59ca93dc150494e5b55a44134482993f5baeb97e61b7ecc89?s=96&d=mm&r=g","url":"https:\/\/secure.gravatar.com\/avatar\/42749d8b712ff9d59ca93dc150494e5b55a44134482993f5baeb97e61b7ecc89?s=96&d=mm&r=g","contentUrl":"https:\/\/secure.gravatar.com\/avatar\/42749d8b712ff9d59ca93dc150494e5b55a44134482993f5baeb97e61b7ecc89?s=96&d=mm&r=g","caption":"Roberto"},"url":"https:\/\/regiaonews.net.br\/2022\/author\/roberto\/"}]}},"publishpress_future_action":{"enabled":false,"date":"2026-05-04 09:43:46","action":"change-status","newStatus":"draft","terms":[],"taxonomy":"category","extraData":[]},"publishpress_future_workflow_manual_trigger":{"enabledWorkflows":[]},"_links":{"self":[{"href":"https:\/\/regiaonews.net.br\/2022\/wp-json\/wp\/v2\/posts\/102480","targetHints":{"allow":["GET"]}}],"collection":[{"href":"https:\/\/regiaonews.net.br\/2022\/wp-json\/wp\/v2\/posts"}],"about":[{"href":"https:\/\/regiaonews.net.br\/2022\/wp-json\/wp\/v2\/types\/post"}],"author":[{"embeddable":true,"href":"https:\/\/regiaonews.net.br\/2022\/wp-json\/wp\/v2\/users\/2"}],"replies":[{"embeddable":true,"href":"https:\/\/regiaonews.net.br\/2022\/wp-json\/wp\/v2\/comments?post=102480"}],"version-history":[{"count":1,"href":"https:\/\/regiaonews.net.br\/2022\/wp-json\/wp\/v2\/posts\/102480\/revisions"}],"predecessor-version":[{"id":102482,"href":"https:\/\/regiaonews.net.br\/2022\/wp-json\/wp\/v2\/posts\/102480\/revisions\/102482"}],"wp:featuredmedia":[{"embeddable":true,"href":"https:\/\/regiaonews.net.br\/2022\/wp-json\/wp\/v2\/media\/102481"}],"wp:attachment":[{"href":"https:\/\/regiaonews.net.br\/2022\/wp-json\/wp\/v2\/media?parent=102480"}],"wp:term":[{"taxonomy":"category","embeddable":true,"href":"https:\/\/regiaonews.net.br\/2022\/wp-json\/wp\/v2\/categories?post=102480"},{"taxonomy":"post_tag","embeddable":true,"href":"https:\/\/regiaonews.net.br\/2022\/wp-json\/wp\/v2\/tags?post=102480"}],"curies":[{"name":"wp","href":"https:\/\/api.w.org\/{rel}","templated":true}]}}