{"id":102428,"date":"2024-03-15T11:45:18","date_gmt":"2024-03-15T14:45:18","guid":{"rendered":"https:\/\/regiaonews.net.br\/2022\/?p=102428"},"modified":"2024-03-15T11:45:18","modified_gmt":"2024-03-15T14:45:18","slug":"empresa-segue-recebendo-curriculos-apos-feirao-de-empregos","status":"publish","type":"post","link":"https:\/\/regiaonews.net.br\/2022\/2024\/03\/15\/empresa-segue-recebendo-curriculos-apos-feirao-de-empregos\/","title":{"rendered":"Empresa segue recebendo curr\u00edculos ap\u00f3s Feir\u00e3o de Empregos"},"content":{"rendered":"<p>O Feir\u00e3o de Empregos realizado ontem, em parceria com a Secretaria de Ind\u00fastria e Com\u00e9rcio, na antiga sede da Prefeitura na rua 30, recebeu 84 trabalhadores que se colocaram \u00e0 disposi\u00e7\u00e3o do Barretos Country Park Resort que ofereceu 80 vagas de trabalho em v\u00e1rios setores da empresa e para a obras de amplia\u00e7\u00e3o da unidade. De acordo com a analista de Recursos Humanos, Beatriz Batista Buzeto, no feir\u00e3o foram oferecidas vagas fixas com registro, al\u00e9m vagas intermitentes e a modalidade de PJ para o setor de vendas. \u201cQuem n\u00e3o veio ao Feir\u00e3o podem entregar o curr\u00edculo na portaria do Barretos Country ou atrav\u00e9s do WhatsAppp (17) 99197-9682\u201d, afirmou Beatriz<br \/>\nDe acordo com a equipe de RH, a maior dificuldade que a empresa encontra \u00e9 da falta de trabalhadores para atuar nos finais de semana. \u201cO pessoal prefere trabalhar de segunda a sexta e como somos uma Est\u00e2ncia Tur\u00edstica, estamos tentando implantar essa cultura de trabalhar no setor de hotelaria, que a nossa maior demanda \u00e9 aos finais de semana\u201d, explicou.<br \/>\nUm dos trabalhadores que compareceu ao Feir\u00e3o de Empregos, foi o jovem Ulisses de Almeida Neto, 18 anos, que compareceu com o sonho de conseguir o primeiro emprego. \u201cEu n\u00e3o trabalhei e tenho bastante interesse. Eu sai recentemente da Funda\u00e7\u00e3o, agora quero concluir os estudos e ficar bem pr\u00f3ximo da minha fam\u00edlia\u201d, afirmou.<br \/>\nCom 20 anos, a desempregada Elen Victoria, compareceu ao Feir\u00e3o de Empregos sonhando com um emprego. \u201cEstou parada a dois meses, procurando algo mais espec\u00edfico na minha \u00e1rea, j\u00e1 que fa\u00e7o curso de t\u00e9cnico de Administra\u00e7\u00e3o. Qualquer oportunidade que vai surgindo a gente est\u00e1 aqui tentando e n\u00e3o desistindo\u201d,\u00a0disse\u00a0a\u00a0jovem.<\/p>\n<p>Foto \u2013 Trabalhadores durante entrevista de trabalho no Feir\u00e3o<\/p>\n","protected":false},"excerpt":{"rendered":"<p>O Feir\u00e3o de Empregos realizado ontem, em parceria com a<\/p>\n","protected":false},"author":2,"featured_media":67,"comment_status":"open","ping_status":"open","sticky":false,"template":"","format":"standard","meta":{"footnotes":""},"categories":[14,3],"tags":[],"class_list":["post-102428","post","type-post","status-publish","format-standard","has-post-thumbnail","hentry","category-barretos","category-geral"],"yoast_head":"<!-- This site is optimized with the Yoast SEO plugin v27.4 - https:\/\/yoast.com\/product\/yoast-seo-wordpress\/ -->\n<title>Empresa segue recebendo curr\u00edculos ap\u00f3s Feir\u00e3o de Empregos - Regi\u00e3o News<\/title>\n<meta name=\"robots\" content=\"index, follow, max-snippet:-1, max-image-preview:large, max-video-preview:-1\" \/>\n<link rel=\"canonical\" href=\"https:\/\/regiaonews.net.br\/2022\/2024\/03\/15\/empresa-segue-recebendo-curriculos-apos-feirao-de-empregos\/\" \/>\n<meta property=\"og:locale\" content=\"pt_BR\" \/>\n<meta property=\"og:type\" content=\"article\" \/>\n<meta property=\"og:title\" content=\"Empresa segue recebendo curr\u00edculos ap\u00f3s Feir\u00e3o de Empregos - Regi\u00e3o News\" \/>\n<meta property=\"og:description\" content=\"O Feir\u00e3o de Empregos realizado ontem, em parceria com a\" \/>\n<meta property=\"og:url\" content=\"https:\/\/regiaonews.net.br\/2022\/2024\/03\/15\/empresa-segue-recebendo-curriculos-apos-feirao-de-empregos\/\" \/>\n<meta property=\"og:site_name\" content=\"Regi\u00e3o News\" \/>\n<meta property=\"article:published_time\" content=\"2024-03-15T14:45:18+00:00\" \/>\n<meta property=\"og:image\" content=\"https:\/\/regiaonews.net.br\/2022\/wp-content\/uploads\/2016\/10\/emprego.jpg\" \/>\n\t<meta property=\"og:image:width\" content=\"600\" \/>\n\t<meta property=\"og:image:height\" content=\"333\" \/>\n\t<meta property=\"og:image:type\" content=\"image\/jpeg\" \/>\n<meta name=\"author\" content=\"Roberto\" \/>\n<meta name=\"twitter:card\" content=\"summary_large_image\" \/>\n<meta name=\"twitter:label1\" content=\"Escrito por\" \/>\n\t<meta name=\"twitter:data1\" content=\"Roberto\" \/>\n\t<meta name=\"twitter:label2\" content=\"Est. tempo de leitura\" \/>\n\t<meta name=\"twitter:data2\" content=\"2 minutos\" \/>\n<script type=\"application\/ld+json\" class=\"yoast-schema-graph\">{\"@context\":\"https:\\\/\\\/schema.org\",\"@graph\":[{\"@type\":\"Article\",\"@id\":\"https:\\\/\\\/regiaonews.net.br\\\/2022\\\/2024\\\/03\\\/15\\\/empresa-segue-recebendo-curriculos-apos-feirao-de-empregos\\\/#article\",\"isPartOf\":{\"@id\":\"https:\\\/\\\/regiaonews.net.br\\\/2022\\\/2024\\\/03\\\/15\\\/empresa-segue-recebendo-curriculos-apos-feirao-de-empregos\\\/\"},\"author\":{\"name\":\"Roberto\",\"@id\":\"https:\\\/\\\/regiaonews.net.br\\\/2022\\\/#\\\/schema\\\/person\\\/2d205a608a5aa97ac279d7a5e6d89ad8\"},\"headline\":\"Empresa segue recebendo curr\u00edculos ap\u00f3s Feir\u00e3o de Empregos\",\"datePublished\":\"2024-03-15T14:45:18+00:00\",\"mainEntityOfPage\":{\"@id\":\"https:\\\/\\\/regiaonews.net.br\\\/2022\\\/2024\\\/03\\\/15\\\/empresa-segue-recebendo-curriculos-apos-feirao-de-empregos\\\/\"},\"wordCount\":311,\"commentCount\":0,\"publisher\":{\"@id\":\"https:\\\/\\\/regiaonews.net.br\\\/2022\\\/#organization\"},\"image\":{\"@id\":\"https:\\\/\\\/regiaonews.net.br\\\/2022\\\/2024\\\/03\\\/15\\\/empresa-segue-recebendo-curriculos-apos-feirao-de-empregos\\\/#primaryimage\"},\"thumbnailUrl\":\"https:\\\/\\\/regiaonews.net.br\\\/2022\\\/wp-content\\\/uploads\\\/2016\\\/10\\\/emprego.jpg\",\"articleSection\":[\"Barretos\",\"Geral\"],\"inLanguage\":\"pt-BR\",\"potentialAction\":[{\"@type\":\"CommentAction\",\"name\":\"Comment\",\"target\":[\"https:\\\/\\\/regiaonews.net.br\\\/2022\\\/2024\\\/03\\\/15\\\/empresa-segue-recebendo-curriculos-apos-feirao-de-empregos\\\/#respond\"]}]},{\"@type\":\"WebPage\",\"@id\":\"https:\\\/\\\/regiaonews.net.br\\\/2022\\\/2024\\\/03\\\/15\\\/empresa-segue-recebendo-curriculos-apos-feirao-de-empregos\\\/\",\"url\":\"https:\\\/\\\/regiaonews.net.br\\\/2022\\\/2024\\\/03\\\/15\\\/empresa-segue-recebendo-curriculos-apos-feirao-de-empregos\\\/\",\"name\":\"Empresa segue recebendo curr\u00edculos ap\u00f3s Feir\u00e3o de Empregos - Regi\u00e3o News\",\"isPartOf\":{\"@id\":\"https:\\\/\\\/regiaonews.net.br\\\/2022\\\/#website\"},\"primaryImageOfPage\":{\"@id\":\"https:\\\/\\\/regiaonews.net.br\\\/2022\\\/2024\\\/03\\\/15\\\/empresa-segue-recebendo-curriculos-apos-feirao-de-empregos\\\/#primaryimage\"},\"image\":{\"@id\":\"https:\\\/\\\/regiaonews.net.br\\\/2022\\\/2024\\\/03\\\/15\\\/empresa-segue-recebendo-curriculos-apos-feirao-de-empregos\\\/#primaryimage\"},\"thumbnailUrl\":\"https:\\\/\\\/regiaonews.net.br\\\/2022\\\/wp-content\\\/uploads\\\/2016\\\/10\\\/emprego.jpg\",\"datePublished\":\"2024-03-15T14:45:18+00:00\",\"breadcrumb\":{\"@id\":\"https:\\\/\\\/regiaonews.net.br\\\/2022\\\/2024\\\/03\\\/15\\\/empresa-segue-recebendo-curriculos-apos-feirao-de-empregos\\\/#breadcrumb\"},\"inLanguage\":\"pt-BR\",\"potentialAction\":[{\"@type\":\"ReadAction\",\"target\":[\"https:\\\/\\\/regiaonews.net.br\\\/2022\\\/2024\\\/03\\\/15\\\/empresa-segue-recebendo-curriculos-apos-feirao-de-empregos\\\/\"]}]},{\"@type\":\"ImageObject\",\"inLanguage\":\"pt-BR\",\"@id\":\"https:\\\/\\\/regiaonews.net.br\\\/2022\\\/2024\\\/03\\\/15\\\/empresa-segue-recebendo-curriculos-apos-feirao-de-empregos\\\/#primaryimage\",\"url\":\"https:\\\/\\\/regiaonews.net.br\\\/2022\\\/wp-content\\\/uploads\\\/2016\\\/10\\\/emprego.jpg\",\"contentUrl\":\"https:\\\/\\\/regiaonews.net.br\\\/2022\\\/wp-content\\\/uploads\\\/2016\\\/10\\\/emprego.jpg\",\"width\":600,\"height\":333},{\"@type\":\"BreadcrumbList\",\"@id\":\"https:\\\/\\\/regiaonews.net.br\\\/2022\\\/2024\\\/03\\\/15\\\/empresa-segue-recebendo-curriculos-apos-feirao-de-empregos\\\/#breadcrumb\",\"itemListElement\":[{\"@type\":\"ListItem\",\"position\":1,\"name\":\"In\u00edcio\",\"item\":\"https:\\\/\\\/regiaonews.net.br\\\/2022\\\/\"},{\"@type\":\"ListItem\",\"position\":2,\"name\":\"Empresa segue recebendo curr\u00edculos ap\u00f3s Feir\u00e3o de Empregos\"}]},{\"@type\":\"WebSite\",\"@id\":\"https:\\\/\\\/regiaonews.net.br\\\/2022\\\/#website\",\"url\":\"https:\\\/\\\/regiaonews.net.br\\\/2022\\\/\",\"name\":\"Regi\u00e3o News\",\"description\":\"Site de Not\u00edcias de Barretos e regi\u00e3o\",\"publisher\":{\"@id\":\"https:\\\/\\\/regiaonews.net.br\\\/2022\\\/#organization\"},\"potentialAction\":[{\"@type\":\"SearchAction\",\"target\":{\"@type\":\"EntryPoint\",\"urlTemplate\":\"https:\\\/\\\/regiaonews.net.br\\\/2022\\\/?s={search_term_string}\"},\"query-input\":{\"@type\":\"PropertyValueSpecification\",\"valueRequired\":true,\"valueName\":\"search_term_string\"}}],\"inLanguage\":\"pt-BR\"},{\"@type\":\"Organization\",\"@id\":\"https:\\\/\\\/regiaonews.net.br\\\/2022\\\/#organization\",\"name\":\"Regi\u00e3o News\",\"url\":\"https:\\\/\\\/regiaonews.net.br\\\/2022\\\/\",\"logo\":{\"@type\":\"ImageObject\",\"inLanguage\":\"pt-BR\",\"@id\":\"https:\\\/\\\/regiaonews.net.br\\\/2022\\\/#\\\/schema\\\/logo\\\/image\\\/\",\"url\":\"https:\\\/\\\/regiaonews.net.br\\\/2022\\\/wp-content\\\/uploads\\\/2026\\\/03\\\/regiao-13-anos-scaled.jpg\",\"contentUrl\":\"https:\\\/\\\/regiaonews.net.br\\\/2022\\\/wp-content\\\/uploads\\\/2026\\\/03\\\/regiao-13-anos-scaled.jpg\",\"width\":2560,\"height\":635,\"caption\":\"Regi\u00e3o News\"},\"image\":{\"@id\":\"https:\\\/\\\/regiaonews.net.br\\\/2022\\\/#\\\/schema\\\/logo\\\/image\\\/\"}},{\"@type\":\"Person\",\"@id\":\"https:\\\/\\\/regiaonews.net.br\\\/2022\\\/#\\\/schema\\\/person\\\/2d205a608a5aa97ac279d7a5e6d89ad8\",\"name\":\"Roberto\",\"image\":{\"@type\":\"ImageObject\",\"inLanguage\":\"pt-BR\",\"@id\":\"https:\\\/\\\/secure.gravatar.com\\\/avatar\\\/42749d8b712ff9d59ca93dc150494e5b55a44134482993f5baeb97e61b7ecc89?s=96&d=mm&r=g\",\"url\":\"https:\\\/\\\/secure.gravatar.com\\\/avatar\\\/42749d8b712ff9d59ca93dc150494e5b55a44134482993f5baeb97e61b7ecc89?s=96&d=mm&r=g\",\"contentUrl\":\"https:\\\/\\\/secure.gravatar.com\\\/avatar\\\/42749d8b712ff9d59ca93dc150494e5b55a44134482993f5baeb97e61b7ecc89?s=96&d=mm&r=g\",\"caption\":\"Roberto\"},\"url\":\"https:\\\/\\\/regiaonews.net.br\\\/2022\\\/author\\\/roberto\\\/\"}]}<\/script>\n<!-- \/ Yoast SEO plugin. -->","yoast_head_json":{"title":"Empresa segue recebendo curr\u00edculos ap\u00f3s Feir\u00e3o de Empregos - Regi\u00e3o News","robots":{"index":"index","follow":"follow","max-snippet":"max-snippet:-1","max-image-preview":"max-image-preview:large","max-video-preview":"max-video-preview:-1"},"canonical":"https:\/\/regiaonews.net.br\/2022\/2024\/03\/15\/empresa-segue-recebendo-curriculos-apos-feirao-de-empregos\/","og_locale":"pt_BR","og_type":"article","og_title":"Empresa segue recebendo curr\u00edculos ap\u00f3s Feir\u00e3o de Empregos - Regi\u00e3o News","og_description":"O Feir\u00e3o de Empregos realizado ontem, em parceria com a","og_url":"https:\/\/regiaonews.net.br\/2022\/2024\/03\/15\/empresa-segue-recebendo-curriculos-apos-feirao-de-empregos\/","og_site_name":"Regi\u00e3o News","article_published_time":"2024-03-15T14:45:18+00:00","og_image":[{"width":600,"height":333,"url":"https:\/\/regiaonews.net.br\/2022\/wp-content\/uploads\/2016\/10\/emprego.jpg","type":"image\/jpeg"}],"author":"Roberto","twitter_card":"summary_large_image","twitter_misc":{"Escrito por":"Roberto","Est. tempo de leitura":"2 minutos"},"schema":{"@context":"https:\/\/schema.org","@graph":[{"@type":"Article","@id":"https:\/\/regiaonews.net.br\/2022\/2024\/03\/15\/empresa-segue-recebendo-curriculos-apos-feirao-de-empregos\/#article","isPartOf":{"@id":"https:\/\/regiaonews.net.br\/2022\/2024\/03\/15\/empresa-segue-recebendo-curriculos-apos-feirao-de-empregos\/"},"author":{"name":"Roberto","@id":"https:\/\/regiaonews.net.br\/2022\/#\/schema\/person\/2d205a608a5aa97ac279d7a5e6d89ad8"},"headline":"Empresa segue recebendo curr\u00edculos ap\u00f3s Feir\u00e3o de Empregos","datePublished":"2024-03-15T14:45:18+00:00","mainEntityOfPage":{"@id":"https:\/\/regiaonews.net.br\/2022\/2024\/03\/15\/empresa-segue-recebendo-curriculos-apos-feirao-de-empregos\/"},"wordCount":311,"commentCount":0,"publisher":{"@id":"https:\/\/regiaonews.net.br\/2022\/#organization"},"image":{"@id":"https:\/\/regiaonews.net.br\/2022\/2024\/03\/15\/empresa-segue-recebendo-curriculos-apos-feirao-de-empregos\/#primaryimage"},"thumbnailUrl":"https:\/\/regiaonews.net.br\/2022\/wp-content\/uploads\/2016\/10\/emprego.jpg","articleSection":["Barretos","Geral"],"inLanguage":"pt-BR","potentialAction":[{"@type":"CommentAction","name":"Comment","target":["https:\/\/regiaonews.net.br\/2022\/2024\/03\/15\/empresa-segue-recebendo-curriculos-apos-feirao-de-empregos\/#respond"]}]},{"@type":"WebPage","@id":"https:\/\/regiaonews.net.br\/2022\/2024\/03\/15\/empresa-segue-recebendo-curriculos-apos-feirao-de-empregos\/","url":"https:\/\/regiaonews.net.br\/2022\/2024\/03\/15\/empresa-segue-recebendo-curriculos-apos-feirao-de-empregos\/","name":"Empresa segue recebendo curr\u00edculos ap\u00f3s Feir\u00e3o de Empregos - Regi\u00e3o News","isPartOf":{"@id":"https:\/\/regiaonews.net.br\/2022\/#website"},"primaryImageOfPage":{"@id":"https:\/\/regiaonews.net.br\/2022\/2024\/03\/15\/empresa-segue-recebendo-curriculos-apos-feirao-de-empregos\/#primaryimage"},"image":{"@id":"https:\/\/regiaonews.net.br\/2022\/2024\/03\/15\/empresa-segue-recebendo-curriculos-apos-feirao-de-empregos\/#primaryimage"},"thumbnailUrl":"https:\/\/regiaonews.net.br\/2022\/wp-content\/uploads\/2016\/10\/emprego.jpg","datePublished":"2024-03-15T14:45:18+00:00","breadcrumb":{"@id":"https:\/\/regiaonews.net.br\/2022\/2024\/03\/15\/empresa-segue-recebendo-curriculos-apos-feirao-de-empregos\/#breadcrumb"},"inLanguage":"pt-BR","potentialAction":[{"@type":"ReadAction","target":["https:\/\/regiaonews.net.br\/2022\/2024\/03\/15\/empresa-segue-recebendo-curriculos-apos-feirao-de-empregos\/"]}]},{"@type":"ImageObject","inLanguage":"pt-BR","@id":"https:\/\/regiaonews.net.br\/2022\/2024\/03\/15\/empresa-segue-recebendo-curriculos-apos-feirao-de-empregos\/#primaryimage","url":"https:\/\/regiaonews.net.br\/2022\/wp-content\/uploads\/2016\/10\/emprego.jpg","contentUrl":"https:\/\/regiaonews.net.br\/2022\/wp-content\/uploads\/2016\/10\/emprego.jpg","width":600,"height":333},{"@type":"BreadcrumbList","@id":"https:\/\/regiaonews.net.br\/2022\/2024\/03\/15\/empresa-segue-recebendo-curriculos-apos-feirao-de-empregos\/#breadcrumb","itemListElement":[{"@type":"ListItem","position":1,"name":"In\u00edcio","item":"https:\/\/regiaonews.net.br\/2022\/"},{"@type":"ListItem","position":2,"name":"Empresa segue recebendo curr\u00edculos ap\u00f3s Feir\u00e3o de Empregos"}]},{"@type":"WebSite","@id":"https:\/\/regiaonews.net.br\/2022\/#website","url":"https:\/\/regiaonews.net.br\/2022\/","name":"Regi\u00e3o News","description":"Site de Not\u00edcias de Barretos e regi\u00e3o","publisher":{"@id":"https:\/\/regiaonews.net.br\/2022\/#organization"},"potentialAction":[{"@type":"SearchAction","target":{"@type":"EntryPoint","urlTemplate":"https:\/\/regiaonews.net.br\/2022\/?s={search_term_string}"},"query-input":{"@type":"PropertyValueSpecification","valueRequired":true,"valueName":"search_term_string"}}],"inLanguage":"pt-BR"},{"@type":"Organization","@id":"https:\/\/regiaonews.net.br\/2022\/#organization","name":"Regi\u00e3o News","url":"https:\/\/regiaonews.net.br\/2022\/","logo":{"@type":"ImageObject","inLanguage":"pt-BR","@id":"https:\/\/regiaonews.net.br\/2022\/#\/schema\/logo\/image\/","url":"https:\/\/regiaonews.net.br\/2022\/wp-content\/uploads\/2026\/03\/regiao-13-anos-scaled.jpg","contentUrl":"https:\/\/regiaonews.net.br\/2022\/wp-content\/uploads\/2026\/03\/regiao-13-anos-scaled.jpg","width":2560,"height":635,"caption":"Regi\u00e3o News"},"image":{"@id":"https:\/\/regiaonews.net.br\/2022\/#\/schema\/logo\/image\/"}},{"@type":"Person","@id":"https:\/\/regiaonews.net.br\/2022\/#\/schema\/person\/2d205a608a5aa97ac279d7a5e6d89ad8","name":"Roberto","image":{"@type":"ImageObject","inLanguage":"pt-BR","@id":"https:\/\/secure.gravatar.com\/avatar\/42749d8b712ff9d59ca93dc150494e5b55a44134482993f5baeb97e61b7ecc89?s=96&d=mm&r=g","url":"https:\/\/secure.gravatar.com\/avatar\/42749d8b712ff9d59ca93dc150494e5b55a44134482993f5baeb97e61b7ecc89?s=96&d=mm&r=g","contentUrl":"https:\/\/secure.gravatar.com\/avatar\/42749d8b712ff9d59ca93dc150494e5b55a44134482993f5baeb97e61b7ecc89?s=96&d=mm&r=g","caption":"Roberto"},"url":"https:\/\/regiaonews.net.br\/2022\/author\/roberto\/"}]}},"publishpress_future_action":{"enabled":false,"date":"2026-05-03 18:44:11","action":"change-status","newStatus":"draft","terms":[],"taxonomy":"category","extraData":[]},"publishpress_future_workflow_manual_trigger":{"enabledWorkflows":[]},"_links":{"self":[{"href":"https:\/\/regiaonews.net.br\/2022\/wp-json\/wp\/v2\/posts\/102428","targetHints":{"allow":["GET"]}}],"collection":[{"href":"https:\/\/regiaonews.net.br\/2022\/wp-json\/wp\/v2\/posts"}],"about":[{"href":"https:\/\/regiaonews.net.br\/2022\/wp-json\/wp\/v2\/types\/post"}],"author":[{"embeddable":true,"href":"https:\/\/regiaonews.net.br\/2022\/wp-json\/wp\/v2\/users\/2"}],"replies":[{"embeddable":true,"href":"https:\/\/regiaonews.net.br\/2022\/wp-json\/wp\/v2\/comments?post=102428"}],"version-history":[{"count":1,"href":"https:\/\/regiaonews.net.br\/2022\/wp-json\/wp\/v2\/posts\/102428\/revisions"}],"predecessor-version":[{"id":102429,"href":"https:\/\/regiaonews.net.br\/2022\/wp-json\/wp\/v2\/posts\/102428\/revisions\/102429"}],"wp:featuredmedia":[{"embeddable":true,"href":"https:\/\/regiaonews.net.br\/2022\/wp-json\/wp\/v2\/media\/67"}],"wp:attachment":[{"href":"https:\/\/regiaonews.net.br\/2022\/wp-json\/wp\/v2\/media?parent=102428"}],"wp:term":[{"taxonomy":"category","embeddable":true,"href":"https:\/\/regiaonews.net.br\/2022\/wp-json\/wp\/v2\/categories?post=102428"},{"taxonomy":"post_tag","embeddable":true,"href":"https:\/\/regiaonews.net.br\/2022\/wp-json\/wp\/v2\/tags?post=102428"}],"curies":[{"name":"wp","href":"https:\/\/api.w.org\/{rel}","templated":true}]}}