{"id":102416,"date":"2024-03-14T18:51:04","date_gmt":"2024-03-14T21:51:04","guid":{"rendered":"https:\/\/regiaonews.net.br\/2022\/?p=102416"},"modified":"2024-03-14T19:30:42","modified_gmt":"2024-03-14T22:30:42","slug":"2o-dia-da-saidinha-policia-prende-64-infratores-violando-regras-da-justica-em-sp","status":"publish","type":"post","link":"https:\/\/regiaonews.net.br\/2022\/2024\/03\/14\/2o-dia-da-saidinha-policia-prende-64-infratores-violando-regras-da-justica-em-sp\/","title":{"rendered":"2\u00ba dia da \u2018saidinha\u2019: pol\u00edcia prende 64 infratores violando regras da Justi\u00e7a em SP"},"content":{"rendered":"<div class=\"col-lg-12 mt-4 justify\">\n<h3 class=\"justify\"><\/h3>\n<\/div>\n<div class=\"col-lg-12 mt-2 justify\">\n<h5 class=\"justify\">Ao todo, 142 detentos foram detidos e voltaram aos pres\u00eddios por descumprir as normas do benef\u00edcio<\/h5>\n<\/div>\n<div class=\"col-lg-12 mt-3 justify\">\n<div>\n<div>Pelo segundo dia consecutivo, a Pol\u00edcia Militar (PM) flagrou detentos beneficiados pela sa\u00edda tempor\u00e1ria descumprindo as regras impostas pelo Poder Judici\u00e1rio. Na quarta-feira (13), 64 infratores foram detidos no estado de S\u00e3o Paulo, segundo o levantamento do Centro de Opera\u00e7\u00f5es da PM (Copom).<\/div>\n<div><\/div>\n<div>No primeiro dia da \u201csaidinha\u201d, que come\u00e7ou na ter\u00e7a-feira (12), foram 78 detentos presos e levados de volta ao sistema penitenci\u00e1rio. Nos dois dias, 142 infratores perderam o benef\u00edcio por violar as regras do Departamento Estadual de Execu\u00e7\u00f5es Criminais do Estado de S\u00e3o Paulo (Deecrim). A maioria das pris\u00f5es aconteceu na capital paulista, com 64 detidos; 18 na regi\u00e3o de Campinas e 13 em Sorocaba.<\/div>\n<div><\/div>\n<div>Desde o ano passado, todo detento flagrado infringindo as regras do Poder Judici\u00e1rio \u00e9 reconduzido ao estabelecimento prisional, conforme prev\u00ea uma portaria da Secretaria da Seguran\u00e7a P\u00fablica (SSP) com o aceite da Secretaria de Administra\u00e7\u00e3o Penitenci\u00e1ria.<\/div>\n<div><\/div>\n<div>Al\u00e9m disso, o acordo de coopera\u00e7\u00e3o entre a SSP e o Tribunal de Justi\u00e7a de S\u00e3o Paulo permite que os policiais tenham acesso aos processos dos r\u00e9us que cumprem a pena fora das pris\u00f5es. Dessa forma, \u00e9 poss\u00edvel verificar durante a abordagem se as regras da sa\u00edda tempor\u00e1ria est\u00e3o sendo cumpridas, como, por exemplo, se o condenado est\u00e1 fora de casa em hor\u00e1rio n\u00e3o permitido ou se est\u00e1 fora do domic\u00edlio informado \u00e0 Justi\u00e7a.<\/div>\n<div><\/div>\n<div>Uma resolu\u00e7\u00e3o publicada na ter\u00e7a, no Di\u00e1rio Oficial do Estado, estabeleceu que os sentenciados identificados em descumprimento das condi\u00e7\u00f5es impostas \u201cdever\u00e3o ser conduzidos \u00e0 uma unidade do Instituto M\u00e9dico Legal da Capital para realiza\u00e7\u00e3o do exame de corpo de delito\u201d. Ap\u00f3s o exame pericial, o policial respons\u00e1vel pela condu\u00e7\u00e3o dever\u00e1 levar os sentenciados aos Centros de Deten\u00e7\u00e3o Provis\u00f3ria ou para a Penitenci\u00e1ria Feminina da capital.<\/div>\n<div><\/div>\n<div>Em junho do ano passado, quando a medida passou a valer, 234 beneficiados pela sa\u00edda tempor\u00e1ria foram flagrados descumprindo as regras da Justi\u00e7a. Em setembro, foram 142 sentenciados reconduzidos \u00e0s penitenci\u00e1rias. Em dezembro, na \u201csaidinha\u201d de final de ano, 712 presos foram detidos nessas condi\u00e7\u00f5es.<\/div>\n<\/div>\n<\/div>\n","protected":false},"excerpt":{"rendered":"<p>Ao todo, 142 detentos foram detidos e voltaram aos pres\u00eddios<\/p>\n","protected":false},"author":2,"featured_media":102417,"comment_status":"open","ping_status":"open","sticky":false,"template":"","format":"standard","meta":{"footnotes":""},"categories":[7,23],"tags":[],"class_list":["post-102416","post","type-post","status-publish","format-standard","has-post-thumbnail","hentry","category-estado-de-sao-paulo","category-policia"],"yoast_head":"<!-- This site is optimized with the Yoast SEO plugin v27.4 - https:\/\/yoast.com\/product\/yoast-seo-wordpress\/ -->\n<title>2\u00ba dia da \u2018saidinha\u2019: pol\u00edcia prende 64 infratores violando regras da Justi\u00e7a em SP - Regi\u00e3o News<\/title>\n<meta name=\"robots\" content=\"index, follow, max-snippet:-1, max-image-preview:large, max-video-preview:-1\" \/>\n<link rel=\"canonical\" href=\"https:\/\/regiaonews.net.br\/2022\/2024\/03\/14\/2o-dia-da-saidinha-policia-prende-64-infratores-violando-regras-da-justica-em-sp\/\" \/>\n<meta property=\"og:locale\" content=\"pt_BR\" \/>\n<meta property=\"og:type\" content=\"article\" \/>\n<meta property=\"og:title\" content=\"2\u00ba dia da \u2018saidinha\u2019: pol\u00edcia prende 64 infratores violando regras da Justi\u00e7a em SP - Regi\u00e3o News\" \/>\n<meta property=\"og:description\" content=\"Ao todo, 142 detentos foram detidos e voltaram aos pres\u00eddios\" \/>\n<meta property=\"og:url\" content=\"https:\/\/regiaonews.net.br\/2022\/2024\/03\/14\/2o-dia-da-saidinha-policia-prende-64-infratores-violando-regras-da-justica-em-sp\/\" \/>\n<meta property=\"og:site_name\" content=\"Regi\u00e3o News\" \/>\n<meta property=\"article:published_time\" content=\"2024-03-14T21:51:04+00:00\" \/>\n<meta property=\"article:modified_time\" content=\"2024-03-14T22:30:42+00:00\" \/>\n<meta property=\"og:image\" content=\"https:\/\/regiaonews.net.br\/2022\/wp-content\/uploads\/2024\/03\/00053581.jpeg\" \/>\n\t<meta property=\"og:image:width\" content=\"1600\" \/>\n\t<meta property=\"og:image:height\" content=\"1066\" \/>\n\t<meta property=\"og:image:type\" content=\"image\/jpeg\" \/>\n<meta name=\"author\" content=\"Roberto\" \/>\n<meta name=\"twitter:card\" content=\"summary_large_image\" \/>\n<meta name=\"twitter:label1\" content=\"Escrito por\" \/>\n\t<meta name=\"twitter:data1\" content=\"Roberto\" \/>\n\t<meta name=\"twitter:label2\" content=\"Est. tempo de leitura\" \/>\n\t<meta name=\"twitter:data2\" content=\"3 minutos\" \/>\n<script type=\"application\/ld+json\" class=\"yoast-schema-graph\">{\"@context\":\"https:\\\/\\\/schema.org\",\"@graph\":[{\"@type\":\"Article\",\"@id\":\"https:\\\/\\\/regiaonews.net.br\\\/2022\\\/2024\\\/03\\\/14\\\/2o-dia-da-saidinha-policia-prende-64-infratores-violando-regras-da-justica-em-sp\\\/#article\",\"isPartOf\":{\"@id\":\"https:\\\/\\\/regiaonews.net.br\\\/2022\\\/2024\\\/03\\\/14\\\/2o-dia-da-saidinha-policia-prende-64-infratores-violando-regras-da-justica-em-sp\\\/\"},\"author\":{\"name\":\"Roberto\",\"@id\":\"https:\\\/\\\/regiaonews.net.br\\\/2022\\\/#\\\/schema\\\/person\\\/2d205a608a5aa97ac279d7a5e6d89ad8\"},\"headline\":\"2\u00ba dia da \u2018saidinha\u2019: pol\u00edcia prende 64 infratores violando regras da Justi\u00e7a em SP\",\"datePublished\":\"2024-03-14T21:51:04+00:00\",\"dateModified\":\"2024-03-14T22:30:42+00:00\",\"mainEntityOfPage\":{\"@id\":\"https:\\\/\\\/regiaonews.net.br\\\/2022\\\/2024\\\/03\\\/14\\\/2o-dia-da-saidinha-policia-prende-64-infratores-violando-regras-da-justica-em-sp\\\/\"},\"wordCount\":395,\"commentCount\":0,\"publisher\":{\"@id\":\"https:\\\/\\\/regiaonews.net.br\\\/2022\\\/#organization\"},\"image\":{\"@id\":\"https:\\\/\\\/regiaonews.net.br\\\/2022\\\/2024\\\/03\\\/14\\\/2o-dia-da-saidinha-policia-prende-64-infratores-violando-regras-da-justica-em-sp\\\/#primaryimage\"},\"thumbnailUrl\":\"https:\\\/\\\/regiaonews.net.br\\\/2022\\\/wp-content\\\/uploads\\\/2024\\\/03\\\/00053581.jpeg\",\"articleSection\":[\"Estado de S\u00e3o Paulo\",\"Policia\"],\"inLanguage\":\"pt-BR\",\"potentialAction\":[{\"@type\":\"CommentAction\",\"name\":\"Comment\",\"target\":[\"https:\\\/\\\/regiaonews.net.br\\\/2022\\\/2024\\\/03\\\/14\\\/2o-dia-da-saidinha-policia-prende-64-infratores-violando-regras-da-justica-em-sp\\\/#respond\"]}]},{\"@type\":\"WebPage\",\"@id\":\"https:\\\/\\\/regiaonews.net.br\\\/2022\\\/2024\\\/03\\\/14\\\/2o-dia-da-saidinha-policia-prende-64-infratores-violando-regras-da-justica-em-sp\\\/\",\"url\":\"https:\\\/\\\/regiaonews.net.br\\\/2022\\\/2024\\\/03\\\/14\\\/2o-dia-da-saidinha-policia-prende-64-infratores-violando-regras-da-justica-em-sp\\\/\",\"name\":\"2\u00ba dia da \u2018saidinha\u2019: pol\u00edcia prende 64 infratores violando regras da Justi\u00e7a em SP - Regi\u00e3o News\",\"isPartOf\":{\"@id\":\"https:\\\/\\\/regiaonews.net.br\\\/2022\\\/#website\"},\"primaryImageOfPage\":{\"@id\":\"https:\\\/\\\/regiaonews.net.br\\\/2022\\\/2024\\\/03\\\/14\\\/2o-dia-da-saidinha-policia-prende-64-infratores-violando-regras-da-justica-em-sp\\\/#primaryimage\"},\"image\":{\"@id\":\"https:\\\/\\\/regiaonews.net.br\\\/2022\\\/2024\\\/03\\\/14\\\/2o-dia-da-saidinha-policia-prende-64-infratores-violando-regras-da-justica-em-sp\\\/#primaryimage\"},\"thumbnailUrl\":\"https:\\\/\\\/regiaonews.net.br\\\/2022\\\/wp-content\\\/uploads\\\/2024\\\/03\\\/00053581.jpeg\",\"datePublished\":\"2024-03-14T21:51:04+00:00\",\"dateModified\":\"2024-03-14T22:30:42+00:00\",\"breadcrumb\":{\"@id\":\"https:\\\/\\\/regiaonews.net.br\\\/2022\\\/2024\\\/03\\\/14\\\/2o-dia-da-saidinha-policia-prende-64-infratores-violando-regras-da-justica-em-sp\\\/#breadcrumb\"},\"inLanguage\":\"pt-BR\",\"potentialAction\":[{\"@type\":\"ReadAction\",\"target\":[\"https:\\\/\\\/regiaonews.net.br\\\/2022\\\/2024\\\/03\\\/14\\\/2o-dia-da-saidinha-policia-prende-64-infratores-violando-regras-da-justica-em-sp\\\/\"]}]},{\"@type\":\"ImageObject\",\"inLanguage\":\"pt-BR\",\"@id\":\"https:\\\/\\\/regiaonews.net.br\\\/2022\\\/2024\\\/03\\\/14\\\/2o-dia-da-saidinha-policia-prende-64-infratores-violando-regras-da-justica-em-sp\\\/#primaryimage\",\"url\":\"https:\\\/\\\/regiaonews.net.br\\\/2022\\\/wp-content\\\/uploads\\\/2024\\\/03\\\/00053581.jpeg\",\"contentUrl\":\"https:\\\/\\\/regiaonews.net.br\\\/2022\\\/wp-content\\\/uploads\\\/2024\\\/03\\\/00053581.jpeg\",\"width\":1600,\"height\":1066},{\"@type\":\"BreadcrumbList\",\"@id\":\"https:\\\/\\\/regiaonews.net.br\\\/2022\\\/2024\\\/03\\\/14\\\/2o-dia-da-saidinha-policia-prende-64-infratores-violando-regras-da-justica-em-sp\\\/#breadcrumb\",\"itemListElement\":[{\"@type\":\"ListItem\",\"position\":1,\"name\":\"In\u00edcio\",\"item\":\"https:\\\/\\\/regiaonews.net.br\\\/2022\\\/\"},{\"@type\":\"ListItem\",\"position\":2,\"name\":\"2\u00ba dia da \u2018saidinha\u2019: pol\u00edcia prende 64 infratores violando regras da Justi\u00e7a em SP\"}]},{\"@type\":\"WebSite\",\"@id\":\"https:\\\/\\\/regiaonews.net.br\\\/2022\\\/#website\",\"url\":\"https:\\\/\\\/regiaonews.net.br\\\/2022\\\/\",\"name\":\"Regi\u00e3o News\",\"description\":\"Site de Not\u00edcias de Barretos e regi\u00e3o\",\"publisher\":{\"@id\":\"https:\\\/\\\/regiaonews.net.br\\\/2022\\\/#organization\"},\"potentialAction\":[{\"@type\":\"SearchAction\",\"target\":{\"@type\":\"EntryPoint\",\"urlTemplate\":\"https:\\\/\\\/regiaonews.net.br\\\/2022\\\/?s={search_term_string}\"},\"query-input\":{\"@type\":\"PropertyValueSpecification\",\"valueRequired\":true,\"valueName\":\"search_term_string\"}}],\"inLanguage\":\"pt-BR\"},{\"@type\":\"Organization\",\"@id\":\"https:\\\/\\\/regiaonews.net.br\\\/2022\\\/#organization\",\"name\":\"Regi\u00e3o News\",\"url\":\"https:\\\/\\\/regiaonews.net.br\\\/2022\\\/\",\"logo\":{\"@type\":\"ImageObject\",\"inLanguage\":\"pt-BR\",\"@id\":\"https:\\\/\\\/regiaonews.net.br\\\/2022\\\/#\\\/schema\\\/logo\\\/image\\\/\",\"url\":\"https:\\\/\\\/regiaonews.net.br\\\/2022\\\/wp-content\\\/uploads\\\/2026\\\/03\\\/regiao-13-anos-scaled.jpg\",\"contentUrl\":\"https:\\\/\\\/regiaonews.net.br\\\/2022\\\/wp-content\\\/uploads\\\/2026\\\/03\\\/regiao-13-anos-scaled.jpg\",\"width\":2560,\"height\":635,\"caption\":\"Regi\u00e3o News\"},\"image\":{\"@id\":\"https:\\\/\\\/regiaonews.net.br\\\/2022\\\/#\\\/schema\\\/logo\\\/image\\\/\"}},{\"@type\":\"Person\",\"@id\":\"https:\\\/\\\/regiaonews.net.br\\\/2022\\\/#\\\/schema\\\/person\\\/2d205a608a5aa97ac279d7a5e6d89ad8\",\"name\":\"Roberto\",\"image\":{\"@type\":\"ImageObject\",\"inLanguage\":\"pt-BR\",\"@id\":\"https:\\\/\\\/secure.gravatar.com\\\/avatar\\\/42749d8b712ff9d59ca93dc150494e5b55a44134482993f5baeb97e61b7ecc89?s=96&d=mm&r=g\",\"url\":\"https:\\\/\\\/secure.gravatar.com\\\/avatar\\\/42749d8b712ff9d59ca93dc150494e5b55a44134482993f5baeb97e61b7ecc89?s=96&d=mm&r=g\",\"contentUrl\":\"https:\\\/\\\/secure.gravatar.com\\\/avatar\\\/42749d8b712ff9d59ca93dc150494e5b55a44134482993f5baeb97e61b7ecc89?s=96&d=mm&r=g\",\"caption\":\"Roberto\"},\"url\":\"https:\\\/\\\/regiaonews.net.br\\\/2022\\\/author\\\/roberto\\\/\"}]}<\/script>\n<!-- \/ Yoast SEO plugin. -->","yoast_head_json":{"title":"2\u00ba dia da \u2018saidinha\u2019: pol\u00edcia prende 64 infratores violando regras da Justi\u00e7a em SP - Regi\u00e3o News","robots":{"index":"index","follow":"follow","max-snippet":"max-snippet:-1","max-image-preview":"max-image-preview:large","max-video-preview":"max-video-preview:-1"},"canonical":"https:\/\/regiaonews.net.br\/2022\/2024\/03\/14\/2o-dia-da-saidinha-policia-prende-64-infratores-violando-regras-da-justica-em-sp\/","og_locale":"pt_BR","og_type":"article","og_title":"2\u00ba dia da \u2018saidinha\u2019: pol\u00edcia prende 64 infratores violando regras da Justi\u00e7a em SP - Regi\u00e3o News","og_description":"Ao todo, 142 detentos foram detidos e voltaram aos pres\u00eddios","og_url":"https:\/\/regiaonews.net.br\/2022\/2024\/03\/14\/2o-dia-da-saidinha-policia-prende-64-infratores-violando-regras-da-justica-em-sp\/","og_site_name":"Regi\u00e3o News","article_published_time":"2024-03-14T21:51:04+00:00","article_modified_time":"2024-03-14T22:30:42+00:00","og_image":[{"width":1600,"height":1066,"url":"https:\/\/regiaonews.net.br\/2022\/wp-content\/uploads\/2024\/03\/00053581.jpeg","type":"image\/jpeg"}],"author":"Roberto","twitter_card":"summary_large_image","twitter_misc":{"Escrito por":"Roberto","Est. tempo de leitura":"3 minutos"},"schema":{"@context":"https:\/\/schema.org","@graph":[{"@type":"Article","@id":"https:\/\/regiaonews.net.br\/2022\/2024\/03\/14\/2o-dia-da-saidinha-policia-prende-64-infratores-violando-regras-da-justica-em-sp\/#article","isPartOf":{"@id":"https:\/\/regiaonews.net.br\/2022\/2024\/03\/14\/2o-dia-da-saidinha-policia-prende-64-infratores-violando-regras-da-justica-em-sp\/"},"author":{"name":"Roberto","@id":"https:\/\/regiaonews.net.br\/2022\/#\/schema\/person\/2d205a608a5aa97ac279d7a5e6d89ad8"},"headline":"2\u00ba dia da \u2018saidinha\u2019: pol\u00edcia prende 64 infratores violando regras da Justi\u00e7a em SP","datePublished":"2024-03-14T21:51:04+00:00","dateModified":"2024-03-14T22:30:42+00:00","mainEntityOfPage":{"@id":"https:\/\/regiaonews.net.br\/2022\/2024\/03\/14\/2o-dia-da-saidinha-policia-prende-64-infratores-violando-regras-da-justica-em-sp\/"},"wordCount":395,"commentCount":0,"publisher":{"@id":"https:\/\/regiaonews.net.br\/2022\/#organization"},"image":{"@id":"https:\/\/regiaonews.net.br\/2022\/2024\/03\/14\/2o-dia-da-saidinha-policia-prende-64-infratores-violando-regras-da-justica-em-sp\/#primaryimage"},"thumbnailUrl":"https:\/\/regiaonews.net.br\/2022\/wp-content\/uploads\/2024\/03\/00053581.jpeg","articleSection":["Estado de S\u00e3o Paulo","Policia"],"inLanguage":"pt-BR","potentialAction":[{"@type":"CommentAction","name":"Comment","target":["https:\/\/regiaonews.net.br\/2022\/2024\/03\/14\/2o-dia-da-saidinha-policia-prende-64-infratores-violando-regras-da-justica-em-sp\/#respond"]}]},{"@type":"WebPage","@id":"https:\/\/regiaonews.net.br\/2022\/2024\/03\/14\/2o-dia-da-saidinha-policia-prende-64-infratores-violando-regras-da-justica-em-sp\/","url":"https:\/\/regiaonews.net.br\/2022\/2024\/03\/14\/2o-dia-da-saidinha-policia-prende-64-infratores-violando-regras-da-justica-em-sp\/","name":"2\u00ba dia da \u2018saidinha\u2019: pol\u00edcia prende 64 infratores violando regras da Justi\u00e7a em SP - Regi\u00e3o News","isPartOf":{"@id":"https:\/\/regiaonews.net.br\/2022\/#website"},"primaryImageOfPage":{"@id":"https:\/\/regiaonews.net.br\/2022\/2024\/03\/14\/2o-dia-da-saidinha-policia-prende-64-infratores-violando-regras-da-justica-em-sp\/#primaryimage"},"image":{"@id":"https:\/\/regiaonews.net.br\/2022\/2024\/03\/14\/2o-dia-da-saidinha-policia-prende-64-infratores-violando-regras-da-justica-em-sp\/#primaryimage"},"thumbnailUrl":"https:\/\/regiaonews.net.br\/2022\/wp-content\/uploads\/2024\/03\/00053581.jpeg","datePublished":"2024-03-14T21:51:04+00:00","dateModified":"2024-03-14T22:30:42+00:00","breadcrumb":{"@id":"https:\/\/regiaonews.net.br\/2022\/2024\/03\/14\/2o-dia-da-saidinha-policia-prende-64-infratores-violando-regras-da-justica-em-sp\/#breadcrumb"},"inLanguage":"pt-BR","potentialAction":[{"@type":"ReadAction","target":["https:\/\/regiaonews.net.br\/2022\/2024\/03\/14\/2o-dia-da-saidinha-policia-prende-64-infratores-violando-regras-da-justica-em-sp\/"]}]},{"@type":"ImageObject","inLanguage":"pt-BR","@id":"https:\/\/regiaonews.net.br\/2022\/2024\/03\/14\/2o-dia-da-saidinha-policia-prende-64-infratores-violando-regras-da-justica-em-sp\/#primaryimage","url":"https:\/\/regiaonews.net.br\/2022\/wp-content\/uploads\/2024\/03\/00053581.jpeg","contentUrl":"https:\/\/regiaonews.net.br\/2022\/wp-content\/uploads\/2024\/03\/00053581.jpeg","width":1600,"height":1066},{"@type":"BreadcrumbList","@id":"https:\/\/regiaonews.net.br\/2022\/2024\/03\/14\/2o-dia-da-saidinha-policia-prende-64-infratores-violando-regras-da-justica-em-sp\/#breadcrumb","itemListElement":[{"@type":"ListItem","position":1,"name":"In\u00edcio","item":"https:\/\/regiaonews.net.br\/2022\/"},{"@type":"ListItem","position":2,"name":"2\u00ba dia da \u2018saidinha\u2019: pol\u00edcia prende 64 infratores violando regras da Justi\u00e7a em SP"}]},{"@type":"WebSite","@id":"https:\/\/regiaonews.net.br\/2022\/#website","url":"https:\/\/regiaonews.net.br\/2022\/","name":"Regi\u00e3o News","description":"Site de Not\u00edcias de Barretos e regi\u00e3o","publisher":{"@id":"https:\/\/regiaonews.net.br\/2022\/#organization"},"potentialAction":[{"@type":"SearchAction","target":{"@type":"EntryPoint","urlTemplate":"https:\/\/regiaonews.net.br\/2022\/?s={search_term_string}"},"query-input":{"@type":"PropertyValueSpecification","valueRequired":true,"valueName":"search_term_string"}}],"inLanguage":"pt-BR"},{"@type":"Organization","@id":"https:\/\/regiaonews.net.br\/2022\/#organization","name":"Regi\u00e3o News","url":"https:\/\/regiaonews.net.br\/2022\/","logo":{"@type":"ImageObject","inLanguage":"pt-BR","@id":"https:\/\/regiaonews.net.br\/2022\/#\/schema\/logo\/image\/","url":"https:\/\/regiaonews.net.br\/2022\/wp-content\/uploads\/2026\/03\/regiao-13-anos-scaled.jpg","contentUrl":"https:\/\/regiaonews.net.br\/2022\/wp-content\/uploads\/2026\/03\/regiao-13-anos-scaled.jpg","width":2560,"height":635,"caption":"Regi\u00e3o News"},"image":{"@id":"https:\/\/regiaonews.net.br\/2022\/#\/schema\/logo\/image\/"}},{"@type":"Person","@id":"https:\/\/regiaonews.net.br\/2022\/#\/schema\/person\/2d205a608a5aa97ac279d7a5e6d89ad8","name":"Roberto","image":{"@type":"ImageObject","inLanguage":"pt-BR","@id":"https:\/\/secure.gravatar.com\/avatar\/42749d8b712ff9d59ca93dc150494e5b55a44134482993f5baeb97e61b7ecc89?s=96&d=mm&r=g","url":"https:\/\/secure.gravatar.com\/avatar\/42749d8b712ff9d59ca93dc150494e5b55a44134482993f5baeb97e61b7ecc89?s=96&d=mm&r=g","contentUrl":"https:\/\/secure.gravatar.com\/avatar\/42749d8b712ff9d59ca93dc150494e5b55a44134482993f5baeb97e61b7ecc89?s=96&d=mm&r=g","caption":"Roberto"},"url":"https:\/\/regiaonews.net.br\/2022\/author\/roberto\/"}]}},"publishpress_future_action":{"enabled":false,"date":"2026-05-03 15:34:05","action":"change-status","newStatus":"draft","terms":[],"taxonomy":"category","extraData":[]},"publishpress_future_workflow_manual_trigger":{"enabledWorkflows":[]},"_links":{"self":[{"href":"https:\/\/regiaonews.net.br\/2022\/wp-json\/wp\/v2\/posts\/102416","targetHints":{"allow":["GET"]}}],"collection":[{"href":"https:\/\/regiaonews.net.br\/2022\/wp-json\/wp\/v2\/posts"}],"about":[{"href":"https:\/\/regiaonews.net.br\/2022\/wp-json\/wp\/v2\/types\/post"}],"author":[{"embeddable":true,"href":"https:\/\/regiaonews.net.br\/2022\/wp-json\/wp\/v2\/users\/2"}],"replies":[{"embeddable":true,"href":"https:\/\/regiaonews.net.br\/2022\/wp-json\/wp\/v2\/comments?post=102416"}],"version-history":[{"count":3,"href":"https:\/\/regiaonews.net.br\/2022\/wp-json\/wp\/v2\/posts\/102416\/revisions"}],"predecessor-version":[{"id":102421,"href":"https:\/\/regiaonews.net.br\/2022\/wp-json\/wp\/v2\/posts\/102416\/revisions\/102421"}],"wp:featuredmedia":[{"embeddable":true,"href":"https:\/\/regiaonews.net.br\/2022\/wp-json\/wp\/v2\/media\/102417"}],"wp:attachment":[{"href":"https:\/\/regiaonews.net.br\/2022\/wp-json\/wp\/v2\/media?parent=102416"}],"wp:term":[{"taxonomy":"category","embeddable":true,"href":"https:\/\/regiaonews.net.br\/2022\/wp-json\/wp\/v2\/categories?post=102416"},{"taxonomy":"post_tag","embeddable":true,"href":"https:\/\/regiaonews.net.br\/2022\/wp-json\/wp\/v2\/tags?post=102416"}],"curies":[{"name":"wp","href":"https:\/\/api.w.org\/{rel}","templated":true}]}}