{"id":102413,"date":"2024-03-14T18:48:38","date_gmt":"2024-03-14T21:48:38","guid":{"rendered":"https:\/\/regiaonews.net.br\/2022\/?p=102413"},"modified":"2024-03-14T18:48:38","modified_gmt":"2024-03-14T21:48:38","slug":"homem-envolvido-em-morte-de-pm-aposentado-e-preso-em-desmanche-de-veiculos-no-jaragua","status":"publish","type":"post","link":"https:\/\/regiaonews.net.br\/2022\/2024\/03\/14\/homem-envolvido-em-morte-de-pm-aposentado-e-preso-em-desmanche-de-veiculos-no-jaragua\/","title":{"rendered":"Homem envolvido em morte de PM aposentado \u00e9 preso em desmanche de ve\u00edculos no Jaragu\u00e1"},"content":{"rendered":"<div class=\"col-lg-12 mt-4 justify\">\n<h3 class=\"justify\"><\/h3>\n<\/div>\n<div class=\"col-lg-12 justify\">\n<p>&nbsp;<\/p>\n<\/div>\n<div class=\"col-lg-12 mt-2 justify\">\n<h5 class=\"justify\">Outros cinco suspeitos j\u00e1 haviam sido detidos no latroc\u00ednio do policial no ano passado, em Itapecerica da Serra<\/h5>\n<\/div>\n<div class=\"col-lg-12 mt-3 justify\">\n<div>\n<div>A Pol\u00edcia Civil prendeu em flagrante nesta quinta-feira (14) um homem, de 24 anos, envolvido na morte de um tenente aposentado da Pol\u00edcia Militar de S\u00e3o Paulo, de 52, no ano passado. O suspeito foi encontrado em um pr\u00e9dio abandonado que servia como local de desmanche de ve\u00edculos no bairro do Jaragu\u00e1, na zona norte da capital paulista. Outros cinco envolvidos no crime j\u00e1 haviam sido presos.<\/div>\n<div><\/div>\n<div>Policiais do Departamento Estadual de Investiga\u00e7\u00f5es Criminais (Deic) receberam a informa\u00e7\u00e3o de que um caminh\u00e3o roubado estaria em um galp\u00e3o na regi\u00e3o. No local havia um homem desmontando a cabine do ve\u00edculo. A abordagem foi realizada e o suspeito confessou que foi contratado para o desmanche.<\/div>\n<div><\/div>\n<div>O ve\u00edculo encontrado havia sido roubado na madrugada de hoje. Foi descoberto que o indiciado estava com um mandado de pris\u00e3o tempor\u00e1ria em aberto pela 2\u00aa Vara Criminal de Embu das Artes pelo crime de latroc\u00ednio. Ele era um dos envolvidos na morte de um PM aposentado em julho do ano passado, em Itapecerica da Serra.<\/div>\n<div><\/div>\n<div>Foram apreendidos um celular e v\u00e1rias pe\u00e7as do caminh\u00e3o desmontado como a cabine, placas, motor e bateria. O suspeito foi preso e encaminhado \u00e0 1\u00aa Delegacia da Divis\u00e3o de Investiga\u00e7\u00f5es sobre Crimes contra o Patrim\u00f4nio (Disccpat), do Deic, onde o caso foi registrado como cumprimento de pris\u00e3o tempor\u00e1ria e recepta\u00e7\u00e3o de ve\u00edculo. O delegado solicitou a convers\u00e3o da pris\u00e3o para a preventiva.<\/div>\n<div><\/div>\n<div><b>O crime<\/b><\/div>\n<div><\/div>\n<div>Em julho de 2023, seis suspeitos invadiram a resid\u00eancia de um tenente aposentado e fizeram ele e mais tr\u00eas familiares de ref\u00e9ns por cerca de tr\u00eas horas no bairro Parque Para\u00edso, em Itapecerica da Serra. O tenente foi agredido e obrigado a realizar transfer\u00eancias banc\u00e1rias via pix.<\/div>\n<div><\/div>\n<div>A quadrilha roubou v\u00e1rios objetos de valor como rel\u00f3gios e c\u00e2meras, al\u00e9m das tr\u00eas armas e muni\u00e7\u00f5es do tenente. A v\u00edtima foi levada pelos suspeitos dentro de um carro e foi encontrada morta na manh\u00e3 do dia seguinte em uma \u00e1rea rural pr\u00f3ximo de onde morava.<\/div>\n<div><\/div>\n<div>Ap\u00f3s o crime, policiais civis da Delegacia Seccional de Tabo\u00e3o da Serra deflagraram a Opera\u00e7\u00e3o Caapora e prenderam quatro homens em flagrante e um por mandado de pris\u00e3o, suspeitos pelo crime.<\/div>\n<div><\/div>\n<div>O bando era investigado por roubos a resid\u00eancias em Embu das Artes. Os suspeitos utilizavam o mesmo \u201cmodus operandi\u201d, acessando os im\u00f3veis pela madrugada atrav\u00e9s de \u00e1reas de mata e de densa vegeta\u00e7\u00e3o.<\/div>\n<\/div>\n<\/div>\n","protected":false},"excerpt":{"rendered":"<p>&nbsp; Outros cinco suspeitos j\u00e1 haviam sido detidos no latroc\u00ednio<\/p>\n","protected":false},"author":2,"featured_media":102414,"comment_status":"open","ping_status":"open","sticky":false,"template":"","format":"standard","meta":{"footnotes":""},"categories":[23,29],"tags":[],"class_list":["post-102413","post","type-post","status-publish","format-standard","has-post-thumbnail","hentry","category-policia","category-sao-paulo"],"yoast_head":"<!-- This site is optimized with the Yoast SEO plugin v27.4 - https:\/\/yoast.com\/product\/yoast-seo-wordpress\/ -->\n<title>Homem envolvido em morte de PM aposentado \u00e9 preso em desmanche de ve\u00edculos no Jaragu\u00e1 - Regi\u00e3o News<\/title>\n<meta name=\"robots\" content=\"index, follow, max-snippet:-1, max-image-preview:large, max-video-preview:-1\" \/>\n<link rel=\"canonical\" href=\"https:\/\/regiaonews.net.br\/2022\/2024\/03\/14\/homem-envolvido-em-morte-de-pm-aposentado-e-preso-em-desmanche-de-veiculos-no-jaragua\/\" \/>\n<meta property=\"og:locale\" content=\"pt_BR\" \/>\n<meta property=\"og:type\" content=\"article\" \/>\n<meta property=\"og:title\" content=\"Homem envolvido em morte de PM aposentado \u00e9 preso em desmanche de ve\u00edculos no Jaragu\u00e1 - Regi\u00e3o News\" \/>\n<meta property=\"og:description\" content=\"&nbsp; Outros cinco suspeitos j\u00e1 haviam sido detidos no latroc\u00ednio\" \/>\n<meta property=\"og:url\" content=\"https:\/\/regiaonews.net.br\/2022\/2024\/03\/14\/homem-envolvido-em-morte-de-pm-aposentado-e-preso-em-desmanche-de-veiculos-no-jaragua\/\" \/>\n<meta property=\"og:site_name\" content=\"Regi\u00e3o News\" \/>\n<meta property=\"article:published_time\" content=\"2024-03-14T21:48:38+00:00\" \/>\n<meta property=\"og:image\" content=\"https:\/\/regiaonews.net.br\/2022\/wp-content\/uploads\/2024\/03\/00053579.jpg\" \/>\n\t<meta property=\"og:image:width\" content=\"599\" \/>\n\t<meta property=\"og:image:height\" content=\"733\" \/>\n\t<meta property=\"og:image:type\" content=\"image\/jpeg\" \/>\n<meta name=\"author\" content=\"Roberto\" \/>\n<meta name=\"twitter:card\" content=\"summary_large_image\" \/>\n<meta name=\"twitter:label1\" content=\"Escrito por\" \/>\n\t<meta name=\"twitter:data1\" content=\"Roberto\" \/>\n\t<meta name=\"twitter:label2\" content=\"Est. tempo de leitura\" \/>\n\t<meta name=\"twitter:data2\" content=\"3 minutos\" \/>\n<script type=\"application\/ld+json\" class=\"yoast-schema-graph\">{\"@context\":\"https:\\\/\\\/schema.org\",\"@graph\":[{\"@type\":\"Article\",\"@id\":\"https:\\\/\\\/regiaonews.net.br\\\/2022\\\/2024\\\/03\\\/14\\\/homem-envolvido-em-morte-de-pm-aposentado-e-preso-em-desmanche-de-veiculos-no-jaragua\\\/#article\",\"isPartOf\":{\"@id\":\"https:\\\/\\\/regiaonews.net.br\\\/2022\\\/2024\\\/03\\\/14\\\/homem-envolvido-em-morte-de-pm-aposentado-e-preso-em-desmanche-de-veiculos-no-jaragua\\\/\"},\"author\":{\"name\":\"Roberto\",\"@id\":\"https:\\\/\\\/regiaonews.net.br\\\/2022\\\/#\\\/schema\\\/person\\\/2d205a608a5aa97ac279d7a5e6d89ad8\"},\"headline\":\"Homem envolvido em morte de PM aposentado \u00e9 preso em desmanche de ve\u00edculos no Jaragu\u00e1\",\"datePublished\":\"2024-03-14T21:48:38+00:00\",\"mainEntityOfPage\":{\"@id\":\"https:\\\/\\\/regiaonews.net.br\\\/2022\\\/2024\\\/03\\\/14\\\/homem-envolvido-em-morte-de-pm-aposentado-e-preso-em-desmanche-de-veiculos-no-jaragua\\\/\"},\"wordCount\":468,\"commentCount\":0,\"publisher\":{\"@id\":\"https:\\\/\\\/regiaonews.net.br\\\/2022\\\/#organization\"},\"image\":{\"@id\":\"https:\\\/\\\/regiaonews.net.br\\\/2022\\\/2024\\\/03\\\/14\\\/homem-envolvido-em-morte-de-pm-aposentado-e-preso-em-desmanche-de-veiculos-no-jaragua\\\/#primaryimage\"},\"thumbnailUrl\":\"https:\\\/\\\/regiaonews.net.br\\\/2022\\\/wp-content\\\/uploads\\\/2024\\\/03\\\/00053579.jpg\",\"articleSection\":[\"Policia\",\"S\u00e3o Paulo\"],\"inLanguage\":\"pt-BR\",\"potentialAction\":[{\"@type\":\"CommentAction\",\"name\":\"Comment\",\"target\":[\"https:\\\/\\\/regiaonews.net.br\\\/2022\\\/2024\\\/03\\\/14\\\/homem-envolvido-em-morte-de-pm-aposentado-e-preso-em-desmanche-de-veiculos-no-jaragua\\\/#respond\"]}]},{\"@type\":\"WebPage\",\"@id\":\"https:\\\/\\\/regiaonews.net.br\\\/2022\\\/2024\\\/03\\\/14\\\/homem-envolvido-em-morte-de-pm-aposentado-e-preso-em-desmanche-de-veiculos-no-jaragua\\\/\",\"url\":\"https:\\\/\\\/regiaonews.net.br\\\/2022\\\/2024\\\/03\\\/14\\\/homem-envolvido-em-morte-de-pm-aposentado-e-preso-em-desmanche-de-veiculos-no-jaragua\\\/\",\"name\":\"Homem envolvido em morte de PM aposentado \u00e9 preso em desmanche de ve\u00edculos no Jaragu\u00e1 - Regi\u00e3o News\",\"isPartOf\":{\"@id\":\"https:\\\/\\\/regiaonews.net.br\\\/2022\\\/#website\"},\"primaryImageOfPage\":{\"@id\":\"https:\\\/\\\/regiaonews.net.br\\\/2022\\\/2024\\\/03\\\/14\\\/homem-envolvido-em-morte-de-pm-aposentado-e-preso-em-desmanche-de-veiculos-no-jaragua\\\/#primaryimage\"},\"image\":{\"@id\":\"https:\\\/\\\/regiaonews.net.br\\\/2022\\\/2024\\\/03\\\/14\\\/homem-envolvido-em-morte-de-pm-aposentado-e-preso-em-desmanche-de-veiculos-no-jaragua\\\/#primaryimage\"},\"thumbnailUrl\":\"https:\\\/\\\/regiaonews.net.br\\\/2022\\\/wp-content\\\/uploads\\\/2024\\\/03\\\/00053579.jpg\",\"datePublished\":\"2024-03-14T21:48:38+00:00\",\"breadcrumb\":{\"@id\":\"https:\\\/\\\/regiaonews.net.br\\\/2022\\\/2024\\\/03\\\/14\\\/homem-envolvido-em-morte-de-pm-aposentado-e-preso-em-desmanche-de-veiculos-no-jaragua\\\/#breadcrumb\"},\"inLanguage\":\"pt-BR\",\"potentialAction\":[{\"@type\":\"ReadAction\",\"target\":[\"https:\\\/\\\/regiaonews.net.br\\\/2022\\\/2024\\\/03\\\/14\\\/homem-envolvido-em-morte-de-pm-aposentado-e-preso-em-desmanche-de-veiculos-no-jaragua\\\/\"]}]},{\"@type\":\"ImageObject\",\"inLanguage\":\"pt-BR\",\"@id\":\"https:\\\/\\\/regiaonews.net.br\\\/2022\\\/2024\\\/03\\\/14\\\/homem-envolvido-em-morte-de-pm-aposentado-e-preso-em-desmanche-de-veiculos-no-jaragua\\\/#primaryimage\",\"url\":\"https:\\\/\\\/regiaonews.net.br\\\/2022\\\/wp-content\\\/uploads\\\/2024\\\/03\\\/00053579.jpg\",\"contentUrl\":\"https:\\\/\\\/regiaonews.net.br\\\/2022\\\/wp-content\\\/uploads\\\/2024\\\/03\\\/00053579.jpg\",\"width\":599,\"height\":733},{\"@type\":\"BreadcrumbList\",\"@id\":\"https:\\\/\\\/regiaonews.net.br\\\/2022\\\/2024\\\/03\\\/14\\\/homem-envolvido-em-morte-de-pm-aposentado-e-preso-em-desmanche-de-veiculos-no-jaragua\\\/#breadcrumb\",\"itemListElement\":[{\"@type\":\"ListItem\",\"position\":1,\"name\":\"In\u00edcio\",\"item\":\"https:\\\/\\\/regiaonews.net.br\\\/2022\\\/\"},{\"@type\":\"ListItem\",\"position\":2,\"name\":\"Homem envolvido em morte de PM aposentado \u00e9 preso em desmanche de ve\u00edculos no Jaragu\u00e1\"}]},{\"@type\":\"WebSite\",\"@id\":\"https:\\\/\\\/regiaonews.net.br\\\/2022\\\/#website\",\"url\":\"https:\\\/\\\/regiaonews.net.br\\\/2022\\\/\",\"name\":\"Regi\u00e3o News\",\"description\":\"Site de Not\u00edcias de Barretos e regi\u00e3o\",\"publisher\":{\"@id\":\"https:\\\/\\\/regiaonews.net.br\\\/2022\\\/#organization\"},\"potentialAction\":[{\"@type\":\"SearchAction\",\"target\":{\"@type\":\"EntryPoint\",\"urlTemplate\":\"https:\\\/\\\/regiaonews.net.br\\\/2022\\\/?s={search_term_string}\"},\"query-input\":{\"@type\":\"PropertyValueSpecification\",\"valueRequired\":true,\"valueName\":\"search_term_string\"}}],\"inLanguage\":\"pt-BR\"},{\"@type\":\"Organization\",\"@id\":\"https:\\\/\\\/regiaonews.net.br\\\/2022\\\/#organization\",\"name\":\"Regi\u00e3o News\",\"url\":\"https:\\\/\\\/regiaonews.net.br\\\/2022\\\/\",\"logo\":{\"@type\":\"ImageObject\",\"inLanguage\":\"pt-BR\",\"@id\":\"https:\\\/\\\/regiaonews.net.br\\\/2022\\\/#\\\/schema\\\/logo\\\/image\\\/\",\"url\":\"https:\\\/\\\/regiaonews.net.br\\\/2022\\\/wp-content\\\/uploads\\\/2026\\\/03\\\/regiao-13-anos-scaled.jpg\",\"contentUrl\":\"https:\\\/\\\/regiaonews.net.br\\\/2022\\\/wp-content\\\/uploads\\\/2026\\\/03\\\/regiao-13-anos-scaled.jpg\",\"width\":2560,\"height\":635,\"caption\":\"Regi\u00e3o News\"},\"image\":{\"@id\":\"https:\\\/\\\/regiaonews.net.br\\\/2022\\\/#\\\/schema\\\/logo\\\/image\\\/\"}},{\"@type\":\"Person\",\"@id\":\"https:\\\/\\\/regiaonews.net.br\\\/2022\\\/#\\\/schema\\\/person\\\/2d205a608a5aa97ac279d7a5e6d89ad8\",\"name\":\"Roberto\",\"image\":{\"@type\":\"ImageObject\",\"inLanguage\":\"pt-BR\",\"@id\":\"https:\\\/\\\/secure.gravatar.com\\\/avatar\\\/42749d8b712ff9d59ca93dc150494e5b55a44134482993f5baeb97e61b7ecc89?s=96&d=mm&r=g\",\"url\":\"https:\\\/\\\/secure.gravatar.com\\\/avatar\\\/42749d8b712ff9d59ca93dc150494e5b55a44134482993f5baeb97e61b7ecc89?s=96&d=mm&r=g\",\"contentUrl\":\"https:\\\/\\\/secure.gravatar.com\\\/avatar\\\/42749d8b712ff9d59ca93dc150494e5b55a44134482993f5baeb97e61b7ecc89?s=96&d=mm&r=g\",\"caption\":\"Roberto\"},\"url\":\"https:\\\/\\\/regiaonews.net.br\\\/2022\\\/author\\\/roberto\\\/\"}]}<\/script>\n<!-- \/ Yoast SEO plugin. -->","yoast_head_json":{"title":"Homem envolvido em morte de PM aposentado \u00e9 preso em desmanche de ve\u00edculos no Jaragu\u00e1 - Regi\u00e3o News","robots":{"index":"index","follow":"follow","max-snippet":"max-snippet:-1","max-image-preview":"max-image-preview:large","max-video-preview":"max-video-preview:-1"},"canonical":"https:\/\/regiaonews.net.br\/2022\/2024\/03\/14\/homem-envolvido-em-morte-de-pm-aposentado-e-preso-em-desmanche-de-veiculos-no-jaragua\/","og_locale":"pt_BR","og_type":"article","og_title":"Homem envolvido em morte de PM aposentado \u00e9 preso em desmanche de ve\u00edculos no Jaragu\u00e1 - Regi\u00e3o News","og_description":"&nbsp; Outros cinco suspeitos j\u00e1 haviam sido detidos no latroc\u00ednio","og_url":"https:\/\/regiaonews.net.br\/2022\/2024\/03\/14\/homem-envolvido-em-morte-de-pm-aposentado-e-preso-em-desmanche-de-veiculos-no-jaragua\/","og_site_name":"Regi\u00e3o News","article_published_time":"2024-03-14T21:48:38+00:00","og_image":[{"width":599,"height":733,"url":"https:\/\/regiaonews.net.br\/2022\/wp-content\/uploads\/2024\/03\/00053579.jpg","type":"image\/jpeg"}],"author":"Roberto","twitter_card":"summary_large_image","twitter_misc":{"Escrito por":"Roberto","Est. tempo de leitura":"3 minutos"},"schema":{"@context":"https:\/\/schema.org","@graph":[{"@type":"Article","@id":"https:\/\/regiaonews.net.br\/2022\/2024\/03\/14\/homem-envolvido-em-morte-de-pm-aposentado-e-preso-em-desmanche-de-veiculos-no-jaragua\/#article","isPartOf":{"@id":"https:\/\/regiaonews.net.br\/2022\/2024\/03\/14\/homem-envolvido-em-morte-de-pm-aposentado-e-preso-em-desmanche-de-veiculos-no-jaragua\/"},"author":{"name":"Roberto","@id":"https:\/\/regiaonews.net.br\/2022\/#\/schema\/person\/2d205a608a5aa97ac279d7a5e6d89ad8"},"headline":"Homem envolvido em morte de PM aposentado \u00e9 preso em desmanche de ve\u00edculos no Jaragu\u00e1","datePublished":"2024-03-14T21:48:38+00:00","mainEntityOfPage":{"@id":"https:\/\/regiaonews.net.br\/2022\/2024\/03\/14\/homem-envolvido-em-morte-de-pm-aposentado-e-preso-em-desmanche-de-veiculos-no-jaragua\/"},"wordCount":468,"commentCount":0,"publisher":{"@id":"https:\/\/regiaonews.net.br\/2022\/#organization"},"image":{"@id":"https:\/\/regiaonews.net.br\/2022\/2024\/03\/14\/homem-envolvido-em-morte-de-pm-aposentado-e-preso-em-desmanche-de-veiculos-no-jaragua\/#primaryimage"},"thumbnailUrl":"https:\/\/regiaonews.net.br\/2022\/wp-content\/uploads\/2024\/03\/00053579.jpg","articleSection":["Policia","S\u00e3o Paulo"],"inLanguage":"pt-BR","potentialAction":[{"@type":"CommentAction","name":"Comment","target":["https:\/\/regiaonews.net.br\/2022\/2024\/03\/14\/homem-envolvido-em-morte-de-pm-aposentado-e-preso-em-desmanche-de-veiculos-no-jaragua\/#respond"]}]},{"@type":"WebPage","@id":"https:\/\/regiaonews.net.br\/2022\/2024\/03\/14\/homem-envolvido-em-morte-de-pm-aposentado-e-preso-em-desmanche-de-veiculos-no-jaragua\/","url":"https:\/\/regiaonews.net.br\/2022\/2024\/03\/14\/homem-envolvido-em-morte-de-pm-aposentado-e-preso-em-desmanche-de-veiculos-no-jaragua\/","name":"Homem envolvido em morte de PM aposentado \u00e9 preso em desmanche de ve\u00edculos no Jaragu\u00e1 - Regi\u00e3o News","isPartOf":{"@id":"https:\/\/regiaonews.net.br\/2022\/#website"},"primaryImageOfPage":{"@id":"https:\/\/regiaonews.net.br\/2022\/2024\/03\/14\/homem-envolvido-em-morte-de-pm-aposentado-e-preso-em-desmanche-de-veiculos-no-jaragua\/#primaryimage"},"image":{"@id":"https:\/\/regiaonews.net.br\/2022\/2024\/03\/14\/homem-envolvido-em-morte-de-pm-aposentado-e-preso-em-desmanche-de-veiculos-no-jaragua\/#primaryimage"},"thumbnailUrl":"https:\/\/regiaonews.net.br\/2022\/wp-content\/uploads\/2024\/03\/00053579.jpg","datePublished":"2024-03-14T21:48:38+00:00","breadcrumb":{"@id":"https:\/\/regiaonews.net.br\/2022\/2024\/03\/14\/homem-envolvido-em-morte-de-pm-aposentado-e-preso-em-desmanche-de-veiculos-no-jaragua\/#breadcrumb"},"inLanguage":"pt-BR","potentialAction":[{"@type":"ReadAction","target":["https:\/\/regiaonews.net.br\/2022\/2024\/03\/14\/homem-envolvido-em-morte-de-pm-aposentado-e-preso-em-desmanche-de-veiculos-no-jaragua\/"]}]},{"@type":"ImageObject","inLanguage":"pt-BR","@id":"https:\/\/regiaonews.net.br\/2022\/2024\/03\/14\/homem-envolvido-em-morte-de-pm-aposentado-e-preso-em-desmanche-de-veiculos-no-jaragua\/#primaryimage","url":"https:\/\/regiaonews.net.br\/2022\/wp-content\/uploads\/2024\/03\/00053579.jpg","contentUrl":"https:\/\/regiaonews.net.br\/2022\/wp-content\/uploads\/2024\/03\/00053579.jpg","width":599,"height":733},{"@type":"BreadcrumbList","@id":"https:\/\/regiaonews.net.br\/2022\/2024\/03\/14\/homem-envolvido-em-morte-de-pm-aposentado-e-preso-em-desmanche-de-veiculos-no-jaragua\/#breadcrumb","itemListElement":[{"@type":"ListItem","position":1,"name":"In\u00edcio","item":"https:\/\/regiaonews.net.br\/2022\/"},{"@type":"ListItem","position":2,"name":"Homem envolvido em morte de PM aposentado \u00e9 preso em desmanche de ve\u00edculos no Jaragu\u00e1"}]},{"@type":"WebSite","@id":"https:\/\/regiaonews.net.br\/2022\/#website","url":"https:\/\/regiaonews.net.br\/2022\/","name":"Regi\u00e3o News","description":"Site de Not\u00edcias de Barretos e regi\u00e3o","publisher":{"@id":"https:\/\/regiaonews.net.br\/2022\/#organization"},"potentialAction":[{"@type":"SearchAction","target":{"@type":"EntryPoint","urlTemplate":"https:\/\/regiaonews.net.br\/2022\/?s={search_term_string}"},"query-input":{"@type":"PropertyValueSpecification","valueRequired":true,"valueName":"search_term_string"}}],"inLanguage":"pt-BR"},{"@type":"Organization","@id":"https:\/\/regiaonews.net.br\/2022\/#organization","name":"Regi\u00e3o News","url":"https:\/\/regiaonews.net.br\/2022\/","logo":{"@type":"ImageObject","inLanguage":"pt-BR","@id":"https:\/\/regiaonews.net.br\/2022\/#\/schema\/logo\/image\/","url":"https:\/\/regiaonews.net.br\/2022\/wp-content\/uploads\/2026\/03\/regiao-13-anos-scaled.jpg","contentUrl":"https:\/\/regiaonews.net.br\/2022\/wp-content\/uploads\/2026\/03\/regiao-13-anos-scaled.jpg","width":2560,"height":635,"caption":"Regi\u00e3o News"},"image":{"@id":"https:\/\/regiaonews.net.br\/2022\/#\/schema\/logo\/image\/"}},{"@type":"Person","@id":"https:\/\/regiaonews.net.br\/2022\/#\/schema\/person\/2d205a608a5aa97ac279d7a5e6d89ad8","name":"Roberto","image":{"@type":"ImageObject","inLanguage":"pt-BR","@id":"https:\/\/secure.gravatar.com\/avatar\/42749d8b712ff9d59ca93dc150494e5b55a44134482993f5baeb97e61b7ecc89?s=96&d=mm&r=g","url":"https:\/\/secure.gravatar.com\/avatar\/42749d8b712ff9d59ca93dc150494e5b55a44134482993f5baeb97e61b7ecc89?s=96&d=mm&r=g","contentUrl":"https:\/\/secure.gravatar.com\/avatar\/42749d8b712ff9d59ca93dc150494e5b55a44134482993f5baeb97e61b7ecc89?s=96&d=mm&r=g","caption":"Roberto"},"url":"https:\/\/regiaonews.net.br\/2022\/author\/roberto\/"}]}},"publishpress_future_action":{"enabled":false,"date":"2026-05-03 15:45:38","action":"change-status","newStatus":"draft","terms":[],"taxonomy":"category","extraData":[]},"publishpress_future_workflow_manual_trigger":{"enabledWorkflows":[]},"_links":{"self":[{"href":"https:\/\/regiaonews.net.br\/2022\/wp-json\/wp\/v2\/posts\/102413","targetHints":{"allow":["GET"]}}],"collection":[{"href":"https:\/\/regiaonews.net.br\/2022\/wp-json\/wp\/v2\/posts"}],"about":[{"href":"https:\/\/regiaonews.net.br\/2022\/wp-json\/wp\/v2\/types\/post"}],"author":[{"embeddable":true,"href":"https:\/\/regiaonews.net.br\/2022\/wp-json\/wp\/v2\/users\/2"}],"replies":[{"embeddable":true,"href":"https:\/\/regiaonews.net.br\/2022\/wp-json\/wp\/v2\/comments?post=102413"}],"version-history":[{"count":1,"href":"https:\/\/regiaonews.net.br\/2022\/wp-json\/wp\/v2\/posts\/102413\/revisions"}],"predecessor-version":[{"id":102415,"href":"https:\/\/regiaonews.net.br\/2022\/wp-json\/wp\/v2\/posts\/102413\/revisions\/102415"}],"wp:featuredmedia":[{"embeddable":true,"href":"https:\/\/regiaonews.net.br\/2022\/wp-json\/wp\/v2\/media\/102414"}],"wp:attachment":[{"href":"https:\/\/regiaonews.net.br\/2022\/wp-json\/wp\/v2\/media?parent=102413"}],"wp:term":[{"taxonomy":"category","embeddable":true,"href":"https:\/\/regiaonews.net.br\/2022\/wp-json\/wp\/v2\/categories?post=102413"},{"taxonomy":"post_tag","embeddable":true,"href":"https:\/\/regiaonews.net.br\/2022\/wp-json\/wp\/v2\/tags?post=102413"}],"curies":[{"name":"wp","href":"https:\/\/api.w.org\/{rel}","templated":true}]}}