{"id":102409,"date":"2024-03-14T18:43:53","date_gmt":"2024-03-14T21:43:53","guid":{"rendered":"https:\/\/regiaonews.net.br\/2022\/?p=102409"},"modified":"2024-03-14T18:44:47","modified_gmt":"2024-03-14T21:44:47","slug":"102409","status":"publish","type":"post","link":"https:\/\/regiaonews.net.br\/2022\/2024\/03\/14\/102409\/","title":{"rendered":"Prefeitura entrega polo do CRAS IV e Cad\u00danico no Jardim Universit\u00e1rio"},"content":{"rendered":"<p>&nbsp;<\/p>\n<p>Espa\u00e7o atender\u00e1 popula\u00e7\u00e3o da regi\u00e3o com a\u00e7\u00f5es relacionadas aos benef\u00edcios sociais, atualiza\u00e7\u00e3o do Cadastro \u00danico e outras demandas<\/p>\n<p>A Prefeitura da Est\u00e2ncia Tur\u00edstica de Barretos, por meio da Secretaria Municipal de Assist\u00eancia Social e Desenvolvimento Humano, realizou na tarde de quarta-feira, 13, no Jardim Universit\u00e1rio, a entrega do Polo do Centro de Refer\u00eancia em Assist\u00eancia Social (CRAS) IV e Cadastro \u00danico (Cad\u00danico). O espa\u00e7o funcionar\u00e1 como uma extens\u00e3o do atendimento e est\u00e1 localizado ao lado do CEU das Artes Professora Eunice Esp\u00edndola e do CCI Ignez Scarpellini L\u2019Apiccirella.<\/p>\n<p>A prefeita Paula Lemos ressaltou a import\u00e2ncia para a popula\u00e7\u00e3o dos bairros pr\u00f3ximos ao polo. \u201cN\u00f3s queremos melhorar a vida das pessoas, trazer os servi\u00e7os para perto. Sabemos que h\u00e1 mais a ser feito, mas para ir al\u00e9m \u00e9 preciso come\u00e7ar. Ent\u00e3o, estou muito feliz por mais esse passo. \u00c9 um sonho realizado\u201d, afirmou a chefe do Executivo. Ela destacou a sensibilidade da equipe do CRAS e do Cad\u00danico e pediu para que eles, juntos, descerrassem a placa do novo espa\u00e7o.<\/p>\n<p>Vit\u00f3ria Saretta, secret\u00e1ria de Assist\u00eancia Social e Desenvolvimento Humano, lembrou que, logo que a prefeita Paula lhe confiou a miss\u00e3o de chefiar a pasta, soube que aquele pr\u00e9dio estava fechado. \u201cForam praticamente tr\u00eas anos de luta para que cheg\u00e1ssemos a este momento de reabrir esse pr\u00e9dio. Isso \u00e9 um sonho realizado porque a gente sabe como \u00e9 grande a popula\u00e7\u00e3o que o CRAS IV abrange e que muitas pessoas t\u00eam dificuldade para se locomover. Agora quem mora mais perto daqui pode vir a este polo para atendimento\u201d, destacou. Vit\u00f3ria parabenizou a prefeita pelo olhar de cuidado com as pessoas, que busca proporcionar melhora na qualidade de vida de cada um.<\/p>\n<p>A secret\u00e1ria da pasta destacou ainda a alegria de Elton Marques a cada equipamento que chegava para compor o novo espa\u00e7o. Vit\u00f3ria agradeceu a cada integrante da equipe e, em especial ao Elton pelo per\u00edodo que esteve \u00e0 frente do Cad\u00danico, destacando que agora ele passa a integrar a equipe na sede da Secretaria, e desejou sucesso \u00e0 Patr\u00edcia de Paula Valadares, que assumiu a gest\u00e3o do Cad\u00danico na cidade.<\/p>\n<p>Espa\u00e7o reformado<\/p>\n<p>O pr\u00e9dio do novo espa\u00e7o contou com investimento de aproximadamente R$ 70 mil entre reforma, melhorias e compra de equipamentos. O local conta com tr\u00eas salas de atendimento e outros quatro c\u00f4modos.<\/p>\n<p>A reforma incluiu recupera\u00e7\u00e3o do telhado e substitui\u00e7\u00e3o de vidros quebrados. Tamb\u00e9m foram instaladas esquadrias met\u00e1licas e realizada pintura em paredes.<\/p>\n<p>Apresenta\u00e7\u00e3o e presen\u00e7a de autoridades<\/p>\n<p>A cerim\u00f4nia de inaugura\u00e7\u00e3o ficou ainda mais animada com a apresenta\u00e7\u00e3o de dan\u00e7a das mulheres que realizam atividades no CCI do bairro. Tamb\u00e9m estiveram presentes os vereadores Carl\u00e3o do Basquete, Nestor Leonel e Gabriel Uchida, al\u00e9m da presidente do Fundo Social de Solidariedade, Let\u00edcia Lemos, e de representantes de entidades, os quais, na sequ\u00eancia realizaram a assinatura de termos com a Prefeitura.<\/p>\n<p>Uchida ressaltou a import\u00e2ncia do Polo para a popula\u00e7\u00e3o dos bairros pr\u00f3ximos e parabenizou a prefeita Paula e a equipe da Assist\u00eancia pela sensibilidade, coragem e compromisso com que atuam. O vereador Nestor destacou os trabalhos realizados pelo munic\u00edpio, por meio da Assist\u00eancia, citando como exemplo o quanto os CCIs e CDI contribuem para tornar a popula\u00e7\u00e3o idosa mais ativa. Carl\u00e3o mencionou a import\u00e2ncia da integra\u00e7\u00e3o do espa\u00e7o do CEU e ressaltou a forma humana como a gest\u00e3o municipal trabalha.<\/p>\n<p>Situado na Rua S\u00e3o Jos\u00e9, n. 803, o Polo do CRAS IV realiza atendimentos relacionados ao Cad\u00danico e outras demandas da popula\u00e7\u00e3o de segunda a sexta-feira das 8 \u00e0s 16h.<\/p>\n","protected":false},"excerpt":{"rendered":"<p>&nbsp; Espa\u00e7o atender\u00e1 popula\u00e7\u00e3o da regi\u00e3o com a\u00e7\u00f5es relacionadas aos<\/p>\n","protected":false},"author":2,"featured_media":102410,"comment_status":"open","ping_status":"open","sticky":false,"template":"","format":"standard","meta":{"footnotes":""},"categories":[14,25],"tags":[],"class_list":["post-102409","post","type-post","status-publish","format-standard","has-post-thumbnail","hentry","category-barretos","category-cidades"],"yoast_head":"<!-- This site is optimized with the Yoast SEO plugin v27.4 - https:\/\/yoast.com\/product\/yoast-seo-wordpress\/ -->\n<title>Prefeitura entrega polo do CRAS IV e Cad\u00danico no Jardim Universit\u00e1rio - Regi\u00e3o News<\/title>\n<meta name=\"robots\" content=\"index, follow, max-snippet:-1, max-image-preview:large, max-video-preview:-1\" \/>\n<link rel=\"canonical\" href=\"https:\/\/regiaonews.net.br\/2022\/2024\/03\/14\/102409\/\" \/>\n<meta property=\"og:locale\" content=\"pt_BR\" \/>\n<meta property=\"og:type\" content=\"article\" \/>\n<meta property=\"og:title\" content=\"Prefeitura entrega polo do CRAS IV e Cad\u00danico no Jardim Universit\u00e1rio - Regi\u00e3o News\" \/>\n<meta property=\"og:description\" content=\"&nbsp; Espa\u00e7o atender\u00e1 popula\u00e7\u00e3o da regi\u00e3o com a\u00e7\u00f5es relacionadas aos\" \/>\n<meta property=\"og:url\" content=\"https:\/\/regiaonews.net.br\/2022\/2024\/03\/14\/102409\/\" \/>\n<meta property=\"og:site_name\" content=\"Regi\u00e3o News\" \/>\n<meta property=\"article:published_time\" content=\"2024-03-14T21:43:53+00:00\" \/>\n<meta property=\"article:modified_time\" content=\"2024-03-14T21:44:47+00:00\" \/>\n<meta property=\"og:image\" content=\"https:\/\/regiaonews.net.br\/2022\/wp-content\/uploads\/2024\/03\/WhatsApp-Image-2024-03-14-at-18.32.23.jpeg\" \/>\n\t<meta property=\"og:image:width\" content=\"1600\" \/>\n\t<meta property=\"og:image:height\" content=\"1067\" \/>\n\t<meta property=\"og:image:type\" content=\"image\/jpeg\" \/>\n<meta name=\"author\" content=\"Roberto\" \/>\n<meta name=\"twitter:card\" content=\"summary_large_image\" \/>\n<meta name=\"twitter:label1\" content=\"Escrito por\" \/>\n\t<meta name=\"twitter:data1\" content=\"Roberto\" \/>\n\t<meta name=\"twitter:label2\" content=\"Est. tempo de leitura\" \/>\n\t<meta name=\"twitter:data2\" content=\"4 minutos\" \/>\n<script type=\"application\/ld+json\" class=\"yoast-schema-graph\">{\"@context\":\"https:\\\/\\\/schema.org\",\"@graph\":[{\"@type\":\"Article\",\"@id\":\"https:\\\/\\\/regiaonews.net.br\\\/2022\\\/2024\\\/03\\\/14\\\/102409\\\/#article\",\"isPartOf\":{\"@id\":\"https:\\\/\\\/regiaonews.net.br\\\/2022\\\/2024\\\/03\\\/14\\\/102409\\\/\"},\"author\":{\"name\":\"Roberto\",\"@id\":\"https:\\\/\\\/regiaonews.net.br\\\/2022\\\/#\\\/schema\\\/person\\\/2d205a608a5aa97ac279d7a5e6d89ad8\"},\"headline\":\"Prefeitura entrega polo do CRAS IV e Cad\u00danico no Jardim Universit\u00e1rio\",\"datePublished\":\"2024-03-14T21:43:53+00:00\",\"dateModified\":\"2024-03-14T21:44:47+00:00\",\"mainEntityOfPage\":{\"@id\":\"https:\\\/\\\/regiaonews.net.br\\\/2022\\\/2024\\\/03\\\/14\\\/102409\\\/\"},\"wordCount\":666,\"commentCount\":0,\"publisher\":{\"@id\":\"https:\\\/\\\/regiaonews.net.br\\\/2022\\\/#organization\"},\"image\":{\"@id\":\"https:\\\/\\\/regiaonews.net.br\\\/2022\\\/2024\\\/03\\\/14\\\/102409\\\/#primaryimage\"},\"thumbnailUrl\":\"https:\\\/\\\/regiaonews.net.br\\\/2022\\\/wp-content\\\/uploads\\\/2024\\\/03\\\/WhatsApp-Image-2024-03-14-at-18.32.23.jpeg\",\"articleSection\":[\"Barretos\",\"Cidades\"],\"inLanguage\":\"pt-BR\",\"potentialAction\":[{\"@type\":\"CommentAction\",\"name\":\"Comment\",\"target\":[\"https:\\\/\\\/regiaonews.net.br\\\/2022\\\/2024\\\/03\\\/14\\\/102409\\\/#respond\"]}]},{\"@type\":\"WebPage\",\"@id\":\"https:\\\/\\\/regiaonews.net.br\\\/2022\\\/2024\\\/03\\\/14\\\/102409\\\/\",\"url\":\"https:\\\/\\\/regiaonews.net.br\\\/2022\\\/2024\\\/03\\\/14\\\/102409\\\/\",\"name\":\"Prefeitura entrega polo do CRAS IV e Cad\u00danico no Jardim Universit\u00e1rio - Regi\u00e3o News\",\"isPartOf\":{\"@id\":\"https:\\\/\\\/regiaonews.net.br\\\/2022\\\/#website\"},\"primaryImageOfPage\":{\"@id\":\"https:\\\/\\\/regiaonews.net.br\\\/2022\\\/2024\\\/03\\\/14\\\/102409\\\/#primaryimage\"},\"image\":{\"@id\":\"https:\\\/\\\/regiaonews.net.br\\\/2022\\\/2024\\\/03\\\/14\\\/102409\\\/#primaryimage\"},\"thumbnailUrl\":\"https:\\\/\\\/regiaonews.net.br\\\/2022\\\/wp-content\\\/uploads\\\/2024\\\/03\\\/WhatsApp-Image-2024-03-14-at-18.32.23.jpeg\",\"datePublished\":\"2024-03-14T21:43:53+00:00\",\"dateModified\":\"2024-03-14T21:44:47+00:00\",\"breadcrumb\":{\"@id\":\"https:\\\/\\\/regiaonews.net.br\\\/2022\\\/2024\\\/03\\\/14\\\/102409\\\/#breadcrumb\"},\"inLanguage\":\"pt-BR\",\"potentialAction\":[{\"@type\":\"ReadAction\",\"target\":[\"https:\\\/\\\/regiaonews.net.br\\\/2022\\\/2024\\\/03\\\/14\\\/102409\\\/\"]}]},{\"@type\":\"ImageObject\",\"inLanguage\":\"pt-BR\",\"@id\":\"https:\\\/\\\/regiaonews.net.br\\\/2022\\\/2024\\\/03\\\/14\\\/102409\\\/#primaryimage\",\"url\":\"https:\\\/\\\/regiaonews.net.br\\\/2022\\\/wp-content\\\/uploads\\\/2024\\\/03\\\/WhatsApp-Image-2024-03-14-at-18.32.23.jpeg\",\"contentUrl\":\"https:\\\/\\\/regiaonews.net.br\\\/2022\\\/wp-content\\\/uploads\\\/2024\\\/03\\\/WhatsApp-Image-2024-03-14-at-18.32.23.jpeg\",\"width\":1600,\"height\":1067},{\"@type\":\"BreadcrumbList\",\"@id\":\"https:\\\/\\\/regiaonews.net.br\\\/2022\\\/2024\\\/03\\\/14\\\/102409\\\/#breadcrumb\",\"itemListElement\":[{\"@type\":\"ListItem\",\"position\":1,\"name\":\"In\u00edcio\",\"item\":\"https:\\\/\\\/regiaonews.net.br\\\/2022\\\/\"},{\"@type\":\"ListItem\",\"position\":2,\"name\":\"Prefeitura entrega polo do CRAS IV e Cad\u00danico no Jardim Universit\u00e1rio\"}]},{\"@type\":\"WebSite\",\"@id\":\"https:\\\/\\\/regiaonews.net.br\\\/2022\\\/#website\",\"url\":\"https:\\\/\\\/regiaonews.net.br\\\/2022\\\/\",\"name\":\"Regi\u00e3o News\",\"description\":\"Site de Not\u00edcias de Barretos e regi\u00e3o\",\"publisher\":{\"@id\":\"https:\\\/\\\/regiaonews.net.br\\\/2022\\\/#organization\"},\"potentialAction\":[{\"@type\":\"SearchAction\",\"target\":{\"@type\":\"EntryPoint\",\"urlTemplate\":\"https:\\\/\\\/regiaonews.net.br\\\/2022\\\/?s={search_term_string}\"},\"query-input\":{\"@type\":\"PropertyValueSpecification\",\"valueRequired\":true,\"valueName\":\"search_term_string\"}}],\"inLanguage\":\"pt-BR\"},{\"@type\":\"Organization\",\"@id\":\"https:\\\/\\\/regiaonews.net.br\\\/2022\\\/#organization\",\"name\":\"Regi\u00e3o News\",\"url\":\"https:\\\/\\\/regiaonews.net.br\\\/2022\\\/\",\"logo\":{\"@type\":\"ImageObject\",\"inLanguage\":\"pt-BR\",\"@id\":\"https:\\\/\\\/regiaonews.net.br\\\/2022\\\/#\\\/schema\\\/logo\\\/image\\\/\",\"url\":\"https:\\\/\\\/regiaonews.net.br\\\/2022\\\/wp-content\\\/uploads\\\/2026\\\/03\\\/regiao-13-anos-scaled.jpg\",\"contentUrl\":\"https:\\\/\\\/regiaonews.net.br\\\/2022\\\/wp-content\\\/uploads\\\/2026\\\/03\\\/regiao-13-anos-scaled.jpg\",\"width\":2560,\"height\":635,\"caption\":\"Regi\u00e3o News\"},\"image\":{\"@id\":\"https:\\\/\\\/regiaonews.net.br\\\/2022\\\/#\\\/schema\\\/logo\\\/image\\\/\"}},{\"@type\":\"Person\",\"@id\":\"https:\\\/\\\/regiaonews.net.br\\\/2022\\\/#\\\/schema\\\/person\\\/2d205a608a5aa97ac279d7a5e6d89ad8\",\"name\":\"Roberto\",\"image\":{\"@type\":\"ImageObject\",\"inLanguage\":\"pt-BR\",\"@id\":\"https:\\\/\\\/secure.gravatar.com\\\/avatar\\\/42749d8b712ff9d59ca93dc150494e5b55a44134482993f5baeb97e61b7ecc89?s=96&d=mm&r=g\",\"url\":\"https:\\\/\\\/secure.gravatar.com\\\/avatar\\\/42749d8b712ff9d59ca93dc150494e5b55a44134482993f5baeb97e61b7ecc89?s=96&d=mm&r=g\",\"contentUrl\":\"https:\\\/\\\/secure.gravatar.com\\\/avatar\\\/42749d8b712ff9d59ca93dc150494e5b55a44134482993f5baeb97e61b7ecc89?s=96&d=mm&r=g\",\"caption\":\"Roberto\"},\"url\":\"https:\\\/\\\/regiaonews.net.br\\\/2022\\\/author\\\/roberto\\\/\"}]}<\/script>\n<!-- \/ Yoast SEO plugin. -->","yoast_head_json":{"title":"Prefeitura entrega polo do CRAS IV e Cad\u00danico no Jardim Universit\u00e1rio - Regi\u00e3o News","robots":{"index":"index","follow":"follow","max-snippet":"max-snippet:-1","max-image-preview":"max-image-preview:large","max-video-preview":"max-video-preview:-1"},"canonical":"https:\/\/regiaonews.net.br\/2022\/2024\/03\/14\/102409\/","og_locale":"pt_BR","og_type":"article","og_title":"Prefeitura entrega polo do CRAS IV e Cad\u00danico no Jardim Universit\u00e1rio - Regi\u00e3o News","og_description":"&nbsp; Espa\u00e7o atender\u00e1 popula\u00e7\u00e3o da regi\u00e3o com a\u00e7\u00f5es relacionadas aos","og_url":"https:\/\/regiaonews.net.br\/2022\/2024\/03\/14\/102409\/","og_site_name":"Regi\u00e3o News","article_published_time":"2024-03-14T21:43:53+00:00","article_modified_time":"2024-03-14T21:44:47+00:00","og_image":[{"width":1600,"height":1067,"url":"https:\/\/regiaonews.net.br\/2022\/wp-content\/uploads\/2024\/03\/WhatsApp-Image-2024-03-14-at-18.32.23.jpeg","type":"image\/jpeg"}],"author":"Roberto","twitter_card":"summary_large_image","twitter_misc":{"Escrito por":"Roberto","Est. tempo de leitura":"4 minutos"},"schema":{"@context":"https:\/\/schema.org","@graph":[{"@type":"Article","@id":"https:\/\/regiaonews.net.br\/2022\/2024\/03\/14\/102409\/#article","isPartOf":{"@id":"https:\/\/regiaonews.net.br\/2022\/2024\/03\/14\/102409\/"},"author":{"name":"Roberto","@id":"https:\/\/regiaonews.net.br\/2022\/#\/schema\/person\/2d205a608a5aa97ac279d7a5e6d89ad8"},"headline":"Prefeitura entrega polo do CRAS IV e Cad\u00danico no Jardim Universit\u00e1rio","datePublished":"2024-03-14T21:43:53+00:00","dateModified":"2024-03-14T21:44:47+00:00","mainEntityOfPage":{"@id":"https:\/\/regiaonews.net.br\/2022\/2024\/03\/14\/102409\/"},"wordCount":666,"commentCount":0,"publisher":{"@id":"https:\/\/regiaonews.net.br\/2022\/#organization"},"image":{"@id":"https:\/\/regiaonews.net.br\/2022\/2024\/03\/14\/102409\/#primaryimage"},"thumbnailUrl":"https:\/\/regiaonews.net.br\/2022\/wp-content\/uploads\/2024\/03\/WhatsApp-Image-2024-03-14-at-18.32.23.jpeg","articleSection":["Barretos","Cidades"],"inLanguage":"pt-BR","potentialAction":[{"@type":"CommentAction","name":"Comment","target":["https:\/\/regiaonews.net.br\/2022\/2024\/03\/14\/102409\/#respond"]}]},{"@type":"WebPage","@id":"https:\/\/regiaonews.net.br\/2022\/2024\/03\/14\/102409\/","url":"https:\/\/regiaonews.net.br\/2022\/2024\/03\/14\/102409\/","name":"Prefeitura entrega polo do CRAS IV e Cad\u00danico no Jardim Universit\u00e1rio - Regi\u00e3o News","isPartOf":{"@id":"https:\/\/regiaonews.net.br\/2022\/#website"},"primaryImageOfPage":{"@id":"https:\/\/regiaonews.net.br\/2022\/2024\/03\/14\/102409\/#primaryimage"},"image":{"@id":"https:\/\/regiaonews.net.br\/2022\/2024\/03\/14\/102409\/#primaryimage"},"thumbnailUrl":"https:\/\/regiaonews.net.br\/2022\/wp-content\/uploads\/2024\/03\/WhatsApp-Image-2024-03-14-at-18.32.23.jpeg","datePublished":"2024-03-14T21:43:53+00:00","dateModified":"2024-03-14T21:44:47+00:00","breadcrumb":{"@id":"https:\/\/regiaonews.net.br\/2022\/2024\/03\/14\/102409\/#breadcrumb"},"inLanguage":"pt-BR","potentialAction":[{"@type":"ReadAction","target":["https:\/\/regiaonews.net.br\/2022\/2024\/03\/14\/102409\/"]}]},{"@type":"ImageObject","inLanguage":"pt-BR","@id":"https:\/\/regiaonews.net.br\/2022\/2024\/03\/14\/102409\/#primaryimage","url":"https:\/\/regiaonews.net.br\/2022\/wp-content\/uploads\/2024\/03\/WhatsApp-Image-2024-03-14-at-18.32.23.jpeg","contentUrl":"https:\/\/regiaonews.net.br\/2022\/wp-content\/uploads\/2024\/03\/WhatsApp-Image-2024-03-14-at-18.32.23.jpeg","width":1600,"height":1067},{"@type":"BreadcrumbList","@id":"https:\/\/regiaonews.net.br\/2022\/2024\/03\/14\/102409\/#breadcrumb","itemListElement":[{"@type":"ListItem","position":1,"name":"In\u00edcio","item":"https:\/\/regiaonews.net.br\/2022\/"},{"@type":"ListItem","position":2,"name":"Prefeitura entrega polo do CRAS IV e Cad\u00danico no Jardim Universit\u00e1rio"}]},{"@type":"WebSite","@id":"https:\/\/regiaonews.net.br\/2022\/#website","url":"https:\/\/regiaonews.net.br\/2022\/","name":"Regi\u00e3o News","description":"Site de Not\u00edcias de Barretos e regi\u00e3o","publisher":{"@id":"https:\/\/regiaonews.net.br\/2022\/#organization"},"potentialAction":[{"@type":"SearchAction","target":{"@type":"EntryPoint","urlTemplate":"https:\/\/regiaonews.net.br\/2022\/?s={search_term_string}"},"query-input":{"@type":"PropertyValueSpecification","valueRequired":true,"valueName":"search_term_string"}}],"inLanguage":"pt-BR"},{"@type":"Organization","@id":"https:\/\/regiaonews.net.br\/2022\/#organization","name":"Regi\u00e3o News","url":"https:\/\/regiaonews.net.br\/2022\/","logo":{"@type":"ImageObject","inLanguage":"pt-BR","@id":"https:\/\/regiaonews.net.br\/2022\/#\/schema\/logo\/image\/","url":"https:\/\/regiaonews.net.br\/2022\/wp-content\/uploads\/2026\/03\/regiao-13-anos-scaled.jpg","contentUrl":"https:\/\/regiaonews.net.br\/2022\/wp-content\/uploads\/2026\/03\/regiao-13-anos-scaled.jpg","width":2560,"height":635,"caption":"Regi\u00e3o News"},"image":{"@id":"https:\/\/regiaonews.net.br\/2022\/#\/schema\/logo\/image\/"}},{"@type":"Person","@id":"https:\/\/regiaonews.net.br\/2022\/#\/schema\/person\/2d205a608a5aa97ac279d7a5e6d89ad8","name":"Roberto","image":{"@type":"ImageObject","inLanguage":"pt-BR","@id":"https:\/\/secure.gravatar.com\/avatar\/42749d8b712ff9d59ca93dc150494e5b55a44134482993f5baeb97e61b7ecc89?s=96&d=mm&r=g","url":"https:\/\/secure.gravatar.com\/avatar\/42749d8b712ff9d59ca93dc150494e5b55a44134482993f5baeb97e61b7ecc89?s=96&d=mm&r=g","contentUrl":"https:\/\/secure.gravatar.com\/avatar\/42749d8b712ff9d59ca93dc150494e5b55a44134482993f5baeb97e61b7ecc89?s=96&d=mm&r=g","caption":"Roberto"},"url":"https:\/\/regiaonews.net.br\/2022\/author\/roberto\/"}]}},"publishpress_future_action":{"enabled":false,"date":"2026-05-03 18:57:25","action":"change-status","newStatus":"draft","terms":[],"taxonomy":"category","extraData":[]},"publishpress_future_workflow_manual_trigger":{"enabledWorkflows":[]},"_links":{"self":[{"href":"https:\/\/regiaonews.net.br\/2022\/wp-json\/wp\/v2\/posts\/102409","targetHints":{"allow":["GET"]}}],"collection":[{"href":"https:\/\/regiaonews.net.br\/2022\/wp-json\/wp\/v2\/posts"}],"about":[{"href":"https:\/\/regiaonews.net.br\/2022\/wp-json\/wp\/v2\/types\/post"}],"author":[{"embeddable":true,"href":"https:\/\/regiaonews.net.br\/2022\/wp-json\/wp\/v2\/users\/2"}],"replies":[{"embeddable":true,"href":"https:\/\/regiaonews.net.br\/2022\/wp-json\/wp\/v2\/comments?post=102409"}],"version-history":[{"count":2,"href":"https:\/\/regiaonews.net.br\/2022\/wp-json\/wp\/v2\/posts\/102409\/revisions"}],"predecessor-version":[{"id":102412,"href":"https:\/\/regiaonews.net.br\/2022\/wp-json\/wp\/v2\/posts\/102409\/revisions\/102412"}],"wp:featuredmedia":[{"embeddable":true,"href":"https:\/\/regiaonews.net.br\/2022\/wp-json\/wp\/v2\/media\/102410"}],"wp:attachment":[{"href":"https:\/\/regiaonews.net.br\/2022\/wp-json\/wp\/v2\/media?parent=102409"}],"wp:term":[{"taxonomy":"category","embeddable":true,"href":"https:\/\/regiaonews.net.br\/2022\/wp-json\/wp\/v2\/categories?post=102409"},{"taxonomy":"post_tag","embeddable":true,"href":"https:\/\/regiaonews.net.br\/2022\/wp-json\/wp\/v2\/tags?post=102409"}],"curies":[{"name":"wp","href":"https:\/\/api.w.org\/{rel}","templated":true}]}}