{"id":102406,"date":"2024-03-14T18:41:06","date_gmt":"2024-03-14T21:41:06","guid":{"rendered":"https:\/\/regiaonews.net.br\/2022\/?p=102406"},"modified":"2024-03-14T18:41:59","modified_gmt":"2024-03-14T21:41:59","slug":"gestor-do-north-shopping-diz-que-dia-do-consumidor-e-oportunidade-para-lojistas-estreitar-relacionamento-com-clientes","status":"publish","type":"post","link":"https:\/\/regiaonews.net.br\/2022\/2024\/03\/14\/gestor-do-north-shopping-diz-que-dia-do-consumidor-e-oportunidade-para-lojistas-estreitar-relacionamento-com-clientes\/","title":{"rendered":"Gestor do North Shopping diz que Dia do Consumidor \u00e9 oportunidade para lojistas estreitar relacionamento com clientes"},"content":{"rendered":"<p>Ricardo Martins Marques chama a aten\u00e7\u00e3o para as datas comemorativas como forma de alavancar promo\u00e7\u00f5es e criar v\u00ednculo com os clientes<\/p>\n<p>\u201cO varejo mudou muito nos \u00faltimos anos, promo\u00e7\u00f5es baseadas apenas em baixar pre\u00e7os de produtos ou servi\u00e7os j\u00e1 n\u00e3o fazem os efeitos de antes, pois o consumidor est\u00e1 cada vez mais informado sobre quanto vale tudo o que ele compra, \u00e9 preciso ir al\u00e9m, e aproveitar datas como o Dia do Consumidor, \u00e9 importante para estreitar o relacionamento com os clientes, mostrar a eles que a loja se importa com seu poder de decis\u00e3o, mostrar-se perto e aliado, pois as pessoas compram de quem confiam\u201d, revela o gerente do North Shopping Barretos, Ricardo Martins Marques.<br \/>\n\u00c0 frente do empreendimento desde o ano de sua inaugura\u00e7\u00e3o, Ricardo, que j\u00e1 passou pela ger\u00eancia de marketing, chama a aten\u00e7\u00e3o para a necessidade de os empres\u00e1rios do varejo acompanharem as tend\u00eancias de comportamento do consumo, antes de implementar grandes promo\u00e7\u00f5es em datas pontuais. \u201cA grande a\u00e7\u00e3o de marketing e vendas que fez um sucesso estrondoso no ano passado pode ser um fracasso nesse ano, n\u00e3o d\u00e1 para ficar repetindo modelos, \u00e9 preciso inovar, o que, muitas vezes, significa retomar as ra\u00edzes do atendimento no varejo. Hoje as pessoas querem mais que um atendimento de qualidade, pois isso \u00e9 o b\u00e1sico, a obriga\u00e7\u00e3o da loja, as pessoas querem experi\u00eancias customizadas a seus interesses pessoais, querem respeito \u00e0 sua individualidade, e quem oferece isso, n\u00e3o \u00e9 julgado pelos pre\u00e7os que cobra, mas pelas experi\u00eancias que oferece\u201d, disse ele.<br \/>\nPara esse dia 15 de mar\u00e7o, Dia do Consumidor, o North Shopping Barretos est\u00e1 realizando uma a\u00e7\u00e3o conjunta com os lojistas que vai al\u00e9m dos tradicionais descontos do dia, haver\u00e1 sorteio de presentes, distribui\u00e7\u00e3o de brindes e muitas surpresas no centro de compras.<br \/>\nO North Shopping Barretos tem os seguintes hor\u00e1rios de funcionamento nesta sexta-feira<\/p>\n","protected":false},"excerpt":{"rendered":"<p>Ricardo Martins Marques chama a aten\u00e7\u00e3o para as datas comemorativas<\/p>\n","protected":false},"author":2,"featured_media":102408,"comment_status":"open","ping_status":"open","sticky":false,"template":"","format":"standard","meta":{"footnotes":""},"categories":[14,25],"tags":[],"class_list":["post-102406","post","type-post","status-publish","format-standard","has-post-thumbnail","hentry","category-barretos","category-cidades"],"yoast_head":"<!-- This site is optimized with the Yoast SEO plugin v27.4 - https:\/\/yoast.com\/product\/yoast-seo-wordpress\/ -->\n<title>Gestor do North Shopping diz que Dia do Consumidor \u00e9 oportunidade para lojistas estreitar relacionamento com clientes - Regi\u00e3o News<\/title>\n<meta name=\"robots\" content=\"index, follow, max-snippet:-1, max-image-preview:large, max-video-preview:-1\" \/>\n<link rel=\"canonical\" href=\"https:\/\/regiaonews.net.br\/2022\/2024\/03\/14\/gestor-do-north-shopping-diz-que-dia-do-consumidor-e-oportunidade-para-lojistas-estreitar-relacionamento-com-clientes\/\" \/>\n<meta property=\"og:locale\" content=\"pt_BR\" \/>\n<meta property=\"og:type\" content=\"article\" \/>\n<meta property=\"og:title\" content=\"Gestor do North Shopping diz que Dia do Consumidor \u00e9 oportunidade para lojistas estreitar relacionamento com clientes - Regi\u00e3o News\" \/>\n<meta property=\"og:description\" content=\"Ricardo Martins Marques chama a aten\u00e7\u00e3o para as datas comemorativas\" \/>\n<meta property=\"og:url\" content=\"https:\/\/regiaonews.net.br\/2022\/2024\/03\/14\/gestor-do-north-shopping-diz-que-dia-do-consumidor-e-oportunidade-para-lojistas-estreitar-relacionamento-com-clientes\/\" \/>\n<meta property=\"og:site_name\" content=\"Regi\u00e3o News\" \/>\n<meta property=\"article:published_time\" content=\"2024-03-14T21:41:06+00:00\" \/>\n<meta property=\"article:modified_time\" content=\"2024-03-14T21:41:59+00:00\" \/>\n<meta property=\"og:image\" content=\"https:\/\/regiaonews.net.br\/2022\/wp-content\/uploads\/2024\/03\/WhatsApp-Image-2024-03-14-at-18.32.56.jpeg\" \/>\n\t<meta property=\"og:image:width\" content=\"1080\" \/>\n\t<meta property=\"og:image:height\" content=\"1080\" \/>\n\t<meta property=\"og:image:type\" content=\"image\/jpeg\" \/>\n<meta name=\"author\" content=\"Roberto\" \/>\n<meta name=\"twitter:card\" content=\"summary_large_image\" \/>\n<meta name=\"twitter:label1\" content=\"Escrito por\" \/>\n\t<meta name=\"twitter:data1\" content=\"Roberto\" \/>\n\t<meta name=\"twitter:label2\" content=\"Est. tempo de leitura\" \/>\n\t<meta name=\"twitter:data2\" content=\"2 minutos\" \/>\n<script type=\"application\/ld+json\" class=\"yoast-schema-graph\">{\"@context\":\"https:\\\/\\\/schema.org\",\"@graph\":[{\"@type\":\"Article\",\"@id\":\"https:\\\/\\\/regiaonews.net.br\\\/2022\\\/2024\\\/03\\\/14\\\/gestor-do-north-shopping-diz-que-dia-do-consumidor-e-oportunidade-para-lojistas-estreitar-relacionamento-com-clientes\\\/#article\",\"isPartOf\":{\"@id\":\"https:\\\/\\\/regiaonews.net.br\\\/2022\\\/2024\\\/03\\\/14\\\/gestor-do-north-shopping-diz-que-dia-do-consumidor-e-oportunidade-para-lojistas-estreitar-relacionamento-com-clientes\\\/\"},\"author\":{\"name\":\"Roberto\",\"@id\":\"https:\\\/\\\/regiaonews.net.br\\\/2022\\\/#\\\/schema\\\/person\\\/2d205a608a5aa97ac279d7a5e6d89ad8\"},\"headline\":\"Gestor do North Shopping diz que Dia do Consumidor \u00e9 oportunidade para lojistas estreitar relacionamento com clientes\",\"datePublished\":\"2024-03-14T21:41:06+00:00\",\"dateModified\":\"2024-03-14T21:41:59+00:00\",\"mainEntityOfPage\":{\"@id\":\"https:\\\/\\\/regiaonews.net.br\\\/2022\\\/2024\\\/03\\\/14\\\/gestor-do-north-shopping-diz-que-dia-do-consumidor-e-oportunidade-para-lojistas-estreitar-relacionamento-com-clientes\\\/\"},\"wordCount\":345,\"commentCount\":0,\"publisher\":{\"@id\":\"https:\\\/\\\/regiaonews.net.br\\\/2022\\\/#organization\"},\"image\":{\"@id\":\"https:\\\/\\\/regiaonews.net.br\\\/2022\\\/2024\\\/03\\\/14\\\/gestor-do-north-shopping-diz-que-dia-do-consumidor-e-oportunidade-para-lojistas-estreitar-relacionamento-com-clientes\\\/#primaryimage\"},\"thumbnailUrl\":\"https:\\\/\\\/regiaonews.net.br\\\/2022\\\/wp-content\\\/uploads\\\/2024\\\/03\\\/WhatsApp-Image-2024-03-14-at-18.32.56.jpeg\",\"articleSection\":[\"Barretos\",\"Cidades\"],\"inLanguage\":\"pt-BR\",\"potentialAction\":[{\"@type\":\"CommentAction\",\"name\":\"Comment\",\"target\":[\"https:\\\/\\\/regiaonews.net.br\\\/2022\\\/2024\\\/03\\\/14\\\/gestor-do-north-shopping-diz-que-dia-do-consumidor-e-oportunidade-para-lojistas-estreitar-relacionamento-com-clientes\\\/#respond\"]}]},{\"@type\":\"WebPage\",\"@id\":\"https:\\\/\\\/regiaonews.net.br\\\/2022\\\/2024\\\/03\\\/14\\\/gestor-do-north-shopping-diz-que-dia-do-consumidor-e-oportunidade-para-lojistas-estreitar-relacionamento-com-clientes\\\/\",\"url\":\"https:\\\/\\\/regiaonews.net.br\\\/2022\\\/2024\\\/03\\\/14\\\/gestor-do-north-shopping-diz-que-dia-do-consumidor-e-oportunidade-para-lojistas-estreitar-relacionamento-com-clientes\\\/\",\"name\":\"Gestor do North Shopping diz que Dia do Consumidor \u00e9 oportunidade para lojistas estreitar relacionamento com clientes - Regi\u00e3o News\",\"isPartOf\":{\"@id\":\"https:\\\/\\\/regiaonews.net.br\\\/2022\\\/#website\"},\"primaryImageOfPage\":{\"@id\":\"https:\\\/\\\/regiaonews.net.br\\\/2022\\\/2024\\\/03\\\/14\\\/gestor-do-north-shopping-diz-que-dia-do-consumidor-e-oportunidade-para-lojistas-estreitar-relacionamento-com-clientes\\\/#primaryimage\"},\"image\":{\"@id\":\"https:\\\/\\\/regiaonews.net.br\\\/2022\\\/2024\\\/03\\\/14\\\/gestor-do-north-shopping-diz-que-dia-do-consumidor-e-oportunidade-para-lojistas-estreitar-relacionamento-com-clientes\\\/#primaryimage\"},\"thumbnailUrl\":\"https:\\\/\\\/regiaonews.net.br\\\/2022\\\/wp-content\\\/uploads\\\/2024\\\/03\\\/WhatsApp-Image-2024-03-14-at-18.32.56.jpeg\",\"datePublished\":\"2024-03-14T21:41:06+00:00\",\"dateModified\":\"2024-03-14T21:41:59+00:00\",\"breadcrumb\":{\"@id\":\"https:\\\/\\\/regiaonews.net.br\\\/2022\\\/2024\\\/03\\\/14\\\/gestor-do-north-shopping-diz-que-dia-do-consumidor-e-oportunidade-para-lojistas-estreitar-relacionamento-com-clientes\\\/#breadcrumb\"},\"inLanguage\":\"pt-BR\",\"potentialAction\":[{\"@type\":\"ReadAction\",\"target\":[\"https:\\\/\\\/regiaonews.net.br\\\/2022\\\/2024\\\/03\\\/14\\\/gestor-do-north-shopping-diz-que-dia-do-consumidor-e-oportunidade-para-lojistas-estreitar-relacionamento-com-clientes\\\/\"]}]},{\"@type\":\"ImageObject\",\"inLanguage\":\"pt-BR\",\"@id\":\"https:\\\/\\\/regiaonews.net.br\\\/2022\\\/2024\\\/03\\\/14\\\/gestor-do-north-shopping-diz-que-dia-do-consumidor-e-oportunidade-para-lojistas-estreitar-relacionamento-com-clientes\\\/#primaryimage\",\"url\":\"https:\\\/\\\/regiaonews.net.br\\\/2022\\\/wp-content\\\/uploads\\\/2024\\\/03\\\/WhatsApp-Image-2024-03-14-at-18.32.56.jpeg\",\"contentUrl\":\"https:\\\/\\\/regiaonews.net.br\\\/2022\\\/wp-content\\\/uploads\\\/2024\\\/03\\\/WhatsApp-Image-2024-03-14-at-18.32.56.jpeg\",\"width\":1080,\"height\":1080},{\"@type\":\"BreadcrumbList\",\"@id\":\"https:\\\/\\\/regiaonews.net.br\\\/2022\\\/2024\\\/03\\\/14\\\/gestor-do-north-shopping-diz-que-dia-do-consumidor-e-oportunidade-para-lojistas-estreitar-relacionamento-com-clientes\\\/#breadcrumb\",\"itemListElement\":[{\"@type\":\"ListItem\",\"position\":1,\"name\":\"In\u00edcio\",\"item\":\"https:\\\/\\\/regiaonews.net.br\\\/2022\\\/\"},{\"@type\":\"ListItem\",\"position\":2,\"name\":\"Gestor do North Shopping diz que Dia do Consumidor \u00e9 oportunidade para lojistas estreitar relacionamento com clientes\"}]},{\"@type\":\"WebSite\",\"@id\":\"https:\\\/\\\/regiaonews.net.br\\\/2022\\\/#website\",\"url\":\"https:\\\/\\\/regiaonews.net.br\\\/2022\\\/\",\"name\":\"Regi\u00e3o News\",\"description\":\"Site de Not\u00edcias de Barretos e regi\u00e3o\",\"publisher\":{\"@id\":\"https:\\\/\\\/regiaonews.net.br\\\/2022\\\/#organization\"},\"potentialAction\":[{\"@type\":\"SearchAction\",\"target\":{\"@type\":\"EntryPoint\",\"urlTemplate\":\"https:\\\/\\\/regiaonews.net.br\\\/2022\\\/?s={search_term_string}\"},\"query-input\":{\"@type\":\"PropertyValueSpecification\",\"valueRequired\":true,\"valueName\":\"search_term_string\"}}],\"inLanguage\":\"pt-BR\"},{\"@type\":\"Organization\",\"@id\":\"https:\\\/\\\/regiaonews.net.br\\\/2022\\\/#organization\",\"name\":\"Regi\u00e3o News\",\"url\":\"https:\\\/\\\/regiaonews.net.br\\\/2022\\\/\",\"logo\":{\"@type\":\"ImageObject\",\"inLanguage\":\"pt-BR\",\"@id\":\"https:\\\/\\\/regiaonews.net.br\\\/2022\\\/#\\\/schema\\\/logo\\\/image\\\/\",\"url\":\"https:\\\/\\\/regiaonews.net.br\\\/2022\\\/wp-content\\\/uploads\\\/2026\\\/03\\\/regiao-13-anos-scaled.jpg\",\"contentUrl\":\"https:\\\/\\\/regiaonews.net.br\\\/2022\\\/wp-content\\\/uploads\\\/2026\\\/03\\\/regiao-13-anos-scaled.jpg\",\"width\":2560,\"height\":635,\"caption\":\"Regi\u00e3o News\"},\"image\":{\"@id\":\"https:\\\/\\\/regiaonews.net.br\\\/2022\\\/#\\\/schema\\\/logo\\\/image\\\/\"}},{\"@type\":\"Person\",\"@id\":\"https:\\\/\\\/regiaonews.net.br\\\/2022\\\/#\\\/schema\\\/person\\\/2d205a608a5aa97ac279d7a5e6d89ad8\",\"name\":\"Roberto\",\"image\":{\"@type\":\"ImageObject\",\"inLanguage\":\"pt-BR\",\"@id\":\"https:\\\/\\\/secure.gravatar.com\\\/avatar\\\/42749d8b712ff9d59ca93dc150494e5b55a44134482993f5baeb97e61b7ecc89?s=96&d=mm&r=g\",\"url\":\"https:\\\/\\\/secure.gravatar.com\\\/avatar\\\/42749d8b712ff9d59ca93dc150494e5b55a44134482993f5baeb97e61b7ecc89?s=96&d=mm&r=g\",\"contentUrl\":\"https:\\\/\\\/secure.gravatar.com\\\/avatar\\\/42749d8b712ff9d59ca93dc150494e5b55a44134482993f5baeb97e61b7ecc89?s=96&d=mm&r=g\",\"caption\":\"Roberto\"},\"url\":\"https:\\\/\\\/regiaonews.net.br\\\/2022\\\/author\\\/roberto\\\/\"}]}<\/script>\n<!-- \/ Yoast SEO plugin. -->","yoast_head_json":{"title":"Gestor do North Shopping diz que Dia do Consumidor \u00e9 oportunidade para lojistas estreitar relacionamento com clientes - Regi\u00e3o News","robots":{"index":"index","follow":"follow","max-snippet":"max-snippet:-1","max-image-preview":"max-image-preview:large","max-video-preview":"max-video-preview:-1"},"canonical":"https:\/\/regiaonews.net.br\/2022\/2024\/03\/14\/gestor-do-north-shopping-diz-que-dia-do-consumidor-e-oportunidade-para-lojistas-estreitar-relacionamento-com-clientes\/","og_locale":"pt_BR","og_type":"article","og_title":"Gestor do North Shopping diz que Dia do Consumidor \u00e9 oportunidade para lojistas estreitar relacionamento com clientes - Regi\u00e3o News","og_description":"Ricardo Martins Marques chama a aten\u00e7\u00e3o para as datas comemorativas","og_url":"https:\/\/regiaonews.net.br\/2022\/2024\/03\/14\/gestor-do-north-shopping-diz-que-dia-do-consumidor-e-oportunidade-para-lojistas-estreitar-relacionamento-com-clientes\/","og_site_name":"Regi\u00e3o News","article_published_time":"2024-03-14T21:41:06+00:00","article_modified_time":"2024-03-14T21:41:59+00:00","og_image":[{"width":1080,"height":1080,"url":"https:\/\/regiaonews.net.br\/2022\/wp-content\/uploads\/2024\/03\/WhatsApp-Image-2024-03-14-at-18.32.56.jpeg","type":"image\/jpeg"}],"author":"Roberto","twitter_card":"summary_large_image","twitter_misc":{"Escrito por":"Roberto","Est. tempo de leitura":"2 minutos"},"schema":{"@context":"https:\/\/schema.org","@graph":[{"@type":"Article","@id":"https:\/\/regiaonews.net.br\/2022\/2024\/03\/14\/gestor-do-north-shopping-diz-que-dia-do-consumidor-e-oportunidade-para-lojistas-estreitar-relacionamento-com-clientes\/#article","isPartOf":{"@id":"https:\/\/regiaonews.net.br\/2022\/2024\/03\/14\/gestor-do-north-shopping-diz-que-dia-do-consumidor-e-oportunidade-para-lojistas-estreitar-relacionamento-com-clientes\/"},"author":{"name":"Roberto","@id":"https:\/\/regiaonews.net.br\/2022\/#\/schema\/person\/2d205a608a5aa97ac279d7a5e6d89ad8"},"headline":"Gestor do North Shopping diz que Dia do Consumidor \u00e9 oportunidade para lojistas estreitar relacionamento com clientes","datePublished":"2024-03-14T21:41:06+00:00","dateModified":"2024-03-14T21:41:59+00:00","mainEntityOfPage":{"@id":"https:\/\/regiaonews.net.br\/2022\/2024\/03\/14\/gestor-do-north-shopping-diz-que-dia-do-consumidor-e-oportunidade-para-lojistas-estreitar-relacionamento-com-clientes\/"},"wordCount":345,"commentCount":0,"publisher":{"@id":"https:\/\/regiaonews.net.br\/2022\/#organization"},"image":{"@id":"https:\/\/regiaonews.net.br\/2022\/2024\/03\/14\/gestor-do-north-shopping-diz-que-dia-do-consumidor-e-oportunidade-para-lojistas-estreitar-relacionamento-com-clientes\/#primaryimage"},"thumbnailUrl":"https:\/\/regiaonews.net.br\/2022\/wp-content\/uploads\/2024\/03\/WhatsApp-Image-2024-03-14-at-18.32.56.jpeg","articleSection":["Barretos","Cidades"],"inLanguage":"pt-BR","potentialAction":[{"@type":"CommentAction","name":"Comment","target":["https:\/\/regiaonews.net.br\/2022\/2024\/03\/14\/gestor-do-north-shopping-diz-que-dia-do-consumidor-e-oportunidade-para-lojistas-estreitar-relacionamento-com-clientes\/#respond"]}]},{"@type":"WebPage","@id":"https:\/\/regiaonews.net.br\/2022\/2024\/03\/14\/gestor-do-north-shopping-diz-que-dia-do-consumidor-e-oportunidade-para-lojistas-estreitar-relacionamento-com-clientes\/","url":"https:\/\/regiaonews.net.br\/2022\/2024\/03\/14\/gestor-do-north-shopping-diz-que-dia-do-consumidor-e-oportunidade-para-lojistas-estreitar-relacionamento-com-clientes\/","name":"Gestor do North Shopping diz que Dia do Consumidor \u00e9 oportunidade para lojistas estreitar relacionamento com clientes - Regi\u00e3o News","isPartOf":{"@id":"https:\/\/regiaonews.net.br\/2022\/#website"},"primaryImageOfPage":{"@id":"https:\/\/regiaonews.net.br\/2022\/2024\/03\/14\/gestor-do-north-shopping-diz-que-dia-do-consumidor-e-oportunidade-para-lojistas-estreitar-relacionamento-com-clientes\/#primaryimage"},"image":{"@id":"https:\/\/regiaonews.net.br\/2022\/2024\/03\/14\/gestor-do-north-shopping-diz-que-dia-do-consumidor-e-oportunidade-para-lojistas-estreitar-relacionamento-com-clientes\/#primaryimage"},"thumbnailUrl":"https:\/\/regiaonews.net.br\/2022\/wp-content\/uploads\/2024\/03\/WhatsApp-Image-2024-03-14-at-18.32.56.jpeg","datePublished":"2024-03-14T21:41:06+00:00","dateModified":"2024-03-14T21:41:59+00:00","breadcrumb":{"@id":"https:\/\/regiaonews.net.br\/2022\/2024\/03\/14\/gestor-do-north-shopping-diz-que-dia-do-consumidor-e-oportunidade-para-lojistas-estreitar-relacionamento-com-clientes\/#breadcrumb"},"inLanguage":"pt-BR","potentialAction":[{"@type":"ReadAction","target":["https:\/\/regiaonews.net.br\/2022\/2024\/03\/14\/gestor-do-north-shopping-diz-que-dia-do-consumidor-e-oportunidade-para-lojistas-estreitar-relacionamento-com-clientes\/"]}]},{"@type":"ImageObject","inLanguage":"pt-BR","@id":"https:\/\/regiaonews.net.br\/2022\/2024\/03\/14\/gestor-do-north-shopping-diz-que-dia-do-consumidor-e-oportunidade-para-lojistas-estreitar-relacionamento-com-clientes\/#primaryimage","url":"https:\/\/regiaonews.net.br\/2022\/wp-content\/uploads\/2024\/03\/WhatsApp-Image-2024-03-14-at-18.32.56.jpeg","contentUrl":"https:\/\/regiaonews.net.br\/2022\/wp-content\/uploads\/2024\/03\/WhatsApp-Image-2024-03-14-at-18.32.56.jpeg","width":1080,"height":1080},{"@type":"BreadcrumbList","@id":"https:\/\/regiaonews.net.br\/2022\/2024\/03\/14\/gestor-do-north-shopping-diz-que-dia-do-consumidor-e-oportunidade-para-lojistas-estreitar-relacionamento-com-clientes\/#breadcrumb","itemListElement":[{"@type":"ListItem","position":1,"name":"In\u00edcio","item":"https:\/\/regiaonews.net.br\/2022\/"},{"@type":"ListItem","position":2,"name":"Gestor do North Shopping diz que Dia do Consumidor \u00e9 oportunidade para lojistas estreitar relacionamento com clientes"}]},{"@type":"WebSite","@id":"https:\/\/regiaonews.net.br\/2022\/#website","url":"https:\/\/regiaonews.net.br\/2022\/","name":"Regi\u00e3o News","description":"Site de Not\u00edcias de Barretos e regi\u00e3o","publisher":{"@id":"https:\/\/regiaonews.net.br\/2022\/#organization"},"potentialAction":[{"@type":"SearchAction","target":{"@type":"EntryPoint","urlTemplate":"https:\/\/regiaonews.net.br\/2022\/?s={search_term_string}"},"query-input":{"@type":"PropertyValueSpecification","valueRequired":true,"valueName":"search_term_string"}}],"inLanguage":"pt-BR"},{"@type":"Organization","@id":"https:\/\/regiaonews.net.br\/2022\/#organization","name":"Regi\u00e3o News","url":"https:\/\/regiaonews.net.br\/2022\/","logo":{"@type":"ImageObject","inLanguage":"pt-BR","@id":"https:\/\/regiaonews.net.br\/2022\/#\/schema\/logo\/image\/","url":"https:\/\/regiaonews.net.br\/2022\/wp-content\/uploads\/2026\/03\/regiao-13-anos-scaled.jpg","contentUrl":"https:\/\/regiaonews.net.br\/2022\/wp-content\/uploads\/2026\/03\/regiao-13-anos-scaled.jpg","width":2560,"height":635,"caption":"Regi\u00e3o News"},"image":{"@id":"https:\/\/regiaonews.net.br\/2022\/#\/schema\/logo\/image\/"}},{"@type":"Person","@id":"https:\/\/regiaonews.net.br\/2022\/#\/schema\/person\/2d205a608a5aa97ac279d7a5e6d89ad8","name":"Roberto","image":{"@type":"ImageObject","inLanguage":"pt-BR","@id":"https:\/\/secure.gravatar.com\/avatar\/42749d8b712ff9d59ca93dc150494e5b55a44134482993f5baeb97e61b7ecc89?s=96&d=mm&r=g","url":"https:\/\/secure.gravatar.com\/avatar\/42749d8b712ff9d59ca93dc150494e5b55a44134482993f5baeb97e61b7ecc89?s=96&d=mm&r=g","contentUrl":"https:\/\/secure.gravatar.com\/avatar\/42749d8b712ff9d59ca93dc150494e5b55a44134482993f5baeb97e61b7ecc89?s=96&d=mm&r=g","caption":"Roberto"},"url":"https:\/\/regiaonews.net.br\/2022\/author\/roberto\/"}]}},"publishpress_future_action":{"enabled":false,"date":"2026-05-03 21:00:18","action":"change-status","newStatus":"draft","terms":[],"taxonomy":"category","extraData":[]},"publishpress_future_workflow_manual_trigger":{"enabledWorkflows":[]},"_links":{"self":[{"href":"https:\/\/regiaonews.net.br\/2022\/wp-json\/wp\/v2\/posts\/102406","targetHints":{"allow":["GET"]}}],"collection":[{"href":"https:\/\/regiaonews.net.br\/2022\/wp-json\/wp\/v2\/posts"}],"about":[{"href":"https:\/\/regiaonews.net.br\/2022\/wp-json\/wp\/v2\/types\/post"}],"author":[{"embeddable":true,"href":"https:\/\/regiaonews.net.br\/2022\/wp-json\/wp\/v2\/users\/2"}],"replies":[{"embeddable":true,"href":"https:\/\/regiaonews.net.br\/2022\/wp-json\/wp\/v2\/comments?post=102406"}],"version-history":[{"count":1,"href":"https:\/\/regiaonews.net.br\/2022\/wp-json\/wp\/v2\/posts\/102406\/revisions"}],"predecessor-version":[{"id":102407,"href":"https:\/\/regiaonews.net.br\/2022\/wp-json\/wp\/v2\/posts\/102406\/revisions\/102407"}],"wp:featuredmedia":[{"embeddable":true,"href":"https:\/\/regiaonews.net.br\/2022\/wp-json\/wp\/v2\/media\/102408"}],"wp:attachment":[{"href":"https:\/\/regiaonews.net.br\/2022\/wp-json\/wp\/v2\/media?parent=102406"}],"wp:term":[{"taxonomy":"category","embeddable":true,"href":"https:\/\/regiaonews.net.br\/2022\/wp-json\/wp\/v2\/categories?post=102406"},{"taxonomy":"post_tag","embeddable":true,"href":"https:\/\/regiaonews.net.br\/2022\/wp-json\/wp\/v2\/tags?post=102406"}],"curies":[{"name":"wp","href":"https:\/\/api.w.org\/{rel}","templated":true}]}}