{"id":102400,"date":"2024-03-14T18:37:22","date_gmt":"2024-03-14T21:37:22","guid":{"rendered":"https:\/\/regiaonews.net.br\/2022\/?p=102400"},"modified":"2024-03-14T18:37:22","modified_gmt":"2024-03-14T21:37:22","slug":"vencedores-do-oscar-chegam-as-telonas-do-centerplex-do-north-shopping-barretos","status":"publish","type":"post","link":"https:\/\/regiaonews.net.br\/2022\/2024\/03\/14\/vencedores-do-oscar-chegam-as-telonas-do-centerplex-do-north-shopping-barretos\/","title":{"rendered":"Vencedores do Oscar chegam \u00e0s telonas do Centerplex do North Shopping Barretos"},"content":{"rendered":"<p>&nbsp;<\/p>\n<p>Filmes premiados com as estatuetas do Oscar 2024 s\u00e3o os destaques da semana que se inicia nesta quinta no Centerplex do North Shopping Barretos.<\/p>\n<p>O &#8220;Oppenheimer&#8221; foi o grande vencedor deste ano na 96\u00aa edi\u00e7\u00e3o do Oscar, considerada a maior premia\u00e7\u00e3o da ind\u00fastria cinematogr\u00e1fica. No total, conquistou sete estatuetas: melhor filme, melhor ator, melhor ator coadjuvante, melhor diretor, melhor montagem, melhor fotografia e melhor trilha sonora original.<\/p>\n<p>O filme &#8220;Oppenheimer&#8221; \u00e9 baseado no livro biogr\u00e1fico vencedor do Pr\u00eamio Pulitzer, &#8220;Prometeu Americano: O Triunfo e a Trag\u00e9dia de J. Robert Oppenheimer&#8221;. Ambientado na Segunda Guerra Mundial, o longa narra a vida de J. Robert Oppenheimer, f\u00edsico te\u00f3rico da Universidade da Calif\u00f3rnia e diretor do Laborat\u00f3rio de Los Alamos durante o Projeto Manhattan, que tinha a miss\u00e3o de projetar e construir as primeiras bombas at\u00f4micas. A trama acompanha o f\u00edsico e um grupo formado por outros cientistas ao longo do processo de desenvolvimento da arma nuclear que foi respons\u00e1vel pelas trag\u00e9dias nas cidades de Hiroshima e Nagasaki, no Jap\u00e3o, no ano de 1945.<\/p>\n<p>O filme &#8220;Pobres Criaturas&#8221; tamb\u00e9m se destacou com quatro pr\u00eamios: melhor atriz, melhor figurino, melhor design de produ\u00e7\u00e3o e melhor cabelo e maquiagem. J\u00e1 a produ\u00e7\u00e3o &#8220;Anatomia de uma Queda&#8221; conquistou a estatueta do Oscar 2024 de melhor roteiro original.<\/p>\n<p>Os filmes permanecer\u00e3o em cartaz at\u00e9 o dia 20 de mar\u00e7o, na programa\u00e7\u00e3o do cinema do shopping.<\/p>\n<p>Confira a programa\u00e7\u00e3o:<\/p>\n<p>Sala 01 &#8211; Anatomia de uma queda &#8211; Suspense<br \/>\nLegendado &#8211; 16 anos &#8211; Dura\u00e7\u00e3o: 152 min<br \/>\nQuarta e Sexta: 18h20<br \/>\nDomingo e Feriado: 18h20<\/p>\n<p>Sala 01 &#8211; Pobres Criaturas &#8211; Drama<br \/>\nLegendado &#8211; 18 anos &#8211; Dura\u00e7\u00e3o: 141 min<br \/>\nSegunda, Ter\u00e7a e Quinta: 18h30<br \/>\nS\u00e1bado: 18h30<\/p>\n<p>Sala 01 &#8211; Os Farofeiros 2 &#8211; Com\u00e9dia<br \/>\nNacional &#8211; 12 anos &#8211; Dura\u00e7\u00e3o: 105 min<br \/>\nSegunda,Ter\u00e7a, Quarta, Quinta e Sexta: 16h<br \/>\nS\u00e1bado, Domingo e Feriado: 16h<\/p>\n<p>Sala 01 &#8211; Imagin\u00e1rio &#8211; Brinquedo Diab\u00f3lico &#8211; Terror<br \/>\nDublado &#8211; 14 anos &#8211; Dura\u00e7\u00e3o: 105 min<br \/>\nSegunda,Ter\u00e7a, Quarta, Quinta e Sexta: 21h30<br \/>\nS\u00e1bado, Domingo e Feriado: 21h30<\/p>\n<p>Sala 02 &#8211; Uma Vida &#8211; drama<br \/>\nDublado &#8211; 12 anos &#8211; Dura\u00e7\u00e3o: 108 min<br \/>\nSegunda, Ter\u00e7a, Quarta, Quinta e Sexta: 21h15<br \/>\nS\u00e1bado, Domingo e Feriado: 21h15<\/p>\n<p>Sala 02 &#8211; Os Farofeiros 2 &#8211; Com\u00e9dia<br \/>\nNacional &#8211; 12 anos &#8211; Dura\u00e7\u00e3o: 105 min<br \/>\nSegunda,Ter\u00e7a, Quarta, Quinta e Sexta: 18h50<br \/>\nS\u00e1bado, Domingo e Feriado: 18h50<\/p>\n<p>Sala 02 &#8211; Duna Parte 2 &#8211; A\u00e7\u00e3o<br \/>\nDublado &#8211; 16 anos &#8211; Dura\u00e7\u00e3o: 166 min<br \/>\nSegunda,Ter\u00e7a, Quarta, Quinta e Sexta: 15h30<br \/>\nS\u00e1bado, Domingo e Feriado: 15h30<\/p>\n<p>Sala 03 &#8211; Uma Vida &#8211; drama<br \/>\nDublado &#8211; 12 anos &#8211; Dura\u00e7\u00e3o: 108 min<br \/>\nSegunda, Ter\u00e7a, Quarta, Quinta e Sexta: 15h<br \/>\nS\u00e1bado, Domingo e Feriado: 15h<\/p>\n<p>Sala 03 &#8211; Imagin\u00e1rio &#8211; Brinquedo Diab\u00f3lico &#8211; Terror<br \/>\nDublado &#8211; 14 anos &#8211; Dura\u00e7\u00e3o: 105 min<br \/>\nSegunda,Ter\u00e7a, Quarta, Quinta e Sexta: 17h45<br \/>\nS\u00e1bado, Domingo e Feriado: 17h45<\/p>\n<p>Sala 03 &#8211; Oppenheimer &#8211; Drama<br \/>\nLegendado &#8211; 16 anos &#8211; Dura\u00e7\u00e3o: 180 min<br \/>\nSegunda, Ter\u00e7a, Quarta, Quinta e Sexta: 20h<br \/>\nS\u00e1bado, Domingo e F\u00e9rialo: 20h<\/p>\n","protected":false},"excerpt":{"rendered":"<p>&nbsp; Filmes premiados com as estatuetas do Oscar 2024 s\u00e3o<\/p>\n","protected":false},"author":2,"featured_media":102401,"comment_status":"open","ping_status":"open","sticky":false,"template":"","format":"standard","meta":{"footnotes":""},"categories":[14,25],"tags":[],"class_list":["post-102400","post","type-post","status-publish","format-standard","has-post-thumbnail","hentry","category-barretos","category-cidades"],"yoast_head":"<!-- This site is optimized with the Yoast SEO plugin v27.4 - https:\/\/yoast.com\/product\/yoast-seo-wordpress\/ -->\n<title>Vencedores do Oscar chegam \u00e0s telonas do Centerplex do North Shopping Barretos - Regi\u00e3o News<\/title>\n<meta name=\"robots\" content=\"index, follow, max-snippet:-1, max-image-preview:large, max-video-preview:-1\" \/>\n<link rel=\"canonical\" href=\"https:\/\/regiaonews.net.br\/2022\/2024\/03\/14\/vencedores-do-oscar-chegam-as-telonas-do-centerplex-do-north-shopping-barretos\/\" \/>\n<meta property=\"og:locale\" content=\"pt_BR\" \/>\n<meta property=\"og:type\" content=\"article\" \/>\n<meta property=\"og:title\" content=\"Vencedores do Oscar chegam \u00e0s telonas do Centerplex do North Shopping Barretos - Regi\u00e3o News\" \/>\n<meta property=\"og:description\" content=\"&nbsp; Filmes premiados com as estatuetas do Oscar 2024 s\u00e3o\" \/>\n<meta property=\"og:url\" content=\"https:\/\/regiaonews.net.br\/2022\/2024\/03\/14\/vencedores-do-oscar-chegam-as-telonas-do-centerplex-do-north-shopping-barretos\/\" \/>\n<meta property=\"og:site_name\" content=\"Regi\u00e3o News\" \/>\n<meta property=\"article:published_time\" content=\"2024-03-14T21:37:22+00:00\" \/>\n<meta property=\"og:image\" content=\"https:\/\/regiaonews.net.br\/2022\/wp-content\/uploads\/2024\/03\/WhatsApp-Image-2024-03-14-at-17.08.08.jpeg\" \/>\n\t<meta property=\"og:image:width\" content=\"1080\" \/>\n\t<meta property=\"og:image:height\" content=\"1080\" \/>\n\t<meta property=\"og:image:type\" content=\"image\/jpeg\" \/>\n<meta name=\"author\" content=\"Roberto\" \/>\n<meta name=\"twitter:card\" content=\"summary_large_image\" \/>\n<meta name=\"twitter:label1\" content=\"Escrito por\" \/>\n\t<meta name=\"twitter:data1\" content=\"Roberto\" \/>\n\t<meta name=\"twitter:label2\" content=\"Est. tempo de leitura\" \/>\n\t<meta name=\"twitter:data2\" content=\"3 minutos\" \/>\n<script type=\"application\/ld+json\" class=\"yoast-schema-graph\">{\"@context\":\"https:\\\/\\\/schema.org\",\"@graph\":[{\"@type\":\"Article\",\"@id\":\"https:\\\/\\\/regiaonews.net.br\\\/2022\\\/2024\\\/03\\\/14\\\/vencedores-do-oscar-chegam-as-telonas-do-centerplex-do-north-shopping-barretos\\\/#article\",\"isPartOf\":{\"@id\":\"https:\\\/\\\/regiaonews.net.br\\\/2022\\\/2024\\\/03\\\/14\\\/vencedores-do-oscar-chegam-as-telonas-do-centerplex-do-north-shopping-barretos\\\/\"},\"author\":{\"name\":\"Roberto\",\"@id\":\"https:\\\/\\\/regiaonews.net.br\\\/2022\\\/#\\\/schema\\\/person\\\/2d205a608a5aa97ac279d7a5e6d89ad8\"},\"headline\":\"Vencedores do Oscar chegam \u00e0s telonas do Centerplex do North Shopping Barretos\",\"datePublished\":\"2024-03-14T21:37:22+00:00\",\"mainEntityOfPage\":{\"@id\":\"https:\\\/\\\/regiaonews.net.br\\\/2022\\\/2024\\\/03\\\/14\\\/vencedores-do-oscar-chegam-as-telonas-do-centerplex-do-north-shopping-barretos\\\/\"},\"wordCount\":536,\"commentCount\":0,\"publisher\":{\"@id\":\"https:\\\/\\\/regiaonews.net.br\\\/2022\\\/#organization\"},\"image\":{\"@id\":\"https:\\\/\\\/regiaonews.net.br\\\/2022\\\/2024\\\/03\\\/14\\\/vencedores-do-oscar-chegam-as-telonas-do-centerplex-do-north-shopping-barretos\\\/#primaryimage\"},\"thumbnailUrl\":\"https:\\\/\\\/regiaonews.net.br\\\/2022\\\/wp-content\\\/uploads\\\/2024\\\/03\\\/WhatsApp-Image-2024-03-14-at-17.08.08.jpeg\",\"articleSection\":[\"Barretos\",\"Cidades\"],\"inLanguage\":\"pt-BR\",\"potentialAction\":[{\"@type\":\"CommentAction\",\"name\":\"Comment\",\"target\":[\"https:\\\/\\\/regiaonews.net.br\\\/2022\\\/2024\\\/03\\\/14\\\/vencedores-do-oscar-chegam-as-telonas-do-centerplex-do-north-shopping-barretos\\\/#respond\"]}]},{\"@type\":\"WebPage\",\"@id\":\"https:\\\/\\\/regiaonews.net.br\\\/2022\\\/2024\\\/03\\\/14\\\/vencedores-do-oscar-chegam-as-telonas-do-centerplex-do-north-shopping-barretos\\\/\",\"url\":\"https:\\\/\\\/regiaonews.net.br\\\/2022\\\/2024\\\/03\\\/14\\\/vencedores-do-oscar-chegam-as-telonas-do-centerplex-do-north-shopping-barretos\\\/\",\"name\":\"Vencedores do Oscar chegam \u00e0s telonas do Centerplex do North Shopping Barretos - Regi\u00e3o News\",\"isPartOf\":{\"@id\":\"https:\\\/\\\/regiaonews.net.br\\\/2022\\\/#website\"},\"primaryImageOfPage\":{\"@id\":\"https:\\\/\\\/regiaonews.net.br\\\/2022\\\/2024\\\/03\\\/14\\\/vencedores-do-oscar-chegam-as-telonas-do-centerplex-do-north-shopping-barretos\\\/#primaryimage\"},\"image\":{\"@id\":\"https:\\\/\\\/regiaonews.net.br\\\/2022\\\/2024\\\/03\\\/14\\\/vencedores-do-oscar-chegam-as-telonas-do-centerplex-do-north-shopping-barretos\\\/#primaryimage\"},\"thumbnailUrl\":\"https:\\\/\\\/regiaonews.net.br\\\/2022\\\/wp-content\\\/uploads\\\/2024\\\/03\\\/WhatsApp-Image-2024-03-14-at-17.08.08.jpeg\",\"datePublished\":\"2024-03-14T21:37:22+00:00\",\"breadcrumb\":{\"@id\":\"https:\\\/\\\/regiaonews.net.br\\\/2022\\\/2024\\\/03\\\/14\\\/vencedores-do-oscar-chegam-as-telonas-do-centerplex-do-north-shopping-barretos\\\/#breadcrumb\"},\"inLanguage\":\"pt-BR\",\"potentialAction\":[{\"@type\":\"ReadAction\",\"target\":[\"https:\\\/\\\/regiaonews.net.br\\\/2022\\\/2024\\\/03\\\/14\\\/vencedores-do-oscar-chegam-as-telonas-do-centerplex-do-north-shopping-barretos\\\/\"]}]},{\"@type\":\"ImageObject\",\"inLanguage\":\"pt-BR\",\"@id\":\"https:\\\/\\\/regiaonews.net.br\\\/2022\\\/2024\\\/03\\\/14\\\/vencedores-do-oscar-chegam-as-telonas-do-centerplex-do-north-shopping-barretos\\\/#primaryimage\",\"url\":\"https:\\\/\\\/regiaonews.net.br\\\/2022\\\/wp-content\\\/uploads\\\/2024\\\/03\\\/WhatsApp-Image-2024-03-14-at-17.08.08.jpeg\",\"contentUrl\":\"https:\\\/\\\/regiaonews.net.br\\\/2022\\\/wp-content\\\/uploads\\\/2024\\\/03\\\/WhatsApp-Image-2024-03-14-at-17.08.08.jpeg\",\"width\":1080,\"height\":1080},{\"@type\":\"BreadcrumbList\",\"@id\":\"https:\\\/\\\/regiaonews.net.br\\\/2022\\\/2024\\\/03\\\/14\\\/vencedores-do-oscar-chegam-as-telonas-do-centerplex-do-north-shopping-barretos\\\/#breadcrumb\",\"itemListElement\":[{\"@type\":\"ListItem\",\"position\":1,\"name\":\"In\u00edcio\",\"item\":\"https:\\\/\\\/regiaonews.net.br\\\/2022\\\/\"},{\"@type\":\"ListItem\",\"position\":2,\"name\":\"Vencedores do Oscar chegam \u00e0s telonas do Centerplex do North Shopping Barretos\"}]},{\"@type\":\"WebSite\",\"@id\":\"https:\\\/\\\/regiaonews.net.br\\\/2022\\\/#website\",\"url\":\"https:\\\/\\\/regiaonews.net.br\\\/2022\\\/\",\"name\":\"Regi\u00e3o News\",\"description\":\"Site de Not\u00edcias de Barretos e regi\u00e3o\",\"publisher\":{\"@id\":\"https:\\\/\\\/regiaonews.net.br\\\/2022\\\/#organization\"},\"potentialAction\":[{\"@type\":\"SearchAction\",\"target\":{\"@type\":\"EntryPoint\",\"urlTemplate\":\"https:\\\/\\\/regiaonews.net.br\\\/2022\\\/?s={search_term_string}\"},\"query-input\":{\"@type\":\"PropertyValueSpecification\",\"valueRequired\":true,\"valueName\":\"search_term_string\"}}],\"inLanguage\":\"pt-BR\"},{\"@type\":\"Organization\",\"@id\":\"https:\\\/\\\/regiaonews.net.br\\\/2022\\\/#organization\",\"name\":\"Regi\u00e3o News\",\"url\":\"https:\\\/\\\/regiaonews.net.br\\\/2022\\\/\",\"logo\":{\"@type\":\"ImageObject\",\"inLanguage\":\"pt-BR\",\"@id\":\"https:\\\/\\\/regiaonews.net.br\\\/2022\\\/#\\\/schema\\\/logo\\\/image\\\/\",\"url\":\"https:\\\/\\\/regiaonews.net.br\\\/2022\\\/wp-content\\\/uploads\\\/2026\\\/03\\\/regiao-13-anos-scaled.jpg\",\"contentUrl\":\"https:\\\/\\\/regiaonews.net.br\\\/2022\\\/wp-content\\\/uploads\\\/2026\\\/03\\\/regiao-13-anos-scaled.jpg\",\"width\":2560,\"height\":635,\"caption\":\"Regi\u00e3o News\"},\"image\":{\"@id\":\"https:\\\/\\\/regiaonews.net.br\\\/2022\\\/#\\\/schema\\\/logo\\\/image\\\/\"}},{\"@type\":\"Person\",\"@id\":\"https:\\\/\\\/regiaonews.net.br\\\/2022\\\/#\\\/schema\\\/person\\\/2d205a608a5aa97ac279d7a5e6d89ad8\",\"name\":\"Roberto\",\"image\":{\"@type\":\"ImageObject\",\"inLanguage\":\"pt-BR\",\"@id\":\"https:\\\/\\\/secure.gravatar.com\\\/avatar\\\/42749d8b712ff9d59ca93dc150494e5b55a44134482993f5baeb97e61b7ecc89?s=96&d=mm&r=g\",\"url\":\"https:\\\/\\\/secure.gravatar.com\\\/avatar\\\/42749d8b712ff9d59ca93dc150494e5b55a44134482993f5baeb97e61b7ecc89?s=96&d=mm&r=g\",\"contentUrl\":\"https:\\\/\\\/secure.gravatar.com\\\/avatar\\\/42749d8b712ff9d59ca93dc150494e5b55a44134482993f5baeb97e61b7ecc89?s=96&d=mm&r=g\",\"caption\":\"Roberto\"},\"url\":\"https:\\\/\\\/regiaonews.net.br\\\/2022\\\/author\\\/roberto\\\/\"}]}<\/script>\n<!-- \/ Yoast SEO plugin. -->","yoast_head_json":{"title":"Vencedores do Oscar chegam \u00e0s telonas do Centerplex do North Shopping Barretos - Regi\u00e3o News","robots":{"index":"index","follow":"follow","max-snippet":"max-snippet:-1","max-image-preview":"max-image-preview:large","max-video-preview":"max-video-preview:-1"},"canonical":"https:\/\/regiaonews.net.br\/2022\/2024\/03\/14\/vencedores-do-oscar-chegam-as-telonas-do-centerplex-do-north-shopping-barretos\/","og_locale":"pt_BR","og_type":"article","og_title":"Vencedores do Oscar chegam \u00e0s telonas do Centerplex do North Shopping Barretos - Regi\u00e3o News","og_description":"&nbsp; Filmes premiados com as estatuetas do Oscar 2024 s\u00e3o","og_url":"https:\/\/regiaonews.net.br\/2022\/2024\/03\/14\/vencedores-do-oscar-chegam-as-telonas-do-centerplex-do-north-shopping-barretos\/","og_site_name":"Regi\u00e3o News","article_published_time":"2024-03-14T21:37:22+00:00","og_image":[{"width":1080,"height":1080,"url":"https:\/\/regiaonews.net.br\/2022\/wp-content\/uploads\/2024\/03\/WhatsApp-Image-2024-03-14-at-17.08.08.jpeg","type":"image\/jpeg"}],"author":"Roberto","twitter_card":"summary_large_image","twitter_misc":{"Escrito por":"Roberto","Est. tempo de leitura":"3 minutos"},"schema":{"@context":"https:\/\/schema.org","@graph":[{"@type":"Article","@id":"https:\/\/regiaonews.net.br\/2022\/2024\/03\/14\/vencedores-do-oscar-chegam-as-telonas-do-centerplex-do-north-shopping-barretos\/#article","isPartOf":{"@id":"https:\/\/regiaonews.net.br\/2022\/2024\/03\/14\/vencedores-do-oscar-chegam-as-telonas-do-centerplex-do-north-shopping-barretos\/"},"author":{"name":"Roberto","@id":"https:\/\/regiaonews.net.br\/2022\/#\/schema\/person\/2d205a608a5aa97ac279d7a5e6d89ad8"},"headline":"Vencedores do Oscar chegam \u00e0s telonas do Centerplex do North Shopping Barretos","datePublished":"2024-03-14T21:37:22+00:00","mainEntityOfPage":{"@id":"https:\/\/regiaonews.net.br\/2022\/2024\/03\/14\/vencedores-do-oscar-chegam-as-telonas-do-centerplex-do-north-shopping-barretos\/"},"wordCount":536,"commentCount":0,"publisher":{"@id":"https:\/\/regiaonews.net.br\/2022\/#organization"},"image":{"@id":"https:\/\/regiaonews.net.br\/2022\/2024\/03\/14\/vencedores-do-oscar-chegam-as-telonas-do-centerplex-do-north-shopping-barretos\/#primaryimage"},"thumbnailUrl":"https:\/\/regiaonews.net.br\/2022\/wp-content\/uploads\/2024\/03\/WhatsApp-Image-2024-03-14-at-17.08.08.jpeg","articleSection":["Barretos","Cidades"],"inLanguage":"pt-BR","potentialAction":[{"@type":"CommentAction","name":"Comment","target":["https:\/\/regiaonews.net.br\/2022\/2024\/03\/14\/vencedores-do-oscar-chegam-as-telonas-do-centerplex-do-north-shopping-barretos\/#respond"]}]},{"@type":"WebPage","@id":"https:\/\/regiaonews.net.br\/2022\/2024\/03\/14\/vencedores-do-oscar-chegam-as-telonas-do-centerplex-do-north-shopping-barretos\/","url":"https:\/\/regiaonews.net.br\/2022\/2024\/03\/14\/vencedores-do-oscar-chegam-as-telonas-do-centerplex-do-north-shopping-barretos\/","name":"Vencedores do Oscar chegam \u00e0s telonas do Centerplex do North Shopping Barretos - Regi\u00e3o News","isPartOf":{"@id":"https:\/\/regiaonews.net.br\/2022\/#website"},"primaryImageOfPage":{"@id":"https:\/\/regiaonews.net.br\/2022\/2024\/03\/14\/vencedores-do-oscar-chegam-as-telonas-do-centerplex-do-north-shopping-barretos\/#primaryimage"},"image":{"@id":"https:\/\/regiaonews.net.br\/2022\/2024\/03\/14\/vencedores-do-oscar-chegam-as-telonas-do-centerplex-do-north-shopping-barretos\/#primaryimage"},"thumbnailUrl":"https:\/\/regiaonews.net.br\/2022\/wp-content\/uploads\/2024\/03\/WhatsApp-Image-2024-03-14-at-17.08.08.jpeg","datePublished":"2024-03-14T21:37:22+00:00","breadcrumb":{"@id":"https:\/\/regiaonews.net.br\/2022\/2024\/03\/14\/vencedores-do-oscar-chegam-as-telonas-do-centerplex-do-north-shopping-barretos\/#breadcrumb"},"inLanguage":"pt-BR","potentialAction":[{"@type":"ReadAction","target":["https:\/\/regiaonews.net.br\/2022\/2024\/03\/14\/vencedores-do-oscar-chegam-as-telonas-do-centerplex-do-north-shopping-barretos\/"]}]},{"@type":"ImageObject","inLanguage":"pt-BR","@id":"https:\/\/regiaonews.net.br\/2022\/2024\/03\/14\/vencedores-do-oscar-chegam-as-telonas-do-centerplex-do-north-shopping-barretos\/#primaryimage","url":"https:\/\/regiaonews.net.br\/2022\/wp-content\/uploads\/2024\/03\/WhatsApp-Image-2024-03-14-at-17.08.08.jpeg","contentUrl":"https:\/\/regiaonews.net.br\/2022\/wp-content\/uploads\/2024\/03\/WhatsApp-Image-2024-03-14-at-17.08.08.jpeg","width":1080,"height":1080},{"@type":"BreadcrumbList","@id":"https:\/\/regiaonews.net.br\/2022\/2024\/03\/14\/vencedores-do-oscar-chegam-as-telonas-do-centerplex-do-north-shopping-barretos\/#breadcrumb","itemListElement":[{"@type":"ListItem","position":1,"name":"In\u00edcio","item":"https:\/\/regiaonews.net.br\/2022\/"},{"@type":"ListItem","position":2,"name":"Vencedores do Oscar chegam \u00e0s telonas do Centerplex do North Shopping Barretos"}]},{"@type":"WebSite","@id":"https:\/\/regiaonews.net.br\/2022\/#website","url":"https:\/\/regiaonews.net.br\/2022\/","name":"Regi\u00e3o News","description":"Site de Not\u00edcias de Barretos e regi\u00e3o","publisher":{"@id":"https:\/\/regiaonews.net.br\/2022\/#organization"},"potentialAction":[{"@type":"SearchAction","target":{"@type":"EntryPoint","urlTemplate":"https:\/\/regiaonews.net.br\/2022\/?s={search_term_string}"},"query-input":{"@type":"PropertyValueSpecification","valueRequired":true,"valueName":"search_term_string"}}],"inLanguage":"pt-BR"},{"@type":"Organization","@id":"https:\/\/regiaonews.net.br\/2022\/#organization","name":"Regi\u00e3o News","url":"https:\/\/regiaonews.net.br\/2022\/","logo":{"@type":"ImageObject","inLanguage":"pt-BR","@id":"https:\/\/regiaonews.net.br\/2022\/#\/schema\/logo\/image\/","url":"https:\/\/regiaonews.net.br\/2022\/wp-content\/uploads\/2026\/03\/regiao-13-anos-scaled.jpg","contentUrl":"https:\/\/regiaonews.net.br\/2022\/wp-content\/uploads\/2026\/03\/regiao-13-anos-scaled.jpg","width":2560,"height":635,"caption":"Regi\u00e3o News"},"image":{"@id":"https:\/\/regiaonews.net.br\/2022\/#\/schema\/logo\/image\/"}},{"@type":"Person","@id":"https:\/\/regiaonews.net.br\/2022\/#\/schema\/person\/2d205a608a5aa97ac279d7a5e6d89ad8","name":"Roberto","image":{"@type":"ImageObject","inLanguage":"pt-BR","@id":"https:\/\/secure.gravatar.com\/avatar\/42749d8b712ff9d59ca93dc150494e5b55a44134482993f5baeb97e61b7ecc89?s=96&d=mm&r=g","url":"https:\/\/secure.gravatar.com\/avatar\/42749d8b712ff9d59ca93dc150494e5b55a44134482993f5baeb97e61b7ecc89?s=96&d=mm&r=g","contentUrl":"https:\/\/secure.gravatar.com\/avatar\/42749d8b712ff9d59ca93dc150494e5b55a44134482993f5baeb97e61b7ecc89?s=96&d=mm&r=g","caption":"Roberto"},"url":"https:\/\/regiaonews.net.br\/2022\/author\/roberto\/"}]}},"publishpress_future_action":{"enabled":false,"date":"2026-05-03 17:12:46","action":"change-status","newStatus":"draft","terms":[],"taxonomy":"category","extraData":[]},"publishpress_future_workflow_manual_trigger":{"enabledWorkflows":[]},"_links":{"self":[{"href":"https:\/\/regiaonews.net.br\/2022\/wp-json\/wp\/v2\/posts\/102400","targetHints":{"allow":["GET"]}}],"collection":[{"href":"https:\/\/regiaonews.net.br\/2022\/wp-json\/wp\/v2\/posts"}],"about":[{"href":"https:\/\/regiaonews.net.br\/2022\/wp-json\/wp\/v2\/types\/post"}],"author":[{"embeddable":true,"href":"https:\/\/regiaonews.net.br\/2022\/wp-json\/wp\/v2\/users\/2"}],"replies":[{"embeddable":true,"href":"https:\/\/regiaonews.net.br\/2022\/wp-json\/wp\/v2\/comments?post=102400"}],"version-history":[{"count":1,"href":"https:\/\/regiaonews.net.br\/2022\/wp-json\/wp\/v2\/posts\/102400\/revisions"}],"predecessor-version":[{"id":102402,"href":"https:\/\/regiaonews.net.br\/2022\/wp-json\/wp\/v2\/posts\/102400\/revisions\/102402"}],"wp:featuredmedia":[{"embeddable":true,"href":"https:\/\/regiaonews.net.br\/2022\/wp-json\/wp\/v2\/media\/102401"}],"wp:attachment":[{"href":"https:\/\/regiaonews.net.br\/2022\/wp-json\/wp\/v2\/media?parent=102400"}],"wp:term":[{"taxonomy":"category","embeddable":true,"href":"https:\/\/regiaonews.net.br\/2022\/wp-json\/wp\/v2\/categories?post=102400"},{"taxonomy":"post_tag","embeddable":true,"href":"https:\/\/regiaonews.net.br\/2022\/wp-json\/wp\/v2\/tags?post=102400"}],"curies":[{"name":"wp","href":"https:\/\/api.w.org\/{rel}","templated":true}]}}