{"id":102376,"date":"2024-03-13T20:04:45","date_gmt":"2024-03-13T23:04:45","guid":{"rendered":"https:\/\/regiaonews.net.br\/2022\/?p=102376"},"modified":"2024-03-13T20:04:45","modified_gmt":"2024-03-13T23:04:45","slug":"prefeitura-retoma-ta-arrumado-no-mais-parque-com-acao-integrada-com-80-profissionais","status":"publish","type":"post","link":"https:\/\/regiaonews.net.br\/2022\/2024\/03\/13\/prefeitura-retoma-ta-arrumado-no-mais-parque-com-acao-integrada-com-80-profissionais\/","title":{"rendered":"Prefeitura retoma \u201cT\u00e1 Arrumado\u201d no Mais Parque com a\u00e7\u00e3o integrada com 80 profissionais"},"content":{"rendered":"<p>&nbsp;<\/p>\n<p>A Prefeitura da Est\u00e2ncia Tur\u00edstica de Barretos retomou nesta ter\u00e7a-feira, dia 12, o projeto T\u00e1 Arrumado. O primeiro bairro a receber a a\u00e7\u00e3o integrada de secretarias foi o Mais Parque. Sob a supervis\u00e3o da prefeita Paula Lemos e de secret\u00e1rios municipais, cerca de 80 profissionais trabalharam ao longo de todo o dia para proporcionar melhorias.<\/p>\n<p>A chefe do Executivo ressaltou o objetivo de deixar o bairro mais limpo, iluminado, com maior seguran\u00e7a no tr\u00e2nsito. \u201cAssim como toda a popula\u00e7\u00e3o, eu tamb\u00e9m estava angustiada com a quest\u00e3o do mato em nossa cidade, mas agora, gra\u00e7as a Deus, o cons\u00f3rcio que venceu a licita\u00e7\u00e3o j\u00e1 assumiu e, a partir de hoje, ter\u00e1 um time grande em a\u00e7\u00e3o, que j\u00e1 vai deixar o Mais Parque limpinho\u201d, refor\u00e7ou Paula. Ela lembrou tamb\u00e9m que os pr\u00f3ximos bairros a receber as equipes ser\u00e3o Ide Daher, Christiano Carvalho, Barretos II, Dom Bosco, Jardim dos Coqueiros e Distrito Industrial.<\/p>\n<p>Em conversa com o representante da empresa que assume os trabalhos de ro\u00e7agem na cidade, Paula lembrou que est\u00e3o contratando mais pessoas para a equipe, inclusive mulheres. \u201cQuem tiver interesse vai trabalhar n\u00e3o s\u00f3 limpando, mas tamb\u00e9m salvando vidas nessa luta de todos n\u00f3s contra a dengue\u201d, afirmou.<\/p>\n<p>Ela voltou a pedir o apoio da popula\u00e7\u00e3o no combate ao Aedes aegypti. \u201cA gente est\u00e1 em busca de deixar nossa cidade limpa e precisamos tamb\u00e9m do apoio de cada barretense. A maioria dos criadouros do mosquito transmissor da dengue, chikungunya e zika s\u00e3o encontrados dentro das casas das pessoas. Precisamos que cada um elimine a \u00e1gua parada de suas casas e mantenha o seu terreno limpo\u201d, ressaltou a prefeita Paula.<\/p>\n<p>Equipes em a\u00e7\u00e3o<br \/>\nLogo cedo, a Pra\u00e7a do Mais Parque come\u00e7ou a ficar transformada. Com tratores e ro\u00e7adeiras, as equipes fizeram a ro\u00e7agem e a poda de \u00e1rvores. A equipe do cons\u00f3rcio Barretos inteligente deu continuidade a instala\u00e7\u00e3o de l\u00e2mpadas, servi\u00e7o que iniciou na noite anterior ap\u00f3s identificar os pontos com necessidade de reparo e amplia\u00e7\u00e3o da ilumina\u00e7\u00e3o. Em poucos minutos, a equipe do tapa-buracos eliminou po\u00e7as e colocou asfalto novo. Agentes do Servi\u00e7o Aut\u00f4nomo de \u00c1gua e Esgoto (SAAE) entraram em a\u00e7\u00e3o limpando galerias de esgoto.<\/p>\n<p>Com a a\u00e7\u00e3o das Secretarias de Obras e de Tr\u00e2nsito e Mobilidade Urbana, duas lombadas foram instaladas em uma importante avenida do bairro. O empres\u00e1rio Alexandre Borges dos Reis, mais conhecido como Tor\u00e3o, destacou que \u00e9 um ponto em que muitas pessoas atravessam a via por causa do parquinho para crian\u00e7as que fica de um lado e da academia instalada do outro lado. \u201cCarros e bicicletas constantemente est\u00e3o estacionando, tem o fluxo de pedestre e muitos carros passavam abusando da velocidade, provocando um risco muito grande de acidente. Gra\u00e7as a Deus, agora nossas reivindica\u00e7\u00f5es foram ouvidas e a partir de hoje as lombadas est\u00e3o instaladas para mudar esse cen\u00e1rio\u201d, afirmou.<\/p>\n<p>Tr\u00eas das equipes do Controle de Vetores tamb\u00e9m trabalharam no bairro nesta ter\u00e7a-feira. Os agentes passaram de casa em casa realizando a varredura, em que conferem se h\u00e1 criadouros do mosquito Aedes aegypti e orientam os moradores sobre como fazer para evitar o ac\u00famulo de \u00e1gua parada em objetos. Eles tamb\u00e9m retiram os materiais sem serventia que os moradores colocam para fora.<\/p>\n<p>Os funcion\u00e1rios trabalham devidamente uniformizados e com crach\u00e1. Nas resid\u00eancias em que \u00e9 realizada a inspe\u00e7\u00e3o e n\u00e3o \u00e9 encontrado nem um criadouro, o agente de controle de vetores entrega ao morador um cupom do Programa Criadouro Zero, que \u00e9 outra medida adotada pela administra\u00e7\u00e3o municipal para incentivar a popula\u00e7\u00e3o a colaborar no controle ao mosquito transmissor da dengue, chikungunya e zika. Lan\u00e7ado pela prefeita Paula Lemos, o programa distribuiu R$ 50 mil em pr\u00eamios no fim de 2023 e outros 50 pr\u00eamios de mil reais ser\u00e3o sorteados em dezembro deste ano.<\/p>\n<p>Parte das equipes das Secretarias continua no Mais Parque nesta quarta-feira, dia 13, conduzindo as melhorias bairro a dentro. Acompanharam a prefeita Paula e a a\u00e7\u00e3o no bairro nesta ter\u00e7a-feira, os secret\u00e1rios de Sa\u00fade, Gra\u00e7a Lemos; Agricultura, Meio Ambiente e Sustentabilidade, Pl\u00e1cido Martins Jr.; Tr\u00e2nsito e Mobilidade Urbana, Luiz de Matos; Obras e Servi\u00e7os Urbanos, Fernando Fernandes de Feitas; Administra\u00e7\u00e3o, Sirlene de Menezes e o ouvidor do munic\u00edpio, Danilo Mendes.<\/p>\n<p><a href=\"https:\/\/regiaonews.net.br\/2022\/wp-content\/uploads\/2024\/03\/IMG-20240312-WA0390.jpg\"><img loading=\"lazy\" decoding=\"async\" class=\"alignnone size-medium wp-image-102379\" src=\"https:\/\/regiaonews.net.br\/2022\/wp-content\/uploads\/2024\/03\/IMG-20240312-WA0390-300x220.jpg\" alt=\"\" width=\"300\" height=\"220\" srcset=\"https:\/\/regiaonews.net.br\/2022\/wp-content\/uploads\/2024\/03\/IMG-20240312-WA0390-300x220.jpg 300w, https:\/\/regiaonews.net.br\/2022\/wp-content\/uploads\/2024\/03\/IMG-20240312-WA0390-1024x752.jpg 1024w, https:\/\/regiaonews.net.br\/2022\/wp-content\/uploads\/2024\/03\/IMG-20240312-WA0390-768x564.jpg 768w, https:\/\/regiaonews.net.br\/2022\/wp-content\/uploads\/2024\/03\/IMG-20240312-WA0390-1536x1128.jpg 1536w, https:\/\/regiaonews.net.br\/2022\/wp-content\/uploads\/2024\/03\/IMG-20240312-WA0390-250x184.jpg 250w, https:\/\/regiaonews.net.br\/2022\/wp-content\/uploads\/2024\/03\/IMG-20240312-WA0390.jpg 1600w\" sizes=\"auto, (max-width: 300px) 100vw, 300px\" \/><\/a><\/p>\n<p><a href=\"https:\/\/regiaonews.net.br\/2022\/wp-content\/uploads\/2024\/03\/IMG-20240312-WA0394.jpg\"><img loading=\"lazy\" decoding=\"async\" class=\"alignnone size-medium wp-image-102377\" src=\"https:\/\/regiaonews.net.br\/2022\/wp-content\/uploads\/2024\/03\/IMG-20240312-WA0394-300x211.jpg\" alt=\"\" width=\"300\" height=\"211\" srcset=\"https:\/\/regiaonews.net.br\/2022\/wp-content\/uploads\/2024\/03\/IMG-20240312-WA0394-300x211.jpg 300w, https:\/\/regiaonews.net.br\/2022\/wp-content\/uploads\/2024\/03\/IMG-20240312-WA0394-1024x719.jpg 1024w, https:\/\/regiaonews.net.br\/2022\/wp-content\/uploads\/2024\/03\/IMG-20240312-WA0394-768x539.jpg 768w, https:\/\/regiaonews.net.br\/2022\/wp-content\/uploads\/2024\/03\/IMG-20240312-WA0394-1536x1078.jpg 1536w, https:\/\/regiaonews.net.br\/2022\/wp-content\/uploads\/2024\/03\/IMG-20240312-WA0394-250x175.jpg 250w, https:\/\/regiaonews.net.br\/2022\/wp-content\/uploads\/2024\/03\/IMG-20240312-WA0394.jpg 1600w\" sizes=\"auto, (max-width: 300px) 100vw, 300px\" \/><\/a><\/p>\n","protected":false},"excerpt":{"rendered":"<p>&nbsp; A Prefeitura da Est\u00e2ncia Tur\u00edstica de Barretos retomou nesta<\/p>\n","protected":false},"author":2,"featured_media":102378,"comment_status":"open","ping_status":"open","sticky":false,"template":"","format":"standard","meta":{"footnotes":""},"categories":[14,111],"tags":[],"class_list":["post-102376","post","type-post","status-publish","format-standard","has-post-thumbnail","hentry","category-barretos","category-cotidiano"],"yoast_head":"<!-- This site is optimized with the Yoast SEO plugin v27.4 - https:\/\/yoast.com\/product\/yoast-seo-wordpress\/ -->\n<title>Prefeitura retoma \u201cT\u00e1 Arrumado\u201d no Mais Parque com a\u00e7\u00e3o integrada com 80 profissionais - Regi\u00e3o News<\/title>\n<meta name=\"robots\" content=\"index, follow, max-snippet:-1, max-image-preview:large, max-video-preview:-1\" \/>\n<link rel=\"canonical\" href=\"https:\/\/regiaonews.net.br\/2022\/2024\/03\/13\/prefeitura-retoma-ta-arrumado-no-mais-parque-com-acao-integrada-com-80-profissionais\/\" \/>\n<meta property=\"og:locale\" content=\"pt_BR\" \/>\n<meta property=\"og:type\" content=\"article\" \/>\n<meta property=\"og:title\" content=\"Prefeitura retoma \u201cT\u00e1 Arrumado\u201d no Mais Parque com a\u00e7\u00e3o integrada com 80 profissionais - Regi\u00e3o News\" \/>\n<meta property=\"og:description\" content=\"&nbsp; A Prefeitura da Est\u00e2ncia Tur\u00edstica de Barretos retomou nesta\" \/>\n<meta property=\"og:url\" content=\"https:\/\/regiaonews.net.br\/2022\/2024\/03\/13\/prefeitura-retoma-ta-arrumado-no-mais-parque-com-acao-integrada-com-80-profissionais\/\" \/>\n<meta property=\"og:site_name\" content=\"Regi\u00e3o News\" \/>\n<meta property=\"article:published_time\" content=\"2024-03-13T23:04:45+00:00\" \/>\n<meta property=\"og:image\" content=\"https:\/\/regiaonews.net.br\/2022\/wp-content\/uploads\/2024\/03\/IMG-20240312-WA0393.jpg\" \/>\n\t<meta property=\"og:image:width\" content=\"1600\" \/>\n\t<meta property=\"og:image:height\" content=\"1207\" \/>\n\t<meta property=\"og:image:type\" content=\"image\/jpeg\" \/>\n<meta name=\"author\" content=\"Roberto\" \/>\n<meta name=\"twitter:card\" content=\"summary_large_image\" \/>\n<meta name=\"twitter:label1\" content=\"Escrito por\" \/>\n\t<meta name=\"twitter:data1\" content=\"Roberto\" \/>\n\t<meta name=\"twitter:label2\" content=\"Est. tempo de leitura\" \/>\n\t<meta name=\"twitter:data2\" content=\"5 minutos\" \/>\n<script type=\"application\/ld+json\" class=\"yoast-schema-graph\">{\"@context\":\"https:\\\/\\\/schema.org\",\"@graph\":[{\"@type\":\"Article\",\"@id\":\"https:\\\/\\\/regiaonews.net.br\\\/2022\\\/2024\\\/03\\\/13\\\/prefeitura-retoma-ta-arrumado-no-mais-parque-com-acao-integrada-com-80-profissionais\\\/#article\",\"isPartOf\":{\"@id\":\"https:\\\/\\\/regiaonews.net.br\\\/2022\\\/2024\\\/03\\\/13\\\/prefeitura-retoma-ta-arrumado-no-mais-parque-com-acao-integrada-com-80-profissionais\\\/\"},\"author\":{\"name\":\"Roberto\",\"@id\":\"https:\\\/\\\/regiaonews.net.br\\\/2022\\\/#\\\/schema\\\/person\\\/2d205a608a5aa97ac279d7a5e6d89ad8\"},\"headline\":\"Prefeitura retoma \u201cT\u00e1 Arrumado\u201d no Mais Parque com a\u00e7\u00e3o integrada com 80 profissionais\",\"datePublished\":\"2024-03-13T23:04:45+00:00\",\"mainEntityOfPage\":{\"@id\":\"https:\\\/\\\/regiaonews.net.br\\\/2022\\\/2024\\\/03\\\/13\\\/prefeitura-retoma-ta-arrumado-no-mais-parque-com-acao-integrada-com-80-profissionais\\\/\"},\"wordCount\":773,\"commentCount\":0,\"publisher\":{\"@id\":\"https:\\\/\\\/regiaonews.net.br\\\/2022\\\/#organization\"},\"image\":{\"@id\":\"https:\\\/\\\/regiaonews.net.br\\\/2022\\\/2024\\\/03\\\/13\\\/prefeitura-retoma-ta-arrumado-no-mais-parque-com-acao-integrada-com-80-profissionais\\\/#primaryimage\"},\"thumbnailUrl\":\"https:\\\/\\\/regiaonews.net.br\\\/2022\\\/wp-content\\\/uploads\\\/2024\\\/03\\\/IMG-20240312-WA0393.jpg\",\"articleSection\":[\"Barretos\",\"Cotidiano\"],\"inLanguage\":\"pt-BR\",\"potentialAction\":[{\"@type\":\"CommentAction\",\"name\":\"Comment\",\"target\":[\"https:\\\/\\\/regiaonews.net.br\\\/2022\\\/2024\\\/03\\\/13\\\/prefeitura-retoma-ta-arrumado-no-mais-parque-com-acao-integrada-com-80-profissionais\\\/#respond\"]}]},{\"@type\":\"WebPage\",\"@id\":\"https:\\\/\\\/regiaonews.net.br\\\/2022\\\/2024\\\/03\\\/13\\\/prefeitura-retoma-ta-arrumado-no-mais-parque-com-acao-integrada-com-80-profissionais\\\/\",\"url\":\"https:\\\/\\\/regiaonews.net.br\\\/2022\\\/2024\\\/03\\\/13\\\/prefeitura-retoma-ta-arrumado-no-mais-parque-com-acao-integrada-com-80-profissionais\\\/\",\"name\":\"Prefeitura retoma \u201cT\u00e1 Arrumado\u201d no Mais Parque com a\u00e7\u00e3o integrada com 80 profissionais - Regi\u00e3o News\",\"isPartOf\":{\"@id\":\"https:\\\/\\\/regiaonews.net.br\\\/2022\\\/#website\"},\"primaryImageOfPage\":{\"@id\":\"https:\\\/\\\/regiaonews.net.br\\\/2022\\\/2024\\\/03\\\/13\\\/prefeitura-retoma-ta-arrumado-no-mais-parque-com-acao-integrada-com-80-profissionais\\\/#primaryimage\"},\"image\":{\"@id\":\"https:\\\/\\\/regiaonews.net.br\\\/2022\\\/2024\\\/03\\\/13\\\/prefeitura-retoma-ta-arrumado-no-mais-parque-com-acao-integrada-com-80-profissionais\\\/#primaryimage\"},\"thumbnailUrl\":\"https:\\\/\\\/regiaonews.net.br\\\/2022\\\/wp-content\\\/uploads\\\/2024\\\/03\\\/IMG-20240312-WA0393.jpg\",\"datePublished\":\"2024-03-13T23:04:45+00:00\",\"breadcrumb\":{\"@id\":\"https:\\\/\\\/regiaonews.net.br\\\/2022\\\/2024\\\/03\\\/13\\\/prefeitura-retoma-ta-arrumado-no-mais-parque-com-acao-integrada-com-80-profissionais\\\/#breadcrumb\"},\"inLanguage\":\"pt-BR\",\"potentialAction\":[{\"@type\":\"ReadAction\",\"target\":[\"https:\\\/\\\/regiaonews.net.br\\\/2022\\\/2024\\\/03\\\/13\\\/prefeitura-retoma-ta-arrumado-no-mais-parque-com-acao-integrada-com-80-profissionais\\\/\"]}]},{\"@type\":\"ImageObject\",\"inLanguage\":\"pt-BR\",\"@id\":\"https:\\\/\\\/regiaonews.net.br\\\/2022\\\/2024\\\/03\\\/13\\\/prefeitura-retoma-ta-arrumado-no-mais-parque-com-acao-integrada-com-80-profissionais\\\/#primaryimage\",\"url\":\"https:\\\/\\\/regiaonews.net.br\\\/2022\\\/wp-content\\\/uploads\\\/2024\\\/03\\\/IMG-20240312-WA0393.jpg\",\"contentUrl\":\"https:\\\/\\\/regiaonews.net.br\\\/2022\\\/wp-content\\\/uploads\\\/2024\\\/03\\\/IMG-20240312-WA0393.jpg\",\"width\":1600,\"height\":1207},{\"@type\":\"BreadcrumbList\",\"@id\":\"https:\\\/\\\/regiaonews.net.br\\\/2022\\\/2024\\\/03\\\/13\\\/prefeitura-retoma-ta-arrumado-no-mais-parque-com-acao-integrada-com-80-profissionais\\\/#breadcrumb\",\"itemListElement\":[{\"@type\":\"ListItem\",\"position\":1,\"name\":\"In\u00edcio\",\"item\":\"https:\\\/\\\/regiaonews.net.br\\\/2022\\\/\"},{\"@type\":\"ListItem\",\"position\":2,\"name\":\"Prefeitura retoma \u201cT\u00e1 Arrumado\u201d no Mais Parque com a\u00e7\u00e3o integrada com 80 profissionais\"}]},{\"@type\":\"WebSite\",\"@id\":\"https:\\\/\\\/regiaonews.net.br\\\/2022\\\/#website\",\"url\":\"https:\\\/\\\/regiaonews.net.br\\\/2022\\\/\",\"name\":\"Regi\u00e3o News\",\"description\":\"Site de Not\u00edcias de Barretos e regi\u00e3o\",\"publisher\":{\"@id\":\"https:\\\/\\\/regiaonews.net.br\\\/2022\\\/#organization\"},\"potentialAction\":[{\"@type\":\"SearchAction\",\"target\":{\"@type\":\"EntryPoint\",\"urlTemplate\":\"https:\\\/\\\/regiaonews.net.br\\\/2022\\\/?s={search_term_string}\"},\"query-input\":{\"@type\":\"PropertyValueSpecification\",\"valueRequired\":true,\"valueName\":\"search_term_string\"}}],\"inLanguage\":\"pt-BR\"},{\"@type\":\"Organization\",\"@id\":\"https:\\\/\\\/regiaonews.net.br\\\/2022\\\/#organization\",\"name\":\"Regi\u00e3o News\",\"url\":\"https:\\\/\\\/regiaonews.net.br\\\/2022\\\/\",\"logo\":{\"@type\":\"ImageObject\",\"inLanguage\":\"pt-BR\",\"@id\":\"https:\\\/\\\/regiaonews.net.br\\\/2022\\\/#\\\/schema\\\/logo\\\/image\\\/\",\"url\":\"https:\\\/\\\/regiaonews.net.br\\\/2022\\\/wp-content\\\/uploads\\\/2026\\\/03\\\/regiao-13-anos-scaled.jpg\",\"contentUrl\":\"https:\\\/\\\/regiaonews.net.br\\\/2022\\\/wp-content\\\/uploads\\\/2026\\\/03\\\/regiao-13-anos-scaled.jpg\",\"width\":2560,\"height\":635,\"caption\":\"Regi\u00e3o News\"},\"image\":{\"@id\":\"https:\\\/\\\/regiaonews.net.br\\\/2022\\\/#\\\/schema\\\/logo\\\/image\\\/\"}},{\"@type\":\"Person\",\"@id\":\"https:\\\/\\\/regiaonews.net.br\\\/2022\\\/#\\\/schema\\\/person\\\/2d205a608a5aa97ac279d7a5e6d89ad8\",\"name\":\"Roberto\",\"image\":{\"@type\":\"ImageObject\",\"inLanguage\":\"pt-BR\",\"@id\":\"https:\\\/\\\/secure.gravatar.com\\\/avatar\\\/42749d8b712ff9d59ca93dc150494e5b55a44134482993f5baeb97e61b7ecc89?s=96&d=mm&r=g\",\"url\":\"https:\\\/\\\/secure.gravatar.com\\\/avatar\\\/42749d8b712ff9d59ca93dc150494e5b55a44134482993f5baeb97e61b7ecc89?s=96&d=mm&r=g\",\"contentUrl\":\"https:\\\/\\\/secure.gravatar.com\\\/avatar\\\/42749d8b712ff9d59ca93dc150494e5b55a44134482993f5baeb97e61b7ecc89?s=96&d=mm&r=g\",\"caption\":\"Roberto\"},\"url\":\"https:\\\/\\\/regiaonews.net.br\\\/2022\\\/author\\\/roberto\\\/\"}]}<\/script>\n<!-- \/ Yoast SEO plugin. -->","yoast_head_json":{"title":"Prefeitura retoma \u201cT\u00e1 Arrumado\u201d no Mais Parque com a\u00e7\u00e3o integrada com 80 profissionais - Regi\u00e3o News","robots":{"index":"index","follow":"follow","max-snippet":"max-snippet:-1","max-image-preview":"max-image-preview:large","max-video-preview":"max-video-preview:-1"},"canonical":"https:\/\/regiaonews.net.br\/2022\/2024\/03\/13\/prefeitura-retoma-ta-arrumado-no-mais-parque-com-acao-integrada-com-80-profissionais\/","og_locale":"pt_BR","og_type":"article","og_title":"Prefeitura retoma \u201cT\u00e1 Arrumado\u201d no Mais Parque com a\u00e7\u00e3o integrada com 80 profissionais - Regi\u00e3o News","og_description":"&nbsp; A Prefeitura da Est\u00e2ncia Tur\u00edstica de Barretos retomou nesta","og_url":"https:\/\/regiaonews.net.br\/2022\/2024\/03\/13\/prefeitura-retoma-ta-arrumado-no-mais-parque-com-acao-integrada-com-80-profissionais\/","og_site_name":"Regi\u00e3o News","article_published_time":"2024-03-13T23:04:45+00:00","og_image":[{"width":1600,"height":1207,"url":"https:\/\/regiaonews.net.br\/2022\/wp-content\/uploads\/2024\/03\/IMG-20240312-WA0393.jpg","type":"image\/jpeg"}],"author":"Roberto","twitter_card":"summary_large_image","twitter_misc":{"Escrito por":"Roberto","Est. tempo de leitura":"5 minutos"},"schema":{"@context":"https:\/\/schema.org","@graph":[{"@type":"Article","@id":"https:\/\/regiaonews.net.br\/2022\/2024\/03\/13\/prefeitura-retoma-ta-arrumado-no-mais-parque-com-acao-integrada-com-80-profissionais\/#article","isPartOf":{"@id":"https:\/\/regiaonews.net.br\/2022\/2024\/03\/13\/prefeitura-retoma-ta-arrumado-no-mais-parque-com-acao-integrada-com-80-profissionais\/"},"author":{"name":"Roberto","@id":"https:\/\/regiaonews.net.br\/2022\/#\/schema\/person\/2d205a608a5aa97ac279d7a5e6d89ad8"},"headline":"Prefeitura retoma \u201cT\u00e1 Arrumado\u201d no Mais Parque com a\u00e7\u00e3o integrada com 80 profissionais","datePublished":"2024-03-13T23:04:45+00:00","mainEntityOfPage":{"@id":"https:\/\/regiaonews.net.br\/2022\/2024\/03\/13\/prefeitura-retoma-ta-arrumado-no-mais-parque-com-acao-integrada-com-80-profissionais\/"},"wordCount":773,"commentCount":0,"publisher":{"@id":"https:\/\/regiaonews.net.br\/2022\/#organization"},"image":{"@id":"https:\/\/regiaonews.net.br\/2022\/2024\/03\/13\/prefeitura-retoma-ta-arrumado-no-mais-parque-com-acao-integrada-com-80-profissionais\/#primaryimage"},"thumbnailUrl":"https:\/\/regiaonews.net.br\/2022\/wp-content\/uploads\/2024\/03\/IMG-20240312-WA0393.jpg","articleSection":["Barretos","Cotidiano"],"inLanguage":"pt-BR","potentialAction":[{"@type":"CommentAction","name":"Comment","target":["https:\/\/regiaonews.net.br\/2022\/2024\/03\/13\/prefeitura-retoma-ta-arrumado-no-mais-parque-com-acao-integrada-com-80-profissionais\/#respond"]}]},{"@type":"WebPage","@id":"https:\/\/regiaonews.net.br\/2022\/2024\/03\/13\/prefeitura-retoma-ta-arrumado-no-mais-parque-com-acao-integrada-com-80-profissionais\/","url":"https:\/\/regiaonews.net.br\/2022\/2024\/03\/13\/prefeitura-retoma-ta-arrumado-no-mais-parque-com-acao-integrada-com-80-profissionais\/","name":"Prefeitura retoma \u201cT\u00e1 Arrumado\u201d no Mais Parque com a\u00e7\u00e3o integrada com 80 profissionais - Regi\u00e3o News","isPartOf":{"@id":"https:\/\/regiaonews.net.br\/2022\/#website"},"primaryImageOfPage":{"@id":"https:\/\/regiaonews.net.br\/2022\/2024\/03\/13\/prefeitura-retoma-ta-arrumado-no-mais-parque-com-acao-integrada-com-80-profissionais\/#primaryimage"},"image":{"@id":"https:\/\/regiaonews.net.br\/2022\/2024\/03\/13\/prefeitura-retoma-ta-arrumado-no-mais-parque-com-acao-integrada-com-80-profissionais\/#primaryimage"},"thumbnailUrl":"https:\/\/regiaonews.net.br\/2022\/wp-content\/uploads\/2024\/03\/IMG-20240312-WA0393.jpg","datePublished":"2024-03-13T23:04:45+00:00","breadcrumb":{"@id":"https:\/\/regiaonews.net.br\/2022\/2024\/03\/13\/prefeitura-retoma-ta-arrumado-no-mais-parque-com-acao-integrada-com-80-profissionais\/#breadcrumb"},"inLanguage":"pt-BR","potentialAction":[{"@type":"ReadAction","target":["https:\/\/regiaonews.net.br\/2022\/2024\/03\/13\/prefeitura-retoma-ta-arrumado-no-mais-parque-com-acao-integrada-com-80-profissionais\/"]}]},{"@type":"ImageObject","inLanguage":"pt-BR","@id":"https:\/\/regiaonews.net.br\/2022\/2024\/03\/13\/prefeitura-retoma-ta-arrumado-no-mais-parque-com-acao-integrada-com-80-profissionais\/#primaryimage","url":"https:\/\/regiaonews.net.br\/2022\/wp-content\/uploads\/2024\/03\/IMG-20240312-WA0393.jpg","contentUrl":"https:\/\/regiaonews.net.br\/2022\/wp-content\/uploads\/2024\/03\/IMG-20240312-WA0393.jpg","width":1600,"height":1207},{"@type":"BreadcrumbList","@id":"https:\/\/regiaonews.net.br\/2022\/2024\/03\/13\/prefeitura-retoma-ta-arrumado-no-mais-parque-com-acao-integrada-com-80-profissionais\/#breadcrumb","itemListElement":[{"@type":"ListItem","position":1,"name":"In\u00edcio","item":"https:\/\/regiaonews.net.br\/2022\/"},{"@type":"ListItem","position":2,"name":"Prefeitura retoma \u201cT\u00e1 Arrumado\u201d no Mais Parque com a\u00e7\u00e3o integrada com 80 profissionais"}]},{"@type":"WebSite","@id":"https:\/\/regiaonews.net.br\/2022\/#website","url":"https:\/\/regiaonews.net.br\/2022\/","name":"Regi\u00e3o News","description":"Site de Not\u00edcias de Barretos e regi\u00e3o","publisher":{"@id":"https:\/\/regiaonews.net.br\/2022\/#organization"},"potentialAction":[{"@type":"SearchAction","target":{"@type":"EntryPoint","urlTemplate":"https:\/\/regiaonews.net.br\/2022\/?s={search_term_string}"},"query-input":{"@type":"PropertyValueSpecification","valueRequired":true,"valueName":"search_term_string"}}],"inLanguage":"pt-BR"},{"@type":"Organization","@id":"https:\/\/regiaonews.net.br\/2022\/#organization","name":"Regi\u00e3o News","url":"https:\/\/regiaonews.net.br\/2022\/","logo":{"@type":"ImageObject","inLanguage":"pt-BR","@id":"https:\/\/regiaonews.net.br\/2022\/#\/schema\/logo\/image\/","url":"https:\/\/regiaonews.net.br\/2022\/wp-content\/uploads\/2026\/03\/regiao-13-anos-scaled.jpg","contentUrl":"https:\/\/regiaonews.net.br\/2022\/wp-content\/uploads\/2026\/03\/regiao-13-anos-scaled.jpg","width":2560,"height":635,"caption":"Regi\u00e3o News"},"image":{"@id":"https:\/\/regiaonews.net.br\/2022\/#\/schema\/logo\/image\/"}},{"@type":"Person","@id":"https:\/\/regiaonews.net.br\/2022\/#\/schema\/person\/2d205a608a5aa97ac279d7a5e6d89ad8","name":"Roberto","image":{"@type":"ImageObject","inLanguage":"pt-BR","@id":"https:\/\/secure.gravatar.com\/avatar\/42749d8b712ff9d59ca93dc150494e5b55a44134482993f5baeb97e61b7ecc89?s=96&d=mm&r=g","url":"https:\/\/secure.gravatar.com\/avatar\/42749d8b712ff9d59ca93dc150494e5b55a44134482993f5baeb97e61b7ecc89?s=96&d=mm&r=g","contentUrl":"https:\/\/secure.gravatar.com\/avatar\/42749d8b712ff9d59ca93dc150494e5b55a44134482993f5baeb97e61b7ecc89?s=96&d=mm&r=g","caption":"Roberto"},"url":"https:\/\/regiaonews.net.br\/2022\/author\/roberto\/"}]}},"publishpress_future_action":{"enabled":false,"date":"2026-05-03 04:36:08","action":"change-status","newStatus":"draft","terms":[],"taxonomy":"category","extraData":[]},"publishpress_future_workflow_manual_trigger":{"enabledWorkflows":[]},"_links":{"self":[{"href":"https:\/\/regiaonews.net.br\/2022\/wp-json\/wp\/v2\/posts\/102376","targetHints":{"allow":["GET"]}}],"collection":[{"href":"https:\/\/regiaonews.net.br\/2022\/wp-json\/wp\/v2\/posts"}],"about":[{"href":"https:\/\/regiaonews.net.br\/2022\/wp-json\/wp\/v2\/types\/post"}],"author":[{"embeddable":true,"href":"https:\/\/regiaonews.net.br\/2022\/wp-json\/wp\/v2\/users\/2"}],"replies":[{"embeddable":true,"href":"https:\/\/regiaonews.net.br\/2022\/wp-json\/wp\/v2\/comments?post=102376"}],"version-history":[{"count":1,"href":"https:\/\/regiaonews.net.br\/2022\/wp-json\/wp\/v2\/posts\/102376\/revisions"}],"predecessor-version":[{"id":102380,"href":"https:\/\/regiaonews.net.br\/2022\/wp-json\/wp\/v2\/posts\/102376\/revisions\/102380"}],"wp:featuredmedia":[{"embeddable":true,"href":"https:\/\/regiaonews.net.br\/2022\/wp-json\/wp\/v2\/media\/102378"}],"wp:attachment":[{"href":"https:\/\/regiaonews.net.br\/2022\/wp-json\/wp\/v2\/media?parent=102376"}],"wp:term":[{"taxonomy":"category","embeddable":true,"href":"https:\/\/regiaonews.net.br\/2022\/wp-json\/wp\/v2\/categories?post=102376"},{"taxonomy":"post_tag","embeddable":true,"href":"https:\/\/regiaonews.net.br\/2022\/wp-json\/wp\/v2\/tags?post=102376"}],"curies":[{"name":"wp","href":"https:\/\/api.w.org\/{rel}","templated":true}]}}