{"id":102375,"date":"2024-03-13T21:52:14","date_gmt":"2024-03-14T00:52:14","guid":{"rendered":"https:\/\/regiaonews.net.br\/2022\/?p=102375"},"modified":"2024-03-13T21:52:14","modified_gmt":"2024-03-14T00:52:14","slug":"bazar-da-avcc-barretos-esta-mais-amplo-e-repaginado","status":"publish","type":"post","link":"https:\/\/regiaonews.net.br\/2022\/2024\/03\/13\/bazar-da-avcc-barretos-esta-mais-amplo-e-repaginado\/","title":{"rendered":"Bazar da AVCC Barretos est\u00e1 mais amplo e repaginado"},"content":{"rendered":"<p>&nbsp;<\/p>\n<p>Pe\u00e7as da moda sustent\u00e1vel e itens de decora\u00e7\u00e3o, com pre\u00e7os acess\u00edveis, atendendo principalmente fam\u00edlias de pacientes do Hospital de Amor<\/p>\n<p>O Bazar da AVCC &#8211; Associa\u00e7\u00e3o Volunt\u00e1ria de Combate ao C\u00e2ncer de Barretos recebeu uma repagina\u00e7\u00e3o e est\u00e1 mais amplo e arejado. Novas araras possibilitam a separa\u00e7\u00e3o das roupas por estilo, moda dia a dia e moda festa; e g\u00eanero feminino, masculino e infantil, al\u00e9m de prateleiras de cal\u00e7ados, acess\u00f3rios femininos e \u00e1rea de objetos de decora\u00e7\u00e3o. O destaque ainda \u00e9 para o setor de vestidos de noivas e madrinhas, com pe\u00e7as em diversos tamanhos, algumas com um \u00fanico uso, e em que se pode encontrar modelos assinados por estilistas.<br \/>\nTodas as pe\u00e7as comercializadas no bazar v\u00eam de doa\u00e7\u00f5es, e o total arrecadado diariamente \u00e9 utilizado para a manuten\u00e7\u00e3o da entidade e para dar suporte \u00e0 fam\u00edlias de pacientes em tratamento de c\u00e2ncer no Hospital de Amor que estejam enfrentando dificuldades financeiras.<br \/>\nUma das clientes do brech\u00f3, a paciente Eliana Therezinha Pajeato, 58 anos, \u00e9 aluna de biomedicina e escritur\u00e1ria, moradora em Sever\u00ednia\/SP, conta que que come\u00e7ou a frequentar o brech\u00f3 da AVCC no in\u00edcio do tratamento, em 2014, e nunca mais parou. Mesmo agora, que s\u00f3 vem para os exames de rotina, ap\u00f3s a alta do tratamento, tem o local como refer\u00eancia de compras o ano todo.<br \/>\n\u201cJ\u00e1 doei e comprei muitas roupas no brech\u00f3 da AVCC, a maioria das pe\u00e7as s\u00e3o praticamente novas, do meu estilo, nem preciso levar \u00e0 costureira. Inclusive, j\u00e1 encontrei itens de marcas famosas. Fiz lindos looks para ir a festas de gala, tudo adquirido no bazar, por isso recomendo que as pessoas visitem. Al\u00e9m disso, \u00e9 uma maneira de ajudar a AVCC, uma institui\u00e7\u00e3o que possui um trabalho t\u00e3o importante na cidade&#8221;, enfatizou a cliente do bazar, Eliana.<br \/>\nSegundo a diretoria da AVCC, o Bazar conta com um espa\u00e7o de vinte metros quadrados, recebendo uma visita\u00e7\u00e3o di\u00e1ria de mais de 200 pessoas, atendidas, geralmente, por quatro volunt\u00e1rias e volunt\u00e1rios que cuidas das vendas no local, havendo um revezamento de pessoal todos os dias. Os pre\u00e7os das pe\u00e7as s\u00e3o acess\u00edveis, com roupas comuns e cal\u00e7ados variando de R$ 5 a R$ 10, cada, roupas de festa de R$ 50 a R$ 100, vestidos de noiva de R$ 150 a R$ 350, e pe\u00e7as de decora\u00e7\u00e3o e porcelanas de R$ 15 a R$ 50, em m\u00e9dia.<br \/>\nO Bazar da AVCC funciona na sede da entidade, ao lado do Hospital de Amor, das 9h \u00e0s 14h, de segunda a sexta. A sede tamb\u00e9m fica aberta para receber doa\u00e7\u00f5es e acolher novos volunt\u00e1rios, pacientes e seus familiares, das 8h \u00e0s 16h, na Avenida Paulo de Matos Leandro, n\u00ba 1357, no bairro Paulo Prata, em frente ao Restaurante Popular Bom Prato. O telefone para contato \u00e9 (17) 3324 4519.<\/p>\n<p>&nbsp;<\/p>\n<p>Sobre a AVCC<\/p>\n<p>A AVCC Barretos tem como objetivo prestar servi\u00e7os volunt\u00e1rios gratuitos \u00e0 pacientes diagnosticados com c\u00e2ncer no Hospital de Amor, nos alojamentos e nas resid\u00eancias particulares. A entidade n\u00e3o tem fins lucrativos, credo religioso ou cunho pol\u00edtico-partid\u00e1rio, e atualmente conta com o trabalho de mais de 60 volunt\u00e1rios, uma sede onde funciona seu Bazar, sala das perucas e onde recebe doa\u00e7\u00f5es das mais diferentes esp\u00e9cies, desde roupas, tampinhas pl\u00e1sticas, lacres de latinhas, que s\u00e3o revertidos em recursos para as obras da entidade, at\u00e9 dinheiro, doa\u00e7\u00e3o de mantimentos, rem\u00e9dios e equipamentos, que s\u00e3o utilizados diretamente por pacientes que n\u00e3o tem recursos para arcar com esses itens.<\/p>\n<p>Para ser um volunt\u00e1rio ou uma volunt\u00e1ria \u00e9 preciso a vontade de doar seu tempo a quem precisa de carinho, para isso, basta procurar a entidade, preencher um cadastro e se adequar \u00e0 forma de trabalho de cada um dos setores de atua\u00e7\u00e3o, doando algumas horas durante a semana, em dias fixos.<\/p>\n<p>&nbsp;<\/p>\n<p>Fotos e Reportagem: Tamires Furniel<\/p>\n","protected":false},"excerpt":{"rendered":"<p>&nbsp; Pe\u00e7as da moda sustent\u00e1vel e itens de decora\u00e7\u00e3o, com<\/p>\n","protected":false},"author":2,"featured_media":102381,"comment_status":"open","ping_status":"open","sticky":false,"template":"","format":"standard","meta":{"footnotes":""},"categories":[14,25],"tags":[],"class_list":["post-102375","post","type-post","status-publish","format-standard","has-post-thumbnail","hentry","category-barretos","category-cidades"],"yoast_head":"<!-- This site is optimized with the Yoast SEO plugin v27.4 - https:\/\/yoast.com\/product\/yoast-seo-wordpress\/ -->\n<title>Bazar da AVCC Barretos est\u00e1 mais amplo e repaginado - Regi\u00e3o News<\/title>\n<meta name=\"robots\" content=\"index, follow, max-snippet:-1, max-image-preview:large, max-video-preview:-1\" \/>\n<link rel=\"canonical\" href=\"https:\/\/regiaonews.net.br\/2022\/2024\/03\/13\/bazar-da-avcc-barretos-esta-mais-amplo-e-repaginado\/\" \/>\n<meta property=\"og:locale\" content=\"pt_BR\" \/>\n<meta property=\"og:type\" content=\"article\" \/>\n<meta property=\"og:title\" content=\"Bazar da AVCC Barretos est\u00e1 mais amplo e repaginado - Regi\u00e3o News\" \/>\n<meta property=\"og:description\" content=\"&nbsp; Pe\u00e7as da moda sustent\u00e1vel e itens de decora\u00e7\u00e3o, com\" \/>\n<meta property=\"og:url\" content=\"https:\/\/regiaonews.net.br\/2022\/2024\/03\/13\/bazar-da-avcc-barretos-esta-mais-amplo-e-repaginado\/\" \/>\n<meta property=\"og:site_name\" content=\"Regi\u00e3o News\" \/>\n<meta property=\"article:published_time\" content=\"2024-03-14T00:52:14+00:00\" \/>\n<meta property=\"og:image\" content=\"https:\/\/regiaonews.net.br\/2022\/wp-content\/uploads\/2024\/03\/WhatsApp-Image-2024-03-13-at-15.36.30.jpeg\" \/>\n\t<meta property=\"og:image:width\" content=\"1600\" \/>\n\t<meta property=\"og:image:height\" content=\"1135\" \/>\n\t<meta property=\"og:image:type\" content=\"image\/jpeg\" \/>\n<meta name=\"author\" content=\"Roberto\" \/>\n<meta name=\"twitter:card\" content=\"summary_large_image\" \/>\n<meta name=\"twitter:label1\" content=\"Escrito por\" \/>\n\t<meta name=\"twitter:data1\" content=\"Roberto\" \/>\n\t<meta name=\"twitter:label2\" content=\"Est. tempo de leitura\" \/>\n\t<meta name=\"twitter:data2\" content=\"4 minutos\" \/>\n<script type=\"application\/ld+json\" class=\"yoast-schema-graph\">{\"@context\":\"https:\\\/\\\/schema.org\",\"@graph\":[{\"@type\":\"Article\",\"@id\":\"https:\\\/\\\/regiaonews.net.br\\\/2022\\\/2024\\\/03\\\/13\\\/bazar-da-avcc-barretos-esta-mais-amplo-e-repaginado\\\/#article\",\"isPartOf\":{\"@id\":\"https:\\\/\\\/regiaonews.net.br\\\/2022\\\/2024\\\/03\\\/13\\\/bazar-da-avcc-barretos-esta-mais-amplo-e-repaginado\\\/\"},\"author\":{\"name\":\"Roberto\",\"@id\":\"https:\\\/\\\/regiaonews.net.br\\\/2022\\\/#\\\/schema\\\/person\\\/2d205a608a5aa97ac279d7a5e6d89ad8\"},\"headline\":\"Bazar da AVCC Barretos est\u00e1 mais amplo e repaginado\",\"datePublished\":\"2024-03-14T00:52:14+00:00\",\"mainEntityOfPage\":{\"@id\":\"https:\\\/\\\/regiaonews.net.br\\\/2022\\\/2024\\\/03\\\/13\\\/bazar-da-avcc-barretos-esta-mais-amplo-e-repaginado\\\/\"},\"wordCount\":681,\"commentCount\":0,\"publisher\":{\"@id\":\"https:\\\/\\\/regiaonews.net.br\\\/2022\\\/#organization\"},\"image\":{\"@id\":\"https:\\\/\\\/regiaonews.net.br\\\/2022\\\/2024\\\/03\\\/13\\\/bazar-da-avcc-barretos-esta-mais-amplo-e-repaginado\\\/#primaryimage\"},\"thumbnailUrl\":\"https:\\\/\\\/regiaonews.net.br\\\/2022\\\/wp-content\\\/uploads\\\/2024\\\/03\\\/WhatsApp-Image-2024-03-13-at-15.36.30.jpeg\",\"articleSection\":[\"Barretos\",\"Cidades\"],\"inLanguage\":\"pt-BR\",\"potentialAction\":[{\"@type\":\"CommentAction\",\"name\":\"Comment\",\"target\":[\"https:\\\/\\\/regiaonews.net.br\\\/2022\\\/2024\\\/03\\\/13\\\/bazar-da-avcc-barretos-esta-mais-amplo-e-repaginado\\\/#respond\"]}]},{\"@type\":\"WebPage\",\"@id\":\"https:\\\/\\\/regiaonews.net.br\\\/2022\\\/2024\\\/03\\\/13\\\/bazar-da-avcc-barretos-esta-mais-amplo-e-repaginado\\\/\",\"url\":\"https:\\\/\\\/regiaonews.net.br\\\/2022\\\/2024\\\/03\\\/13\\\/bazar-da-avcc-barretos-esta-mais-amplo-e-repaginado\\\/\",\"name\":\"Bazar da AVCC Barretos est\u00e1 mais amplo e repaginado - Regi\u00e3o News\",\"isPartOf\":{\"@id\":\"https:\\\/\\\/regiaonews.net.br\\\/2022\\\/#website\"},\"primaryImageOfPage\":{\"@id\":\"https:\\\/\\\/regiaonews.net.br\\\/2022\\\/2024\\\/03\\\/13\\\/bazar-da-avcc-barretos-esta-mais-amplo-e-repaginado\\\/#primaryimage\"},\"image\":{\"@id\":\"https:\\\/\\\/regiaonews.net.br\\\/2022\\\/2024\\\/03\\\/13\\\/bazar-da-avcc-barretos-esta-mais-amplo-e-repaginado\\\/#primaryimage\"},\"thumbnailUrl\":\"https:\\\/\\\/regiaonews.net.br\\\/2022\\\/wp-content\\\/uploads\\\/2024\\\/03\\\/WhatsApp-Image-2024-03-13-at-15.36.30.jpeg\",\"datePublished\":\"2024-03-14T00:52:14+00:00\",\"breadcrumb\":{\"@id\":\"https:\\\/\\\/regiaonews.net.br\\\/2022\\\/2024\\\/03\\\/13\\\/bazar-da-avcc-barretos-esta-mais-amplo-e-repaginado\\\/#breadcrumb\"},\"inLanguage\":\"pt-BR\",\"potentialAction\":[{\"@type\":\"ReadAction\",\"target\":[\"https:\\\/\\\/regiaonews.net.br\\\/2022\\\/2024\\\/03\\\/13\\\/bazar-da-avcc-barretos-esta-mais-amplo-e-repaginado\\\/\"]}]},{\"@type\":\"ImageObject\",\"inLanguage\":\"pt-BR\",\"@id\":\"https:\\\/\\\/regiaonews.net.br\\\/2022\\\/2024\\\/03\\\/13\\\/bazar-da-avcc-barretos-esta-mais-amplo-e-repaginado\\\/#primaryimage\",\"url\":\"https:\\\/\\\/regiaonews.net.br\\\/2022\\\/wp-content\\\/uploads\\\/2024\\\/03\\\/WhatsApp-Image-2024-03-13-at-15.36.30.jpeg\",\"contentUrl\":\"https:\\\/\\\/regiaonews.net.br\\\/2022\\\/wp-content\\\/uploads\\\/2024\\\/03\\\/WhatsApp-Image-2024-03-13-at-15.36.30.jpeg\",\"width\":1600,\"height\":1135},{\"@type\":\"BreadcrumbList\",\"@id\":\"https:\\\/\\\/regiaonews.net.br\\\/2022\\\/2024\\\/03\\\/13\\\/bazar-da-avcc-barretos-esta-mais-amplo-e-repaginado\\\/#breadcrumb\",\"itemListElement\":[{\"@type\":\"ListItem\",\"position\":1,\"name\":\"In\u00edcio\",\"item\":\"https:\\\/\\\/regiaonews.net.br\\\/2022\\\/\"},{\"@type\":\"ListItem\",\"position\":2,\"name\":\"Bazar da AVCC Barretos est\u00e1 mais amplo e repaginado\"}]},{\"@type\":\"WebSite\",\"@id\":\"https:\\\/\\\/regiaonews.net.br\\\/2022\\\/#website\",\"url\":\"https:\\\/\\\/regiaonews.net.br\\\/2022\\\/\",\"name\":\"Regi\u00e3o News\",\"description\":\"Site de Not\u00edcias de Barretos e regi\u00e3o\",\"publisher\":{\"@id\":\"https:\\\/\\\/regiaonews.net.br\\\/2022\\\/#organization\"},\"potentialAction\":[{\"@type\":\"SearchAction\",\"target\":{\"@type\":\"EntryPoint\",\"urlTemplate\":\"https:\\\/\\\/regiaonews.net.br\\\/2022\\\/?s={search_term_string}\"},\"query-input\":{\"@type\":\"PropertyValueSpecification\",\"valueRequired\":true,\"valueName\":\"search_term_string\"}}],\"inLanguage\":\"pt-BR\"},{\"@type\":\"Organization\",\"@id\":\"https:\\\/\\\/regiaonews.net.br\\\/2022\\\/#organization\",\"name\":\"Regi\u00e3o News\",\"url\":\"https:\\\/\\\/regiaonews.net.br\\\/2022\\\/\",\"logo\":{\"@type\":\"ImageObject\",\"inLanguage\":\"pt-BR\",\"@id\":\"https:\\\/\\\/regiaonews.net.br\\\/2022\\\/#\\\/schema\\\/logo\\\/image\\\/\",\"url\":\"https:\\\/\\\/regiaonews.net.br\\\/2022\\\/wp-content\\\/uploads\\\/2026\\\/03\\\/regiao-13-anos-scaled.jpg\",\"contentUrl\":\"https:\\\/\\\/regiaonews.net.br\\\/2022\\\/wp-content\\\/uploads\\\/2026\\\/03\\\/regiao-13-anos-scaled.jpg\",\"width\":2560,\"height\":635,\"caption\":\"Regi\u00e3o News\"},\"image\":{\"@id\":\"https:\\\/\\\/regiaonews.net.br\\\/2022\\\/#\\\/schema\\\/logo\\\/image\\\/\"}},{\"@type\":\"Person\",\"@id\":\"https:\\\/\\\/regiaonews.net.br\\\/2022\\\/#\\\/schema\\\/person\\\/2d205a608a5aa97ac279d7a5e6d89ad8\",\"name\":\"Roberto\",\"image\":{\"@type\":\"ImageObject\",\"inLanguage\":\"pt-BR\",\"@id\":\"https:\\\/\\\/secure.gravatar.com\\\/avatar\\\/42749d8b712ff9d59ca93dc150494e5b55a44134482993f5baeb97e61b7ecc89?s=96&d=mm&r=g\",\"url\":\"https:\\\/\\\/secure.gravatar.com\\\/avatar\\\/42749d8b712ff9d59ca93dc150494e5b55a44134482993f5baeb97e61b7ecc89?s=96&d=mm&r=g\",\"contentUrl\":\"https:\\\/\\\/secure.gravatar.com\\\/avatar\\\/42749d8b712ff9d59ca93dc150494e5b55a44134482993f5baeb97e61b7ecc89?s=96&d=mm&r=g\",\"caption\":\"Roberto\"},\"url\":\"https:\\\/\\\/regiaonews.net.br\\\/2022\\\/author\\\/roberto\\\/\"}]}<\/script>\n<!-- \/ Yoast SEO plugin. -->","yoast_head_json":{"title":"Bazar da AVCC Barretos est\u00e1 mais amplo e repaginado - Regi\u00e3o News","robots":{"index":"index","follow":"follow","max-snippet":"max-snippet:-1","max-image-preview":"max-image-preview:large","max-video-preview":"max-video-preview:-1"},"canonical":"https:\/\/regiaonews.net.br\/2022\/2024\/03\/13\/bazar-da-avcc-barretos-esta-mais-amplo-e-repaginado\/","og_locale":"pt_BR","og_type":"article","og_title":"Bazar da AVCC Barretos est\u00e1 mais amplo e repaginado - Regi\u00e3o News","og_description":"&nbsp; Pe\u00e7as da moda sustent\u00e1vel e itens de decora\u00e7\u00e3o, com","og_url":"https:\/\/regiaonews.net.br\/2022\/2024\/03\/13\/bazar-da-avcc-barretos-esta-mais-amplo-e-repaginado\/","og_site_name":"Regi\u00e3o News","article_published_time":"2024-03-14T00:52:14+00:00","og_image":[{"width":1600,"height":1135,"url":"https:\/\/regiaonews.net.br\/2022\/wp-content\/uploads\/2024\/03\/WhatsApp-Image-2024-03-13-at-15.36.30.jpeg","type":"image\/jpeg"}],"author":"Roberto","twitter_card":"summary_large_image","twitter_misc":{"Escrito por":"Roberto","Est. tempo de leitura":"4 minutos"},"schema":{"@context":"https:\/\/schema.org","@graph":[{"@type":"Article","@id":"https:\/\/regiaonews.net.br\/2022\/2024\/03\/13\/bazar-da-avcc-barretos-esta-mais-amplo-e-repaginado\/#article","isPartOf":{"@id":"https:\/\/regiaonews.net.br\/2022\/2024\/03\/13\/bazar-da-avcc-barretos-esta-mais-amplo-e-repaginado\/"},"author":{"name":"Roberto","@id":"https:\/\/regiaonews.net.br\/2022\/#\/schema\/person\/2d205a608a5aa97ac279d7a5e6d89ad8"},"headline":"Bazar da AVCC Barretos est\u00e1 mais amplo e repaginado","datePublished":"2024-03-14T00:52:14+00:00","mainEntityOfPage":{"@id":"https:\/\/regiaonews.net.br\/2022\/2024\/03\/13\/bazar-da-avcc-barretos-esta-mais-amplo-e-repaginado\/"},"wordCount":681,"commentCount":0,"publisher":{"@id":"https:\/\/regiaonews.net.br\/2022\/#organization"},"image":{"@id":"https:\/\/regiaonews.net.br\/2022\/2024\/03\/13\/bazar-da-avcc-barretos-esta-mais-amplo-e-repaginado\/#primaryimage"},"thumbnailUrl":"https:\/\/regiaonews.net.br\/2022\/wp-content\/uploads\/2024\/03\/WhatsApp-Image-2024-03-13-at-15.36.30.jpeg","articleSection":["Barretos","Cidades"],"inLanguage":"pt-BR","potentialAction":[{"@type":"CommentAction","name":"Comment","target":["https:\/\/regiaonews.net.br\/2022\/2024\/03\/13\/bazar-da-avcc-barretos-esta-mais-amplo-e-repaginado\/#respond"]}]},{"@type":"WebPage","@id":"https:\/\/regiaonews.net.br\/2022\/2024\/03\/13\/bazar-da-avcc-barretos-esta-mais-amplo-e-repaginado\/","url":"https:\/\/regiaonews.net.br\/2022\/2024\/03\/13\/bazar-da-avcc-barretos-esta-mais-amplo-e-repaginado\/","name":"Bazar da AVCC Barretos est\u00e1 mais amplo e repaginado - Regi\u00e3o News","isPartOf":{"@id":"https:\/\/regiaonews.net.br\/2022\/#website"},"primaryImageOfPage":{"@id":"https:\/\/regiaonews.net.br\/2022\/2024\/03\/13\/bazar-da-avcc-barretos-esta-mais-amplo-e-repaginado\/#primaryimage"},"image":{"@id":"https:\/\/regiaonews.net.br\/2022\/2024\/03\/13\/bazar-da-avcc-barretos-esta-mais-amplo-e-repaginado\/#primaryimage"},"thumbnailUrl":"https:\/\/regiaonews.net.br\/2022\/wp-content\/uploads\/2024\/03\/WhatsApp-Image-2024-03-13-at-15.36.30.jpeg","datePublished":"2024-03-14T00:52:14+00:00","breadcrumb":{"@id":"https:\/\/regiaonews.net.br\/2022\/2024\/03\/13\/bazar-da-avcc-barretos-esta-mais-amplo-e-repaginado\/#breadcrumb"},"inLanguage":"pt-BR","potentialAction":[{"@type":"ReadAction","target":["https:\/\/regiaonews.net.br\/2022\/2024\/03\/13\/bazar-da-avcc-barretos-esta-mais-amplo-e-repaginado\/"]}]},{"@type":"ImageObject","inLanguage":"pt-BR","@id":"https:\/\/regiaonews.net.br\/2022\/2024\/03\/13\/bazar-da-avcc-barretos-esta-mais-amplo-e-repaginado\/#primaryimage","url":"https:\/\/regiaonews.net.br\/2022\/wp-content\/uploads\/2024\/03\/WhatsApp-Image-2024-03-13-at-15.36.30.jpeg","contentUrl":"https:\/\/regiaonews.net.br\/2022\/wp-content\/uploads\/2024\/03\/WhatsApp-Image-2024-03-13-at-15.36.30.jpeg","width":1600,"height":1135},{"@type":"BreadcrumbList","@id":"https:\/\/regiaonews.net.br\/2022\/2024\/03\/13\/bazar-da-avcc-barretos-esta-mais-amplo-e-repaginado\/#breadcrumb","itemListElement":[{"@type":"ListItem","position":1,"name":"In\u00edcio","item":"https:\/\/regiaonews.net.br\/2022\/"},{"@type":"ListItem","position":2,"name":"Bazar da AVCC Barretos est\u00e1 mais amplo e repaginado"}]},{"@type":"WebSite","@id":"https:\/\/regiaonews.net.br\/2022\/#website","url":"https:\/\/regiaonews.net.br\/2022\/","name":"Regi\u00e3o News","description":"Site de Not\u00edcias de Barretos e regi\u00e3o","publisher":{"@id":"https:\/\/regiaonews.net.br\/2022\/#organization"},"potentialAction":[{"@type":"SearchAction","target":{"@type":"EntryPoint","urlTemplate":"https:\/\/regiaonews.net.br\/2022\/?s={search_term_string}"},"query-input":{"@type":"PropertyValueSpecification","valueRequired":true,"valueName":"search_term_string"}}],"inLanguage":"pt-BR"},{"@type":"Organization","@id":"https:\/\/regiaonews.net.br\/2022\/#organization","name":"Regi\u00e3o News","url":"https:\/\/regiaonews.net.br\/2022\/","logo":{"@type":"ImageObject","inLanguage":"pt-BR","@id":"https:\/\/regiaonews.net.br\/2022\/#\/schema\/logo\/image\/","url":"https:\/\/regiaonews.net.br\/2022\/wp-content\/uploads\/2026\/03\/regiao-13-anos-scaled.jpg","contentUrl":"https:\/\/regiaonews.net.br\/2022\/wp-content\/uploads\/2026\/03\/regiao-13-anos-scaled.jpg","width":2560,"height":635,"caption":"Regi\u00e3o News"},"image":{"@id":"https:\/\/regiaonews.net.br\/2022\/#\/schema\/logo\/image\/"}},{"@type":"Person","@id":"https:\/\/regiaonews.net.br\/2022\/#\/schema\/person\/2d205a608a5aa97ac279d7a5e6d89ad8","name":"Roberto","image":{"@type":"ImageObject","inLanguage":"pt-BR","@id":"https:\/\/secure.gravatar.com\/avatar\/42749d8b712ff9d59ca93dc150494e5b55a44134482993f5baeb97e61b7ecc89?s=96&d=mm&r=g","url":"https:\/\/secure.gravatar.com\/avatar\/42749d8b712ff9d59ca93dc150494e5b55a44134482993f5baeb97e61b7ecc89?s=96&d=mm&r=g","contentUrl":"https:\/\/secure.gravatar.com\/avatar\/42749d8b712ff9d59ca93dc150494e5b55a44134482993f5baeb97e61b7ecc89?s=96&d=mm&r=g","caption":"Roberto"},"url":"https:\/\/regiaonews.net.br\/2022\/author\/roberto\/"}]}},"publishpress_future_action":{"enabled":false,"date":"2026-05-03 07:42:09","action":"change-status","newStatus":"draft","terms":[],"taxonomy":"category","extraData":[]},"publishpress_future_workflow_manual_trigger":{"enabledWorkflows":[]},"_links":{"self":[{"href":"https:\/\/regiaonews.net.br\/2022\/wp-json\/wp\/v2\/posts\/102375","targetHints":{"allow":["GET"]}}],"collection":[{"href":"https:\/\/regiaonews.net.br\/2022\/wp-json\/wp\/v2\/posts"}],"about":[{"href":"https:\/\/regiaonews.net.br\/2022\/wp-json\/wp\/v2\/types\/post"}],"author":[{"embeddable":true,"href":"https:\/\/regiaonews.net.br\/2022\/wp-json\/wp\/v2\/users\/2"}],"replies":[{"embeddable":true,"href":"https:\/\/regiaonews.net.br\/2022\/wp-json\/wp\/v2\/comments?post=102375"}],"version-history":[{"count":1,"href":"https:\/\/regiaonews.net.br\/2022\/wp-json\/wp\/v2\/posts\/102375\/revisions"}],"predecessor-version":[{"id":102382,"href":"https:\/\/regiaonews.net.br\/2022\/wp-json\/wp\/v2\/posts\/102375\/revisions\/102382"}],"wp:featuredmedia":[{"embeddable":true,"href":"https:\/\/regiaonews.net.br\/2022\/wp-json\/wp\/v2\/media\/102381"}],"wp:attachment":[{"href":"https:\/\/regiaonews.net.br\/2022\/wp-json\/wp\/v2\/media?parent=102375"}],"wp:term":[{"taxonomy":"category","embeddable":true,"href":"https:\/\/regiaonews.net.br\/2022\/wp-json\/wp\/v2\/categories?post=102375"},{"taxonomy":"post_tag","embeddable":true,"href":"https:\/\/regiaonews.net.br\/2022\/wp-json\/wp\/v2\/tags?post=102375"}],"curies":[{"name":"wp","href":"https:\/\/api.w.org\/{rel}","templated":true}]}}