{"id":102330,"date":"2024-03-12T15:03:14","date_gmt":"2024-03-12T18:03:14","guid":{"rendered":"https:\/\/regiaonews.net.br\/2022\/?p=102330"},"modified":"2024-03-12T15:03:14","modified_gmt":"2024-03-12T18:03:14","slug":"10a-edicao-do-startup-day-e-realizada-neste-sabado-16-de-marco-em-barretos","status":"publish","type":"post","link":"https:\/\/regiaonews.net.br\/2022\/2024\/03\/12\/10a-edicao-do-startup-day-e-realizada-neste-sabado-16-de-marco-em-barretos\/","title":{"rendered":"10\u00aa edi\u00e7\u00e3o do Startup Day \u00e9 realizada neste s\u00e1bado, 16 de mar\u00e7o, em Barretos"},"content":{"rendered":"<h3 style=\"text-align: center;\">Evento idealizado pelo Sebrae Startups tem apoio da Prefeitura, por meio da Secretaria Municipal de Desenvolvimento Econ\u00f4mico &amp; Inova\u00e7\u00e3o<\/h3>\n<p>A Est\u00e2ncia Tur\u00edstica de Barretos recebe neste s\u00e1bado, 16 de mar\u00e7o, a partir das 9h, a 10\u00aa edi\u00e7\u00e3o do Startup Day, evento idealizado pelo Sebrae Startups e cocriado com o ecossistema de inova\u00e7\u00e3o que acontece, simultaneamente, em todo o Brasil, e contar\u00e1 com uma palestra sobre \u201cCiberseguran\u00e7a na pr\u00e1tica e oportunidades para empreender com inova\u00e7\u00e3o\u201d, com Guilherme Cardoso e Lucas Arantes, fundadores da Vulneri.io.<br \/>\nA secret\u00e1ria de Desenvolvimento Econ\u00f4mico &amp; Inova\u00e7\u00e3o, Juliana Luciana dos Santos, desatacou que o Startup Day \u00e9 uma grande oportunidade para quem tem uma startup ou tem interesse no tema ficar por dentro das novidades da \u00e1rea. \u201cAl\u00e9m de ser um evento de inova\u00e7\u00e3o, aberto \u00e0 comunidade acad\u00eamica, de tecnologia e empreendedorismo, que sempre apresenta solu\u00e7\u00f5es criativas para empresas e neg\u00f3cios, o Startup Day \u00e9 aquele momento de se encontrar com pessoas com os mesmos objetivos e trocar valiosas experi\u00eancias\u201d, comentou.<br \/>\nO Startup Day tem apoio da Prefeitura, por meio da Secretaria Municipal de Desenvolvimento Econ\u00f4mico &amp; Inova\u00e7\u00e3o, e ser\u00e1 realizado no Instituto Federal de Educa\u00e7\u00e3o, Ci\u00eancia e Tecnologia de S\u00e3o Paulo &#8211; C\u00e2mpus Barretos, na Avenida C-Um, 250, no Residencial Ide Daher. A participa\u00e7\u00e3o \u00e9 gratuita e a inscri\u00e7\u00e3o deve ser feita pelo link https:\/\/www.sympla.com.br\/evento\/startup-day-barretos\/2329578.<\/p>\n<p>&nbsp;<\/p>\n","protected":false},"excerpt":{"rendered":"<p>Evento idealizado pelo Sebrae Startups tem apoio da Prefeitura, por<\/p>\n","protected":false},"author":2,"featured_media":102331,"comment_status":"open","ping_status":"open","sticky":false,"template":"","format":"standard","meta":{"footnotes":""},"categories":[14,3],"tags":[],"class_list":["post-102330","post","type-post","status-publish","format-standard","has-post-thumbnail","hentry","category-barretos","category-geral"],"yoast_head":"<!-- This site is optimized with the Yoast SEO plugin v27.4 - https:\/\/yoast.com\/product\/yoast-seo-wordpress\/ -->\n<title>10\u00aa edi\u00e7\u00e3o do Startup Day \u00e9 realizada neste s\u00e1bado, 16 de mar\u00e7o, em Barretos - Regi\u00e3o News<\/title>\n<meta name=\"robots\" content=\"index, follow, max-snippet:-1, max-image-preview:large, max-video-preview:-1\" \/>\n<link rel=\"canonical\" href=\"https:\/\/regiaonews.net.br\/2022\/2024\/03\/12\/10a-edicao-do-startup-day-e-realizada-neste-sabado-16-de-marco-em-barretos\/\" \/>\n<meta property=\"og:locale\" content=\"pt_BR\" \/>\n<meta property=\"og:type\" content=\"article\" \/>\n<meta property=\"og:title\" content=\"10\u00aa edi\u00e7\u00e3o do Startup Day \u00e9 realizada neste s\u00e1bado, 16 de mar\u00e7o, em Barretos - Regi\u00e3o News\" \/>\n<meta property=\"og:description\" content=\"Evento idealizado pelo Sebrae Startups tem apoio da Prefeitura, por\" \/>\n<meta property=\"og:url\" content=\"https:\/\/regiaonews.net.br\/2022\/2024\/03\/12\/10a-edicao-do-startup-day-e-realizada-neste-sabado-16-de-marco-em-barretos\/\" \/>\n<meta property=\"og:site_name\" content=\"Regi\u00e3o News\" \/>\n<meta property=\"article:published_time\" content=\"2024-03-12T18:03:14+00:00\" \/>\n<meta property=\"og:image\" content=\"https:\/\/regiaonews.net.br\/2022\/wp-content\/uploads\/2024\/03\/Imagem-do-WhatsApp-de-2024-03-12-as-14.50.03_0518f27d.jpg\" \/>\n\t<meta property=\"og:image:width\" content=\"1600\" \/>\n\t<meta property=\"og:image:height\" content=\"1559\" \/>\n\t<meta property=\"og:image:type\" content=\"image\/jpeg\" \/>\n<meta name=\"author\" content=\"Roberto\" \/>\n<meta name=\"twitter:card\" content=\"summary_large_image\" \/>\n<meta name=\"twitter:label1\" content=\"Escrito por\" \/>\n\t<meta name=\"twitter:data1\" content=\"Roberto\" \/>\n\t<meta name=\"twitter:label2\" content=\"Est. tempo de leitura\" \/>\n\t<meta name=\"twitter:data2\" content=\"2 minutos\" \/>\n<script type=\"application\/ld+json\" class=\"yoast-schema-graph\">{\"@context\":\"https:\\\/\\\/schema.org\",\"@graph\":[{\"@type\":\"Article\",\"@id\":\"https:\\\/\\\/regiaonews.net.br\\\/2022\\\/2024\\\/03\\\/12\\\/10a-edicao-do-startup-day-e-realizada-neste-sabado-16-de-marco-em-barretos\\\/#article\",\"isPartOf\":{\"@id\":\"https:\\\/\\\/regiaonews.net.br\\\/2022\\\/2024\\\/03\\\/12\\\/10a-edicao-do-startup-day-e-realizada-neste-sabado-16-de-marco-em-barretos\\\/\"},\"author\":{\"name\":\"Roberto\",\"@id\":\"https:\\\/\\\/regiaonews.net.br\\\/2022\\\/#\\\/schema\\\/person\\\/2d205a608a5aa97ac279d7a5e6d89ad8\"},\"headline\":\"10\u00aa edi\u00e7\u00e3o do Startup Day \u00e9 realizada neste s\u00e1bado, 16 de mar\u00e7o, em Barretos\",\"datePublished\":\"2024-03-12T18:03:14+00:00\",\"mainEntityOfPage\":{\"@id\":\"https:\\\/\\\/regiaonews.net.br\\\/2022\\\/2024\\\/03\\\/12\\\/10a-edicao-do-startup-day-e-realizada-neste-sabado-16-de-marco-em-barretos\\\/\"},\"wordCount\":262,\"commentCount\":0,\"publisher\":{\"@id\":\"https:\\\/\\\/regiaonews.net.br\\\/2022\\\/#organization\"},\"image\":{\"@id\":\"https:\\\/\\\/regiaonews.net.br\\\/2022\\\/2024\\\/03\\\/12\\\/10a-edicao-do-startup-day-e-realizada-neste-sabado-16-de-marco-em-barretos\\\/#primaryimage\"},\"thumbnailUrl\":\"https:\\\/\\\/regiaonews.net.br\\\/2022\\\/wp-content\\\/uploads\\\/2024\\\/03\\\/Imagem-do-WhatsApp-de-2024-03-12-as-14.50.03_0518f27d.jpg\",\"articleSection\":[\"Barretos\",\"Geral\"],\"inLanguage\":\"pt-BR\",\"potentialAction\":[{\"@type\":\"CommentAction\",\"name\":\"Comment\",\"target\":[\"https:\\\/\\\/regiaonews.net.br\\\/2022\\\/2024\\\/03\\\/12\\\/10a-edicao-do-startup-day-e-realizada-neste-sabado-16-de-marco-em-barretos\\\/#respond\"]}]},{\"@type\":\"WebPage\",\"@id\":\"https:\\\/\\\/regiaonews.net.br\\\/2022\\\/2024\\\/03\\\/12\\\/10a-edicao-do-startup-day-e-realizada-neste-sabado-16-de-marco-em-barretos\\\/\",\"url\":\"https:\\\/\\\/regiaonews.net.br\\\/2022\\\/2024\\\/03\\\/12\\\/10a-edicao-do-startup-day-e-realizada-neste-sabado-16-de-marco-em-barretos\\\/\",\"name\":\"10\u00aa edi\u00e7\u00e3o do Startup Day \u00e9 realizada neste s\u00e1bado, 16 de mar\u00e7o, em Barretos - Regi\u00e3o News\",\"isPartOf\":{\"@id\":\"https:\\\/\\\/regiaonews.net.br\\\/2022\\\/#website\"},\"primaryImageOfPage\":{\"@id\":\"https:\\\/\\\/regiaonews.net.br\\\/2022\\\/2024\\\/03\\\/12\\\/10a-edicao-do-startup-day-e-realizada-neste-sabado-16-de-marco-em-barretos\\\/#primaryimage\"},\"image\":{\"@id\":\"https:\\\/\\\/regiaonews.net.br\\\/2022\\\/2024\\\/03\\\/12\\\/10a-edicao-do-startup-day-e-realizada-neste-sabado-16-de-marco-em-barretos\\\/#primaryimage\"},\"thumbnailUrl\":\"https:\\\/\\\/regiaonews.net.br\\\/2022\\\/wp-content\\\/uploads\\\/2024\\\/03\\\/Imagem-do-WhatsApp-de-2024-03-12-as-14.50.03_0518f27d.jpg\",\"datePublished\":\"2024-03-12T18:03:14+00:00\",\"breadcrumb\":{\"@id\":\"https:\\\/\\\/regiaonews.net.br\\\/2022\\\/2024\\\/03\\\/12\\\/10a-edicao-do-startup-day-e-realizada-neste-sabado-16-de-marco-em-barretos\\\/#breadcrumb\"},\"inLanguage\":\"pt-BR\",\"potentialAction\":[{\"@type\":\"ReadAction\",\"target\":[\"https:\\\/\\\/regiaonews.net.br\\\/2022\\\/2024\\\/03\\\/12\\\/10a-edicao-do-startup-day-e-realizada-neste-sabado-16-de-marco-em-barretos\\\/\"]}]},{\"@type\":\"ImageObject\",\"inLanguage\":\"pt-BR\",\"@id\":\"https:\\\/\\\/regiaonews.net.br\\\/2022\\\/2024\\\/03\\\/12\\\/10a-edicao-do-startup-day-e-realizada-neste-sabado-16-de-marco-em-barretos\\\/#primaryimage\",\"url\":\"https:\\\/\\\/regiaonews.net.br\\\/2022\\\/wp-content\\\/uploads\\\/2024\\\/03\\\/Imagem-do-WhatsApp-de-2024-03-12-as-14.50.03_0518f27d.jpg\",\"contentUrl\":\"https:\\\/\\\/regiaonews.net.br\\\/2022\\\/wp-content\\\/uploads\\\/2024\\\/03\\\/Imagem-do-WhatsApp-de-2024-03-12-as-14.50.03_0518f27d.jpg\",\"width\":1600,\"height\":1559},{\"@type\":\"BreadcrumbList\",\"@id\":\"https:\\\/\\\/regiaonews.net.br\\\/2022\\\/2024\\\/03\\\/12\\\/10a-edicao-do-startup-day-e-realizada-neste-sabado-16-de-marco-em-barretos\\\/#breadcrumb\",\"itemListElement\":[{\"@type\":\"ListItem\",\"position\":1,\"name\":\"In\u00edcio\",\"item\":\"https:\\\/\\\/regiaonews.net.br\\\/2022\\\/\"},{\"@type\":\"ListItem\",\"position\":2,\"name\":\"10\u00aa edi\u00e7\u00e3o do Startup Day \u00e9 realizada neste s\u00e1bado, 16 de mar\u00e7o, em Barretos\"}]},{\"@type\":\"WebSite\",\"@id\":\"https:\\\/\\\/regiaonews.net.br\\\/2022\\\/#website\",\"url\":\"https:\\\/\\\/regiaonews.net.br\\\/2022\\\/\",\"name\":\"Regi\u00e3o News\",\"description\":\"Site de Not\u00edcias de Barretos e regi\u00e3o\",\"publisher\":{\"@id\":\"https:\\\/\\\/regiaonews.net.br\\\/2022\\\/#organization\"},\"potentialAction\":[{\"@type\":\"SearchAction\",\"target\":{\"@type\":\"EntryPoint\",\"urlTemplate\":\"https:\\\/\\\/regiaonews.net.br\\\/2022\\\/?s={search_term_string}\"},\"query-input\":{\"@type\":\"PropertyValueSpecification\",\"valueRequired\":true,\"valueName\":\"search_term_string\"}}],\"inLanguage\":\"pt-BR\"},{\"@type\":\"Organization\",\"@id\":\"https:\\\/\\\/regiaonews.net.br\\\/2022\\\/#organization\",\"name\":\"Regi\u00e3o News\",\"url\":\"https:\\\/\\\/regiaonews.net.br\\\/2022\\\/\",\"logo\":{\"@type\":\"ImageObject\",\"inLanguage\":\"pt-BR\",\"@id\":\"https:\\\/\\\/regiaonews.net.br\\\/2022\\\/#\\\/schema\\\/logo\\\/image\\\/\",\"url\":\"https:\\\/\\\/regiaonews.net.br\\\/2022\\\/wp-content\\\/uploads\\\/2026\\\/03\\\/regiao-13-anos-scaled.jpg\",\"contentUrl\":\"https:\\\/\\\/regiaonews.net.br\\\/2022\\\/wp-content\\\/uploads\\\/2026\\\/03\\\/regiao-13-anos-scaled.jpg\",\"width\":2560,\"height\":635,\"caption\":\"Regi\u00e3o News\"},\"image\":{\"@id\":\"https:\\\/\\\/regiaonews.net.br\\\/2022\\\/#\\\/schema\\\/logo\\\/image\\\/\"}},{\"@type\":\"Person\",\"@id\":\"https:\\\/\\\/regiaonews.net.br\\\/2022\\\/#\\\/schema\\\/person\\\/2d205a608a5aa97ac279d7a5e6d89ad8\",\"name\":\"Roberto\",\"image\":{\"@type\":\"ImageObject\",\"inLanguage\":\"pt-BR\",\"@id\":\"https:\\\/\\\/secure.gravatar.com\\\/avatar\\\/42749d8b712ff9d59ca93dc150494e5b55a44134482993f5baeb97e61b7ecc89?s=96&d=mm&r=g\",\"url\":\"https:\\\/\\\/secure.gravatar.com\\\/avatar\\\/42749d8b712ff9d59ca93dc150494e5b55a44134482993f5baeb97e61b7ecc89?s=96&d=mm&r=g\",\"contentUrl\":\"https:\\\/\\\/secure.gravatar.com\\\/avatar\\\/42749d8b712ff9d59ca93dc150494e5b55a44134482993f5baeb97e61b7ecc89?s=96&d=mm&r=g\",\"caption\":\"Roberto\"},\"url\":\"https:\\\/\\\/regiaonews.net.br\\\/2022\\\/author\\\/roberto\\\/\"}]}<\/script>\n<!-- \/ Yoast SEO plugin. -->","yoast_head_json":{"title":"10\u00aa edi\u00e7\u00e3o do Startup Day \u00e9 realizada neste s\u00e1bado, 16 de mar\u00e7o, em Barretos - Regi\u00e3o News","robots":{"index":"index","follow":"follow","max-snippet":"max-snippet:-1","max-image-preview":"max-image-preview:large","max-video-preview":"max-video-preview:-1"},"canonical":"https:\/\/regiaonews.net.br\/2022\/2024\/03\/12\/10a-edicao-do-startup-day-e-realizada-neste-sabado-16-de-marco-em-barretos\/","og_locale":"pt_BR","og_type":"article","og_title":"10\u00aa edi\u00e7\u00e3o do Startup Day \u00e9 realizada neste s\u00e1bado, 16 de mar\u00e7o, em Barretos - Regi\u00e3o News","og_description":"Evento idealizado pelo Sebrae Startups tem apoio da Prefeitura, por","og_url":"https:\/\/regiaonews.net.br\/2022\/2024\/03\/12\/10a-edicao-do-startup-day-e-realizada-neste-sabado-16-de-marco-em-barretos\/","og_site_name":"Regi\u00e3o News","article_published_time":"2024-03-12T18:03:14+00:00","og_image":[{"width":1600,"height":1559,"url":"https:\/\/regiaonews.net.br\/2022\/wp-content\/uploads\/2024\/03\/Imagem-do-WhatsApp-de-2024-03-12-as-14.50.03_0518f27d.jpg","type":"image\/jpeg"}],"author":"Roberto","twitter_card":"summary_large_image","twitter_misc":{"Escrito por":"Roberto","Est. tempo de leitura":"2 minutos"},"schema":{"@context":"https:\/\/schema.org","@graph":[{"@type":"Article","@id":"https:\/\/regiaonews.net.br\/2022\/2024\/03\/12\/10a-edicao-do-startup-day-e-realizada-neste-sabado-16-de-marco-em-barretos\/#article","isPartOf":{"@id":"https:\/\/regiaonews.net.br\/2022\/2024\/03\/12\/10a-edicao-do-startup-day-e-realizada-neste-sabado-16-de-marco-em-barretos\/"},"author":{"name":"Roberto","@id":"https:\/\/regiaonews.net.br\/2022\/#\/schema\/person\/2d205a608a5aa97ac279d7a5e6d89ad8"},"headline":"10\u00aa edi\u00e7\u00e3o do Startup Day \u00e9 realizada neste s\u00e1bado, 16 de mar\u00e7o, em Barretos","datePublished":"2024-03-12T18:03:14+00:00","mainEntityOfPage":{"@id":"https:\/\/regiaonews.net.br\/2022\/2024\/03\/12\/10a-edicao-do-startup-day-e-realizada-neste-sabado-16-de-marco-em-barretos\/"},"wordCount":262,"commentCount":0,"publisher":{"@id":"https:\/\/regiaonews.net.br\/2022\/#organization"},"image":{"@id":"https:\/\/regiaonews.net.br\/2022\/2024\/03\/12\/10a-edicao-do-startup-day-e-realizada-neste-sabado-16-de-marco-em-barretos\/#primaryimage"},"thumbnailUrl":"https:\/\/regiaonews.net.br\/2022\/wp-content\/uploads\/2024\/03\/Imagem-do-WhatsApp-de-2024-03-12-as-14.50.03_0518f27d.jpg","articleSection":["Barretos","Geral"],"inLanguage":"pt-BR","potentialAction":[{"@type":"CommentAction","name":"Comment","target":["https:\/\/regiaonews.net.br\/2022\/2024\/03\/12\/10a-edicao-do-startup-day-e-realizada-neste-sabado-16-de-marco-em-barretos\/#respond"]}]},{"@type":"WebPage","@id":"https:\/\/regiaonews.net.br\/2022\/2024\/03\/12\/10a-edicao-do-startup-day-e-realizada-neste-sabado-16-de-marco-em-barretos\/","url":"https:\/\/regiaonews.net.br\/2022\/2024\/03\/12\/10a-edicao-do-startup-day-e-realizada-neste-sabado-16-de-marco-em-barretos\/","name":"10\u00aa edi\u00e7\u00e3o do Startup Day \u00e9 realizada neste s\u00e1bado, 16 de mar\u00e7o, em Barretos - Regi\u00e3o News","isPartOf":{"@id":"https:\/\/regiaonews.net.br\/2022\/#website"},"primaryImageOfPage":{"@id":"https:\/\/regiaonews.net.br\/2022\/2024\/03\/12\/10a-edicao-do-startup-day-e-realizada-neste-sabado-16-de-marco-em-barretos\/#primaryimage"},"image":{"@id":"https:\/\/regiaonews.net.br\/2022\/2024\/03\/12\/10a-edicao-do-startup-day-e-realizada-neste-sabado-16-de-marco-em-barretos\/#primaryimage"},"thumbnailUrl":"https:\/\/regiaonews.net.br\/2022\/wp-content\/uploads\/2024\/03\/Imagem-do-WhatsApp-de-2024-03-12-as-14.50.03_0518f27d.jpg","datePublished":"2024-03-12T18:03:14+00:00","breadcrumb":{"@id":"https:\/\/regiaonews.net.br\/2022\/2024\/03\/12\/10a-edicao-do-startup-day-e-realizada-neste-sabado-16-de-marco-em-barretos\/#breadcrumb"},"inLanguage":"pt-BR","potentialAction":[{"@type":"ReadAction","target":["https:\/\/regiaonews.net.br\/2022\/2024\/03\/12\/10a-edicao-do-startup-day-e-realizada-neste-sabado-16-de-marco-em-barretos\/"]}]},{"@type":"ImageObject","inLanguage":"pt-BR","@id":"https:\/\/regiaonews.net.br\/2022\/2024\/03\/12\/10a-edicao-do-startup-day-e-realizada-neste-sabado-16-de-marco-em-barretos\/#primaryimage","url":"https:\/\/regiaonews.net.br\/2022\/wp-content\/uploads\/2024\/03\/Imagem-do-WhatsApp-de-2024-03-12-as-14.50.03_0518f27d.jpg","contentUrl":"https:\/\/regiaonews.net.br\/2022\/wp-content\/uploads\/2024\/03\/Imagem-do-WhatsApp-de-2024-03-12-as-14.50.03_0518f27d.jpg","width":1600,"height":1559},{"@type":"BreadcrumbList","@id":"https:\/\/regiaonews.net.br\/2022\/2024\/03\/12\/10a-edicao-do-startup-day-e-realizada-neste-sabado-16-de-marco-em-barretos\/#breadcrumb","itemListElement":[{"@type":"ListItem","position":1,"name":"In\u00edcio","item":"https:\/\/regiaonews.net.br\/2022\/"},{"@type":"ListItem","position":2,"name":"10\u00aa edi\u00e7\u00e3o do Startup Day \u00e9 realizada neste s\u00e1bado, 16 de mar\u00e7o, em Barretos"}]},{"@type":"WebSite","@id":"https:\/\/regiaonews.net.br\/2022\/#website","url":"https:\/\/regiaonews.net.br\/2022\/","name":"Regi\u00e3o News","description":"Site de Not\u00edcias de Barretos e regi\u00e3o","publisher":{"@id":"https:\/\/regiaonews.net.br\/2022\/#organization"},"potentialAction":[{"@type":"SearchAction","target":{"@type":"EntryPoint","urlTemplate":"https:\/\/regiaonews.net.br\/2022\/?s={search_term_string}"},"query-input":{"@type":"PropertyValueSpecification","valueRequired":true,"valueName":"search_term_string"}}],"inLanguage":"pt-BR"},{"@type":"Organization","@id":"https:\/\/regiaonews.net.br\/2022\/#organization","name":"Regi\u00e3o News","url":"https:\/\/regiaonews.net.br\/2022\/","logo":{"@type":"ImageObject","inLanguage":"pt-BR","@id":"https:\/\/regiaonews.net.br\/2022\/#\/schema\/logo\/image\/","url":"https:\/\/regiaonews.net.br\/2022\/wp-content\/uploads\/2026\/03\/regiao-13-anos-scaled.jpg","contentUrl":"https:\/\/regiaonews.net.br\/2022\/wp-content\/uploads\/2026\/03\/regiao-13-anos-scaled.jpg","width":2560,"height":635,"caption":"Regi\u00e3o News"},"image":{"@id":"https:\/\/regiaonews.net.br\/2022\/#\/schema\/logo\/image\/"}},{"@type":"Person","@id":"https:\/\/regiaonews.net.br\/2022\/#\/schema\/person\/2d205a608a5aa97ac279d7a5e6d89ad8","name":"Roberto","image":{"@type":"ImageObject","inLanguage":"pt-BR","@id":"https:\/\/secure.gravatar.com\/avatar\/42749d8b712ff9d59ca93dc150494e5b55a44134482993f5baeb97e61b7ecc89?s=96&d=mm&r=g","url":"https:\/\/secure.gravatar.com\/avatar\/42749d8b712ff9d59ca93dc150494e5b55a44134482993f5baeb97e61b7ecc89?s=96&d=mm&r=g","contentUrl":"https:\/\/secure.gravatar.com\/avatar\/42749d8b712ff9d59ca93dc150494e5b55a44134482993f5baeb97e61b7ecc89?s=96&d=mm&r=g","caption":"Roberto"},"url":"https:\/\/regiaonews.net.br\/2022\/author\/roberto\/"}]}},"publishpress_future_action":{"enabled":false,"date":"2026-05-03 04:36:23","action":"change-status","newStatus":"draft","terms":[],"taxonomy":"category","extraData":[]},"publishpress_future_workflow_manual_trigger":{"enabledWorkflows":[]},"_links":{"self":[{"href":"https:\/\/regiaonews.net.br\/2022\/wp-json\/wp\/v2\/posts\/102330","targetHints":{"allow":["GET"]}}],"collection":[{"href":"https:\/\/regiaonews.net.br\/2022\/wp-json\/wp\/v2\/posts"}],"about":[{"href":"https:\/\/regiaonews.net.br\/2022\/wp-json\/wp\/v2\/types\/post"}],"author":[{"embeddable":true,"href":"https:\/\/regiaonews.net.br\/2022\/wp-json\/wp\/v2\/users\/2"}],"replies":[{"embeddable":true,"href":"https:\/\/regiaonews.net.br\/2022\/wp-json\/wp\/v2\/comments?post=102330"}],"version-history":[{"count":1,"href":"https:\/\/regiaonews.net.br\/2022\/wp-json\/wp\/v2\/posts\/102330\/revisions"}],"predecessor-version":[{"id":102332,"href":"https:\/\/regiaonews.net.br\/2022\/wp-json\/wp\/v2\/posts\/102330\/revisions\/102332"}],"wp:featuredmedia":[{"embeddable":true,"href":"https:\/\/regiaonews.net.br\/2022\/wp-json\/wp\/v2\/media\/102331"}],"wp:attachment":[{"href":"https:\/\/regiaonews.net.br\/2022\/wp-json\/wp\/v2\/media?parent=102330"}],"wp:term":[{"taxonomy":"category","embeddable":true,"href":"https:\/\/regiaonews.net.br\/2022\/wp-json\/wp\/v2\/categories?post=102330"},{"taxonomy":"post_tag","embeddable":true,"href":"https:\/\/regiaonews.net.br\/2022\/wp-json\/wp\/v2\/tags?post=102330"}],"curies":[{"name":"wp","href":"https:\/\/api.w.org\/{rel}","templated":true}]}}