{"id":102289,"date":"2024-03-11T17:30:40","date_gmt":"2024-03-11T20:30:40","guid":{"rendered":"https:\/\/regiaonews.net.br\/2022\/?p=102289"},"modified":"2024-03-11T17:30:40","modified_gmt":"2024-03-11T20:30:40","slug":"palmeiras-e-ponte-preta-abrem-quartas-de-final-no-sabado-16-confira","status":"publish","type":"post","link":"https:\/\/regiaonews.net.br\/2022\/2024\/03\/11\/palmeiras-e-ponte-preta-abrem-quartas-de-final-no-sabado-16-confira\/","title":{"rendered":"Palmeiras e Ponte Preta abrem quartas de final no s\u00e1bado (16); confira"},"content":{"rendered":"<h3 style=\"text-align: center;\"><span id=\"cpBody_lblSubTitulo\">As outras tr\u00eas partidas das quartas de final acontecem no domingo (17), \u00e0s 16h, 18h e 20h15.<\/span><\/h3>\n<p>As datas, hor\u00e1rios e locais das quartas de final do Paulist\u00e3o Sicredi 2024 foram definidas em reuni\u00e3o do Conselho T\u00e9cnico realizado na sede da FPF, no Edif\u00edcio Pel\u00e9, na capital, na tarde desta segunda-feira (11).<\/p>\n<p>Atual bicampe\u00e3o, o Palmeiras recebe a Ponte Preta no s\u00e1bado (16), \u00e0s 18h, em Barueri, na abertura das quartas de final.<\/p>\n<p>J\u00e1 as outras tr\u00eas partidas acontecem no domingo (17). Red Bull Bragantino e Inter de Limeira duelam \u00e0s 16h, em Bragan\u00e7a Paulista; o S\u00e3o Paulo enfrenta o Novorizontino, \u00e0s 18h, no MorumBIS; enquanto Santos e Portuguesa definem o \u00faltimo semifinalista \u00e0s 20h15, na Vila Belmiro.<\/p>\n<p><strong>Confira os confrontos das quartas de final:<\/p>\n<p>S\u00e1bado (16)<\/strong><br \/>\n18h<br \/>\nPalmeiras x Ponte Preta \u2013 Arena Barueri, em Barueri<br \/>\nCaz\u00e9TV e Paulist\u00e3o Play<\/p>\n<p><strong>Domingo (17)<\/strong><br \/>\n16h<br \/>\nRed Bull Bragantino x Inter de Limeira \u2013 Est\u00e1dio Nabi Abi Chedid, em Bragan\u00e7a Paulista<br \/>\nCaz\u00e9TV e Paulist\u00e3o Play<\/p>\n<p>18h<br \/>\nS\u00e3o Paulo x Novorizontino \u2013 MorumBIS, em S\u00e3o Paulo<br \/>\nTV Record, Caz\u00e9TV e Paulist\u00e3o Play<\/p>\n<p>20h15<br \/>\nSantos x Portuguesa \u2013 Vila Belmiro, em Santos<br \/>\nTNT e Max<\/p>\n<section class=\"noticias\">\n<div class=\"galeria\"><\/div>\n<\/section>\n","protected":false},"excerpt":{"rendered":"<p>As outras tr\u00eas partidas das quartas de final acontecem no<\/p>\n","protected":false},"author":2,"featured_media":89807,"comment_status":"open","ping_status":"open","sticky":false,"template":"","format":"standard","meta":{"footnotes":""},"categories":[21,3],"tags":[],"class_list":["post-102289","post","type-post","status-publish","format-standard","has-post-thumbnail","hentry","category-esporte","category-geral"],"yoast_head":"<!-- This site is optimized with the Yoast SEO plugin v27.4 - https:\/\/yoast.com\/product\/yoast-seo-wordpress\/ -->\n<title>Palmeiras e Ponte Preta abrem quartas de final no s\u00e1bado (16); confira - Regi\u00e3o News<\/title>\n<meta name=\"robots\" content=\"index, follow, max-snippet:-1, max-image-preview:large, max-video-preview:-1\" \/>\n<link rel=\"canonical\" href=\"https:\/\/regiaonews.net.br\/2022\/2024\/03\/11\/palmeiras-e-ponte-preta-abrem-quartas-de-final-no-sabado-16-confira\/\" \/>\n<meta property=\"og:locale\" content=\"pt_BR\" \/>\n<meta property=\"og:type\" content=\"article\" \/>\n<meta property=\"og:title\" content=\"Palmeiras e Ponte Preta abrem quartas de final no s\u00e1bado (16); confira - Regi\u00e3o News\" \/>\n<meta property=\"og:description\" content=\"As outras tr\u00eas partidas das quartas de final acontecem no\" \/>\n<meta property=\"og:url\" content=\"https:\/\/regiaonews.net.br\/2022\/2024\/03\/11\/palmeiras-e-ponte-preta-abrem-quartas-de-final-no-sabado-16-confira\/\" \/>\n<meta property=\"og:site_name\" content=\"Regi\u00e3o News\" \/>\n<meta property=\"article:published_time\" content=\"2024-03-11T20:30:40+00:00\" \/>\n<meta property=\"og:image\" content=\"https:\/\/regiaonews.net.br\/2022\/wp-content\/uploads\/2023\/06\/palmeiras_destaque_6438_9.jpg\" \/>\n\t<meta property=\"og:image:width\" content=\"1500\" \/>\n\t<meta property=\"og:image:height\" content=\"844\" \/>\n\t<meta property=\"og:image:type\" content=\"image\/jpeg\" \/>\n<meta name=\"author\" content=\"Roberto\" \/>\n<meta name=\"twitter:card\" content=\"summary_large_image\" \/>\n<meta name=\"twitter:label1\" content=\"Escrito por\" \/>\n\t<meta name=\"twitter:data1\" content=\"Roberto\" \/>\n\t<meta name=\"twitter:label2\" content=\"Est. tempo de leitura\" \/>\n\t<meta name=\"twitter:data2\" content=\"2 minutos\" \/>\n<script type=\"application\/ld+json\" class=\"yoast-schema-graph\">{\"@context\":\"https:\\\/\\\/schema.org\",\"@graph\":[{\"@type\":\"Article\",\"@id\":\"https:\\\/\\\/regiaonews.net.br\\\/2022\\\/2024\\\/03\\\/11\\\/palmeiras-e-ponte-preta-abrem-quartas-de-final-no-sabado-16-confira\\\/#article\",\"isPartOf\":{\"@id\":\"https:\\\/\\\/regiaonews.net.br\\\/2022\\\/2024\\\/03\\\/11\\\/palmeiras-e-ponte-preta-abrem-quartas-de-final-no-sabado-16-confira\\\/\"},\"author\":{\"name\":\"Roberto\",\"@id\":\"https:\\\/\\\/regiaonews.net.br\\\/2022\\\/#\\\/schema\\\/person\\\/2d205a608a5aa97ac279d7a5e6d89ad8\"},\"headline\":\"Palmeiras e Ponte Preta abrem quartas de final no s\u00e1bado (16); confira\",\"datePublished\":\"2024-03-11T20:30:40+00:00\",\"mainEntityOfPage\":{\"@id\":\"https:\\\/\\\/regiaonews.net.br\\\/2022\\\/2024\\\/03\\\/11\\\/palmeiras-e-ponte-preta-abrem-quartas-de-final-no-sabado-16-confira\\\/\"},\"wordCount\":214,\"commentCount\":0,\"publisher\":{\"@id\":\"https:\\\/\\\/regiaonews.net.br\\\/2022\\\/#organization\"},\"image\":{\"@id\":\"https:\\\/\\\/regiaonews.net.br\\\/2022\\\/2024\\\/03\\\/11\\\/palmeiras-e-ponte-preta-abrem-quartas-de-final-no-sabado-16-confira\\\/#primaryimage\"},\"thumbnailUrl\":\"https:\\\/\\\/regiaonews.net.br\\\/2022\\\/wp-content\\\/uploads\\\/2023\\\/06\\\/palmeiras_destaque_6438_9.jpg\",\"articleSection\":[\"Esporte\",\"Geral\"],\"inLanguage\":\"pt-BR\",\"potentialAction\":[{\"@type\":\"CommentAction\",\"name\":\"Comment\",\"target\":[\"https:\\\/\\\/regiaonews.net.br\\\/2022\\\/2024\\\/03\\\/11\\\/palmeiras-e-ponte-preta-abrem-quartas-de-final-no-sabado-16-confira\\\/#respond\"]}]},{\"@type\":\"WebPage\",\"@id\":\"https:\\\/\\\/regiaonews.net.br\\\/2022\\\/2024\\\/03\\\/11\\\/palmeiras-e-ponte-preta-abrem-quartas-de-final-no-sabado-16-confira\\\/\",\"url\":\"https:\\\/\\\/regiaonews.net.br\\\/2022\\\/2024\\\/03\\\/11\\\/palmeiras-e-ponte-preta-abrem-quartas-de-final-no-sabado-16-confira\\\/\",\"name\":\"Palmeiras e Ponte Preta abrem quartas de final no s\u00e1bado (16); confira - Regi\u00e3o News\",\"isPartOf\":{\"@id\":\"https:\\\/\\\/regiaonews.net.br\\\/2022\\\/#website\"},\"primaryImageOfPage\":{\"@id\":\"https:\\\/\\\/regiaonews.net.br\\\/2022\\\/2024\\\/03\\\/11\\\/palmeiras-e-ponte-preta-abrem-quartas-de-final-no-sabado-16-confira\\\/#primaryimage\"},\"image\":{\"@id\":\"https:\\\/\\\/regiaonews.net.br\\\/2022\\\/2024\\\/03\\\/11\\\/palmeiras-e-ponte-preta-abrem-quartas-de-final-no-sabado-16-confira\\\/#primaryimage\"},\"thumbnailUrl\":\"https:\\\/\\\/regiaonews.net.br\\\/2022\\\/wp-content\\\/uploads\\\/2023\\\/06\\\/palmeiras_destaque_6438_9.jpg\",\"datePublished\":\"2024-03-11T20:30:40+00:00\",\"breadcrumb\":{\"@id\":\"https:\\\/\\\/regiaonews.net.br\\\/2022\\\/2024\\\/03\\\/11\\\/palmeiras-e-ponte-preta-abrem-quartas-de-final-no-sabado-16-confira\\\/#breadcrumb\"},\"inLanguage\":\"pt-BR\",\"potentialAction\":[{\"@type\":\"ReadAction\",\"target\":[\"https:\\\/\\\/regiaonews.net.br\\\/2022\\\/2024\\\/03\\\/11\\\/palmeiras-e-ponte-preta-abrem-quartas-de-final-no-sabado-16-confira\\\/\"]}]},{\"@type\":\"ImageObject\",\"inLanguage\":\"pt-BR\",\"@id\":\"https:\\\/\\\/regiaonews.net.br\\\/2022\\\/2024\\\/03\\\/11\\\/palmeiras-e-ponte-preta-abrem-quartas-de-final-no-sabado-16-confira\\\/#primaryimage\",\"url\":\"https:\\\/\\\/regiaonews.net.br\\\/2022\\\/wp-content\\\/uploads\\\/2023\\\/06\\\/palmeiras_destaque_6438_9.jpg\",\"contentUrl\":\"https:\\\/\\\/regiaonews.net.br\\\/2022\\\/wp-content\\\/uploads\\\/2023\\\/06\\\/palmeiras_destaque_6438_9.jpg\",\"width\":1500,\"height\":844,\"caption\":\"O jogador Gabriel Menino, da SE Palmeiras, comemora seu gol contra a equipe do S\u00e3o Paulo FC, durante partida v\u00e1lida pela d\u00e9ciima rodada, do Campeonato Brasileiro, S\u00e9rie A, no Est\u00e1dio do Morumbi. (Foto: Cesar Greco\\\/Palmeiras\\\/by Canon)\"},{\"@type\":\"BreadcrumbList\",\"@id\":\"https:\\\/\\\/regiaonews.net.br\\\/2022\\\/2024\\\/03\\\/11\\\/palmeiras-e-ponte-preta-abrem-quartas-de-final-no-sabado-16-confira\\\/#breadcrumb\",\"itemListElement\":[{\"@type\":\"ListItem\",\"position\":1,\"name\":\"In\u00edcio\",\"item\":\"https:\\\/\\\/regiaonews.net.br\\\/2022\\\/\"},{\"@type\":\"ListItem\",\"position\":2,\"name\":\"Palmeiras e Ponte Preta abrem quartas de final no s\u00e1bado (16); confira\"}]},{\"@type\":\"WebSite\",\"@id\":\"https:\\\/\\\/regiaonews.net.br\\\/2022\\\/#website\",\"url\":\"https:\\\/\\\/regiaonews.net.br\\\/2022\\\/\",\"name\":\"Regi\u00e3o News\",\"description\":\"Site de Not\u00edcias de Barretos e regi\u00e3o\",\"publisher\":{\"@id\":\"https:\\\/\\\/regiaonews.net.br\\\/2022\\\/#organization\"},\"potentialAction\":[{\"@type\":\"SearchAction\",\"target\":{\"@type\":\"EntryPoint\",\"urlTemplate\":\"https:\\\/\\\/regiaonews.net.br\\\/2022\\\/?s={search_term_string}\"},\"query-input\":{\"@type\":\"PropertyValueSpecification\",\"valueRequired\":true,\"valueName\":\"search_term_string\"}}],\"inLanguage\":\"pt-BR\"},{\"@type\":\"Organization\",\"@id\":\"https:\\\/\\\/regiaonews.net.br\\\/2022\\\/#organization\",\"name\":\"Regi\u00e3o News\",\"url\":\"https:\\\/\\\/regiaonews.net.br\\\/2022\\\/\",\"logo\":{\"@type\":\"ImageObject\",\"inLanguage\":\"pt-BR\",\"@id\":\"https:\\\/\\\/regiaonews.net.br\\\/2022\\\/#\\\/schema\\\/logo\\\/image\\\/\",\"url\":\"https:\\\/\\\/regiaonews.net.br\\\/2022\\\/wp-content\\\/uploads\\\/2026\\\/03\\\/regiao-13-anos-scaled.jpg\",\"contentUrl\":\"https:\\\/\\\/regiaonews.net.br\\\/2022\\\/wp-content\\\/uploads\\\/2026\\\/03\\\/regiao-13-anos-scaled.jpg\",\"width\":2560,\"height\":635,\"caption\":\"Regi\u00e3o News\"},\"image\":{\"@id\":\"https:\\\/\\\/regiaonews.net.br\\\/2022\\\/#\\\/schema\\\/logo\\\/image\\\/\"}},{\"@type\":\"Person\",\"@id\":\"https:\\\/\\\/regiaonews.net.br\\\/2022\\\/#\\\/schema\\\/person\\\/2d205a608a5aa97ac279d7a5e6d89ad8\",\"name\":\"Roberto\",\"image\":{\"@type\":\"ImageObject\",\"inLanguage\":\"pt-BR\",\"@id\":\"https:\\\/\\\/secure.gravatar.com\\\/avatar\\\/42749d8b712ff9d59ca93dc150494e5b55a44134482993f5baeb97e61b7ecc89?s=96&d=mm&r=g\",\"url\":\"https:\\\/\\\/secure.gravatar.com\\\/avatar\\\/42749d8b712ff9d59ca93dc150494e5b55a44134482993f5baeb97e61b7ecc89?s=96&d=mm&r=g\",\"contentUrl\":\"https:\\\/\\\/secure.gravatar.com\\\/avatar\\\/42749d8b712ff9d59ca93dc150494e5b55a44134482993f5baeb97e61b7ecc89?s=96&d=mm&r=g\",\"caption\":\"Roberto\"},\"url\":\"https:\\\/\\\/regiaonews.net.br\\\/2022\\\/author\\\/roberto\\\/\"}]}<\/script>\n<!-- \/ Yoast SEO plugin. -->","yoast_head_json":{"title":"Palmeiras e Ponte Preta abrem quartas de final no s\u00e1bado (16); confira - Regi\u00e3o News","robots":{"index":"index","follow":"follow","max-snippet":"max-snippet:-1","max-image-preview":"max-image-preview:large","max-video-preview":"max-video-preview:-1"},"canonical":"https:\/\/regiaonews.net.br\/2022\/2024\/03\/11\/palmeiras-e-ponte-preta-abrem-quartas-de-final-no-sabado-16-confira\/","og_locale":"pt_BR","og_type":"article","og_title":"Palmeiras e Ponte Preta abrem quartas de final no s\u00e1bado (16); confira - Regi\u00e3o News","og_description":"As outras tr\u00eas partidas das quartas de final acontecem no","og_url":"https:\/\/regiaonews.net.br\/2022\/2024\/03\/11\/palmeiras-e-ponte-preta-abrem-quartas-de-final-no-sabado-16-confira\/","og_site_name":"Regi\u00e3o News","article_published_time":"2024-03-11T20:30:40+00:00","og_image":[{"width":1500,"height":844,"url":"https:\/\/regiaonews.net.br\/2022\/wp-content\/uploads\/2023\/06\/palmeiras_destaque_6438_9.jpg","type":"image\/jpeg"}],"author":"Roberto","twitter_card":"summary_large_image","twitter_misc":{"Escrito por":"Roberto","Est. tempo de leitura":"2 minutos"},"schema":{"@context":"https:\/\/schema.org","@graph":[{"@type":"Article","@id":"https:\/\/regiaonews.net.br\/2022\/2024\/03\/11\/palmeiras-e-ponte-preta-abrem-quartas-de-final-no-sabado-16-confira\/#article","isPartOf":{"@id":"https:\/\/regiaonews.net.br\/2022\/2024\/03\/11\/palmeiras-e-ponte-preta-abrem-quartas-de-final-no-sabado-16-confira\/"},"author":{"name":"Roberto","@id":"https:\/\/regiaonews.net.br\/2022\/#\/schema\/person\/2d205a608a5aa97ac279d7a5e6d89ad8"},"headline":"Palmeiras e Ponte Preta abrem quartas de final no s\u00e1bado (16); confira","datePublished":"2024-03-11T20:30:40+00:00","mainEntityOfPage":{"@id":"https:\/\/regiaonews.net.br\/2022\/2024\/03\/11\/palmeiras-e-ponte-preta-abrem-quartas-de-final-no-sabado-16-confira\/"},"wordCount":214,"commentCount":0,"publisher":{"@id":"https:\/\/regiaonews.net.br\/2022\/#organization"},"image":{"@id":"https:\/\/regiaonews.net.br\/2022\/2024\/03\/11\/palmeiras-e-ponte-preta-abrem-quartas-de-final-no-sabado-16-confira\/#primaryimage"},"thumbnailUrl":"https:\/\/regiaonews.net.br\/2022\/wp-content\/uploads\/2023\/06\/palmeiras_destaque_6438_9.jpg","articleSection":["Esporte","Geral"],"inLanguage":"pt-BR","potentialAction":[{"@type":"CommentAction","name":"Comment","target":["https:\/\/regiaonews.net.br\/2022\/2024\/03\/11\/palmeiras-e-ponte-preta-abrem-quartas-de-final-no-sabado-16-confira\/#respond"]}]},{"@type":"WebPage","@id":"https:\/\/regiaonews.net.br\/2022\/2024\/03\/11\/palmeiras-e-ponte-preta-abrem-quartas-de-final-no-sabado-16-confira\/","url":"https:\/\/regiaonews.net.br\/2022\/2024\/03\/11\/palmeiras-e-ponte-preta-abrem-quartas-de-final-no-sabado-16-confira\/","name":"Palmeiras e Ponte Preta abrem quartas de final no s\u00e1bado (16); confira - Regi\u00e3o News","isPartOf":{"@id":"https:\/\/regiaonews.net.br\/2022\/#website"},"primaryImageOfPage":{"@id":"https:\/\/regiaonews.net.br\/2022\/2024\/03\/11\/palmeiras-e-ponte-preta-abrem-quartas-de-final-no-sabado-16-confira\/#primaryimage"},"image":{"@id":"https:\/\/regiaonews.net.br\/2022\/2024\/03\/11\/palmeiras-e-ponte-preta-abrem-quartas-de-final-no-sabado-16-confira\/#primaryimage"},"thumbnailUrl":"https:\/\/regiaonews.net.br\/2022\/wp-content\/uploads\/2023\/06\/palmeiras_destaque_6438_9.jpg","datePublished":"2024-03-11T20:30:40+00:00","breadcrumb":{"@id":"https:\/\/regiaonews.net.br\/2022\/2024\/03\/11\/palmeiras-e-ponte-preta-abrem-quartas-de-final-no-sabado-16-confira\/#breadcrumb"},"inLanguage":"pt-BR","potentialAction":[{"@type":"ReadAction","target":["https:\/\/regiaonews.net.br\/2022\/2024\/03\/11\/palmeiras-e-ponte-preta-abrem-quartas-de-final-no-sabado-16-confira\/"]}]},{"@type":"ImageObject","inLanguage":"pt-BR","@id":"https:\/\/regiaonews.net.br\/2022\/2024\/03\/11\/palmeiras-e-ponte-preta-abrem-quartas-de-final-no-sabado-16-confira\/#primaryimage","url":"https:\/\/regiaonews.net.br\/2022\/wp-content\/uploads\/2023\/06\/palmeiras_destaque_6438_9.jpg","contentUrl":"https:\/\/regiaonews.net.br\/2022\/wp-content\/uploads\/2023\/06\/palmeiras_destaque_6438_9.jpg","width":1500,"height":844,"caption":"O jogador Gabriel Menino, da SE Palmeiras, comemora seu gol contra a equipe do S\u00e3o Paulo FC, durante partida v\u00e1lida pela d\u00e9ciima rodada, do Campeonato Brasileiro, S\u00e9rie A, no Est\u00e1dio do Morumbi. (Foto: Cesar Greco\/Palmeiras\/by Canon)"},{"@type":"BreadcrumbList","@id":"https:\/\/regiaonews.net.br\/2022\/2024\/03\/11\/palmeiras-e-ponte-preta-abrem-quartas-de-final-no-sabado-16-confira\/#breadcrumb","itemListElement":[{"@type":"ListItem","position":1,"name":"In\u00edcio","item":"https:\/\/regiaonews.net.br\/2022\/"},{"@type":"ListItem","position":2,"name":"Palmeiras e Ponte Preta abrem quartas de final no s\u00e1bado (16); confira"}]},{"@type":"WebSite","@id":"https:\/\/regiaonews.net.br\/2022\/#website","url":"https:\/\/regiaonews.net.br\/2022\/","name":"Regi\u00e3o News","description":"Site de Not\u00edcias de Barretos e regi\u00e3o","publisher":{"@id":"https:\/\/regiaonews.net.br\/2022\/#organization"},"potentialAction":[{"@type":"SearchAction","target":{"@type":"EntryPoint","urlTemplate":"https:\/\/regiaonews.net.br\/2022\/?s={search_term_string}"},"query-input":{"@type":"PropertyValueSpecification","valueRequired":true,"valueName":"search_term_string"}}],"inLanguage":"pt-BR"},{"@type":"Organization","@id":"https:\/\/regiaonews.net.br\/2022\/#organization","name":"Regi\u00e3o News","url":"https:\/\/regiaonews.net.br\/2022\/","logo":{"@type":"ImageObject","inLanguage":"pt-BR","@id":"https:\/\/regiaonews.net.br\/2022\/#\/schema\/logo\/image\/","url":"https:\/\/regiaonews.net.br\/2022\/wp-content\/uploads\/2026\/03\/regiao-13-anos-scaled.jpg","contentUrl":"https:\/\/regiaonews.net.br\/2022\/wp-content\/uploads\/2026\/03\/regiao-13-anos-scaled.jpg","width":2560,"height":635,"caption":"Regi\u00e3o News"},"image":{"@id":"https:\/\/regiaonews.net.br\/2022\/#\/schema\/logo\/image\/"}},{"@type":"Person","@id":"https:\/\/regiaonews.net.br\/2022\/#\/schema\/person\/2d205a608a5aa97ac279d7a5e6d89ad8","name":"Roberto","image":{"@type":"ImageObject","inLanguage":"pt-BR","@id":"https:\/\/secure.gravatar.com\/avatar\/42749d8b712ff9d59ca93dc150494e5b55a44134482993f5baeb97e61b7ecc89?s=96&d=mm&r=g","url":"https:\/\/secure.gravatar.com\/avatar\/42749d8b712ff9d59ca93dc150494e5b55a44134482993f5baeb97e61b7ecc89?s=96&d=mm&r=g","contentUrl":"https:\/\/secure.gravatar.com\/avatar\/42749d8b712ff9d59ca93dc150494e5b55a44134482993f5baeb97e61b7ecc89?s=96&d=mm&r=g","caption":"Roberto"},"url":"https:\/\/regiaonews.net.br\/2022\/author\/roberto\/"}]}},"publishpress_future_action":{"enabled":false,"date":"2026-05-03 05:52:13","action":"change-status","newStatus":"draft","terms":[],"taxonomy":"category","extraData":[]},"publishpress_future_workflow_manual_trigger":{"enabledWorkflows":[]},"_links":{"self":[{"href":"https:\/\/regiaonews.net.br\/2022\/wp-json\/wp\/v2\/posts\/102289","targetHints":{"allow":["GET"]}}],"collection":[{"href":"https:\/\/regiaonews.net.br\/2022\/wp-json\/wp\/v2\/posts"}],"about":[{"href":"https:\/\/regiaonews.net.br\/2022\/wp-json\/wp\/v2\/types\/post"}],"author":[{"embeddable":true,"href":"https:\/\/regiaonews.net.br\/2022\/wp-json\/wp\/v2\/users\/2"}],"replies":[{"embeddable":true,"href":"https:\/\/regiaonews.net.br\/2022\/wp-json\/wp\/v2\/comments?post=102289"}],"version-history":[{"count":1,"href":"https:\/\/regiaonews.net.br\/2022\/wp-json\/wp\/v2\/posts\/102289\/revisions"}],"predecessor-version":[{"id":102290,"href":"https:\/\/regiaonews.net.br\/2022\/wp-json\/wp\/v2\/posts\/102289\/revisions\/102290"}],"wp:featuredmedia":[{"embeddable":true,"href":"https:\/\/regiaonews.net.br\/2022\/wp-json\/wp\/v2\/media\/89807"}],"wp:attachment":[{"href":"https:\/\/regiaonews.net.br\/2022\/wp-json\/wp\/v2\/media?parent=102289"}],"wp:term":[{"taxonomy":"category","embeddable":true,"href":"https:\/\/regiaonews.net.br\/2022\/wp-json\/wp\/v2\/categories?post=102289"},{"taxonomy":"post_tag","embeddable":true,"href":"https:\/\/regiaonews.net.br\/2022\/wp-json\/wp\/v2\/tags?post=102289"}],"curies":[{"name":"wp","href":"https:\/\/api.w.org\/{rel}","templated":true}]}}