{"id":102286,"date":"2024-03-11T17:29:49","date_gmt":"2024-03-11T20:29:49","guid":{"rendered":"https:\/\/regiaonews.net.br\/2022\/?p=102286"},"modified":"2024-03-11T17:29:49","modified_gmt":"2024-03-11T20:29:49","slug":"rede-municipal-de-ensino-de-barretos-investe-em-educacao-inclusiva","status":"publish","type":"post","link":"https:\/\/regiaonews.net.br\/2022\/2024\/03\/11\/rede-municipal-de-ensino-de-barretos-investe-em-educacao-inclusiva\/","title":{"rendered":"Rede Municipal de Ensino de Barretos investe em educa\u00e7\u00e3o inclusiva"},"content":{"rendered":"<h3 style=\"text-align: center;\">Al\u00e9m do fornecimento de apostilas adaptadas Trilhas, da FTD, N\u00facleo de Inclus\u00e3o da Secretaria Municipal de Educa\u00e7\u00e3o tamb\u00e9m oferece suporte a estudantes com todo tipo de defici\u00eancia.<\/h3>\n<p>A Rede Municipal de Ensino da Est\u00e2ncia Tur\u00edstica de Barretos tem se tornado cada vez mais inclusiva e acolhedora ao proporcionar igualdade de condi\u00e7\u00f5es para o acesso e perman\u00eancia na escola aos estudantes com defici\u00eancia<br \/>\nDesde 2021, primeiro ano da atual Administra\u00e7\u00e3o, os estudantes passaram a contar com o material did\u00e1tico Trilhas, da Editora FTD. Um marco na educa\u00e7\u00e3o barretense que trouxe ganho significativo para a inclus\u00e3o de alunos com defici\u00eancia visual, por meio de vers\u00f5es ampliadas e em Braille.<br \/>\nAtualmente, a Rede Municipal de Ensino de Barretos atende a 18 alunos com defici\u00eancia visual, sendo 15 alunos com baixa vis\u00e3o e 03 alunos com cegueira. Um destes alunos \u00e9 o Benjamim dos Santos Caetano, de 6 anos, que frequenta o 2\u00b0 ano D, da professora Juliana Melo, na Escola Municipal Professor Dorothovio do Nascimento, no bairro Zequinha Am\u00eandola.<br \/>\nSuelen Tatiana Pereira dos Santos, m\u00e3e do Benjamim, descobriu que o filho era cego aos tr\u00eas meses de vida. Ela contou um pouco da trajet\u00f3ria do garoto na escola. \u201cEle nasceu de 24 semanas e 780 gramas, com retinopatia por prematuridade extrema. Fez tr\u00eas cirurgias, mas sem sucesso nenhum. Desde a pr\u00e9-escola ele usa este material e eu acho muito importante por ter inclus\u00e3o e material adaptado para ele. Esses livros s\u00e3o maravilhosos para ele poder aprender e eu agrade\u00e7o muito\u201d, disse. Sobre as outras atividades escolares, Suelen explica que Benjamim sempre \u00e9 inclu\u00eddo. \u201cA quest\u00e3o da inclus\u00e3o \u00e9 muito importante. Em tudo eles o inserem. Adaptam a educa\u00e7\u00e3o f\u00edsica e todas as quest\u00f5es dentro da escola\u201d, finalizou.<br \/>\nTatiane de Souza Santos \u00e9 a professora de Braille que acompanha Benjamim nas atividades escolares do dia a dia. \u201cA gente come\u00e7ou com a parte de estimula\u00e7\u00e3o para que ele pudesse ser inclu\u00eddo dentro da escola e ao mesmo tempo vamos apresentando para ele o mundo do Braille. Tentamos n\u00e3o ver a dificuldade e sim os avan\u00e7os e os progressos que eles apresentam para n\u00f3s. Uma letra que ele consiga reconhecer, para n\u00f3s, \u00e9 um grande avan\u00e7o\u201d, disse. A professora tamb\u00e9m aprovou o material did\u00e1tico utilizado. \u201cO material Trilhas \u00e9 muito bom. Ele vem para contribuir muito com a alfabetiza\u00e7\u00e3o dos nossos alunos\u201d, completou.<br \/>\nDo outro lado da cidade, na E.M. Prof.\u00aa Marlene Carboni Pereira, Maria Valentina Modenes, de 6 anos, est\u00e1 matriculada tamb\u00e9m no 2\u00b0 ano, na classe da professora Elenice das Gra\u00e7as de Melo Oliveira. Com baixa vis\u00e3o severa e apenas 28% de vis\u00e3o perif\u00e9rica, a aluna \u00e9 uma das beneficiadas com o material ampliado.<br \/>\nFab\u00edola da Silva Alexandre, m\u00e3e da Maria Valentina, explicou que a crian\u00e7a foi diagnosticada ainda beb\u00ea com um retinoblastoma bilateral, um tipo raro de c\u00e2ncer ocular. \u201cEla precisou enuclear o globo ocular direito e com o esquerdo ela enxerga cerca de 28%, por\u00e9m em vis\u00e3o s\u00f3 perif\u00e9rica, ela n\u00e3o tem vis\u00e3o central. Desde o in\u00edcio, a gente j\u00e1 come\u00e7ou a correr atr\u00e1s do material adaptado, ampliado para ela, porque ela tem muita dificuldade e como a vis\u00e3o dela \u00e9 perif\u00e9rica, ela precisa aproximar muito\u201d, disse. \u201cEu s\u00f3 tenho a agradecer. Depois dessa inclus\u00e3o, com o material ampliado e as aulas de Braille, a vis\u00e3o dela melhorou muito, o grau dos \u00f3culos dela abaixou, a psicopedagoga falou que o material dela est\u00e1 super adequado\u201d, completou.<br \/>\nProfessora de Braille da Maria Valentina, Daniela Aparecida Sinho Gouveia acompanha a crian\u00e7a durante as aulas e falou do relacionamento da aluna com o restante da classe. \u201cO dia a dia da Maria Valentina \u00e9 de uma crian\u00e7a como todas as outras. Ela \u00e9 uma menina muito alegre, muito feliz e muito inteligente, est\u00e1 sempre disposta a aprender, cada vez mais. Ela tem o material maior porque ela tem a necessidade de ter ele maior, mas as crian\u00e7as compreendem completamente, ajudam ela quando tem que ver na lousa alguma mat\u00e9ria e tudo com muito amor, muito carinho, com todos os amigos\u201d, contou.<\/p>\n<p>N\u00facleo de Inclus\u00e3o<br \/>\nAl\u00e9m das apostilas adaptadas, a Secretaria Municipal de Educa\u00e7\u00e3o (SME) tamb\u00e9m oferece suporte a estudantes com qualquer tipo de defici\u00eancia, sejam elas f\u00edsicas, intelectuais ou m\u00faltiplas, orienta\u00e7\u00f5es para professores de Braille, int\u00e9rpretes de L\u00edngua Brasileira de Sinais (Libras), Atendimento Educacional Especializado (AEE) e forma\u00e7\u00e3o para Cuidadores. \u00c9 o que explica a coordenadora do Setor de Inclus\u00e3o da SME, Kelly Amorim. \u201cO atendimento \u00e9 previsto para garantir que o acesso e perman\u00eancia do aluno a escola sejam garantidos, atrav\u00e9s das adapta\u00e7\u00f5es necess\u00e1rias, oportunizando assim a equidade dos processos de ensino aprendizagem\u201d, contou.<br \/>\nPara ela, a Educa\u00e7\u00e3o inclusiva \u00e9 um grande diferencial de Barretos. \u201cOs nossos professores s\u00e3o todos capacitados, al\u00e9m da forma\u00e7\u00e3o t\u00e9cnica, exercem a fun\u00e7\u00e3o com muito amor, carinho e dedica\u00e7\u00e3o, estamos sempre em forma\u00e7\u00e3o, buscando oferecer um atendimento de qualidade aos nossos alunos e seus familiares\u201d, destacou.<br \/>\nEm 2023, a Rede Municipal de Ensino fechou o ano com 689 alunos com defici\u00eancia atendidos. Para o Ano de 2024 todas as unidades escolares contam com o AEE desde a Educa\u00e7\u00e3o Infantil ao Fundamental II.<\/p>\n<p>Assimp-156-2024<br \/>\nReda\u00e7\u00e3o: Assessoria de Imprensa<br \/>\nFotos: Vin\u00edcius\u00a0Borges<\/p>\n","protected":false},"excerpt":{"rendered":"<p>Al\u00e9m do fornecimento de apostilas adaptadas Trilhas, da FTD, N\u00facleo<\/p>\n","protected":false},"author":2,"featured_media":102287,"comment_status":"open","ping_status":"open","sticky":false,"template":"","format":"standard","meta":{"footnotes":""},"categories":[14,3],"tags":[],"class_list":["post-102286","post","type-post","status-publish","format-standard","has-post-thumbnail","hentry","category-barretos","category-geral"],"yoast_head":"<!-- This site is optimized with the Yoast SEO plugin v27.4 - https:\/\/yoast.com\/product\/yoast-seo-wordpress\/ -->\n<title>Rede Municipal de Ensino de Barretos investe em educa\u00e7\u00e3o inclusiva - Regi\u00e3o News<\/title>\n<meta name=\"robots\" content=\"index, follow, max-snippet:-1, max-image-preview:large, max-video-preview:-1\" \/>\n<link rel=\"canonical\" href=\"https:\/\/regiaonews.net.br\/2022\/2024\/03\/11\/rede-municipal-de-ensino-de-barretos-investe-em-educacao-inclusiva\/\" \/>\n<meta property=\"og:locale\" content=\"pt_BR\" \/>\n<meta property=\"og:type\" content=\"article\" \/>\n<meta property=\"og:title\" content=\"Rede Municipal de Ensino de Barretos investe em educa\u00e7\u00e3o inclusiva - Regi\u00e3o News\" \/>\n<meta property=\"og:description\" content=\"Al\u00e9m do fornecimento de apostilas adaptadas Trilhas, da FTD, N\u00facleo\" \/>\n<meta property=\"og:url\" content=\"https:\/\/regiaonews.net.br\/2022\/2024\/03\/11\/rede-municipal-de-ensino-de-barretos-investe-em-educacao-inclusiva\/\" \/>\n<meta property=\"og:site_name\" content=\"Regi\u00e3o News\" \/>\n<meta property=\"article:published_time\" content=\"2024-03-11T20:29:49+00:00\" \/>\n<meta property=\"og:image\" content=\"https:\/\/regiaonews.net.br\/2022\/wp-content\/uploads\/2024\/03\/Imagem-do-WhatsApp-de-2024-03-11-as-15.40.49_b130d1cb.jpg\" \/>\n\t<meta property=\"og:image:width\" content=\"1600\" \/>\n\t<meta property=\"og:image:height\" content=\"983\" \/>\n\t<meta property=\"og:image:type\" content=\"image\/jpeg\" \/>\n<meta name=\"author\" content=\"Roberto\" \/>\n<meta name=\"twitter:card\" content=\"summary_large_image\" \/>\n<meta name=\"twitter:label1\" content=\"Escrito por\" \/>\n\t<meta name=\"twitter:data1\" content=\"Roberto\" \/>\n\t<meta name=\"twitter:label2\" content=\"Est. tempo de leitura\" \/>\n\t<meta name=\"twitter:data2\" content=\"5 minutos\" \/>\n<script type=\"application\/ld+json\" class=\"yoast-schema-graph\">{\"@context\":\"https:\\\/\\\/schema.org\",\"@graph\":[{\"@type\":\"Article\",\"@id\":\"https:\\\/\\\/regiaonews.net.br\\\/2022\\\/2024\\\/03\\\/11\\\/rede-municipal-de-ensino-de-barretos-investe-em-educacao-inclusiva\\\/#article\",\"isPartOf\":{\"@id\":\"https:\\\/\\\/regiaonews.net.br\\\/2022\\\/2024\\\/03\\\/11\\\/rede-municipal-de-ensino-de-barretos-investe-em-educacao-inclusiva\\\/\"},\"author\":{\"name\":\"Roberto\",\"@id\":\"https:\\\/\\\/regiaonews.net.br\\\/2022\\\/#\\\/schema\\\/person\\\/2d205a608a5aa97ac279d7a5e6d89ad8\"},\"headline\":\"Rede Municipal de Ensino de Barretos investe em educa\u00e7\u00e3o inclusiva\",\"datePublished\":\"2024-03-11T20:29:49+00:00\",\"mainEntityOfPage\":{\"@id\":\"https:\\\/\\\/regiaonews.net.br\\\/2022\\\/2024\\\/03\\\/11\\\/rede-municipal-de-ensino-de-barretos-investe-em-educacao-inclusiva\\\/\"},\"wordCount\":936,\"commentCount\":0,\"publisher\":{\"@id\":\"https:\\\/\\\/regiaonews.net.br\\\/2022\\\/#organization\"},\"image\":{\"@id\":\"https:\\\/\\\/regiaonews.net.br\\\/2022\\\/2024\\\/03\\\/11\\\/rede-municipal-de-ensino-de-barretos-investe-em-educacao-inclusiva\\\/#primaryimage\"},\"thumbnailUrl\":\"https:\\\/\\\/regiaonews.net.br\\\/2022\\\/wp-content\\\/uploads\\\/2024\\\/03\\\/Imagem-do-WhatsApp-de-2024-03-11-as-15.40.49_b130d1cb.jpg\",\"articleSection\":[\"Barretos\",\"Geral\"],\"inLanguage\":\"pt-BR\",\"potentialAction\":[{\"@type\":\"CommentAction\",\"name\":\"Comment\",\"target\":[\"https:\\\/\\\/regiaonews.net.br\\\/2022\\\/2024\\\/03\\\/11\\\/rede-municipal-de-ensino-de-barretos-investe-em-educacao-inclusiva\\\/#respond\"]}]},{\"@type\":\"WebPage\",\"@id\":\"https:\\\/\\\/regiaonews.net.br\\\/2022\\\/2024\\\/03\\\/11\\\/rede-municipal-de-ensino-de-barretos-investe-em-educacao-inclusiva\\\/\",\"url\":\"https:\\\/\\\/regiaonews.net.br\\\/2022\\\/2024\\\/03\\\/11\\\/rede-municipal-de-ensino-de-barretos-investe-em-educacao-inclusiva\\\/\",\"name\":\"Rede Municipal de Ensino de Barretos investe em educa\u00e7\u00e3o inclusiva - Regi\u00e3o News\",\"isPartOf\":{\"@id\":\"https:\\\/\\\/regiaonews.net.br\\\/2022\\\/#website\"},\"primaryImageOfPage\":{\"@id\":\"https:\\\/\\\/regiaonews.net.br\\\/2022\\\/2024\\\/03\\\/11\\\/rede-municipal-de-ensino-de-barretos-investe-em-educacao-inclusiva\\\/#primaryimage\"},\"image\":{\"@id\":\"https:\\\/\\\/regiaonews.net.br\\\/2022\\\/2024\\\/03\\\/11\\\/rede-municipal-de-ensino-de-barretos-investe-em-educacao-inclusiva\\\/#primaryimage\"},\"thumbnailUrl\":\"https:\\\/\\\/regiaonews.net.br\\\/2022\\\/wp-content\\\/uploads\\\/2024\\\/03\\\/Imagem-do-WhatsApp-de-2024-03-11-as-15.40.49_b130d1cb.jpg\",\"datePublished\":\"2024-03-11T20:29:49+00:00\",\"breadcrumb\":{\"@id\":\"https:\\\/\\\/regiaonews.net.br\\\/2022\\\/2024\\\/03\\\/11\\\/rede-municipal-de-ensino-de-barretos-investe-em-educacao-inclusiva\\\/#breadcrumb\"},\"inLanguage\":\"pt-BR\",\"potentialAction\":[{\"@type\":\"ReadAction\",\"target\":[\"https:\\\/\\\/regiaonews.net.br\\\/2022\\\/2024\\\/03\\\/11\\\/rede-municipal-de-ensino-de-barretos-investe-em-educacao-inclusiva\\\/\"]}]},{\"@type\":\"ImageObject\",\"inLanguage\":\"pt-BR\",\"@id\":\"https:\\\/\\\/regiaonews.net.br\\\/2022\\\/2024\\\/03\\\/11\\\/rede-municipal-de-ensino-de-barretos-investe-em-educacao-inclusiva\\\/#primaryimage\",\"url\":\"https:\\\/\\\/regiaonews.net.br\\\/2022\\\/wp-content\\\/uploads\\\/2024\\\/03\\\/Imagem-do-WhatsApp-de-2024-03-11-as-15.40.49_b130d1cb.jpg\",\"contentUrl\":\"https:\\\/\\\/regiaonews.net.br\\\/2022\\\/wp-content\\\/uploads\\\/2024\\\/03\\\/Imagem-do-WhatsApp-de-2024-03-11-as-15.40.49_b130d1cb.jpg\",\"width\":1600,\"height\":983},{\"@type\":\"BreadcrumbList\",\"@id\":\"https:\\\/\\\/regiaonews.net.br\\\/2022\\\/2024\\\/03\\\/11\\\/rede-municipal-de-ensino-de-barretos-investe-em-educacao-inclusiva\\\/#breadcrumb\",\"itemListElement\":[{\"@type\":\"ListItem\",\"position\":1,\"name\":\"In\u00edcio\",\"item\":\"https:\\\/\\\/regiaonews.net.br\\\/2022\\\/\"},{\"@type\":\"ListItem\",\"position\":2,\"name\":\"Rede Municipal de Ensino de Barretos investe em educa\u00e7\u00e3o inclusiva\"}]},{\"@type\":\"WebSite\",\"@id\":\"https:\\\/\\\/regiaonews.net.br\\\/2022\\\/#website\",\"url\":\"https:\\\/\\\/regiaonews.net.br\\\/2022\\\/\",\"name\":\"Regi\u00e3o News\",\"description\":\"Site de Not\u00edcias de Barretos e regi\u00e3o\",\"publisher\":{\"@id\":\"https:\\\/\\\/regiaonews.net.br\\\/2022\\\/#organization\"},\"potentialAction\":[{\"@type\":\"SearchAction\",\"target\":{\"@type\":\"EntryPoint\",\"urlTemplate\":\"https:\\\/\\\/regiaonews.net.br\\\/2022\\\/?s={search_term_string}\"},\"query-input\":{\"@type\":\"PropertyValueSpecification\",\"valueRequired\":true,\"valueName\":\"search_term_string\"}}],\"inLanguage\":\"pt-BR\"},{\"@type\":\"Organization\",\"@id\":\"https:\\\/\\\/regiaonews.net.br\\\/2022\\\/#organization\",\"name\":\"Regi\u00e3o News\",\"url\":\"https:\\\/\\\/regiaonews.net.br\\\/2022\\\/\",\"logo\":{\"@type\":\"ImageObject\",\"inLanguage\":\"pt-BR\",\"@id\":\"https:\\\/\\\/regiaonews.net.br\\\/2022\\\/#\\\/schema\\\/logo\\\/image\\\/\",\"url\":\"https:\\\/\\\/regiaonews.net.br\\\/2022\\\/wp-content\\\/uploads\\\/2026\\\/03\\\/regiao-13-anos-scaled.jpg\",\"contentUrl\":\"https:\\\/\\\/regiaonews.net.br\\\/2022\\\/wp-content\\\/uploads\\\/2026\\\/03\\\/regiao-13-anos-scaled.jpg\",\"width\":2560,\"height\":635,\"caption\":\"Regi\u00e3o News\"},\"image\":{\"@id\":\"https:\\\/\\\/regiaonews.net.br\\\/2022\\\/#\\\/schema\\\/logo\\\/image\\\/\"}},{\"@type\":\"Person\",\"@id\":\"https:\\\/\\\/regiaonews.net.br\\\/2022\\\/#\\\/schema\\\/person\\\/2d205a608a5aa97ac279d7a5e6d89ad8\",\"name\":\"Roberto\",\"image\":{\"@type\":\"ImageObject\",\"inLanguage\":\"pt-BR\",\"@id\":\"https:\\\/\\\/secure.gravatar.com\\\/avatar\\\/42749d8b712ff9d59ca93dc150494e5b55a44134482993f5baeb97e61b7ecc89?s=96&d=mm&r=g\",\"url\":\"https:\\\/\\\/secure.gravatar.com\\\/avatar\\\/42749d8b712ff9d59ca93dc150494e5b55a44134482993f5baeb97e61b7ecc89?s=96&d=mm&r=g\",\"contentUrl\":\"https:\\\/\\\/secure.gravatar.com\\\/avatar\\\/42749d8b712ff9d59ca93dc150494e5b55a44134482993f5baeb97e61b7ecc89?s=96&d=mm&r=g\",\"caption\":\"Roberto\"},\"url\":\"https:\\\/\\\/regiaonews.net.br\\\/2022\\\/author\\\/roberto\\\/\"}]}<\/script>\n<!-- \/ Yoast SEO plugin. -->","yoast_head_json":{"title":"Rede Municipal de Ensino de Barretos investe em educa\u00e7\u00e3o inclusiva - Regi\u00e3o News","robots":{"index":"index","follow":"follow","max-snippet":"max-snippet:-1","max-image-preview":"max-image-preview:large","max-video-preview":"max-video-preview:-1"},"canonical":"https:\/\/regiaonews.net.br\/2022\/2024\/03\/11\/rede-municipal-de-ensino-de-barretos-investe-em-educacao-inclusiva\/","og_locale":"pt_BR","og_type":"article","og_title":"Rede Municipal de Ensino de Barretos investe em educa\u00e7\u00e3o inclusiva - Regi\u00e3o News","og_description":"Al\u00e9m do fornecimento de apostilas adaptadas Trilhas, da FTD, N\u00facleo","og_url":"https:\/\/regiaonews.net.br\/2022\/2024\/03\/11\/rede-municipal-de-ensino-de-barretos-investe-em-educacao-inclusiva\/","og_site_name":"Regi\u00e3o News","article_published_time":"2024-03-11T20:29:49+00:00","og_image":[{"width":1600,"height":983,"url":"https:\/\/regiaonews.net.br\/2022\/wp-content\/uploads\/2024\/03\/Imagem-do-WhatsApp-de-2024-03-11-as-15.40.49_b130d1cb.jpg","type":"image\/jpeg"}],"author":"Roberto","twitter_card":"summary_large_image","twitter_misc":{"Escrito por":"Roberto","Est. tempo de leitura":"5 minutos"},"schema":{"@context":"https:\/\/schema.org","@graph":[{"@type":"Article","@id":"https:\/\/regiaonews.net.br\/2022\/2024\/03\/11\/rede-municipal-de-ensino-de-barretos-investe-em-educacao-inclusiva\/#article","isPartOf":{"@id":"https:\/\/regiaonews.net.br\/2022\/2024\/03\/11\/rede-municipal-de-ensino-de-barretos-investe-em-educacao-inclusiva\/"},"author":{"name":"Roberto","@id":"https:\/\/regiaonews.net.br\/2022\/#\/schema\/person\/2d205a608a5aa97ac279d7a5e6d89ad8"},"headline":"Rede Municipal de Ensino de Barretos investe em educa\u00e7\u00e3o inclusiva","datePublished":"2024-03-11T20:29:49+00:00","mainEntityOfPage":{"@id":"https:\/\/regiaonews.net.br\/2022\/2024\/03\/11\/rede-municipal-de-ensino-de-barretos-investe-em-educacao-inclusiva\/"},"wordCount":936,"commentCount":0,"publisher":{"@id":"https:\/\/regiaonews.net.br\/2022\/#organization"},"image":{"@id":"https:\/\/regiaonews.net.br\/2022\/2024\/03\/11\/rede-municipal-de-ensino-de-barretos-investe-em-educacao-inclusiva\/#primaryimage"},"thumbnailUrl":"https:\/\/regiaonews.net.br\/2022\/wp-content\/uploads\/2024\/03\/Imagem-do-WhatsApp-de-2024-03-11-as-15.40.49_b130d1cb.jpg","articleSection":["Barretos","Geral"],"inLanguage":"pt-BR","potentialAction":[{"@type":"CommentAction","name":"Comment","target":["https:\/\/regiaonews.net.br\/2022\/2024\/03\/11\/rede-municipal-de-ensino-de-barretos-investe-em-educacao-inclusiva\/#respond"]}]},{"@type":"WebPage","@id":"https:\/\/regiaonews.net.br\/2022\/2024\/03\/11\/rede-municipal-de-ensino-de-barretos-investe-em-educacao-inclusiva\/","url":"https:\/\/regiaonews.net.br\/2022\/2024\/03\/11\/rede-municipal-de-ensino-de-barretos-investe-em-educacao-inclusiva\/","name":"Rede Municipal de Ensino de Barretos investe em educa\u00e7\u00e3o inclusiva - Regi\u00e3o News","isPartOf":{"@id":"https:\/\/regiaonews.net.br\/2022\/#website"},"primaryImageOfPage":{"@id":"https:\/\/regiaonews.net.br\/2022\/2024\/03\/11\/rede-municipal-de-ensino-de-barretos-investe-em-educacao-inclusiva\/#primaryimage"},"image":{"@id":"https:\/\/regiaonews.net.br\/2022\/2024\/03\/11\/rede-municipal-de-ensino-de-barretos-investe-em-educacao-inclusiva\/#primaryimage"},"thumbnailUrl":"https:\/\/regiaonews.net.br\/2022\/wp-content\/uploads\/2024\/03\/Imagem-do-WhatsApp-de-2024-03-11-as-15.40.49_b130d1cb.jpg","datePublished":"2024-03-11T20:29:49+00:00","breadcrumb":{"@id":"https:\/\/regiaonews.net.br\/2022\/2024\/03\/11\/rede-municipal-de-ensino-de-barretos-investe-em-educacao-inclusiva\/#breadcrumb"},"inLanguage":"pt-BR","potentialAction":[{"@type":"ReadAction","target":["https:\/\/regiaonews.net.br\/2022\/2024\/03\/11\/rede-municipal-de-ensino-de-barretos-investe-em-educacao-inclusiva\/"]}]},{"@type":"ImageObject","inLanguage":"pt-BR","@id":"https:\/\/regiaonews.net.br\/2022\/2024\/03\/11\/rede-municipal-de-ensino-de-barretos-investe-em-educacao-inclusiva\/#primaryimage","url":"https:\/\/regiaonews.net.br\/2022\/wp-content\/uploads\/2024\/03\/Imagem-do-WhatsApp-de-2024-03-11-as-15.40.49_b130d1cb.jpg","contentUrl":"https:\/\/regiaonews.net.br\/2022\/wp-content\/uploads\/2024\/03\/Imagem-do-WhatsApp-de-2024-03-11-as-15.40.49_b130d1cb.jpg","width":1600,"height":983},{"@type":"BreadcrumbList","@id":"https:\/\/regiaonews.net.br\/2022\/2024\/03\/11\/rede-municipal-de-ensino-de-barretos-investe-em-educacao-inclusiva\/#breadcrumb","itemListElement":[{"@type":"ListItem","position":1,"name":"In\u00edcio","item":"https:\/\/regiaonews.net.br\/2022\/"},{"@type":"ListItem","position":2,"name":"Rede Municipal de Ensino de Barretos investe em educa\u00e7\u00e3o inclusiva"}]},{"@type":"WebSite","@id":"https:\/\/regiaonews.net.br\/2022\/#website","url":"https:\/\/regiaonews.net.br\/2022\/","name":"Regi\u00e3o News","description":"Site de Not\u00edcias de Barretos e regi\u00e3o","publisher":{"@id":"https:\/\/regiaonews.net.br\/2022\/#organization"},"potentialAction":[{"@type":"SearchAction","target":{"@type":"EntryPoint","urlTemplate":"https:\/\/regiaonews.net.br\/2022\/?s={search_term_string}"},"query-input":{"@type":"PropertyValueSpecification","valueRequired":true,"valueName":"search_term_string"}}],"inLanguage":"pt-BR"},{"@type":"Organization","@id":"https:\/\/regiaonews.net.br\/2022\/#organization","name":"Regi\u00e3o News","url":"https:\/\/regiaonews.net.br\/2022\/","logo":{"@type":"ImageObject","inLanguage":"pt-BR","@id":"https:\/\/regiaonews.net.br\/2022\/#\/schema\/logo\/image\/","url":"https:\/\/regiaonews.net.br\/2022\/wp-content\/uploads\/2026\/03\/regiao-13-anos-scaled.jpg","contentUrl":"https:\/\/regiaonews.net.br\/2022\/wp-content\/uploads\/2026\/03\/regiao-13-anos-scaled.jpg","width":2560,"height":635,"caption":"Regi\u00e3o News"},"image":{"@id":"https:\/\/regiaonews.net.br\/2022\/#\/schema\/logo\/image\/"}},{"@type":"Person","@id":"https:\/\/regiaonews.net.br\/2022\/#\/schema\/person\/2d205a608a5aa97ac279d7a5e6d89ad8","name":"Roberto","image":{"@type":"ImageObject","inLanguage":"pt-BR","@id":"https:\/\/secure.gravatar.com\/avatar\/42749d8b712ff9d59ca93dc150494e5b55a44134482993f5baeb97e61b7ecc89?s=96&d=mm&r=g","url":"https:\/\/secure.gravatar.com\/avatar\/42749d8b712ff9d59ca93dc150494e5b55a44134482993f5baeb97e61b7ecc89?s=96&d=mm&r=g","contentUrl":"https:\/\/secure.gravatar.com\/avatar\/42749d8b712ff9d59ca93dc150494e5b55a44134482993f5baeb97e61b7ecc89?s=96&d=mm&r=g","caption":"Roberto"},"url":"https:\/\/regiaonews.net.br\/2022\/author\/roberto\/"}]}},"publishpress_future_action":{"enabled":false,"date":"2026-05-03 09:10:05","action":"change-status","newStatus":"draft","terms":[],"taxonomy":"category","extraData":[]},"publishpress_future_workflow_manual_trigger":{"enabledWorkflows":[]},"_links":{"self":[{"href":"https:\/\/regiaonews.net.br\/2022\/wp-json\/wp\/v2\/posts\/102286","targetHints":{"allow":["GET"]}}],"collection":[{"href":"https:\/\/regiaonews.net.br\/2022\/wp-json\/wp\/v2\/posts"}],"about":[{"href":"https:\/\/regiaonews.net.br\/2022\/wp-json\/wp\/v2\/types\/post"}],"author":[{"embeddable":true,"href":"https:\/\/regiaonews.net.br\/2022\/wp-json\/wp\/v2\/users\/2"}],"replies":[{"embeddable":true,"href":"https:\/\/regiaonews.net.br\/2022\/wp-json\/wp\/v2\/comments?post=102286"}],"version-history":[{"count":1,"href":"https:\/\/regiaonews.net.br\/2022\/wp-json\/wp\/v2\/posts\/102286\/revisions"}],"predecessor-version":[{"id":102288,"href":"https:\/\/regiaonews.net.br\/2022\/wp-json\/wp\/v2\/posts\/102286\/revisions\/102288"}],"wp:featuredmedia":[{"embeddable":true,"href":"https:\/\/regiaonews.net.br\/2022\/wp-json\/wp\/v2\/media\/102287"}],"wp:attachment":[{"href":"https:\/\/regiaonews.net.br\/2022\/wp-json\/wp\/v2\/media?parent=102286"}],"wp:term":[{"taxonomy":"category","embeddable":true,"href":"https:\/\/regiaonews.net.br\/2022\/wp-json\/wp\/v2\/categories?post=102286"},{"taxonomy":"post_tag","embeddable":true,"href":"https:\/\/regiaonews.net.br\/2022\/wp-json\/wp\/v2\/tags?post=102286"}],"curies":[{"name":"wp","href":"https:\/\/api.w.org\/{rel}","templated":true}]}}