{"id":102279,"date":"2024-03-11T17:27:50","date_gmt":"2024-03-11T20:27:50","guid":{"rendered":"https:\/\/regiaonews.net.br\/2022\/?p=102279"},"modified":"2024-03-11T17:27:50","modified_gmt":"2024-03-11T20:27:50","slug":"furgao-do-cinesolar-estaciona-em-barretos-com-sessoes-de-cinema-movido-a-energia-solar-pipoca-e-atracoes-de-graca-para-todos","status":"publish","type":"post","link":"https:\/\/regiaonews.net.br\/2022\/2024\/03\/11\/furgao-do-cinesolar-estaciona-em-barretos-com-sessoes-de-cinema-movido-a-energia-solar-pipoca-e-atracoes-de-graca-para-todos\/","title":{"rendered":"Furg\u00e3o do CineSolar estaciona em Barretos com sess\u00f5es de cinema movido a energia solar, pipoca e atra\u00e7\u00f5es de gra\u00e7a para todos"},"content":{"rendered":"<h3 style=\"text-align: center;\">O primeiro cinema itinerante movido a energia solar do Brasil ser\u00e1 montado ao lado da Feira Livre do San Diego, com evento \u00fanico na quinta-feira (14\/03), \u00e0s 19h.<\/h3>\n<p>Cinema ao ar livre, pipoca, divers\u00e3o em fam\u00edlia, tudo de gra\u00e7a, com sustentabilidade, ci\u00eancias e tecnologia. O encanto do CineSolar, o primeiro cinema itinerante movido a energia solar do Brasil, poder\u00e1 ser vivenciado em <strong>Barretos (SP), na quinta (14\/03), \u00e0s 19h, ao lado da Feira Livre do San Diego<\/strong>, com v\u00e1rias atividades para todas as idades. Na telona ser\u00e3o exibidos curtas-metragens infantis e o filme \u201cSing 2\u201d. A entrada \u00e9 livre, n\u00e3o precisa de ingresso.<\/p>\n<p>&nbsp;<\/p>\n<p>A 7\u00aa edi\u00e7\u00e3o do CineSolar \u00e9 viabilizada pela Lei Federal de Incentivo \u00e0 Cultura, com patroc\u00ednio da CPFL Energia, apoio do Instituto CPFL e da Prefeitura Municipal de Barretos, por meio da Secretaria Municipal de Cultura e Economia Criativa, e \u00e9 realizada pela Brazucah Produ\u00e7\u00f5es, Minist\u00e9rio da Cultura e Governo Federal.<\/p>\n<p>&nbsp;<\/p>\n<p>\u201cApenas 9% das cidades brasileiras t\u00eam cinema. Al\u00e9m disso, ir ao cinema \u00e9 um programa caro para as fam\u00edlias que gastam com ingressos, transporte e pipoca. Neste contexto, o CineSolar \u00e9 uma alternativa de programa\u00e7\u00e3o cultural gratuita e ao ar livre para todas as pessoas. Afinal, assistir a filmes com os amigos \u00e9 muito mais legal! E, no primeiro cinema do Brasil que funciona com energia limpa e renov\u00e1vel, \u00e9 melhor ainda\u201d, diz Cynthia Alario, idealizadora do CineSolar.<\/p>\n<p>&nbsp;<\/p>\n<p>O furg\u00e3o, uma esta\u00e7\u00e3o m\u00f3vel de ci\u00eancias, arte, tecnologia, sustentabilidade e cultura de paz, \u00e9 o protagonista respons\u00e1vel pela magia do CineSolar. O ve\u00edculo \u00e9 adaptado com as placas fotovoltaicas no teto e carrega todo o cinema: as cadeiras e banquetas, os sistemas de convers\u00e3o de energia e armazenamento, de som e proje\u00e7\u00e3o, incluindo a tela. Suas luzes coloridas, a decora\u00e7\u00e3o de material reciclado e os objetos com princ\u00edpios de magnetismo e eletricidade (laser e bola de plasma) ensinam, de forma l\u00fadica, como a luz do sol se transforma em energia el\u00e9trica.<\/p>\n<p>&nbsp;<\/p>\n<p>O Circuito CPFL 2024 ser\u00e1 realizado em 95 cidades dos estados de S\u00e3o Paulo, Minas Gerais, Rio Grande do Norte, Cear\u00e1 e Rio Grande do Sul. Al\u00e9m das sess\u00f5es de cinema, que neste ano tamb\u00e9m contar\u00e3o com curtas-metragens que aproximam o Brasil da interessante e milenar cultura chinesa, ser\u00e3o promovidas 52 oficinas em escolas p\u00fablicas, com linguagem audiovisual e t\u00e9cnica de anima\u00e7\u00e3o em stop motion.<\/p>\n<p>&nbsp;<\/p>\n<p>\u201cAs atividades do CineSolar, apoiado por n\u00f3s por meio da frente Circuito CPFL, contribuem para que a inclus\u00e3o e o entretenimento estejam presentes nas nossas comunidades, al\u00e9m de ser uma iniciativa que sensibiliza as pessoas para um desenvolvimento mais consciente e sustent\u00e1vel\u201d, observa destaca Daniela Ortolani Pagotto, head do Instituto CPFL.<\/p>\n<p>&nbsp;<\/p>\n<p><strong>O CineSolar<\/strong><\/p>\n<p>Lan\u00e7ado pela Brazucah Produ\u00e7\u00f5es, h\u00e1 11 anos o CineSolar (<a href=\"https:\/\/linktr.ee\/cine.solar\"><strong>linktr.ee\/cine.solar<\/strong><\/a>) transforma espa\u00e7os p\u00fablicos e abertos em salas de cinema e j\u00e1 realizou cerca de 2300 sess\u00f5es (com exibi\u00e7\u00e3o de 220 filmes) e 690 oficinas para 341 mil pessoas de 700 cidades, de 23 estados e do Distrito Federal. O projeto, que cumpre 10 dos 17 ODS (Objetivos de Desenvolvimento Sustent\u00e1vel), j\u00e1 percorreu &#8211; com seus furg\u00f5es Mahura e Tup\u00e3 &#8211; mais de 302 mil quil\u00f4metros pelo pa\u00eds e atua com o objetivo de democratizar o acesso \u00e0s produ\u00e7\u00f5es audiovisuais (principalmente as nacionais), promover a\u00e7\u00f5es e pr\u00e1ticas sustent\u00e1veis, a inclus\u00e3o social e difundir a tecnologia da gera\u00e7\u00e3o de energia solar.<\/p>\n<p>&nbsp;<\/p>\n<p>O CineSolar integra a Solar World Cinema, uma rede internacional de cinemas itinerantes movidos a energia solar, conta com o patroc\u00ednio institucional da Mercedes-Benz &#8211; Cars &amp; Vans Brasil, patroc\u00ednio solar da Clarios &#8211; com a bateria Heliar e a Freedom Estacion\u00e1ria, parceria solar da EnergySeg Engenharia e apoio das marcas Biowash e Bio 2. O projeto tamb\u00e9m promove a\u00e7\u00f5es em conjunto com a Unesco Representa\u00e7\u00e3o Brasil e a Unipaz (Universidade Internacional da Paz), e realiza compensa\u00e7\u00e3o de carbono em parceria com a Ecooar (262 \u00e1rvores j\u00e1 foram plantadas em \u00e1rea de manancial, em Gar\u00e7a\/SP).<\/p>\n<p>&nbsp;<\/p>\n<p><strong><u>PROGRAMA\u00c7\u00c3O<\/u><\/strong><\/p>\n<p><strong><u>\u00a0<\/u><\/strong><\/p>\n<p><strong><u>Barretos\/SP<\/u><\/strong><\/p>\n<p><strong><u>\u00a0<\/u><\/strong><\/p>\n<p><strong>Sess\u00f5es de Cinema<\/strong><\/p>\n<p><strong>Data: <\/strong>Quinta-feira (14\/03)<\/p>\n<p><strong>Hor\u00e1rios: 19h<\/strong> &#8211; 1\u00aa sess\u00e3o: curtas-metragens infantis e ambientais<\/p>\n<p><strong>\u00a0\u00a0\u00a0\u00a0\u00a020h <\/strong>&#8211; 2\u00aa sess\u00e3o: \u2018Sing 2\u2019<\/p>\n<p><strong>Entrada:<\/strong> livre &#8211; n\u00e3o precisa de ingresso<\/p>\n<p><strong>Atra\u00e7\u00e3o:<\/strong> pipoca de gra\u00e7a e visita ao furg\u00e3o do CineSolar<\/p>\n<p><strong>Local: <\/strong>Ao lado da Feira Livre do San Diego &#8211; Avenida Aristides Jos\u00e9 Anast\u00e1cio, esquina com a Avenida SD 3 &#8211; San Diego &#8211; Barretos\/SP<\/p>\n<p>&nbsp;<\/p>\n<p><strong><u>SINOPSES DOS FILMES<\/u><\/strong><\/p>\n<p><strong><u>\u00a0<\/u><\/strong><\/p>\n<p><strong><em>1\u00aa sess\u00e3o<\/em><\/strong><\/p>\n<p><strong><em>\u00a0<\/em><\/strong><\/p>\n<p><em>Os curtas-metragens infantis e ambientais com a tem\u00e1tica \u201cProtagonistas do Amanh\u00e3: Moldando o Futuro\u201d foram selecionados pela curadora e diretora art\u00edstica Ana Arruda, da S\u00e9tima Produ\u00e7\u00f5es Culturais, idealizadora e diretora do Curta Bras\u00edlia &#8211; Festival Internacional de Curta-metragem.<\/em><\/p>\n<p><em>\u00a0<\/em><\/p>\n<p><strong>&#8216;Bao\u2019 &#8211; Dire\u00e7\u00e3o: Domee Shi &#8211; EUA &#8211; 8min &#8211; Anima\u00e7\u00e3o\/2018 &#8211; Livre<\/strong><\/p>\n<p>Sofrendo com a aus\u00eancia do filho, uma m\u00e3e volta a ver sentido na vida quando um dos bolinhos que preparou ganha vida. Ela ent\u00e3o come\u00e7a a cuidar da criatura dando-lhe todo o amor e carinho. Mas, de forma inesperada, ele cresce e ganha independ\u00eancia, deixando sua criadora triste mais uma vez.<\/p>\n<p><strong><em>\u00a0<\/em><\/strong><\/p>\n<p><strong>\u2018Valentino\u2019 &#8211; Dire\u00e7\u00e3o: Cassiana Maranha &#8211; Para\u00edba\/2014 &#8211; Fic\u00e7\u00e3o &#8211; 4 minutos &#8211; Livre<\/strong><\/p>\n<p>Valentino tem nove anos, quando \u00e9 apresentado \u00e0 m\u00fasica por sua amiga da mesma idade, Sofia. Ele se encanta e um novo mundo se abre ao pequeno garoto. Valentino decide ser m\u00fasico. S\u00f3 um detalhe: ele possui surdez profunda. Uma hist\u00f3ria sobre a realiza\u00e7\u00e3o do improv\u00e1vel, a determina\u00e7\u00e3o para alcan\u00e7ar um objetivo e o valor do amor. Valentino ouve menos e sente mais.<\/p>\n<p>&nbsp;<\/p>\n<p><strong>\u2018Lily\u2019s Hair\u2019 &#8211; Dire\u00e7\u00e3o: Raphael Gustavo da Silva &#8211; Goi\u00e1s &#8211; 14min \u2013 Fic\u00e7\u00e3o\/2019 \u2013 Livre<\/strong><\/p>\n<p><em>Audiodescri\u00e7\u00e3o, closed caption, libras<\/em><\/p>\n<p>Lily \u00e9 uma garota negra que n\u00e3o gosta de seus cabelos. Com a ajuda de Caio, seu amigo cadeirante, tenta ter os cabelos do jeito que sempre sonhou.<\/p>\n<p>&nbsp;<\/p>\n<p><strong>\u2018A Incr\u00edvel Aventura das Sonhadoras Crian\u00e7as contra Lixeira Furada e Capit\u00e3o Sujeira\u2019 &#8211; Dire\u00e7\u00e3o: Beatriz Ohana &#8211; Rio de Janeiro\/2019 &#8211; Fic\u00e7\u00e3o &#8211; 15 min &#8211; Livre<\/strong><\/p>\n<p>Quando o lixo s\u00f3 cresce e os adultos n\u00e3o d\u00e3o conta do problema, Jo\u00e3o Pedro, Sophia e as crian\u00e7as do QG dos Sonhadores entram em a\u00e7\u00e3o para derrotar os inimigos do bairro: Lixeira Furada e Capit\u00e3o Sujeira. Uma aventura cheia de imagina\u00e7\u00e3o, que apresenta o olhar de crian\u00e7as sobre o lugar em que vivem.<\/p>\n<p>&nbsp;<\/p>\n<p><strong><em>2\u00aa sess\u00e3o<\/em><\/strong><\/p>\n<p><strong><em>\u00a0<\/em><\/strong><\/p>\n<p><strong>\u2018Sing 2\u2019 &#8211; Dire\u00e7\u00e3o: Garth Jennings &#8211; 1h50min &#8211; Anima\u00e7\u00e3o\/2021 &#8211; Livre<\/strong><\/p>\n<p>Na glamourosa cidade de Redshore, Buster Moon e a galera enfrentam seus medos, fazem novos amigos e superam seus limites em uma jornada para convencer o recluso astro Clay Calloway a subir aos palcos novamente.<\/p>\n<p><strong><em>\u00a0<\/em><\/strong><\/p>\n<p><strong><em><u>Sobre o Instituto CPFL<\/u><\/em><\/strong><\/p>\n<p><em>Com 18 anos de trajet\u00f3ria e sede em Campinas (SP), o <strong>Instituto CPFL<\/strong> \u00e9 a plataforma de investimento social privado do Grupo <strong>CPFL Energia<\/strong>, respons\u00e1vel pela integra\u00e7\u00e3o dos programas sociais, esportivos e culturais do grupo em uma \u00fanica rede. Desde 2020, <strong>o Instituto CPFL<\/strong> atua em cinco frentes: <strong>CPFL Gera\u00e7\u00e3o Jovem<\/strong>, que apoia iniciativas voltadas para o futuro das novas gera\u00e7\u00f5es; <strong>CPFL nos Hospitais<\/strong>, que apoia projetos de humaniza\u00e7\u00e3o e melhorias em hospitais p\u00fablicos; o <strong>Interc\u00e2mbio Brasil-China<\/strong>, programa que promove o di\u00e1logo cultural entre os dois pa\u00edses; o <strong>Circuito CPFL<\/strong>, que re\u00fane projetos itinerantes de cinema e etapas de corrida e caminhada; e o <strong>Caf\u00e9 Filos\u00f3fico CPFL<\/strong>, que promove reflex\u00f5es atrav\u00e9s de palestras e s\u00e9ries audiovisuais com transmiss\u00e3o pela TV Cultura aos domingos e ter\u00e7as-feiras. <\/em><\/p>\n<p><em>Saiba mais em <\/em><a href=\"http:\/\/www.institutocpfl.org.br\/\"><em>www.institutocpfl.org.br<\/em><\/a><em>.<\/em><\/p>\n<p><em>\u00a0<\/em><\/p>\n<p><strong><u>Atendimento \u00e0 imprensa &#8211; CineSolar<\/u><\/strong><\/p>\n<p>Benu Comunica\u00e7\u00e3o<\/p>\n<p>Fernanda Martins &#8211; (16) 99331-9036<\/p>\n<p><a href=\"mailto:fernanda@benucomunicacao.com.br\">fernanda@benucomunicacao.com.br<\/a><\/p>\n","protected":false},"excerpt":{"rendered":"<p>O primeiro cinema itinerante movido a energia solar do Brasil<\/p>\n","protected":false},"author":2,"featured_media":102280,"comment_status":"open","ping_status":"open","sticky":false,"template":"","format":"standard","meta":{"footnotes":""},"categories":[14,3],"tags":[],"class_list":["post-102279","post","type-post","status-publish","format-standard","has-post-thumbnail","hentry","category-barretos","category-geral"],"yoast_head":"<!-- This site is optimized with the Yoast SEO plugin v27.4 - https:\/\/yoast.com\/product\/yoast-seo-wordpress\/ -->\n<title>Furg\u00e3o do CineSolar estaciona em Barretos com sess\u00f5es de cinema movido a energia solar, pipoca e atra\u00e7\u00f5es de gra\u00e7a para todos - Regi\u00e3o News<\/title>\n<meta name=\"robots\" content=\"index, follow, max-snippet:-1, max-image-preview:large, max-video-preview:-1\" \/>\n<link rel=\"canonical\" href=\"https:\/\/regiaonews.net.br\/2022\/2024\/03\/11\/furgao-do-cinesolar-estaciona-em-barretos-com-sessoes-de-cinema-movido-a-energia-solar-pipoca-e-atracoes-de-graca-para-todos\/\" \/>\n<meta property=\"og:locale\" content=\"pt_BR\" \/>\n<meta property=\"og:type\" content=\"article\" \/>\n<meta property=\"og:title\" content=\"Furg\u00e3o do CineSolar estaciona em Barretos com sess\u00f5es de cinema movido a energia solar, pipoca e atra\u00e7\u00f5es de gra\u00e7a para todos - Regi\u00e3o News\" \/>\n<meta property=\"og:description\" content=\"O primeiro cinema itinerante movido a energia solar do Brasil\" \/>\n<meta property=\"og:url\" content=\"https:\/\/regiaonews.net.br\/2022\/2024\/03\/11\/furgao-do-cinesolar-estaciona-em-barretos-com-sessoes-de-cinema-movido-a-energia-solar-pipoca-e-atracoes-de-graca-para-todos\/\" \/>\n<meta property=\"og:site_name\" content=\"Regi\u00e3o News\" \/>\n<meta property=\"article:published_time\" content=\"2024-03-11T20:27:50+00:00\" \/>\n<meta property=\"og:image\" content=\"https:\/\/regiaonews.net.br\/2022\/wp-content\/uploads\/2024\/03\/CPFL_CAMARGO_RS_221123_ThainaTibana_CINESOLAR-45.jpg\" \/>\n\t<meta property=\"og:image:width\" content=\"2048\" \/>\n\t<meta property=\"og:image:height\" content=\"1150\" \/>\n\t<meta property=\"og:image:type\" content=\"image\/jpeg\" \/>\n<meta name=\"author\" content=\"Roberto\" \/>\n<meta name=\"twitter:card\" content=\"summary_large_image\" \/>\n<meta name=\"twitter:label1\" content=\"Escrito por\" \/>\n\t<meta name=\"twitter:data1\" content=\"Roberto\" \/>\n\t<meta name=\"twitter:label2\" content=\"Est. tempo de leitura\" \/>\n\t<meta name=\"twitter:data2\" content=\"7 minutos\" \/>\n<script type=\"application\/ld+json\" class=\"yoast-schema-graph\">{\"@context\":\"https:\\\/\\\/schema.org\",\"@graph\":[{\"@type\":\"Article\",\"@id\":\"https:\\\/\\\/regiaonews.net.br\\\/2022\\\/2024\\\/03\\\/11\\\/furgao-do-cinesolar-estaciona-em-barretos-com-sessoes-de-cinema-movido-a-energia-solar-pipoca-e-atracoes-de-graca-para-todos\\\/#article\",\"isPartOf\":{\"@id\":\"https:\\\/\\\/regiaonews.net.br\\\/2022\\\/2024\\\/03\\\/11\\\/furgao-do-cinesolar-estaciona-em-barretos-com-sessoes-de-cinema-movido-a-energia-solar-pipoca-e-atracoes-de-graca-para-todos\\\/\"},\"author\":{\"name\":\"Roberto\",\"@id\":\"https:\\\/\\\/regiaonews.net.br\\\/2022\\\/#\\\/schema\\\/person\\\/2d205a608a5aa97ac279d7a5e6d89ad8\"},\"headline\":\"Furg\u00e3o do CineSolar estaciona em Barretos com sess\u00f5es de cinema movido a energia solar, pipoca e atra\u00e7\u00f5es de gra\u00e7a para todos\",\"datePublished\":\"2024-03-11T20:27:50+00:00\",\"mainEntityOfPage\":{\"@id\":\"https:\\\/\\\/regiaonews.net.br\\\/2022\\\/2024\\\/03\\\/11\\\/furgao-do-cinesolar-estaciona-em-barretos-com-sessoes-de-cinema-movido-a-energia-solar-pipoca-e-atracoes-de-graca-para-todos\\\/\"},\"wordCount\":1357,\"commentCount\":0,\"publisher\":{\"@id\":\"https:\\\/\\\/regiaonews.net.br\\\/2022\\\/#organization\"},\"image\":{\"@id\":\"https:\\\/\\\/regiaonews.net.br\\\/2022\\\/2024\\\/03\\\/11\\\/furgao-do-cinesolar-estaciona-em-barretos-com-sessoes-de-cinema-movido-a-energia-solar-pipoca-e-atracoes-de-graca-para-todos\\\/#primaryimage\"},\"thumbnailUrl\":\"https:\\\/\\\/regiaonews.net.br\\\/2022\\\/wp-content\\\/uploads\\\/2024\\\/03\\\/CPFL_CAMARGO_RS_221123_ThainaTibana_CINESOLAR-45.jpg\",\"articleSection\":[\"Barretos\",\"Geral\"],\"inLanguage\":\"pt-BR\",\"potentialAction\":[{\"@type\":\"CommentAction\",\"name\":\"Comment\",\"target\":[\"https:\\\/\\\/regiaonews.net.br\\\/2022\\\/2024\\\/03\\\/11\\\/furgao-do-cinesolar-estaciona-em-barretos-com-sessoes-de-cinema-movido-a-energia-solar-pipoca-e-atracoes-de-graca-para-todos\\\/#respond\"]}]},{\"@type\":\"WebPage\",\"@id\":\"https:\\\/\\\/regiaonews.net.br\\\/2022\\\/2024\\\/03\\\/11\\\/furgao-do-cinesolar-estaciona-em-barretos-com-sessoes-de-cinema-movido-a-energia-solar-pipoca-e-atracoes-de-graca-para-todos\\\/\",\"url\":\"https:\\\/\\\/regiaonews.net.br\\\/2022\\\/2024\\\/03\\\/11\\\/furgao-do-cinesolar-estaciona-em-barretos-com-sessoes-de-cinema-movido-a-energia-solar-pipoca-e-atracoes-de-graca-para-todos\\\/\",\"name\":\"Furg\u00e3o do CineSolar estaciona em Barretos com sess\u00f5es de cinema movido a energia solar, pipoca e atra\u00e7\u00f5es de gra\u00e7a para todos - Regi\u00e3o News\",\"isPartOf\":{\"@id\":\"https:\\\/\\\/regiaonews.net.br\\\/2022\\\/#website\"},\"primaryImageOfPage\":{\"@id\":\"https:\\\/\\\/regiaonews.net.br\\\/2022\\\/2024\\\/03\\\/11\\\/furgao-do-cinesolar-estaciona-em-barretos-com-sessoes-de-cinema-movido-a-energia-solar-pipoca-e-atracoes-de-graca-para-todos\\\/#primaryimage\"},\"image\":{\"@id\":\"https:\\\/\\\/regiaonews.net.br\\\/2022\\\/2024\\\/03\\\/11\\\/furgao-do-cinesolar-estaciona-em-barretos-com-sessoes-de-cinema-movido-a-energia-solar-pipoca-e-atracoes-de-graca-para-todos\\\/#primaryimage\"},\"thumbnailUrl\":\"https:\\\/\\\/regiaonews.net.br\\\/2022\\\/wp-content\\\/uploads\\\/2024\\\/03\\\/CPFL_CAMARGO_RS_221123_ThainaTibana_CINESOLAR-45.jpg\",\"datePublished\":\"2024-03-11T20:27:50+00:00\",\"breadcrumb\":{\"@id\":\"https:\\\/\\\/regiaonews.net.br\\\/2022\\\/2024\\\/03\\\/11\\\/furgao-do-cinesolar-estaciona-em-barretos-com-sessoes-de-cinema-movido-a-energia-solar-pipoca-e-atracoes-de-graca-para-todos\\\/#breadcrumb\"},\"inLanguage\":\"pt-BR\",\"potentialAction\":[{\"@type\":\"ReadAction\",\"target\":[\"https:\\\/\\\/regiaonews.net.br\\\/2022\\\/2024\\\/03\\\/11\\\/furgao-do-cinesolar-estaciona-em-barretos-com-sessoes-de-cinema-movido-a-energia-solar-pipoca-e-atracoes-de-graca-para-todos\\\/\"]}]},{\"@type\":\"ImageObject\",\"inLanguage\":\"pt-BR\",\"@id\":\"https:\\\/\\\/regiaonews.net.br\\\/2022\\\/2024\\\/03\\\/11\\\/furgao-do-cinesolar-estaciona-em-barretos-com-sessoes-de-cinema-movido-a-energia-solar-pipoca-e-atracoes-de-graca-para-todos\\\/#primaryimage\",\"url\":\"https:\\\/\\\/regiaonews.net.br\\\/2022\\\/wp-content\\\/uploads\\\/2024\\\/03\\\/CPFL_CAMARGO_RS_221123_ThainaTibana_CINESOLAR-45.jpg\",\"contentUrl\":\"https:\\\/\\\/regiaonews.net.br\\\/2022\\\/wp-content\\\/uploads\\\/2024\\\/03\\\/CPFL_CAMARGO_RS_221123_ThainaTibana_CINESOLAR-45.jpg\",\"width\":2048,\"height\":1150},{\"@type\":\"BreadcrumbList\",\"@id\":\"https:\\\/\\\/regiaonews.net.br\\\/2022\\\/2024\\\/03\\\/11\\\/furgao-do-cinesolar-estaciona-em-barretos-com-sessoes-de-cinema-movido-a-energia-solar-pipoca-e-atracoes-de-graca-para-todos\\\/#breadcrumb\",\"itemListElement\":[{\"@type\":\"ListItem\",\"position\":1,\"name\":\"In\u00edcio\",\"item\":\"https:\\\/\\\/regiaonews.net.br\\\/2022\\\/\"},{\"@type\":\"ListItem\",\"position\":2,\"name\":\"Furg\u00e3o do CineSolar estaciona em Barretos com sess\u00f5es de cinema movido a energia solar, pipoca e atra\u00e7\u00f5es de gra\u00e7a para todos\"}]},{\"@type\":\"WebSite\",\"@id\":\"https:\\\/\\\/regiaonews.net.br\\\/2022\\\/#website\",\"url\":\"https:\\\/\\\/regiaonews.net.br\\\/2022\\\/\",\"name\":\"Regi\u00e3o News\",\"description\":\"Site de Not\u00edcias de Barretos e regi\u00e3o\",\"publisher\":{\"@id\":\"https:\\\/\\\/regiaonews.net.br\\\/2022\\\/#organization\"},\"potentialAction\":[{\"@type\":\"SearchAction\",\"target\":{\"@type\":\"EntryPoint\",\"urlTemplate\":\"https:\\\/\\\/regiaonews.net.br\\\/2022\\\/?s={search_term_string}\"},\"query-input\":{\"@type\":\"PropertyValueSpecification\",\"valueRequired\":true,\"valueName\":\"search_term_string\"}}],\"inLanguage\":\"pt-BR\"},{\"@type\":\"Organization\",\"@id\":\"https:\\\/\\\/regiaonews.net.br\\\/2022\\\/#organization\",\"name\":\"Regi\u00e3o News\",\"url\":\"https:\\\/\\\/regiaonews.net.br\\\/2022\\\/\",\"logo\":{\"@type\":\"ImageObject\",\"inLanguage\":\"pt-BR\",\"@id\":\"https:\\\/\\\/regiaonews.net.br\\\/2022\\\/#\\\/schema\\\/logo\\\/image\\\/\",\"url\":\"https:\\\/\\\/regiaonews.net.br\\\/2022\\\/wp-content\\\/uploads\\\/2026\\\/03\\\/regiao-13-anos-scaled.jpg\",\"contentUrl\":\"https:\\\/\\\/regiaonews.net.br\\\/2022\\\/wp-content\\\/uploads\\\/2026\\\/03\\\/regiao-13-anos-scaled.jpg\",\"width\":2560,\"height\":635,\"caption\":\"Regi\u00e3o News\"},\"image\":{\"@id\":\"https:\\\/\\\/regiaonews.net.br\\\/2022\\\/#\\\/schema\\\/logo\\\/image\\\/\"}},{\"@type\":\"Person\",\"@id\":\"https:\\\/\\\/regiaonews.net.br\\\/2022\\\/#\\\/schema\\\/person\\\/2d205a608a5aa97ac279d7a5e6d89ad8\",\"name\":\"Roberto\",\"image\":{\"@type\":\"ImageObject\",\"inLanguage\":\"pt-BR\",\"@id\":\"https:\\\/\\\/secure.gravatar.com\\\/avatar\\\/42749d8b712ff9d59ca93dc150494e5b55a44134482993f5baeb97e61b7ecc89?s=96&d=mm&r=g\",\"url\":\"https:\\\/\\\/secure.gravatar.com\\\/avatar\\\/42749d8b712ff9d59ca93dc150494e5b55a44134482993f5baeb97e61b7ecc89?s=96&d=mm&r=g\",\"contentUrl\":\"https:\\\/\\\/secure.gravatar.com\\\/avatar\\\/42749d8b712ff9d59ca93dc150494e5b55a44134482993f5baeb97e61b7ecc89?s=96&d=mm&r=g\",\"caption\":\"Roberto\"},\"url\":\"https:\\\/\\\/regiaonews.net.br\\\/2022\\\/author\\\/roberto\\\/\"}]}<\/script>\n<!-- \/ Yoast SEO plugin. -->","yoast_head_json":{"title":"Furg\u00e3o do CineSolar estaciona em Barretos com sess\u00f5es de cinema movido a energia solar, pipoca e atra\u00e7\u00f5es de gra\u00e7a para todos - Regi\u00e3o News","robots":{"index":"index","follow":"follow","max-snippet":"max-snippet:-1","max-image-preview":"max-image-preview:large","max-video-preview":"max-video-preview:-1"},"canonical":"https:\/\/regiaonews.net.br\/2022\/2024\/03\/11\/furgao-do-cinesolar-estaciona-em-barretos-com-sessoes-de-cinema-movido-a-energia-solar-pipoca-e-atracoes-de-graca-para-todos\/","og_locale":"pt_BR","og_type":"article","og_title":"Furg\u00e3o do CineSolar estaciona em Barretos com sess\u00f5es de cinema movido a energia solar, pipoca e atra\u00e7\u00f5es de gra\u00e7a para todos - Regi\u00e3o News","og_description":"O primeiro cinema itinerante movido a energia solar do Brasil","og_url":"https:\/\/regiaonews.net.br\/2022\/2024\/03\/11\/furgao-do-cinesolar-estaciona-em-barretos-com-sessoes-de-cinema-movido-a-energia-solar-pipoca-e-atracoes-de-graca-para-todos\/","og_site_name":"Regi\u00e3o News","article_published_time":"2024-03-11T20:27:50+00:00","og_image":[{"width":2048,"height":1150,"url":"https:\/\/regiaonews.net.br\/2022\/wp-content\/uploads\/2024\/03\/CPFL_CAMARGO_RS_221123_ThainaTibana_CINESOLAR-45.jpg","type":"image\/jpeg"}],"author":"Roberto","twitter_card":"summary_large_image","twitter_misc":{"Escrito por":"Roberto","Est. tempo de leitura":"7 minutos"},"schema":{"@context":"https:\/\/schema.org","@graph":[{"@type":"Article","@id":"https:\/\/regiaonews.net.br\/2022\/2024\/03\/11\/furgao-do-cinesolar-estaciona-em-barretos-com-sessoes-de-cinema-movido-a-energia-solar-pipoca-e-atracoes-de-graca-para-todos\/#article","isPartOf":{"@id":"https:\/\/regiaonews.net.br\/2022\/2024\/03\/11\/furgao-do-cinesolar-estaciona-em-barretos-com-sessoes-de-cinema-movido-a-energia-solar-pipoca-e-atracoes-de-graca-para-todos\/"},"author":{"name":"Roberto","@id":"https:\/\/regiaonews.net.br\/2022\/#\/schema\/person\/2d205a608a5aa97ac279d7a5e6d89ad8"},"headline":"Furg\u00e3o do CineSolar estaciona em Barretos com sess\u00f5es de cinema movido a energia solar, pipoca e atra\u00e7\u00f5es de gra\u00e7a para todos","datePublished":"2024-03-11T20:27:50+00:00","mainEntityOfPage":{"@id":"https:\/\/regiaonews.net.br\/2022\/2024\/03\/11\/furgao-do-cinesolar-estaciona-em-barretos-com-sessoes-de-cinema-movido-a-energia-solar-pipoca-e-atracoes-de-graca-para-todos\/"},"wordCount":1357,"commentCount":0,"publisher":{"@id":"https:\/\/regiaonews.net.br\/2022\/#organization"},"image":{"@id":"https:\/\/regiaonews.net.br\/2022\/2024\/03\/11\/furgao-do-cinesolar-estaciona-em-barretos-com-sessoes-de-cinema-movido-a-energia-solar-pipoca-e-atracoes-de-graca-para-todos\/#primaryimage"},"thumbnailUrl":"https:\/\/regiaonews.net.br\/2022\/wp-content\/uploads\/2024\/03\/CPFL_CAMARGO_RS_221123_ThainaTibana_CINESOLAR-45.jpg","articleSection":["Barretos","Geral"],"inLanguage":"pt-BR","potentialAction":[{"@type":"CommentAction","name":"Comment","target":["https:\/\/regiaonews.net.br\/2022\/2024\/03\/11\/furgao-do-cinesolar-estaciona-em-barretos-com-sessoes-de-cinema-movido-a-energia-solar-pipoca-e-atracoes-de-graca-para-todos\/#respond"]}]},{"@type":"WebPage","@id":"https:\/\/regiaonews.net.br\/2022\/2024\/03\/11\/furgao-do-cinesolar-estaciona-em-barretos-com-sessoes-de-cinema-movido-a-energia-solar-pipoca-e-atracoes-de-graca-para-todos\/","url":"https:\/\/regiaonews.net.br\/2022\/2024\/03\/11\/furgao-do-cinesolar-estaciona-em-barretos-com-sessoes-de-cinema-movido-a-energia-solar-pipoca-e-atracoes-de-graca-para-todos\/","name":"Furg\u00e3o do CineSolar estaciona em Barretos com sess\u00f5es de cinema movido a energia solar, pipoca e atra\u00e7\u00f5es de gra\u00e7a para todos - Regi\u00e3o News","isPartOf":{"@id":"https:\/\/regiaonews.net.br\/2022\/#website"},"primaryImageOfPage":{"@id":"https:\/\/regiaonews.net.br\/2022\/2024\/03\/11\/furgao-do-cinesolar-estaciona-em-barretos-com-sessoes-de-cinema-movido-a-energia-solar-pipoca-e-atracoes-de-graca-para-todos\/#primaryimage"},"image":{"@id":"https:\/\/regiaonews.net.br\/2022\/2024\/03\/11\/furgao-do-cinesolar-estaciona-em-barretos-com-sessoes-de-cinema-movido-a-energia-solar-pipoca-e-atracoes-de-graca-para-todos\/#primaryimage"},"thumbnailUrl":"https:\/\/regiaonews.net.br\/2022\/wp-content\/uploads\/2024\/03\/CPFL_CAMARGO_RS_221123_ThainaTibana_CINESOLAR-45.jpg","datePublished":"2024-03-11T20:27:50+00:00","breadcrumb":{"@id":"https:\/\/regiaonews.net.br\/2022\/2024\/03\/11\/furgao-do-cinesolar-estaciona-em-barretos-com-sessoes-de-cinema-movido-a-energia-solar-pipoca-e-atracoes-de-graca-para-todos\/#breadcrumb"},"inLanguage":"pt-BR","potentialAction":[{"@type":"ReadAction","target":["https:\/\/regiaonews.net.br\/2022\/2024\/03\/11\/furgao-do-cinesolar-estaciona-em-barretos-com-sessoes-de-cinema-movido-a-energia-solar-pipoca-e-atracoes-de-graca-para-todos\/"]}]},{"@type":"ImageObject","inLanguage":"pt-BR","@id":"https:\/\/regiaonews.net.br\/2022\/2024\/03\/11\/furgao-do-cinesolar-estaciona-em-barretos-com-sessoes-de-cinema-movido-a-energia-solar-pipoca-e-atracoes-de-graca-para-todos\/#primaryimage","url":"https:\/\/regiaonews.net.br\/2022\/wp-content\/uploads\/2024\/03\/CPFL_CAMARGO_RS_221123_ThainaTibana_CINESOLAR-45.jpg","contentUrl":"https:\/\/regiaonews.net.br\/2022\/wp-content\/uploads\/2024\/03\/CPFL_CAMARGO_RS_221123_ThainaTibana_CINESOLAR-45.jpg","width":2048,"height":1150},{"@type":"BreadcrumbList","@id":"https:\/\/regiaonews.net.br\/2022\/2024\/03\/11\/furgao-do-cinesolar-estaciona-em-barretos-com-sessoes-de-cinema-movido-a-energia-solar-pipoca-e-atracoes-de-graca-para-todos\/#breadcrumb","itemListElement":[{"@type":"ListItem","position":1,"name":"In\u00edcio","item":"https:\/\/regiaonews.net.br\/2022\/"},{"@type":"ListItem","position":2,"name":"Furg\u00e3o do CineSolar estaciona em Barretos com sess\u00f5es de cinema movido a energia solar, pipoca e atra\u00e7\u00f5es de gra\u00e7a para todos"}]},{"@type":"WebSite","@id":"https:\/\/regiaonews.net.br\/2022\/#website","url":"https:\/\/regiaonews.net.br\/2022\/","name":"Regi\u00e3o News","description":"Site de Not\u00edcias de Barretos e regi\u00e3o","publisher":{"@id":"https:\/\/regiaonews.net.br\/2022\/#organization"},"potentialAction":[{"@type":"SearchAction","target":{"@type":"EntryPoint","urlTemplate":"https:\/\/regiaonews.net.br\/2022\/?s={search_term_string}"},"query-input":{"@type":"PropertyValueSpecification","valueRequired":true,"valueName":"search_term_string"}}],"inLanguage":"pt-BR"},{"@type":"Organization","@id":"https:\/\/regiaonews.net.br\/2022\/#organization","name":"Regi\u00e3o News","url":"https:\/\/regiaonews.net.br\/2022\/","logo":{"@type":"ImageObject","inLanguage":"pt-BR","@id":"https:\/\/regiaonews.net.br\/2022\/#\/schema\/logo\/image\/","url":"https:\/\/regiaonews.net.br\/2022\/wp-content\/uploads\/2026\/03\/regiao-13-anos-scaled.jpg","contentUrl":"https:\/\/regiaonews.net.br\/2022\/wp-content\/uploads\/2026\/03\/regiao-13-anos-scaled.jpg","width":2560,"height":635,"caption":"Regi\u00e3o News"},"image":{"@id":"https:\/\/regiaonews.net.br\/2022\/#\/schema\/logo\/image\/"}},{"@type":"Person","@id":"https:\/\/regiaonews.net.br\/2022\/#\/schema\/person\/2d205a608a5aa97ac279d7a5e6d89ad8","name":"Roberto","image":{"@type":"ImageObject","inLanguage":"pt-BR","@id":"https:\/\/secure.gravatar.com\/avatar\/42749d8b712ff9d59ca93dc150494e5b55a44134482993f5baeb97e61b7ecc89?s=96&d=mm&r=g","url":"https:\/\/secure.gravatar.com\/avatar\/42749d8b712ff9d59ca93dc150494e5b55a44134482993f5baeb97e61b7ecc89?s=96&d=mm&r=g","contentUrl":"https:\/\/secure.gravatar.com\/avatar\/42749d8b712ff9d59ca93dc150494e5b55a44134482993f5baeb97e61b7ecc89?s=96&d=mm&r=g","caption":"Roberto"},"url":"https:\/\/regiaonews.net.br\/2022\/author\/roberto\/"}]}},"publishpress_future_action":{"enabled":false,"date":"2026-05-03 10:53:38","action":"change-status","newStatus":"draft","terms":[],"taxonomy":"category","extraData":[]},"publishpress_future_workflow_manual_trigger":{"enabledWorkflows":[]},"_links":{"self":[{"href":"https:\/\/regiaonews.net.br\/2022\/wp-json\/wp\/v2\/posts\/102279","targetHints":{"allow":["GET"]}}],"collection":[{"href":"https:\/\/regiaonews.net.br\/2022\/wp-json\/wp\/v2\/posts"}],"about":[{"href":"https:\/\/regiaonews.net.br\/2022\/wp-json\/wp\/v2\/types\/post"}],"author":[{"embeddable":true,"href":"https:\/\/regiaonews.net.br\/2022\/wp-json\/wp\/v2\/users\/2"}],"replies":[{"embeddable":true,"href":"https:\/\/regiaonews.net.br\/2022\/wp-json\/wp\/v2\/comments?post=102279"}],"version-history":[{"count":1,"href":"https:\/\/regiaonews.net.br\/2022\/wp-json\/wp\/v2\/posts\/102279\/revisions"}],"predecessor-version":[{"id":102281,"href":"https:\/\/regiaonews.net.br\/2022\/wp-json\/wp\/v2\/posts\/102279\/revisions\/102281"}],"wp:featuredmedia":[{"embeddable":true,"href":"https:\/\/regiaonews.net.br\/2022\/wp-json\/wp\/v2\/media\/102280"}],"wp:attachment":[{"href":"https:\/\/regiaonews.net.br\/2022\/wp-json\/wp\/v2\/media?parent=102279"}],"wp:term":[{"taxonomy":"category","embeddable":true,"href":"https:\/\/regiaonews.net.br\/2022\/wp-json\/wp\/v2\/categories?post=102279"},{"taxonomy":"post_tag","embeddable":true,"href":"https:\/\/regiaonews.net.br\/2022\/wp-json\/wp\/v2\/tags?post=102279"}],"curies":[{"name":"wp","href":"https:\/\/api.w.org\/{rel}","templated":true}]}}