{"id":102276,"date":"2024-03-11T13:24:22","date_gmt":"2024-03-11T16:24:22","guid":{"rendered":"https:\/\/regiaonews.net.br\/2022\/?p=102276"},"modified":"2024-03-11T13:24:22","modified_gmt":"2024-03-11T16:24:22","slug":"barretenses-reconhecem-o-turismo-como-um-pilar-de-desenvolvimento-da-cidade","status":"publish","type":"post","link":"https:\/\/regiaonews.net.br\/2022\/2024\/03\/11\/barretenses-reconhecem-o-turismo-como-um-pilar-de-desenvolvimento-da-cidade\/","title":{"rendered":"Barretenses reconhecem o turismo como um pilar de desenvolvimento da cidade"},"content":{"rendered":"<h3 style=\"text-align: center;\">Entre os cinco munic\u00edpios com maior participa\u00e7\u00e3o popular em pesquisa de percep\u00e7\u00e3o do setor, realizada pelo Governo do Estado, Barretos se destaca na edi\u00e7\u00e3o 2023-2024 do estudo<\/h3>\n<p>O Centro de Intelig\u00eancia da Economia do Turismo (CIET) da Secretaria de Turismo e Viagens do Estado de S\u00e3o Paulo (SETUR-SP) divulgou o balan\u00e7o da \u201cPesquisa de Percep\u00e7\u00e3o do Turismo nos Munic\u00edpios 2023-2024\u201d. Das 325 cidades participantes, a Est\u00e2ncia Tur\u00edstica de Barretos se destaca entre os cinco munic\u00edpios em que a popula\u00e7\u00e3o mais contribuiu respondendo a pesquisa, juntamente com Guaruj\u00e1, S\u00e3o Vicente, Ribeir\u00e3o Preto e Caraguatatuba.<\/p>\n<p>O t\u00e9cnico em Turismo da Secretaria Municipal de Turismo (Setur Barretos) e presidente do Conselho Municipal de Turismo (Comtur) de Barretos Paulo Cesar Lopes (o Paulinho 1001) ressaltou que a expressiva participa\u00e7\u00e3o da popula\u00e7\u00e3o permitiu que Barretos atingisse o n\u00famero suficiente de respostas para serem gerados dados individualizados sobre o munic\u00edpio na pesquisa.<\/p>\n<p>A equipe da Setur Barretos destacou que mais de 75% dos 561 barretenses que responderam o formul\u00e1rio indicaram que o turismo \u00e9 bom para a cidade, para a regi\u00e3o e para a popula\u00e7\u00e3o, al\u00e9m de criar empregos para as pessoas locais. A pesquisa mostrou tamb\u00e9m que 72% das pessoas querem que o munic\u00edpio tenha mais visitantes na temporada de ver\u00e3o e 63% desejam que Barretos atraia ainda mais visitantes no inverno; 69% apontaram ainda que gostariam que o munic\u00edpio tenha mais visitantes nas festas de fim de ano.<\/p>\n<p>Realizada por meio de um formul\u00e1rio online, a pesquisa contou com 22.902 participantes, de 325 munic\u00edpios paulistas, que responderam o formul\u00e1rio com as 26 perguntas de opini\u00e3o durante o per\u00edodo de 13 de novembro de 2023 a 4 de fevereiro de 2024. Com um n\u00edvel de confian\u00e7a de 99% e uma margem de erro de 0,85 pontos percentuais para mais ou para menos.<\/p>\n<p>Este \u00e9 o quarto ano consecutivo em que a pesquisa de Percep\u00e7\u00e3o do Turismo \u00e9 realizada. O CIET destaca que o levantamento fornece uma base s\u00f3lida para os gestores de turismo estaduais e municipais avaliarem a satisfa\u00e7\u00e3o local com o turismo. Al\u00e9m de permitir uma compreens\u00e3o mais profunda das percep\u00e7\u00f5es dos habitantes sobre os impactos socioculturais, ambientais e econ\u00f4micos do turismo, visando garantir um crescimento sustent\u00e1vel alinhado aos valores da popula\u00e7\u00e3o do Estado de S\u00e3o Paulo.<\/p>\n<p>\u201cA conquista do quinto lugar nesta pesquisa reflete n\u00e3o apenas o potencial tur\u00edstico de Barretos, mas tamb\u00e9m o compromisso cont\u00ednuo da cidade em promover uma experi\u00eancia tur\u00edstica positiva e sustent\u00e1vel para seus habitantes e visitantes\u201d, destacou o secret\u00e1rio da pasta na Est\u00e2ncia Tur\u00edstica de Barretos, Cuiabano Lima.<\/p>\n<p>Para mais informa\u00e7\u00f5es sobre os resultados completos da Pesquisa de Percep\u00e7\u00e3o do Turismo, os interessados podem acessar o relat\u00f3rio no site oficial da SETUR-SP:<br \/>\nhttps:\/\/www.turismo.sp.gov.br\/pesquisa-de-percepcao-do-turismo-2023-2024<\/p>\n<p>Assimp-154-2024<br \/>\nReda\u00e7\u00e3o: Assessoria\u00a0de\u00a0Imprensa<\/p>\n","protected":false},"excerpt":{"rendered":"<p>Entre os cinco munic\u00edpios com maior participa\u00e7\u00e3o popular em pesquisa<\/p>\n","protected":false},"author":2,"featured_media":102277,"comment_status":"open","ping_status":"open","sticky":false,"template":"","format":"standard","meta":{"footnotes":""},"categories":[14,3],"tags":[],"class_list":["post-102276","post","type-post","status-publish","format-standard","has-post-thumbnail","hentry","category-barretos","category-geral"],"yoast_head":"<!-- This site is optimized with the Yoast SEO plugin v27.4 - https:\/\/yoast.com\/product\/yoast-seo-wordpress\/ -->\n<title>Barretenses reconhecem o turismo como um pilar de desenvolvimento da cidade - Regi\u00e3o News<\/title>\n<meta name=\"robots\" content=\"index, follow, max-snippet:-1, max-image-preview:large, max-video-preview:-1\" \/>\n<link rel=\"canonical\" href=\"https:\/\/regiaonews.net.br\/2022\/2024\/03\/11\/barretenses-reconhecem-o-turismo-como-um-pilar-de-desenvolvimento-da-cidade\/\" \/>\n<meta property=\"og:locale\" content=\"pt_BR\" \/>\n<meta property=\"og:type\" content=\"article\" \/>\n<meta property=\"og:title\" content=\"Barretenses reconhecem o turismo como um pilar de desenvolvimento da cidade - Regi\u00e3o News\" \/>\n<meta property=\"og:description\" content=\"Entre os cinco munic\u00edpios com maior participa\u00e7\u00e3o popular em pesquisa\" \/>\n<meta property=\"og:url\" content=\"https:\/\/regiaonews.net.br\/2022\/2024\/03\/11\/barretenses-reconhecem-o-turismo-como-um-pilar-de-desenvolvimento-da-cidade\/\" \/>\n<meta property=\"og:site_name\" content=\"Regi\u00e3o News\" \/>\n<meta property=\"article:published_time\" content=\"2024-03-11T16:24:22+00:00\" \/>\n<meta property=\"og:image\" content=\"https:\/\/regiaonews.net.br\/2022\/wp-content\/uploads\/2024\/03\/Imagem-do-WhatsApp-de-2024-03-11-as-10.37.33_e0dab4c4.jpg\" \/>\n\t<meta property=\"og:image:width\" content=\"1600\" \/>\n\t<meta property=\"og:image:height\" content=\"1068\" \/>\n\t<meta property=\"og:image:type\" content=\"image\/jpeg\" \/>\n<meta name=\"author\" content=\"Roberto\" \/>\n<meta name=\"twitter:card\" content=\"summary_large_image\" \/>\n<meta name=\"twitter:label1\" content=\"Escrito por\" \/>\n\t<meta name=\"twitter:data1\" content=\"Roberto\" \/>\n\t<meta name=\"twitter:label2\" content=\"Est. tempo de leitura\" \/>\n\t<meta name=\"twitter:data2\" content=\"3 minutos\" \/>\n<script type=\"application\/ld+json\" class=\"yoast-schema-graph\">{\"@context\":\"https:\\\/\\\/schema.org\",\"@graph\":[{\"@type\":\"Article\",\"@id\":\"https:\\\/\\\/regiaonews.net.br\\\/2022\\\/2024\\\/03\\\/11\\\/barretenses-reconhecem-o-turismo-como-um-pilar-de-desenvolvimento-da-cidade\\\/#article\",\"isPartOf\":{\"@id\":\"https:\\\/\\\/regiaonews.net.br\\\/2022\\\/2024\\\/03\\\/11\\\/barretenses-reconhecem-o-turismo-como-um-pilar-de-desenvolvimento-da-cidade\\\/\"},\"author\":{\"name\":\"Roberto\",\"@id\":\"https:\\\/\\\/regiaonews.net.br\\\/2022\\\/#\\\/schema\\\/person\\\/2d205a608a5aa97ac279d7a5e6d89ad8\"},\"headline\":\"Barretenses reconhecem o turismo como um pilar de desenvolvimento da cidade\",\"datePublished\":\"2024-03-11T16:24:22+00:00\",\"mainEntityOfPage\":{\"@id\":\"https:\\\/\\\/regiaonews.net.br\\\/2022\\\/2024\\\/03\\\/11\\\/barretenses-reconhecem-o-turismo-como-um-pilar-de-desenvolvimento-da-cidade\\\/\"},\"wordCount\":509,\"commentCount\":0,\"publisher\":{\"@id\":\"https:\\\/\\\/regiaonews.net.br\\\/2022\\\/#organization\"},\"image\":{\"@id\":\"https:\\\/\\\/regiaonews.net.br\\\/2022\\\/2024\\\/03\\\/11\\\/barretenses-reconhecem-o-turismo-como-um-pilar-de-desenvolvimento-da-cidade\\\/#primaryimage\"},\"thumbnailUrl\":\"https:\\\/\\\/regiaonews.net.br\\\/2022\\\/wp-content\\\/uploads\\\/2024\\\/03\\\/Imagem-do-WhatsApp-de-2024-03-11-as-10.37.33_e0dab4c4.jpg\",\"articleSection\":[\"Barretos\",\"Geral\"],\"inLanguage\":\"pt-BR\",\"potentialAction\":[{\"@type\":\"CommentAction\",\"name\":\"Comment\",\"target\":[\"https:\\\/\\\/regiaonews.net.br\\\/2022\\\/2024\\\/03\\\/11\\\/barretenses-reconhecem-o-turismo-como-um-pilar-de-desenvolvimento-da-cidade\\\/#respond\"]}]},{\"@type\":\"WebPage\",\"@id\":\"https:\\\/\\\/regiaonews.net.br\\\/2022\\\/2024\\\/03\\\/11\\\/barretenses-reconhecem-o-turismo-como-um-pilar-de-desenvolvimento-da-cidade\\\/\",\"url\":\"https:\\\/\\\/regiaonews.net.br\\\/2022\\\/2024\\\/03\\\/11\\\/barretenses-reconhecem-o-turismo-como-um-pilar-de-desenvolvimento-da-cidade\\\/\",\"name\":\"Barretenses reconhecem o turismo como um pilar de desenvolvimento da cidade - Regi\u00e3o News\",\"isPartOf\":{\"@id\":\"https:\\\/\\\/regiaonews.net.br\\\/2022\\\/#website\"},\"primaryImageOfPage\":{\"@id\":\"https:\\\/\\\/regiaonews.net.br\\\/2022\\\/2024\\\/03\\\/11\\\/barretenses-reconhecem-o-turismo-como-um-pilar-de-desenvolvimento-da-cidade\\\/#primaryimage\"},\"image\":{\"@id\":\"https:\\\/\\\/regiaonews.net.br\\\/2022\\\/2024\\\/03\\\/11\\\/barretenses-reconhecem-o-turismo-como-um-pilar-de-desenvolvimento-da-cidade\\\/#primaryimage\"},\"thumbnailUrl\":\"https:\\\/\\\/regiaonews.net.br\\\/2022\\\/wp-content\\\/uploads\\\/2024\\\/03\\\/Imagem-do-WhatsApp-de-2024-03-11-as-10.37.33_e0dab4c4.jpg\",\"datePublished\":\"2024-03-11T16:24:22+00:00\",\"breadcrumb\":{\"@id\":\"https:\\\/\\\/regiaonews.net.br\\\/2022\\\/2024\\\/03\\\/11\\\/barretenses-reconhecem-o-turismo-como-um-pilar-de-desenvolvimento-da-cidade\\\/#breadcrumb\"},\"inLanguage\":\"pt-BR\",\"potentialAction\":[{\"@type\":\"ReadAction\",\"target\":[\"https:\\\/\\\/regiaonews.net.br\\\/2022\\\/2024\\\/03\\\/11\\\/barretenses-reconhecem-o-turismo-como-um-pilar-de-desenvolvimento-da-cidade\\\/\"]}]},{\"@type\":\"ImageObject\",\"inLanguage\":\"pt-BR\",\"@id\":\"https:\\\/\\\/regiaonews.net.br\\\/2022\\\/2024\\\/03\\\/11\\\/barretenses-reconhecem-o-turismo-como-um-pilar-de-desenvolvimento-da-cidade\\\/#primaryimage\",\"url\":\"https:\\\/\\\/regiaonews.net.br\\\/2022\\\/wp-content\\\/uploads\\\/2024\\\/03\\\/Imagem-do-WhatsApp-de-2024-03-11-as-10.37.33_e0dab4c4.jpg\",\"contentUrl\":\"https:\\\/\\\/regiaonews.net.br\\\/2022\\\/wp-content\\\/uploads\\\/2024\\\/03\\\/Imagem-do-WhatsApp-de-2024-03-11-as-10.37.33_e0dab4c4.jpg\",\"width\":1600,\"height\":1068},{\"@type\":\"BreadcrumbList\",\"@id\":\"https:\\\/\\\/regiaonews.net.br\\\/2022\\\/2024\\\/03\\\/11\\\/barretenses-reconhecem-o-turismo-como-um-pilar-de-desenvolvimento-da-cidade\\\/#breadcrumb\",\"itemListElement\":[{\"@type\":\"ListItem\",\"position\":1,\"name\":\"In\u00edcio\",\"item\":\"https:\\\/\\\/regiaonews.net.br\\\/2022\\\/\"},{\"@type\":\"ListItem\",\"position\":2,\"name\":\"Barretenses reconhecem o turismo como um pilar de desenvolvimento da cidade\"}]},{\"@type\":\"WebSite\",\"@id\":\"https:\\\/\\\/regiaonews.net.br\\\/2022\\\/#website\",\"url\":\"https:\\\/\\\/regiaonews.net.br\\\/2022\\\/\",\"name\":\"Regi\u00e3o News\",\"description\":\"Site de Not\u00edcias de Barretos e regi\u00e3o\",\"publisher\":{\"@id\":\"https:\\\/\\\/regiaonews.net.br\\\/2022\\\/#organization\"},\"potentialAction\":[{\"@type\":\"SearchAction\",\"target\":{\"@type\":\"EntryPoint\",\"urlTemplate\":\"https:\\\/\\\/regiaonews.net.br\\\/2022\\\/?s={search_term_string}\"},\"query-input\":{\"@type\":\"PropertyValueSpecification\",\"valueRequired\":true,\"valueName\":\"search_term_string\"}}],\"inLanguage\":\"pt-BR\"},{\"@type\":\"Organization\",\"@id\":\"https:\\\/\\\/regiaonews.net.br\\\/2022\\\/#organization\",\"name\":\"Regi\u00e3o News\",\"url\":\"https:\\\/\\\/regiaonews.net.br\\\/2022\\\/\",\"logo\":{\"@type\":\"ImageObject\",\"inLanguage\":\"pt-BR\",\"@id\":\"https:\\\/\\\/regiaonews.net.br\\\/2022\\\/#\\\/schema\\\/logo\\\/image\\\/\",\"url\":\"https:\\\/\\\/regiaonews.net.br\\\/2022\\\/wp-content\\\/uploads\\\/2026\\\/03\\\/regiao-13-anos-scaled.jpg\",\"contentUrl\":\"https:\\\/\\\/regiaonews.net.br\\\/2022\\\/wp-content\\\/uploads\\\/2026\\\/03\\\/regiao-13-anos-scaled.jpg\",\"width\":2560,\"height\":635,\"caption\":\"Regi\u00e3o News\"},\"image\":{\"@id\":\"https:\\\/\\\/regiaonews.net.br\\\/2022\\\/#\\\/schema\\\/logo\\\/image\\\/\"}},{\"@type\":\"Person\",\"@id\":\"https:\\\/\\\/regiaonews.net.br\\\/2022\\\/#\\\/schema\\\/person\\\/2d205a608a5aa97ac279d7a5e6d89ad8\",\"name\":\"Roberto\",\"image\":{\"@type\":\"ImageObject\",\"inLanguage\":\"pt-BR\",\"@id\":\"https:\\\/\\\/secure.gravatar.com\\\/avatar\\\/42749d8b712ff9d59ca93dc150494e5b55a44134482993f5baeb97e61b7ecc89?s=96&d=mm&r=g\",\"url\":\"https:\\\/\\\/secure.gravatar.com\\\/avatar\\\/42749d8b712ff9d59ca93dc150494e5b55a44134482993f5baeb97e61b7ecc89?s=96&d=mm&r=g\",\"contentUrl\":\"https:\\\/\\\/secure.gravatar.com\\\/avatar\\\/42749d8b712ff9d59ca93dc150494e5b55a44134482993f5baeb97e61b7ecc89?s=96&d=mm&r=g\",\"caption\":\"Roberto\"},\"url\":\"https:\\\/\\\/regiaonews.net.br\\\/2022\\\/author\\\/roberto\\\/\"}]}<\/script>\n<!-- \/ Yoast SEO plugin. -->","yoast_head_json":{"title":"Barretenses reconhecem o turismo como um pilar de desenvolvimento da cidade - Regi\u00e3o News","robots":{"index":"index","follow":"follow","max-snippet":"max-snippet:-1","max-image-preview":"max-image-preview:large","max-video-preview":"max-video-preview:-1"},"canonical":"https:\/\/regiaonews.net.br\/2022\/2024\/03\/11\/barretenses-reconhecem-o-turismo-como-um-pilar-de-desenvolvimento-da-cidade\/","og_locale":"pt_BR","og_type":"article","og_title":"Barretenses reconhecem o turismo como um pilar de desenvolvimento da cidade - Regi\u00e3o News","og_description":"Entre os cinco munic\u00edpios com maior participa\u00e7\u00e3o popular em pesquisa","og_url":"https:\/\/regiaonews.net.br\/2022\/2024\/03\/11\/barretenses-reconhecem-o-turismo-como-um-pilar-de-desenvolvimento-da-cidade\/","og_site_name":"Regi\u00e3o News","article_published_time":"2024-03-11T16:24:22+00:00","og_image":[{"width":1600,"height":1068,"url":"https:\/\/regiaonews.net.br\/2022\/wp-content\/uploads\/2024\/03\/Imagem-do-WhatsApp-de-2024-03-11-as-10.37.33_e0dab4c4.jpg","type":"image\/jpeg"}],"author":"Roberto","twitter_card":"summary_large_image","twitter_misc":{"Escrito por":"Roberto","Est. tempo de leitura":"3 minutos"},"schema":{"@context":"https:\/\/schema.org","@graph":[{"@type":"Article","@id":"https:\/\/regiaonews.net.br\/2022\/2024\/03\/11\/barretenses-reconhecem-o-turismo-como-um-pilar-de-desenvolvimento-da-cidade\/#article","isPartOf":{"@id":"https:\/\/regiaonews.net.br\/2022\/2024\/03\/11\/barretenses-reconhecem-o-turismo-como-um-pilar-de-desenvolvimento-da-cidade\/"},"author":{"name":"Roberto","@id":"https:\/\/regiaonews.net.br\/2022\/#\/schema\/person\/2d205a608a5aa97ac279d7a5e6d89ad8"},"headline":"Barretenses reconhecem o turismo como um pilar de desenvolvimento da cidade","datePublished":"2024-03-11T16:24:22+00:00","mainEntityOfPage":{"@id":"https:\/\/regiaonews.net.br\/2022\/2024\/03\/11\/barretenses-reconhecem-o-turismo-como-um-pilar-de-desenvolvimento-da-cidade\/"},"wordCount":509,"commentCount":0,"publisher":{"@id":"https:\/\/regiaonews.net.br\/2022\/#organization"},"image":{"@id":"https:\/\/regiaonews.net.br\/2022\/2024\/03\/11\/barretenses-reconhecem-o-turismo-como-um-pilar-de-desenvolvimento-da-cidade\/#primaryimage"},"thumbnailUrl":"https:\/\/regiaonews.net.br\/2022\/wp-content\/uploads\/2024\/03\/Imagem-do-WhatsApp-de-2024-03-11-as-10.37.33_e0dab4c4.jpg","articleSection":["Barretos","Geral"],"inLanguage":"pt-BR","potentialAction":[{"@type":"CommentAction","name":"Comment","target":["https:\/\/regiaonews.net.br\/2022\/2024\/03\/11\/barretenses-reconhecem-o-turismo-como-um-pilar-de-desenvolvimento-da-cidade\/#respond"]}]},{"@type":"WebPage","@id":"https:\/\/regiaonews.net.br\/2022\/2024\/03\/11\/barretenses-reconhecem-o-turismo-como-um-pilar-de-desenvolvimento-da-cidade\/","url":"https:\/\/regiaonews.net.br\/2022\/2024\/03\/11\/barretenses-reconhecem-o-turismo-como-um-pilar-de-desenvolvimento-da-cidade\/","name":"Barretenses reconhecem o turismo como um pilar de desenvolvimento da cidade - Regi\u00e3o News","isPartOf":{"@id":"https:\/\/regiaonews.net.br\/2022\/#website"},"primaryImageOfPage":{"@id":"https:\/\/regiaonews.net.br\/2022\/2024\/03\/11\/barretenses-reconhecem-o-turismo-como-um-pilar-de-desenvolvimento-da-cidade\/#primaryimage"},"image":{"@id":"https:\/\/regiaonews.net.br\/2022\/2024\/03\/11\/barretenses-reconhecem-o-turismo-como-um-pilar-de-desenvolvimento-da-cidade\/#primaryimage"},"thumbnailUrl":"https:\/\/regiaonews.net.br\/2022\/wp-content\/uploads\/2024\/03\/Imagem-do-WhatsApp-de-2024-03-11-as-10.37.33_e0dab4c4.jpg","datePublished":"2024-03-11T16:24:22+00:00","breadcrumb":{"@id":"https:\/\/regiaonews.net.br\/2022\/2024\/03\/11\/barretenses-reconhecem-o-turismo-como-um-pilar-de-desenvolvimento-da-cidade\/#breadcrumb"},"inLanguage":"pt-BR","potentialAction":[{"@type":"ReadAction","target":["https:\/\/regiaonews.net.br\/2022\/2024\/03\/11\/barretenses-reconhecem-o-turismo-como-um-pilar-de-desenvolvimento-da-cidade\/"]}]},{"@type":"ImageObject","inLanguage":"pt-BR","@id":"https:\/\/regiaonews.net.br\/2022\/2024\/03\/11\/barretenses-reconhecem-o-turismo-como-um-pilar-de-desenvolvimento-da-cidade\/#primaryimage","url":"https:\/\/regiaonews.net.br\/2022\/wp-content\/uploads\/2024\/03\/Imagem-do-WhatsApp-de-2024-03-11-as-10.37.33_e0dab4c4.jpg","contentUrl":"https:\/\/regiaonews.net.br\/2022\/wp-content\/uploads\/2024\/03\/Imagem-do-WhatsApp-de-2024-03-11-as-10.37.33_e0dab4c4.jpg","width":1600,"height":1068},{"@type":"BreadcrumbList","@id":"https:\/\/regiaonews.net.br\/2022\/2024\/03\/11\/barretenses-reconhecem-o-turismo-como-um-pilar-de-desenvolvimento-da-cidade\/#breadcrumb","itemListElement":[{"@type":"ListItem","position":1,"name":"In\u00edcio","item":"https:\/\/regiaonews.net.br\/2022\/"},{"@type":"ListItem","position":2,"name":"Barretenses reconhecem o turismo como um pilar de desenvolvimento da cidade"}]},{"@type":"WebSite","@id":"https:\/\/regiaonews.net.br\/2022\/#website","url":"https:\/\/regiaonews.net.br\/2022\/","name":"Regi\u00e3o News","description":"Site de Not\u00edcias de Barretos e regi\u00e3o","publisher":{"@id":"https:\/\/regiaonews.net.br\/2022\/#organization"},"potentialAction":[{"@type":"SearchAction","target":{"@type":"EntryPoint","urlTemplate":"https:\/\/regiaonews.net.br\/2022\/?s={search_term_string}"},"query-input":{"@type":"PropertyValueSpecification","valueRequired":true,"valueName":"search_term_string"}}],"inLanguage":"pt-BR"},{"@type":"Organization","@id":"https:\/\/regiaonews.net.br\/2022\/#organization","name":"Regi\u00e3o News","url":"https:\/\/regiaonews.net.br\/2022\/","logo":{"@type":"ImageObject","inLanguage":"pt-BR","@id":"https:\/\/regiaonews.net.br\/2022\/#\/schema\/logo\/image\/","url":"https:\/\/regiaonews.net.br\/2022\/wp-content\/uploads\/2026\/03\/regiao-13-anos-scaled.jpg","contentUrl":"https:\/\/regiaonews.net.br\/2022\/wp-content\/uploads\/2026\/03\/regiao-13-anos-scaled.jpg","width":2560,"height":635,"caption":"Regi\u00e3o News"},"image":{"@id":"https:\/\/regiaonews.net.br\/2022\/#\/schema\/logo\/image\/"}},{"@type":"Person","@id":"https:\/\/regiaonews.net.br\/2022\/#\/schema\/person\/2d205a608a5aa97ac279d7a5e6d89ad8","name":"Roberto","image":{"@type":"ImageObject","inLanguage":"pt-BR","@id":"https:\/\/secure.gravatar.com\/avatar\/42749d8b712ff9d59ca93dc150494e5b55a44134482993f5baeb97e61b7ecc89?s=96&d=mm&r=g","url":"https:\/\/secure.gravatar.com\/avatar\/42749d8b712ff9d59ca93dc150494e5b55a44134482993f5baeb97e61b7ecc89?s=96&d=mm&r=g","contentUrl":"https:\/\/secure.gravatar.com\/avatar\/42749d8b712ff9d59ca93dc150494e5b55a44134482993f5baeb97e61b7ecc89?s=96&d=mm&r=g","caption":"Roberto"},"url":"https:\/\/regiaonews.net.br\/2022\/author\/roberto\/"}]}},"publishpress_future_action":{"enabled":false,"date":"2026-05-03 12:34:57","action":"change-status","newStatus":"draft","terms":[],"taxonomy":"category","extraData":[]},"publishpress_future_workflow_manual_trigger":{"enabledWorkflows":[]},"_links":{"self":[{"href":"https:\/\/regiaonews.net.br\/2022\/wp-json\/wp\/v2\/posts\/102276","targetHints":{"allow":["GET"]}}],"collection":[{"href":"https:\/\/regiaonews.net.br\/2022\/wp-json\/wp\/v2\/posts"}],"about":[{"href":"https:\/\/regiaonews.net.br\/2022\/wp-json\/wp\/v2\/types\/post"}],"author":[{"embeddable":true,"href":"https:\/\/regiaonews.net.br\/2022\/wp-json\/wp\/v2\/users\/2"}],"replies":[{"embeddable":true,"href":"https:\/\/regiaonews.net.br\/2022\/wp-json\/wp\/v2\/comments?post=102276"}],"version-history":[{"count":1,"href":"https:\/\/regiaonews.net.br\/2022\/wp-json\/wp\/v2\/posts\/102276\/revisions"}],"predecessor-version":[{"id":102278,"href":"https:\/\/regiaonews.net.br\/2022\/wp-json\/wp\/v2\/posts\/102276\/revisions\/102278"}],"wp:featuredmedia":[{"embeddable":true,"href":"https:\/\/regiaonews.net.br\/2022\/wp-json\/wp\/v2\/media\/102277"}],"wp:attachment":[{"href":"https:\/\/regiaonews.net.br\/2022\/wp-json\/wp\/v2\/media?parent=102276"}],"wp:term":[{"taxonomy":"category","embeddable":true,"href":"https:\/\/regiaonews.net.br\/2022\/wp-json\/wp\/v2\/categories?post=102276"},{"taxonomy":"post_tag","embeddable":true,"href":"https:\/\/regiaonews.net.br\/2022\/wp-json\/wp\/v2\/tags?post=102276"}],"curies":[{"name":"wp","href":"https:\/\/api.w.org\/{rel}","templated":true}]}}