{"id":102220,"date":"2024-03-08T22:20:14","date_gmt":"2024-03-09T01:20:14","guid":{"rendered":"https:\/\/regiaonews.net.br\/2022\/?p=102220"},"modified":"2024-03-08T22:23:31","modified_gmt":"2024-03-09T01:23:31","slug":"delegacia-regional-do-sinsprev-promove-roda-de-conversa","status":"publish","type":"post","link":"https:\/\/regiaonews.net.br\/2022\/2024\/03\/08\/delegacia-regional-do-sinsprev-promove-roda-de-conversa\/","title":{"rendered":"Delegacia Regional do Sinsprev promove Roda de Conversa"},"content":{"rendered":"<p>O\u00a0 Dia Internacional das Mulheres foi debatido nesta sexta-feira (8), Dia Internacional da Mulher. O evento teve como tema &#8220;Defendendo a Vida das Mulheres e o respeito ao processo de envelhecimento das pessoas&#8221;.<\/p>\n<p>O respeito, integra\u00e7\u00e3o, valoriza\u00e7\u00e3o da vida, conviv\u00eancia, educa\u00e7\u00e3o, sa\u00fade e a\u00a0 qualidade de vida,\u00a0 foram pautados como direitos das pessoas e devem ser tratados como pol\u00edticas p\u00fablicas.<\/p>\n<p>Segundo o diretor do Sinsprev, Cl\u00e1udio Machado, durante o dia foram feitas visitas aos locais de trabalho, onde ocorreram conversas com as trabalhadoras do servi\u00e7o p\u00fablico.<br \/>\nJ\u00e1 na roda de conversa houve a participa\u00e7\u00e3o de estudantes do curso de Psicologia que desenvolvem estudos nas \u00e1reas debatidas, acontecendo uma intensa\u00a0 troca de experi\u00eancias.<\/p>\n<p><a href=\"https:\/\/regiaonews.net.br\/2022\/wp-content\/uploads\/2024\/03\/IMG-20240308-WA0603.jpg\"><img loading=\"lazy\" decoding=\"async\" class=\"alignnone size-medium wp-image-102230\" src=\"https:\/\/regiaonews.net.br\/2022\/wp-content\/uploads\/2024\/03\/IMG-20240308-WA0603-300x225.jpg\" alt=\"\" width=\"300\" height=\"225\" srcset=\"https:\/\/regiaonews.net.br\/2022\/wp-content\/uploads\/2024\/03\/IMG-20240308-WA0603-300x225.jpg 300w, https:\/\/regiaonews.net.br\/2022\/wp-content\/uploads\/2024\/03\/IMG-20240308-WA0603-1024x768.jpg 1024w, https:\/\/regiaonews.net.br\/2022\/wp-content\/uploads\/2024\/03\/IMG-20240308-WA0603-768x576.jpg 768w, https:\/\/regiaonews.net.br\/2022\/wp-content\/uploads\/2024\/03\/IMG-20240308-WA0603-250x188.jpg 250w, https:\/\/regiaonews.net.br\/2022\/wp-content\/uploads\/2024\/03\/IMG-20240308-WA0603-200x150.jpg 200w, https:\/\/regiaonews.net.br\/2022\/wp-content\/uploads\/2024\/03\/IMG-20240308-WA0603.jpg 1280w\" sizes=\"auto, (max-width: 300px) 100vw, 300px\" \/><\/a><a href=\"https:\/\/regiaonews.net.br\/2022\/wp-content\/uploads\/2024\/03\/IMG-20240308-WA0602.jpg\"><img loading=\"lazy\" decoding=\"async\" class=\"alignnone size-medium wp-image-102229\" src=\"https:\/\/regiaonews.net.br\/2022\/wp-content\/uploads\/2024\/03\/IMG-20240308-WA0602-225x300.jpg\" alt=\"\" width=\"225\" height=\"300\" srcset=\"https:\/\/regiaonews.net.br\/2022\/wp-content\/uploads\/2024\/03\/IMG-20240308-WA0602-225x300.jpg 225w, https:\/\/regiaonews.net.br\/2022\/wp-content\/uploads\/2024\/03\/IMG-20240308-WA0602-768x1024.jpg 768w, https:\/\/regiaonews.net.br\/2022\/wp-content\/uploads\/2024\/03\/IMG-20240308-WA0602-250x333.jpg 250w, https:\/\/regiaonews.net.br\/2022\/wp-content\/uploads\/2024\/03\/IMG-20240308-WA0602.jpg 960w\" sizes=\"auto, (max-width: 225px) 100vw, 225px\" \/><\/a><a href=\"https:\/\/regiaonews.net.br\/2022\/wp-content\/uploads\/2024\/03\/IMG-20240308-WA0601.jpg\"><img loading=\"lazy\" decoding=\"async\" class=\"alignnone size-medium wp-image-102228\" src=\"https:\/\/regiaonews.net.br\/2022\/wp-content\/uploads\/2024\/03\/IMG-20240308-WA0601-300x225.jpg\" alt=\"\" width=\"300\" height=\"225\" srcset=\"https:\/\/regiaonews.net.br\/2022\/wp-content\/uploads\/2024\/03\/IMG-20240308-WA0601-300x225.jpg 300w, https:\/\/regiaonews.net.br\/2022\/wp-content\/uploads\/2024\/03\/IMG-20240308-WA0601-1024x768.jpg 1024w, https:\/\/regiaonews.net.br\/2022\/wp-content\/uploads\/2024\/03\/IMG-20240308-WA0601-768x576.jpg 768w, https:\/\/regiaonews.net.br\/2022\/wp-content\/uploads\/2024\/03\/IMG-20240308-WA0601-250x188.jpg 250w, https:\/\/regiaonews.net.br\/2022\/wp-content\/uploads\/2024\/03\/IMG-20240308-WA0601-200x150.jpg 200w, https:\/\/regiaonews.net.br\/2022\/wp-content\/uploads\/2024\/03\/IMG-20240308-WA0601.jpg 1280w\" sizes=\"auto, (max-width: 300px) 100vw, 300px\" \/><\/a><\/p>\n<p><a href=\"https:\/\/regiaonews.net.br\/2022\/wp-content\/uploads\/2024\/03\/IMG-20240308-WA0620.jpg\"><img loading=\"lazy\" decoding=\"async\" class=\"alignnone size-medium wp-image-102221\" src=\"https:\/\/regiaonews.net.br\/2022\/wp-content\/uploads\/2024\/03\/IMG-20240308-WA0620-225x300.jpg\" alt=\"\" width=\"225\" height=\"300\" srcset=\"https:\/\/regiaonews.net.br\/2022\/wp-content\/uploads\/2024\/03\/IMG-20240308-WA0620-225x300.jpg 225w, https:\/\/regiaonews.net.br\/2022\/wp-content\/uploads\/2024\/03\/IMG-20240308-WA0620-769x1024.jpg 769w, https:\/\/regiaonews.net.br\/2022\/wp-content\/uploads\/2024\/03\/IMG-20240308-WA0620-768x1023.jpg 768w, https:\/\/regiaonews.net.br\/2022\/wp-content\/uploads\/2024\/03\/IMG-20240308-WA0620-1153x1536.jpg 1153w, https:\/\/regiaonews.net.br\/2022\/wp-content\/uploads\/2024\/03\/IMG-20240308-WA0620-250x333.jpg 250w, https:\/\/regiaonews.net.br\/2022\/wp-content\/uploads\/2024\/03\/IMG-20240308-WA0620.jpg 1201w\" sizes=\"auto, (max-width: 225px) 100vw, 225px\" \/><\/a><\/p>\n<p><a href=\"https:\/\/regiaonews.net.br\/2022\/wp-content\/uploads\/2024\/03\/IMG-20240308-WA0619.jpg\"><img loading=\"lazy\" decoding=\"async\" class=\"alignnone size-medium wp-image-102222\" src=\"https:\/\/regiaonews.net.br\/2022\/wp-content\/uploads\/2024\/03\/IMG-20240308-WA0619-300x225.jpg\" alt=\"\" width=\"300\" height=\"225\" srcset=\"https:\/\/regiaonews.net.br\/2022\/wp-content\/uploads\/2024\/03\/IMG-20240308-WA0619-300x225.jpg 300w, https:\/\/regiaonews.net.br\/2022\/wp-content\/uploads\/2024\/03\/IMG-20240308-WA0619-1024x769.jpg 1024w, https:\/\/regiaonews.net.br\/2022\/wp-content\/uploads\/2024\/03\/IMG-20240308-WA0619-768x576.jpg 768w, https:\/\/regiaonews.net.br\/2022\/wp-content\/uploads\/2024\/03\/IMG-20240308-WA0619-1536x1153.jpg 1536w, https:\/\/regiaonews.net.br\/2022\/wp-content\/uploads\/2024\/03\/IMG-20240308-WA0619-250x188.jpg 250w, https:\/\/regiaonews.net.br\/2022\/wp-content\/uploads\/2024\/03\/IMG-20240308-WA0619-200x150.jpg 200w, https:\/\/regiaonews.net.br\/2022\/wp-content\/uploads\/2024\/03\/IMG-20240308-WA0619.jpg 1600w\" sizes=\"auto, (max-width: 300px) 100vw, 300px\" \/><\/a><\/p>\n<p><a href=\"https:\/\/regiaonews.net.br\/2022\/wp-content\/uploads\/2024\/03\/IMG-20240308-WA0618.jpg\"><img loading=\"lazy\" decoding=\"async\" class=\"alignnone size-medium wp-image-102223\" src=\"https:\/\/regiaonews.net.br\/2022\/wp-content\/uploads\/2024\/03\/IMG-20240308-WA0618-300x225.jpg\" alt=\"\" width=\"300\" height=\"225\" srcset=\"https:\/\/regiaonews.net.br\/2022\/wp-content\/uploads\/2024\/03\/IMG-20240308-WA0618-300x225.jpg 300w, https:\/\/regiaonews.net.br\/2022\/wp-content\/uploads\/2024\/03\/IMG-20240308-WA0618-1024x769.jpg 1024w, https:\/\/regiaonews.net.br\/2022\/wp-content\/uploads\/2024\/03\/IMG-20240308-WA0618-768x576.jpg 768w, https:\/\/regiaonews.net.br\/2022\/wp-content\/uploads\/2024\/03\/IMG-20240308-WA0618-1536x1153.jpg 1536w, https:\/\/regiaonews.net.br\/2022\/wp-content\/uploads\/2024\/03\/IMG-20240308-WA0618-250x188.jpg 250w, https:\/\/regiaonews.net.br\/2022\/wp-content\/uploads\/2024\/03\/IMG-20240308-WA0618-200x150.jpg 200w, https:\/\/regiaonews.net.br\/2022\/wp-content\/uploads\/2024\/03\/IMG-20240308-WA0618.jpg 1600w\" sizes=\"auto, (max-width: 300px) 100vw, 300px\" \/><\/a><\/p>\n<p><a href=\"https:\/\/regiaonews.net.br\/2022\/wp-content\/uploads\/2024\/03\/IMG-20240308-WA0607.jpg\"><img loading=\"lazy\" decoding=\"async\" class=\"alignnone size-medium wp-image-102225\" src=\"https:\/\/regiaonews.net.br\/2022\/wp-content\/uploads\/2024\/03\/IMG-20240308-WA0607-300x225.jpg\" alt=\"\" width=\"300\" height=\"225\" srcset=\"https:\/\/regiaonews.net.br\/2022\/wp-content\/uploads\/2024\/03\/IMG-20240308-WA0607-300x225.jpg 300w, https:\/\/regiaonews.net.br\/2022\/wp-content\/uploads\/2024\/03\/IMG-20240308-WA0607-1024x769.jpg 1024w, https:\/\/regiaonews.net.br\/2022\/wp-content\/uploads\/2024\/03\/IMG-20240308-WA0607-768x577.jpg 768w, https:\/\/regiaonews.net.br\/2022\/wp-content\/uploads\/2024\/03\/IMG-20240308-WA0607-250x188.jpg 250w, https:\/\/regiaonews.net.br\/2022\/wp-content\/uploads\/2024\/03\/IMG-20240308-WA0607-200x150.jpg 200w, https:\/\/regiaonews.net.br\/2022\/wp-content\/uploads\/2024\/03\/IMG-20240308-WA0607.jpg 1156w\" sizes=\"auto, (max-width: 300px) 100vw, 300px\" \/><\/a><\/p>\n<p><a href=\"https:\/\/regiaonews.net.br\/2022\/wp-content\/uploads\/2024\/03\/IMG-20240308-WA0604.jpg\"><img loading=\"lazy\" decoding=\"async\" class=\"alignnone size-medium wp-image-102231\" src=\"https:\/\/regiaonews.net.br\/2022\/wp-content\/uploads\/2024\/03\/IMG-20240308-WA0604-225x300.jpg\" alt=\"\" width=\"225\" height=\"300\" srcset=\"https:\/\/regiaonews.net.br\/2022\/wp-content\/uploads\/2024\/03\/IMG-20240308-WA0604-225x300.jpg 225w, https:\/\/regiaonews.net.br\/2022\/wp-content\/uploads\/2024\/03\/IMG-20240308-WA0604-768x1024.jpg 768w, https:\/\/regiaonews.net.br\/2022\/wp-content\/uploads\/2024\/03\/IMG-20240308-WA0604-250x333.jpg 250w, https:\/\/regiaonews.net.br\/2022\/wp-content\/uploads\/2024\/03\/IMG-20240308-WA0604.jpg 960w\" sizes=\"auto, (max-width: 225px) 100vw, 225px\" \/><\/a><\/p>\n","protected":false},"excerpt":{"rendered":"<p>O\u00a0 Dia Internacional das Mulheres foi debatido nesta sexta-feira (8),<\/p>\n","protected":false},"author":2,"featured_media":102226,"comment_status":"open","ping_status":"open","sticky":false,"template":"","format":"standard","meta":{"footnotes":""},"categories":[14],"tags":[],"class_list":["post-102220","post","type-post","status-publish","format-standard","has-post-thumbnail","hentry","category-barretos"],"yoast_head":"<!-- This site is optimized with the Yoast SEO plugin v27.4 - https:\/\/yoast.com\/product\/yoast-seo-wordpress\/ -->\n<title>Delegacia Regional do Sinsprev promove Roda de Conversa - Regi\u00e3o News<\/title>\n<meta name=\"robots\" content=\"index, follow, max-snippet:-1, max-image-preview:large, max-video-preview:-1\" \/>\n<link rel=\"canonical\" href=\"https:\/\/regiaonews.net.br\/2022\/2024\/03\/08\/delegacia-regional-do-sinsprev-promove-roda-de-conversa\/\" \/>\n<meta property=\"og:locale\" content=\"pt_BR\" \/>\n<meta property=\"og:type\" content=\"article\" \/>\n<meta property=\"og:title\" content=\"Delegacia Regional do Sinsprev promove Roda de Conversa - Regi\u00e3o News\" \/>\n<meta property=\"og:description\" content=\"O\u00a0 Dia Internacional das Mulheres foi debatido nesta sexta-feira (8),\" \/>\n<meta property=\"og:url\" content=\"https:\/\/regiaonews.net.br\/2022\/2024\/03\/08\/delegacia-regional-do-sinsprev-promove-roda-de-conversa\/\" \/>\n<meta property=\"og:site_name\" content=\"Regi\u00e3o News\" \/>\n<meta property=\"article:published_time\" content=\"2024-03-09T01:20:14+00:00\" \/>\n<meta property=\"article:modified_time\" content=\"2024-03-09T01:23:31+00:00\" \/>\n<meta property=\"og:image\" content=\"https:\/\/regiaonews.net.br\/2022\/wp-content\/uploads\/2024\/03\/IMG-20240308-WA0608.jpg\" \/>\n\t<meta property=\"og:image:width\" content=\"1156\" \/>\n\t<meta property=\"og:image:height\" content=\"868\" \/>\n\t<meta property=\"og:image:type\" content=\"image\/jpeg\" \/>\n<meta name=\"author\" content=\"Roberto\" \/>\n<meta name=\"twitter:card\" content=\"summary_large_image\" \/>\n<meta name=\"twitter:label1\" content=\"Escrito por\" \/>\n\t<meta name=\"twitter:data1\" content=\"Roberto\" \/>\n\t<meta name=\"twitter:label2\" content=\"Est. tempo de leitura\" \/>\n\t<meta name=\"twitter:data2\" content=\"3 minutos\" \/>\n<script type=\"application\/ld+json\" class=\"yoast-schema-graph\">{\"@context\":\"https:\\\/\\\/schema.org\",\"@graph\":[{\"@type\":\"Article\",\"@id\":\"https:\\\/\\\/regiaonews.net.br\\\/2022\\\/2024\\\/03\\\/08\\\/delegacia-regional-do-sinsprev-promove-roda-de-conversa\\\/#article\",\"isPartOf\":{\"@id\":\"https:\\\/\\\/regiaonews.net.br\\\/2022\\\/2024\\\/03\\\/08\\\/delegacia-regional-do-sinsprev-promove-roda-de-conversa\\\/\"},\"author\":{\"name\":\"Roberto\",\"@id\":\"https:\\\/\\\/regiaonews.net.br\\\/2022\\\/#\\\/schema\\\/person\\\/2d205a608a5aa97ac279d7a5e6d89ad8\"},\"headline\":\"Delegacia Regional do Sinsprev promove Roda de Conversa\",\"datePublished\":\"2024-03-09T01:20:14+00:00\",\"dateModified\":\"2024-03-09T01:23:31+00:00\",\"mainEntityOfPage\":{\"@id\":\"https:\\\/\\\/regiaonews.net.br\\\/2022\\\/2024\\\/03\\\/08\\\/delegacia-regional-do-sinsprev-promove-roda-de-conversa\\\/\"},\"wordCount\":131,\"commentCount\":0,\"publisher\":{\"@id\":\"https:\\\/\\\/regiaonews.net.br\\\/2022\\\/#organization\"},\"image\":{\"@id\":\"https:\\\/\\\/regiaonews.net.br\\\/2022\\\/2024\\\/03\\\/08\\\/delegacia-regional-do-sinsprev-promove-roda-de-conversa\\\/#primaryimage\"},\"thumbnailUrl\":\"https:\\\/\\\/regiaonews.net.br\\\/2022\\\/wp-content\\\/uploads\\\/2024\\\/03\\\/IMG-20240308-WA0608.jpg\",\"articleSection\":[\"Barretos\"],\"inLanguage\":\"pt-BR\",\"potentialAction\":[{\"@type\":\"CommentAction\",\"name\":\"Comment\",\"target\":[\"https:\\\/\\\/regiaonews.net.br\\\/2022\\\/2024\\\/03\\\/08\\\/delegacia-regional-do-sinsprev-promove-roda-de-conversa\\\/#respond\"]}]},{\"@type\":\"WebPage\",\"@id\":\"https:\\\/\\\/regiaonews.net.br\\\/2022\\\/2024\\\/03\\\/08\\\/delegacia-regional-do-sinsprev-promove-roda-de-conversa\\\/\",\"url\":\"https:\\\/\\\/regiaonews.net.br\\\/2022\\\/2024\\\/03\\\/08\\\/delegacia-regional-do-sinsprev-promove-roda-de-conversa\\\/\",\"name\":\"Delegacia Regional do Sinsprev promove Roda de Conversa - Regi\u00e3o News\",\"isPartOf\":{\"@id\":\"https:\\\/\\\/regiaonews.net.br\\\/2022\\\/#website\"},\"primaryImageOfPage\":{\"@id\":\"https:\\\/\\\/regiaonews.net.br\\\/2022\\\/2024\\\/03\\\/08\\\/delegacia-regional-do-sinsprev-promove-roda-de-conversa\\\/#primaryimage\"},\"image\":{\"@id\":\"https:\\\/\\\/regiaonews.net.br\\\/2022\\\/2024\\\/03\\\/08\\\/delegacia-regional-do-sinsprev-promove-roda-de-conversa\\\/#primaryimage\"},\"thumbnailUrl\":\"https:\\\/\\\/regiaonews.net.br\\\/2022\\\/wp-content\\\/uploads\\\/2024\\\/03\\\/IMG-20240308-WA0608.jpg\",\"datePublished\":\"2024-03-09T01:20:14+00:00\",\"dateModified\":\"2024-03-09T01:23:31+00:00\",\"breadcrumb\":{\"@id\":\"https:\\\/\\\/regiaonews.net.br\\\/2022\\\/2024\\\/03\\\/08\\\/delegacia-regional-do-sinsprev-promove-roda-de-conversa\\\/#breadcrumb\"},\"inLanguage\":\"pt-BR\",\"potentialAction\":[{\"@type\":\"ReadAction\",\"target\":[\"https:\\\/\\\/regiaonews.net.br\\\/2022\\\/2024\\\/03\\\/08\\\/delegacia-regional-do-sinsprev-promove-roda-de-conversa\\\/\"]}]},{\"@type\":\"ImageObject\",\"inLanguage\":\"pt-BR\",\"@id\":\"https:\\\/\\\/regiaonews.net.br\\\/2022\\\/2024\\\/03\\\/08\\\/delegacia-regional-do-sinsprev-promove-roda-de-conversa\\\/#primaryimage\",\"url\":\"https:\\\/\\\/regiaonews.net.br\\\/2022\\\/wp-content\\\/uploads\\\/2024\\\/03\\\/IMG-20240308-WA0608.jpg\",\"contentUrl\":\"https:\\\/\\\/regiaonews.net.br\\\/2022\\\/wp-content\\\/uploads\\\/2024\\\/03\\\/IMG-20240308-WA0608.jpg\",\"width\":1156,\"height\":868},{\"@type\":\"BreadcrumbList\",\"@id\":\"https:\\\/\\\/regiaonews.net.br\\\/2022\\\/2024\\\/03\\\/08\\\/delegacia-regional-do-sinsprev-promove-roda-de-conversa\\\/#breadcrumb\",\"itemListElement\":[{\"@type\":\"ListItem\",\"position\":1,\"name\":\"In\u00edcio\",\"item\":\"https:\\\/\\\/regiaonews.net.br\\\/2022\\\/\"},{\"@type\":\"ListItem\",\"position\":2,\"name\":\"Delegacia Regional do Sinsprev promove Roda de Conversa\"}]},{\"@type\":\"WebSite\",\"@id\":\"https:\\\/\\\/regiaonews.net.br\\\/2022\\\/#website\",\"url\":\"https:\\\/\\\/regiaonews.net.br\\\/2022\\\/\",\"name\":\"Regi\u00e3o News\",\"description\":\"Site de Not\u00edcias de Barretos e regi\u00e3o\",\"publisher\":{\"@id\":\"https:\\\/\\\/regiaonews.net.br\\\/2022\\\/#organization\"},\"potentialAction\":[{\"@type\":\"SearchAction\",\"target\":{\"@type\":\"EntryPoint\",\"urlTemplate\":\"https:\\\/\\\/regiaonews.net.br\\\/2022\\\/?s={search_term_string}\"},\"query-input\":{\"@type\":\"PropertyValueSpecification\",\"valueRequired\":true,\"valueName\":\"search_term_string\"}}],\"inLanguage\":\"pt-BR\"},{\"@type\":\"Organization\",\"@id\":\"https:\\\/\\\/regiaonews.net.br\\\/2022\\\/#organization\",\"name\":\"Regi\u00e3o News\",\"url\":\"https:\\\/\\\/regiaonews.net.br\\\/2022\\\/\",\"logo\":{\"@type\":\"ImageObject\",\"inLanguage\":\"pt-BR\",\"@id\":\"https:\\\/\\\/regiaonews.net.br\\\/2022\\\/#\\\/schema\\\/logo\\\/image\\\/\",\"url\":\"https:\\\/\\\/regiaonews.net.br\\\/2022\\\/wp-content\\\/uploads\\\/2026\\\/03\\\/regiao-13-anos-scaled.jpg\",\"contentUrl\":\"https:\\\/\\\/regiaonews.net.br\\\/2022\\\/wp-content\\\/uploads\\\/2026\\\/03\\\/regiao-13-anos-scaled.jpg\",\"width\":2560,\"height\":635,\"caption\":\"Regi\u00e3o News\"},\"image\":{\"@id\":\"https:\\\/\\\/regiaonews.net.br\\\/2022\\\/#\\\/schema\\\/logo\\\/image\\\/\"}},{\"@type\":\"Person\",\"@id\":\"https:\\\/\\\/regiaonews.net.br\\\/2022\\\/#\\\/schema\\\/person\\\/2d205a608a5aa97ac279d7a5e6d89ad8\",\"name\":\"Roberto\",\"image\":{\"@type\":\"ImageObject\",\"inLanguage\":\"pt-BR\",\"@id\":\"https:\\\/\\\/secure.gravatar.com\\\/avatar\\\/42749d8b712ff9d59ca93dc150494e5b55a44134482993f5baeb97e61b7ecc89?s=96&d=mm&r=g\",\"url\":\"https:\\\/\\\/secure.gravatar.com\\\/avatar\\\/42749d8b712ff9d59ca93dc150494e5b55a44134482993f5baeb97e61b7ecc89?s=96&d=mm&r=g\",\"contentUrl\":\"https:\\\/\\\/secure.gravatar.com\\\/avatar\\\/42749d8b712ff9d59ca93dc150494e5b55a44134482993f5baeb97e61b7ecc89?s=96&d=mm&r=g\",\"caption\":\"Roberto\"},\"url\":\"https:\\\/\\\/regiaonews.net.br\\\/2022\\\/author\\\/roberto\\\/\"}]}<\/script>\n<!-- \/ Yoast SEO plugin. -->","yoast_head_json":{"title":"Delegacia Regional do Sinsprev promove Roda de Conversa - Regi\u00e3o News","robots":{"index":"index","follow":"follow","max-snippet":"max-snippet:-1","max-image-preview":"max-image-preview:large","max-video-preview":"max-video-preview:-1"},"canonical":"https:\/\/regiaonews.net.br\/2022\/2024\/03\/08\/delegacia-regional-do-sinsprev-promove-roda-de-conversa\/","og_locale":"pt_BR","og_type":"article","og_title":"Delegacia Regional do Sinsprev promove Roda de Conversa - Regi\u00e3o News","og_description":"O\u00a0 Dia Internacional das Mulheres foi debatido nesta sexta-feira (8),","og_url":"https:\/\/regiaonews.net.br\/2022\/2024\/03\/08\/delegacia-regional-do-sinsprev-promove-roda-de-conversa\/","og_site_name":"Regi\u00e3o News","article_published_time":"2024-03-09T01:20:14+00:00","article_modified_time":"2024-03-09T01:23:31+00:00","og_image":[{"width":1156,"height":868,"url":"https:\/\/regiaonews.net.br\/2022\/wp-content\/uploads\/2024\/03\/IMG-20240308-WA0608.jpg","type":"image\/jpeg"}],"author":"Roberto","twitter_card":"summary_large_image","twitter_misc":{"Escrito por":"Roberto","Est. tempo de leitura":"3 minutos"},"schema":{"@context":"https:\/\/schema.org","@graph":[{"@type":"Article","@id":"https:\/\/regiaonews.net.br\/2022\/2024\/03\/08\/delegacia-regional-do-sinsprev-promove-roda-de-conversa\/#article","isPartOf":{"@id":"https:\/\/regiaonews.net.br\/2022\/2024\/03\/08\/delegacia-regional-do-sinsprev-promove-roda-de-conversa\/"},"author":{"name":"Roberto","@id":"https:\/\/regiaonews.net.br\/2022\/#\/schema\/person\/2d205a608a5aa97ac279d7a5e6d89ad8"},"headline":"Delegacia Regional do Sinsprev promove Roda de Conversa","datePublished":"2024-03-09T01:20:14+00:00","dateModified":"2024-03-09T01:23:31+00:00","mainEntityOfPage":{"@id":"https:\/\/regiaonews.net.br\/2022\/2024\/03\/08\/delegacia-regional-do-sinsprev-promove-roda-de-conversa\/"},"wordCount":131,"commentCount":0,"publisher":{"@id":"https:\/\/regiaonews.net.br\/2022\/#organization"},"image":{"@id":"https:\/\/regiaonews.net.br\/2022\/2024\/03\/08\/delegacia-regional-do-sinsprev-promove-roda-de-conversa\/#primaryimage"},"thumbnailUrl":"https:\/\/regiaonews.net.br\/2022\/wp-content\/uploads\/2024\/03\/IMG-20240308-WA0608.jpg","articleSection":["Barretos"],"inLanguage":"pt-BR","potentialAction":[{"@type":"CommentAction","name":"Comment","target":["https:\/\/regiaonews.net.br\/2022\/2024\/03\/08\/delegacia-regional-do-sinsprev-promove-roda-de-conversa\/#respond"]}]},{"@type":"WebPage","@id":"https:\/\/regiaonews.net.br\/2022\/2024\/03\/08\/delegacia-regional-do-sinsprev-promove-roda-de-conversa\/","url":"https:\/\/regiaonews.net.br\/2022\/2024\/03\/08\/delegacia-regional-do-sinsprev-promove-roda-de-conversa\/","name":"Delegacia Regional do Sinsprev promove Roda de Conversa - Regi\u00e3o News","isPartOf":{"@id":"https:\/\/regiaonews.net.br\/2022\/#website"},"primaryImageOfPage":{"@id":"https:\/\/regiaonews.net.br\/2022\/2024\/03\/08\/delegacia-regional-do-sinsprev-promove-roda-de-conversa\/#primaryimage"},"image":{"@id":"https:\/\/regiaonews.net.br\/2022\/2024\/03\/08\/delegacia-regional-do-sinsprev-promove-roda-de-conversa\/#primaryimage"},"thumbnailUrl":"https:\/\/regiaonews.net.br\/2022\/wp-content\/uploads\/2024\/03\/IMG-20240308-WA0608.jpg","datePublished":"2024-03-09T01:20:14+00:00","dateModified":"2024-03-09T01:23:31+00:00","breadcrumb":{"@id":"https:\/\/regiaonews.net.br\/2022\/2024\/03\/08\/delegacia-regional-do-sinsprev-promove-roda-de-conversa\/#breadcrumb"},"inLanguage":"pt-BR","potentialAction":[{"@type":"ReadAction","target":["https:\/\/regiaonews.net.br\/2022\/2024\/03\/08\/delegacia-regional-do-sinsprev-promove-roda-de-conversa\/"]}]},{"@type":"ImageObject","inLanguage":"pt-BR","@id":"https:\/\/regiaonews.net.br\/2022\/2024\/03\/08\/delegacia-regional-do-sinsprev-promove-roda-de-conversa\/#primaryimage","url":"https:\/\/regiaonews.net.br\/2022\/wp-content\/uploads\/2024\/03\/IMG-20240308-WA0608.jpg","contentUrl":"https:\/\/regiaonews.net.br\/2022\/wp-content\/uploads\/2024\/03\/IMG-20240308-WA0608.jpg","width":1156,"height":868},{"@type":"BreadcrumbList","@id":"https:\/\/regiaonews.net.br\/2022\/2024\/03\/08\/delegacia-regional-do-sinsprev-promove-roda-de-conversa\/#breadcrumb","itemListElement":[{"@type":"ListItem","position":1,"name":"In\u00edcio","item":"https:\/\/regiaonews.net.br\/2022\/"},{"@type":"ListItem","position":2,"name":"Delegacia Regional do Sinsprev promove Roda de Conversa"}]},{"@type":"WebSite","@id":"https:\/\/regiaonews.net.br\/2022\/#website","url":"https:\/\/regiaonews.net.br\/2022\/","name":"Regi\u00e3o News","description":"Site de Not\u00edcias de Barretos e regi\u00e3o","publisher":{"@id":"https:\/\/regiaonews.net.br\/2022\/#organization"},"potentialAction":[{"@type":"SearchAction","target":{"@type":"EntryPoint","urlTemplate":"https:\/\/regiaonews.net.br\/2022\/?s={search_term_string}"},"query-input":{"@type":"PropertyValueSpecification","valueRequired":true,"valueName":"search_term_string"}}],"inLanguage":"pt-BR"},{"@type":"Organization","@id":"https:\/\/regiaonews.net.br\/2022\/#organization","name":"Regi\u00e3o News","url":"https:\/\/regiaonews.net.br\/2022\/","logo":{"@type":"ImageObject","inLanguage":"pt-BR","@id":"https:\/\/regiaonews.net.br\/2022\/#\/schema\/logo\/image\/","url":"https:\/\/regiaonews.net.br\/2022\/wp-content\/uploads\/2026\/03\/regiao-13-anos-scaled.jpg","contentUrl":"https:\/\/regiaonews.net.br\/2022\/wp-content\/uploads\/2026\/03\/regiao-13-anos-scaled.jpg","width":2560,"height":635,"caption":"Regi\u00e3o News"},"image":{"@id":"https:\/\/regiaonews.net.br\/2022\/#\/schema\/logo\/image\/"}},{"@type":"Person","@id":"https:\/\/regiaonews.net.br\/2022\/#\/schema\/person\/2d205a608a5aa97ac279d7a5e6d89ad8","name":"Roberto","image":{"@type":"ImageObject","inLanguage":"pt-BR","@id":"https:\/\/secure.gravatar.com\/avatar\/42749d8b712ff9d59ca93dc150494e5b55a44134482993f5baeb97e61b7ecc89?s=96&d=mm&r=g","url":"https:\/\/secure.gravatar.com\/avatar\/42749d8b712ff9d59ca93dc150494e5b55a44134482993f5baeb97e61b7ecc89?s=96&d=mm&r=g","contentUrl":"https:\/\/secure.gravatar.com\/avatar\/42749d8b712ff9d59ca93dc150494e5b55a44134482993f5baeb97e61b7ecc89?s=96&d=mm&r=g","caption":"Roberto"},"url":"https:\/\/regiaonews.net.br\/2022\/author\/roberto\/"}]}},"publishpress_future_action":{"enabled":false,"date":"2026-05-03 17:14:13","action":"change-status","newStatus":"draft","terms":[],"taxonomy":"category","extraData":[]},"publishpress_future_workflow_manual_trigger":{"enabledWorkflows":[]},"_links":{"self":[{"href":"https:\/\/regiaonews.net.br\/2022\/wp-json\/wp\/v2\/posts\/102220","targetHints":{"allow":["GET"]}}],"collection":[{"href":"https:\/\/regiaonews.net.br\/2022\/wp-json\/wp\/v2\/posts"}],"about":[{"href":"https:\/\/regiaonews.net.br\/2022\/wp-json\/wp\/v2\/types\/post"}],"author":[{"embeddable":true,"href":"https:\/\/regiaonews.net.br\/2022\/wp-json\/wp\/v2\/users\/2"}],"replies":[{"embeddable":true,"href":"https:\/\/regiaonews.net.br\/2022\/wp-json\/wp\/v2\/comments?post=102220"}],"version-history":[{"count":2,"href":"https:\/\/regiaonews.net.br\/2022\/wp-json\/wp\/v2\/posts\/102220\/revisions"}],"predecessor-version":[{"id":102233,"href":"https:\/\/regiaonews.net.br\/2022\/wp-json\/wp\/v2\/posts\/102220\/revisions\/102233"}],"wp:featuredmedia":[{"embeddable":true,"href":"https:\/\/regiaonews.net.br\/2022\/wp-json\/wp\/v2\/media\/102226"}],"wp:attachment":[{"href":"https:\/\/regiaonews.net.br\/2022\/wp-json\/wp\/v2\/media?parent=102220"}],"wp:term":[{"taxonomy":"category","embeddable":true,"href":"https:\/\/regiaonews.net.br\/2022\/wp-json\/wp\/v2\/categories?post=102220"},{"taxonomy":"post_tag","embeddable":true,"href":"https:\/\/regiaonews.net.br\/2022\/wp-json\/wp\/v2\/tags?post=102220"}],"curies":[{"name":"wp","href":"https:\/\/api.w.org\/{rel}","templated":true}]}}