{"id":102216,"date":"2024-03-08T18:52:13","date_gmt":"2024-03-08T21:52:13","guid":{"rendered":"https:\/\/regiaonews.net.br\/2022\/?p=102216"},"modified":"2024-03-08T18:52:13","modified_gmt":"2024-03-08T21:52:13","slug":"veja-o-que-sera-votado-pelos-vereadores-na-sessao-ordinaria-de-segunda-feira-11-de-marco","status":"publish","type":"post","link":"https:\/\/regiaonews.net.br\/2022\/2024\/03\/08\/veja-o-que-sera-votado-pelos-vereadores-na-sessao-ordinaria-de-segunda-feira-11-de-marco\/","title":{"rendered":"Veja o que ser\u00e1 votado pelos vereadores na Sess\u00e3o Ordin\u00e1ria de segunda-feira, 11 de mar\u00e7o"},"content":{"rendered":"<h3 class=\"mb-4\">Sess\u00e3o ter\u00e1 transmiss\u00e3o ao vivo pela TV C\u00e2mara no canal 31.3, Facebook e Youtube a partir das 18h45<\/h3>\n<p style=\"font-weight: 400;\">A\u00a0C\u00e2mara de Barretos realiza nesta segunda-feira\u00a0<b><strong>(11\/mar\u00e7o),\u00a0<\/strong><\/b>\u00e0s<b><strong>\u00a019h,\u00a0<\/strong><\/b>a\u00a0<b><strong>6\u00aa Sess\u00e3o Ordin\u00e1ria de 2024.<\/strong><\/b><b><strong>\u00a0<\/strong><\/b>\u00a0At\u00e9 o momento,\u00a0\u00a0<b><strong>11\u00a0 mat\u00e9rias\u00a0<\/strong><\/b>est\u00e3o prontas<b><strong>\u00a0<\/strong><\/b>para serem\u00a0discutidas e votadas\u00a0pelos vereadores:\u00a0<b><strong>02<\/strong><\/b>\u00a0<b><strong>Projetos de Lei,\u00a0 01 Projeto de Lei Complementar, 06\u00a0\u00a0Pareceres da Comiss\u00e3o de Justi\u00e7a e Reda\u00e7\u00e3o,\u00a0\u00a001 Projeto de Resolu\u00e7\u00e3o e 01 Projeto\u00a0de Decreto Legislativo .<\/strong><\/b><\/p>\n<p style=\"font-weight: 400;\">\n<p style=\"font-weight: 400;\">De forma resumida, os assuntos a serem discutidos s\u00e3o:<\/p>\n<p style=\"font-weight: 400;\">\n<ul style=\"font-weight: 400;\">\n<li aria-level=\"1\">\u00a0Parecer pela Inconstitucionalidade ao Projeto de Lei que prev\u00ea a cria\u00e7\u00e3o da Guarda Mirim Municipal;<\/li>\n<\/ul>\n<p style=\"font-weight: 400;\">\n<ul style=\"font-weight: 400;\">\n<li aria-level=\"1\">\u00a0Parecer pela Inconstitucionalidade ao Projeto de Lei que prev\u00ea vale-refei\u00e7\u00e3o aos servidores p\u00fablicos municipais;<\/li>\n<\/ul>\n<p style=\"font-weight: 400;\">\n<ul style=\"font-weight: 400;\">\n<li aria-level=\"1\">Parecer da Comiss\u00e3o de Justi\u00e7a e Reda\u00e7\u00e3o pela Inconstitucionalidade em Projeto de Lei que d\u00e1 prefer\u00eancia \u00e0s mulheres v\u00edtimas de viol\u00eancia dom\u00e9stica a matricular e transferir os filhos na rede municipal de ensino;<\/li>\n<\/ul>\n<p style=\"font-weight: 400;\">\n<ul style=\"font-weight: 400;\">\n<li aria-level=\"1\">Parecer da Comiss\u00e3o de Justi\u00e7a e Reda\u00e7\u00e3o pela Inconstitucionalidade em Projeto de Lei que cria o programa de assist\u00eancia psicol\u00f3gica aos pais ou tutores de crian\u00e7as autistas;<\/li>\n<\/ul>\n<p style=\"font-weight: 400;\">\n<ul style=\"font-weight: 400;\">\n<li aria-level=\"1\">Parecer da Comiss\u00e3o de Justi\u00e7a e Reda\u00e7\u00e3o pela Inconstitucionalidade em Projeto de Lei que concede isen\u00e7\u00e3o de 100% \u00e0s casas de caridade, sociedades de socorros m\u00fatuos, entidades filantr\u00f3picas,\u00a0 estabelecimentos de fins humanit\u00e1rios e assistenciais sem fins lucrativos declarados de utilidade p\u00fablica no Munic\u00edpio no o pagamento de contas de \u00e1gua e esgoto;<\/li>\n<\/ul>\n<p style=\"font-weight: 400;\">\n<ul style=\"font-weight: 400;\">\n<li aria-level=\"1\">Parecer da Comiss\u00e3o de Justi\u00e7a e Reda\u00e7\u00e3o pela Inconstitucionalidade e Ilegalidade em Projeto de Lei que disp\u00f5e sobre a instala\u00e7\u00e3o de v\u00e1lvula de reten\u00e7\u00e3o na rede de esgoto do Munic\u00edpio;<\/li>\n<\/ul>\n<p style=\"font-weight: 400;\">\n<ul style=\"font-weight: 400;\">\n<li aria-level=\"1\">Estabelecimento de Requisitos e Valores M\u00ednimos para a cobran\u00e7a de d\u00edvida ativa da fazenda p\u00fablica municipal (Acima de 37 UFESP &#8211; Unidade Fiscal do Estado de S\u00e3o Paulo, ou seja, acima de R$ 1.308,32 em 2024)<\/li>\n<\/ul>\n<p style=\"font-weight: 400;\">\n<ul style=\"font-weight: 400;\">\n<li aria-level=\"1\">Altera\u00e7\u00e3o de nome da &#8220;Avenida I-3&#8221; para\u00a0 &#8220;Avenida I-3 &#8211; Francisco Gon\u00e7alves da Silva&#8221;\u00a0 no bairro Distrito Industrial I;<\/li>\n<\/ul>\n<p style=\"font-weight: 400;\">\n<ul style=\"font-weight: 400;\">\n<li aria-level=\"1\">Altera\u00e7\u00e3o de nome da &#8220;Rua I-4&#8221; para\u00a0 &#8220;Rua I-4 Roberto Toshio Kaneda&#8221;\u00a0 no bairro Distrito Industrial I;<\/li>\n<\/ul>\n<p style=\"font-weight: 400;\">\n<ul style=\"font-weight: 400;\">\n<li aria-level=\"1\">Institui\u00e7\u00e3o\u00a0 da &#8220;Tribuna Livre Popular&#8221; na C\u00e2mara;<\/li>\n<\/ul>\n<p style=\"font-weight: 400;\">\n<ul style=\"font-weight: 400;\">\n<li aria-level=\"1\">Diploma de Demolay do Ano 2024 ao jovem Maur\u00edcio Caldana Eiras;<\/li>\n<\/ul>\n<p style=\"font-weight: 400;\">\n<p style=\"font-weight: 400;\">Outros assuntos tamb\u00e9m poder\u00e3o ser inclu\u00eddos na lista de vota\u00e7\u00e3o at\u00e9 segunda-feira (11\/mar\u00e7o);<\/p>\n<p style=\"font-weight: 400;\">\n","protected":false},"excerpt":{"rendered":"<p>Sess\u00e3o ter\u00e1 transmiss\u00e3o ao vivo pela TV C\u00e2mara no canal<\/p>\n","protected":false},"author":2,"featured_media":73794,"comment_status":"open","ping_status":"open","sticky":false,"template":"","format":"standard","meta":{"footnotes":""},"categories":[14,22],"tags":[],"class_list":["post-102216","post","type-post","status-publish","format-standard","has-post-thumbnail","hentry","category-barretos","category-politica"],"yoast_head":"<!-- This site is optimized with the Yoast SEO plugin v27.4 - https:\/\/yoast.com\/product\/yoast-seo-wordpress\/ -->\n<title>Veja o que ser\u00e1 votado pelos vereadores na Sess\u00e3o Ordin\u00e1ria de segunda-feira, 11 de mar\u00e7o - Regi\u00e3o News<\/title>\n<meta name=\"robots\" content=\"index, follow, max-snippet:-1, max-image-preview:large, max-video-preview:-1\" \/>\n<link rel=\"canonical\" href=\"https:\/\/regiaonews.net.br\/2022\/2024\/03\/08\/veja-o-que-sera-votado-pelos-vereadores-na-sessao-ordinaria-de-segunda-feira-11-de-marco\/\" \/>\n<meta property=\"og:locale\" content=\"pt_BR\" \/>\n<meta property=\"og:type\" content=\"article\" \/>\n<meta property=\"og:title\" content=\"Veja o que ser\u00e1 votado pelos vereadores na Sess\u00e3o Ordin\u00e1ria de segunda-feira, 11 de mar\u00e7o - Regi\u00e3o News\" \/>\n<meta property=\"og:description\" content=\"Sess\u00e3o ter\u00e1 transmiss\u00e3o ao vivo pela TV C\u00e2mara no canal\" \/>\n<meta property=\"og:url\" content=\"https:\/\/regiaonews.net.br\/2022\/2024\/03\/08\/veja-o-que-sera-votado-pelos-vereadores-na-sessao-ordinaria-de-segunda-feira-11-de-marco\/\" \/>\n<meta property=\"og:site_name\" content=\"Regi\u00e3o News\" \/>\n<meta property=\"article:published_time\" content=\"2024-03-08T21:52:13+00:00\" \/>\n<meta property=\"og:image\" content=\"https:\/\/regiaonews.net.br\/2022\/wp-content\/uploads\/2022\/06\/WhatsApp-Image-2022-06-22-at-14.39.24.jpeg\" \/>\n\t<meta property=\"og:image:width\" content=\"1280\" \/>\n\t<meta property=\"og:image:height\" content=\"847\" \/>\n\t<meta property=\"og:image:type\" content=\"image\/jpeg\" \/>\n<meta name=\"author\" content=\"Roberto\" \/>\n<meta name=\"twitter:card\" content=\"summary_large_image\" \/>\n<meta name=\"twitter:label1\" content=\"Escrito por\" \/>\n\t<meta name=\"twitter:data1\" content=\"Roberto\" \/>\n\t<meta name=\"twitter:label2\" content=\"Est. tempo de leitura\" \/>\n\t<meta name=\"twitter:data2\" content=\"3 minutos\" \/>\n<script type=\"application\/ld+json\" class=\"yoast-schema-graph\">{\"@context\":\"https:\\\/\\\/schema.org\",\"@graph\":[{\"@type\":\"Article\",\"@id\":\"https:\\\/\\\/regiaonews.net.br\\\/2022\\\/2024\\\/03\\\/08\\\/veja-o-que-sera-votado-pelos-vereadores-na-sessao-ordinaria-de-segunda-feira-11-de-marco\\\/#article\",\"isPartOf\":{\"@id\":\"https:\\\/\\\/regiaonews.net.br\\\/2022\\\/2024\\\/03\\\/08\\\/veja-o-que-sera-votado-pelos-vereadores-na-sessao-ordinaria-de-segunda-feira-11-de-marco\\\/\"},\"author\":{\"name\":\"Roberto\",\"@id\":\"https:\\\/\\\/regiaonews.net.br\\\/2022\\\/#\\\/schema\\\/person\\\/2d205a608a5aa97ac279d7a5e6d89ad8\"},\"headline\":\"Veja o que ser\u00e1 votado pelos vereadores na Sess\u00e3o Ordin\u00e1ria de segunda-feira, 11 de mar\u00e7o\",\"datePublished\":\"2024-03-08T21:52:13+00:00\",\"mainEntityOfPage\":{\"@id\":\"https:\\\/\\\/regiaonews.net.br\\\/2022\\\/2024\\\/03\\\/08\\\/veja-o-que-sera-votado-pelos-vereadores-na-sessao-ordinaria-de-segunda-feira-11-de-marco\\\/\"},\"wordCount\":424,\"commentCount\":0,\"publisher\":{\"@id\":\"https:\\\/\\\/regiaonews.net.br\\\/2022\\\/#organization\"},\"image\":{\"@id\":\"https:\\\/\\\/regiaonews.net.br\\\/2022\\\/2024\\\/03\\\/08\\\/veja-o-que-sera-votado-pelos-vereadores-na-sessao-ordinaria-de-segunda-feira-11-de-marco\\\/#primaryimage\"},\"thumbnailUrl\":\"https:\\\/\\\/regiaonews.net.br\\\/2022\\\/wp-content\\\/uploads\\\/2022\\\/06\\\/WhatsApp-Image-2022-06-22-at-14.39.24.jpeg\",\"articleSection\":[\"Barretos\",\"Pol\u00edtica\"],\"inLanguage\":\"pt-BR\",\"potentialAction\":[{\"@type\":\"CommentAction\",\"name\":\"Comment\",\"target\":[\"https:\\\/\\\/regiaonews.net.br\\\/2022\\\/2024\\\/03\\\/08\\\/veja-o-que-sera-votado-pelos-vereadores-na-sessao-ordinaria-de-segunda-feira-11-de-marco\\\/#respond\"]}]},{\"@type\":\"WebPage\",\"@id\":\"https:\\\/\\\/regiaonews.net.br\\\/2022\\\/2024\\\/03\\\/08\\\/veja-o-que-sera-votado-pelos-vereadores-na-sessao-ordinaria-de-segunda-feira-11-de-marco\\\/\",\"url\":\"https:\\\/\\\/regiaonews.net.br\\\/2022\\\/2024\\\/03\\\/08\\\/veja-o-que-sera-votado-pelos-vereadores-na-sessao-ordinaria-de-segunda-feira-11-de-marco\\\/\",\"name\":\"Veja o que ser\u00e1 votado pelos vereadores na Sess\u00e3o Ordin\u00e1ria de segunda-feira, 11 de mar\u00e7o - Regi\u00e3o News\",\"isPartOf\":{\"@id\":\"https:\\\/\\\/regiaonews.net.br\\\/2022\\\/#website\"},\"primaryImageOfPage\":{\"@id\":\"https:\\\/\\\/regiaonews.net.br\\\/2022\\\/2024\\\/03\\\/08\\\/veja-o-que-sera-votado-pelos-vereadores-na-sessao-ordinaria-de-segunda-feira-11-de-marco\\\/#primaryimage\"},\"image\":{\"@id\":\"https:\\\/\\\/regiaonews.net.br\\\/2022\\\/2024\\\/03\\\/08\\\/veja-o-que-sera-votado-pelos-vereadores-na-sessao-ordinaria-de-segunda-feira-11-de-marco\\\/#primaryimage\"},\"thumbnailUrl\":\"https:\\\/\\\/regiaonews.net.br\\\/2022\\\/wp-content\\\/uploads\\\/2022\\\/06\\\/WhatsApp-Image-2022-06-22-at-14.39.24.jpeg\",\"datePublished\":\"2024-03-08T21:52:13+00:00\",\"breadcrumb\":{\"@id\":\"https:\\\/\\\/regiaonews.net.br\\\/2022\\\/2024\\\/03\\\/08\\\/veja-o-que-sera-votado-pelos-vereadores-na-sessao-ordinaria-de-segunda-feira-11-de-marco\\\/#breadcrumb\"},\"inLanguage\":\"pt-BR\",\"potentialAction\":[{\"@type\":\"ReadAction\",\"target\":[\"https:\\\/\\\/regiaonews.net.br\\\/2022\\\/2024\\\/03\\\/08\\\/veja-o-que-sera-votado-pelos-vereadores-na-sessao-ordinaria-de-segunda-feira-11-de-marco\\\/\"]}]},{\"@type\":\"ImageObject\",\"inLanguage\":\"pt-BR\",\"@id\":\"https:\\\/\\\/regiaonews.net.br\\\/2022\\\/2024\\\/03\\\/08\\\/veja-o-que-sera-votado-pelos-vereadores-na-sessao-ordinaria-de-segunda-feira-11-de-marco\\\/#primaryimage\",\"url\":\"https:\\\/\\\/regiaonews.net.br\\\/2022\\\/wp-content\\\/uploads\\\/2022\\\/06\\\/WhatsApp-Image-2022-06-22-at-14.39.24.jpeg\",\"contentUrl\":\"https:\\\/\\\/regiaonews.net.br\\\/2022\\\/wp-content\\\/uploads\\\/2022\\\/06\\\/WhatsApp-Image-2022-06-22-at-14.39.24.jpeg\",\"width\":1280,\"height\":847},{\"@type\":\"BreadcrumbList\",\"@id\":\"https:\\\/\\\/regiaonews.net.br\\\/2022\\\/2024\\\/03\\\/08\\\/veja-o-que-sera-votado-pelos-vereadores-na-sessao-ordinaria-de-segunda-feira-11-de-marco\\\/#breadcrumb\",\"itemListElement\":[{\"@type\":\"ListItem\",\"position\":1,\"name\":\"In\u00edcio\",\"item\":\"https:\\\/\\\/regiaonews.net.br\\\/2022\\\/\"},{\"@type\":\"ListItem\",\"position\":2,\"name\":\"Veja o que ser\u00e1 votado pelos vereadores na Sess\u00e3o Ordin\u00e1ria de segunda-feira, 11 de mar\u00e7o\"}]},{\"@type\":\"WebSite\",\"@id\":\"https:\\\/\\\/regiaonews.net.br\\\/2022\\\/#website\",\"url\":\"https:\\\/\\\/regiaonews.net.br\\\/2022\\\/\",\"name\":\"Regi\u00e3o News\",\"description\":\"Site de Not\u00edcias de Barretos e regi\u00e3o\",\"publisher\":{\"@id\":\"https:\\\/\\\/regiaonews.net.br\\\/2022\\\/#organization\"},\"potentialAction\":[{\"@type\":\"SearchAction\",\"target\":{\"@type\":\"EntryPoint\",\"urlTemplate\":\"https:\\\/\\\/regiaonews.net.br\\\/2022\\\/?s={search_term_string}\"},\"query-input\":{\"@type\":\"PropertyValueSpecification\",\"valueRequired\":true,\"valueName\":\"search_term_string\"}}],\"inLanguage\":\"pt-BR\"},{\"@type\":\"Organization\",\"@id\":\"https:\\\/\\\/regiaonews.net.br\\\/2022\\\/#organization\",\"name\":\"Regi\u00e3o News\",\"url\":\"https:\\\/\\\/regiaonews.net.br\\\/2022\\\/\",\"logo\":{\"@type\":\"ImageObject\",\"inLanguage\":\"pt-BR\",\"@id\":\"https:\\\/\\\/regiaonews.net.br\\\/2022\\\/#\\\/schema\\\/logo\\\/image\\\/\",\"url\":\"https:\\\/\\\/regiaonews.net.br\\\/2022\\\/wp-content\\\/uploads\\\/2026\\\/03\\\/regiao-13-anos-scaled.jpg\",\"contentUrl\":\"https:\\\/\\\/regiaonews.net.br\\\/2022\\\/wp-content\\\/uploads\\\/2026\\\/03\\\/regiao-13-anos-scaled.jpg\",\"width\":2560,\"height\":635,\"caption\":\"Regi\u00e3o News\"},\"image\":{\"@id\":\"https:\\\/\\\/regiaonews.net.br\\\/2022\\\/#\\\/schema\\\/logo\\\/image\\\/\"}},{\"@type\":\"Person\",\"@id\":\"https:\\\/\\\/regiaonews.net.br\\\/2022\\\/#\\\/schema\\\/person\\\/2d205a608a5aa97ac279d7a5e6d89ad8\",\"name\":\"Roberto\",\"image\":{\"@type\":\"ImageObject\",\"inLanguage\":\"pt-BR\",\"@id\":\"https:\\\/\\\/secure.gravatar.com\\\/avatar\\\/42749d8b712ff9d59ca93dc150494e5b55a44134482993f5baeb97e61b7ecc89?s=96&d=mm&r=g\",\"url\":\"https:\\\/\\\/secure.gravatar.com\\\/avatar\\\/42749d8b712ff9d59ca93dc150494e5b55a44134482993f5baeb97e61b7ecc89?s=96&d=mm&r=g\",\"contentUrl\":\"https:\\\/\\\/secure.gravatar.com\\\/avatar\\\/42749d8b712ff9d59ca93dc150494e5b55a44134482993f5baeb97e61b7ecc89?s=96&d=mm&r=g\",\"caption\":\"Roberto\"},\"url\":\"https:\\\/\\\/regiaonews.net.br\\\/2022\\\/author\\\/roberto\\\/\"}]}<\/script>\n<!-- \/ Yoast SEO plugin. -->","yoast_head_json":{"title":"Veja o que ser\u00e1 votado pelos vereadores na Sess\u00e3o Ordin\u00e1ria de segunda-feira, 11 de mar\u00e7o - Regi\u00e3o News","robots":{"index":"index","follow":"follow","max-snippet":"max-snippet:-1","max-image-preview":"max-image-preview:large","max-video-preview":"max-video-preview:-1"},"canonical":"https:\/\/regiaonews.net.br\/2022\/2024\/03\/08\/veja-o-que-sera-votado-pelos-vereadores-na-sessao-ordinaria-de-segunda-feira-11-de-marco\/","og_locale":"pt_BR","og_type":"article","og_title":"Veja o que ser\u00e1 votado pelos vereadores na Sess\u00e3o Ordin\u00e1ria de segunda-feira, 11 de mar\u00e7o - Regi\u00e3o News","og_description":"Sess\u00e3o ter\u00e1 transmiss\u00e3o ao vivo pela TV C\u00e2mara no canal","og_url":"https:\/\/regiaonews.net.br\/2022\/2024\/03\/08\/veja-o-que-sera-votado-pelos-vereadores-na-sessao-ordinaria-de-segunda-feira-11-de-marco\/","og_site_name":"Regi\u00e3o News","article_published_time":"2024-03-08T21:52:13+00:00","og_image":[{"width":1280,"height":847,"url":"https:\/\/regiaonews.net.br\/2022\/wp-content\/uploads\/2022\/06\/WhatsApp-Image-2022-06-22-at-14.39.24.jpeg","type":"image\/jpeg"}],"author":"Roberto","twitter_card":"summary_large_image","twitter_misc":{"Escrito por":"Roberto","Est. tempo de leitura":"3 minutos"},"schema":{"@context":"https:\/\/schema.org","@graph":[{"@type":"Article","@id":"https:\/\/regiaonews.net.br\/2022\/2024\/03\/08\/veja-o-que-sera-votado-pelos-vereadores-na-sessao-ordinaria-de-segunda-feira-11-de-marco\/#article","isPartOf":{"@id":"https:\/\/regiaonews.net.br\/2022\/2024\/03\/08\/veja-o-que-sera-votado-pelos-vereadores-na-sessao-ordinaria-de-segunda-feira-11-de-marco\/"},"author":{"name":"Roberto","@id":"https:\/\/regiaonews.net.br\/2022\/#\/schema\/person\/2d205a608a5aa97ac279d7a5e6d89ad8"},"headline":"Veja o que ser\u00e1 votado pelos vereadores na Sess\u00e3o Ordin\u00e1ria de segunda-feira, 11 de mar\u00e7o","datePublished":"2024-03-08T21:52:13+00:00","mainEntityOfPage":{"@id":"https:\/\/regiaonews.net.br\/2022\/2024\/03\/08\/veja-o-que-sera-votado-pelos-vereadores-na-sessao-ordinaria-de-segunda-feira-11-de-marco\/"},"wordCount":424,"commentCount":0,"publisher":{"@id":"https:\/\/regiaonews.net.br\/2022\/#organization"},"image":{"@id":"https:\/\/regiaonews.net.br\/2022\/2024\/03\/08\/veja-o-que-sera-votado-pelos-vereadores-na-sessao-ordinaria-de-segunda-feira-11-de-marco\/#primaryimage"},"thumbnailUrl":"https:\/\/regiaonews.net.br\/2022\/wp-content\/uploads\/2022\/06\/WhatsApp-Image-2022-06-22-at-14.39.24.jpeg","articleSection":["Barretos","Pol\u00edtica"],"inLanguage":"pt-BR","potentialAction":[{"@type":"CommentAction","name":"Comment","target":["https:\/\/regiaonews.net.br\/2022\/2024\/03\/08\/veja-o-que-sera-votado-pelos-vereadores-na-sessao-ordinaria-de-segunda-feira-11-de-marco\/#respond"]}]},{"@type":"WebPage","@id":"https:\/\/regiaonews.net.br\/2022\/2024\/03\/08\/veja-o-que-sera-votado-pelos-vereadores-na-sessao-ordinaria-de-segunda-feira-11-de-marco\/","url":"https:\/\/regiaonews.net.br\/2022\/2024\/03\/08\/veja-o-que-sera-votado-pelos-vereadores-na-sessao-ordinaria-de-segunda-feira-11-de-marco\/","name":"Veja o que ser\u00e1 votado pelos vereadores na Sess\u00e3o Ordin\u00e1ria de segunda-feira, 11 de mar\u00e7o - Regi\u00e3o News","isPartOf":{"@id":"https:\/\/regiaonews.net.br\/2022\/#website"},"primaryImageOfPage":{"@id":"https:\/\/regiaonews.net.br\/2022\/2024\/03\/08\/veja-o-que-sera-votado-pelos-vereadores-na-sessao-ordinaria-de-segunda-feira-11-de-marco\/#primaryimage"},"image":{"@id":"https:\/\/regiaonews.net.br\/2022\/2024\/03\/08\/veja-o-que-sera-votado-pelos-vereadores-na-sessao-ordinaria-de-segunda-feira-11-de-marco\/#primaryimage"},"thumbnailUrl":"https:\/\/regiaonews.net.br\/2022\/wp-content\/uploads\/2022\/06\/WhatsApp-Image-2022-06-22-at-14.39.24.jpeg","datePublished":"2024-03-08T21:52:13+00:00","breadcrumb":{"@id":"https:\/\/regiaonews.net.br\/2022\/2024\/03\/08\/veja-o-que-sera-votado-pelos-vereadores-na-sessao-ordinaria-de-segunda-feira-11-de-marco\/#breadcrumb"},"inLanguage":"pt-BR","potentialAction":[{"@type":"ReadAction","target":["https:\/\/regiaonews.net.br\/2022\/2024\/03\/08\/veja-o-que-sera-votado-pelos-vereadores-na-sessao-ordinaria-de-segunda-feira-11-de-marco\/"]}]},{"@type":"ImageObject","inLanguage":"pt-BR","@id":"https:\/\/regiaonews.net.br\/2022\/2024\/03\/08\/veja-o-que-sera-votado-pelos-vereadores-na-sessao-ordinaria-de-segunda-feira-11-de-marco\/#primaryimage","url":"https:\/\/regiaonews.net.br\/2022\/wp-content\/uploads\/2022\/06\/WhatsApp-Image-2022-06-22-at-14.39.24.jpeg","contentUrl":"https:\/\/regiaonews.net.br\/2022\/wp-content\/uploads\/2022\/06\/WhatsApp-Image-2022-06-22-at-14.39.24.jpeg","width":1280,"height":847},{"@type":"BreadcrumbList","@id":"https:\/\/regiaonews.net.br\/2022\/2024\/03\/08\/veja-o-que-sera-votado-pelos-vereadores-na-sessao-ordinaria-de-segunda-feira-11-de-marco\/#breadcrumb","itemListElement":[{"@type":"ListItem","position":1,"name":"In\u00edcio","item":"https:\/\/regiaonews.net.br\/2022\/"},{"@type":"ListItem","position":2,"name":"Veja o que ser\u00e1 votado pelos vereadores na Sess\u00e3o Ordin\u00e1ria de segunda-feira, 11 de mar\u00e7o"}]},{"@type":"WebSite","@id":"https:\/\/regiaonews.net.br\/2022\/#website","url":"https:\/\/regiaonews.net.br\/2022\/","name":"Regi\u00e3o News","description":"Site de Not\u00edcias de Barretos e regi\u00e3o","publisher":{"@id":"https:\/\/regiaonews.net.br\/2022\/#organization"},"potentialAction":[{"@type":"SearchAction","target":{"@type":"EntryPoint","urlTemplate":"https:\/\/regiaonews.net.br\/2022\/?s={search_term_string}"},"query-input":{"@type":"PropertyValueSpecification","valueRequired":true,"valueName":"search_term_string"}}],"inLanguage":"pt-BR"},{"@type":"Organization","@id":"https:\/\/regiaonews.net.br\/2022\/#organization","name":"Regi\u00e3o News","url":"https:\/\/regiaonews.net.br\/2022\/","logo":{"@type":"ImageObject","inLanguage":"pt-BR","@id":"https:\/\/regiaonews.net.br\/2022\/#\/schema\/logo\/image\/","url":"https:\/\/regiaonews.net.br\/2022\/wp-content\/uploads\/2026\/03\/regiao-13-anos-scaled.jpg","contentUrl":"https:\/\/regiaonews.net.br\/2022\/wp-content\/uploads\/2026\/03\/regiao-13-anos-scaled.jpg","width":2560,"height":635,"caption":"Regi\u00e3o News"},"image":{"@id":"https:\/\/regiaonews.net.br\/2022\/#\/schema\/logo\/image\/"}},{"@type":"Person","@id":"https:\/\/regiaonews.net.br\/2022\/#\/schema\/person\/2d205a608a5aa97ac279d7a5e6d89ad8","name":"Roberto","image":{"@type":"ImageObject","inLanguage":"pt-BR","@id":"https:\/\/secure.gravatar.com\/avatar\/42749d8b712ff9d59ca93dc150494e5b55a44134482993f5baeb97e61b7ecc89?s=96&d=mm&r=g","url":"https:\/\/secure.gravatar.com\/avatar\/42749d8b712ff9d59ca93dc150494e5b55a44134482993f5baeb97e61b7ecc89?s=96&d=mm&r=g","contentUrl":"https:\/\/secure.gravatar.com\/avatar\/42749d8b712ff9d59ca93dc150494e5b55a44134482993f5baeb97e61b7ecc89?s=96&d=mm&r=g","caption":"Roberto"},"url":"https:\/\/regiaonews.net.br\/2022\/author\/roberto\/"}]}},"publishpress_future_action":{"enabled":false,"date":"2026-05-03 12:43:13","action":"change-status","newStatus":"draft","terms":[],"taxonomy":"category","extraData":[]},"publishpress_future_workflow_manual_trigger":{"enabledWorkflows":[]},"_links":{"self":[{"href":"https:\/\/regiaonews.net.br\/2022\/wp-json\/wp\/v2\/posts\/102216","targetHints":{"allow":["GET"]}}],"collection":[{"href":"https:\/\/regiaonews.net.br\/2022\/wp-json\/wp\/v2\/posts"}],"about":[{"href":"https:\/\/regiaonews.net.br\/2022\/wp-json\/wp\/v2\/types\/post"}],"author":[{"embeddable":true,"href":"https:\/\/regiaonews.net.br\/2022\/wp-json\/wp\/v2\/users\/2"}],"replies":[{"embeddable":true,"href":"https:\/\/regiaonews.net.br\/2022\/wp-json\/wp\/v2\/comments?post=102216"}],"version-history":[{"count":1,"href":"https:\/\/regiaonews.net.br\/2022\/wp-json\/wp\/v2\/posts\/102216\/revisions"}],"predecessor-version":[{"id":102217,"href":"https:\/\/regiaonews.net.br\/2022\/wp-json\/wp\/v2\/posts\/102216\/revisions\/102217"}],"wp:featuredmedia":[{"embeddable":true,"href":"https:\/\/regiaonews.net.br\/2022\/wp-json\/wp\/v2\/media\/73794"}],"wp:attachment":[{"href":"https:\/\/regiaonews.net.br\/2022\/wp-json\/wp\/v2\/media?parent=102216"}],"wp:term":[{"taxonomy":"category","embeddable":true,"href":"https:\/\/regiaonews.net.br\/2022\/wp-json\/wp\/v2\/categories?post=102216"},{"taxonomy":"post_tag","embeddable":true,"href":"https:\/\/regiaonews.net.br\/2022\/wp-json\/wp\/v2\/tags?post=102216"}],"curies":[{"name":"wp","href":"https:\/\/api.w.org\/{rel}","templated":true}]}}