{"id":102210,"date":"2024-03-08T18:46:46","date_gmt":"2024-03-08T21:46:46","guid":{"rendered":"https:\/\/regiaonews.net.br\/2022\/?p=102210"},"modified":"2024-03-08T18:46:46","modified_gmt":"2024-03-08T21:46:46","slug":"procon-barretos-promove-a-2a-semana-do-consumidor","status":"publish","type":"post","link":"https:\/\/regiaonews.net.br\/2022\/2024\/03\/08\/procon-barretos-promove-a-2a-semana-do-consumidor\/","title":{"rendered":"PROCON Barretos promove a 2\u00aa Semana do Consumidor"},"content":{"rendered":"<p>De 11 a 15 de mar\u00e7o, \u00f3rg\u00e3o realizar\u00e1 a\u00e7\u00f5es de conscientiza\u00e7\u00e3o com distribui\u00e7\u00e3o de materiais informativos e palestras<\/p>\n<p>O PROCON Barretos, \u00f3rg\u00e3o vinculado \u00e0 Secretaria Municipal de Neg\u00f3cios Jur\u00eddicos da Prefeitura, promove de 11 a 15 de mar\u00e7o a 2\u00aa Semana do Consumidor, com uma s\u00e9rie de atividades especiais em comemora\u00e7\u00e3o ao Dia Mundial do Consumidor (15).<br \/>\nNa programa\u00e7\u00e3o est\u00e3o a\u00e7\u00f5es de conscientiza\u00e7\u00e3o com distribui\u00e7\u00e3o de kits educativos, palestras sobre direitos b\u00e1sicos do consumidor para estudantes na Escola do Consumidor, participa\u00e7\u00e3o no \u20181\u00ba Encontro Regional do PROCON\u2019, que reunir\u00e1 as principais refer\u00eancias na Defesa do Consumidor do Estado de S\u00e3o Paulo na cidade de Francisco Morato, e um coffee break de encerramento.<br \/>\nPara Dela\u00edas Santos, coordenador do PROCON, a semana do Dia Mundial do Consumidor deve ser celebrada. \u201c\u00c9 uma oportunidade de lembrarmos um discurso feito em 15 de mar\u00e7o de 1962, pelo ent\u00e3o presidente dos EUA, John Kennedy, que iniciou o movimento internacional na defesa dos direitos do consumidor. Ent\u00e3o, \u00e9 uma data que merece uma programa\u00e7\u00e3o especial, afinal, essa luta iniciada em 1962 segue viva at\u00e9 hoje\u201d, contou.<\/p>\n<p>Confira a programa\u00e7\u00e3o completa:<br \/>\n\uff6511\/03: Dia de Conscientiza\u00e7\u00e3o, com distribui\u00e7\u00e3o de kits educativos para consumidores e lojistas &#8211; \u00c1rea central de Barretos (cal\u00e7ad\u00e3o), entre 9h e 12h;<br \/>\n\uff6512\/03: 1\u00ba Encontro Regional do PROCON, que reunir\u00e1 as principais refer\u00eancias na Defesa do Consumidor do estado de S\u00e3o Paulo &#8211; Pa\u00e7o Municipal de Francisco Morato\/SP;<br \/>\n\uff6513\/03: 1\u00aa palestra sobre \u201810 Direitos B\u00e1sicos do Consumidor\u2019 para estudantes do curso T\u00e9cnico Servi\u00e7os Jur\u00eddicos, do Etec Coronel Raphael Brand\u00e3o &#8211; Escola do Consumidor;<br \/>\n\uff6514\/03: 2\u00aa palestra sobre \u201810 Direitos B\u00e1sicos do Consumidor\u2019 para estudantes do curso T\u00e9cnico Servi\u00e7os Jur\u00eddicos, do Etec Coronel Raphael Brand\u00e3o &#8211; Escola do Consumidor;<br \/>\n\uff6515\/03: Cerim\u00f4nia de encerramento e coffee break para consumidores, com distribui\u00e7\u00e3o de materiais informativos &#8211; Sede do PROCON (Avenida 23, n\u00ba 720) entre 9h e 16h.<\/p>\n","protected":false},"excerpt":{"rendered":"<p>De 11 a 15 de mar\u00e7o, \u00f3rg\u00e3o realizar\u00e1 a\u00e7\u00f5es de<\/p>\n","protected":false},"author":2,"featured_media":102211,"comment_status":"open","ping_status":"open","sticky":false,"template":"","format":"standard","meta":{"footnotes":""},"categories":[14,25],"tags":[],"class_list":["post-102210","post","type-post","status-publish","format-standard","has-post-thumbnail","hentry","category-barretos","category-cidades"],"yoast_head":"<!-- This site is optimized with the Yoast SEO plugin v27.4 - https:\/\/yoast.com\/product\/yoast-seo-wordpress\/ -->\n<title>PROCON Barretos promove a 2\u00aa Semana do Consumidor - Regi\u00e3o News<\/title>\n<meta name=\"robots\" content=\"index, follow, max-snippet:-1, max-image-preview:large, max-video-preview:-1\" \/>\n<link rel=\"canonical\" href=\"https:\/\/regiaonews.net.br\/2022\/2024\/03\/08\/procon-barretos-promove-a-2a-semana-do-consumidor\/\" \/>\n<meta property=\"og:locale\" content=\"pt_BR\" \/>\n<meta property=\"og:type\" content=\"article\" \/>\n<meta property=\"og:title\" content=\"PROCON Barretos promove a 2\u00aa Semana do Consumidor - Regi\u00e3o News\" \/>\n<meta property=\"og:description\" content=\"De 11 a 15 de mar\u00e7o, \u00f3rg\u00e3o realizar\u00e1 a\u00e7\u00f5es de\" \/>\n<meta property=\"og:url\" content=\"https:\/\/regiaonews.net.br\/2022\/2024\/03\/08\/procon-barretos-promove-a-2a-semana-do-consumidor\/\" \/>\n<meta property=\"og:site_name\" content=\"Regi\u00e3o News\" \/>\n<meta property=\"article:published_time\" content=\"2024-03-08T21:46:46+00:00\" \/>\n<meta property=\"og:image\" content=\"https:\/\/regiaonews.net.br\/2022\/wp-content\/uploads\/2024\/03\/WhatsApp-Image-2024-03-08-at-15.43.19.jpeg\" \/>\n\t<meta property=\"og:image:width\" content=\"1080\" \/>\n\t<meta property=\"og:image:height\" content=\"1080\" \/>\n\t<meta property=\"og:image:type\" content=\"image\/jpeg\" \/>\n<meta name=\"author\" content=\"Roberto\" \/>\n<meta name=\"twitter:card\" content=\"summary_large_image\" \/>\n<meta name=\"twitter:label1\" content=\"Escrito por\" \/>\n\t<meta name=\"twitter:data1\" content=\"Roberto\" \/>\n\t<meta name=\"twitter:label2\" content=\"Est. tempo de leitura\" \/>\n\t<meta name=\"twitter:data2\" content=\"2 minutos\" \/>\n<script type=\"application\/ld+json\" class=\"yoast-schema-graph\">{\"@context\":\"https:\\\/\\\/schema.org\",\"@graph\":[{\"@type\":\"Article\",\"@id\":\"https:\\\/\\\/regiaonews.net.br\\\/2022\\\/2024\\\/03\\\/08\\\/procon-barretos-promove-a-2a-semana-do-consumidor\\\/#article\",\"isPartOf\":{\"@id\":\"https:\\\/\\\/regiaonews.net.br\\\/2022\\\/2024\\\/03\\\/08\\\/procon-barretos-promove-a-2a-semana-do-consumidor\\\/\"},\"author\":{\"name\":\"Roberto\",\"@id\":\"https:\\\/\\\/regiaonews.net.br\\\/2022\\\/#\\\/schema\\\/person\\\/2d205a608a5aa97ac279d7a5e6d89ad8\"},\"headline\":\"PROCON Barretos promove a 2\u00aa Semana do Consumidor\",\"datePublished\":\"2024-03-08T21:46:46+00:00\",\"mainEntityOfPage\":{\"@id\":\"https:\\\/\\\/regiaonews.net.br\\\/2022\\\/2024\\\/03\\\/08\\\/procon-barretos-promove-a-2a-semana-do-consumidor\\\/\"},\"wordCount\":337,\"commentCount\":0,\"publisher\":{\"@id\":\"https:\\\/\\\/regiaonews.net.br\\\/2022\\\/#organization\"},\"image\":{\"@id\":\"https:\\\/\\\/regiaonews.net.br\\\/2022\\\/2024\\\/03\\\/08\\\/procon-barretos-promove-a-2a-semana-do-consumidor\\\/#primaryimage\"},\"thumbnailUrl\":\"https:\\\/\\\/regiaonews.net.br\\\/2022\\\/wp-content\\\/uploads\\\/2024\\\/03\\\/WhatsApp-Image-2024-03-08-at-15.43.19.jpeg\",\"articleSection\":[\"Barretos\",\"Cidades\"],\"inLanguage\":\"pt-BR\",\"potentialAction\":[{\"@type\":\"CommentAction\",\"name\":\"Comment\",\"target\":[\"https:\\\/\\\/regiaonews.net.br\\\/2022\\\/2024\\\/03\\\/08\\\/procon-barretos-promove-a-2a-semana-do-consumidor\\\/#respond\"]}]},{\"@type\":\"WebPage\",\"@id\":\"https:\\\/\\\/regiaonews.net.br\\\/2022\\\/2024\\\/03\\\/08\\\/procon-barretos-promove-a-2a-semana-do-consumidor\\\/\",\"url\":\"https:\\\/\\\/regiaonews.net.br\\\/2022\\\/2024\\\/03\\\/08\\\/procon-barretos-promove-a-2a-semana-do-consumidor\\\/\",\"name\":\"PROCON Barretos promove a 2\u00aa Semana do Consumidor - Regi\u00e3o News\",\"isPartOf\":{\"@id\":\"https:\\\/\\\/regiaonews.net.br\\\/2022\\\/#website\"},\"primaryImageOfPage\":{\"@id\":\"https:\\\/\\\/regiaonews.net.br\\\/2022\\\/2024\\\/03\\\/08\\\/procon-barretos-promove-a-2a-semana-do-consumidor\\\/#primaryimage\"},\"image\":{\"@id\":\"https:\\\/\\\/regiaonews.net.br\\\/2022\\\/2024\\\/03\\\/08\\\/procon-barretos-promove-a-2a-semana-do-consumidor\\\/#primaryimage\"},\"thumbnailUrl\":\"https:\\\/\\\/regiaonews.net.br\\\/2022\\\/wp-content\\\/uploads\\\/2024\\\/03\\\/WhatsApp-Image-2024-03-08-at-15.43.19.jpeg\",\"datePublished\":\"2024-03-08T21:46:46+00:00\",\"breadcrumb\":{\"@id\":\"https:\\\/\\\/regiaonews.net.br\\\/2022\\\/2024\\\/03\\\/08\\\/procon-barretos-promove-a-2a-semana-do-consumidor\\\/#breadcrumb\"},\"inLanguage\":\"pt-BR\",\"potentialAction\":[{\"@type\":\"ReadAction\",\"target\":[\"https:\\\/\\\/regiaonews.net.br\\\/2022\\\/2024\\\/03\\\/08\\\/procon-barretos-promove-a-2a-semana-do-consumidor\\\/\"]}]},{\"@type\":\"ImageObject\",\"inLanguage\":\"pt-BR\",\"@id\":\"https:\\\/\\\/regiaonews.net.br\\\/2022\\\/2024\\\/03\\\/08\\\/procon-barretos-promove-a-2a-semana-do-consumidor\\\/#primaryimage\",\"url\":\"https:\\\/\\\/regiaonews.net.br\\\/2022\\\/wp-content\\\/uploads\\\/2024\\\/03\\\/WhatsApp-Image-2024-03-08-at-15.43.19.jpeg\",\"contentUrl\":\"https:\\\/\\\/regiaonews.net.br\\\/2022\\\/wp-content\\\/uploads\\\/2024\\\/03\\\/WhatsApp-Image-2024-03-08-at-15.43.19.jpeg\",\"width\":1080,\"height\":1080},{\"@type\":\"BreadcrumbList\",\"@id\":\"https:\\\/\\\/regiaonews.net.br\\\/2022\\\/2024\\\/03\\\/08\\\/procon-barretos-promove-a-2a-semana-do-consumidor\\\/#breadcrumb\",\"itemListElement\":[{\"@type\":\"ListItem\",\"position\":1,\"name\":\"In\u00edcio\",\"item\":\"https:\\\/\\\/regiaonews.net.br\\\/2022\\\/\"},{\"@type\":\"ListItem\",\"position\":2,\"name\":\"PROCON Barretos promove a 2\u00aa Semana do Consumidor\"}]},{\"@type\":\"WebSite\",\"@id\":\"https:\\\/\\\/regiaonews.net.br\\\/2022\\\/#website\",\"url\":\"https:\\\/\\\/regiaonews.net.br\\\/2022\\\/\",\"name\":\"Regi\u00e3o News\",\"description\":\"Site de Not\u00edcias de Barretos e regi\u00e3o\",\"publisher\":{\"@id\":\"https:\\\/\\\/regiaonews.net.br\\\/2022\\\/#organization\"},\"potentialAction\":[{\"@type\":\"SearchAction\",\"target\":{\"@type\":\"EntryPoint\",\"urlTemplate\":\"https:\\\/\\\/regiaonews.net.br\\\/2022\\\/?s={search_term_string}\"},\"query-input\":{\"@type\":\"PropertyValueSpecification\",\"valueRequired\":true,\"valueName\":\"search_term_string\"}}],\"inLanguage\":\"pt-BR\"},{\"@type\":\"Organization\",\"@id\":\"https:\\\/\\\/regiaonews.net.br\\\/2022\\\/#organization\",\"name\":\"Regi\u00e3o News\",\"url\":\"https:\\\/\\\/regiaonews.net.br\\\/2022\\\/\",\"logo\":{\"@type\":\"ImageObject\",\"inLanguage\":\"pt-BR\",\"@id\":\"https:\\\/\\\/regiaonews.net.br\\\/2022\\\/#\\\/schema\\\/logo\\\/image\\\/\",\"url\":\"https:\\\/\\\/regiaonews.net.br\\\/2022\\\/wp-content\\\/uploads\\\/2026\\\/03\\\/regiao-13-anos-scaled.jpg\",\"contentUrl\":\"https:\\\/\\\/regiaonews.net.br\\\/2022\\\/wp-content\\\/uploads\\\/2026\\\/03\\\/regiao-13-anos-scaled.jpg\",\"width\":2560,\"height\":635,\"caption\":\"Regi\u00e3o News\"},\"image\":{\"@id\":\"https:\\\/\\\/regiaonews.net.br\\\/2022\\\/#\\\/schema\\\/logo\\\/image\\\/\"}},{\"@type\":\"Person\",\"@id\":\"https:\\\/\\\/regiaonews.net.br\\\/2022\\\/#\\\/schema\\\/person\\\/2d205a608a5aa97ac279d7a5e6d89ad8\",\"name\":\"Roberto\",\"image\":{\"@type\":\"ImageObject\",\"inLanguage\":\"pt-BR\",\"@id\":\"https:\\\/\\\/secure.gravatar.com\\\/avatar\\\/42749d8b712ff9d59ca93dc150494e5b55a44134482993f5baeb97e61b7ecc89?s=96&d=mm&r=g\",\"url\":\"https:\\\/\\\/secure.gravatar.com\\\/avatar\\\/42749d8b712ff9d59ca93dc150494e5b55a44134482993f5baeb97e61b7ecc89?s=96&d=mm&r=g\",\"contentUrl\":\"https:\\\/\\\/secure.gravatar.com\\\/avatar\\\/42749d8b712ff9d59ca93dc150494e5b55a44134482993f5baeb97e61b7ecc89?s=96&d=mm&r=g\",\"caption\":\"Roberto\"},\"url\":\"https:\\\/\\\/regiaonews.net.br\\\/2022\\\/author\\\/roberto\\\/\"}]}<\/script>\n<!-- \/ Yoast SEO plugin. -->","yoast_head_json":{"title":"PROCON Barretos promove a 2\u00aa Semana do Consumidor - Regi\u00e3o News","robots":{"index":"index","follow":"follow","max-snippet":"max-snippet:-1","max-image-preview":"max-image-preview:large","max-video-preview":"max-video-preview:-1"},"canonical":"https:\/\/regiaonews.net.br\/2022\/2024\/03\/08\/procon-barretos-promove-a-2a-semana-do-consumidor\/","og_locale":"pt_BR","og_type":"article","og_title":"PROCON Barretos promove a 2\u00aa Semana do Consumidor - Regi\u00e3o News","og_description":"De 11 a 15 de mar\u00e7o, \u00f3rg\u00e3o realizar\u00e1 a\u00e7\u00f5es de","og_url":"https:\/\/regiaonews.net.br\/2022\/2024\/03\/08\/procon-barretos-promove-a-2a-semana-do-consumidor\/","og_site_name":"Regi\u00e3o News","article_published_time":"2024-03-08T21:46:46+00:00","og_image":[{"width":1080,"height":1080,"url":"https:\/\/regiaonews.net.br\/2022\/wp-content\/uploads\/2024\/03\/WhatsApp-Image-2024-03-08-at-15.43.19.jpeg","type":"image\/jpeg"}],"author":"Roberto","twitter_card":"summary_large_image","twitter_misc":{"Escrito por":"Roberto","Est. tempo de leitura":"2 minutos"},"schema":{"@context":"https:\/\/schema.org","@graph":[{"@type":"Article","@id":"https:\/\/regiaonews.net.br\/2022\/2024\/03\/08\/procon-barretos-promove-a-2a-semana-do-consumidor\/#article","isPartOf":{"@id":"https:\/\/regiaonews.net.br\/2022\/2024\/03\/08\/procon-barretos-promove-a-2a-semana-do-consumidor\/"},"author":{"name":"Roberto","@id":"https:\/\/regiaonews.net.br\/2022\/#\/schema\/person\/2d205a608a5aa97ac279d7a5e6d89ad8"},"headline":"PROCON Barretos promove a 2\u00aa Semana do Consumidor","datePublished":"2024-03-08T21:46:46+00:00","mainEntityOfPage":{"@id":"https:\/\/regiaonews.net.br\/2022\/2024\/03\/08\/procon-barretos-promove-a-2a-semana-do-consumidor\/"},"wordCount":337,"commentCount":0,"publisher":{"@id":"https:\/\/regiaonews.net.br\/2022\/#organization"},"image":{"@id":"https:\/\/regiaonews.net.br\/2022\/2024\/03\/08\/procon-barretos-promove-a-2a-semana-do-consumidor\/#primaryimage"},"thumbnailUrl":"https:\/\/regiaonews.net.br\/2022\/wp-content\/uploads\/2024\/03\/WhatsApp-Image-2024-03-08-at-15.43.19.jpeg","articleSection":["Barretos","Cidades"],"inLanguage":"pt-BR","potentialAction":[{"@type":"CommentAction","name":"Comment","target":["https:\/\/regiaonews.net.br\/2022\/2024\/03\/08\/procon-barretos-promove-a-2a-semana-do-consumidor\/#respond"]}]},{"@type":"WebPage","@id":"https:\/\/regiaonews.net.br\/2022\/2024\/03\/08\/procon-barretos-promove-a-2a-semana-do-consumidor\/","url":"https:\/\/regiaonews.net.br\/2022\/2024\/03\/08\/procon-barretos-promove-a-2a-semana-do-consumidor\/","name":"PROCON Barretos promove a 2\u00aa Semana do Consumidor - Regi\u00e3o News","isPartOf":{"@id":"https:\/\/regiaonews.net.br\/2022\/#website"},"primaryImageOfPage":{"@id":"https:\/\/regiaonews.net.br\/2022\/2024\/03\/08\/procon-barretos-promove-a-2a-semana-do-consumidor\/#primaryimage"},"image":{"@id":"https:\/\/regiaonews.net.br\/2022\/2024\/03\/08\/procon-barretos-promove-a-2a-semana-do-consumidor\/#primaryimage"},"thumbnailUrl":"https:\/\/regiaonews.net.br\/2022\/wp-content\/uploads\/2024\/03\/WhatsApp-Image-2024-03-08-at-15.43.19.jpeg","datePublished":"2024-03-08T21:46:46+00:00","breadcrumb":{"@id":"https:\/\/regiaonews.net.br\/2022\/2024\/03\/08\/procon-barretos-promove-a-2a-semana-do-consumidor\/#breadcrumb"},"inLanguage":"pt-BR","potentialAction":[{"@type":"ReadAction","target":["https:\/\/regiaonews.net.br\/2022\/2024\/03\/08\/procon-barretos-promove-a-2a-semana-do-consumidor\/"]}]},{"@type":"ImageObject","inLanguage":"pt-BR","@id":"https:\/\/regiaonews.net.br\/2022\/2024\/03\/08\/procon-barretos-promove-a-2a-semana-do-consumidor\/#primaryimage","url":"https:\/\/regiaonews.net.br\/2022\/wp-content\/uploads\/2024\/03\/WhatsApp-Image-2024-03-08-at-15.43.19.jpeg","contentUrl":"https:\/\/regiaonews.net.br\/2022\/wp-content\/uploads\/2024\/03\/WhatsApp-Image-2024-03-08-at-15.43.19.jpeg","width":1080,"height":1080},{"@type":"BreadcrumbList","@id":"https:\/\/regiaonews.net.br\/2022\/2024\/03\/08\/procon-barretos-promove-a-2a-semana-do-consumidor\/#breadcrumb","itemListElement":[{"@type":"ListItem","position":1,"name":"In\u00edcio","item":"https:\/\/regiaonews.net.br\/2022\/"},{"@type":"ListItem","position":2,"name":"PROCON Barretos promove a 2\u00aa Semana do Consumidor"}]},{"@type":"WebSite","@id":"https:\/\/regiaonews.net.br\/2022\/#website","url":"https:\/\/regiaonews.net.br\/2022\/","name":"Regi\u00e3o News","description":"Site de Not\u00edcias de Barretos e regi\u00e3o","publisher":{"@id":"https:\/\/regiaonews.net.br\/2022\/#organization"},"potentialAction":[{"@type":"SearchAction","target":{"@type":"EntryPoint","urlTemplate":"https:\/\/regiaonews.net.br\/2022\/?s={search_term_string}"},"query-input":{"@type":"PropertyValueSpecification","valueRequired":true,"valueName":"search_term_string"}}],"inLanguage":"pt-BR"},{"@type":"Organization","@id":"https:\/\/regiaonews.net.br\/2022\/#organization","name":"Regi\u00e3o News","url":"https:\/\/regiaonews.net.br\/2022\/","logo":{"@type":"ImageObject","inLanguage":"pt-BR","@id":"https:\/\/regiaonews.net.br\/2022\/#\/schema\/logo\/image\/","url":"https:\/\/regiaonews.net.br\/2022\/wp-content\/uploads\/2026\/03\/regiao-13-anos-scaled.jpg","contentUrl":"https:\/\/regiaonews.net.br\/2022\/wp-content\/uploads\/2026\/03\/regiao-13-anos-scaled.jpg","width":2560,"height":635,"caption":"Regi\u00e3o News"},"image":{"@id":"https:\/\/regiaonews.net.br\/2022\/#\/schema\/logo\/image\/"}},{"@type":"Person","@id":"https:\/\/regiaonews.net.br\/2022\/#\/schema\/person\/2d205a608a5aa97ac279d7a5e6d89ad8","name":"Roberto","image":{"@type":"ImageObject","inLanguage":"pt-BR","@id":"https:\/\/secure.gravatar.com\/avatar\/42749d8b712ff9d59ca93dc150494e5b55a44134482993f5baeb97e61b7ecc89?s=96&d=mm&r=g","url":"https:\/\/secure.gravatar.com\/avatar\/42749d8b712ff9d59ca93dc150494e5b55a44134482993f5baeb97e61b7ecc89?s=96&d=mm&r=g","contentUrl":"https:\/\/secure.gravatar.com\/avatar\/42749d8b712ff9d59ca93dc150494e5b55a44134482993f5baeb97e61b7ecc89?s=96&d=mm&r=g","caption":"Roberto"},"url":"https:\/\/regiaonews.net.br\/2022\/author\/roberto\/"}]}},"publishpress_future_action":{"enabled":false,"date":"2026-05-03 09:23:46","action":"change-status","newStatus":"draft","terms":[],"taxonomy":"category","extraData":[]},"publishpress_future_workflow_manual_trigger":{"enabledWorkflows":[]},"_links":{"self":[{"href":"https:\/\/regiaonews.net.br\/2022\/wp-json\/wp\/v2\/posts\/102210","targetHints":{"allow":["GET"]}}],"collection":[{"href":"https:\/\/regiaonews.net.br\/2022\/wp-json\/wp\/v2\/posts"}],"about":[{"href":"https:\/\/regiaonews.net.br\/2022\/wp-json\/wp\/v2\/types\/post"}],"author":[{"embeddable":true,"href":"https:\/\/regiaonews.net.br\/2022\/wp-json\/wp\/v2\/users\/2"}],"replies":[{"embeddable":true,"href":"https:\/\/regiaonews.net.br\/2022\/wp-json\/wp\/v2\/comments?post=102210"}],"version-history":[{"count":1,"href":"https:\/\/regiaonews.net.br\/2022\/wp-json\/wp\/v2\/posts\/102210\/revisions"}],"predecessor-version":[{"id":102212,"href":"https:\/\/regiaonews.net.br\/2022\/wp-json\/wp\/v2\/posts\/102210\/revisions\/102212"}],"wp:featuredmedia":[{"embeddable":true,"href":"https:\/\/regiaonews.net.br\/2022\/wp-json\/wp\/v2\/media\/102211"}],"wp:attachment":[{"href":"https:\/\/regiaonews.net.br\/2022\/wp-json\/wp\/v2\/media?parent=102210"}],"wp:term":[{"taxonomy":"category","embeddable":true,"href":"https:\/\/regiaonews.net.br\/2022\/wp-json\/wp\/v2\/categories?post=102210"},{"taxonomy":"post_tag","embeddable":true,"href":"https:\/\/regiaonews.net.br\/2022\/wp-json\/wp\/v2\/tags?post=102210"}],"curies":[{"name":"wp","href":"https:\/\/api.w.org\/{rel}","templated":true}]}}