{"id":102148,"date":"2024-03-07T16:50:03","date_gmt":"2024-03-07T19:50:03","guid":{"rendered":"https:\/\/regiaonews.net.br\/2022\/?p=102148"},"modified":"2024-03-07T16:50:03","modified_gmt":"2024-03-07T19:50:03","slug":"dia-da-mulher-maioria-dos-cargos-de-lideranca-no-unifeb-e-ocupada-por-mulheres","status":"publish","type":"post","link":"https:\/\/regiaonews.net.br\/2022\/2024\/03\/07\/dia-da-mulher-maioria-dos-cargos-de-lideranca-no-unifeb-e-ocupada-por-mulheres\/","title":{"rendered":"DIA DA MULHER: Maioria dos cargos de lideran\u00e7a no UNIFEB \u00e9 ocupada por mulheres"},"content":{"rendered":"<p>Gestoras do Centro Universit\u00e1rio s\u00e3o exemplos de governan\u00e7a feminina no mercado de trabalho<\/p>\n<p>No dia 8 de mar\u00e7o \u00e9 celebrado o Dia Internacional da Mulher, oficializado pela ONU (Organiza\u00e7\u00e3o das Na\u00e7\u00f5es Unidas) na d\u00e9cada de 1970. Essa data simboliza a luta hist\u00f3rica das mulheres por condi\u00e7\u00f5es equiparadas \u00e0s dos homens. Inicialmente, essa data remetia \u00e0 reivindica\u00e7\u00e3o por igualdade salarial, mas, atualmente, simboliza a luta das mulheres n\u00e3o apenas contra a desigualdade salarial, mas tamb\u00e9m contra o machismo e a viol\u00eancia.<\/p>\n<p>No UNIFEB (Centro Universit\u00e1rio da Funda\u00e7\u00e3o Educacional de Barretos) as mulheres t\u00eam seu protagonismo revelado nas in\u00fameras posi\u00e7\u00f5es de lideran\u00e7a que ocupam. O Reitor do UNIFEB, Prof. Dr. Angelo Davis, destaca que na institui\u00e7\u00e3o mais de 60% dos cargos de gest\u00e3o s\u00e3o de governan\u00e7a feminina. \u201c\u00c9 imprescind\u00edvel que todas as empresas e institui\u00e7\u00f5es apoiem iniciativas que fomentem o acesso de mulheres a cargos de lideran\u00e7a, n\u00e3o apenas como um status profissional, mas com a igualdade salarial e respeito que merecem. Uma sociedade s\u00f3 avan\u00e7a e se consolida quando conseguimos diminuir as desigualdades. Temos como exemplo nossas duas diretorias, acad\u00eamica e administrativa-financeira, que s\u00e3o lideradas por mulheres\u201d, disse.<\/p>\n<p>A diretora administrativa-financeira, Profa. Me. Eliane\u00a0Ara\u00fajo, ressalta que atualmente o mercado de trabalho tem progredido significativamente ao optar por selecionar candidatos com base em suas compet\u00eancias, ao inv\u00e9s de considerar o sexo como um fator determinante. Isso \u00e9 especialmente importante, considerando que, em modelos arcaicos, o sexo j\u00e1 foi um crit\u00e9rio de escolha. \u201cEsse avan\u00e7o \u00e9 essencial, pois permite que, n\u00f3s, mulheres, ocupemos diversos cargos que, no passado, eram predominantemente reservados aos homens, mesmo sendo detentoras de capacidades e responsabilidades para desempenhar essas fun\u00e7\u00f5es. Nesse sentido, o UNIFEB se destaca como um exemplo inspirador de igualdade de g\u00eanero, pois adotou uma abordagem pioneira ao incluir mulheres em sua equipe e em cargos executivos\u201d, lembrou.<\/p>\n<p>Outro aspecto destacado pela diretora Eliane \u00e9 sobre a igualdade salarial que hoje \u00e9 assegurada por lei. \u201cNo UNIFEB isso nunca foi empecilho, porque voluntariamente a institui\u00e7\u00e3o sempre remunerou as mulheres de forma igualit\u00e1ria, porque acredita na paridade quanto \u00e0 execu\u00e7\u00e3o dos trabalhos. Essas posturas demonstram nosso compromisso com o desenvolvimento de compet\u00eancias e talentos, sem se prender a preconceitos relacionados \u00e0 cor, ra\u00e7a, sexo ou estere\u00f3tipos\u201d, refor\u00e7ou.<\/p>\n<p>Eliane ainda enfatiza que o UNIFEB hoje \u00e9 um modelo de protagonismo feminino no mercado de trabalho, destacando-se como um ambiente inclusivo e progressista onde o potencial das mulheres \u00e9 valorizado e reconhecido em sua totalidade. \u201cPara mim, \u00e9 motivo de grande orgulho fazer parte desta institui\u00e7\u00e3o que promove a igualdade de oportunidades e o empoderamento feminino\u201d, finalizou.<\/p>\n<p>A diretoria acad\u00eamica do UNIFEB \u00e9 conduzida pela Profa. Dra. Neide Lehfeld e outras ger\u00eancias e coordena\u00e7\u00f5es tamb\u00e9m s\u00e3o lideradas por mulheres de extrema compet\u00eancia e amplo conhecimento em suas \u00e1reas de atua\u00e7\u00e3o.<\/p>\n<p>&nbsp;<\/p>\n","protected":false},"excerpt":{"rendered":"<p>Gestoras do Centro Universit\u00e1rio s\u00e3o exemplos de governan\u00e7a feminina no<\/p>\n","protected":false},"author":2,"featured_media":102149,"comment_status":"open","ping_status":"open","sticky":false,"template":"","format":"standard","meta":{"footnotes":""},"categories":[14,25],"tags":[],"class_list":["post-102148","post","type-post","status-publish","format-standard","has-post-thumbnail","hentry","category-barretos","category-cidades"],"yoast_head":"<!-- This site is optimized with the Yoast SEO plugin v27.4 - https:\/\/yoast.com\/product\/yoast-seo-wordpress\/ -->\n<title>DIA DA MULHER: Maioria dos cargos de lideran\u00e7a no UNIFEB \u00e9 ocupada por mulheres - Regi\u00e3o News<\/title>\n<meta name=\"robots\" content=\"index, follow, max-snippet:-1, max-image-preview:large, max-video-preview:-1\" \/>\n<link rel=\"canonical\" href=\"https:\/\/regiaonews.net.br\/2022\/2024\/03\/07\/dia-da-mulher-maioria-dos-cargos-de-lideranca-no-unifeb-e-ocupada-por-mulheres\/\" \/>\n<meta property=\"og:locale\" content=\"pt_BR\" \/>\n<meta property=\"og:type\" content=\"article\" \/>\n<meta property=\"og:title\" content=\"DIA DA MULHER: Maioria dos cargos de lideran\u00e7a no UNIFEB \u00e9 ocupada por mulheres - Regi\u00e3o News\" \/>\n<meta property=\"og:description\" content=\"Gestoras do Centro Universit\u00e1rio s\u00e3o exemplos de governan\u00e7a feminina no\" \/>\n<meta property=\"og:url\" content=\"https:\/\/regiaonews.net.br\/2022\/2024\/03\/07\/dia-da-mulher-maioria-dos-cargos-de-lideranca-no-unifeb-e-ocupada-por-mulheres\/\" \/>\n<meta property=\"og:site_name\" content=\"Regi\u00e3o News\" \/>\n<meta property=\"article:published_time\" content=\"2024-03-07T19:50:03+00:00\" \/>\n<meta property=\"og:image\" content=\"https:\/\/regiaonews.net.br\/2022\/wp-content\/uploads\/2024\/03\/Gestoras_UNIFEB_01.jpg\" \/>\n\t<meta property=\"og:image:width\" content=\"1920\" \/>\n\t<meta property=\"og:image:height\" content=\"1187\" \/>\n\t<meta property=\"og:image:type\" content=\"image\/jpeg\" \/>\n<meta name=\"author\" content=\"Roberto\" \/>\n<meta name=\"twitter:card\" content=\"summary_large_image\" \/>\n<meta name=\"twitter:label1\" content=\"Escrito por\" \/>\n\t<meta name=\"twitter:data1\" content=\"Roberto\" \/>\n\t<meta name=\"twitter:label2\" content=\"Est. tempo de leitura\" \/>\n\t<meta name=\"twitter:data2\" content=\"3 minutos\" \/>\n<script type=\"application\/ld+json\" class=\"yoast-schema-graph\">{\"@context\":\"https:\\\/\\\/schema.org\",\"@graph\":[{\"@type\":\"Article\",\"@id\":\"https:\\\/\\\/regiaonews.net.br\\\/2022\\\/2024\\\/03\\\/07\\\/dia-da-mulher-maioria-dos-cargos-de-lideranca-no-unifeb-e-ocupada-por-mulheres\\\/#article\",\"isPartOf\":{\"@id\":\"https:\\\/\\\/regiaonews.net.br\\\/2022\\\/2024\\\/03\\\/07\\\/dia-da-mulher-maioria-dos-cargos-de-lideranca-no-unifeb-e-ocupada-por-mulheres\\\/\"},\"author\":{\"name\":\"Roberto\",\"@id\":\"https:\\\/\\\/regiaonews.net.br\\\/2022\\\/#\\\/schema\\\/person\\\/2d205a608a5aa97ac279d7a5e6d89ad8\"},\"headline\":\"DIA DA MULHER: Maioria dos cargos de lideran\u00e7a no UNIFEB \u00e9 ocupada por mulheres\",\"datePublished\":\"2024-03-07T19:50:03+00:00\",\"mainEntityOfPage\":{\"@id\":\"https:\\\/\\\/regiaonews.net.br\\\/2022\\\/2024\\\/03\\\/07\\\/dia-da-mulher-maioria-dos-cargos-de-lideranca-no-unifeb-e-ocupada-por-mulheres\\\/\"},\"wordCount\":513,\"commentCount\":0,\"publisher\":{\"@id\":\"https:\\\/\\\/regiaonews.net.br\\\/2022\\\/#organization\"},\"image\":{\"@id\":\"https:\\\/\\\/regiaonews.net.br\\\/2022\\\/2024\\\/03\\\/07\\\/dia-da-mulher-maioria-dos-cargos-de-lideranca-no-unifeb-e-ocupada-por-mulheres\\\/#primaryimage\"},\"thumbnailUrl\":\"https:\\\/\\\/regiaonews.net.br\\\/2022\\\/wp-content\\\/uploads\\\/2024\\\/03\\\/Gestoras_UNIFEB_01.jpg\",\"articleSection\":[\"Barretos\",\"Cidades\"],\"inLanguage\":\"pt-BR\",\"potentialAction\":[{\"@type\":\"CommentAction\",\"name\":\"Comment\",\"target\":[\"https:\\\/\\\/regiaonews.net.br\\\/2022\\\/2024\\\/03\\\/07\\\/dia-da-mulher-maioria-dos-cargos-de-lideranca-no-unifeb-e-ocupada-por-mulheres\\\/#respond\"]}]},{\"@type\":\"WebPage\",\"@id\":\"https:\\\/\\\/regiaonews.net.br\\\/2022\\\/2024\\\/03\\\/07\\\/dia-da-mulher-maioria-dos-cargos-de-lideranca-no-unifeb-e-ocupada-por-mulheres\\\/\",\"url\":\"https:\\\/\\\/regiaonews.net.br\\\/2022\\\/2024\\\/03\\\/07\\\/dia-da-mulher-maioria-dos-cargos-de-lideranca-no-unifeb-e-ocupada-por-mulheres\\\/\",\"name\":\"DIA DA MULHER: Maioria dos cargos de lideran\u00e7a no UNIFEB \u00e9 ocupada por mulheres - Regi\u00e3o News\",\"isPartOf\":{\"@id\":\"https:\\\/\\\/regiaonews.net.br\\\/2022\\\/#website\"},\"primaryImageOfPage\":{\"@id\":\"https:\\\/\\\/regiaonews.net.br\\\/2022\\\/2024\\\/03\\\/07\\\/dia-da-mulher-maioria-dos-cargos-de-lideranca-no-unifeb-e-ocupada-por-mulheres\\\/#primaryimage\"},\"image\":{\"@id\":\"https:\\\/\\\/regiaonews.net.br\\\/2022\\\/2024\\\/03\\\/07\\\/dia-da-mulher-maioria-dos-cargos-de-lideranca-no-unifeb-e-ocupada-por-mulheres\\\/#primaryimage\"},\"thumbnailUrl\":\"https:\\\/\\\/regiaonews.net.br\\\/2022\\\/wp-content\\\/uploads\\\/2024\\\/03\\\/Gestoras_UNIFEB_01.jpg\",\"datePublished\":\"2024-03-07T19:50:03+00:00\",\"breadcrumb\":{\"@id\":\"https:\\\/\\\/regiaonews.net.br\\\/2022\\\/2024\\\/03\\\/07\\\/dia-da-mulher-maioria-dos-cargos-de-lideranca-no-unifeb-e-ocupada-por-mulheres\\\/#breadcrumb\"},\"inLanguage\":\"pt-BR\",\"potentialAction\":[{\"@type\":\"ReadAction\",\"target\":[\"https:\\\/\\\/regiaonews.net.br\\\/2022\\\/2024\\\/03\\\/07\\\/dia-da-mulher-maioria-dos-cargos-de-lideranca-no-unifeb-e-ocupada-por-mulheres\\\/\"]}]},{\"@type\":\"ImageObject\",\"inLanguage\":\"pt-BR\",\"@id\":\"https:\\\/\\\/regiaonews.net.br\\\/2022\\\/2024\\\/03\\\/07\\\/dia-da-mulher-maioria-dos-cargos-de-lideranca-no-unifeb-e-ocupada-por-mulheres\\\/#primaryimage\",\"url\":\"https:\\\/\\\/regiaonews.net.br\\\/2022\\\/wp-content\\\/uploads\\\/2024\\\/03\\\/Gestoras_UNIFEB_01.jpg\",\"contentUrl\":\"https:\\\/\\\/regiaonews.net.br\\\/2022\\\/wp-content\\\/uploads\\\/2024\\\/03\\\/Gestoras_UNIFEB_01.jpg\",\"width\":1920,\"height\":1187},{\"@type\":\"BreadcrumbList\",\"@id\":\"https:\\\/\\\/regiaonews.net.br\\\/2022\\\/2024\\\/03\\\/07\\\/dia-da-mulher-maioria-dos-cargos-de-lideranca-no-unifeb-e-ocupada-por-mulheres\\\/#breadcrumb\",\"itemListElement\":[{\"@type\":\"ListItem\",\"position\":1,\"name\":\"In\u00edcio\",\"item\":\"https:\\\/\\\/regiaonews.net.br\\\/2022\\\/\"},{\"@type\":\"ListItem\",\"position\":2,\"name\":\"DIA DA MULHER: Maioria dos cargos de lideran\u00e7a no UNIFEB \u00e9 ocupada por mulheres\"}]},{\"@type\":\"WebSite\",\"@id\":\"https:\\\/\\\/regiaonews.net.br\\\/2022\\\/#website\",\"url\":\"https:\\\/\\\/regiaonews.net.br\\\/2022\\\/\",\"name\":\"Regi\u00e3o News\",\"description\":\"Site de Not\u00edcias de Barretos e regi\u00e3o\",\"publisher\":{\"@id\":\"https:\\\/\\\/regiaonews.net.br\\\/2022\\\/#organization\"},\"potentialAction\":[{\"@type\":\"SearchAction\",\"target\":{\"@type\":\"EntryPoint\",\"urlTemplate\":\"https:\\\/\\\/regiaonews.net.br\\\/2022\\\/?s={search_term_string}\"},\"query-input\":{\"@type\":\"PropertyValueSpecification\",\"valueRequired\":true,\"valueName\":\"search_term_string\"}}],\"inLanguage\":\"pt-BR\"},{\"@type\":\"Organization\",\"@id\":\"https:\\\/\\\/regiaonews.net.br\\\/2022\\\/#organization\",\"name\":\"Regi\u00e3o News\",\"url\":\"https:\\\/\\\/regiaonews.net.br\\\/2022\\\/\",\"logo\":{\"@type\":\"ImageObject\",\"inLanguage\":\"pt-BR\",\"@id\":\"https:\\\/\\\/regiaonews.net.br\\\/2022\\\/#\\\/schema\\\/logo\\\/image\\\/\",\"url\":\"https:\\\/\\\/regiaonews.net.br\\\/2022\\\/wp-content\\\/uploads\\\/2026\\\/03\\\/regiao-13-anos-scaled.jpg\",\"contentUrl\":\"https:\\\/\\\/regiaonews.net.br\\\/2022\\\/wp-content\\\/uploads\\\/2026\\\/03\\\/regiao-13-anos-scaled.jpg\",\"width\":2560,\"height\":635,\"caption\":\"Regi\u00e3o News\"},\"image\":{\"@id\":\"https:\\\/\\\/regiaonews.net.br\\\/2022\\\/#\\\/schema\\\/logo\\\/image\\\/\"}},{\"@type\":\"Person\",\"@id\":\"https:\\\/\\\/regiaonews.net.br\\\/2022\\\/#\\\/schema\\\/person\\\/2d205a608a5aa97ac279d7a5e6d89ad8\",\"name\":\"Roberto\",\"image\":{\"@type\":\"ImageObject\",\"inLanguage\":\"pt-BR\",\"@id\":\"https:\\\/\\\/secure.gravatar.com\\\/avatar\\\/42749d8b712ff9d59ca93dc150494e5b55a44134482993f5baeb97e61b7ecc89?s=96&d=mm&r=g\",\"url\":\"https:\\\/\\\/secure.gravatar.com\\\/avatar\\\/42749d8b712ff9d59ca93dc150494e5b55a44134482993f5baeb97e61b7ecc89?s=96&d=mm&r=g\",\"contentUrl\":\"https:\\\/\\\/secure.gravatar.com\\\/avatar\\\/42749d8b712ff9d59ca93dc150494e5b55a44134482993f5baeb97e61b7ecc89?s=96&d=mm&r=g\",\"caption\":\"Roberto\"},\"url\":\"https:\\\/\\\/regiaonews.net.br\\\/2022\\\/author\\\/roberto\\\/\"}]}<\/script>\n<!-- \/ Yoast SEO plugin. -->","yoast_head_json":{"title":"DIA DA MULHER: Maioria dos cargos de lideran\u00e7a no UNIFEB \u00e9 ocupada por mulheres - Regi\u00e3o News","robots":{"index":"index","follow":"follow","max-snippet":"max-snippet:-1","max-image-preview":"max-image-preview:large","max-video-preview":"max-video-preview:-1"},"canonical":"https:\/\/regiaonews.net.br\/2022\/2024\/03\/07\/dia-da-mulher-maioria-dos-cargos-de-lideranca-no-unifeb-e-ocupada-por-mulheres\/","og_locale":"pt_BR","og_type":"article","og_title":"DIA DA MULHER: Maioria dos cargos de lideran\u00e7a no UNIFEB \u00e9 ocupada por mulheres - Regi\u00e3o News","og_description":"Gestoras do Centro Universit\u00e1rio s\u00e3o exemplos de governan\u00e7a feminina no","og_url":"https:\/\/regiaonews.net.br\/2022\/2024\/03\/07\/dia-da-mulher-maioria-dos-cargos-de-lideranca-no-unifeb-e-ocupada-por-mulheres\/","og_site_name":"Regi\u00e3o News","article_published_time":"2024-03-07T19:50:03+00:00","og_image":[{"width":1920,"height":1187,"url":"https:\/\/regiaonews.net.br\/2022\/wp-content\/uploads\/2024\/03\/Gestoras_UNIFEB_01.jpg","type":"image\/jpeg"}],"author":"Roberto","twitter_card":"summary_large_image","twitter_misc":{"Escrito por":"Roberto","Est. tempo de leitura":"3 minutos"},"schema":{"@context":"https:\/\/schema.org","@graph":[{"@type":"Article","@id":"https:\/\/regiaonews.net.br\/2022\/2024\/03\/07\/dia-da-mulher-maioria-dos-cargos-de-lideranca-no-unifeb-e-ocupada-por-mulheres\/#article","isPartOf":{"@id":"https:\/\/regiaonews.net.br\/2022\/2024\/03\/07\/dia-da-mulher-maioria-dos-cargos-de-lideranca-no-unifeb-e-ocupada-por-mulheres\/"},"author":{"name":"Roberto","@id":"https:\/\/regiaonews.net.br\/2022\/#\/schema\/person\/2d205a608a5aa97ac279d7a5e6d89ad8"},"headline":"DIA DA MULHER: Maioria dos cargos de lideran\u00e7a no UNIFEB \u00e9 ocupada por mulheres","datePublished":"2024-03-07T19:50:03+00:00","mainEntityOfPage":{"@id":"https:\/\/regiaonews.net.br\/2022\/2024\/03\/07\/dia-da-mulher-maioria-dos-cargos-de-lideranca-no-unifeb-e-ocupada-por-mulheres\/"},"wordCount":513,"commentCount":0,"publisher":{"@id":"https:\/\/regiaonews.net.br\/2022\/#organization"},"image":{"@id":"https:\/\/regiaonews.net.br\/2022\/2024\/03\/07\/dia-da-mulher-maioria-dos-cargos-de-lideranca-no-unifeb-e-ocupada-por-mulheres\/#primaryimage"},"thumbnailUrl":"https:\/\/regiaonews.net.br\/2022\/wp-content\/uploads\/2024\/03\/Gestoras_UNIFEB_01.jpg","articleSection":["Barretos","Cidades"],"inLanguage":"pt-BR","potentialAction":[{"@type":"CommentAction","name":"Comment","target":["https:\/\/regiaonews.net.br\/2022\/2024\/03\/07\/dia-da-mulher-maioria-dos-cargos-de-lideranca-no-unifeb-e-ocupada-por-mulheres\/#respond"]}]},{"@type":"WebPage","@id":"https:\/\/regiaonews.net.br\/2022\/2024\/03\/07\/dia-da-mulher-maioria-dos-cargos-de-lideranca-no-unifeb-e-ocupada-por-mulheres\/","url":"https:\/\/regiaonews.net.br\/2022\/2024\/03\/07\/dia-da-mulher-maioria-dos-cargos-de-lideranca-no-unifeb-e-ocupada-por-mulheres\/","name":"DIA DA MULHER: Maioria dos cargos de lideran\u00e7a no UNIFEB \u00e9 ocupada por mulheres - Regi\u00e3o News","isPartOf":{"@id":"https:\/\/regiaonews.net.br\/2022\/#website"},"primaryImageOfPage":{"@id":"https:\/\/regiaonews.net.br\/2022\/2024\/03\/07\/dia-da-mulher-maioria-dos-cargos-de-lideranca-no-unifeb-e-ocupada-por-mulheres\/#primaryimage"},"image":{"@id":"https:\/\/regiaonews.net.br\/2022\/2024\/03\/07\/dia-da-mulher-maioria-dos-cargos-de-lideranca-no-unifeb-e-ocupada-por-mulheres\/#primaryimage"},"thumbnailUrl":"https:\/\/regiaonews.net.br\/2022\/wp-content\/uploads\/2024\/03\/Gestoras_UNIFEB_01.jpg","datePublished":"2024-03-07T19:50:03+00:00","breadcrumb":{"@id":"https:\/\/regiaonews.net.br\/2022\/2024\/03\/07\/dia-da-mulher-maioria-dos-cargos-de-lideranca-no-unifeb-e-ocupada-por-mulheres\/#breadcrumb"},"inLanguage":"pt-BR","potentialAction":[{"@type":"ReadAction","target":["https:\/\/regiaonews.net.br\/2022\/2024\/03\/07\/dia-da-mulher-maioria-dos-cargos-de-lideranca-no-unifeb-e-ocupada-por-mulheres\/"]}]},{"@type":"ImageObject","inLanguage":"pt-BR","@id":"https:\/\/regiaonews.net.br\/2022\/2024\/03\/07\/dia-da-mulher-maioria-dos-cargos-de-lideranca-no-unifeb-e-ocupada-por-mulheres\/#primaryimage","url":"https:\/\/regiaonews.net.br\/2022\/wp-content\/uploads\/2024\/03\/Gestoras_UNIFEB_01.jpg","contentUrl":"https:\/\/regiaonews.net.br\/2022\/wp-content\/uploads\/2024\/03\/Gestoras_UNIFEB_01.jpg","width":1920,"height":1187},{"@type":"BreadcrumbList","@id":"https:\/\/regiaonews.net.br\/2022\/2024\/03\/07\/dia-da-mulher-maioria-dos-cargos-de-lideranca-no-unifeb-e-ocupada-por-mulheres\/#breadcrumb","itemListElement":[{"@type":"ListItem","position":1,"name":"In\u00edcio","item":"https:\/\/regiaonews.net.br\/2022\/"},{"@type":"ListItem","position":2,"name":"DIA DA MULHER: Maioria dos cargos de lideran\u00e7a no UNIFEB \u00e9 ocupada por mulheres"}]},{"@type":"WebSite","@id":"https:\/\/regiaonews.net.br\/2022\/#website","url":"https:\/\/regiaonews.net.br\/2022\/","name":"Regi\u00e3o News","description":"Site de Not\u00edcias de Barretos e regi\u00e3o","publisher":{"@id":"https:\/\/regiaonews.net.br\/2022\/#organization"},"potentialAction":[{"@type":"SearchAction","target":{"@type":"EntryPoint","urlTemplate":"https:\/\/regiaonews.net.br\/2022\/?s={search_term_string}"},"query-input":{"@type":"PropertyValueSpecification","valueRequired":true,"valueName":"search_term_string"}}],"inLanguage":"pt-BR"},{"@type":"Organization","@id":"https:\/\/regiaonews.net.br\/2022\/#organization","name":"Regi\u00e3o News","url":"https:\/\/regiaonews.net.br\/2022\/","logo":{"@type":"ImageObject","inLanguage":"pt-BR","@id":"https:\/\/regiaonews.net.br\/2022\/#\/schema\/logo\/image\/","url":"https:\/\/regiaonews.net.br\/2022\/wp-content\/uploads\/2026\/03\/regiao-13-anos-scaled.jpg","contentUrl":"https:\/\/regiaonews.net.br\/2022\/wp-content\/uploads\/2026\/03\/regiao-13-anos-scaled.jpg","width":2560,"height":635,"caption":"Regi\u00e3o News"},"image":{"@id":"https:\/\/regiaonews.net.br\/2022\/#\/schema\/logo\/image\/"}},{"@type":"Person","@id":"https:\/\/regiaonews.net.br\/2022\/#\/schema\/person\/2d205a608a5aa97ac279d7a5e6d89ad8","name":"Roberto","image":{"@type":"ImageObject","inLanguage":"pt-BR","@id":"https:\/\/secure.gravatar.com\/avatar\/42749d8b712ff9d59ca93dc150494e5b55a44134482993f5baeb97e61b7ecc89?s=96&d=mm&r=g","url":"https:\/\/secure.gravatar.com\/avatar\/42749d8b712ff9d59ca93dc150494e5b55a44134482993f5baeb97e61b7ecc89?s=96&d=mm&r=g","contentUrl":"https:\/\/secure.gravatar.com\/avatar\/42749d8b712ff9d59ca93dc150494e5b55a44134482993f5baeb97e61b7ecc89?s=96&d=mm&r=g","caption":"Roberto"},"url":"https:\/\/regiaonews.net.br\/2022\/author\/roberto\/"}]}},"publishpress_future_action":{"enabled":false,"date":"2026-05-03 08:14:14","action":"change-status","newStatus":"draft","terms":[],"taxonomy":"category","extraData":[]},"publishpress_future_workflow_manual_trigger":{"enabledWorkflows":[]},"_links":{"self":[{"href":"https:\/\/regiaonews.net.br\/2022\/wp-json\/wp\/v2\/posts\/102148","targetHints":{"allow":["GET"]}}],"collection":[{"href":"https:\/\/regiaonews.net.br\/2022\/wp-json\/wp\/v2\/posts"}],"about":[{"href":"https:\/\/regiaonews.net.br\/2022\/wp-json\/wp\/v2\/types\/post"}],"author":[{"embeddable":true,"href":"https:\/\/regiaonews.net.br\/2022\/wp-json\/wp\/v2\/users\/2"}],"replies":[{"embeddable":true,"href":"https:\/\/regiaonews.net.br\/2022\/wp-json\/wp\/v2\/comments?post=102148"}],"version-history":[{"count":1,"href":"https:\/\/regiaonews.net.br\/2022\/wp-json\/wp\/v2\/posts\/102148\/revisions"}],"predecessor-version":[{"id":102150,"href":"https:\/\/regiaonews.net.br\/2022\/wp-json\/wp\/v2\/posts\/102148\/revisions\/102150"}],"wp:featuredmedia":[{"embeddable":true,"href":"https:\/\/regiaonews.net.br\/2022\/wp-json\/wp\/v2\/media\/102149"}],"wp:attachment":[{"href":"https:\/\/regiaonews.net.br\/2022\/wp-json\/wp\/v2\/media?parent=102148"}],"wp:term":[{"taxonomy":"category","embeddable":true,"href":"https:\/\/regiaonews.net.br\/2022\/wp-json\/wp\/v2\/categories?post=102148"},{"taxonomy":"post_tag","embeddable":true,"href":"https:\/\/regiaonews.net.br\/2022\/wp-json\/wp\/v2\/tags?post=102148"}],"curies":[{"name":"wp","href":"https:\/\/api.w.org\/{rel}","templated":true}]}}