{"id":102132,"date":"2024-03-07T10:39:20","date_gmt":"2024-03-07T13:39:20","guid":{"rendered":"https:\/\/regiaonews.net.br\/2022\/?p=102132"},"modified":"2024-03-07T10:39:20","modified_gmt":"2024-03-07T13:39:20","slug":"prefeitura-de-barretos-inicia-entrega-de-brinquedos-educativos-para-todos-os-cemeis","status":"publish","type":"post","link":"https:\/\/regiaonews.net.br\/2022\/2024\/03\/07\/prefeitura-de-barretos-inicia-entrega-de-brinquedos-educativos-para-todos-os-cemeis\/","title":{"rendered":"Prefeitura de Barretos inicia entrega de brinquedos educativos para todos os Cemeis"},"content":{"rendered":"<h3 style=\"text-align: center;\">Unidades tamb\u00e9m come\u00e7aram a receber os kits de uniformes de ver\u00e3o compostos por camisetas manga curta, camisetas regata, bermudas, short saia<\/h3>\n<p>A Prefeitura da Est\u00e2ncia Tur\u00edstica de Barretos, por meio da Secretaria Municipal de Educa\u00e7\u00e3o, iniciou a entrega de kits de brinquedos para todos os 29 Centros Municipais de Educa\u00e7\u00e3o Infantil (Cemeis) da cidade. Compostos por brinquedos para atividades de motricidade, conjunto de movimenta\u00e7\u00e3o ativa, quebra-cabe\u00e7a, brinquedoteca, caixa de n\u00fameros, bandinha r\u00edtmica, escorregador e pula-pula, os kits t\u00eam a proposta de conciliar divers\u00e3o e educa\u00e7\u00e3o.<br \/>\nNa manh\u00e3 desta quarta-feira, a prefeita Paula Lemos, a secret\u00e1ria de Educa\u00e7\u00e3o, J\u00e9ssica Maria dos Santos, e supervisores de ensino estiveram em algumas unidades e puderam ver de perto a aprova\u00e7\u00e3o dos novos itens, tanto pelas equipes escolares, quanto por alunos e familiares. \u201cSempre saio dessas escolas melhor do que entrei e ver a alegria das nossas crian\u00e7as com os novos brinquedos educativos, com a bandinha, com o pula-pula, \u00e9 muito gratificante. Isso mostra que a educa\u00e7\u00e3o barretense est\u00e1 no caminho certo, tanto que recebemos o pr\u00eamio de munic\u00edpio destaque em alfabetiza\u00e7\u00e3o do Estado de S\u00e3o Paulo\u201d, disse a prefeita.<br \/>\nNo Cemei Elza Maria Pita Bezerra, primeiro espa\u00e7o visitado, o vereador Paulo Correa esteve presente e falou da iniciativa. \u201cFoi um pedido que fiz \u00e0 prefeita Paula Lemos, ap\u00f3s ser procurado pela minha amiga Eliana Bernardes e pela diretora Izabela Gomes. A iniciativa ser\u00e1 estendida a outras unidades educacionais, trazendo divertimento e conhecimento \u00e0s crian\u00e7as\u201d, contou.<br \/>\nJ\u00e1 o Cemei Irm\u00e3 Elza Martha Martheia, al\u00e9m dos kits de brinquedos, tamb\u00e9m recebeu um playground na \u00e1rea externa. A novidade foi comemorada por pais e pela diretora Priscila Silv\u00e9rio de Assis Ribeiro.<br \/>\nAv\u00f3 dos pequenos Maemi e Brian, a pernambucana Eliane Maria da Silva vive em Barretos h\u00e1 dois anos e aprovou os novos brinquedos. \u201cEu gostei muito do parquinho. Est\u00e1 sendo uma coisa muito maravilhosa o que a prefeita est\u00e1 fazendo aqui. Todo mundo da escola est\u00e1 de parab\u00e9ns.\u201d, contou. \u201cFaz dois anos que eu estou aqui em Barretos, uma cidade maravilhosa, que tem bastante servi\u00e7o para as pessoas trabalharem. \u00c9 uma cidade que cada dia mais est\u00e1 melhorando, cada ano que passa est\u00e1 melhorando, a educa\u00e7\u00e3o das crian\u00e7as, a educa\u00e7\u00e3o das professoras com as crian\u00e7as. E eu agrade\u00e7o \u00e0 prefeita Paula, que ela continue assim, humilde, e que ela seja uma pessoa sempre boa e alegre\u201d, completou.<br \/>\nLuana Oliveira Freitas, m\u00e3e da Emanuele e do Jos\u00e9 Miguel, tamb\u00e9m gostou do playground. \u201cAh eu adorei. Nossa as crian\u00e7as se sentem muito mais felizes com isso. \u00c9 uma forma deles brincarem e tamb\u00e9m gastarem energia. Faz bem tamb\u00e9m para eles se exercitarem, n\u00e9? Para n\u00e3o se manter muito focado s\u00f3 numa coisa s\u00f3\u201d, contou.<br \/>\nOs brinquedos foram adquiridos por meio de emenda parlamentar do Deputado Federal Arlindo Chinaglia no valor de R$ 150.000,00.<\/p>\n<p><strong>Entrega de Uniformes<\/strong><br \/>\nDurante a manh\u00e3 tamb\u00e9m foram apresentados os uniformes de ver\u00e3o que j\u00e1 come\u00e7aram a ser entregues em todos os Cemeis e Escolas Municipais. Eles s\u00e3o compostos por camisetas de manga curta, regata, bermuda e short saia.<br \/>\nNa E.M. Professor Dorival Teixeira os alunos desfilaram os novos uniformes e at\u00e9 dan\u00e7aram com a prefeita Paula.<br \/>\nDe acordo com a secret\u00e1ria J\u00e9ssica, a entrega dos kits ver\u00e3o deve ser conclu\u00edda ainda neste m\u00eas de mar\u00e7o, com a realiza\u00e7\u00e3o das trocas que se fizerem necess\u00e1rias. Os itens de inverno ser\u00e3o entregues na sequ\u00eancia.<\/p>\n<p>Foto: Andr\u00e9 Monteiro.<\/p>\n","protected":false},"excerpt":{"rendered":"<p>Unidades tamb\u00e9m come\u00e7aram a receber os kits de uniformes de<\/p>\n","protected":false},"author":2,"featured_media":102133,"comment_status":"open","ping_status":"open","sticky":false,"template":"","format":"standard","meta":{"footnotes":""},"categories":[14,3],"tags":[],"class_list":["post-102132","post","type-post","status-publish","format-standard","has-post-thumbnail","hentry","category-barretos","category-geral"],"yoast_head":"<!-- This site is optimized with the Yoast SEO plugin v27.4 - https:\/\/yoast.com\/product\/yoast-seo-wordpress\/ -->\n<title>Prefeitura de Barretos inicia entrega de brinquedos educativos para todos os Cemeis - Regi\u00e3o News<\/title>\n<meta name=\"robots\" content=\"index, follow, max-snippet:-1, max-image-preview:large, max-video-preview:-1\" \/>\n<link rel=\"canonical\" href=\"https:\/\/regiaonews.net.br\/2022\/2024\/03\/07\/prefeitura-de-barretos-inicia-entrega-de-brinquedos-educativos-para-todos-os-cemeis\/\" \/>\n<meta property=\"og:locale\" content=\"pt_BR\" \/>\n<meta property=\"og:type\" content=\"article\" \/>\n<meta property=\"og:title\" content=\"Prefeitura de Barretos inicia entrega de brinquedos educativos para todos os Cemeis - Regi\u00e3o News\" \/>\n<meta property=\"og:description\" content=\"Unidades tamb\u00e9m come\u00e7aram a receber os kits de uniformes de\" \/>\n<meta property=\"og:url\" content=\"https:\/\/regiaonews.net.br\/2022\/2024\/03\/07\/prefeitura-de-barretos-inicia-entrega-de-brinquedos-educativos-para-todos-os-cemeis\/\" \/>\n<meta property=\"og:site_name\" content=\"Regi\u00e3o News\" \/>\n<meta property=\"article:published_time\" content=\"2024-03-07T13:39:20+00:00\" \/>\n<meta property=\"og:image\" content=\"https:\/\/regiaonews.net.br\/2022\/wp-content\/uploads\/2024\/03\/Imagem-do-WhatsApp-de-2024-03-07-as-09.59.17_ffd1437c.jpg\" \/>\n\t<meta property=\"og:image:width\" content=\"1600\" \/>\n\t<meta property=\"og:image:height\" content=\"1067\" \/>\n\t<meta property=\"og:image:type\" content=\"image\/jpeg\" \/>\n<meta name=\"author\" content=\"Roberto\" \/>\n<meta name=\"twitter:card\" content=\"summary_large_image\" \/>\n<meta name=\"twitter:label1\" content=\"Escrito por\" \/>\n\t<meta name=\"twitter:data1\" content=\"Roberto\" \/>\n\t<meta name=\"twitter:label2\" content=\"Est. tempo de leitura\" \/>\n\t<meta name=\"twitter:data2\" content=\"4 minutos\" \/>\n<script type=\"application\/ld+json\" class=\"yoast-schema-graph\">{\"@context\":\"https:\\\/\\\/schema.org\",\"@graph\":[{\"@type\":\"Article\",\"@id\":\"https:\\\/\\\/regiaonews.net.br\\\/2022\\\/2024\\\/03\\\/07\\\/prefeitura-de-barretos-inicia-entrega-de-brinquedos-educativos-para-todos-os-cemeis\\\/#article\",\"isPartOf\":{\"@id\":\"https:\\\/\\\/regiaonews.net.br\\\/2022\\\/2024\\\/03\\\/07\\\/prefeitura-de-barretos-inicia-entrega-de-brinquedos-educativos-para-todos-os-cemeis\\\/\"},\"author\":{\"name\":\"Roberto\",\"@id\":\"https:\\\/\\\/regiaonews.net.br\\\/2022\\\/#\\\/schema\\\/person\\\/2d205a608a5aa97ac279d7a5e6d89ad8\"},\"headline\":\"Prefeitura de Barretos inicia entrega de brinquedos educativos para todos os Cemeis\",\"datePublished\":\"2024-03-07T13:39:20+00:00\",\"mainEntityOfPage\":{\"@id\":\"https:\\\/\\\/regiaonews.net.br\\\/2022\\\/2024\\\/03\\\/07\\\/prefeitura-de-barretos-inicia-entrega-de-brinquedos-educativos-para-todos-os-cemeis\\\/\"},\"wordCount\":625,\"commentCount\":0,\"publisher\":{\"@id\":\"https:\\\/\\\/regiaonews.net.br\\\/2022\\\/#organization\"},\"image\":{\"@id\":\"https:\\\/\\\/regiaonews.net.br\\\/2022\\\/2024\\\/03\\\/07\\\/prefeitura-de-barretos-inicia-entrega-de-brinquedos-educativos-para-todos-os-cemeis\\\/#primaryimage\"},\"thumbnailUrl\":\"https:\\\/\\\/regiaonews.net.br\\\/2022\\\/wp-content\\\/uploads\\\/2024\\\/03\\\/Imagem-do-WhatsApp-de-2024-03-07-as-09.59.17_ffd1437c.jpg\",\"articleSection\":[\"Barretos\",\"Geral\"],\"inLanguage\":\"pt-BR\",\"potentialAction\":[{\"@type\":\"CommentAction\",\"name\":\"Comment\",\"target\":[\"https:\\\/\\\/regiaonews.net.br\\\/2022\\\/2024\\\/03\\\/07\\\/prefeitura-de-barretos-inicia-entrega-de-brinquedos-educativos-para-todos-os-cemeis\\\/#respond\"]}]},{\"@type\":\"WebPage\",\"@id\":\"https:\\\/\\\/regiaonews.net.br\\\/2022\\\/2024\\\/03\\\/07\\\/prefeitura-de-barretos-inicia-entrega-de-brinquedos-educativos-para-todos-os-cemeis\\\/\",\"url\":\"https:\\\/\\\/regiaonews.net.br\\\/2022\\\/2024\\\/03\\\/07\\\/prefeitura-de-barretos-inicia-entrega-de-brinquedos-educativos-para-todos-os-cemeis\\\/\",\"name\":\"Prefeitura de Barretos inicia entrega de brinquedos educativos para todos os Cemeis - Regi\u00e3o News\",\"isPartOf\":{\"@id\":\"https:\\\/\\\/regiaonews.net.br\\\/2022\\\/#website\"},\"primaryImageOfPage\":{\"@id\":\"https:\\\/\\\/regiaonews.net.br\\\/2022\\\/2024\\\/03\\\/07\\\/prefeitura-de-barretos-inicia-entrega-de-brinquedos-educativos-para-todos-os-cemeis\\\/#primaryimage\"},\"image\":{\"@id\":\"https:\\\/\\\/regiaonews.net.br\\\/2022\\\/2024\\\/03\\\/07\\\/prefeitura-de-barretos-inicia-entrega-de-brinquedos-educativos-para-todos-os-cemeis\\\/#primaryimage\"},\"thumbnailUrl\":\"https:\\\/\\\/regiaonews.net.br\\\/2022\\\/wp-content\\\/uploads\\\/2024\\\/03\\\/Imagem-do-WhatsApp-de-2024-03-07-as-09.59.17_ffd1437c.jpg\",\"datePublished\":\"2024-03-07T13:39:20+00:00\",\"breadcrumb\":{\"@id\":\"https:\\\/\\\/regiaonews.net.br\\\/2022\\\/2024\\\/03\\\/07\\\/prefeitura-de-barretos-inicia-entrega-de-brinquedos-educativos-para-todos-os-cemeis\\\/#breadcrumb\"},\"inLanguage\":\"pt-BR\",\"potentialAction\":[{\"@type\":\"ReadAction\",\"target\":[\"https:\\\/\\\/regiaonews.net.br\\\/2022\\\/2024\\\/03\\\/07\\\/prefeitura-de-barretos-inicia-entrega-de-brinquedos-educativos-para-todos-os-cemeis\\\/\"]}]},{\"@type\":\"ImageObject\",\"inLanguage\":\"pt-BR\",\"@id\":\"https:\\\/\\\/regiaonews.net.br\\\/2022\\\/2024\\\/03\\\/07\\\/prefeitura-de-barretos-inicia-entrega-de-brinquedos-educativos-para-todos-os-cemeis\\\/#primaryimage\",\"url\":\"https:\\\/\\\/regiaonews.net.br\\\/2022\\\/wp-content\\\/uploads\\\/2024\\\/03\\\/Imagem-do-WhatsApp-de-2024-03-07-as-09.59.17_ffd1437c.jpg\",\"contentUrl\":\"https:\\\/\\\/regiaonews.net.br\\\/2022\\\/wp-content\\\/uploads\\\/2024\\\/03\\\/Imagem-do-WhatsApp-de-2024-03-07-as-09.59.17_ffd1437c.jpg\",\"width\":1600,\"height\":1067},{\"@type\":\"BreadcrumbList\",\"@id\":\"https:\\\/\\\/regiaonews.net.br\\\/2022\\\/2024\\\/03\\\/07\\\/prefeitura-de-barretos-inicia-entrega-de-brinquedos-educativos-para-todos-os-cemeis\\\/#breadcrumb\",\"itemListElement\":[{\"@type\":\"ListItem\",\"position\":1,\"name\":\"In\u00edcio\",\"item\":\"https:\\\/\\\/regiaonews.net.br\\\/2022\\\/\"},{\"@type\":\"ListItem\",\"position\":2,\"name\":\"Prefeitura de Barretos inicia entrega de brinquedos educativos para todos os Cemeis\"}]},{\"@type\":\"WebSite\",\"@id\":\"https:\\\/\\\/regiaonews.net.br\\\/2022\\\/#website\",\"url\":\"https:\\\/\\\/regiaonews.net.br\\\/2022\\\/\",\"name\":\"Regi\u00e3o News\",\"description\":\"Site de Not\u00edcias de Barretos e regi\u00e3o\",\"publisher\":{\"@id\":\"https:\\\/\\\/regiaonews.net.br\\\/2022\\\/#organization\"},\"potentialAction\":[{\"@type\":\"SearchAction\",\"target\":{\"@type\":\"EntryPoint\",\"urlTemplate\":\"https:\\\/\\\/regiaonews.net.br\\\/2022\\\/?s={search_term_string}\"},\"query-input\":{\"@type\":\"PropertyValueSpecification\",\"valueRequired\":true,\"valueName\":\"search_term_string\"}}],\"inLanguage\":\"pt-BR\"},{\"@type\":\"Organization\",\"@id\":\"https:\\\/\\\/regiaonews.net.br\\\/2022\\\/#organization\",\"name\":\"Regi\u00e3o News\",\"url\":\"https:\\\/\\\/regiaonews.net.br\\\/2022\\\/\",\"logo\":{\"@type\":\"ImageObject\",\"inLanguage\":\"pt-BR\",\"@id\":\"https:\\\/\\\/regiaonews.net.br\\\/2022\\\/#\\\/schema\\\/logo\\\/image\\\/\",\"url\":\"https:\\\/\\\/regiaonews.net.br\\\/2022\\\/wp-content\\\/uploads\\\/2026\\\/03\\\/regiao-13-anos-scaled.jpg\",\"contentUrl\":\"https:\\\/\\\/regiaonews.net.br\\\/2022\\\/wp-content\\\/uploads\\\/2026\\\/03\\\/regiao-13-anos-scaled.jpg\",\"width\":2560,\"height\":635,\"caption\":\"Regi\u00e3o News\"},\"image\":{\"@id\":\"https:\\\/\\\/regiaonews.net.br\\\/2022\\\/#\\\/schema\\\/logo\\\/image\\\/\"}},{\"@type\":\"Person\",\"@id\":\"https:\\\/\\\/regiaonews.net.br\\\/2022\\\/#\\\/schema\\\/person\\\/2d205a608a5aa97ac279d7a5e6d89ad8\",\"name\":\"Roberto\",\"image\":{\"@type\":\"ImageObject\",\"inLanguage\":\"pt-BR\",\"@id\":\"https:\\\/\\\/secure.gravatar.com\\\/avatar\\\/42749d8b712ff9d59ca93dc150494e5b55a44134482993f5baeb97e61b7ecc89?s=96&d=mm&r=g\",\"url\":\"https:\\\/\\\/secure.gravatar.com\\\/avatar\\\/42749d8b712ff9d59ca93dc150494e5b55a44134482993f5baeb97e61b7ecc89?s=96&d=mm&r=g\",\"contentUrl\":\"https:\\\/\\\/secure.gravatar.com\\\/avatar\\\/42749d8b712ff9d59ca93dc150494e5b55a44134482993f5baeb97e61b7ecc89?s=96&d=mm&r=g\",\"caption\":\"Roberto\"},\"url\":\"https:\\\/\\\/regiaonews.net.br\\\/2022\\\/author\\\/roberto\\\/\"}]}<\/script>\n<!-- \/ Yoast SEO plugin. -->","yoast_head_json":{"title":"Prefeitura de Barretos inicia entrega de brinquedos educativos para todos os Cemeis - Regi\u00e3o News","robots":{"index":"index","follow":"follow","max-snippet":"max-snippet:-1","max-image-preview":"max-image-preview:large","max-video-preview":"max-video-preview:-1"},"canonical":"https:\/\/regiaonews.net.br\/2022\/2024\/03\/07\/prefeitura-de-barretos-inicia-entrega-de-brinquedos-educativos-para-todos-os-cemeis\/","og_locale":"pt_BR","og_type":"article","og_title":"Prefeitura de Barretos inicia entrega de brinquedos educativos para todos os Cemeis - Regi\u00e3o News","og_description":"Unidades tamb\u00e9m come\u00e7aram a receber os kits de uniformes de","og_url":"https:\/\/regiaonews.net.br\/2022\/2024\/03\/07\/prefeitura-de-barretos-inicia-entrega-de-brinquedos-educativos-para-todos-os-cemeis\/","og_site_name":"Regi\u00e3o News","article_published_time":"2024-03-07T13:39:20+00:00","og_image":[{"width":1600,"height":1067,"url":"https:\/\/regiaonews.net.br\/2022\/wp-content\/uploads\/2024\/03\/Imagem-do-WhatsApp-de-2024-03-07-as-09.59.17_ffd1437c.jpg","type":"image\/jpeg"}],"author":"Roberto","twitter_card":"summary_large_image","twitter_misc":{"Escrito por":"Roberto","Est. tempo de leitura":"4 minutos"},"schema":{"@context":"https:\/\/schema.org","@graph":[{"@type":"Article","@id":"https:\/\/regiaonews.net.br\/2022\/2024\/03\/07\/prefeitura-de-barretos-inicia-entrega-de-brinquedos-educativos-para-todos-os-cemeis\/#article","isPartOf":{"@id":"https:\/\/regiaonews.net.br\/2022\/2024\/03\/07\/prefeitura-de-barretos-inicia-entrega-de-brinquedos-educativos-para-todos-os-cemeis\/"},"author":{"name":"Roberto","@id":"https:\/\/regiaonews.net.br\/2022\/#\/schema\/person\/2d205a608a5aa97ac279d7a5e6d89ad8"},"headline":"Prefeitura de Barretos inicia entrega de brinquedos educativos para todos os Cemeis","datePublished":"2024-03-07T13:39:20+00:00","mainEntityOfPage":{"@id":"https:\/\/regiaonews.net.br\/2022\/2024\/03\/07\/prefeitura-de-barretos-inicia-entrega-de-brinquedos-educativos-para-todos-os-cemeis\/"},"wordCount":625,"commentCount":0,"publisher":{"@id":"https:\/\/regiaonews.net.br\/2022\/#organization"},"image":{"@id":"https:\/\/regiaonews.net.br\/2022\/2024\/03\/07\/prefeitura-de-barretos-inicia-entrega-de-brinquedos-educativos-para-todos-os-cemeis\/#primaryimage"},"thumbnailUrl":"https:\/\/regiaonews.net.br\/2022\/wp-content\/uploads\/2024\/03\/Imagem-do-WhatsApp-de-2024-03-07-as-09.59.17_ffd1437c.jpg","articleSection":["Barretos","Geral"],"inLanguage":"pt-BR","potentialAction":[{"@type":"CommentAction","name":"Comment","target":["https:\/\/regiaonews.net.br\/2022\/2024\/03\/07\/prefeitura-de-barretos-inicia-entrega-de-brinquedos-educativos-para-todos-os-cemeis\/#respond"]}]},{"@type":"WebPage","@id":"https:\/\/regiaonews.net.br\/2022\/2024\/03\/07\/prefeitura-de-barretos-inicia-entrega-de-brinquedos-educativos-para-todos-os-cemeis\/","url":"https:\/\/regiaonews.net.br\/2022\/2024\/03\/07\/prefeitura-de-barretos-inicia-entrega-de-brinquedos-educativos-para-todos-os-cemeis\/","name":"Prefeitura de Barretos inicia entrega de brinquedos educativos para todos os Cemeis - Regi\u00e3o News","isPartOf":{"@id":"https:\/\/regiaonews.net.br\/2022\/#website"},"primaryImageOfPage":{"@id":"https:\/\/regiaonews.net.br\/2022\/2024\/03\/07\/prefeitura-de-barretos-inicia-entrega-de-brinquedos-educativos-para-todos-os-cemeis\/#primaryimage"},"image":{"@id":"https:\/\/regiaonews.net.br\/2022\/2024\/03\/07\/prefeitura-de-barretos-inicia-entrega-de-brinquedos-educativos-para-todos-os-cemeis\/#primaryimage"},"thumbnailUrl":"https:\/\/regiaonews.net.br\/2022\/wp-content\/uploads\/2024\/03\/Imagem-do-WhatsApp-de-2024-03-07-as-09.59.17_ffd1437c.jpg","datePublished":"2024-03-07T13:39:20+00:00","breadcrumb":{"@id":"https:\/\/regiaonews.net.br\/2022\/2024\/03\/07\/prefeitura-de-barretos-inicia-entrega-de-brinquedos-educativos-para-todos-os-cemeis\/#breadcrumb"},"inLanguage":"pt-BR","potentialAction":[{"@type":"ReadAction","target":["https:\/\/regiaonews.net.br\/2022\/2024\/03\/07\/prefeitura-de-barretos-inicia-entrega-de-brinquedos-educativos-para-todos-os-cemeis\/"]}]},{"@type":"ImageObject","inLanguage":"pt-BR","@id":"https:\/\/regiaonews.net.br\/2022\/2024\/03\/07\/prefeitura-de-barretos-inicia-entrega-de-brinquedos-educativos-para-todos-os-cemeis\/#primaryimage","url":"https:\/\/regiaonews.net.br\/2022\/wp-content\/uploads\/2024\/03\/Imagem-do-WhatsApp-de-2024-03-07-as-09.59.17_ffd1437c.jpg","contentUrl":"https:\/\/regiaonews.net.br\/2022\/wp-content\/uploads\/2024\/03\/Imagem-do-WhatsApp-de-2024-03-07-as-09.59.17_ffd1437c.jpg","width":1600,"height":1067},{"@type":"BreadcrumbList","@id":"https:\/\/regiaonews.net.br\/2022\/2024\/03\/07\/prefeitura-de-barretos-inicia-entrega-de-brinquedos-educativos-para-todos-os-cemeis\/#breadcrumb","itemListElement":[{"@type":"ListItem","position":1,"name":"In\u00edcio","item":"https:\/\/regiaonews.net.br\/2022\/"},{"@type":"ListItem","position":2,"name":"Prefeitura de Barretos inicia entrega de brinquedos educativos para todos os Cemeis"}]},{"@type":"WebSite","@id":"https:\/\/regiaonews.net.br\/2022\/#website","url":"https:\/\/regiaonews.net.br\/2022\/","name":"Regi\u00e3o News","description":"Site de Not\u00edcias de Barretos e regi\u00e3o","publisher":{"@id":"https:\/\/regiaonews.net.br\/2022\/#organization"},"potentialAction":[{"@type":"SearchAction","target":{"@type":"EntryPoint","urlTemplate":"https:\/\/regiaonews.net.br\/2022\/?s={search_term_string}"},"query-input":{"@type":"PropertyValueSpecification","valueRequired":true,"valueName":"search_term_string"}}],"inLanguage":"pt-BR"},{"@type":"Organization","@id":"https:\/\/regiaonews.net.br\/2022\/#organization","name":"Regi\u00e3o News","url":"https:\/\/regiaonews.net.br\/2022\/","logo":{"@type":"ImageObject","inLanguage":"pt-BR","@id":"https:\/\/regiaonews.net.br\/2022\/#\/schema\/logo\/image\/","url":"https:\/\/regiaonews.net.br\/2022\/wp-content\/uploads\/2026\/03\/regiao-13-anos-scaled.jpg","contentUrl":"https:\/\/regiaonews.net.br\/2022\/wp-content\/uploads\/2026\/03\/regiao-13-anos-scaled.jpg","width":2560,"height":635,"caption":"Regi\u00e3o News"},"image":{"@id":"https:\/\/regiaonews.net.br\/2022\/#\/schema\/logo\/image\/"}},{"@type":"Person","@id":"https:\/\/regiaonews.net.br\/2022\/#\/schema\/person\/2d205a608a5aa97ac279d7a5e6d89ad8","name":"Roberto","image":{"@type":"ImageObject","inLanguage":"pt-BR","@id":"https:\/\/secure.gravatar.com\/avatar\/42749d8b712ff9d59ca93dc150494e5b55a44134482993f5baeb97e61b7ecc89?s=96&d=mm&r=g","url":"https:\/\/secure.gravatar.com\/avatar\/42749d8b712ff9d59ca93dc150494e5b55a44134482993f5baeb97e61b7ecc89?s=96&d=mm&r=g","contentUrl":"https:\/\/secure.gravatar.com\/avatar\/42749d8b712ff9d59ca93dc150494e5b55a44134482993f5baeb97e61b7ecc89?s=96&d=mm&r=g","caption":"Roberto"},"url":"https:\/\/regiaonews.net.br\/2022\/author\/roberto\/"}]}},"publishpress_future_action":{"enabled":false,"date":"2026-05-03 12:52:03","action":"change-status","newStatus":"draft","terms":[],"taxonomy":"category","extraData":[]},"publishpress_future_workflow_manual_trigger":{"enabledWorkflows":[]},"_links":{"self":[{"href":"https:\/\/regiaonews.net.br\/2022\/wp-json\/wp\/v2\/posts\/102132","targetHints":{"allow":["GET"]}}],"collection":[{"href":"https:\/\/regiaonews.net.br\/2022\/wp-json\/wp\/v2\/posts"}],"about":[{"href":"https:\/\/regiaonews.net.br\/2022\/wp-json\/wp\/v2\/types\/post"}],"author":[{"embeddable":true,"href":"https:\/\/regiaonews.net.br\/2022\/wp-json\/wp\/v2\/users\/2"}],"replies":[{"embeddable":true,"href":"https:\/\/regiaonews.net.br\/2022\/wp-json\/wp\/v2\/comments?post=102132"}],"version-history":[{"count":1,"href":"https:\/\/regiaonews.net.br\/2022\/wp-json\/wp\/v2\/posts\/102132\/revisions"}],"predecessor-version":[{"id":102134,"href":"https:\/\/regiaonews.net.br\/2022\/wp-json\/wp\/v2\/posts\/102132\/revisions\/102134"}],"wp:featuredmedia":[{"embeddable":true,"href":"https:\/\/regiaonews.net.br\/2022\/wp-json\/wp\/v2\/media\/102133"}],"wp:attachment":[{"href":"https:\/\/regiaonews.net.br\/2022\/wp-json\/wp\/v2\/media?parent=102132"}],"wp:term":[{"taxonomy":"category","embeddable":true,"href":"https:\/\/regiaonews.net.br\/2022\/wp-json\/wp\/v2\/categories?post=102132"},{"taxonomy":"post_tag","embeddable":true,"href":"https:\/\/regiaonews.net.br\/2022\/wp-json\/wp\/v2\/tags?post=102132"}],"curies":[{"name":"wp","href":"https:\/\/api.w.org\/{rel}","templated":true}]}}