{"id":102129,"date":"2024-03-07T10:38:27","date_gmt":"2024-03-07T13:38:27","guid":{"rendered":"https:\/\/regiaonews.net.br\/2022\/?p=102129"},"modified":"2024-03-07T10:38:27","modified_gmt":"2024-03-07T13:38:27","slug":"deic-prende-homem-que-atuava-em-roubos-de-medicamentos-de-alto-custo-em-sao-paulo","status":"publish","type":"post","link":"https:\/\/regiaonews.net.br\/2022\/2024\/03\/07\/deic-prende-homem-que-atuava-em-roubos-de-medicamentos-de-alto-custo-em-sao-paulo\/","title":{"rendered":"Deic prende homem que atuava em roubos de medicamentos de alto custo em S\u00e3o Paulo"},"content":{"rendered":"<div class=\"col-lg-12 mt-4 justify\"><\/div>\n<div class=\"col-lg-12 justify\">\n<h3 style=\"text-align: center;\">O suspeito estava na regi\u00e3o central da capital paulista; a pol\u00edcia encontrou medicamentos e simulacro de rev\u00f3lver<\/h3>\n<\/div>\n<div class=\"col-lg-12 mt-3 justify\">\n<div>\n<div>Os policiais do Departamento Estadual de Investiga\u00e7\u00f5es Criminais (Deic) prenderam, na ter\u00e7a-feira (5), um homem apontado como um dos mais atuantes em ataques a drogarias na cidade de S\u00e3o Paulo. A pris\u00e3o aconteceu na regi\u00e3o do Br\u00e1s, na regi\u00e3o central. No momento do flagrante, o suspeito estava com medicamentos de alto custo, que foram roubados no bairro Vila Sa\u00fade, na zona sul.<\/div>\n<div><\/div>\n<div>As investiga\u00e7\u00f5es da 5\u00aa Delegacia do Patrim\u00f4nio avan\u00e7aram ap\u00f3s a pris\u00e3o de outro envolvido no esquema criminoso, no domingo (3). Com as novas informa\u00e7\u00f5es, os agentes identificaram mais um integrante do bando que estava em uma hospedagem no centro da cidade. Os policiais foram at\u00e9 o local na ter\u00e7a-feira e flagraram o homem deixando a pens\u00e3o carregando um saco pl\u00e1stico e entrando num carro.<\/div>\n<div><\/div>\n<div>Na abordagem, o suspeito tentou fugir, mas foi contido. Na embalagem, os policiais apreenderam os medicamentos que constavam como roubados, al\u00e9m de um simulacro de rev\u00f3lver.<\/div>\n<div><\/div>\n<div>Todos os itens foram apreendidos, e o suspeito foi autuado por roubo qualificado, amea\u00e7a, resist\u00eancia, desacato e adultera\u00e7\u00e3o de sinal identificador de ve\u00edculo automotor.<\/div>\n<\/div>\n<\/div>\n","protected":false},"excerpt":{"rendered":"<p>O suspeito estava na regi\u00e3o central da capital paulista; a<\/p>\n","protected":false},"author":2,"featured_media":102130,"comment_status":"open","ping_status":"open","sticky":false,"template":"","format":"standard","meta":{"footnotes":""},"categories":[7,23],"tags":[],"class_list":["post-102129","post","type-post","status-publish","format-standard","has-post-thumbnail","hentry","category-estado-de-sao-paulo","category-policia"],"yoast_head":"<!-- This site is optimized with the Yoast SEO plugin v27.4 - https:\/\/yoast.com\/product\/yoast-seo-wordpress\/ -->\n<title>Deic prende homem que atuava em roubos de medicamentos de alto custo em S\u00e3o Paulo - Regi\u00e3o News<\/title>\n<meta name=\"robots\" content=\"index, follow, max-snippet:-1, max-image-preview:large, max-video-preview:-1\" \/>\n<link rel=\"canonical\" href=\"https:\/\/regiaonews.net.br\/2022\/2024\/03\/07\/deic-prende-homem-que-atuava-em-roubos-de-medicamentos-de-alto-custo-em-sao-paulo\/\" \/>\n<meta property=\"og:locale\" content=\"pt_BR\" \/>\n<meta property=\"og:type\" content=\"article\" \/>\n<meta property=\"og:title\" content=\"Deic prende homem que atuava em roubos de medicamentos de alto custo em S\u00e3o Paulo - Regi\u00e3o News\" \/>\n<meta property=\"og:description\" content=\"O suspeito estava na regi\u00e3o central da capital paulista; a\" \/>\n<meta property=\"og:url\" content=\"https:\/\/regiaonews.net.br\/2022\/2024\/03\/07\/deic-prende-homem-que-atuava-em-roubos-de-medicamentos-de-alto-custo-em-sao-paulo\/\" \/>\n<meta property=\"og:site_name\" content=\"Regi\u00e3o News\" \/>\n<meta property=\"article:published_time\" content=\"2024-03-07T13:38:27+00:00\" \/>\n<meta property=\"og:image\" content=\"https:\/\/regiaonews.net.br\/2022\/wp-content\/uploads\/2024\/03\/00053436.jpg\" \/>\n\t<meta property=\"og:image:width\" content=\"1200\" \/>\n\t<meta property=\"og:image:height\" content=\"1157\" \/>\n\t<meta property=\"og:image:type\" content=\"image\/jpeg\" \/>\n<meta name=\"author\" content=\"Roberto\" \/>\n<meta name=\"twitter:card\" content=\"summary_large_image\" \/>\n<meta name=\"twitter:label1\" content=\"Escrito por\" \/>\n\t<meta name=\"twitter:data1\" content=\"Roberto\" \/>\n\t<meta name=\"twitter:label2\" content=\"Est. tempo de leitura\" \/>\n\t<meta name=\"twitter:data2\" content=\"2 minutos\" \/>\n<script type=\"application\/ld+json\" class=\"yoast-schema-graph\">{\"@context\":\"https:\\\/\\\/schema.org\",\"@graph\":[{\"@type\":\"Article\",\"@id\":\"https:\\\/\\\/regiaonews.net.br\\\/2022\\\/2024\\\/03\\\/07\\\/deic-prende-homem-que-atuava-em-roubos-de-medicamentos-de-alto-custo-em-sao-paulo\\\/#article\",\"isPartOf\":{\"@id\":\"https:\\\/\\\/regiaonews.net.br\\\/2022\\\/2024\\\/03\\\/07\\\/deic-prende-homem-que-atuava-em-roubos-de-medicamentos-de-alto-custo-em-sao-paulo\\\/\"},\"author\":{\"name\":\"Roberto\",\"@id\":\"https:\\\/\\\/regiaonews.net.br\\\/2022\\\/#\\\/schema\\\/person\\\/2d205a608a5aa97ac279d7a5e6d89ad8\"},\"headline\":\"Deic prende homem que atuava em roubos de medicamentos de alto custo em S\u00e3o Paulo\",\"datePublished\":\"2024-03-07T13:38:27+00:00\",\"mainEntityOfPage\":{\"@id\":\"https:\\\/\\\/regiaonews.net.br\\\/2022\\\/2024\\\/03\\\/07\\\/deic-prende-homem-que-atuava-em-roubos-de-medicamentos-de-alto-custo-em-sao-paulo\\\/\"},\"wordCount\":232,\"commentCount\":0,\"publisher\":{\"@id\":\"https:\\\/\\\/regiaonews.net.br\\\/2022\\\/#organization\"},\"image\":{\"@id\":\"https:\\\/\\\/regiaonews.net.br\\\/2022\\\/2024\\\/03\\\/07\\\/deic-prende-homem-que-atuava-em-roubos-de-medicamentos-de-alto-custo-em-sao-paulo\\\/#primaryimage\"},\"thumbnailUrl\":\"https:\\\/\\\/regiaonews.net.br\\\/2022\\\/wp-content\\\/uploads\\\/2024\\\/03\\\/00053436.jpg\",\"articleSection\":[\"Estado de S\u00e3o Paulo\",\"Policia\"],\"inLanguage\":\"pt-BR\",\"potentialAction\":[{\"@type\":\"CommentAction\",\"name\":\"Comment\",\"target\":[\"https:\\\/\\\/regiaonews.net.br\\\/2022\\\/2024\\\/03\\\/07\\\/deic-prende-homem-que-atuava-em-roubos-de-medicamentos-de-alto-custo-em-sao-paulo\\\/#respond\"]}]},{\"@type\":\"WebPage\",\"@id\":\"https:\\\/\\\/regiaonews.net.br\\\/2022\\\/2024\\\/03\\\/07\\\/deic-prende-homem-que-atuava-em-roubos-de-medicamentos-de-alto-custo-em-sao-paulo\\\/\",\"url\":\"https:\\\/\\\/regiaonews.net.br\\\/2022\\\/2024\\\/03\\\/07\\\/deic-prende-homem-que-atuava-em-roubos-de-medicamentos-de-alto-custo-em-sao-paulo\\\/\",\"name\":\"Deic prende homem que atuava em roubos de medicamentos de alto custo em S\u00e3o Paulo - Regi\u00e3o News\",\"isPartOf\":{\"@id\":\"https:\\\/\\\/regiaonews.net.br\\\/2022\\\/#website\"},\"primaryImageOfPage\":{\"@id\":\"https:\\\/\\\/regiaonews.net.br\\\/2022\\\/2024\\\/03\\\/07\\\/deic-prende-homem-que-atuava-em-roubos-de-medicamentos-de-alto-custo-em-sao-paulo\\\/#primaryimage\"},\"image\":{\"@id\":\"https:\\\/\\\/regiaonews.net.br\\\/2022\\\/2024\\\/03\\\/07\\\/deic-prende-homem-que-atuava-em-roubos-de-medicamentos-de-alto-custo-em-sao-paulo\\\/#primaryimage\"},\"thumbnailUrl\":\"https:\\\/\\\/regiaonews.net.br\\\/2022\\\/wp-content\\\/uploads\\\/2024\\\/03\\\/00053436.jpg\",\"datePublished\":\"2024-03-07T13:38:27+00:00\",\"breadcrumb\":{\"@id\":\"https:\\\/\\\/regiaonews.net.br\\\/2022\\\/2024\\\/03\\\/07\\\/deic-prende-homem-que-atuava-em-roubos-de-medicamentos-de-alto-custo-em-sao-paulo\\\/#breadcrumb\"},\"inLanguage\":\"pt-BR\",\"potentialAction\":[{\"@type\":\"ReadAction\",\"target\":[\"https:\\\/\\\/regiaonews.net.br\\\/2022\\\/2024\\\/03\\\/07\\\/deic-prende-homem-que-atuava-em-roubos-de-medicamentos-de-alto-custo-em-sao-paulo\\\/\"]}]},{\"@type\":\"ImageObject\",\"inLanguage\":\"pt-BR\",\"@id\":\"https:\\\/\\\/regiaonews.net.br\\\/2022\\\/2024\\\/03\\\/07\\\/deic-prende-homem-que-atuava-em-roubos-de-medicamentos-de-alto-custo-em-sao-paulo\\\/#primaryimage\",\"url\":\"https:\\\/\\\/regiaonews.net.br\\\/2022\\\/wp-content\\\/uploads\\\/2024\\\/03\\\/00053436.jpg\",\"contentUrl\":\"https:\\\/\\\/regiaonews.net.br\\\/2022\\\/wp-content\\\/uploads\\\/2024\\\/03\\\/00053436.jpg\",\"width\":1200,\"height\":1157},{\"@type\":\"BreadcrumbList\",\"@id\":\"https:\\\/\\\/regiaonews.net.br\\\/2022\\\/2024\\\/03\\\/07\\\/deic-prende-homem-que-atuava-em-roubos-de-medicamentos-de-alto-custo-em-sao-paulo\\\/#breadcrumb\",\"itemListElement\":[{\"@type\":\"ListItem\",\"position\":1,\"name\":\"In\u00edcio\",\"item\":\"https:\\\/\\\/regiaonews.net.br\\\/2022\\\/\"},{\"@type\":\"ListItem\",\"position\":2,\"name\":\"Deic prende homem que atuava em roubos de medicamentos de alto custo em S\u00e3o Paulo\"}]},{\"@type\":\"WebSite\",\"@id\":\"https:\\\/\\\/regiaonews.net.br\\\/2022\\\/#website\",\"url\":\"https:\\\/\\\/regiaonews.net.br\\\/2022\\\/\",\"name\":\"Regi\u00e3o News\",\"description\":\"Site de Not\u00edcias de Barretos e regi\u00e3o\",\"publisher\":{\"@id\":\"https:\\\/\\\/regiaonews.net.br\\\/2022\\\/#organization\"},\"potentialAction\":[{\"@type\":\"SearchAction\",\"target\":{\"@type\":\"EntryPoint\",\"urlTemplate\":\"https:\\\/\\\/regiaonews.net.br\\\/2022\\\/?s={search_term_string}\"},\"query-input\":{\"@type\":\"PropertyValueSpecification\",\"valueRequired\":true,\"valueName\":\"search_term_string\"}}],\"inLanguage\":\"pt-BR\"},{\"@type\":\"Organization\",\"@id\":\"https:\\\/\\\/regiaonews.net.br\\\/2022\\\/#organization\",\"name\":\"Regi\u00e3o News\",\"url\":\"https:\\\/\\\/regiaonews.net.br\\\/2022\\\/\",\"logo\":{\"@type\":\"ImageObject\",\"inLanguage\":\"pt-BR\",\"@id\":\"https:\\\/\\\/regiaonews.net.br\\\/2022\\\/#\\\/schema\\\/logo\\\/image\\\/\",\"url\":\"https:\\\/\\\/regiaonews.net.br\\\/2022\\\/wp-content\\\/uploads\\\/2026\\\/03\\\/regiao-13-anos-scaled.jpg\",\"contentUrl\":\"https:\\\/\\\/regiaonews.net.br\\\/2022\\\/wp-content\\\/uploads\\\/2026\\\/03\\\/regiao-13-anos-scaled.jpg\",\"width\":2560,\"height\":635,\"caption\":\"Regi\u00e3o News\"},\"image\":{\"@id\":\"https:\\\/\\\/regiaonews.net.br\\\/2022\\\/#\\\/schema\\\/logo\\\/image\\\/\"}},{\"@type\":\"Person\",\"@id\":\"https:\\\/\\\/regiaonews.net.br\\\/2022\\\/#\\\/schema\\\/person\\\/2d205a608a5aa97ac279d7a5e6d89ad8\",\"name\":\"Roberto\",\"image\":{\"@type\":\"ImageObject\",\"inLanguage\":\"pt-BR\",\"@id\":\"https:\\\/\\\/secure.gravatar.com\\\/avatar\\\/42749d8b712ff9d59ca93dc150494e5b55a44134482993f5baeb97e61b7ecc89?s=96&d=mm&r=g\",\"url\":\"https:\\\/\\\/secure.gravatar.com\\\/avatar\\\/42749d8b712ff9d59ca93dc150494e5b55a44134482993f5baeb97e61b7ecc89?s=96&d=mm&r=g\",\"contentUrl\":\"https:\\\/\\\/secure.gravatar.com\\\/avatar\\\/42749d8b712ff9d59ca93dc150494e5b55a44134482993f5baeb97e61b7ecc89?s=96&d=mm&r=g\",\"caption\":\"Roberto\"},\"url\":\"https:\\\/\\\/regiaonews.net.br\\\/2022\\\/author\\\/roberto\\\/\"}]}<\/script>\n<!-- \/ Yoast SEO plugin. -->","yoast_head_json":{"title":"Deic prende homem que atuava em roubos de medicamentos de alto custo em S\u00e3o Paulo - Regi\u00e3o News","robots":{"index":"index","follow":"follow","max-snippet":"max-snippet:-1","max-image-preview":"max-image-preview:large","max-video-preview":"max-video-preview:-1"},"canonical":"https:\/\/regiaonews.net.br\/2022\/2024\/03\/07\/deic-prende-homem-que-atuava-em-roubos-de-medicamentos-de-alto-custo-em-sao-paulo\/","og_locale":"pt_BR","og_type":"article","og_title":"Deic prende homem que atuava em roubos de medicamentos de alto custo em S\u00e3o Paulo - Regi\u00e3o News","og_description":"O suspeito estava na regi\u00e3o central da capital paulista; a","og_url":"https:\/\/regiaonews.net.br\/2022\/2024\/03\/07\/deic-prende-homem-que-atuava-em-roubos-de-medicamentos-de-alto-custo-em-sao-paulo\/","og_site_name":"Regi\u00e3o News","article_published_time":"2024-03-07T13:38:27+00:00","og_image":[{"width":1200,"height":1157,"url":"https:\/\/regiaonews.net.br\/2022\/wp-content\/uploads\/2024\/03\/00053436.jpg","type":"image\/jpeg"}],"author":"Roberto","twitter_card":"summary_large_image","twitter_misc":{"Escrito por":"Roberto","Est. tempo de leitura":"2 minutos"},"schema":{"@context":"https:\/\/schema.org","@graph":[{"@type":"Article","@id":"https:\/\/regiaonews.net.br\/2022\/2024\/03\/07\/deic-prende-homem-que-atuava-em-roubos-de-medicamentos-de-alto-custo-em-sao-paulo\/#article","isPartOf":{"@id":"https:\/\/regiaonews.net.br\/2022\/2024\/03\/07\/deic-prende-homem-que-atuava-em-roubos-de-medicamentos-de-alto-custo-em-sao-paulo\/"},"author":{"name":"Roberto","@id":"https:\/\/regiaonews.net.br\/2022\/#\/schema\/person\/2d205a608a5aa97ac279d7a5e6d89ad8"},"headline":"Deic prende homem que atuava em roubos de medicamentos de alto custo em S\u00e3o Paulo","datePublished":"2024-03-07T13:38:27+00:00","mainEntityOfPage":{"@id":"https:\/\/regiaonews.net.br\/2022\/2024\/03\/07\/deic-prende-homem-que-atuava-em-roubos-de-medicamentos-de-alto-custo-em-sao-paulo\/"},"wordCount":232,"commentCount":0,"publisher":{"@id":"https:\/\/regiaonews.net.br\/2022\/#organization"},"image":{"@id":"https:\/\/regiaonews.net.br\/2022\/2024\/03\/07\/deic-prende-homem-que-atuava-em-roubos-de-medicamentos-de-alto-custo-em-sao-paulo\/#primaryimage"},"thumbnailUrl":"https:\/\/regiaonews.net.br\/2022\/wp-content\/uploads\/2024\/03\/00053436.jpg","articleSection":["Estado de S\u00e3o Paulo","Policia"],"inLanguage":"pt-BR","potentialAction":[{"@type":"CommentAction","name":"Comment","target":["https:\/\/regiaonews.net.br\/2022\/2024\/03\/07\/deic-prende-homem-que-atuava-em-roubos-de-medicamentos-de-alto-custo-em-sao-paulo\/#respond"]}]},{"@type":"WebPage","@id":"https:\/\/regiaonews.net.br\/2022\/2024\/03\/07\/deic-prende-homem-que-atuava-em-roubos-de-medicamentos-de-alto-custo-em-sao-paulo\/","url":"https:\/\/regiaonews.net.br\/2022\/2024\/03\/07\/deic-prende-homem-que-atuava-em-roubos-de-medicamentos-de-alto-custo-em-sao-paulo\/","name":"Deic prende homem que atuava em roubos de medicamentos de alto custo em S\u00e3o Paulo - Regi\u00e3o News","isPartOf":{"@id":"https:\/\/regiaonews.net.br\/2022\/#website"},"primaryImageOfPage":{"@id":"https:\/\/regiaonews.net.br\/2022\/2024\/03\/07\/deic-prende-homem-que-atuava-em-roubos-de-medicamentos-de-alto-custo-em-sao-paulo\/#primaryimage"},"image":{"@id":"https:\/\/regiaonews.net.br\/2022\/2024\/03\/07\/deic-prende-homem-que-atuava-em-roubos-de-medicamentos-de-alto-custo-em-sao-paulo\/#primaryimage"},"thumbnailUrl":"https:\/\/regiaonews.net.br\/2022\/wp-content\/uploads\/2024\/03\/00053436.jpg","datePublished":"2024-03-07T13:38:27+00:00","breadcrumb":{"@id":"https:\/\/regiaonews.net.br\/2022\/2024\/03\/07\/deic-prende-homem-que-atuava-em-roubos-de-medicamentos-de-alto-custo-em-sao-paulo\/#breadcrumb"},"inLanguage":"pt-BR","potentialAction":[{"@type":"ReadAction","target":["https:\/\/regiaonews.net.br\/2022\/2024\/03\/07\/deic-prende-homem-que-atuava-em-roubos-de-medicamentos-de-alto-custo-em-sao-paulo\/"]}]},{"@type":"ImageObject","inLanguage":"pt-BR","@id":"https:\/\/regiaonews.net.br\/2022\/2024\/03\/07\/deic-prende-homem-que-atuava-em-roubos-de-medicamentos-de-alto-custo-em-sao-paulo\/#primaryimage","url":"https:\/\/regiaonews.net.br\/2022\/wp-content\/uploads\/2024\/03\/00053436.jpg","contentUrl":"https:\/\/regiaonews.net.br\/2022\/wp-content\/uploads\/2024\/03\/00053436.jpg","width":1200,"height":1157},{"@type":"BreadcrumbList","@id":"https:\/\/regiaonews.net.br\/2022\/2024\/03\/07\/deic-prende-homem-que-atuava-em-roubos-de-medicamentos-de-alto-custo-em-sao-paulo\/#breadcrumb","itemListElement":[{"@type":"ListItem","position":1,"name":"In\u00edcio","item":"https:\/\/regiaonews.net.br\/2022\/"},{"@type":"ListItem","position":2,"name":"Deic prende homem que atuava em roubos de medicamentos de alto custo em S\u00e3o Paulo"}]},{"@type":"WebSite","@id":"https:\/\/regiaonews.net.br\/2022\/#website","url":"https:\/\/regiaonews.net.br\/2022\/","name":"Regi\u00e3o News","description":"Site de Not\u00edcias de Barretos e regi\u00e3o","publisher":{"@id":"https:\/\/regiaonews.net.br\/2022\/#organization"},"potentialAction":[{"@type":"SearchAction","target":{"@type":"EntryPoint","urlTemplate":"https:\/\/regiaonews.net.br\/2022\/?s={search_term_string}"},"query-input":{"@type":"PropertyValueSpecification","valueRequired":true,"valueName":"search_term_string"}}],"inLanguage":"pt-BR"},{"@type":"Organization","@id":"https:\/\/regiaonews.net.br\/2022\/#organization","name":"Regi\u00e3o News","url":"https:\/\/regiaonews.net.br\/2022\/","logo":{"@type":"ImageObject","inLanguage":"pt-BR","@id":"https:\/\/regiaonews.net.br\/2022\/#\/schema\/logo\/image\/","url":"https:\/\/regiaonews.net.br\/2022\/wp-content\/uploads\/2026\/03\/regiao-13-anos-scaled.jpg","contentUrl":"https:\/\/regiaonews.net.br\/2022\/wp-content\/uploads\/2026\/03\/regiao-13-anos-scaled.jpg","width":2560,"height":635,"caption":"Regi\u00e3o News"},"image":{"@id":"https:\/\/regiaonews.net.br\/2022\/#\/schema\/logo\/image\/"}},{"@type":"Person","@id":"https:\/\/regiaonews.net.br\/2022\/#\/schema\/person\/2d205a608a5aa97ac279d7a5e6d89ad8","name":"Roberto","image":{"@type":"ImageObject","inLanguage":"pt-BR","@id":"https:\/\/secure.gravatar.com\/avatar\/42749d8b712ff9d59ca93dc150494e5b55a44134482993f5baeb97e61b7ecc89?s=96&d=mm&r=g","url":"https:\/\/secure.gravatar.com\/avatar\/42749d8b712ff9d59ca93dc150494e5b55a44134482993f5baeb97e61b7ecc89?s=96&d=mm&r=g","contentUrl":"https:\/\/secure.gravatar.com\/avatar\/42749d8b712ff9d59ca93dc150494e5b55a44134482993f5baeb97e61b7ecc89?s=96&d=mm&r=g","caption":"Roberto"},"url":"https:\/\/regiaonews.net.br\/2022\/author\/roberto\/"}]}},"publishpress_future_action":{"enabled":false,"date":"2026-05-03 14:20:52","action":"change-status","newStatus":"draft","terms":[],"taxonomy":"category","extraData":[]},"publishpress_future_workflow_manual_trigger":{"enabledWorkflows":[]},"_links":{"self":[{"href":"https:\/\/regiaonews.net.br\/2022\/wp-json\/wp\/v2\/posts\/102129","targetHints":{"allow":["GET"]}}],"collection":[{"href":"https:\/\/regiaonews.net.br\/2022\/wp-json\/wp\/v2\/posts"}],"about":[{"href":"https:\/\/regiaonews.net.br\/2022\/wp-json\/wp\/v2\/types\/post"}],"author":[{"embeddable":true,"href":"https:\/\/regiaonews.net.br\/2022\/wp-json\/wp\/v2\/users\/2"}],"replies":[{"embeddable":true,"href":"https:\/\/regiaonews.net.br\/2022\/wp-json\/wp\/v2\/comments?post=102129"}],"version-history":[{"count":1,"href":"https:\/\/regiaonews.net.br\/2022\/wp-json\/wp\/v2\/posts\/102129\/revisions"}],"predecessor-version":[{"id":102131,"href":"https:\/\/regiaonews.net.br\/2022\/wp-json\/wp\/v2\/posts\/102129\/revisions\/102131"}],"wp:featuredmedia":[{"embeddable":true,"href":"https:\/\/regiaonews.net.br\/2022\/wp-json\/wp\/v2\/media\/102130"}],"wp:attachment":[{"href":"https:\/\/regiaonews.net.br\/2022\/wp-json\/wp\/v2\/media?parent=102129"}],"wp:term":[{"taxonomy":"category","embeddable":true,"href":"https:\/\/regiaonews.net.br\/2022\/wp-json\/wp\/v2\/categories?post=102129"},{"taxonomy":"post_tag","embeddable":true,"href":"https:\/\/regiaonews.net.br\/2022\/wp-json\/wp\/v2\/tags?post=102129"}],"curies":[{"name":"wp","href":"https:\/\/api.w.org\/{rel}","templated":true}]}}