{"id":102126,"date":"2024-03-07T10:37:31","date_gmt":"2024-03-07T13:37:31","guid":{"rendered":"https:\/\/regiaonews.net.br\/2022\/?p=102126"},"modified":"2024-03-07T10:37:31","modified_gmt":"2024-03-07T13:37:31","slug":"sp-tirou-r-14-bilhao-do-trafico-com-apreensoes-de-cocaina-em-2023","status":"publish","type":"post","link":"https:\/\/regiaonews.net.br\/2022\/2024\/03\/07\/sp-tirou-r-14-bilhao-do-trafico-com-apreensoes-de-cocaina-em-2023\/","title":{"rendered":"SP tirou R$ 1,4 bilh\u00e3o do tr\u00e1fico com apreens\u00f5es de coca\u00edna em 2023"},"content":{"rendered":"<div class=\"col-lg-12 mt-2 justify\">\n<h3 class=\"justify\" style=\"text-align: center;\">Quase 40 toneladas do entorpecente deixaram de ser exportadas para outros pa\u00edses<\/h3>\n<\/div>\n<div class=\"col-lg-12 mt-3 justify\">\n<div>O Estado de S\u00e3o Paulo evitou que R$ 1,4 bilh\u00e3o fosse parar nas m\u00e3os de organiza\u00e7\u00f5es criminosas ao longo do ano passado, com a apreens\u00e3o de 39,5 toneladas de coca\u00edna que deixaram de ser exportadas para outros pa\u00edses. O dado foi apresentado nesta quarta-feira (6) pelo secret\u00e1rio da Seguran\u00e7a P\u00fablica, Guilherme Derrite, durante audi\u00eancia com deputados na Assembleia Legislativa de S\u00e3o Paulo.<\/div>\n<div><\/div>\n<div>\u201c\u00c9 uma pol\u00edtica de enfrentamento ao crime organizado, com asfixia financeira e preju\u00edzo econ\u00f4mico \u00e0s fac\u00e7\u00f5es que comandam a exporta\u00e7\u00e3o de entorpecentes a partir do Porto de Santos\u201d, comentou o secret\u00e1rio. Ainda conforme Derrite, o resultado das a\u00e7\u00f5es \u00e9 o enfrentamento ao crime organizado, com um trabalho de intelig\u00eancia policial, em especial, nos munic\u00edpios da Baixada Santista.<\/div>\n<div><\/div>\n<div>Na audi\u00eancia p\u00fablica, o secret\u00e1rio ainda anunciou aos parlamentares a Opera\u00e7\u00e3o Ver\u00e3o \u201cpermanente\u201d no litoral paulista. Os policiais ser\u00e3o direcionados a regi\u00e3o para continuar refor\u00e7ando a seguran\u00e7a toda vez que houver um deslocamento de turistas, como em feriados prolongados. Na opera\u00e7\u00e3o que teve in\u00edcio no final do ano passado, j\u00e1 foram presos 862 infratores, sendo pouco mais de 300 procurados da Justi\u00e7a.<\/div>\n<div><\/div>\n<div>Durante a Comiss\u00e3o de Seguran\u00e7a P\u00fablica e Assuntos Penitenci\u00e1rios foi apresentado um balan\u00e7o do primeiro ano da gest\u00e3o pelo governo paulista.<\/div>\n<div><\/div>\n<div>A redu\u00e7\u00e3o dos homic\u00eddios no Estado foi um dos assuntos destacados pelo secret\u00e1rio. S\u00e3o Paulo atingiu no ano passado o menor n\u00famero de crimes contra a vida da hist\u00f3ria.\u00a0 De acordo com a SSP, a taxa a cada 100 mil habitantes no Estado entre fevereiro de 2023 e janeiro de 2024 foi de 5,66, o que tamb\u00e9m representa a menor marca da s\u00e9rie hist\u00f3rica para o acumulado de 12 meses. A taxa por 100 mil habitantes \u00e9 quatro vezes menor que a nacional.<\/div>\n<div><\/div>\n<div><b>Redu\u00e7\u00e3o da criminalidade no centro de SP<\/b><\/div>\n<div><\/div>\n<div>Uma das prioridades da pasta, a regi\u00e3o central da capital apresentou queda no n\u00famero de furtos e roubos em geral em 2023. Nas \u00e1reas do 3\u00b0 e 77\u00b0 Distritos Policiais, que correspondem \u00e0s cenas abertas de uso, houve redu\u00e7\u00e3o de 40,7% nos \u00edndices somados.<\/div>\n<div><\/div>\n<div>O refor\u00e7o no policiamento local resultou na pris\u00e3o e apreens\u00e3o de 3,3 mil pessoas, 15,8% a mais do que em 2022. Tamb\u00e9m foram recuperados 174 ve\u00edculos e 59 armas de fogo ilegais foram apreendidas no per\u00edodo.<\/div>\n<div><\/div>\n<div><b>Valoriza\u00e7\u00e3o policial<\/b><\/div>\n<div><\/div>\n<div>A pasta herdou o maior d\u00e9ficit de efetivo policial da hist\u00f3ria, chegando a 33%. Para reverter o cen\u00e1rio, foi solicitado ao governo a realiza\u00e7\u00e3o de concursos para abrir mais de 12 mil vagas nas pol\u00edcias Civil, Militar e T\u00e9cnico-Cient\u00edfica.<\/div>\n<div><\/div>\n<div>H\u00e1 a previs\u00e3o que cerca de 4 mil policiais civis tomem posse este ano, que v\u00e3o compor o efetivo nas delegacias do interior do Estado. Mais 3 mil militares tamb\u00e9m est\u00e3o forma\u00e7\u00e3o para refor\u00e7ar o policiamento em pontos estrat\u00e9gicos de S\u00e3o Paulo.<\/div>\n<div><\/div>\n<div>Tamb\u00e9m houve o reajuste salarial aos policiais civis e militares institu\u00eddo a partir de julho de 2023. A m\u00e9dia foi de 20% para todas as carreiras.<\/div>\n<\/div>\n","protected":false},"excerpt":{"rendered":"<p>Quase 40 toneladas do entorpecente deixaram de ser exportadas para<\/p>\n","protected":false},"author":2,"featured_media":102127,"comment_status":"open","ping_status":"open","sticky":false,"template":"","format":"standard","meta":{"footnotes":""},"categories":[7,23],"tags":[],"class_list":["post-102126","post","type-post","status-publish","format-standard","has-post-thumbnail","hentry","category-estado-de-sao-paulo","category-policia"],"yoast_head":"<!-- This site is optimized with the Yoast SEO plugin v27.4 - https:\/\/yoast.com\/product\/yoast-seo-wordpress\/ -->\n<title>SP tirou R$ 1,4 bilh\u00e3o do tr\u00e1fico com apreens\u00f5es de coca\u00edna em 2023 - Regi\u00e3o News<\/title>\n<meta name=\"robots\" content=\"index, follow, max-snippet:-1, max-image-preview:large, max-video-preview:-1\" \/>\n<link rel=\"canonical\" href=\"https:\/\/regiaonews.net.br\/2022\/2024\/03\/07\/sp-tirou-r-14-bilhao-do-trafico-com-apreensoes-de-cocaina-em-2023\/\" \/>\n<meta property=\"og:locale\" content=\"pt_BR\" \/>\n<meta property=\"og:type\" content=\"article\" \/>\n<meta property=\"og:title\" content=\"SP tirou R$ 1,4 bilh\u00e3o do tr\u00e1fico com apreens\u00f5es de coca\u00edna em 2023 - Regi\u00e3o News\" \/>\n<meta property=\"og:description\" content=\"Quase 40 toneladas do entorpecente deixaram de ser exportadas para\" \/>\n<meta property=\"og:url\" content=\"https:\/\/regiaonews.net.br\/2022\/2024\/03\/07\/sp-tirou-r-14-bilhao-do-trafico-com-apreensoes-de-cocaina-em-2023\/\" \/>\n<meta property=\"og:site_name\" content=\"Regi\u00e3o News\" \/>\n<meta property=\"article:published_time\" content=\"2024-03-07T13:37:31+00:00\" \/>\n<meta property=\"og:image\" content=\"https:\/\/regiaonews.net.br\/2022\/wp-content\/uploads\/2024\/03\/00053429.jpeg\" \/>\n\t<meta property=\"og:image:width\" content=\"1600\" \/>\n\t<meta property=\"og:image:height\" content=\"1066\" \/>\n\t<meta property=\"og:image:type\" content=\"image\/jpeg\" \/>\n<meta name=\"author\" content=\"Roberto\" \/>\n<meta name=\"twitter:card\" content=\"summary_large_image\" \/>\n<meta name=\"twitter:label1\" content=\"Escrito por\" \/>\n\t<meta name=\"twitter:data1\" content=\"Roberto\" \/>\n\t<meta name=\"twitter:label2\" content=\"Est. tempo de leitura\" \/>\n\t<meta name=\"twitter:data2\" content=\"3 minutos\" \/>\n<script type=\"application\/ld+json\" class=\"yoast-schema-graph\">{\"@context\":\"https:\\\/\\\/schema.org\",\"@graph\":[{\"@type\":\"Article\",\"@id\":\"https:\\\/\\\/regiaonews.net.br\\\/2022\\\/2024\\\/03\\\/07\\\/sp-tirou-r-14-bilhao-do-trafico-com-apreensoes-de-cocaina-em-2023\\\/#article\",\"isPartOf\":{\"@id\":\"https:\\\/\\\/regiaonews.net.br\\\/2022\\\/2024\\\/03\\\/07\\\/sp-tirou-r-14-bilhao-do-trafico-com-apreensoes-de-cocaina-em-2023\\\/\"},\"author\":{\"name\":\"Roberto\",\"@id\":\"https:\\\/\\\/regiaonews.net.br\\\/2022\\\/#\\\/schema\\\/person\\\/2d205a608a5aa97ac279d7a5e6d89ad8\"},\"headline\":\"SP tirou R$ 1,4 bilh\u00e3o do tr\u00e1fico com apreens\u00f5es de coca\u00edna em 2023\",\"datePublished\":\"2024-03-07T13:37:31+00:00\",\"mainEntityOfPage\":{\"@id\":\"https:\\\/\\\/regiaonews.net.br\\\/2022\\\/2024\\\/03\\\/07\\\/sp-tirou-r-14-bilhao-do-trafico-com-apreensoes-de-cocaina-em-2023\\\/\"},\"wordCount\":556,\"commentCount\":0,\"publisher\":{\"@id\":\"https:\\\/\\\/regiaonews.net.br\\\/2022\\\/#organization\"},\"image\":{\"@id\":\"https:\\\/\\\/regiaonews.net.br\\\/2022\\\/2024\\\/03\\\/07\\\/sp-tirou-r-14-bilhao-do-trafico-com-apreensoes-de-cocaina-em-2023\\\/#primaryimage\"},\"thumbnailUrl\":\"https:\\\/\\\/regiaonews.net.br\\\/2022\\\/wp-content\\\/uploads\\\/2024\\\/03\\\/00053429.jpeg\",\"articleSection\":[\"Estado de S\u00e3o Paulo\",\"Policia\"],\"inLanguage\":\"pt-BR\",\"potentialAction\":[{\"@type\":\"CommentAction\",\"name\":\"Comment\",\"target\":[\"https:\\\/\\\/regiaonews.net.br\\\/2022\\\/2024\\\/03\\\/07\\\/sp-tirou-r-14-bilhao-do-trafico-com-apreensoes-de-cocaina-em-2023\\\/#respond\"]}]},{\"@type\":\"WebPage\",\"@id\":\"https:\\\/\\\/regiaonews.net.br\\\/2022\\\/2024\\\/03\\\/07\\\/sp-tirou-r-14-bilhao-do-trafico-com-apreensoes-de-cocaina-em-2023\\\/\",\"url\":\"https:\\\/\\\/regiaonews.net.br\\\/2022\\\/2024\\\/03\\\/07\\\/sp-tirou-r-14-bilhao-do-trafico-com-apreensoes-de-cocaina-em-2023\\\/\",\"name\":\"SP tirou R$ 1,4 bilh\u00e3o do tr\u00e1fico com apreens\u00f5es de coca\u00edna em 2023 - Regi\u00e3o News\",\"isPartOf\":{\"@id\":\"https:\\\/\\\/regiaonews.net.br\\\/2022\\\/#website\"},\"primaryImageOfPage\":{\"@id\":\"https:\\\/\\\/regiaonews.net.br\\\/2022\\\/2024\\\/03\\\/07\\\/sp-tirou-r-14-bilhao-do-trafico-com-apreensoes-de-cocaina-em-2023\\\/#primaryimage\"},\"image\":{\"@id\":\"https:\\\/\\\/regiaonews.net.br\\\/2022\\\/2024\\\/03\\\/07\\\/sp-tirou-r-14-bilhao-do-trafico-com-apreensoes-de-cocaina-em-2023\\\/#primaryimage\"},\"thumbnailUrl\":\"https:\\\/\\\/regiaonews.net.br\\\/2022\\\/wp-content\\\/uploads\\\/2024\\\/03\\\/00053429.jpeg\",\"datePublished\":\"2024-03-07T13:37:31+00:00\",\"breadcrumb\":{\"@id\":\"https:\\\/\\\/regiaonews.net.br\\\/2022\\\/2024\\\/03\\\/07\\\/sp-tirou-r-14-bilhao-do-trafico-com-apreensoes-de-cocaina-em-2023\\\/#breadcrumb\"},\"inLanguage\":\"pt-BR\",\"potentialAction\":[{\"@type\":\"ReadAction\",\"target\":[\"https:\\\/\\\/regiaonews.net.br\\\/2022\\\/2024\\\/03\\\/07\\\/sp-tirou-r-14-bilhao-do-trafico-com-apreensoes-de-cocaina-em-2023\\\/\"]}]},{\"@type\":\"ImageObject\",\"inLanguage\":\"pt-BR\",\"@id\":\"https:\\\/\\\/regiaonews.net.br\\\/2022\\\/2024\\\/03\\\/07\\\/sp-tirou-r-14-bilhao-do-trafico-com-apreensoes-de-cocaina-em-2023\\\/#primaryimage\",\"url\":\"https:\\\/\\\/regiaonews.net.br\\\/2022\\\/wp-content\\\/uploads\\\/2024\\\/03\\\/00053429.jpeg\",\"contentUrl\":\"https:\\\/\\\/regiaonews.net.br\\\/2022\\\/wp-content\\\/uploads\\\/2024\\\/03\\\/00053429.jpeg\",\"width\":1600,\"height\":1066},{\"@type\":\"BreadcrumbList\",\"@id\":\"https:\\\/\\\/regiaonews.net.br\\\/2022\\\/2024\\\/03\\\/07\\\/sp-tirou-r-14-bilhao-do-trafico-com-apreensoes-de-cocaina-em-2023\\\/#breadcrumb\",\"itemListElement\":[{\"@type\":\"ListItem\",\"position\":1,\"name\":\"In\u00edcio\",\"item\":\"https:\\\/\\\/regiaonews.net.br\\\/2022\\\/\"},{\"@type\":\"ListItem\",\"position\":2,\"name\":\"SP tirou R$ 1,4 bilh\u00e3o do tr\u00e1fico com apreens\u00f5es de coca\u00edna em 2023\"}]},{\"@type\":\"WebSite\",\"@id\":\"https:\\\/\\\/regiaonews.net.br\\\/2022\\\/#website\",\"url\":\"https:\\\/\\\/regiaonews.net.br\\\/2022\\\/\",\"name\":\"Regi\u00e3o News\",\"description\":\"Site de Not\u00edcias de Barretos e regi\u00e3o\",\"publisher\":{\"@id\":\"https:\\\/\\\/regiaonews.net.br\\\/2022\\\/#organization\"},\"potentialAction\":[{\"@type\":\"SearchAction\",\"target\":{\"@type\":\"EntryPoint\",\"urlTemplate\":\"https:\\\/\\\/regiaonews.net.br\\\/2022\\\/?s={search_term_string}\"},\"query-input\":{\"@type\":\"PropertyValueSpecification\",\"valueRequired\":true,\"valueName\":\"search_term_string\"}}],\"inLanguage\":\"pt-BR\"},{\"@type\":\"Organization\",\"@id\":\"https:\\\/\\\/regiaonews.net.br\\\/2022\\\/#organization\",\"name\":\"Regi\u00e3o News\",\"url\":\"https:\\\/\\\/regiaonews.net.br\\\/2022\\\/\",\"logo\":{\"@type\":\"ImageObject\",\"inLanguage\":\"pt-BR\",\"@id\":\"https:\\\/\\\/regiaonews.net.br\\\/2022\\\/#\\\/schema\\\/logo\\\/image\\\/\",\"url\":\"https:\\\/\\\/regiaonews.net.br\\\/2022\\\/wp-content\\\/uploads\\\/2026\\\/03\\\/regiao-13-anos-scaled.jpg\",\"contentUrl\":\"https:\\\/\\\/regiaonews.net.br\\\/2022\\\/wp-content\\\/uploads\\\/2026\\\/03\\\/regiao-13-anos-scaled.jpg\",\"width\":2560,\"height\":635,\"caption\":\"Regi\u00e3o News\"},\"image\":{\"@id\":\"https:\\\/\\\/regiaonews.net.br\\\/2022\\\/#\\\/schema\\\/logo\\\/image\\\/\"}},{\"@type\":\"Person\",\"@id\":\"https:\\\/\\\/regiaonews.net.br\\\/2022\\\/#\\\/schema\\\/person\\\/2d205a608a5aa97ac279d7a5e6d89ad8\",\"name\":\"Roberto\",\"image\":{\"@type\":\"ImageObject\",\"inLanguage\":\"pt-BR\",\"@id\":\"https:\\\/\\\/secure.gravatar.com\\\/avatar\\\/42749d8b712ff9d59ca93dc150494e5b55a44134482993f5baeb97e61b7ecc89?s=96&d=mm&r=g\",\"url\":\"https:\\\/\\\/secure.gravatar.com\\\/avatar\\\/42749d8b712ff9d59ca93dc150494e5b55a44134482993f5baeb97e61b7ecc89?s=96&d=mm&r=g\",\"contentUrl\":\"https:\\\/\\\/secure.gravatar.com\\\/avatar\\\/42749d8b712ff9d59ca93dc150494e5b55a44134482993f5baeb97e61b7ecc89?s=96&d=mm&r=g\",\"caption\":\"Roberto\"},\"url\":\"https:\\\/\\\/regiaonews.net.br\\\/2022\\\/author\\\/roberto\\\/\"}]}<\/script>\n<!-- \/ Yoast SEO plugin. -->","yoast_head_json":{"title":"SP tirou R$ 1,4 bilh\u00e3o do tr\u00e1fico com apreens\u00f5es de coca\u00edna em 2023 - Regi\u00e3o News","robots":{"index":"index","follow":"follow","max-snippet":"max-snippet:-1","max-image-preview":"max-image-preview:large","max-video-preview":"max-video-preview:-1"},"canonical":"https:\/\/regiaonews.net.br\/2022\/2024\/03\/07\/sp-tirou-r-14-bilhao-do-trafico-com-apreensoes-de-cocaina-em-2023\/","og_locale":"pt_BR","og_type":"article","og_title":"SP tirou R$ 1,4 bilh\u00e3o do tr\u00e1fico com apreens\u00f5es de coca\u00edna em 2023 - Regi\u00e3o News","og_description":"Quase 40 toneladas do entorpecente deixaram de ser exportadas para","og_url":"https:\/\/regiaonews.net.br\/2022\/2024\/03\/07\/sp-tirou-r-14-bilhao-do-trafico-com-apreensoes-de-cocaina-em-2023\/","og_site_name":"Regi\u00e3o News","article_published_time":"2024-03-07T13:37:31+00:00","og_image":[{"width":1600,"height":1066,"url":"https:\/\/regiaonews.net.br\/2022\/wp-content\/uploads\/2024\/03\/00053429.jpeg","type":"image\/jpeg"}],"author":"Roberto","twitter_card":"summary_large_image","twitter_misc":{"Escrito por":"Roberto","Est. tempo de leitura":"3 minutos"},"schema":{"@context":"https:\/\/schema.org","@graph":[{"@type":"Article","@id":"https:\/\/regiaonews.net.br\/2022\/2024\/03\/07\/sp-tirou-r-14-bilhao-do-trafico-com-apreensoes-de-cocaina-em-2023\/#article","isPartOf":{"@id":"https:\/\/regiaonews.net.br\/2022\/2024\/03\/07\/sp-tirou-r-14-bilhao-do-trafico-com-apreensoes-de-cocaina-em-2023\/"},"author":{"name":"Roberto","@id":"https:\/\/regiaonews.net.br\/2022\/#\/schema\/person\/2d205a608a5aa97ac279d7a5e6d89ad8"},"headline":"SP tirou R$ 1,4 bilh\u00e3o do tr\u00e1fico com apreens\u00f5es de coca\u00edna em 2023","datePublished":"2024-03-07T13:37:31+00:00","mainEntityOfPage":{"@id":"https:\/\/regiaonews.net.br\/2022\/2024\/03\/07\/sp-tirou-r-14-bilhao-do-trafico-com-apreensoes-de-cocaina-em-2023\/"},"wordCount":556,"commentCount":0,"publisher":{"@id":"https:\/\/regiaonews.net.br\/2022\/#organization"},"image":{"@id":"https:\/\/regiaonews.net.br\/2022\/2024\/03\/07\/sp-tirou-r-14-bilhao-do-trafico-com-apreensoes-de-cocaina-em-2023\/#primaryimage"},"thumbnailUrl":"https:\/\/regiaonews.net.br\/2022\/wp-content\/uploads\/2024\/03\/00053429.jpeg","articleSection":["Estado de S\u00e3o Paulo","Policia"],"inLanguage":"pt-BR","potentialAction":[{"@type":"CommentAction","name":"Comment","target":["https:\/\/regiaonews.net.br\/2022\/2024\/03\/07\/sp-tirou-r-14-bilhao-do-trafico-com-apreensoes-de-cocaina-em-2023\/#respond"]}]},{"@type":"WebPage","@id":"https:\/\/regiaonews.net.br\/2022\/2024\/03\/07\/sp-tirou-r-14-bilhao-do-trafico-com-apreensoes-de-cocaina-em-2023\/","url":"https:\/\/regiaonews.net.br\/2022\/2024\/03\/07\/sp-tirou-r-14-bilhao-do-trafico-com-apreensoes-de-cocaina-em-2023\/","name":"SP tirou R$ 1,4 bilh\u00e3o do tr\u00e1fico com apreens\u00f5es de coca\u00edna em 2023 - Regi\u00e3o News","isPartOf":{"@id":"https:\/\/regiaonews.net.br\/2022\/#website"},"primaryImageOfPage":{"@id":"https:\/\/regiaonews.net.br\/2022\/2024\/03\/07\/sp-tirou-r-14-bilhao-do-trafico-com-apreensoes-de-cocaina-em-2023\/#primaryimage"},"image":{"@id":"https:\/\/regiaonews.net.br\/2022\/2024\/03\/07\/sp-tirou-r-14-bilhao-do-trafico-com-apreensoes-de-cocaina-em-2023\/#primaryimage"},"thumbnailUrl":"https:\/\/regiaonews.net.br\/2022\/wp-content\/uploads\/2024\/03\/00053429.jpeg","datePublished":"2024-03-07T13:37:31+00:00","breadcrumb":{"@id":"https:\/\/regiaonews.net.br\/2022\/2024\/03\/07\/sp-tirou-r-14-bilhao-do-trafico-com-apreensoes-de-cocaina-em-2023\/#breadcrumb"},"inLanguage":"pt-BR","potentialAction":[{"@type":"ReadAction","target":["https:\/\/regiaonews.net.br\/2022\/2024\/03\/07\/sp-tirou-r-14-bilhao-do-trafico-com-apreensoes-de-cocaina-em-2023\/"]}]},{"@type":"ImageObject","inLanguage":"pt-BR","@id":"https:\/\/regiaonews.net.br\/2022\/2024\/03\/07\/sp-tirou-r-14-bilhao-do-trafico-com-apreensoes-de-cocaina-em-2023\/#primaryimage","url":"https:\/\/regiaonews.net.br\/2022\/wp-content\/uploads\/2024\/03\/00053429.jpeg","contentUrl":"https:\/\/regiaonews.net.br\/2022\/wp-content\/uploads\/2024\/03\/00053429.jpeg","width":1600,"height":1066},{"@type":"BreadcrumbList","@id":"https:\/\/regiaonews.net.br\/2022\/2024\/03\/07\/sp-tirou-r-14-bilhao-do-trafico-com-apreensoes-de-cocaina-em-2023\/#breadcrumb","itemListElement":[{"@type":"ListItem","position":1,"name":"In\u00edcio","item":"https:\/\/regiaonews.net.br\/2022\/"},{"@type":"ListItem","position":2,"name":"SP tirou R$ 1,4 bilh\u00e3o do tr\u00e1fico com apreens\u00f5es de coca\u00edna em 2023"}]},{"@type":"WebSite","@id":"https:\/\/regiaonews.net.br\/2022\/#website","url":"https:\/\/regiaonews.net.br\/2022\/","name":"Regi\u00e3o News","description":"Site de Not\u00edcias de Barretos e regi\u00e3o","publisher":{"@id":"https:\/\/regiaonews.net.br\/2022\/#organization"},"potentialAction":[{"@type":"SearchAction","target":{"@type":"EntryPoint","urlTemplate":"https:\/\/regiaonews.net.br\/2022\/?s={search_term_string}"},"query-input":{"@type":"PropertyValueSpecification","valueRequired":true,"valueName":"search_term_string"}}],"inLanguage":"pt-BR"},{"@type":"Organization","@id":"https:\/\/regiaonews.net.br\/2022\/#organization","name":"Regi\u00e3o News","url":"https:\/\/regiaonews.net.br\/2022\/","logo":{"@type":"ImageObject","inLanguage":"pt-BR","@id":"https:\/\/regiaonews.net.br\/2022\/#\/schema\/logo\/image\/","url":"https:\/\/regiaonews.net.br\/2022\/wp-content\/uploads\/2026\/03\/regiao-13-anos-scaled.jpg","contentUrl":"https:\/\/regiaonews.net.br\/2022\/wp-content\/uploads\/2026\/03\/regiao-13-anos-scaled.jpg","width":2560,"height":635,"caption":"Regi\u00e3o News"},"image":{"@id":"https:\/\/regiaonews.net.br\/2022\/#\/schema\/logo\/image\/"}},{"@type":"Person","@id":"https:\/\/regiaonews.net.br\/2022\/#\/schema\/person\/2d205a608a5aa97ac279d7a5e6d89ad8","name":"Roberto","image":{"@type":"ImageObject","inLanguage":"pt-BR","@id":"https:\/\/secure.gravatar.com\/avatar\/42749d8b712ff9d59ca93dc150494e5b55a44134482993f5baeb97e61b7ecc89?s=96&d=mm&r=g","url":"https:\/\/secure.gravatar.com\/avatar\/42749d8b712ff9d59ca93dc150494e5b55a44134482993f5baeb97e61b7ecc89?s=96&d=mm&r=g","contentUrl":"https:\/\/secure.gravatar.com\/avatar\/42749d8b712ff9d59ca93dc150494e5b55a44134482993f5baeb97e61b7ecc89?s=96&d=mm&r=g","caption":"Roberto"},"url":"https:\/\/regiaonews.net.br\/2022\/author\/roberto\/"}]}},"publishpress_future_action":{"enabled":false,"date":"2026-05-03 16:06:50","action":"change-status","newStatus":"draft","terms":[],"taxonomy":"category","extraData":[]},"publishpress_future_workflow_manual_trigger":{"enabledWorkflows":[]},"_links":{"self":[{"href":"https:\/\/regiaonews.net.br\/2022\/wp-json\/wp\/v2\/posts\/102126","targetHints":{"allow":["GET"]}}],"collection":[{"href":"https:\/\/regiaonews.net.br\/2022\/wp-json\/wp\/v2\/posts"}],"about":[{"href":"https:\/\/regiaonews.net.br\/2022\/wp-json\/wp\/v2\/types\/post"}],"author":[{"embeddable":true,"href":"https:\/\/regiaonews.net.br\/2022\/wp-json\/wp\/v2\/users\/2"}],"replies":[{"embeddable":true,"href":"https:\/\/regiaonews.net.br\/2022\/wp-json\/wp\/v2\/comments?post=102126"}],"version-history":[{"count":1,"href":"https:\/\/regiaonews.net.br\/2022\/wp-json\/wp\/v2\/posts\/102126\/revisions"}],"predecessor-version":[{"id":102128,"href":"https:\/\/regiaonews.net.br\/2022\/wp-json\/wp\/v2\/posts\/102126\/revisions\/102128"}],"wp:featuredmedia":[{"embeddable":true,"href":"https:\/\/regiaonews.net.br\/2022\/wp-json\/wp\/v2\/media\/102127"}],"wp:attachment":[{"href":"https:\/\/regiaonews.net.br\/2022\/wp-json\/wp\/v2\/media?parent=102126"}],"wp:term":[{"taxonomy":"category","embeddable":true,"href":"https:\/\/regiaonews.net.br\/2022\/wp-json\/wp\/v2\/categories?post=102126"},{"taxonomy":"post_tag","embeddable":true,"href":"https:\/\/regiaonews.net.br\/2022\/wp-json\/wp\/v2\/tags?post=102126"}],"curies":[{"name":"wp","href":"https:\/\/api.w.org\/{rel}","templated":true}]}}