{"id":102100,"date":"2024-03-06T18:25:45","date_gmt":"2024-03-06T21:25:45","guid":{"rendered":"https:\/\/regiaonews.net.br\/2022\/?p=102100"},"modified":"2024-03-06T18:25:45","modified_gmt":"2024-03-06T21:25:45","slug":"bom-prato-movel-passa-a-atender-no-bairro-christiano-carvalho","status":"publish","type":"post","link":"https:\/\/regiaonews.net.br\/2022\/2024\/03\/06\/bom-prato-movel-passa-a-atender-no-bairro-christiano-carvalho\/","title":{"rendered":"Bom Prato M\u00f3vel passa a atender no bairro Christiano Carvalho"},"content":{"rendered":"<p>&nbsp;<\/p>\n<p>De segunda a sexta-feira, a partir das 10h30, o caminh\u00e3o ficar\u00e1 estacionado na Rua C 11, perto da Igreja Santo Ant\u00f4nio de P\u00e1dua, onde disponibilizar\u00e1 500 refei\u00e7\u00f5es por dia ao valor unit\u00e1rio de R$ 1,00<\/p>\n<p>O caminh\u00e3o do \u201cBom Prato M\u00f3vel\u201d, a partir desta semana, passa a atender a regi\u00e3o do bairro Christiano Carvalho, ficando estacionado na Rua C 11, pra\u00e7a atr\u00e1s da Igreja Santo Ant\u00f4nio de P\u00e1dua, onde ir\u00e1 servir, a partir das 10h30, 500 almo\u00e7os por dia ao valor de R$ 1,00 cada refei\u00e7\u00e3o.<\/p>\n<p>O \u201cBom Prato M\u00f3vel\u201d na Est\u00e2ncia Tur\u00edstica de Barretos \u00e9 fruto de uma parceria entre o Governo do Estado e a Prefeitura, por meio da Secretaria Municipal de Assist\u00eancia Social e Desenvolvimento Humano. A extens\u00e3o do restaurante popular, em formato m\u00f3vel, entrou em opera\u00e7\u00e3o na cidade h\u00e1 um ano e meio, em 5 de setembro de 2022.<\/p>\n<p>A prefeita Paula Lemos celebrou que essa conquista ocorreu durante sua gest\u00e3o. A ferramenta itinerante viabiliza que 500 das refei\u00e7\u00f5es produzidas no restaurante sejam distribu\u00eddas em regi\u00f5es da cidade que est\u00e3o mais distantes da sede do Bom Prato. Do in\u00edcio das atividades na cidade, at\u00e9 esta quarta-feira, dia 6, o caminh\u00e3o j\u00e1 comercializou mais de 143 mil marmitas.<\/p>\n<p>\u201cO Bom Prato M\u00f3vel tem ajudado muitas pessoas que moram em diferentes partes de Barretos. Em parceria com a Prefeitura, o Bom Prato continua fazendo um excelente trabalho nas proximidades do Hospital de Amor. Com o caminh\u00e3o, o alimento de qualidade, fresquinho e balanceado \u00e9 levado para perto de mais pessoas e a marmita \u00e9 comercializada por um real\u201d, destacou a prefeita Paula.<\/p>\n<p>Bairros contemplados<\/p>\n<p>Em 5 de setembro de 2022, o caminh\u00e3o do Bom Prato M\u00f3vel estacionou pela primeira vez para comercializar marmitas em um local de Barretos; na \u00e9poca, no Bairro Gon\u00e7alves. Posteriormente, foi contemplado outro ponto, na regi\u00e3o dos bairros Boa Esperan\u00e7a e Santa Cec\u00edlia. Nos \u00faltimos meses a comercializa\u00e7\u00e3o foi feita no Barretos II; de onde mudou nesta semana para o Christiano Carvalho.<br \/>\nDesde que foi implantado em Barretos, o restaurante popular j\u00e1 serviu cerca de 2,4 milh\u00f5es de almo\u00e7os a 1 real e 450 mil caf\u00e9s da manh\u00e3 a 50 centavos. A iniciativa promove seguran\u00e7a alimentar para 1.500 pessoas diariamente na cidade. A unidade fixa do Bom Prato fica localizada na Rua Antenor Duarte Vilela, n. 1400, nas proximidades do Hospital de Amor e atende de segunda a sexta-feira, exceto feriados. O caf\u00e9 da manh\u00e3 \u00e9 fornecido a partir das 7h e o almo\u00e7o come\u00e7a \u00e0s 10h30.<\/p>\n","protected":false},"excerpt":{"rendered":"<p>&nbsp; De segunda a sexta-feira, a partir das 10h30, o<\/p>\n","protected":false},"author":2,"featured_media":102101,"comment_status":"open","ping_status":"open","sticky":false,"template":"","format":"standard","meta":{"footnotes":""},"categories":[14,25],"tags":[],"class_list":["post-102100","post","type-post","status-publish","format-standard","has-post-thumbnail","hentry","category-barretos","category-cidades"],"yoast_head":"<!-- This site is optimized with the Yoast SEO plugin v27.4 - https:\/\/yoast.com\/product\/yoast-seo-wordpress\/ -->\n<title>Bom Prato M\u00f3vel passa a atender no bairro Christiano Carvalho - Regi\u00e3o News<\/title>\n<meta name=\"robots\" content=\"index, follow, max-snippet:-1, max-image-preview:large, max-video-preview:-1\" \/>\n<link rel=\"canonical\" href=\"https:\/\/regiaonews.net.br\/2022\/2024\/03\/06\/bom-prato-movel-passa-a-atender-no-bairro-christiano-carvalho\/\" \/>\n<meta property=\"og:locale\" content=\"pt_BR\" \/>\n<meta property=\"og:type\" content=\"article\" \/>\n<meta property=\"og:title\" content=\"Bom Prato M\u00f3vel passa a atender no bairro Christiano Carvalho - Regi\u00e3o News\" \/>\n<meta property=\"og:description\" content=\"&nbsp; De segunda a sexta-feira, a partir das 10h30, o\" \/>\n<meta property=\"og:url\" content=\"https:\/\/regiaonews.net.br\/2022\/2024\/03\/06\/bom-prato-movel-passa-a-atender-no-bairro-christiano-carvalho\/\" \/>\n<meta property=\"og:site_name\" content=\"Regi\u00e3o News\" \/>\n<meta property=\"article:published_time\" content=\"2024-03-06T21:25:45+00:00\" \/>\n<meta property=\"og:image\" content=\"https:\/\/regiaonews.net.br\/2022\/wp-content\/uploads\/2024\/03\/WhatsApp-Image-2024-03-06-at-15.56.38.jpeg\" \/>\n\t<meta property=\"og:image:width\" content=\"1600\" \/>\n\t<meta property=\"og:image:height\" content=\"1067\" \/>\n\t<meta property=\"og:image:type\" content=\"image\/jpeg\" \/>\n<meta name=\"author\" content=\"Roberto\" \/>\n<meta name=\"twitter:card\" content=\"summary_large_image\" \/>\n<meta name=\"twitter:label1\" content=\"Escrito por\" \/>\n\t<meta name=\"twitter:data1\" content=\"Roberto\" \/>\n\t<meta name=\"twitter:label2\" content=\"Est. tempo de leitura\" \/>\n\t<meta name=\"twitter:data2\" content=\"3 minutos\" \/>\n<script type=\"application\/ld+json\" class=\"yoast-schema-graph\">{\"@context\":\"https:\\\/\\\/schema.org\",\"@graph\":[{\"@type\":\"Article\",\"@id\":\"https:\\\/\\\/regiaonews.net.br\\\/2022\\\/2024\\\/03\\\/06\\\/bom-prato-movel-passa-a-atender-no-bairro-christiano-carvalho\\\/#article\",\"isPartOf\":{\"@id\":\"https:\\\/\\\/regiaonews.net.br\\\/2022\\\/2024\\\/03\\\/06\\\/bom-prato-movel-passa-a-atender-no-bairro-christiano-carvalho\\\/\"},\"author\":{\"name\":\"Roberto\",\"@id\":\"https:\\\/\\\/regiaonews.net.br\\\/2022\\\/#\\\/schema\\\/person\\\/2d205a608a5aa97ac279d7a5e6d89ad8\"},\"headline\":\"Bom Prato M\u00f3vel passa a atender no bairro Christiano Carvalho\",\"datePublished\":\"2024-03-06T21:25:45+00:00\",\"mainEntityOfPage\":{\"@id\":\"https:\\\/\\\/regiaonews.net.br\\\/2022\\\/2024\\\/03\\\/06\\\/bom-prato-movel-passa-a-atender-no-bairro-christiano-carvalho\\\/\"},\"wordCount\":445,\"commentCount\":0,\"publisher\":{\"@id\":\"https:\\\/\\\/regiaonews.net.br\\\/2022\\\/#organization\"},\"image\":{\"@id\":\"https:\\\/\\\/regiaonews.net.br\\\/2022\\\/2024\\\/03\\\/06\\\/bom-prato-movel-passa-a-atender-no-bairro-christiano-carvalho\\\/#primaryimage\"},\"thumbnailUrl\":\"https:\\\/\\\/regiaonews.net.br\\\/2022\\\/wp-content\\\/uploads\\\/2024\\\/03\\\/WhatsApp-Image-2024-03-06-at-15.56.38.jpeg\",\"articleSection\":[\"Barretos\",\"Cidades\"],\"inLanguage\":\"pt-BR\",\"potentialAction\":[{\"@type\":\"CommentAction\",\"name\":\"Comment\",\"target\":[\"https:\\\/\\\/regiaonews.net.br\\\/2022\\\/2024\\\/03\\\/06\\\/bom-prato-movel-passa-a-atender-no-bairro-christiano-carvalho\\\/#respond\"]}]},{\"@type\":\"WebPage\",\"@id\":\"https:\\\/\\\/regiaonews.net.br\\\/2022\\\/2024\\\/03\\\/06\\\/bom-prato-movel-passa-a-atender-no-bairro-christiano-carvalho\\\/\",\"url\":\"https:\\\/\\\/regiaonews.net.br\\\/2022\\\/2024\\\/03\\\/06\\\/bom-prato-movel-passa-a-atender-no-bairro-christiano-carvalho\\\/\",\"name\":\"Bom Prato M\u00f3vel passa a atender no bairro Christiano Carvalho - Regi\u00e3o News\",\"isPartOf\":{\"@id\":\"https:\\\/\\\/regiaonews.net.br\\\/2022\\\/#website\"},\"primaryImageOfPage\":{\"@id\":\"https:\\\/\\\/regiaonews.net.br\\\/2022\\\/2024\\\/03\\\/06\\\/bom-prato-movel-passa-a-atender-no-bairro-christiano-carvalho\\\/#primaryimage\"},\"image\":{\"@id\":\"https:\\\/\\\/regiaonews.net.br\\\/2022\\\/2024\\\/03\\\/06\\\/bom-prato-movel-passa-a-atender-no-bairro-christiano-carvalho\\\/#primaryimage\"},\"thumbnailUrl\":\"https:\\\/\\\/regiaonews.net.br\\\/2022\\\/wp-content\\\/uploads\\\/2024\\\/03\\\/WhatsApp-Image-2024-03-06-at-15.56.38.jpeg\",\"datePublished\":\"2024-03-06T21:25:45+00:00\",\"breadcrumb\":{\"@id\":\"https:\\\/\\\/regiaonews.net.br\\\/2022\\\/2024\\\/03\\\/06\\\/bom-prato-movel-passa-a-atender-no-bairro-christiano-carvalho\\\/#breadcrumb\"},\"inLanguage\":\"pt-BR\",\"potentialAction\":[{\"@type\":\"ReadAction\",\"target\":[\"https:\\\/\\\/regiaonews.net.br\\\/2022\\\/2024\\\/03\\\/06\\\/bom-prato-movel-passa-a-atender-no-bairro-christiano-carvalho\\\/\"]}]},{\"@type\":\"ImageObject\",\"inLanguage\":\"pt-BR\",\"@id\":\"https:\\\/\\\/regiaonews.net.br\\\/2022\\\/2024\\\/03\\\/06\\\/bom-prato-movel-passa-a-atender-no-bairro-christiano-carvalho\\\/#primaryimage\",\"url\":\"https:\\\/\\\/regiaonews.net.br\\\/2022\\\/wp-content\\\/uploads\\\/2024\\\/03\\\/WhatsApp-Image-2024-03-06-at-15.56.38.jpeg\",\"contentUrl\":\"https:\\\/\\\/regiaonews.net.br\\\/2022\\\/wp-content\\\/uploads\\\/2024\\\/03\\\/WhatsApp-Image-2024-03-06-at-15.56.38.jpeg\",\"width\":1600,\"height\":1067},{\"@type\":\"BreadcrumbList\",\"@id\":\"https:\\\/\\\/regiaonews.net.br\\\/2022\\\/2024\\\/03\\\/06\\\/bom-prato-movel-passa-a-atender-no-bairro-christiano-carvalho\\\/#breadcrumb\",\"itemListElement\":[{\"@type\":\"ListItem\",\"position\":1,\"name\":\"In\u00edcio\",\"item\":\"https:\\\/\\\/regiaonews.net.br\\\/2022\\\/\"},{\"@type\":\"ListItem\",\"position\":2,\"name\":\"Bom Prato M\u00f3vel passa a atender no bairro Christiano Carvalho\"}]},{\"@type\":\"WebSite\",\"@id\":\"https:\\\/\\\/regiaonews.net.br\\\/2022\\\/#website\",\"url\":\"https:\\\/\\\/regiaonews.net.br\\\/2022\\\/\",\"name\":\"Regi\u00e3o News\",\"description\":\"Site de Not\u00edcias de Barretos e regi\u00e3o\",\"publisher\":{\"@id\":\"https:\\\/\\\/regiaonews.net.br\\\/2022\\\/#organization\"},\"potentialAction\":[{\"@type\":\"SearchAction\",\"target\":{\"@type\":\"EntryPoint\",\"urlTemplate\":\"https:\\\/\\\/regiaonews.net.br\\\/2022\\\/?s={search_term_string}\"},\"query-input\":{\"@type\":\"PropertyValueSpecification\",\"valueRequired\":true,\"valueName\":\"search_term_string\"}}],\"inLanguage\":\"pt-BR\"},{\"@type\":\"Organization\",\"@id\":\"https:\\\/\\\/regiaonews.net.br\\\/2022\\\/#organization\",\"name\":\"Regi\u00e3o News\",\"url\":\"https:\\\/\\\/regiaonews.net.br\\\/2022\\\/\",\"logo\":{\"@type\":\"ImageObject\",\"inLanguage\":\"pt-BR\",\"@id\":\"https:\\\/\\\/regiaonews.net.br\\\/2022\\\/#\\\/schema\\\/logo\\\/image\\\/\",\"url\":\"https:\\\/\\\/regiaonews.net.br\\\/2022\\\/wp-content\\\/uploads\\\/2026\\\/03\\\/regiao-13-anos-scaled.jpg\",\"contentUrl\":\"https:\\\/\\\/regiaonews.net.br\\\/2022\\\/wp-content\\\/uploads\\\/2026\\\/03\\\/regiao-13-anos-scaled.jpg\",\"width\":2560,\"height\":635,\"caption\":\"Regi\u00e3o News\"},\"image\":{\"@id\":\"https:\\\/\\\/regiaonews.net.br\\\/2022\\\/#\\\/schema\\\/logo\\\/image\\\/\"}},{\"@type\":\"Person\",\"@id\":\"https:\\\/\\\/regiaonews.net.br\\\/2022\\\/#\\\/schema\\\/person\\\/2d205a608a5aa97ac279d7a5e6d89ad8\",\"name\":\"Roberto\",\"image\":{\"@type\":\"ImageObject\",\"inLanguage\":\"pt-BR\",\"@id\":\"https:\\\/\\\/secure.gravatar.com\\\/avatar\\\/42749d8b712ff9d59ca93dc150494e5b55a44134482993f5baeb97e61b7ecc89?s=96&d=mm&r=g\",\"url\":\"https:\\\/\\\/secure.gravatar.com\\\/avatar\\\/42749d8b712ff9d59ca93dc150494e5b55a44134482993f5baeb97e61b7ecc89?s=96&d=mm&r=g\",\"contentUrl\":\"https:\\\/\\\/secure.gravatar.com\\\/avatar\\\/42749d8b712ff9d59ca93dc150494e5b55a44134482993f5baeb97e61b7ecc89?s=96&d=mm&r=g\",\"caption\":\"Roberto\"},\"url\":\"https:\\\/\\\/regiaonews.net.br\\\/2022\\\/author\\\/roberto\\\/\"}]}<\/script>\n<!-- \/ Yoast SEO plugin. -->","yoast_head_json":{"title":"Bom Prato M\u00f3vel passa a atender no bairro Christiano Carvalho - Regi\u00e3o News","robots":{"index":"index","follow":"follow","max-snippet":"max-snippet:-1","max-image-preview":"max-image-preview:large","max-video-preview":"max-video-preview:-1"},"canonical":"https:\/\/regiaonews.net.br\/2022\/2024\/03\/06\/bom-prato-movel-passa-a-atender-no-bairro-christiano-carvalho\/","og_locale":"pt_BR","og_type":"article","og_title":"Bom Prato M\u00f3vel passa a atender no bairro Christiano Carvalho - Regi\u00e3o News","og_description":"&nbsp; De segunda a sexta-feira, a partir das 10h30, o","og_url":"https:\/\/regiaonews.net.br\/2022\/2024\/03\/06\/bom-prato-movel-passa-a-atender-no-bairro-christiano-carvalho\/","og_site_name":"Regi\u00e3o News","article_published_time":"2024-03-06T21:25:45+00:00","og_image":[{"width":1600,"height":1067,"url":"https:\/\/regiaonews.net.br\/2022\/wp-content\/uploads\/2024\/03\/WhatsApp-Image-2024-03-06-at-15.56.38.jpeg","type":"image\/jpeg"}],"author":"Roberto","twitter_card":"summary_large_image","twitter_misc":{"Escrito por":"Roberto","Est. tempo de leitura":"3 minutos"},"schema":{"@context":"https:\/\/schema.org","@graph":[{"@type":"Article","@id":"https:\/\/regiaonews.net.br\/2022\/2024\/03\/06\/bom-prato-movel-passa-a-atender-no-bairro-christiano-carvalho\/#article","isPartOf":{"@id":"https:\/\/regiaonews.net.br\/2022\/2024\/03\/06\/bom-prato-movel-passa-a-atender-no-bairro-christiano-carvalho\/"},"author":{"name":"Roberto","@id":"https:\/\/regiaonews.net.br\/2022\/#\/schema\/person\/2d205a608a5aa97ac279d7a5e6d89ad8"},"headline":"Bom Prato M\u00f3vel passa a atender no bairro Christiano Carvalho","datePublished":"2024-03-06T21:25:45+00:00","mainEntityOfPage":{"@id":"https:\/\/regiaonews.net.br\/2022\/2024\/03\/06\/bom-prato-movel-passa-a-atender-no-bairro-christiano-carvalho\/"},"wordCount":445,"commentCount":0,"publisher":{"@id":"https:\/\/regiaonews.net.br\/2022\/#organization"},"image":{"@id":"https:\/\/regiaonews.net.br\/2022\/2024\/03\/06\/bom-prato-movel-passa-a-atender-no-bairro-christiano-carvalho\/#primaryimage"},"thumbnailUrl":"https:\/\/regiaonews.net.br\/2022\/wp-content\/uploads\/2024\/03\/WhatsApp-Image-2024-03-06-at-15.56.38.jpeg","articleSection":["Barretos","Cidades"],"inLanguage":"pt-BR","potentialAction":[{"@type":"CommentAction","name":"Comment","target":["https:\/\/regiaonews.net.br\/2022\/2024\/03\/06\/bom-prato-movel-passa-a-atender-no-bairro-christiano-carvalho\/#respond"]}]},{"@type":"WebPage","@id":"https:\/\/regiaonews.net.br\/2022\/2024\/03\/06\/bom-prato-movel-passa-a-atender-no-bairro-christiano-carvalho\/","url":"https:\/\/regiaonews.net.br\/2022\/2024\/03\/06\/bom-prato-movel-passa-a-atender-no-bairro-christiano-carvalho\/","name":"Bom Prato M\u00f3vel passa a atender no bairro Christiano Carvalho - Regi\u00e3o News","isPartOf":{"@id":"https:\/\/regiaonews.net.br\/2022\/#website"},"primaryImageOfPage":{"@id":"https:\/\/regiaonews.net.br\/2022\/2024\/03\/06\/bom-prato-movel-passa-a-atender-no-bairro-christiano-carvalho\/#primaryimage"},"image":{"@id":"https:\/\/regiaonews.net.br\/2022\/2024\/03\/06\/bom-prato-movel-passa-a-atender-no-bairro-christiano-carvalho\/#primaryimage"},"thumbnailUrl":"https:\/\/regiaonews.net.br\/2022\/wp-content\/uploads\/2024\/03\/WhatsApp-Image-2024-03-06-at-15.56.38.jpeg","datePublished":"2024-03-06T21:25:45+00:00","breadcrumb":{"@id":"https:\/\/regiaonews.net.br\/2022\/2024\/03\/06\/bom-prato-movel-passa-a-atender-no-bairro-christiano-carvalho\/#breadcrumb"},"inLanguage":"pt-BR","potentialAction":[{"@type":"ReadAction","target":["https:\/\/regiaonews.net.br\/2022\/2024\/03\/06\/bom-prato-movel-passa-a-atender-no-bairro-christiano-carvalho\/"]}]},{"@type":"ImageObject","inLanguage":"pt-BR","@id":"https:\/\/regiaonews.net.br\/2022\/2024\/03\/06\/bom-prato-movel-passa-a-atender-no-bairro-christiano-carvalho\/#primaryimage","url":"https:\/\/regiaonews.net.br\/2022\/wp-content\/uploads\/2024\/03\/WhatsApp-Image-2024-03-06-at-15.56.38.jpeg","contentUrl":"https:\/\/regiaonews.net.br\/2022\/wp-content\/uploads\/2024\/03\/WhatsApp-Image-2024-03-06-at-15.56.38.jpeg","width":1600,"height":1067},{"@type":"BreadcrumbList","@id":"https:\/\/regiaonews.net.br\/2022\/2024\/03\/06\/bom-prato-movel-passa-a-atender-no-bairro-christiano-carvalho\/#breadcrumb","itemListElement":[{"@type":"ListItem","position":1,"name":"In\u00edcio","item":"https:\/\/regiaonews.net.br\/2022\/"},{"@type":"ListItem","position":2,"name":"Bom Prato M\u00f3vel passa a atender no bairro Christiano Carvalho"}]},{"@type":"WebSite","@id":"https:\/\/regiaonews.net.br\/2022\/#website","url":"https:\/\/regiaonews.net.br\/2022\/","name":"Regi\u00e3o News","description":"Site de Not\u00edcias de Barretos e regi\u00e3o","publisher":{"@id":"https:\/\/regiaonews.net.br\/2022\/#organization"},"potentialAction":[{"@type":"SearchAction","target":{"@type":"EntryPoint","urlTemplate":"https:\/\/regiaonews.net.br\/2022\/?s={search_term_string}"},"query-input":{"@type":"PropertyValueSpecification","valueRequired":true,"valueName":"search_term_string"}}],"inLanguage":"pt-BR"},{"@type":"Organization","@id":"https:\/\/regiaonews.net.br\/2022\/#organization","name":"Regi\u00e3o News","url":"https:\/\/regiaonews.net.br\/2022\/","logo":{"@type":"ImageObject","inLanguage":"pt-BR","@id":"https:\/\/regiaonews.net.br\/2022\/#\/schema\/logo\/image\/","url":"https:\/\/regiaonews.net.br\/2022\/wp-content\/uploads\/2026\/03\/regiao-13-anos-scaled.jpg","contentUrl":"https:\/\/regiaonews.net.br\/2022\/wp-content\/uploads\/2026\/03\/regiao-13-anos-scaled.jpg","width":2560,"height":635,"caption":"Regi\u00e3o News"},"image":{"@id":"https:\/\/regiaonews.net.br\/2022\/#\/schema\/logo\/image\/"}},{"@type":"Person","@id":"https:\/\/regiaonews.net.br\/2022\/#\/schema\/person\/2d205a608a5aa97ac279d7a5e6d89ad8","name":"Roberto","image":{"@type":"ImageObject","inLanguage":"pt-BR","@id":"https:\/\/secure.gravatar.com\/avatar\/42749d8b712ff9d59ca93dc150494e5b55a44134482993f5baeb97e61b7ecc89?s=96&d=mm&r=g","url":"https:\/\/secure.gravatar.com\/avatar\/42749d8b712ff9d59ca93dc150494e5b55a44134482993f5baeb97e61b7ecc89?s=96&d=mm&r=g","contentUrl":"https:\/\/secure.gravatar.com\/avatar\/42749d8b712ff9d59ca93dc150494e5b55a44134482993f5baeb97e61b7ecc89?s=96&d=mm&r=g","caption":"Roberto"},"url":"https:\/\/regiaonews.net.br\/2022\/author\/roberto\/"}]}},"publishpress_future_action":{"enabled":false,"date":"2026-05-03 12:34:57","action":"change-status","newStatus":"draft","terms":[],"taxonomy":"category","extraData":[]},"publishpress_future_workflow_manual_trigger":{"enabledWorkflows":[]},"_links":{"self":[{"href":"https:\/\/regiaonews.net.br\/2022\/wp-json\/wp\/v2\/posts\/102100","targetHints":{"allow":["GET"]}}],"collection":[{"href":"https:\/\/regiaonews.net.br\/2022\/wp-json\/wp\/v2\/posts"}],"about":[{"href":"https:\/\/regiaonews.net.br\/2022\/wp-json\/wp\/v2\/types\/post"}],"author":[{"embeddable":true,"href":"https:\/\/regiaonews.net.br\/2022\/wp-json\/wp\/v2\/users\/2"}],"replies":[{"embeddable":true,"href":"https:\/\/regiaonews.net.br\/2022\/wp-json\/wp\/v2\/comments?post=102100"}],"version-history":[{"count":1,"href":"https:\/\/regiaonews.net.br\/2022\/wp-json\/wp\/v2\/posts\/102100\/revisions"}],"predecessor-version":[{"id":102102,"href":"https:\/\/regiaonews.net.br\/2022\/wp-json\/wp\/v2\/posts\/102100\/revisions\/102102"}],"wp:featuredmedia":[{"embeddable":true,"href":"https:\/\/regiaonews.net.br\/2022\/wp-json\/wp\/v2\/media\/102101"}],"wp:attachment":[{"href":"https:\/\/regiaonews.net.br\/2022\/wp-json\/wp\/v2\/media?parent=102100"}],"wp:term":[{"taxonomy":"category","embeddable":true,"href":"https:\/\/regiaonews.net.br\/2022\/wp-json\/wp\/v2\/categories?post=102100"},{"taxonomy":"post_tag","embeddable":true,"href":"https:\/\/regiaonews.net.br\/2022\/wp-json\/wp\/v2\/tags?post=102100"}],"curies":[{"name":"wp","href":"https:\/\/api.w.org\/{rel}","templated":true}]}}