{"id":102094,"date":"2024-03-06T17:51:47","date_gmt":"2024-03-06T20:51:47","guid":{"rendered":"https:\/\/regiaonews.net.br\/2022\/?p=102094"},"modified":"2024-03-06T20:06:22","modified_gmt":"2024-03-06T23:06:22","slug":"policia-civil-em-bebedouro-esclarece-homicidio-ocorrido-no-jardim-uniao","status":"publish","type":"post","link":"https:\/\/regiaonews.net.br\/2022\/2024\/03\/06\/policia-civil-em-bebedouro-esclarece-homicidio-ocorrido-no-jardim-uniao\/","title":{"rendered":"Pol\u00edcia Civil de Bebedouro esclarece homic\u00eddio do Jardim Uni\u00e3o"},"content":{"rendered":"<p style=\"text-align: left;\"><strong>A Pol\u00edcia Civil em Bebedouro, atrav\u00e9s de agentes de sua Delegacia de Investiga\u00e7\u00f5es Gerais (DIG), ap\u00f3s uma s\u00e9rie de investiga\u00e7\u00f5es conseguiu identificar o autor do homic\u00eddio ocorrido no \u00faltimo dia 27\/02 no Jardim Uni\u00e3o.<\/strong><\/p>\n<p>O crime:<\/p>\n<p>Na madrugada desse dia o corpo de Rog\u00e9rio Magalh\u00e3es, de 47 anos, foi encontrado j\u00e1 sem vida na Rua Belmiro Ramos com v\u00e1rias perfura\u00e7\u00f5es provocadas aparentemente por algum tipo de arma branca. Logo nas primeiras horas ap\u00f3s o crime os agentes da DIG come\u00e7aram a diligenciar em busca de testemunhas e elementos de informa\u00e7\u00e3o sobre o crime, at\u00e9 que chegaram ao nome de um suspeito, o desempregado M.H.D., de 35 anos, o qual foi reconhecido por testemunhas como sendo o autor do homic\u00eddio.<\/p>\n<p>Apurou-se que no local dos fatos, onde usu\u00e1rios se encontram para fazer uso de drogas, houve uma discuss\u00e3o entre a v\u00edtima e o suspeito, cujo motivo ainda n\u00e3o est\u00e1 devidamente esclarecido, e este desferiu diversos golpes com uma faca contra a v\u00edtima, que veio a \u00f3bito ainda no pr\u00f3prio local do evento.<\/p>\n<p>Diante das provas reunidas, o Delegado de Pol\u00edcia Jo\u00e3o Vitor Silv\u00e9rio representou junto \u00e0 Justi\u00e7a pela decreta\u00e7\u00e3o da pris\u00e3o tempor\u00e1ria de M.H.D., que foi deferida.<br \/>\nO respectivo mandado de pris\u00e3o foi difundido entre as for\u00e7as de seguran\u00e7a do munic\u00edpio e ontem (5\/3), no final da tarde, M.H.D. foi localizado e preso por policiais militares.<\/p>\n<p>O suspeito em quest\u00e3o foi subsequentemente encaminhafo e recolhido na Cadeia P\u00fablica da vizinha comarca de Colina, \u00e0 disposi\u00e7\u00e3o da Justi\u00e7a.<\/p>\n<p>De acordo com o delegado respons\u00e1vel pelo caso, com a pris\u00e3o do indiciado, as \u00faltimas dilig\u00eancias ser\u00e3o encetadas para a conclus\u00e3o do inqu\u00e9rito policial. O delegado ainda destacou a celeridade com a qual o caso foi resolvido e parabenizou a sua equipe, dizendo que &#8220;apesar do quadro reduzido de policiais, os que aqui est\u00e3o s\u00e3o vocacionados e est\u00e3o sempre prontos para dar uma resposta c\u00e9lebre \u00e0 sociedade bebedourense, como neste caso, que foi solucionado horas depois, motivo pelo qual fica aqui registrado nossos elogios\u201d.<\/p>\n<p>ACS &#8211; Delegacia Seccional de Pol\u00edcia de Bebedouro.<\/p>\n","protected":false},"excerpt":{"rendered":"<p>A Pol\u00edcia Civil em Bebedouro, atrav\u00e9s de agentes de sua<\/p>\n","protected":false},"author":2,"featured_media":102095,"comment_status":"open","ping_status":"open","sticky":false,"template":"","format":"standard","meta":{"footnotes":""},"categories":[4,23],"tags":[],"class_list":["post-102094","post","type-post","status-publish","format-standard","has-post-thumbnail","hentry","category-bebedouro","category-policia"],"yoast_head":"<!-- This site is optimized with the Yoast SEO plugin v27.4 - https:\/\/yoast.com\/product\/yoast-seo-wordpress\/ -->\n<title>Pol\u00edcia Civil de Bebedouro esclarece homic\u00eddio do Jardim Uni\u00e3o - Regi\u00e3o News<\/title>\n<meta name=\"robots\" content=\"index, follow, max-snippet:-1, max-image-preview:large, max-video-preview:-1\" \/>\n<link rel=\"canonical\" href=\"https:\/\/regiaonews.net.br\/2022\/2024\/03\/06\/policia-civil-em-bebedouro-esclarece-homicidio-ocorrido-no-jardim-uniao\/\" \/>\n<meta property=\"og:locale\" content=\"pt_BR\" \/>\n<meta property=\"og:type\" content=\"article\" \/>\n<meta property=\"og:title\" content=\"Pol\u00edcia Civil de Bebedouro esclarece homic\u00eddio do Jardim Uni\u00e3o - Regi\u00e3o News\" \/>\n<meta property=\"og:description\" content=\"A Pol\u00edcia Civil em Bebedouro, atrav\u00e9s de agentes de sua\" \/>\n<meta property=\"og:url\" content=\"https:\/\/regiaonews.net.br\/2022\/2024\/03\/06\/policia-civil-em-bebedouro-esclarece-homicidio-ocorrido-no-jardim-uniao\/\" \/>\n<meta property=\"og:site_name\" content=\"Regi\u00e3o News\" \/>\n<meta property=\"article:published_time\" content=\"2024-03-06T20:51:47+00:00\" \/>\n<meta property=\"article:modified_time\" content=\"2024-03-06T23:06:22+00:00\" \/>\n<meta property=\"og:image\" content=\"https:\/\/regiaonews.net.br\/2022\/wp-content\/uploads\/2024\/03\/Imagem-do-WhatsApp-de-2024-03-06-as-15.55.56_1463701e.jpg\" \/>\n\t<meta property=\"og:image:width\" content=\"1600\" \/>\n\t<meta property=\"og:image:height\" content=\"1200\" \/>\n\t<meta property=\"og:image:type\" content=\"image\/jpeg\" \/>\n<meta name=\"author\" content=\"Roberto\" \/>\n<meta name=\"twitter:card\" content=\"summary_large_image\" \/>\n<meta name=\"twitter:label1\" content=\"Escrito por\" \/>\n\t<meta name=\"twitter:data1\" content=\"Roberto\" \/>\n\t<meta name=\"twitter:label2\" content=\"Est. tempo de leitura\" \/>\n\t<meta name=\"twitter:data2\" content=\"3 minutos\" \/>\n<script type=\"application\/ld+json\" class=\"yoast-schema-graph\">{\"@context\":\"https:\\\/\\\/schema.org\",\"@graph\":[{\"@type\":\"Article\",\"@id\":\"https:\\\/\\\/regiaonews.net.br\\\/2022\\\/2024\\\/03\\\/06\\\/policia-civil-em-bebedouro-esclarece-homicidio-ocorrido-no-jardim-uniao\\\/#article\",\"isPartOf\":{\"@id\":\"https:\\\/\\\/regiaonews.net.br\\\/2022\\\/2024\\\/03\\\/06\\\/policia-civil-em-bebedouro-esclarece-homicidio-ocorrido-no-jardim-uniao\\\/\"},\"author\":{\"name\":\"Roberto\",\"@id\":\"https:\\\/\\\/regiaonews.net.br\\\/2022\\\/#\\\/schema\\\/person\\\/2d205a608a5aa97ac279d7a5e6d89ad8\"},\"headline\":\"Pol\u00edcia Civil de Bebedouro esclarece homic\u00eddio do Jardim Uni\u00e3o\",\"datePublished\":\"2024-03-06T20:51:47+00:00\",\"dateModified\":\"2024-03-06T23:06:22+00:00\",\"mainEntityOfPage\":{\"@id\":\"https:\\\/\\\/regiaonews.net.br\\\/2022\\\/2024\\\/03\\\/06\\\/policia-civil-em-bebedouro-esclarece-homicidio-ocorrido-no-jardim-uniao\\\/\"},\"wordCount\":397,\"commentCount\":0,\"publisher\":{\"@id\":\"https:\\\/\\\/regiaonews.net.br\\\/2022\\\/#organization\"},\"image\":{\"@id\":\"https:\\\/\\\/regiaonews.net.br\\\/2022\\\/2024\\\/03\\\/06\\\/policia-civil-em-bebedouro-esclarece-homicidio-ocorrido-no-jardim-uniao\\\/#primaryimage\"},\"thumbnailUrl\":\"https:\\\/\\\/regiaonews.net.br\\\/2022\\\/wp-content\\\/uploads\\\/2024\\\/03\\\/Imagem-do-WhatsApp-de-2024-03-06-as-15.55.56_1463701e.jpg\",\"articleSection\":[\"Bebedouro\",\"Policia\"],\"inLanguage\":\"pt-BR\",\"potentialAction\":[{\"@type\":\"CommentAction\",\"name\":\"Comment\",\"target\":[\"https:\\\/\\\/regiaonews.net.br\\\/2022\\\/2024\\\/03\\\/06\\\/policia-civil-em-bebedouro-esclarece-homicidio-ocorrido-no-jardim-uniao\\\/#respond\"]}]},{\"@type\":\"WebPage\",\"@id\":\"https:\\\/\\\/regiaonews.net.br\\\/2022\\\/2024\\\/03\\\/06\\\/policia-civil-em-bebedouro-esclarece-homicidio-ocorrido-no-jardim-uniao\\\/\",\"url\":\"https:\\\/\\\/regiaonews.net.br\\\/2022\\\/2024\\\/03\\\/06\\\/policia-civil-em-bebedouro-esclarece-homicidio-ocorrido-no-jardim-uniao\\\/\",\"name\":\"Pol\u00edcia Civil de Bebedouro esclarece homic\u00eddio do Jardim Uni\u00e3o - Regi\u00e3o News\",\"isPartOf\":{\"@id\":\"https:\\\/\\\/regiaonews.net.br\\\/2022\\\/#website\"},\"primaryImageOfPage\":{\"@id\":\"https:\\\/\\\/regiaonews.net.br\\\/2022\\\/2024\\\/03\\\/06\\\/policia-civil-em-bebedouro-esclarece-homicidio-ocorrido-no-jardim-uniao\\\/#primaryimage\"},\"image\":{\"@id\":\"https:\\\/\\\/regiaonews.net.br\\\/2022\\\/2024\\\/03\\\/06\\\/policia-civil-em-bebedouro-esclarece-homicidio-ocorrido-no-jardim-uniao\\\/#primaryimage\"},\"thumbnailUrl\":\"https:\\\/\\\/regiaonews.net.br\\\/2022\\\/wp-content\\\/uploads\\\/2024\\\/03\\\/Imagem-do-WhatsApp-de-2024-03-06-as-15.55.56_1463701e.jpg\",\"datePublished\":\"2024-03-06T20:51:47+00:00\",\"dateModified\":\"2024-03-06T23:06:22+00:00\",\"breadcrumb\":{\"@id\":\"https:\\\/\\\/regiaonews.net.br\\\/2022\\\/2024\\\/03\\\/06\\\/policia-civil-em-bebedouro-esclarece-homicidio-ocorrido-no-jardim-uniao\\\/#breadcrumb\"},\"inLanguage\":\"pt-BR\",\"potentialAction\":[{\"@type\":\"ReadAction\",\"target\":[\"https:\\\/\\\/regiaonews.net.br\\\/2022\\\/2024\\\/03\\\/06\\\/policia-civil-em-bebedouro-esclarece-homicidio-ocorrido-no-jardim-uniao\\\/\"]}]},{\"@type\":\"ImageObject\",\"inLanguage\":\"pt-BR\",\"@id\":\"https:\\\/\\\/regiaonews.net.br\\\/2022\\\/2024\\\/03\\\/06\\\/policia-civil-em-bebedouro-esclarece-homicidio-ocorrido-no-jardim-uniao\\\/#primaryimage\",\"url\":\"https:\\\/\\\/regiaonews.net.br\\\/2022\\\/wp-content\\\/uploads\\\/2024\\\/03\\\/Imagem-do-WhatsApp-de-2024-03-06-as-15.55.56_1463701e.jpg\",\"contentUrl\":\"https:\\\/\\\/regiaonews.net.br\\\/2022\\\/wp-content\\\/uploads\\\/2024\\\/03\\\/Imagem-do-WhatsApp-de-2024-03-06-as-15.55.56_1463701e.jpg\",\"width\":1600,\"height\":1200},{\"@type\":\"BreadcrumbList\",\"@id\":\"https:\\\/\\\/regiaonews.net.br\\\/2022\\\/2024\\\/03\\\/06\\\/policia-civil-em-bebedouro-esclarece-homicidio-ocorrido-no-jardim-uniao\\\/#breadcrumb\",\"itemListElement\":[{\"@type\":\"ListItem\",\"position\":1,\"name\":\"In\u00edcio\",\"item\":\"https:\\\/\\\/regiaonews.net.br\\\/2022\\\/\"},{\"@type\":\"ListItem\",\"position\":2,\"name\":\"Pol\u00edcia Civil de Bebedouro esclarece homic\u00eddio do Jardim Uni\u00e3o\"}]},{\"@type\":\"WebSite\",\"@id\":\"https:\\\/\\\/regiaonews.net.br\\\/2022\\\/#website\",\"url\":\"https:\\\/\\\/regiaonews.net.br\\\/2022\\\/\",\"name\":\"Regi\u00e3o News\",\"description\":\"Site de Not\u00edcias de Barretos e regi\u00e3o\",\"publisher\":{\"@id\":\"https:\\\/\\\/regiaonews.net.br\\\/2022\\\/#organization\"},\"potentialAction\":[{\"@type\":\"SearchAction\",\"target\":{\"@type\":\"EntryPoint\",\"urlTemplate\":\"https:\\\/\\\/regiaonews.net.br\\\/2022\\\/?s={search_term_string}\"},\"query-input\":{\"@type\":\"PropertyValueSpecification\",\"valueRequired\":true,\"valueName\":\"search_term_string\"}}],\"inLanguage\":\"pt-BR\"},{\"@type\":\"Organization\",\"@id\":\"https:\\\/\\\/regiaonews.net.br\\\/2022\\\/#organization\",\"name\":\"Regi\u00e3o News\",\"url\":\"https:\\\/\\\/regiaonews.net.br\\\/2022\\\/\",\"logo\":{\"@type\":\"ImageObject\",\"inLanguage\":\"pt-BR\",\"@id\":\"https:\\\/\\\/regiaonews.net.br\\\/2022\\\/#\\\/schema\\\/logo\\\/image\\\/\",\"url\":\"https:\\\/\\\/regiaonews.net.br\\\/2022\\\/wp-content\\\/uploads\\\/2026\\\/03\\\/regiao-13-anos-scaled.jpg\",\"contentUrl\":\"https:\\\/\\\/regiaonews.net.br\\\/2022\\\/wp-content\\\/uploads\\\/2026\\\/03\\\/regiao-13-anos-scaled.jpg\",\"width\":2560,\"height\":635,\"caption\":\"Regi\u00e3o News\"},\"image\":{\"@id\":\"https:\\\/\\\/regiaonews.net.br\\\/2022\\\/#\\\/schema\\\/logo\\\/image\\\/\"}},{\"@type\":\"Person\",\"@id\":\"https:\\\/\\\/regiaonews.net.br\\\/2022\\\/#\\\/schema\\\/person\\\/2d205a608a5aa97ac279d7a5e6d89ad8\",\"name\":\"Roberto\",\"image\":{\"@type\":\"ImageObject\",\"inLanguage\":\"pt-BR\",\"@id\":\"https:\\\/\\\/secure.gravatar.com\\\/avatar\\\/42749d8b712ff9d59ca93dc150494e5b55a44134482993f5baeb97e61b7ecc89?s=96&d=mm&r=g\",\"url\":\"https:\\\/\\\/secure.gravatar.com\\\/avatar\\\/42749d8b712ff9d59ca93dc150494e5b55a44134482993f5baeb97e61b7ecc89?s=96&d=mm&r=g\",\"contentUrl\":\"https:\\\/\\\/secure.gravatar.com\\\/avatar\\\/42749d8b712ff9d59ca93dc150494e5b55a44134482993f5baeb97e61b7ecc89?s=96&d=mm&r=g\",\"caption\":\"Roberto\"},\"url\":\"https:\\\/\\\/regiaonews.net.br\\\/2022\\\/author\\\/roberto\\\/\"}]}<\/script>\n<!-- \/ Yoast SEO plugin. -->","yoast_head_json":{"title":"Pol\u00edcia Civil de Bebedouro esclarece homic\u00eddio do Jardim Uni\u00e3o - Regi\u00e3o News","robots":{"index":"index","follow":"follow","max-snippet":"max-snippet:-1","max-image-preview":"max-image-preview:large","max-video-preview":"max-video-preview:-1"},"canonical":"https:\/\/regiaonews.net.br\/2022\/2024\/03\/06\/policia-civil-em-bebedouro-esclarece-homicidio-ocorrido-no-jardim-uniao\/","og_locale":"pt_BR","og_type":"article","og_title":"Pol\u00edcia Civil de Bebedouro esclarece homic\u00eddio do Jardim Uni\u00e3o - Regi\u00e3o News","og_description":"A Pol\u00edcia Civil em Bebedouro, atrav\u00e9s de agentes de sua","og_url":"https:\/\/regiaonews.net.br\/2022\/2024\/03\/06\/policia-civil-em-bebedouro-esclarece-homicidio-ocorrido-no-jardim-uniao\/","og_site_name":"Regi\u00e3o News","article_published_time":"2024-03-06T20:51:47+00:00","article_modified_time":"2024-03-06T23:06:22+00:00","og_image":[{"width":1600,"height":1200,"url":"https:\/\/regiaonews.net.br\/2022\/wp-content\/uploads\/2024\/03\/Imagem-do-WhatsApp-de-2024-03-06-as-15.55.56_1463701e.jpg","type":"image\/jpeg"}],"author":"Roberto","twitter_card":"summary_large_image","twitter_misc":{"Escrito por":"Roberto","Est. tempo de leitura":"3 minutos"},"schema":{"@context":"https:\/\/schema.org","@graph":[{"@type":"Article","@id":"https:\/\/regiaonews.net.br\/2022\/2024\/03\/06\/policia-civil-em-bebedouro-esclarece-homicidio-ocorrido-no-jardim-uniao\/#article","isPartOf":{"@id":"https:\/\/regiaonews.net.br\/2022\/2024\/03\/06\/policia-civil-em-bebedouro-esclarece-homicidio-ocorrido-no-jardim-uniao\/"},"author":{"name":"Roberto","@id":"https:\/\/regiaonews.net.br\/2022\/#\/schema\/person\/2d205a608a5aa97ac279d7a5e6d89ad8"},"headline":"Pol\u00edcia Civil de Bebedouro esclarece homic\u00eddio do Jardim Uni\u00e3o","datePublished":"2024-03-06T20:51:47+00:00","dateModified":"2024-03-06T23:06:22+00:00","mainEntityOfPage":{"@id":"https:\/\/regiaonews.net.br\/2022\/2024\/03\/06\/policia-civil-em-bebedouro-esclarece-homicidio-ocorrido-no-jardim-uniao\/"},"wordCount":397,"commentCount":0,"publisher":{"@id":"https:\/\/regiaonews.net.br\/2022\/#organization"},"image":{"@id":"https:\/\/regiaonews.net.br\/2022\/2024\/03\/06\/policia-civil-em-bebedouro-esclarece-homicidio-ocorrido-no-jardim-uniao\/#primaryimage"},"thumbnailUrl":"https:\/\/regiaonews.net.br\/2022\/wp-content\/uploads\/2024\/03\/Imagem-do-WhatsApp-de-2024-03-06-as-15.55.56_1463701e.jpg","articleSection":["Bebedouro","Policia"],"inLanguage":"pt-BR","potentialAction":[{"@type":"CommentAction","name":"Comment","target":["https:\/\/regiaonews.net.br\/2022\/2024\/03\/06\/policia-civil-em-bebedouro-esclarece-homicidio-ocorrido-no-jardim-uniao\/#respond"]}]},{"@type":"WebPage","@id":"https:\/\/regiaonews.net.br\/2022\/2024\/03\/06\/policia-civil-em-bebedouro-esclarece-homicidio-ocorrido-no-jardim-uniao\/","url":"https:\/\/regiaonews.net.br\/2022\/2024\/03\/06\/policia-civil-em-bebedouro-esclarece-homicidio-ocorrido-no-jardim-uniao\/","name":"Pol\u00edcia Civil de Bebedouro esclarece homic\u00eddio do Jardim Uni\u00e3o - Regi\u00e3o News","isPartOf":{"@id":"https:\/\/regiaonews.net.br\/2022\/#website"},"primaryImageOfPage":{"@id":"https:\/\/regiaonews.net.br\/2022\/2024\/03\/06\/policia-civil-em-bebedouro-esclarece-homicidio-ocorrido-no-jardim-uniao\/#primaryimage"},"image":{"@id":"https:\/\/regiaonews.net.br\/2022\/2024\/03\/06\/policia-civil-em-bebedouro-esclarece-homicidio-ocorrido-no-jardim-uniao\/#primaryimage"},"thumbnailUrl":"https:\/\/regiaonews.net.br\/2022\/wp-content\/uploads\/2024\/03\/Imagem-do-WhatsApp-de-2024-03-06-as-15.55.56_1463701e.jpg","datePublished":"2024-03-06T20:51:47+00:00","dateModified":"2024-03-06T23:06:22+00:00","breadcrumb":{"@id":"https:\/\/regiaonews.net.br\/2022\/2024\/03\/06\/policia-civil-em-bebedouro-esclarece-homicidio-ocorrido-no-jardim-uniao\/#breadcrumb"},"inLanguage":"pt-BR","potentialAction":[{"@type":"ReadAction","target":["https:\/\/regiaonews.net.br\/2022\/2024\/03\/06\/policia-civil-em-bebedouro-esclarece-homicidio-ocorrido-no-jardim-uniao\/"]}]},{"@type":"ImageObject","inLanguage":"pt-BR","@id":"https:\/\/regiaonews.net.br\/2022\/2024\/03\/06\/policia-civil-em-bebedouro-esclarece-homicidio-ocorrido-no-jardim-uniao\/#primaryimage","url":"https:\/\/regiaonews.net.br\/2022\/wp-content\/uploads\/2024\/03\/Imagem-do-WhatsApp-de-2024-03-06-as-15.55.56_1463701e.jpg","contentUrl":"https:\/\/regiaonews.net.br\/2022\/wp-content\/uploads\/2024\/03\/Imagem-do-WhatsApp-de-2024-03-06-as-15.55.56_1463701e.jpg","width":1600,"height":1200},{"@type":"BreadcrumbList","@id":"https:\/\/regiaonews.net.br\/2022\/2024\/03\/06\/policia-civil-em-bebedouro-esclarece-homicidio-ocorrido-no-jardim-uniao\/#breadcrumb","itemListElement":[{"@type":"ListItem","position":1,"name":"In\u00edcio","item":"https:\/\/regiaonews.net.br\/2022\/"},{"@type":"ListItem","position":2,"name":"Pol\u00edcia Civil de Bebedouro esclarece homic\u00eddio do Jardim Uni\u00e3o"}]},{"@type":"WebSite","@id":"https:\/\/regiaonews.net.br\/2022\/#website","url":"https:\/\/regiaonews.net.br\/2022\/","name":"Regi\u00e3o News","description":"Site de Not\u00edcias de Barretos e regi\u00e3o","publisher":{"@id":"https:\/\/regiaonews.net.br\/2022\/#organization"},"potentialAction":[{"@type":"SearchAction","target":{"@type":"EntryPoint","urlTemplate":"https:\/\/regiaonews.net.br\/2022\/?s={search_term_string}"},"query-input":{"@type":"PropertyValueSpecification","valueRequired":true,"valueName":"search_term_string"}}],"inLanguage":"pt-BR"},{"@type":"Organization","@id":"https:\/\/regiaonews.net.br\/2022\/#organization","name":"Regi\u00e3o News","url":"https:\/\/regiaonews.net.br\/2022\/","logo":{"@type":"ImageObject","inLanguage":"pt-BR","@id":"https:\/\/regiaonews.net.br\/2022\/#\/schema\/logo\/image\/","url":"https:\/\/regiaonews.net.br\/2022\/wp-content\/uploads\/2026\/03\/regiao-13-anos-scaled.jpg","contentUrl":"https:\/\/regiaonews.net.br\/2022\/wp-content\/uploads\/2026\/03\/regiao-13-anos-scaled.jpg","width":2560,"height":635,"caption":"Regi\u00e3o News"},"image":{"@id":"https:\/\/regiaonews.net.br\/2022\/#\/schema\/logo\/image\/"}},{"@type":"Person","@id":"https:\/\/regiaonews.net.br\/2022\/#\/schema\/person\/2d205a608a5aa97ac279d7a5e6d89ad8","name":"Roberto","image":{"@type":"ImageObject","inLanguage":"pt-BR","@id":"https:\/\/secure.gravatar.com\/avatar\/42749d8b712ff9d59ca93dc150494e5b55a44134482993f5baeb97e61b7ecc89?s=96&d=mm&r=g","url":"https:\/\/secure.gravatar.com\/avatar\/42749d8b712ff9d59ca93dc150494e5b55a44134482993f5baeb97e61b7ecc89?s=96&d=mm&r=g","contentUrl":"https:\/\/secure.gravatar.com\/avatar\/42749d8b712ff9d59ca93dc150494e5b55a44134482993f5baeb97e61b7ecc89?s=96&d=mm&r=g","caption":"Roberto"},"url":"https:\/\/regiaonews.net.br\/2022\/author\/roberto\/"}]}},"publishpress_future_action":{"enabled":false,"date":"2026-05-03 09:23:19","action":"change-status","newStatus":"draft","terms":[],"taxonomy":"category","extraData":[]},"publishpress_future_workflow_manual_trigger":{"enabledWorkflows":[]},"_links":{"self":[{"href":"https:\/\/regiaonews.net.br\/2022\/wp-json\/wp\/v2\/posts\/102094","targetHints":{"allow":["GET"]}}],"collection":[{"href":"https:\/\/regiaonews.net.br\/2022\/wp-json\/wp\/v2\/posts"}],"about":[{"href":"https:\/\/regiaonews.net.br\/2022\/wp-json\/wp\/v2\/types\/post"}],"author":[{"embeddable":true,"href":"https:\/\/regiaonews.net.br\/2022\/wp-json\/wp\/v2\/users\/2"}],"replies":[{"embeddable":true,"href":"https:\/\/regiaonews.net.br\/2022\/wp-json\/wp\/v2\/comments?post=102094"}],"version-history":[{"count":3,"href":"https:\/\/regiaonews.net.br\/2022\/wp-json\/wp\/v2\/posts\/102094\/revisions"}],"predecessor-version":[{"id":102118,"href":"https:\/\/regiaonews.net.br\/2022\/wp-json\/wp\/v2\/posts\/102094\/revisions\/102118"}],"wp:featuredmedia":[{"embeddable":true,"href":"https:\/\/regiaonews.net.br\/2022\/wp-json\/wp\/v2\/media\/102095"}],"wp:attachment":[{"href":"https:\/\/regiaonews.net.br\/2022\/wp-json\/wp\/v2\/media?parent=102094"}],"wp:term":[{"taxonomy":"category","embeddable":true,"href":"https:\/\/regiaonews.net.br\/2022\/wp-json\/wp\/v2\/categories?post=102094"},{"taxonomy":"post_tag","embeddable":true,"href":"https:\/\/regiaonews.net.br\/2022\/wp-json\/wp\/v2\/tags?post=102094"}],"curies":[{"name":"wp","href":"https:\/\/api.w.org\/{rel}","templated":true}]}}