{"id":101995,"date":"2024-03-04T16:41:23","date_gmt":"2024-03-04T19:41:23","guid":{"rendered":"https:\/\/regiaonews.net.br\/2022\/?p=101995"},"modified":"2024-03-04T16:41:23","modified_gmt":"2024-03-04T19:41:23","slug":"morre-o-politico-welson-gasparini-aos-87-anos","status":"publish","type":"post","link":"https:\/\/regiaonews.net.br\/2022\/2024\/03\/04\/morre-o-politico-welson-gasparini-aos-87-anos\/","title":{"rendered":"Morre o pol\u00edtico Welson Gasparini, aos 87 anos"},"content":{"rendered":"<h3 class=\"article-subtitle u-fontSize-h6 u-fontMontserratRegular u-mt-05\" style=\"text-align: center;\">Gasparini foi prefeito de Ribeir\u00e3o Preto, deputado estadual e, tamb\u00e9m, federal<\/h3>\n<p>Radialista, jornalista, professor e advogado, Gasparini, nascido em Batatais, no dia 1\u00ba de dezembro de 1936, foi prefeito de Ribeir\u00e3o Preto, deputado estadual e, tamb\u00e9m, federal pelo estado de S\u00e3o Paulo.<\/p>\n<p>Seu primeiro emprego foi como rep\u00f3rter do extinto &#8220;Di\u00e1rio de Noticias&#8221;; depois, locutor e rep\u00f3rter da ZYR-79. Do jornalismo para a pol\u00edtica, foi um passo: em 1958 elegeu-se vereador pelo antigo PDC (Partido Democrata Crist\u00e3o). Em 1964, tornou-se prefeito de Ribeir\u00e3o Preto pela primeira vez.<\/p>\n<p>Welson Gasparini deixa filhos, netos e bisnetos.<\/p>\n<p>O atual prefeito de Ribeir\u00e3o Preto, Duarte Nogueira (PSDB), lamentou a morte de Gasparini. Confira a nota divulgada:<\/p>\n<p><em>&#8220;O cen\u00e1rio pol\u00edtico de Ribeir\u00e3o Preto e do estado de S\u00e3o Paulo perdeu uma de suas figuras mais emblem\u00e1ticas com o falecimento do ex-deputado e ex-prefeito Welson Gasparini. Nascido em Batatais em 1 de dezembro de 1936, Gasparini construiu uma trajet\u00f3ria marcante ao longo de seus 87 anos de vida.<\/em><\/p>\n<p><em>Sua jornada \u00e9 um testemunho de dedica\u00e7\u00e3o e compromisso com a comunidade, seja como radialista, advogado ou como pol\u00edtico. Com um legado de um mandato como vereador, quatro vezes prefeito de Ribeir\u00e3o Preto, tr\u00eas vezes deputado estadual e um mandato como deputado federal, Gasparini deixou sua marca na hist\u00f3ria pol\u00edtica da regi\u00e3o.<\/em><\/p>\n<p><em>Al\u00e9m de suas realiza\u00e7\u00f5es pol\u00edticas, Gasparini tamb\u00e9m se destacou como comunicador, iniciando sua carreira no r\u00e1dio como locutor e animador de programas populares. Sua habilidade em se conectar com o p\u00fablico fez dele uma figura querida e influente na vida cotidiana dos ribeir\u00e3o-pretanos.<\/em><\/p>\n<p><em>Sua incurs\u00e3o na pol\u00edtica foi marcada por desafios e vit\u00f3rias, tendo enfrentado diversas elei\u00e7\u00f5es e ocupado cargos de destaque. Seu comprometimento com a honestidade, o idealismo e a compet\u00eancia sempre foi evidente, sendo uma fonte de inspira\u00e7\u00e3o para aqueles que o acompanharam ao longo de sua carreira.<\/em><\/p>\n<p><em>Al\u00e9m de suas contribui\u00e7\u00f5es pol\u00edticas e profissionais, Gasparini tamb\u00e9m foi um exemplo de integridade familiar, sendo pai de quatro filhos e av\u00f4 de sete netos. Seu legado perdurar\u00e1 n\u00e3o apenas na mem\u00f3ria daqueles que o conheceram pessoalmente, mas tamb\u00e9m nas realiza\u00e7\u00f5es e transforma\u00e7\u00f5es que promoveu em sua comunidade.<\/em><\/p>\n<p><em>O prefeito de Ribeir\u00e3o Preto, Duarte Nogueira, prestar\u00e1 homenagem a Welson Gasparini, reconhecendo sua import\u00e2ncia e legado para a cidade e para o estado de S\u00e3o Paulo. O descanso do guerreiro marca o fim de uma era, mas seu exemplo de dedica\u00e7\u00e3o e servi\u00e7o p\u00fablico continuar\u00e1 a inspirar gera\u00e7\u00f5es futuras.<\/p>\n<p>Reconhecendo a import\u00e2ncia e o legado de Welson Gasparini para a cidade e para o estado de S\u00e3o Paulo, decretou tr\u00eas dias de luto oficial em homenagem ao ex-prefeito.&#8221;<\/em><\/p>\n<div class=\"article-info row u-my-10\"><\/div>\n","protected":false},"excerpt":{"rendered":"<p>Gasparini foi prefeito de Ribeir\u00e3o Preto, deputado estadual e, tamb\u00e9m,<\/p>\n","protected":false},"author":2,"featured_media":101996,"comment_status":"open","ping_status":"open","sticky":false,"template":"","format":"standard","meta":{"footnotes":""},"categories":[3,32],"tags":[],"class_list":["post-101995","post","type-post","status-publish","format-standard","has-post-thumbnail","hentry","category-geral","category-ribeirao-preto"],"yoast_head":"<!-- This site is optimized with the Yoast SEO plugin v27.4 - https:\/\/yoast.com\/product\/yoast-seo-wordpress\/ -->\n<title>Morre o pol\u00edtico Welson Gasparini, aos 87 anos - Regi\u00e3o News<\/title>\n<meta name=\"robots\" content=\"index, follow, max-snippet:-1, max-image-preview:large, max-video-preview:-1\" \/>\n<link rel=\"canonical\" href=\"https:\/\/regiaonews.net.br\/2022\/2024\/03\/04\/morre-o-politico-welson-gasparini-aos-87-anos\/\" \/>\n<meta property=\"og:locale\" content=\"pt_BR\" \/>\n<meta property=\"og:type\" content=\"article\" \/>\n<meta property=\"og:title\" content=\"Morre o pol\u00edtico Welson Gasparini, aos 87 anos - Regi\u00e3o News\" \/>\n<meta property=\"og:description\" content=\"Gasparini foi prefeito de Ribeir\u00e3o Preto, deputado estadual e, tamb\u00e9m,\" \/>\n<meta property=\"og:url\" content=\"https:\/\/regiaonews.net.br\/2022\/2024\/03\/04\/morre-o-politico-welson-gasparini-aos-87-anos\/\" \/>\n<meta property=\"og:site_name\" content=\"Regi\u00e3o News\" \/>\n<meta property=\"article:published_time\" content=\"2024-03-04T19:41:23+00:00\" \/>\n<meta property=\"og:image\" content=\"https:\/\/regiaonews.net.br\/2022\/wp-content\/uploads\/2024\/03\/df3102aff9781ef7a62f038aebc2a979.jpg\" \/>\n\t<meta property=\"og:image:width\" content=\"702\" \/>\n\t<meta property=\"og:image:height\" content=\"454\" \/>\n\t<meta property=\"og:image:type\" content=\"image\/jpeg\" \/>\n<meta name=\"author\" content=\"Roberto\" \/>\n<meta name=\"twitter:card\" content=\"summary_large_image\" \/>\n<meta name=\"twitter:label1\" content=\"Escrito por\" \/>\n\t<meta name=\"twitter:data1\" content=\"Roberto\" \/>\n\t<meta name=\"twitter:label2\" content=\"Est. tempo de leitura\" \/>\n\t<meta name=\"twitter:data2\" content=\"3 minutos\" \/>\n<script type=\"application\/ld+json\" class=\"yoast-schema-graph\">{\"@context\":\"https:\\\/\\\/schema.org\",\"@graph\":[{\"@type\":\"Article\",\"@id\":\"https:\\\/\\\/regiaonews.net.br\\\/2022\\\/2024\\\/03\\\/04\\\/morre-o-politico-welson-gasparini-aos-87-anos\\\/#article\",\"isPartOf\":{\"@id\":\"https:\\\/\\\/regiaonews.net.br\\\/2022\\\/2024\\\/03\\\/04\\\/morre-o-politico-welson-gasparini-aos-87-anos\\\/\"},\"author\":{\"name\":\"Roberto\",\"@id\":\"https:\\\/\\\/regiaonews.net.br\\\/2022\\\/#\\\/schema\\\/person\\\/2d205a608a5aa97ac279d7a5e6d89ad8\"},\"headline\":\"Morre o pol\u00edtico Welson Gasparini, aos 87 anos\",\"datePublished\":\"2024-03-04T19:41:23+00:00\",\"mainEntityOfPage\":{\"@id\":\"https:\\\/\\\/regiaonews.net.br\\\/2022\\\/2024\\\/03\\\/04\\\/morre-o-politico-welson-gasparini-aos-87-anos\\\/\"},\"wordCount\":488,\"commentCount\":0,\"publisher\":{\"@id\":\"https:\\\/\\\/regiaonews.net.br\\\/2022\\\/#organization\"},\"image\":{\"@id\":\"https:\\\/\\\/regiaonews.net.br\\\/2022\\\/2024\\\/03\\\/04\\\/morre-o-politico-welson-gasparini-aos-87-anos\\\/#primaryimage\"},\"thumbnailUrl\":\"https:\\\/\\\/regiaonews.net.br\\\/2022\\\/wp-content\\\/uploads\\\/2024\\\/03\\\/df3102aff9781ef7a62f038aebc2a979.jpg\",\"articleSection\":[\"Geral\",\"Ribeir\u00e3o Preto\"],\"inLanguage\":\"pt-BR\",\"potentialAction\":[{\"@type\":\"CommentAction\",\"name\":\"Comment\",\"target\":[\"https:\\\/\\\/regiaonews.net.br\\\/2022\\\/2024\\\/03\\\/04\\\/morre-o-politico-welson-gasparini-aos-87-anos\\\/#respond\"]}]},{\"@type\":\"WebPage\",\"@id\":\"https:\\\/\\\/regiaonews.net.br\\\/2022\\\/2024\\\/03\\\/04\\\/morre-o-politico-welson-gasparini-aos-87-anos\\\/\",\"url\":\"https:\\\/\\\/regiaonews.net.br\\\/2022\\\/2024\\\/03\\\/04\\\/morre-o-politico-welson-gasparini-aos-87-anos\\\/\",\"name\":\"Morre o pol\u00edtico Welson Gasparini, aos 87 anos - Regi\u00e3o News\",\"isPartOf\":{\"@id\":\"https:\\\/\\\/regiaonews.net.br\\\/2022\\\/#website\"},\"primaryImageOfPage\":{\"@id\":\"https:\\\/\\\/regiaonews.net.br\\\/2022\\\/2024\\\/03\\\/04\\\/morre-o-politico-welson-gasparini-aos-87-anos\\\/#primaryimage\"},\"image\":{\"@id\":\"https:\\\/\\\/regiaonews.net.br\\\/2022\\\/2024\\\/03\\\/04\\\/morre-o-politico-welson-gasparini-aos-87-anos\\\/#primaryimage\"},\"thumbnailUrl\":\"https:\\\/\\\/regiaonews.net.br\\\/2022\\\/wp-content\\\/uploads\\\/2024\\\/03\\\/df3102aff9781ef7a62f038aebc2a979.jpg\",\"datePublished\":\"2024-03-04T19:41:23+00:00\",\"breadcrumb\":{\"@id\":\"https:\\\/\\\/regiaonews.net.br\\\/2022\\\/2024\\\/03\\\/04\\\/morre-o-politico-welson-gasparini-aos-87-anos\\\/#breadcrumb\"},\"inLanguage\":\"pt-BR\",\"potentialAction\":[{\"@type\":\"ReadAction\",\"target\":[\"https:\\\/\\\/regiaonews.net.br\\\/2022\\\/2024\\\/03\\\/04\\\/morre-o-politico-welson-gasparini-aos-87-anos\\\/\"]}]},{\"@type\":\"ImageObject\",\"inLanguage\":\"pt-BR\",\"@id\":\"https:\\\/\\\/regiaonews.net.br\\\/2022\\\/2024\\\/03\\\/04\\\/morre-o-politico-welson-gasparini-aos-87-anos\\\/#primaryimage\",\"url\":\"https:\\\/\\\/regiaonews.net.br\\\/2022\\\/wp-content\\\/uploads\\\/2024\\\/03\\\/df3102aff9781ef7a62f038aebc2a979.jpg\",\"contentUrl\":\"https:\\\/\\\/regiaonews.net.br\\\/2022\\\/wp-content\\\/uploads\\\/2024\\\/03\\\/df3102aff9781ef7a62f038aebc2a979.jpg\",\"width\":702,\"height\":454},{\"@type\":\"BreadcrumbList\",\"@id\":\"https:\\\/\\\/regiaonews.net.br\\\/2022\\\/2024\\\/03\\\/04\\\/morre-o-politico-welson-gasparini-aos-87-anos\\\/#breadcrumb\",\"itemListElement\":[{\"@type\":\"ListItem\",\"position\":1,\"name\":\"In\u00edcio\",\"item\":\"https:\\\/\\\/regiaonews.net.br\\\/2022\\\/\"},{\"@type\":\"ListItem\",\"position\":2,\"name\":\"Morre o pol\u00edtico Welson Gasparini, aos 87 anos\"}]},{\"@type\":\"WebSite\",\"@id\":\"https:\\\/\\\/regiaonews.net.br\\\/2022\\\/#website\",\"url\":\"https:\\\/\\\/regiaonews.net.br\\\/2022\\\/\",\"name\":\"Regi\u00e3o News\",\"description\":\"Site de Not\u00edcias de Barretos e regi\u00e3o\",\"publisher\":{\"@id\":\"https:\\\/\\\/regiaonews.net.br\\\/2022\\\/#organization\"},\"potentialAction\":[{\"@type\":\"SearchAction\",\"target\":{\"@type\":\"EntryPoint\",\"urlTemplate\":\"https:\\\/\\\/regiaonews.net.br\\\/2022\\\/?s={search_term_string}\"},\"query-input\":{\"@type\":\"PropertyValueSpecification\",\"valueRequired\":true,\"valueName\":\"search_term_string\"}}],\"inLanguage\":\"pt-BR\"},{\"@type\":\"Organization\",\"@id\":\"https:\\\/\\\/regiaonews.net.br\\\/2022\\\/#organization\",\"name\":\"Regi\u00e3o News\",\"url\":\"https:\\\/\\\/regiaonews.net.br\\\/2022\\\/\",\"logo\":{\"@type\":\"ImageObject\",\"inLanguage\":\"pt-BR\",\"@id\":\"https:\\\/\\\/regiaonews.net.br\\\/2022\\\/#\\\/schema\\\/logo\\\/image\\\/\",\"url\":\"https:\\\/\\\/regiaonews.net.br\\\/2022\\\/wp-content\\\/uploads\\\/2026\\\/03\\\/regiao-13-anos-scaled.jpg\",\"contentUrl\":\"https:\\\/\\\/regiaonews.net.br\\\/2022\\\/wp-content\\\/uploads\\\/2026\\\/03\\\/regiao-13-anos-scaled.jpg\",\"width\":2560,\"height\":635,\"caption\":\"Regi\u00e3o News\"},\"image\":{\"@id\":\"https:\\\/\\\/regiaonews.net.br\\\/2022\\\/#\\\/schema\\\/logo\\\/image\\\/\"}},{\"@type\":\"Person\",\"@id\":\"https:\\\/\\\/regiaonews.net.br\\\/2022\\\/#\\\/schema\\\/person\\\/2d205a608a5aa97ac279d7a5e6d89ad8\",\"name\":\"Roberto\",\"image\":{\"@type\":\"ImageObject\",\"inLanguage\":\"pt-BR\",\"@id\":\"https:\\\/\\\/secure.gravatar.com\\\/avatar\\\/42749d8b712ff9d59ca93dc150494e5b55a44134482993f5baeb97e61b7ecc89?s=96&d=mm&r=g\",\"url\":\"https:\\\/\\\/secure.gravatar.com\\\/avatar\\\/42749d8b712ff9d59ca93dc150494e5b55a44134482993f5baeb97e61b7ecc89?s=96&d=mm&r=g\",\"contentUrl\":\"https:\\\/\\\/secure.gravatar.com\\\/avatar\\\/42749d8b712ff9d59ca93dc150494e5b55a44134482993f5baeb97e61b7ecc89?s=96&d=mm&r=g\",\"caption\":\"Roberto\"},\"url\":\"https:\\\/\\\/regiaonews.net.br\\\/2022\\\/author\\\/roberto\\\/\"}]}<\/script>\n<!-- \/ Yoast SEO plugin. -->","yoast_head_json":{"title":"Morre o pol\u00edtico Welson Gasparini, aos 87 anos - Regi\u00e3o News","robots":{"index":"index","follow":"follow","max-snippet":"max-snippet:-1","max-image-preview":"max-image-preview:large","max-video-preview":"max-video-preview:-1"},"canonical":"https:\/\/regiaonews.net.br\/2022\/2024\/03\/04\/morre-o-politico-welson-gasparini-aos-87-anos\/","og_locale":"pt_BR","og_type":"article","og_title":"Morre o pol\u00edtico Welson Gasparini, aos 87 anos - Regi\u00e3o News","og_description":"Gasparini foi prefeito de Ribeir\u00e3o Preto, deputado estadual e, tamb\u00e9m,","og_url":"https:\/\/regiaonews.net.br\/2022\/2024\/03\/04\/morre-o-politico-welson-gasparini-aos-87-anos\/","og_site_name":"Regi\u00e3o News","article_published_time":"2024-03-04T19:41:23+00:00","og_image":[{"width":702,"height":454,"url":"https:\/\/regiaonews.net.br\/2022\/wp-content\/uploads\/2024\/03\/df3102aff9781ef7a62f038aebc2a979.jpg","type":"image\/jpeg"}],"author":"Roberto","twitter_card":"summary_large_image","twitter_misc":{"Escrito por":"Roberto","Est. tempo de leitura":"3 minutos"},"schema":{"@context":"https:\/\/schema.org","@graph":[{"@type":"Article","@id":"https:\/\/regiaonews.net.br\/2022\/2024\/03\/04\/morre-o-politico-welson-gasparini-aos-87-anos\/#article","isPartOf":{"@id":"https:\/\/regiaonews.net.br\/2022\/2024\/03\/04\/morre-o-politico-welson-gasparini-aos-87-anos\/"},"author":{"name":"Roberto","@id":"https:\/\/regiaonews.net.br\/2022\/#\/schema\/person\/2d205a608a5aa97ac279d7a5e6d89ad8"},"headline":"Morre o pol\u00edtico Welson Gasparini, aos 87 anos","datePublished":"2024-03-04T19:41:23+00:00","mainEntityOfPage":{"@id":"https:\/\/regiaonews.net.br\/2022\/2024\/03\/04\/morre-o-politico-welson-gasparini-aos-87-anos\/"},"wordCount":488,"commentCount":0,"publisher":{"@id":"https:\/\/regiaonews.net.br\/2022\/#organization"},"image":{"@id":"https:\/\/regiaonews.net.br\/2022\/2024\/03\/04\/morre-o-politico-welson-gasparini-aos-87-anos\/#primaryimage"},"thumbnailUrl":"https:\/\/regiaonews.net.br\/2022\/wp-content\/uploads\/2024\/03\/df3102aff9781ef7a62f038aebc2a979.jpg","articleSection":["Geral","Ribeir\u00e3o Preto"],"inLanguage":"pt-BR","potentialAction":[{"@type":"CommentAction","name":"Comment","target":["https:\/\/regiaonews.net.br\/2022\/2024\/03\/04\/morre-o-politico-welson-gasparini-aos-87-anos\/#respond"]}]},{"@type":"WebPage","@id":"https:\/\/regiaonews.net.br\/2022\/2024\/03\/04\/morre-o-politico-welson-gasparini-aos-87-anos\/","url":"https:\/\/regiaonews.net.br\/2022\/2024\/03\/04\/morre-o-politico-welson-gasparini-aos-87-anos\/","name":"Morre o pol\u00edtico Welson Gasparini, aos 87 anos - Regi\u00e3o News","isPartOf":{"@id":"https:\/\/regiaonews.net.br\/2022\/#website"},"primaryImageOfPage":{"@id":"https:\/\/regiaonews.net.br\/2022\/2024\/03\/04\/morre-o-politico-welson-gasparini-aos-87-anos\/#primaryimage"},"image":{"@id":"https:\/\/regiaonews.net.br\/2022\/2024\/03\/04\/morre-o-politico-welson-gasparini-aos-87-anos\/#primaryimage"},"thumbnailUrl":"https:\/\/regiaonews.net.br\/2022\/wp-content\/uploads\/2024\/03\/df3102aff9781ef7a62f038aebc2a979.jpg","datePublished":"2024-03-04T19:41:23+00:00","breadcrumb":{"@id":"https:\/\/regiaonews.net.br\/2022\/2024\/03\/04\/morre-o-politico-welson-gasparini-aos-87-anos\/#breadcrumb"},"inLanguage":"pt-BR","potentialAction":[{"@type":"ReadAction","target":["https:\/\/regiaonews.net.br\/2022\/2024\/03\/04\/morre-o-politico-welson-gasparini-aos-87-anos\/"]}]},{"@type":"ImageObject","inLanguage":"pt-BR","@id":"https:\/\/regiaonews.net.br\/2022\/2024\/03\/04\/morre-o-politico-welson-gasparini-aos-87-anos\/#primaryimage","url":"https:\/\/regiaonews.net.br\/2022\/wp-content\/uploads\/2024\/03\/df3102aff9781ef7a62f038aebc2a979.jpg","contentUrl":"https:\/\/regiaonews.net.br\/2022\/wp-content\/uploads\/2024\/03\/df3102aff9781ef7a62f038aebc2a979.jpg","width":702,"height":454},{"@type":"BreadcrumbList","@id":"https:\/\/regiaonews.net.br\/2022\/2024\/03\/04\/morre-o-politico-welson-gasparini-aos-87-anos\/#breadcrumb","itemListElement":[{"@type":"ListItem","position":1,"name":"In\u00edcio","item":"https:\/\/regiaonews.net.br\/2022\/"},{"@type":"ListItem","position":2,"name":"Morre o pol\u00edtico Welson Gasparini, aos 87 anos"}]},{"@type":"WebSite","@id":"https:\/\/regiaonews.net.br\/2022\/#website","url":"https:\/\/regiaonews.net.br\/2022\/","name":"Regi\u00e3o News","description":"Site de Not\u00edcias de Barretos e regi\u00e3o","publisher":{"@id":"https:\/\/regiaonews.net.br\/2022\/#organization"},"potentialAction":[{"@type":"SearchAction","target":{"@type":"EntryPoint","urlTemplate":"https:\/\/regiaonews.net.br\/2022\/?s={search_term_string}"},"query-input":{"@type":"PropertyValueSpecification","valueRequired":true,"valueName":"search_term_string"}}],"inLanguage":"pt-BR"},{"@type":"Organization","@id":"https:\/\/regiaonews.net.br\/2022\/#organization","name":"Regi\u00e3o News","url":"https:\/\/regiaonews.net.br\/2022\/","logo":{"@type":"ImageObject","inLanguage":"pt-BR","@id":"https:\/\/regiaonews.net.br\/2022\/#\/schema\/logo\/image\/","url":"https:\/\/regiaonews.net.br\/2022\/wp-content\/uploads\/2026\/03\/regiao-13-anos-scaled.jpg","contentUrl":"https:\/\/regiaonews.net.br\/2022\/wp-content\/uploads\/2026\/03\/regiao-13-anos-scaled.jpg","width":2560,"height":635,"caption":"Regi\u00e3o News"},"image":{"@id":"https:\/\/regiaonews.net.br\/2022\/#\/schema\/logo\/image\/"}},{"@type":"Person","@id":"https:\/\/regiaonews.net.br\/2022\/#\/schema\/person\/2d205a608a5aa97ac279d7a5e6d89ad8","name":"Roberto","image":{"@type":"ImageObject","inLanguage":"pt-BR","@id":"https:\/\/secure.gravatar.com\/avatar\/42749d8b712ff9d59ca93dc150494e5b55a44134482993f5baeb97e61b7ecc89?s=96&d=mm&r=g","url":"https:\/\/secure.gravatar.com\/avatar\/42749d8b712ff9d59ca93dc150494e5b55a44134482993f5baeb97e61b7ecc89?s=96&d=mm&r=g","contentUrl":"https:\/\/secure.gravatar.com\/avatar\/42749d8b712ff9d59ca93dc150494e5b55a44134482993f5baeb97e61b7ecc89?s=96&d=mm&r=g","caption":"Roberto"},"url":"https:\/\/regiaonews.net.br\/2022\/author\/roberto\/"}]}},"publishpress_future_action":{"enabled":false,"date":"2026-05-03 04:35:11","action":"change-status","newStatus":"draft","terms":[],"taxonomy":"category","extraData":[]},"publishpress_future_workflow_manual_trigger":{"enabledWorkflows":[]},"_links":{"self":[{"href":"https:\/\/regiaonews.net.br\/2022\/wp-json\/wp\/v2\/posts\/101995","targetHints":{"allow":["GET"]}}],"collection":[{"href":"https:\/\/regiaonews.net.br\/2022\/wp-json\/wp\/v2\/posts"}],"about":[{"href":"https:\/\/regiaonews.net.br\/2022\/wp-json\/wp\/v2\/types\/post"}],"author":[{"embeddable":true,"href":"https:\/\/regiaonews.net.br\/2022\/wp-json\/wp\/v2\/users\/2"}],"replies":[{"embeddable":true,"href":"https:\/\/regiaonews.net.br\/2022\/wp-json\/wp\/v2\/comments?post=101995"}],"version-history":[{"count":1,"href":"https:\/\/regiaonews.net.br\/2022\/wp-json\/wp\/v2\/posts\/101995\/revisions"}],"predecessor-version":[{"id":101997,"href":"https:\/\/regiaonews.net.br\/2022\/wp-json\/wp\/v2\/posts\/101995\/revisions\/101997"}],"wp:featuredmedia":[{"embeddable":true,"href":"https:\/\/regiaonews.net.br\/2022\/wp-json\/wp\/v2\/media\/101996"}],"wp:attachment":[{"href":"https:\/\/regiaonews.net.br\/2022\/wp-json\/wp\/v2\/media?parent=101995"}],"wp:term":[{"taxonomy":"category","embeddable":true,"href":"https:\/\/regiaonews.net.br\/2022\/wp-json\/wp\/v2\/categories?post=101995"},{"taxonomy":"post_tag","embeddable":true,"href":"https:\/\/regiaonews.net.br\/2022\/wp-json\/wp\/v2\/tags?post=101995"}],"curies":[{"name":"wp","href":"https:\/\/api.w.org\/{rel}","templated":true}]}}