{"id":101984,"date":"2024-03-04T13:23:42","date_gmt":"2024-03-04T16:23:42","guid":{"rendered":"https:\/\/regiaonews.net.br\/2022\/?p=101984"},"modified":"2024-03-04T13:23:42","modified_gmt":"2024-03-04T16:23:42","slug":"brtvmax-se-prepara-para-lancar-sua-programacao-24-horas-em-abril-com-foco-no-universo-do-rodeio","status":"publish","type":"post","link":"https:\/\/regiaonews.net.br\/2022\/2024\/03\/04\/brtvmax-se-prepara-para-lancar-sua-programacao-24-horas-em-abril-com-foco-no-universo-do-rodeio\/","title":{"rendered":"BRTVMAX se prepara para lan\u00e7ar sua programa\u00e7\u00e3o 24 horas em abril com foco no universo do rodeio"},"content":{"rendered":"<h3 style=\"text-align: center;\">Canal, nova cara da TV Rodeio, chega \u00e0s parab\u00f3licas no m\u00eas de abril e negocia espa\u00e7o em TVs por assinatura<\/h3>\n<p>Ney Macedo, fundador e diretor da inovadora TV Rodeio, agora rebatizada como BRTVMAX, promete revolucionar o acesso ao entretenimento agropecu\u00e1rio e esportivo no Brasil. A partir de abril, a BRTVMAX estar\u00e1 dispon\u00edvel em antenas parab\u00f3licas, marcando um novo cap\u00edtulo na hist\u00f3ria da televis\u00e3o dedicada ao universo do rodeio e do agroneg\u00f3cio.<\/p>\n<p>Desde sua funda\u00e7\u00e3o em 1987, quando Macedo deu seus primeiros passos no ramo ao filmar um rodeio em Parana\u00edba, a empresa se especializou em capturar a ess\u00eancia do rodeio, evoluindo para uma produtora de conte\u00fado que abrange desde eventos agropecu\u00e1rios at\u00e9 grandes festivais e competi\u00e7\u00f5es. Em 1993, a TV Rodeio lan\u00e7ou seu primeiro programa, consolidando-se com credibilidade no segmento.<\/p>\n<p>O primeiro programa da TV Rodeio foi transmitido em abril de 1993 na TV Record, sob o t\u00edtulo &#8220;O Ch\u00e3o \u00e9 o Limite&#8221;. Esse programa marcou o in\u00edcio da presen\u00e7a do rodeio na televis\u00e3o brasileira, com Ney Macedo atuando como uma figura central nessa inova\u00e7\u00e3o.<\/p>\n<p>Agora, sob o nome BRTVMAX, Thiago e Vinicius Macedo, filhos de Ney Macedo, assumiram a dire\u00e7\u00e3o do canal que mant\u00e9m a ess\u00eancia do rodeio enquanto abre espa\u00e7o para uma variedade maior de conte\u00fados. A BRTVMAX, que nasceu como um aplicativo de pay-per-view, agora se posiciona como um canal mais abrangente, refletindo a din\u00e2mica e adaptabilidade necess\u00e1rias para atender a um p\u00fablico diversificado e exigente. Al\u00e9m de rodeios do Brasil e de outros pa\u00edses, a programa\u00e7\u00e3o incluir\u00e1 esportes, entretenimento e at\u00e9 mesmo eventos ao vivo, como o Carnaval de S\u00e3o Paulo, que j\u00e1 faz parte do portf\u00f3lio do canal.<\/p>\n<p>&#8220;N\u00e3o vamos nos limitar ao agro; queremos abra\u00e7ar todas as formas de entretenimento e informa\u00e7\u00e3o que fazem sentido para nosso p\u00fablico. A BRTVMAX \u00e9 um projeto ambicioso, que nasce do nosso compromisso em levar o melhor do entretenimento rural e esportivo para todos os cantos do pa\u00eds&#8221;, destaca Thiago Macedo.<\/p>\n<p>A BRTVMAX est\u00e1 em negocia\u00e7\u00f5es para ser inclu\u00edda tamb\u00e9m em pacotes de TV por assinatura, aumentando ainda mais seu alcance. A iniciativa reflete o dinamismo e a adaptabilidade do canal, que busca constantemente inovar e atender \u00e0s demandas de um p\u00fablico diversificado, apaixonado pelo rodeio e pelo universo agropecu\u00e1rio, mas tamb\u00e9m \u00e1vido por uma programa\u00e7\u00e3o variada e de qualidade.<\/p>\n<p>Com o lan\u00e7amento da BRTVMAX, a fam\u00edlia Macedo reafirma seu compromisso com a inova\u00e7\u00e3o e a qualidade no entretenimento televisivo, prometendo transformar a maneira como o rodeio e o agro s\u00e3o consumidos na televis\u00e3o brasileira.<\/p>\n<p>Made in Barretos &#8211; Assessoria de Imprensa<\/p>\n","protected":false},"excerpt":{"rendered":"<p>Canal, nova cara da TV Rodeio, chega \u00e0s parab\u00f3licas no<\/p>\n","protected":false},"author":2,"featured_media":101985,"comment_status":"open","ping_status":"open","sticky":false,"template":"","format":"standard","meta":{"footnotes":""},"categories":[14,3],"tags":[],"class_list":["post-101984","post","type-post","status-publish","format-standard","has-post-thumbnail","hentry","category-barretos","category-geral"],"yoast_head":"<!-- This site is optimized with the Yoast SEO plugin v27.4 - https:\/\/yoast.com\/product\/yoast-seo-wordpress\/ -->\n<title>BRTVMAX se prepara para lan\u00e7ar sua programa\u00e7\u00e3o 24 horas em abril com foco no universo do rodeio - Regi\u00e3o News<\/title>\n<meta name=\"robots\" content=\"index, follow, max-snippet:-1, max-image-preview:large, max-video-preview:-1\" \/>\n<link rel=\"canonical\" href=\"https:\/\/regiaonews.net.br\/2022\/2024\/03\/04\/brtvmax-se-prepara-para-lancar-sua-programacao-24-horas-em-abril-com-foco-no-universo-do-rodeio\/\" \/>\n<meta property=\"og:locale\" content=\"pt_BR\" \/>\n<meta property=\"og:type\" content=\"article\" \/>\n<meta property=\"og:title\" content=\"BRTVMAX se prepara para lan\u00e7ar sua programa\u00e7\u00e3o 24 horas em abril com foco no universo do rodeio - Regi\u00e3o News\" \/>\n<meta property=\"og:description\" content=\"Canal, nova cara da TV Rodeio, chega \u00e0s parab\u00f3licas no\" \/>\n<meta property=\"og:url\" content=\"https:\/\/regiaonews.net.br\/2022\/2024\/03\/04\/brtvmax-se-prepara-para-lancar-sua-programacao-24-horas-em-abril-com-foco-no-universo-do-rodeio\/\" \/>\n<meta property=\"og:site_name\" content=\"Regi\u00e3o News\" \/>\n<meta property=\"article:published_time\" content=\"2024-03-04T16:23:42+00:00\" \/>\n<meta property=\"og:image\" content=\"https:\/\/regiaonews.net.br\/2022\/wp-content\/uploads\/2024\/03\/Imagem-do-WhatsApp-de-2024-03-04-as-10.50.43_d9608f54.jpg\" \/>\n\t<meta property=\"og:image:width\" content=\"1023\" \/>\n\t<meta property=\"og:image:height\" content=\"797\" \/>\n\t<meta property=\"og:image:type\" content=\"image\/jpeg\" \/>\n<meta name=\"author\" content=\"Roberto\" \/>\n<meta name=\"twitter:card\" content=\"summary_large_image\" \/>\n<meta name=\"twitter:label1\" content=\"Escrito por\" \/>\n\t<meta name=\"twitter:data1\" content=\"Roberto\" \/>\n\t<meta name=\"twitter:label2\" content=\"Est. tempo de leitura\" \/>\n\t<meta name=\"twitter:data2\" content=\"3 minutos\" \/>\n<script type=\"application\/ld+json\" class=\"yoast-schema-graph\">{\"@context\":\"https:\\\/\\\/schema.org\",\"@graph\":[{\"@type\":\"Article\",\"@id\":\"https:\\\/\\\/regiaonews.net.br\\\/2022\\\/2024\\\/03\\\/04\\\/brtvmax-se-prepara-para-lancar-sua-programacao-24-horas-em-abril-com-foco-no-universo-do-rodeio\\\/#article\",\"isPartOf\":{\"@id\":\"https:\\\/\\\/regiaonews.net.br\\\/2022\\\/2024\\\/03\\\/04\\\/brtvmax-se-prepara-para-lancar-sua-programacao-24-horas-em-abril-com-foco-no-universo-do-rodeio\\\/\"},\"author\":{\"name\":\"Roberto\",\"@id\":\"https:\\\/\\\/regiaonews.net.br\\\/2022\\\/#\\\/schema\\\/person\\\/2d205a608a5aa97ac279d7a5e6d89ad8\"},\"headline\":\"BRTVMAX se prepara para lan\u00e7ar sua programa\u00e7\u00e3o 24 horas em abril com foco no universo do rodeio\",\"datePublished\":\"2024-03-04T16:23:42+00:00\",\"mainEntityOfPage\":{\"@id\":\"https:\\\/\\\/regiaonews.net.br\\\/2022\\\/2024\\\/03\\\/04\\\/brtvmax-se-prepara-para-lancar-sua-programacao-24-horas-em-abril-com-foco-no-universo-do-rodeio\\\/\"},\"wordCount\":490,\"commentCount\":0,\"publisher\":{\"@id\":\"https:\\\/\\\/regiaonews.net.br\\\/2022\\\/#organization\"},\"image\":{\"@id\":\"https:\\\/\\\/regiaonews.net.br\\\/2022\\\/2024\\\/03\\\/04\\\/brtvmax-se-prepara-para-lancar-sua-programacao-24-horas-em-abril-com-foco-no-universo-do-rodeio\\\/#primaryimage\"},\"thumbnailUrl\":\"https:\\\/\\\/regiaonews.net.br\\\/2022\\\/wp-content\\\/uploads\\\/2024\\\/03\\\/Imagem-do-WhatsApp-de-2024-03-04-as-10.50.43_d9608f54.jpg\",\"articleSection\":[\"Barretos\",\"Geral\"],\"inLanguage\":\"pt-BR\",\"potentialAction\":[{\"@type\":\"CommentAction\",\"name\":\"Comment\",\"target\":[\"https:\\\/\\\/regiaonews.net.br\\\/2022\\\/2024\\\/03\\\/04\\\/brtvmax-se-prepara-para-lancar-sua-programacao-24-horas-em-abril-com-foco-no-universo-do-rodeio\\\/#respond\"]}]},{\"@type\":\"WebPage\",\"@id\":\"https:\\\/\\\/regiaonews.net.br\\\/2022\\\/2024\\\/03\\\/04\\\/brtvmax-se-prepara-para-lancar-sua-programacao-24-horas-em-abril-com-foco-no-universo-do-rodeio\\\/\",\"url\":\"https:\\\/\\\/regiaonews.net.br\\\/2022\\\/2024\\\/03\\\/04\\\/brtvmax-se-prepara-para-lancar-sua-programacao-24-horas-em-abril-com-foco-no-universo-do-rodeio\\\/\",\"name\":\"BRTVMAX se prepara para lan\u00e7ar sua programa\u00e7\u00e3o 24 horas em abril com foco no universo do rodeio - Regi\u00e3o News\",\"isPartOf\":{\"@id\":\"https:\\\/\\\/regiaonews.net.br\\\/2022\\\/#website\"},\"primaryImageOfPage\":{\"@id\":\"https:\\\/\\\/regiaonews.net.br\\\/2022\\\/2024\\\/03\\\/04\\\/brtvmax-se-prepara-para-lancar-sua-programacao-24-horas-em-abril-com-foco-no-universo-do-rodeio\\\/#primaryimage\"},\"image\":{\"@id\":\"https:\\\/\\\/regiaonews.net.br\\\/2022\\\/2024\\\/03\\\/04\\\/brtvmax-se-prepara-para-lancar-sua-programacao-24-horas-em-abril-com-foco-no-universo-do-rodeio\\\/#primaryimage\"},\"thumbnailUrl\":\"https:\\\/\\\/regiaonews.net.br\\\/2022\\\/wp-content\\\/uploads\\\/2024\\\/03\\\/Imagem-do-WhatsApp-de-2024-03-04-as-10.50.43_d9608f54.jpg\",\"datePublished\":\"2024-03-04T16:23:42+00:00\",\"breadcrumb\":{\"@id\":\"https:\\\/\\\/regiaonews.net.br\\\/2022\\\/2024\\\/03\\\/04\\\/brtvmax-se-prepara-para-lancar-sua-programacao-24-horas-em-abril-com-foco-no-universo-do-rodeio\\\/#breadcrumb\"},\"inLanguage\":\"pt-BR\",\"potentialAction\":[{\"@type\":\"ReadAction\",\"target\":[\"https:\\\/\\\/regiaonews.net.br\\\/2022\\\/2024\\\/03\\\/04\\\/brtvmax-se-prepara-para-lancar-sua-programacao-24-horas-em-abril-com-foco-no-universo-do-rodeio\\\/\"]}]},{\"@type\":\"ImageObject\",\"inLanguage\":\"pt-BR\",\"@id\":\"https:\\\/\\\/regiaonews.net.br\\\/2022\\\/2024\\\/03\\\/04\\\/brtvmax-se-prepara-para-lancar-sua-programacao-24-horas-em-abril-com-foco-no-universo-do-rodeio\\\/#primaryimage\",\"url\":\"https:\\\/\\\/regiaonews.net.br\\\/2022\\\/wp-content\\\/uploads\\\/2024\\\/03\\\/Imagem-do-WhatsApp-de-2024-03-04-as-10.50.43_d9608f54.jpg\",\"contentUrl\":\"https:\\\/\\\/regiaonews.net.br\\\/2022\\\/wp-content\\\/uploads\\\/2024\\\/03\\\/Imagem-do-WhatsApp-de-2024-03-04-as-10.50.43_d9608f54.jpg\",\"width\":1023,\"height\":797},{\"@type\":\"BreadcrumbList\",\"@id\":\"https:\\\/\\\/regiaonews.net.br\\\/2022\\\/2024\\\/03\\\/04\\\/brtvmax-se-prepara-para-lancar-sua-programacao-24-horas-em-abril-com-foco-no-universo-do-rodeio\\\/#breadcrumb\",\"itemListElement\":[{\"@type\":\"ListItem\",\"position\":1,\"name\":\"In\u00edcio\",\"item\":\"https:\\\/\\\/regiaonews.net.br\\\/2022\\\/\"},{\"@type\":\"ListItem\",\"position\":2,\"name\":\"BRTVMAX se prepara para lan\u00e7ar sua programa\u00e7\u00e3o 24 horas em abril com foco no universo do rodeio\"}]},{\"@type\":\"WebSite\",\"@id\":\"https:\\\/\\\/regiaonews.net.br\\\/2022\\\/#website\",\"url\":\"https:\\\/\\\/regiaonews.net.br\\\/2022\\\/\",\"name\":\"Regi\u00e3o News\",\"description\":\"Site de Not\u00edcias de Barretos e regi\u00e3o\",\"publisher\":{\"@id\":\"https:\\\/\\\/regiaonews.net.br\\\/2022\\\/#organization\"},\"potentialAction\":[{\"@type\":\"SearchAction\",\"target\":{\"@type\":\"EntryPoint\",\"urlTemplate\":\"https:\\\/\\\/regiaonews.net.br\\\/2022\\\/?s={search_term_string}\"},\"query-input\":{\"@type\":\"PropertyValueSpecification\",\"valueRequired\":true,\"valueName\":\"search_term_string\"}}],\"inLanguage\":\"pt-BR\"},{\"@type\":\"Organization\",\"@id\":\"https:\\\/\\\/regiaonews.net.br\\\/2022\\\/#organization\",\"name\":\"Regi\u00e3o News\",\"url\":\"https:\\\/\\\/regiaonews.net.br\\\/2022\\\/\",\"logo\":{\"@type\":\"ImageObject\",\"inLanguage\":\"pt-BR\",\"@id\":\"https:\\\/\\\/regiaonews.net.br\\\/2022\\\/#\\\/schema\\\/logo\\\/image\\\/\",\"url\":\"https:\\\/\\\/regiaonews.net.br\\\/2022\\\/wp-content\\\/uploads\\\/2026\\\/03\\\/regiao-13-anos-scaled.jpg\",\"contentUrl\":\"https:\\\/\\\/regiaonews.net.br\\\/2022\\\/wp-content\\\/uploads\\\/2026\\\/03\\\/regiao-13-anos-scaled.jpg\",\"width\":2560,\"height\":635,\"caption\":\"Regi\u00e3o News\"},\"image\":{\"@id\":\"https:\\\/\\\/regiaonews.net.br\\\/2022\\\/#\\\/schema\\\/logo\\\/image\\\/\"}},{\"@type\":\"Person\",\"@id\":\"https:\\\/\\\/regiaonews.net.br\\\/2022\\\/#\\\/schema\\\/person\\\/2d205a608a5aa97ac279d7a5e6d89ad8\",\"name\":\"Roberto\",\"image\":{\"@type\":\"ImageObject\",\"inLanguage\":\"pt-BR\",\"@id\":\"https:\\\/\\\/secure.gravatar.com\\\/avatar\\\/42749d8b712ff9d59ca93dc150494e5b55a44134482993f5baeb97e61b7ecc89?s=96&d=mm&r=g\",\"url\":\"https:\\\/\\\/secure.gravatar.com\\\/avatar\\\/42749d8b712ff9d59ca93dc150494e5b55a44134482993f5baeb97e61b7ecc89?s=96&d=mm&r=g\",\"contentUrl\":\"https:\\\/\\\/secure.gravatar.com\\\/avatar\\\/42749d8b712ff9d59ca93dc150494e5b55a44134482993f5baeb97e61b7ecc89?s=96&d=mm&r=g\",\"caption\":\"Roberto\"},\"url\":\"https:\\\/\\\/regiaonews.net.br\\\/2022\\\/author\\\/roberto\\\/\"}]}<\/script>\n<!-- \/ Yoast SEO plugin. -->","yoast_head_json":{"title":"BRTVMAX se prepara para lan\u00e7ar sua programa\u00e7\u00e3o 24 horas em abril com foco no universo do rodeio - Regi\u00e3o News","robots":{"index":"index","follow":"follow","max-snippet":"max-snippet:-1","max-image-preview":"max-image-preview:large","max-video-preview":"max-video-preview:-1"},"canonical":"https:\/\/regiaonews.net.br\/2022\/2024\/03\/04\/brtvmax-se-prepara-para-lancar-sua-programacao-24-horas-em-abril-com-foco-no-universo-do-rodeio\/","og_locale":"pt_BR","og_type":"article","og_title":"BRTVMAX se prepara para lan\u00e7ar sua programa\u00e7\u00e3o 24 horas em abril com foco no universo do rodeio - Regi\u00e3o News","og_description":"Canal, nova cara da TV Rodeio, chega \u00e0s parab\u00f3licas no","og_url":"https:\/\/regiaonews.net.br\/2022\/2024\/03\/04\/brtvmax-se-prepara-para-lancar-sua-programacao-24-horas-em-abril-com-foco-no-universo-do-rodeio\/","og_site_name":"Regi\u00e3o News","article_published_time":"2024-03-04T16:23:42+00:00","og_image":[{"width":1023,"height":797,"url":"https:\/\/regiaonews.net.br\/2022\/wp-content\/uploads\/2024\/03\/Imagem-do-WhatsApp-de-2024-03-04-as-10.50.43_d9608f54.jpg","type":"image\/jpeg"}],"author":"Roberto","twitter_card":"summary_large_image","twitter_misc":{"Escrito por":"Roberto","Est. tempo de leitura":"3 minutos"},"schema":{"@context":"https:\/\/schema.org","@graph":[{"@type":"Article","@id":"https:\/\/regiaonews.net.br\/2022\/2024\/03\/04\/brtvmax-se-prepara-para-lancar-sua-programacao-24-horas-em-abril-com-foco-no-universo-do-rodeio\/#article","isPartOf":{"@id":"https:\/\/regiaonews.net.br\/2022\/2024\/03\/04\/brtvmax-se-prepara-para-lancar-sua-programacao-24-horas-em-abril-com-foco-no-universo-do-rodeio\/"},"author":{"name":"Roberto","@id":"https:\/\/regiaonews.net.br\/2022\/#\/schema\/person\/2d205a608a5aa97ac279d7a5e6d89ad8"},"headline":"BRTVMAX se prepara para lan\u00e7ar sua programa\u00e7\u00e3o 24 horas em abril com foco no universo do rodeio","datePublished":"2024-03-04T16:23:42+00:00","mainEntityOfPage":{"@id":"https:\/\/regiaonews.net.br\/2022\/2024\/03\/04\/brtvmax-se-prepara-para-lancar-sua-programacao-24-horas-em-abril-com-foco-no-universo-do-rodeio\/"},"wordCount":490,"commentCount":0,"publisher":{"@id":"https:\/\/regiaonews.net.br\/2022\/#organization"},"image":{"@id":"https:\/\/regiaonews.net.br\/2022\/2024\/03\/04\/brtvmax-se-prepara-para-lancar-sua-programacao-24-horas-em-abril-com-foco-no-universo-do-rodeio\/#primaryimage"},"thumbnailUrl":"https:\/\/regiaonews.net.br\/2022\/wp-content\/uploads\/2024\/03\/Imagem-do-WhatsApp-de-2024-03-04-as-10.50.43_d9608f54.jpg","articleSection":["Barretos","Geral"],"inLanguage":"pt-BR","potentialAction":[{"@type":"CommentAction","name":"Comment","target":["https:\/\/regiaonews.net.br\/2022\/2024\/03\/04\/brtvmax-se-prepara-para-lancar-sua-programacao-24-horas-em-abril-com-foco-no-universo-do-rodeio\/#respond"]}]},{"@type":"WebPage","@id":"https:\/\/regiaonews.net.br\/2022\/2024\/03\/04\/brtvmax-se-prepara-para-lancar-sua-programacao-24-horas-em-abril-com-foco-no-universo-do-rodeio\/","url":"https:\/\/regiaonews.net.br\/2022\/2024\/03\/04\/brtvmax-se-prepara-para-lancar-sua-programacao-24-horas-em-abril-com-foco-no-universo-do-rodeio\/","name":"BRTVMAX se prepara para lan\u00e7ar sua programa\u00e7\u00e3o 24 horas em abril com foco no universo do rodeio - Regi\u00e3o News","isPartOf":{"@id":"https:\/\/regiaonews.net.br\/2022\/#website"},"primaryImageOfPage":{"@id":"https:\/\/regiaonews.net.br\/2022\/2024\/03\/04\/brtvmax-se-prepara-para-lancar-sua-programacao-24-horas-em-abril-com-foco-no-universo-do-rodeio\/#primaryimage"},"image":{"@id":"https:\/\/regiaonews.net.br\/2022\/2024\/03\/04\/brtvmax-se-prepara-para-lancar-sua-programacao-24-horas-em-abril-com-foco-no-universo-do-rodeio\/#primaryimage"},"thumbnailUrl":"https:\/\/regiaonews.net.br\/2022\/wp-content\/uploads\/2024\/03\/Imagem-do-WhatsApp-de-2024-03-04-as-10.50.43_d9608f54.jpg","datePublished":"2024-03-04T16:23:42+00:00","breadcrumb":{"@id":"https:\/\/regiaonews.net.br\/2022\/2024\/03\/04\/brtvmax-se-prepara-para-lancar-sua-programacao-24-horas-em-abril-com-foco-no-universo-do-rodeio\/#breadcrumb"},"inLanguage":"pt-BR","potentialAction":[{"@type":"ReadAction","target":["https:\/\/regiaonews.net.br\/2022\/2024\/03\/04\/brtvmax-se-prepara-para-lancar-sua-programacao-24-horas-em-abril-com-foco-no-universo-do-rodeio\/"]}]},{"@type":"ImageObject","inLanguage":"pt-BR","@id":"https:\/\/regiaonews.net.br\/2022\/2024\/03\/04\/brtvmax-se-prepara-para-lancar-sua-programacao-24-horas-em-abril-com-foco-no-universo-do-rodeio\/#primaryimage","url":"https:\/\/regiaonews.net.br\/2022\/wp-content\/uploads\/2024\/03\/Imagem-do-WhatsApp-de-2024-03-04-as-10.50.43_d9608f54.jpg","contentUrl":"https:\/\/regiaonews.net.br\/2022\/wp-content\/uploads\/2024\/03\/Imagem-do-WhatsApp-de-2024-03-04-as-10.50.43_d9608f54.jpg","width":1023,"height":797},{"@type":"BreadcrumbList","@id":"https:\/\/regiaonews.net.br\/2022\/2024\/03\/04\/brtvmax-se-prepara-para-lancar-sua-programacao-24-horas-em-abril-com-foco-no-universo-do-rodeio\/#breadcrumb","itemListElement":[{"@type":"ListItem","position":1,"name":"In\u00edcio","item":"https:\/\/regiaonews.net.br\/2022\/"},{"@type":"ListItem","position":2,"name":"BRTVMAX se prepara para lan\u00e7ar sua programa\u00e7\u00e3o 24 horas em abril com foco no universo do rodeio"}]},{"@type":"WebSite","@id":"https:\/\/regiaonews.net.br\/2022\/#website","url":"https:\/\/regiaonews.net.br\/2022\/","name":"Regi\u00e3o News","description":"Site de Not\u00edcias de Barretos e regi\u00e3o","publisher":{"@id":"https:\/\/regiaonews.net.br\/2022\/#organization"},"potentialAction":[{"@type":"SearchAction","target":{"@type":"EntryPoint","urlTemplate":"https:\/\/regiaonews.net.br\/2022\/?s={search_term_string}"},"query-input":{"@type":"PropertyValueSpecification","valueRequired":true,"valueName":"search_term_string"}}],"inLanguage":"pt-BR"},{"@type":"Organization","@id":"https:\/\/regiaonews.net.br\/2022\/#organization","name":"Regi\u00e3o News","url":"https:\/\/regiaonews.net.br\/2022\/","logo":{"@type":"ImageObject","inLanguage":"pt-BR","@id":"https:\/\/regiaonews.net.br\/2022\/#\/schema\/logo\/image\/","url":"https:\/\/regiaonews.net.br\/2022\/wp-content\/uploads\/2026\/03\/regiao-13-anos-scaled.jpg","contentUrl":"https:\/\/regiaonews.net.br\/2022\/wp-content\/uploads\/2026\/03\/regiao-13-anos-scaled.jpg","width":2560,"height":635,"caption":"Regi\u00e3o News"},"image":{"@id":"https:\/\/regiaonews.net.br\/2022\/#\/schema\/logo\/image\/"}},{"@type":"Person","@id":"https:\/\/regiaonews.net.br\/2022\/#\/schema\/person\/2d205a608a5aa97ac279d7a5e6d89ad8","name":"Roberto","image":{"@type":"ImageObject","inLanguage":"pt-BR","@id":"https:\/\/secure.gravatar.com\/avatar\/42749d8b712ff9d59ca93dc150494e5b55a44134482993f5baeb97e61b7ecc89?s=96&d=mm&r=g","url":"https:\/\/secure.gravatar.com\/avatar\/42749d8b712ff9d59ca93dc150494e5b55a44134482993f5baeb97e61b7ecc89?s=96&d=mm&r=g","contentUrl":"https:\/\/secure.gravatar.com\/avatar\/42749d8b712ff9d59ca93dc150494e5b55a44134482993f5baeb97e61b7ecc89?s=96&d=mm&r=g","caption":"Roberto"},"url":"https:\/\/regiaonews.net.br\/2022\/author\/roberto\/"}]}},"publishpress_future_action":{"enabled":false,"date":"2026-05-03 09:22:54","action":"change-status","newStatus":"draft","terms":[],"taxonomy":"category","extraData":[]},"publishpress_future_workflow_manual_trigger":{"enabledWorkflows":[]},"_links":{"self":[{"href":"https:\/\/regiaonews.net.br\/2022\/wp-json\/wp\/v2\/posts\/101984","targetHints":{"allow":["GET"]}}],"collection":[{"href":"https:\/\/regiaonews.net.br\/2022\/wp-json\/wp\/v2\/posts"}],"about":[{"href":"https:\/\/regiaonews.net.br\/2022\/wp-json\/wp\/v2\/types\/post"}],"author":[{"embeddable":true,"href":"https:\/\/regiaonews.net.br\/2022\/wp-json\/wp\/v2\/users\/2"}],"replies":[{"embeddable":true,"href":"https:\/\/regiaonews.net.br\/2022\/wp-json\/wp\/v2\/comments?post=101984"}],"version-history":[{"count":1,"href":"https:\/\/regiaonews.net.br\/2022\/wp-json\/wp\/v2\/posts\/101984\/revisions"}],"predecessor-version":[{"id":101986,"href":"https:\/\/regiaonews.net.br\/2022\/wp-json\/wp\/v2\/posts\/101984\/revisions\/101986"}],"wp:featuredmedia":[{"embeddable":true,"href":"https:\/\/regiaonews.net.br\/2022\/wp-json\/wp\/v2\/media\/101985"}],"wp:attachment":[{"href":"https:\/\/regiaonews.net.br\/2022\/wp-json\/wp\/v2\/media?parent=101984"}],"wp:term":[{"taxonomy":"category","embeddable":true,"href":"https:\/\/regiaonews.net.br\/2022\/wp-json\/wp\/v2\/categories?post=101984"},{"taxonomy":"post_tag","embeddable":true,"href":"https:\/\/regiaonews.net.br\/2022\/wp-json\/wp\/v2\/tags?post=101984"}],"curies":[{"name":"wp","href":"https:\/\/api.w.org\/{rel}","templated":true}]}}