{"id":101981,"date":"2024-03-04T09:54:07","date_gmt":"2024-03-04T12:54:07","guid":{"rendered":"https:\/\/regiaonews.net.br\/2022\/?p=101981"},"modified":"2024-03-04T09:54:07","modified_gmt":"2024-03-04T12:54:07","slug":"colina-participou-do-programa-de-valorizacao-da-gastronomia-paulista","status":"publish","type":"post","link":"https:\/\/regiaonews.net.br\/2022\/2024\/03\/04\/colina-participou-do-programa-de-valorizacao-da-gastronomia-paulista\/","title":{"rendered":"Colina participou do Programa de Valoriza\u00e7\u00e3o da Gastronomia Paulista"},"content":{"rendered":"<header class=\"post-header\"><\/header>\n<div class=\"post-content\">\n<article class=\"post-text\">&nbsp;<\/p>\n<p><em>Empres\u00e1ria de Colina, Maria Jos\u00e9 da \u201cDel\u00edcias Caseiras\u201d, \u00e9 selecionada<\/em><\/p>\n<p>Com o objetivo de valorizar o roteiro gastron\u00f4mico paulista, a Secretaria de Turismo e Viagens do Estado de S\u00e3o Paulo \u2013 Setur-SP, vem promovendo desde julho de 2023, um roteiro de palestras e eventos por v\u00e1rias regi\u00f5es administrativas do Estado, com o intuito de fomentar o turismo gastron\u00f4mico.<\/p>\n<p>Na \u00faltima sexta-feira, 23 de fevereiro, os profissionais da Setur-SP estiveram em S\u00e3o Jos\u00e9 do Rio Preto para a premia\u00e7\u00e3o dos produtores e restaurantes classificados onde participaram de capacita\u00e7\u00e3o sobre empreendimento e gastronomia promovida pelo Senac de Rio Preto, como premia\u00e7\u00e3o aos classificados. E no s\u00e1bado, 24 de fevereiro, aconteceu um festival gastron\u00f4mico onde os produtores selecionados promoveram exposi\u00e7\u00e3o e venda de seus produtos aos visitantes de todas as regi\u00f5es do Estado, organiza\u00e7\u00f5es governamentais e setor privado ali presentes.<\/p>\n<p>O munic\u00edpio de Colina, que integra a Regi\u00e3o Tur\u00edstica \u00c1guas Sertanejas, participou do evento com representantes da Prefeitura, por meio das Secretarias Municipais de Esportes, Turismo e Lazer e de Educa\u00e7\u00e3o e Cultura, al\u00e9m de empres\u00e1ria do setor gastron\u00f4mico local.<\/p>\n<p><strong>COLINA \u00c9 SELECIONADA \u2013<\/strong>\u00a0O estabelecimento de Colina selecionado pela Setur-SP no Sabor de S\u00e3o Paulo foi \u201cDel\u00edcias Caseiras\u201d, da empres\u00e1ria Maria Jos\u00e9, com as deliciosas esfirras.<\/p>\n<p>A hist\u00f3ria da \u201cDel\u00edcias Caseiras\u201d conta 24 anos e come\u00e7ou com Maria Jos\u00e9. Ap\u00f3s deixar o Piau\u00ed e se estabelecer em Colina, a dom\u00e9stica completava a renda vendendo salgados e doces caseiros pela cidade. Primeiro de bicicleta, nos anos 2000. Depois, em um autom\u00f3vel e, mais tarde, em sua casa. Ap\u00f3s seis anos, a empreendedora e os filhos adquiriram o ponto onde est\u00e3o at\u00e9 hoje. Atualmente, seu card\u00e1pio re\u00fane esfihas de carne e de coalhada, que Maria aprendeu a fazer em uma das casas em que trabalhou; coxinha de frango, biscoitos e sequilhos. A padaria aceita encomendas de bolos, tortas, entre outros produtos.<\/p>\n<p>\u201cColina t\u00eam se tornado uma refer\u00eancia regional na \u00e1rea gastron\u00f4mica. Esse aperfei\u00e7oamento \u00e9 fundamental para o turismo local e regional. O evento \u00e9 uma oportunidade para capacitar nossos empreendedores, fortalecer ainda mais o turismo e destacar o que Colina tem de melhor no setor gastron\u00f4mico. A gente faz parte de uma rota tur\u00edstica bastante forte, com v\u00e1rias inst\u00e2ncias tur\u00edsticas pr\u00f3ximas, que \u00e9 Ol\u00edmpia, Ibir\u00e1, Barretos, e a quest\u00e3o gastron\u00f4mica, cada vez mais, ela ganha uma abrang\u00eancia\u201d, pontua o Coordenador Gilberto Gon\u00e7alves.<\/p>\n<p><strong>SABOR DE SP CONTEMPLA 10 ROTAS GASTRON\u00d4MICAS \u2013\u00a0<\/strong>O Sabor de SP teve in\u00edcio em julho de 2023 e se estendeu at\u00e9 fevereiro deste ano, com o intuito de fomentar o turismo gastron\u00f4mico paulista que integra 10 Rotas Gastron\u00f4micas distribu\u00eddas por todas as regi\u00f5es do interior e do litoral do Estado.<\/p>\n<p>S\u00e3o viagens de uma semana que contemplam o rico cen\u00e1rio gastron\u00f4mico que existe fora da capital, mostrando o dedicado trabalho de produtores artesanais e estabelecimentos comerciais t\u00edpicos locais, num painel que permite ao visitante compreender as cadeias de produ\u00e7\u00e3o e apreciar a boa mesa que S\u00e3o Paulo oferece.<\/p>\n<p><strong>\u00a0<\/strong><\/p>\n<\/article>\n<\/div>\n","protected":false},"excerpt":{"rendered":"<p>&nbsp; Empres\u00e1ria de Colina, Maria Jos\u00e9 da \u201cDel\u00edcias Caseiras\u201d, \u00e9<\/p>\n","protected":false},"author":2,"featured_media":101982,"comment_status":"open","ping_status":"open","sticky":false,"template":"","format":"standard","meta":{"footnotes":""},"categories":[25,5],"tags":[],"class_list":["post-101981","post","type-post","status-publish","format-standard","has-post-thumbnail","hentry","category-cidades","category-colina"],"yoast_head":"<!-- This site is optimized with the Yoast SEO plugin v27.4 - https:\/\/yoast.com\/product\/yoast-seo-wordpress\/ -->\n<title>Colina participou do Programa de Valoriza\u00e7\u00e3o da Gastronomia Paulista - Regi\u00e3o News<\/title>\n<meta name=\"robots\" content=\"index, follow, max-snippet:-1, max-image-preview:large, max-video-preview:-1\" \/>\n<link rel=\"canonical\" href=\"https:\/\/regiaonews.net.br\/2022\/2024\/03\/04\/colina-participou-do-programa-de-valorizacao-da-gastronomia-paulista\/\" \/>\n<meta property=\"og:locale\" content=\"pt_BR\" \/>\n<meta property=\"og:type\" content=\"article\" \/>\n<meta property=\"og:title\" content=\"Colina participou do Programa de Valoriza\u00e7\u00e3o da Gastronomia Paulista - Regi\u00e3o News\" \/>\n<meta property=\"og:description\" content=\"&nbsp; Empres\u00e1ria de Colina, Maria Jos\u00e9 da \u201cDel\u00edcias Caseiras\u201d, \u00e9\" \/>\n<meta property=\"og:url\" content=\"https:\/\/regiaonews.net.br\/2022\/2024\/03\/04\/colina-participou-do-programa-de-valorizacao-da-gastronomia-paulista\/\" \/>\n<meta property=\"og:site_name\" content=\"Regi\u00e3o News\" \/>\n<meta property=\"article:published_time\" content=\"2024-03-04T12:54:07+00:00\" \/>\n<meta property=\"og:image\" content=\"https:\/\/regiaonews.net.br\/2022\/wp-content\/uploads\/2024\/03\/Colina-Maria.jpg\" \/>\n\t<meta property=\"og:image:width\" content=\"728\" \/>\n\t<meta property=\"og:image:height\" content=\"522\" \/>\n\t<meta property=\"og:image:type\" content=\"image\/jpeg\" \/>\n<meta name=\"author\" content=\"Roberto\" \/>\n<meta name=\"twitter:card\" content=\"summary_large_image\" \/>\n<meta name=\"twitter:label1\" content=\"Escrito por\" \/>\n\t<meta name=\"twitter:data1\" content=\"Roberto\" \/>\n\t<meta name=\"twitter:label2\" content=\"Est. tempo de leitura\" \/>\n\t<meta name=\"twitter:data2\" content=\"3 minutos\" \/>\n<script type=\"application\/ld+json\" class=\"yoast-schema-graph\">{\"@context\":\"https:\\\/\\\/schema.org\",\"@graph\":[{\"@type\":\"Article\",\"@id\":\"https:\\\/\\\/regiaonews.net.br\\\/2022\\\/2024\\\/03\\\/04\\\/colina-participou-do-programa-de-valorizacao-da-gastronomia-paulista\\\/#article\",\"isPartOf\":{\"@id\":\"https:\\\/\\\/regiaonews.net.br\\\/2022\\\/2024\\\/03\\\/04\\\/colina-participou-do-programa-de-valorizacao-da-gastronomia-paulista\\\/\"},\"author\":{\"name\":\"Roberto\",\"@id\":\"https:\\\/\\\/regiaonews.net.br\\\/2022\\\/#\\\/schema\\\/person\\\/2d205a608a5aa97ac279d7a5e6d89ad8\"},\"headline\":\"Colina participou do Programa de Valoriza\u00e7\u00e3o da Gastronomia Paulista\",\"datePublished\":\"2024-03-04T12:54:07+00:00\",\"mainEntityOfPage\":{\"@id\":\"https:\\\/\\\/regiaonews.net.br\\\/2022\\\/2024\\\/03\\\/04\\\/colina-participou-do-programa-de-valorizacao-da-gastronomia-paulista\\\/\"},\"wordCount\":545,\"commentCount\":0,\"publisher\":{\"@id\":\"https:\\\/\\\/regiaonews.net.br\\\/2022\\\/#organization\"},\"image\":{\"@id\":\"https:\\\/\\\/regiaonews.net.br\\\/2022\\\/2024\\\/03\\\/04\\\/colina-participou-do-programa-de-valorizacao-da-gastronomia-paulista\\\/#primaryimage\"},\"thumbnailUrl\":\"https:\\\/\\\/regiaonews.net.br\\\/2022\\\/wp-content\\\/uploads\\\/2024\\\/03\\\/Colina-Maria.jpg\",\"articleSection\":[\"Cidades\",\"Colina\"],\"inLanguage\":\"pt-BR\",\"potentialAction\":[{\"@type\":\"CommentAction\",\"name\":\"Comment\",\"target\":[\"https:\\\/\\\/regiaonews.net.br\\\/2022\\\/2024\\\/03\\\/04\\\/colina-participou-do-programa-de-valorizacao-da-gastronomia-paulista\\\/#respond\"]}]},{\"@type\":\"WebPage\",\"@id\":\"https:\\\/\\\/regiaonews.net.br\\\/2022\\\/2024\\\/03\\\/04\\\/colina-participou-do-programa-de-valorizacao-da-gastronomia-paulista\\\/\",\"url\":\"https:\\\/\\\/regiaonews.net.br\\\/2022\\\/2024\\\/03\\\/04\\\/colina-participou-do-programa-de-valorizacao-da-gastronomia-paulista\\\/\",\"name\":\"Colina participou do Programa de Valoriza\u00e7\u00e3o da Gastronomia Paulista - Regi\u00e3o News\",\"isPartOf\":{\"@id\":\"https:\\\/\\\/regiaonews.net.br\\\/2022\\\/#website\"},\"primaryImageOfPage\":{\"@id\":\"https:\\\/\\\/regiaonews.net.br\\\/2022\\\/2024\\\/03\\\/04\\\/colina-participou-do-programa-de-valorizacao-da-gastronomia-paulista\\\/#primaryimage\"},\"image\":{\"@id\":\"https:\\\/\\\/regiaonews.net.br\\\/2022\\\/2024\\\/03\\\/04\\\/colina-participou-do-programa-de-valorizacao-da-gastronomia-paulista\\\/#primaryimage\"},\"thumbnailUrl\":\"https:\\\/\\\/regiaonews.net.br\\\/2022\\\/wp-content\\\/uploads\\\/2024\\\/03\\\/Colina-Maria.jpg\",\"datePublished\":\"2024-03-04T12:54:07+00:00\",\"breadcrumb\":{\"@id\":\"https:\\\/\\\/regiaonews.net.br\\\/2022\\\/2024\\\/03\\\/04\\\/colina-participou-do-programa-de-valorizacao-da-gastronomia-paulista\\\/#breadcrumb\"},\"inLanguage\":\"pt-BR\",\"potentialAction\":[{\"@type\":\"ReadAction\",\"target\":[\"https:\\\/\\\/regiaonews.net.br\\\/2022\\\/2024\\\/03\\\/04\\\/colina-participou-do-programa-de-valorizacao-da-gastronomia-paulista\\\/\"]}]},{\"@type\":\"ImageObject\",\"inLanguage\":\"pt-BR\",\"@id\":\"https:\\\/\\\/regiaonews.net.br\\\/2022\\\/2024\\\/03\\\/04\\\/colina-participou-do-programa-de-valorizacao-da-gastronomia-paulista\\\/#primaryimage\",\"url\":\"https:\\\/\\\/regiaonews.net.br\\\/2022\\\/wp-content\\\/uploads\\\/2024\\\/03\\\/Colina-Maria.jpg\",\"contentUrl\":\"https:\\\/\\\/regiaonews.net.br\\\/2022\\\/wp-content\\\/uploads\\\/2024\\\/03\\\/Colina-Maria.jpg\",\"width\":728,\"height\":522},{\"@type\":\"BreadcrumbList\",\"@id\":\"https:\\\/\\\/regiaonews.net.br\\\/2022\\\/2024\\\/03\\\/04\\\/colina-participou-do-programa-de-valorizacao-da-gastronomia-paulista\\\/#breadcrumb\",\"itemListElement\":[{\"@type\":\"ListItem\",\"position\":1,\"name\":\"In\u00edcio\",\"item\":\"https:\\\/\\\/regiaonews.net.br\\\/2022\\\/\"},{\"@type\":\"ListItem\",\"position\":2,\"name\":\"Colina participou do Programa de Valoriza\u00e7\u00e3o da Gastronomia Paulista\"}]},{\"@type\":\"WebSite\",\"@id\":\"https:\\\/\\\/regiaonews.net.br\\\/2022\\\/#website\",\"url\":\"https:\\\/\\\/regiaonews.net.br\\\/2022\\\/\",\"name\":\"Regi\u00e3o News\",\"description\":\"Site de Not\u00edcias de Barretos e regi\u00e3o\",\"publisher\":{\"@id\":\"https:\\\/\\\/regiaonews.net.br\\\/2022\\\/#organization\"},\"potentialAction\":[{\"@type\":\"SearchAction\",\"target\":{\"@type\":\"EntryPoint\",\"urlTemplate\":\"https:\\\/\\\/regiaonews.net.br\\\/2022\\\/?s={search_term_string}\"},\"query-input\":{\"@type\":\"PropertyValueSpecification\",\"valueRequired\":true,\"valueName\":\"search_term_string\"}}],\"inLanguage\":\"pt-BR\"},{\"@type\":\"Organization\",\"@id\":\"https:\\\/\\\/regiaonews.net.br\\\/2022\\\/#organization\",\"name\":\"Regi\u00e3o News\",\"url\":\"https:\\\/\\\/regiaonews.net.br\\\/2022\\\/\",\"logo\":{\"@type\":\"ImageObject\",\"inLanguage\":\"pt-BR\",\"@id\":\"https:\\\/\\\/regiaonews.net.br\\\/2022\\\/#\\\/schema\\\/logo\\\/image\\\/\",\"url\":\"https:\\\/\\\/regiaonews.net.br\\\/2022\\\/wp-content\\\/uploads\\\/2026\\\/03\\\/regiao-13-anos-scaled.jpg\",\"contentUrl\":\"https:\\\/\\\/regiaonews.net.br\\\/2022\\\/wp-content\\\/uploads\\\/2026\\\/03\\\/regiao-13-anos-scaled.jpg\",\"width\":2560,\"height\":635,\"caption\":\"Regi\u00e3o News\"},\"image\":{\"@id\":\"https:\\\/\\\/regiaonews.net.br\\\/2022\\\/#\\\/schema\\\/logo\\\/image\\\/\"}},{\"@type\":\"Person\",\"@id\":\"https:\\\/\\\/regiaonews.net.br\\\/2022\\\/#\\\/schema\\\/person\\\/2d205a608a5aa97ac279d7a5e6d89ad8\",\"name\":\"Roberto\",\"image\":{\"@type\":\"ImageObject\",\"inLanguage\":\"pt-BR\",\"@id\":\"https:\\\/\\\/secure.gravatar.com\\\/avatar\\\/42749d8b712ff9d59ca93dc150494e5b55a44134482993f5baeb97e61b7ecc89?s=96&d=mm&r=g\",\"url\":\"https:\\\/\\\/secure.gravatar.com\\\/avatar\\\/42749d8b712ff9d59ca93dc150494e5b55a44134482993f5baeb97e61b7ecc89?s=96&d=mm&r=g\",\"contentUrl\":\"https:\\\/\\\/secure.gravatar.com\\\/avatar\\\/42749d8b712ff9d59ca93dc150494e5b55a44134482993f5baeb97e61b7ecc89?s=96&d=mm&r=g\",\"caption\":\"Roberto\"},\"url\":\"https:\\\/\\\/regiaonews.net.br\\\/2022\\\/author\\\/roberto\\\/\"}]}<\/script>\n<!-- \/ Yoast SEO plugin. -->","yoast_head_json":{"title":"Colina participou do Programa de Valoriza\u00e7\u00e3o da Gastronomia Paulista - Regi\u00e3o News","robots":{"index":"index","follow":"follow","max-snippet":"max-snippet:-1","max-image-preview":"max-image-preview:large","max-video-preview":"max-video-preview:-1"},"canonical":"https:\/\/regiaonews.net.br\/2022\/2024\/03\/04\/colina-participou-do-programa-de-valorizacao-da-gastronomia-paulista\/","og_locale":"pt_BR","og_type":"article","og_title":"Colina participou do Programa de Valoriza\u00e7\u00e3o da Gastronomia Paulista - Regi\u00e3o News","og_description":"&nbsp; Empres\u00e1ria de Colina, Maria Jos\u00e9 da \u201cDel\u00edcias Caseiras\u201d, \u00e9","og_url":"https:\/\/regiaonews.net.br\/2022\/2024\/03\/04\/colina-participou-do-programa-de-valorizacao-da-gastronomia-paulista\/","og_site_name":"Regi\u00e3o News","article_published_time":"2024-03-04T12:54:07+00:00","og_image":[{"width":728,"height":522,"url":"https:\/\/regiaonews.net.br\/2022\/wp-content\/uploads\/2024\/03\/Colina-Maria.jpg","type":"image\/jpeg"}],"author":"Roberto","twitter_card":"summary_large_image","twitter_misc":{"Escrito por":"Roberto","Est. tempo de leitura":"3 minutos"},"schema":{"@context":"https:\/\/schema.org","@graph":[{"@type":"Article","@id":"https:\/\/regiaonews.net.br\/2022\/2024\/03\/04\/colina-participou-do-programa-de-valorizacao-da-gastronomia-paulista\/#article","isPartOf":{"@id":"https:\/\/regiaonews.net.br\/2022\/2024\/03\/04\/colina-participou-do-programa-de-valorizacao-da-gastronomia-paulista\/"},"author":{"name":"Roberto","@id":"https:\/\/regiaonews.net.br\/2022\/#\/schema\/person\/2d205a608a5aa97ac279d7a5e6d89ad8"},"headline":"Colina participou do Programa de Valoriza\u00e7\u00e3o da Gastronomia Paulista","datePublished":"2024-03-04T12:54:07+00:00","mainEntityOfPage":{"@id":"https:\/\/regiaonews.net.br\/2022\/2024\/03\/04\/colina-participou-do-programa-de-valorizacao-da-gastronomia-paulista\/"},"wordCount":545,"commentCount":0,"publisher":{"@id":"https:\/\/regiaonews.net.br\/2022\/#organization"},"image":{"@id":"https:\/\/regiaonews.net.br\/2022\/2024\/03\/04\/colina-participou-do-programa-de-valorizacao-da-gastronomia-paulista\/#primaryimage"},"thumbnailUrl":"https:\/\/regiaonews.net.br\/2022\/wp-content\/uploads\/2024\/03\/Colina-Maria.jpg","articleSection":["Cidades","Colina"],"inLanguage":"pt-BR","potentialAction":[{"@type":"CommentAction","name":"Comment","target":["https:\/\/regiaonews.net.br\/2022\/2024\/03\/04\/colina-participou-do-programa-de-valorizacao-da-gastronomia-paulista\/#respond"]}]},{"@type":"WebPage","@id":"https:\/\/regiaonews.net.br\/2022\/2024\/03\/04\/colina-participou-do-programa-de-valorizacao-da-gastronomia-paulista\/","url":"https:\/\/regiaonews.net.br\/2022\/2024\/03\/04\/colina-participou-do-programa-de-valorizacao-da-gastronomia-paulista\/","name":"Colina participou do Programa de Valoriza\u00e7\u00e3o da Gastronomia Paulista - Regi\u00e3o News","isPartOf":{"@id":"https:\/\/regiaonews.net.br\/2022\/#website"},"primaryImageOfPage":{"@id":"https:\/\/regiaonews.net.br\/2022\/2024\/03\/04\/colina-participou-do-programa-de-valorizacao-da-gastronomia-paulista\/#primaryimage"},"image":{"@id":"https:\/\/regiaonews.net.br\/2022\/2024\/03\/04\/colina-participou-do-programa-de-valorizacao-da-gastronomia-paulista\/#primaryimage"},"thumbnailUrl":"https:\/\/regiaonews.net.br\/2022\/wp-content\/uploads\/2024\/03\/Colina-Maria.jpg","datePublished":"2024-03-04T12:54:07+00:00","breadcrumb":{"@id":"https:\/\/regiaonews.net.br\/2022\/2024\/03\/04\/colina-participou-do-programa-de-valorizacao-da-gastronomia-paulista\/#breadcrumb"},"inLanguage":"pt-BR","potentialAction":[{"@type":"ReadAction","target":["https:\/\/regiaonews.net.br\/2022\/2024\/03\/04\/colina-participou-do-programa-de-valorizacao-da-gastronomia-paulista\/"]}]},{"@type":"ImageObject","inLanguage":"pt-BR","@id":"https:\/\/regiaonews.net.br\/2022\/2024\/03\/04\/colina-participou-do-programa-de-valorizacao-da-gastronomia-paulista\/#primaryimage","url":"https:\/\/regiaonews.net.br\/2022\/wp-content\/uploads\/2024\/03\/Colina-Maria.jpg","contentUrl":"https:\/\/regiaonews.net.br\/2022\/wp-content\/uploads\/2024\/03\/Colina-Maria.jpg","width":728,"height":522},{"@type":"BreadcrumbList","@id":"https:\/\/regiaonews.net.br\/2022\/2024\/03\/04\/colina-participou-do-programa-de-valorizacao-da-gastronomia-paulista\/#breadcrumb","itemListElement":[{"@type":"ListItem","position":1,"name":"In\u00edcio","item":"https:\/\/regiaonews.net.br\/2022\/"},{"@type":"ListItem","position":2,"name":"Colina participou do Programa de Valoriza\u00e7\u00e3o da Gastronomia Paulista"}]},{"@type":"WebSite","@id":"https:\/\/regiaonews.net.br\/2022\/#website","url":"https:\/\/regiaonews.net.br\/2022\/","name":"Regi\u00e3o News","description":"Site de Not\u00edcias de Barretos e regi\u00e3o","publisher":{"@id":"https:\/\/regiaonews.net.br\/2022\/#organization"},"potentialAction":[{"@type":"SearchAction","target":{"@type":"EntryPoint","urlTemplate":"https:\/\/regiaonews.net.br\/2022\/?s={search_term_string}"},"query-input":{"@type":"PropertyValueSpecification","valueRequired":true,"valueName":"search_term_string"}}],"inLanguage":"pt-BR"},{"@type":"Organization","@id":"https:\/\/regiaonews.net.br\/2022\/#organization","name":"Regi\u00e3o News","url":"https:\/\/regiaonews.net.br\/2022\/","logo":{"@type":"ImageObject","inLanguage":"pt-BR","@id":"https:\/\/regiaonews.net.br\/2022\/#\/schema\/logo\/image\/","url":"https:\/\/regiaonews.net.br\/2022\/wp-content\/uploads\/2026\/03\/regiao-13-anos-scaled.jpg","contentUrl":"https:\/\/regiaonews.net.br\/2022\/wp-content\/uploads\/2026\/03\/regiao-13-anos-scaled.jpg","width":2560,"height":635,"caption":"Regi\u00e3o News"},"image":{"@id":"https:\/\/regiaonews.net.br\/2022\/#\/schema\/logo\/image\/"}},{"@type":"Person","@id":"https:\/\/regiaonews.net.br\/2022\/#\/schema\/person\/2d205a608a5aa97ac279d7a5e6d89ad8","name":"Roberto","image":{"@type":"ImageObject","inLanguage":"pt-BR","@id":"https:\/\/secure.gravatar.com\/avatar\/42749d8b712ff9d59ca93dc150494e5b55a44134482993f5baeb97e61b7ecc89?s=96&d=mm&r=g","url":"https:\/\/secure.gravatar.com\/avatar\/42749d8b712ff9d59ca93dc150494e5b55a44134482993f5baeb97e61b7ecc89?s=96&d=mm&r=g","contentUrl":"https:\/\/secure.gravatar.com\/avatar\/42749d8b712ff9d59ca93dc150494e5b55a44134482993f5baeb97e61b7ecc89?s=96&d=mm&r=g","caption":"Roberto"},"url":"https:\/\/regiaonews.net.br\/2022\/author\/roberto\/"}]}},"publishpress_future_action":{"enabled":false,"date":"2026-05-03 10:53:08","action":"change-status","newStatus":"draft","terms":[],"taxonomy":"category","extraData":[]},"publishpress_future_workflow_manual_trigger":{"enabledWorkflows":[]},"_links":{"self":[{"href":"https:\/\/regiaonews.net.br\/2022\/wp-json\/wp\/v2\/posts\/101981","targetHints":{"allow":["GET"]}}],"collection":[{"href":"https:\/\/regiaonews.net.br\/2022\/wp-json\/wp\/v2\/posts"}],"about":[{"href":"https:\/\/regiaonews.net.br\/2022\/wp-json\/wp\/v2\/types\/post"}],"author":[{"embeddable":true,"href":"https:\/\/regiaonews.net.br\/2022\/wp-json\/wp\/v2\/users\/2"}],"replies":[{"embeddable":true,"href":"https:\/\/regiaonews.net.br\/2022\/wp-json\/wp\/v2\/comments?post=101981"}],"version-history":[{"count":1,"href":"https:\/\/regiaonews.net.br\/2022\/wp-json\/wp\/v2\/posts\/101981\/revisions"}],"predecessor-version":[{"id":101983,"href":"https:\/\/regiaonews.net.br\/2022\/wp-json\/wp\/v2\/posts\/101981\/revisions\/101983"}],"wp:featuredmedia":[{"embeddable":true,"href":"https:\/\/regiaonews.net.br\/2022\/wp-json\/wp\/v2\/media\/101982"}],"wp:attachment":[{"href":"https:\/\/regiaonews.net.br\/2022\/wp-json\/wp\/v2\/media?parent=101981"}],"wp:term":[{"taxonomy":"category","embeddable":true,"href":"https:\/\/regiaonews.net.br\/2022\/wp-json\/wp\/v2\/categories?post=101981"},{"taxonomy":"post_tag","embeddable":true,"href":"https:\/\/regiaonews.net.br\/2022\/wp-json\/wp\/v2\/tags?post=101981"}],"curies":[{"name":"wp","href":"https:\/\/api.w.org\/{rel}","templated":true}]}}