{"id":101940,"date":"2024-03-02T09:33:59","date_gmt":"2024-03-02T12:33:59","guid":{"rendered":"https:\/\/regiaonews.net.br\/2022\/?p=101940"},"modified":"2024-03-02T09:33:59","modified_gmt":"2024-03-02T12:33:59","slug":"camara-entrega-diplomas-a-integrantes-de-companhias-de-santos-reis-de-barretos","status":"publish","type":"post","link":"https:\/\/regiaonews.net.br\/2022\/2024\/03\/02\/camara-entrega-diplomas-a-integrantes-de-companhias-de-santos-reis-de-barretos\/","title":{"rendered":"C\u00e2mara entrega diplomas a integrantes de Companhias de Santos Reis de Barretos"},"content":{"rendered":"<h3 class=\"mb-4\">Homenagem in\u00e9dita aconteceu em cumprimento \u00e0 Lei Municipal n\u00ba 6608\/2023, de autoria do vereador Gabriel Uchida(UNI\u00c3O).<\/h3>\n<p><strong>Nove(09) integrantes de Companhias de Reis de Barretos<\/strong>\u00a0receberam os\u00a0\u00a0<strong>Diplomas de &#8220;Embaixador&#8221;, &#8220;Foli\u00e3o&#8221; e &#8220;Palha\u00e7o&#8221; de Reis\u00a02024,\u00a0<\/strong>durante Sess\u00e3o Solene realizada na noite de ter\u00e7a-feira (27\/fev), na C\u00e2mara.<\/p>\n<p>Os homenageados foram:<\/p>\n<p><strong>COMPANHIA DE REIS IRM\u00c3OS BORGES\/ ARMOUR:<\/strong>\u00a0<strong>Luiz Cardoso de Fari<\/strong>a foi escolhido para receber o diploma de Embaixador. Por\u00e9m, devido \u00e0 quest\u00e3o de sa\u00fade, ele n\u00e3o pode comparecer \u00e0 solenidade\u00a0 e foi\u00a0representado pela esposa\u00a0<strong>Maria do Amparo de Souza Costa Faria<\/strong>. Pela mesma companhia,\u00a0\u00a0<strong>Esmeraldo Ferreira de Souza<\/strong>\u00a0recebeu o diploma de Foli\u00e3o\u00a0 e\u00a0<strong>Wilson Carlos Morais<\/strong>\u00a0o diploma de Palha\u00e7o.<\/p>\n<p>&nbsp;<\/p>\n<p><strong>COMPANHIA\u00a0<\/strong><u><strong>DE REIS FAZENDA LAGOINHA<\/strong>:\u00a0<\/u><strong>Alvair Sebasti\u00e3o Borges &#8220;Dec\u00e3o&#8221;<\/strong>\u00a0(Embaixador),\u00a0<strong>Ant\u00f4nio Carlos Borges &#8211; Lagoinha<\/strong>\u00a0(Embaixador) e\u00a0<strong>Jaime Martins Pereira<\/strong>\u00a0(Embaixador)<\/p>\n<p>&nbsp;<\/p>\n<p><strong>COMPANHIA\u00a0<\/strong><u><strong>DE REIS NOVA GERA\u00c7\u00c3O \/ \u00c1GUA LIMPA:\u00a0<\/strong><\/u><strong>Luiz Eduardo Gomes Francisco<\/strong>\u00a0(Embaixador),\u00a0<strong>Marcelo Silveira Guilherme<\/strong>\u00a0(Foli\u00e3o) e\u00a0<strong>Alex Rodrigues da Silv<\/strong>a (Palha\u00e7o).<\/p>\n<p>&nbsp;<\/p>\n<p>A homenagem\u00a0 in\u00e9dita aconteceu em cumprimento \u00e0\u00a0<a href=\"http:\/\/consulta.camarabarretos.sp.gov.br\/arquivo?Id=373519\"><strong>Lei Municipal n\u00ba 6608\/2023<\/strong><\/a>, de autoria do vereador\u00a0<strong>Gabriel Felipe Uchida(UNI\u00c3O). O objetivo \u00e9 valorizar e &#8220;reconhecer o empenho dos foli\u00f5es\u00a0que sustentam os pilares da cultura, do folclore e da tradi\u00e7\u00e3o da cidade&#8221;.<\/strong><\/p>\n<p>&nbsp;<\/p>\n<p>O evento foi presidido pelo\u00a0<strong>Vice-Presidente\u00a0C\u00e2mara, vereador\u00a0Gabriel Uchida (UNI\u00c3O)<\/strong>\u00a0e contou com a presen\u00e7a do\u00a0<b>Secret\u00e1rio Municipal de Comunica\u00e7\u00e3o da Prefeitura, Itamar Alves dos Santos;\u00a0 e o representante da Par\u00f3quia Santo\u00a0Ant\u00f4nio de P\u00e1dua &#8211; Comunidade Santos Reis, Jos\u00e9 de Jesus Miranda.\u00a0<\/b><\/p>\n<p>&nbsp;<\/p>\n<p><b>A Mesa de Autoridades contou ainda com Osmir Aparecido Pereira (representante\u00a0das Cia\u00a0de Reis Fazenda Lagoinha), Erikson Nishizaki (Cia Irm\u00e3os Borges) e Baltazar Silveira Guilherme\u00a0 Dias (Cia Nova Gera\u00e7\u00e3o).<\/b><\/p>\n<p>&nbsp;<\/p>\n<p><b>Tamb\u00e9m estiveram presentes Maria Tereza de Moraes Silva (Cidad\u00e3 Benem\u00e9rita de Barretos) e Valdemir Aparecido Bonfim &#8220;Cumpadre Val&#8221; (Cidad\u00e3o Honor\u00e1rio de Barretos).<\/b><\/p>\n<p>&nbsp;<\/p>\n<p><b>O vereador Angelo Tegami (PV) n\u00e3o pode estar presente na solenidade, mas encaminhou v\u00eddeo parabenizando os homenageados.<\/b><\/p>\n<p>&nbsp;<\/p>\n<p>A\u00a0<strong>Prefeita Paula Lemos<\/strong>\u00a0compareceu \u00e0 C\u00e2mara para cumprimentar os homenageados, mas n\u00e3o pode ficar at\u00e9 o final da solenidade devido a compromissos assumidos anteriormente.<\/p>\n<p>&nbsp;<\/p>\n<p>Familiares e amigos dos homenageados\u00a0acompanharam de perto a Sess\u00e3o.<\/p>\n<p>&nbsp;<\/p>\n<p>Durante a solenidade, um v\u00eddeo mostrou as &#8220;Chegadas de Reis&#8221; que as companhias fizeram em 2024.<\/p>\n","protected":false},"excerpt":{"rendered":"<p>Homenagem in\u00e9dita aconteceu em cumprimento \u00e0 Lei Municipal n\u00ba 6608\/2023,<\/p>\n","protected":false},"author":2,"featured_media":101941,"comment_status":"open","ping_status":"open","sticky":false,"template":"","format":"standard","meta":{"footnotes":""},"categories":[14,22],"tags":[],"class_list":["post-101940","post","type-post","status-publish","format-standard","has-post-thumbnail","hentry","category-barretos","category-politica"],"yoast_head":"<!-- This site is optimized with the Yoast SEO plugin v27.4 - https:\/\/yoast.com\/product\/yoast-seo-wordpress\/ -->\n<title>C\u00e2mara entrega diplomas a integrantes de Companhias de Santos Reis de Barretos - Regi\u00e3o News<\/title>\n<meta name=\"robots\" content=\"index, follow, max-snippet:-1, max-image-preview:large, max-video-preview:-1\" \/>\n<link rel=\"canonical\" href=\"https:\/\/regiaonews.net.br\/2022\/2024\/03\/02\/camara-entrega-diplomas-a-integrantes-de-companhias-de-santos-reis-de-barretos\/\" \/>\n<meta property=\"og:locale\" content=\"pt_BR\" \/>\n<meta property=\"og:type\" content=\"article\" \/>\n<meta property=\"og:title\" content=\"C\u00e2mara entrega diplomas a integrantes de Companhias de Santos Reis de Barretos - Regi\u00e3o News\" \/>\n<meta property=\"og:description\" content=\"Homenagem in\u00e9dita aconteceu em cumprimento \u00e0 Lei Municipal n\u00ba 6608\/2023,\" \/>\n<meta property=\"og:url\" content=\"https:\/\/regiaonews.net.br\/2022\/2024\/03\/02\/camara-entrega-diplomas-a-integrantes-de-companhias-de-santos-reis-de-barretos\/\" \/>\n<meta property=\"og:site_name\" content=\"Regi\u00e3o News\" \/>\n<meta property=\"article:published_time\" content=\"2024-03-02T12:33:59+00:00\" \/>\n<meta property=\"og:image\" content=\"https:\/\/regiaonews.net.br\/2022\/wp-content\/uploads\/2024\/03\/WhatsApp-Image-2024-03-02-at-09.33.29.jpeg\" \/>\n\t<meta property=\"og:image:width\" content=\"616\" \/>\n\t<meta property=\"og:image:height\" content=\"417\" \/>\n\t<meta property=\"og:image:type\" content=\"image\/jpeg\" \/>\n<meta name=\"author\" content=\"Roberto\" \/>\n<meta name=\"twitter:card\" content=\"summary_large_image\" \/>\n<meta name=\"twitter:label1\" content=\"Escrito por\" \/>\n\t<meta name=\"twitter:data1\" content=\"Roberto\" \/>\n\t<meta name=\"twitter:label2\" content=\"Est. tempo de leitura\" \/>\n\t<meta name=\"twitter:data2\" content=\"3 minutos\" \/>\n<script type=\"application\/ld+json\" class=\"yoast-schema-graph\">{\"@context\":\"https:\\\/\\\/schema.org\",\"@graph\":[{\"@type\":\"Article\",\"@id\":\"https:\\\/\\\/regiaonews.net.br\\\/2022\\\/2024\\\/03\\\/02\\\/camara-entrega-diplomas-a-integrantes-de-companhias-de-santos-reis-de-barretos\\\/#article\",\"isPartOf\":{\"@id\":\"https:\\\/\\\/regiaonews.net.br\\\/2022\\\/2024\\\/03\\\/02\\\/camara-entrega-diplomas-a-integrantes-de-companhias-de-santos-reis-de-barretos\\\/\"},\"author\":{\"name\":\"Roberto\",\"@id\":\"https:\\\/\\\/regiaonews.net.br\\\/2022\\\/#\\\/schema\\\/person\\\/2d205a608a5aa97ac279d7a5e6d89ad8\"},\"headline\":\"C\u00e2mara entrega diplomas a integrantes de Companhias de Santos Reis de Barretos\",\"datePublished\":\"2024-03-02T12:33:59+00:00\",\"mainEntityOfPage\":{\"@id\":\"https:\\\/\\\/regiaonews.net.br\\\/2022\\\/2024\\\/03\\\/02\\\/camara-entrega-diplomas-a-integrantes-de-companhias-de-santos-reis-de-barretos\\\/\"},\"wordCount\":418,\"commentCount\":0,\"publisher\":{\"@id\":\"https:\\\/\\\/regiaonews.net.br\\\/2022\\\/#organization\"},\"image\":{\"@id\":\"https:\\\/\\\/regiaonews.net.br\\\/2022\\\/2024\\\/03\\\/02\\\/camara-entrega-diplomas-a-integrantes-de-companhias-de-santos-reis-de-barretos\\\/#primaryimage\"},\"thumbnailUrl\":\"https:\\\/\\\/regiaonews.net.br\\\/2022\\\/wp-content\\\/uploads\\\/2024\\\/03\\\/WhatsApp-Image-2024-03-02-at-09.33.29.jpeg\",\"articleSection\":[\"Barretos\",\"Pol\u00edtica\"],\"inLanguage\":\"pt-BR\",\"potentialAction\":[{\"@type\":\"CommentAction\",\"name\":\"Comment\",\"target\":[\"https:\\\/\\\/regiaonews.net.br\\\/2022\\\/2024\\\/03\\\/02\\\/camara-entrega-diplomas-a-integrantes-de-companhias-de-santos-reis-de-barretos\\\/#respond\"]}]},{\"@type\":\"WebPage\",\"@id\":\"https:\\\/\\\/regiaonews.net.br\\\/2022\\\/2024\\\/03\\\/02\\\/camara-entrega-diplomas-a-integrantes-de-companhias-de-santos-reis-de-barretos\\\/\",\"url\":\"https:\\\/\\\/regiaonews.net.br\\\/2022\\\/2024\\\/03\\\/02\\\/camara-entrega-diplomas-a-integrantes-de-companhias-de-santos-reis-de-barretos\\\/\",\"name\":\"C\u00e2mara entrega diplomas a integrantes de Companhias de Santos Reis de Barretos - Regi\u00e3o News\",\"isPartOf\":{\"@id\":\"https:\\\/\\\/regiaonews.net.br\\\/2022\\\/#website\"},\"primaryImageOfPage\":{\"@id\":\"https:\\\/\\\/regiaonews.net.br\\\/2022\\\/2024\\\/03\\\/02\\\/camara-entrega-diplomas-a-integrantes-de-companhias-de-santos-reis-de-barretos\\\/#primaryimage\"},\"image\":{\"@id\":\"https:\\\/\\\/regiaonews.net.br\\\/2022\\\/2024\\\/03\\\/02\\\/camara-entrega-diplomas-a-integrantes-de-companhias-de-santos-reis-de-barretos\\\/#primaryimage\"},\"thumbnailUrl\":\"https:\\\/\\\/regiaonews.net.br\\\/2022\\\/wp-content\\\/uploads\\\/2024\\\/03\\\/WhatsApp-Image-2024-03-02-at-09.33.29.jpeg\",\"datePublished\":\"2024-03-02T12:33:59+00:00\",\"breadcrumb\":{\"@id\":\"https:\\\/\\\/regiaonews.net.br\\\/2022\\\/2024\\\/03\\\/02\\\/camara-entrega-diplomas-a-integrantes-de-companhias-de-santos-reis-de-barretos\\\/#breadcrumb\"},\"inLanguage\":\"pt-BR\",\"potentialAction\":[{\"@type\":\"ReadAction\",\"target\":[\"https:\\\/\\\/regiaonews.net.br\\\/2022\\\/2024\\\/03\\\/02\\\/camara-entrega-diplomas-a-integrantes-de-companhias-de-santos-reis-de-barretos\\\/\"]}]},{\"@type\":\"ImageObject\",\"inLanguage\":\"pt-BR\",\"@id\":\"https:\\\/\\\/regiaonews.net.br\\\/2022\\\/2024\\\/03\\\/02\\\/camara-entrega-diplomas-a-integrantes-de-companhias-de-santos-reis-de-barretos\\\/#primaryimage\",\"url\":\"https:\\\/\\\/regiaonews.net.br\\\/2022\\\/wp-content\\\/uploads\\\/2024\\\/03\\\/WhatsApp-Image-2024-03-02-at-09.33.29.jpeg\",\"contentUrl\":\"https:\\\/\\\/regiaonews.net.br\\\/2022\\\/wp-content\\\/uploads\\\/2024\\\/03\\\/WhatsApp-Image-2024-03-02-at-09.33.29.jpeg\",\"width\":616,\"height\":417},{\"@type\":\"BreadcrumbList\",\"@id\":\"https:\\\/\\\/regiaonews.net.br\\\/2022\\\/2024\\\/03\\\/02\\\/camara-entrega-diplomas-a-integrantes-de-companhias-de-santos-reis-de-barretos\\\/#breadcrumb\",\"itemListElement\":[{\"@type\":\"ListItem\",\"position\":1,\"name\":\"In\u00edcio\",\"item\":\"https:\\\/\\\/regiaonews.net.br\\\/2022\\\/\"},{\"@type\":\"ListItem\",\"position\":2,\"name\":\"C\u00e2mara entrega diplomas a integrantes de Companhias de Santos Reis de Barretos\"}]},{\"@type\":\"WebSite\",\"@id\":\"https:\\\/\\\/regiaonews.net.br\\\/2022\\\/#website\",\"url\":\"https:\\\/\\\/regiaonews.net.br\\\/2022\\\/\",\"name\":\"Regi\u00e3o News\",\"description\":\"Site de Not\u00edcias de Barretos e regi\u00e3o\",\"publisher\":{\"@id\":\"https:\\\/\\\/regiaonews.net.br\\\/2022\\\/#organization\"},\"potentialAction\":[{\"@type\":\"SearchAction\",\"target\":{\"@type\":\"EntryPoint\",\"urlTemplate\":\"https:\\\/\\\/regiaonews.net.br\\\/2022\\\/?s={search_term_string}\"},\"query-input\":{\"@type\":\"PropertyValueSpecification\",\"valueRequired\":true,\"valueName\":\"search_term_string\"}}],\"inLanguage\":\"pt-BR\"},{\"@type\":\"Organization\",\"@id\":\"https:\\\/\\\/regiaonews.net.br\\\/2022\\\/#organization\",\"name\":\"Regi\u00e3o News\",\"url\":\"https:\\\/\\\/regiaonews.net.br\\\/2022\\\/\",\"logo\":{\"@type\":\"ImageObject\",\"inLanguage\":\"pt-BR\",\"@id\":\"https:\\\/\\\/regiaonews.net.br\\\/2022\\\/#\\\/schema\\\/logo\\\/image\\\/\",\"url\":\"https:\\\/\\\/regiaonews.net.br\\\/2022\\\/wp-content\\\/uploads\\\/2026\\\/03\\\/regiao-13-anos-scaled.jpg\",\"contentUrl\":\"https:\\\/\\\/regiaonews.net.br\\\/2022\\\/wp-content\\\/uploads\\\/2026\\\/03\\\/regiao-13-anos-scaled.jpg\",\"width\":2560,\"height\":635,\"caption\":\"Regi\u00e3o News\"},\"image\":{\"@id\":\"https:\\\/\\\/regiaonews.net.br\\\/2022\\\/#\\\/schema\\\/logo\\\/image\\\/\"}},{\"@type\":\"Person\",\"@id\":\"https:\\\/\\\/regiaonews.net.br\\\/2022\\\/#\\\/schema\\\/person\\\/2d205a608a5aa97ac279d7a5e6d89ad8\",\"name\":\"Roberto\",\"image\":{\"@type\":\"ImageObject\",\"inLanguage\":\"pt-BR\",\"@id\":\"https:\\\/\\\/secure.gravatar.com\\\/avatar\\\/42749d8b712ff9d59ca93dc150494e5b55a44134482993f5baeb97e61b7ecc89?s=96&d=mm&r=g\",\"url\":\"https:\\\/\\\/secure.gravatar.com\\\/avatar\\\/42749d8b712ff9d59ca93dc150494e5b55a44134482993f5baeb97e61b7ecc89?s=96&d=mm&r=g\",\"contentUrl\":\"https:\\\/\\\/secure.gravatar.com\\\/avatar\\\/42749d8b712ff9d59ca93dc150494e5b55a44134482993f5baeb97e61b7ecc89?s=96&d=mm&r=g\",\"caption\":\"Roberto\"},\"url\":\"https:\\\/\\\/regiaonews.net.br\\\/2022\\\/author\\\/roberto\\\/\"}]}<\/script>\n<!-- \/ Yoast SEO plugin. -->","yoast_head_json":{"title":"C\u00e2mara entrega diplomas a integrantes de Companhias de Santos Reis de Barretos - Regi\u00e3o News","robots":{"index":"index","follow":"follow","max-snippet":"max-snippet:-1","max-image-preview":"max-image-preview:large","max-video-preview":"max-video-preview:-1"},"canonical":"https:\/\/regiaonews.net.br\/2022\/2024\/03\/02\/camara-entrega-diplomas-a-integrantes-de-companhias-de-santos-reis-de-barretos\/","og_locale":"pt_BR","og_type":"article","og_title":"C\u00e2mara entrega diplomas a integrantes de Companhias de Santos Reis de Barretos - Regi\u00e3o News","og_description":"Homenagem in\u00e9dita aconteceu em cumprimento \u00e0 Lei Municipal n\u00ba 6608\/2023,","og_url":"https:\/\/regiaonews.net.br\/2022\/2024\/03\/02\/camara-entrega-diplomas-a-integrantes-de-companhias-de-santos-reis-de-barretos\/","og_site_name":"Regi\u00e3o News","article_published_time":"2024-03-02T12:33:59+00:00","og_image":[{"width":616,"height":417,"url":"https:\/\/regiaonews.net.br\/2022\/wp-content\/uploads\/2024\/03\/WhatsApp-Image-2024-03-02-at-09.33.29.jpeg","type":"image\/jpeg"}],"author":"Roberto","twitter_card":"summary_large_image","twitter_misc":{"Escrito por":"Roberto","Est. tempo de leitura":"3 minutos"},"schema":{"@context":"https:\/\/schema.org","@graph":[{"@type":"Article","@id":"https:\/\/regiaonews.net.br\/2022\/2024\/03\/02\/camara-entrega-diplomas-a-integrantes-de-companhias-de-santos-reis-de-barretos\/#article","isPartOf":{"@id":"https:\/\/regiaonews.net.br\/2022\/2024\/03\/02\/camara-entrega-diplomas-a-integrantes-de-companhias-de-santos-reis-de-barretos\/"},"author":{"name":"Roberto","@id":"https:\/\/regiaonews.net.br\/2022\/#\/schema\/person\/2d205a608a5aa97ac279d7a5e6d89ad8"},"headline":"C\u00e2mara entrega diplomas a integrantes de Companhias de Santos Reis de Barretos","datePublished":"2024-03-02T12:33:59+00:00","mainEntityOfPage":{"@id":"https:\/\/regiaonews.net.br\/2022\/2024\/03\/02\/camara-entrega-diplomas-a-integrantes-de-companhias-de-santos-reis-de-barretos\/"},"wordCount":418,"commentCount":0,"publisher":{"@id":"https:\/\/regiaonews.net.br\/2022\/#organization"},"image":{"@id":"https:\/\/regiaonews.net.br\/2022\/2024\/03\/02\/camara-entrega-diplomas-a-integrantes-de-companhias-de-santos-reis-de-barretos\/#primaryimage"},"thumbnailUrl":"https:\/\/regiaonews.net.br\/2022\/wp-content\/uploads\/2024\/03\/WhatsApp-Image-2024-03-02-at-09.33.29.jpeg","articleSection":["Barretos","Pol\u00edtica"],"inLanguage":"pt-BR","potentialAction":[{"@type":"CommentAction","name":"Comment","target":["https:\/\/regiaonews.net.br\/2022\/2024\/03\/02\/camara-entrega-diplomas-a-integrantes-de-companhias-de-santos-reis-de-barretos\/#respond"]}]},{"@type":"WebPage","@id":"https:\/\/regiaonews.net.br\/2022\/2024\/03\/02\/camara-entrega-diplomas-a-integrantes-de-companhias-de-santos-reis-de-barretos\/","url":"https:\/\/regiaonews.net.br\/2022\/2024\/03\/02\/camara-entrega-diplomas-a-integrantes-de-companhias-de-santos-reis-de-barretos\/","name":"C\u00e2mara entrega diplomas a integrantes de Companhias de Santos Reis de Barretos - Regi\u00e3o News","isPartOf":{"@id":"https:\/\/regiaonews.net.br\/2022\/#website"},"primaryImageOfPage":{"@id":"https:\/\/regiaonews.net.br\/2022\/2024\/03\/02\/camara-entrega-diplomas-a-integrantes-de-companhias-de-santos-reis-de-barretos\/#primaryimage"},"image":{"@id":"https:\/\/regiaonews.net.br\/2022\/2024\/03\/02\/camara-entrega-diplomas-a-integrantes-de-companhias-de-santos-reis-de-barretos\/#primaryimage"},"thumbnailUrl":"https:\/\/regiaonews.net.br\/2022\/wp-content\/uploads\/2024\/03\/WhatsApp-Image-2024-03-02-at-09.33.29.jpeg","datePublished":"2024-03-02T12:33:59+00:00","breadcrumb":{"@id":"https:\/\/regiaonews.net.br\/2022\/2024\/03\/02\/camara-entrega-diplomas-a-integrantes-de-companhias-de-santos-reis-de-barretos\/#breadcrumb"},"inLanguage":"pt-BR","potentialAction":[{"@type":"ReadAction","target":["https:\/\/regiaonews.net.br\/2022\/2024\/03\/02\/camara-entrega-diplomas-a-integrantes-de-companhias-de-santos-reis-de-barretos\/"]}]},{"@type":"ImageObject","inLanguage":"pt-BR","@id":"https:\/\/regiaonews.net.br\/2022\/2024\/03\/02\/camara-entrega-diplomas-a-integrantes-de-companhias-de-santos-reis-de-barretos\/#primaryimage","url":"https:\/\/regiaonews.net.br\/2022\/wp-content\/uploads\/2024\/03\/WhatsApp-Image-2024-03-02-at-09.33.29.jpeg","contentUrl":"https:\/\/regiaonews.net.br\/2022\/wp-content\/uploads\/2024\/03\/WhatsApp-Image-2024-03-02-at-09.33.29.jpeg","width":616,"height":417},{"@type":"BreadcrumbList","@id":"https:\/\/regiaonews.net.br\/2022\/2024\/03\/02\/camara-entrega-diplomas-a-integrantes-de-companhias-de-santos-reis-de-barretos\/#breadcrumb","itemListElement":[{"@type":"ListItem","position":1,"name":"In\u00edcio","item":"https:\/\/regiaonews.net.br\/2022\/"},{"@type":"ListItem","position":2,"name":"C\u00e2mara entrega diplomas a integrantes de Companhias de Santos Reis de Barretos"}]},{"@type":"WebSite","@id":"https:\/\/regiaonews.net.br\/2022\/#website","url":"https:\/\/regiaonews.net.br\/2022\/","name":"Regi\u00e3o News","description":"Site de Not\u00edcias de Barretos e regi\u00e3o","publisher":{"@id":"https:\/\/regiaonews.net.br\/2022\/#organization"},"potentialAction":[{"@type":"SearchAction","target":{"@type":"EntryPoint","urlTemplate":"https:\/\/regiaonews.net.br\/2022\/?s={search_term_string}"},"query-input":{"@type":"PropertyValueSpecification","valueRequired":true,"valueName":"search_term_string"}}],"inLanguage":"pt-BR"},{"@type":"Organization","@id":"https:\/\/regiaonews.net.br\/2022\/#organization","name":"Regi\u00e3o News","url":"https:\/\/regiaonews.net.br\/2022\/","logo":{"@type":"ImageObject","inLanguage":"pt-BR","@id":"https:\/\/regiaonews.net.br\/2022\/#\/schema\/logo\/image\/","url":"https:\/\/regiaonews.net.br\/2022\/wp-content\/uploads\/2026\/03\/regiao-13-anos-scaled.jpg","contentUrl":"https:\/\/regiaonews.net.br\/2022\/wp-content\/uploads\/2026\/03\/regiao-13-anos-scaled.jpg","width":2560,"height":635,"caption":"Regi\u00e3o News"},"image":{"@id":"https:\/\/regiaonews.net.br\/2022\/#\/schema\/logo\/image\/"}},{"@type":"Person","@id":"https:\/\/regiaonews.net.br\/2022\/#\/schema\/person\/2d205a608a5aa97ac279d7a5e6d89ad8","name":"Roberto","image":{"@type":"ImageObject","inLanguage":"pt-BR","@id":"https:\/\/secure.gravatar.com\/avatar\/42749d8b712ff9d59ca93dc150494e5b55a44134482993f5baeb97e61b7ecc89?s=96&d=mm&r=g","url":"https:\/\/secure.gravatar.com\/avatar\/42749d8b712ff9d59ca93dc150494e5b55a44134482993f5baeb97e61b7ecc89?s=96&d=mm&r=g","contentUrl":"https:\/\/secure.gravatar.com\/avatar\/42749d8b712ff9d59ca93dc150494e5b55a44134482993f5baeb97e61b7ecc89?s=96&d=mm&r=g","caption":"Roberto"},"url":"https:\/\/regiaonews.net.br\/2022\/author\/roberto\/"}]}},"publishpress_future_action":{"enabled":false,"date":"2026-05-04 00:18:00","action":"change-status","newStatus":"draft","terms":[],"taxonomy":"category","extraData":[]},"publishpress_future_workflow_manual_trigger":{"enabledWorkflows":[]},"_links":{"self":[{"href":"https:\/\/regiaonews.net.br\/2022\/wp-json\/wp\/v2\/posts\/101940","targetHints":{"allow":["GET"]}}],"collection":[{"href":"https:\/\/regiaonews.net.br\/2022\/wp-json\/wp\/v2\/posts"}],"about":[{"href":"https:\/\/regiaonews.net.br\/2022\/wp-json\/wp\/v2\/types\/post"}],"author":[{"embeddable":true,"href":"https:\/\/regiaonews.net.br\/2022\/wp-json\/wp\/v2\/users\/2"}],"replies":[{"embeddable":true,"href":"https:\/\/regiaonews.net.br\/2022\/wp-json\/wp\/v2\/comments?post=101940"}],"version-history":[{"count":1,"href":"https:\/\/regiaonews.net.br\/2022\/wp-json\/wp\/v2\/posts\/101940\/revisions"}],"predecessor-version":[{"id":101942,"href":"https:\/\/regiaonews.net.br\/2022\/wp-json\/wp\/v2\/posts\/101940\/revisions\/101942"}],"wp:featuredmedia":[{"embeddable":true,"href":"https:\/\/regiaonews.net.br\/2022\/wp-json\/wp\/v2\/media\/101941"}],"wp:attachment":[{"href":"https:\/\/regiaonews.net.br\/2022\/wp-json\/wp\/v2\/media?parent=101940"}],"wp:term":[{"taxonomy":"category","embeddable":true,"href":"https:\/\/regiaonews.net.br\/2022\/wp-json\/wp\/v2\/categories?post=101940"},{"taxonomy":"post_tag","embeddable":true,"href":"https:\/\/regiaonews.net.br\/2022\/wp-json\/wp\/v2\/tags?post=101940"}],"curies":[{"name":"wp","href":"https:\/\/api.w.org\/{rel}","templated":true}]}}