{"id":101929,"date":"2024-03-02T09:12:24","date_gmt":"2024-03-02T12:12:24","guid":{"rendered":"https:\/\/regiaonews.net.br\/2022\/?p=101929"},"modified":"2024-03-02T09:12:24","modified_gmt":"2024-03-02T12:12:24","slug":"chegada-do-coelho-abre-o-periodo-de-pascoa-no-north-shopping-barretos","status":"publish","type":"post","link":"https:\/\/regiaonews.net.br\/2022\/2024\/03\/02\/chegada-do-coelho-abre-o-periodo-de-pascoa-no-north-shopping-barretos\/","title":{"rendered":"Chegada do Coelho abre o per\u00edodo de P\u00e1scoa no North Shopping Barretos"},"content":{"rendered":"<p>Programa\u00e7\u00e3o especial come\u00e7a neste domingo e durante o m\u00eas de mar\u00e7o ter\u00e1 oficinas, pintura facial, ca\u00e7a aos ovos e muito mais<\/p>\n<p>&nbsp;<\/p>\n<p>N\u00e3o s\u00e3o apenas as prateleiras das lojas do North Shopping Barretos que est\u00e3o repletas de ovos, chocolate, pel\u00facias e decora\u00e7\u00e3o; a programa\u00e7\u00e3o de P\u00e1scoa traz muitas atividades para os seus visitantes durante o m\u00eas de mar\u00e7o.<br \/>\nO per\u00edodo mais doce do ano traz din\u00e2micas como a &#8216;ca\u00e7a aos ovos&#8217;, oficinas de artes, pintura em ovos de gesso e a t\u00e3o aguardada chegada do Coelho de olhos vermelhos e pelagem branquinha, no centro de compras, neste domingo, 3 de mar\u00e7o, a partir das 16h.<br \/>\nAs atra\u00e7\u00f5es retornam no pr\u00f3ximo dia 10 de mar\u00e7o, \u00e0s 15h, com os personagens &#8216;Pato Donald e Margarida&#8217;, que estar\u00e3o nos corredores do shopping para sess\u00e3o de fotos e o entretenimento de todos os presentes.<br \/>\nNo s\u00e1bado e domingo 16 e 17 de mar\u00e7o respectivamente, sempre \u00e0s 15h, o centro de compras preparou uma oficina art\u00edstica de sacolinhas surpresas. J\u00e1 nos dias 23 e 24 de mar\u00e7o, tamb\u00e9m \u00e0s 15h, ser\u00e1 realizada outra oficina, agora de decora\u00e7\u00e3o de ovos de gesso e pintura facial. A tradicional e concorrida \u2018Ca\u00e7a aos Ovos&#8217;, o momento mais aguardado das crian\u00e7as esse ano ser\u00e1 feito em duas datas, sendo 29 de mar\u00e7o, \u00e0s 15h, para as crian\u00e7as de 5 a 8 anos. Para as crian\u00e7as maiores, de 9 a 12 anos, a atividade ser\u00e1 no dia 30 de mar\u00e7o, tamb\u00e9m a partir das 15h. Para a tranquilidade dos pais e respons\u00e1veis, todas as atividades contam com monitoria altamente capacitada e seguran\u00e7a do shopping.<br \/>\nAl\u00e9m da programa\u00e7\u00e3o especial, a 1 A 99, Cacau Show, Chocolates Brasil Cacau, Coala Cookies, Lojas Americanas e Savegnago est\u00e3o com os estoques abarrotados de ovos de P\u00e1scoa, de diversos tamanhos, sabores, recheados de bombons, de trufas e de brinquedos. Alguns dos ovos agora v\u00eam at\u00e9 com mochilas, fones de ouvido, estojos, copos personalizados, entre outros itens. Os adultos j\u00e1 preferem as famosas caixas de bombons ou as barras de chocolates, sejam elas de chocolate branco ou ao leite, light ou diet, meio amargo e amargo, com nozes, avel\u00e3, entre outros tipos de croc\u00e2ncias. No supermercado, \u00e9 poss\u00edvel encontrar as melhores marcas de chocolate. Al\u00e9m disso, tem tamb\u00e9m o tradicional bacalhau, peixes e bebidas, que n\u00e3o podem faltar no card\u00e1pio do almo\u00e7o da &#8220;Sexta-feira da Paix\u00e3o&#8221; e do &#8220;Domingo de P\u00e1scoa&#8221;, datas celebradas neste ano, respectivamente, nos dias 29 e 31 de mar\u00e7o. J\u00e1 a Casa Pedro Garcia abriu seu showroom de P\u00e1scoa no \u00faltimo dia 28 onde apresentou as principais tend\u00eancias e novidades para as mesas e decora\u00e7\u00e3o de ambientes.<\/p>\n","protected":false},"excerpt":{"rendered":"<p>Programa\u00e7\u00e3o especial come\u00e7a neste domingo e durante o m\u00eas de<\/p>\n","protected":false},"author":2,"featured_media":101930,"comment_status":"open","ping_status":"open","sticky":false,"template":"","format":"standard","meta":{"footnotes":""},"categories":[14,25],"tags":[],"class_list":["post-101929","post","type-post","status-publish","format-standard","has-post-thumbnail","hentry","category-barretos","category-cidades"],"yoast_head":"<!-- This site is optimized with the Yoast SEO plugin v27.4 - https:\/\/yoast.com\/product\/yoast-seo-wordpress\/ -->\n<title>Chegada do Coelho abre o per\u00edodo de P\u00e1scoa no North Shopping Barretos - Regi\u00e3o News<\/title>\n<meta name=\"robots\" content=\"index, follow, max-snippet:-1, max-image-preview:large, max-video-preview:-1\" \/>\n<link rel=\"canonical\" href=\"https:\/\/regiaonews.net.br\/2022\/2024\/03\/02\/chegada-do-coelho-abre-o-periodo-de-pascoa-no-north-shopping-barretos\/\" \/>\n<meta property=\"og:locale\" content=\"pt_BR\" \/>\n<meta property=\"og:type\" content=\"article\" \/>\n<meta property=\"og:title\" content=\"Chegada do Coelho abre o per\u00edodo de P\u00e1scoa no North Shopping Barretos - Regi\u00e3o News\" \/>\n<meta property=\"og:description\" content=\"Programa\u00e7\u00e3o especial come\u00e7a neste domingo e durante o m\u00eas de\" \/>\n<meta property=\"og:url\" content=\"https:\/\/regiaonews.net.br\/2022\/2024\/03\/02\/chegada-do-coelho-abre-o-periodo-de-pascoa-no-north-shopping-barretos\/\" \/>\n<meta property=\"og:site_name\" content=\"Regi\u00e3o News\" \/>\n<meta property=\"article:published_time\" content=\"2024-03-02T12:12:24+00:00\" \/>\n<meta property=\"og:image\" content=\"https:\/\/regiaonews.net.br\/2022\/wp-content\/uploads\/2024\/03\/WhatsApp-Image-2024-03-01-at-14.57.19-1.jpeg\" \/>\n\t<meta property=\"og:image:width\" content=\"1280\" \/>\n\t<meta property=\"og:image:height\" content=\"1280\" \/>\n\t<meta property=\"og:image:type\" content=\"image\/jpeg\" \/>\n<meta name=\"author\" content=\"Roberto\" \/>\n<meta name=\"twitter:card\" content=\"summary_large_image\" \/>\n<meta name=\"twitter:label1\" content=\"Escrito por\" \/>\n\t<meta name=\"twitter:data1\" content=\"Roberto\" \/>\n\t<meta name=\"twitter:label2\" content=\"Est. tempo de leitura\" \/>\n\t<meta name=\"twitter:data2\" content=\"3 minutos\" \/>\n<script type=\"application\/ld+json\" class=\"yoast-schema-graph\">{\"@context\":\"https:\\\/\\\/schema.org\",\"@graph\":[{\"@type\":\"Article\",\"@id\":\"https:\\\/\\\/regiaonews.net.br\\\/2022\\\/2024\\\/03\\\/02\\\/chegada-do-coelho-abre-o-periodo-de-pascoa-no-north-shopping-barretos\\\/#article\",\"isPartOf\":{\"@id\":\"https:\\\/\\\/regiaonews.net.br\\\/2022\\\/2024\\\/03\\\/02\\\/chegada-do-coelho-abre-o-periodo-de-pascoa-no-north-shopping-barretos\\\/\"},\"author\":{\"name\":\"Roberto\",\"@id\":\"https:\\\/\\\/regiaonews.net.br\\\/2022\\\/#\\\/schema\\\/person\\\/2d205a608a5aa97ac279d7a5e6d89ad8\"},\"headline\":\"Chegada do Coelho abre o per\u00edodo de P\u00e1scoa no North Shopping Barretos\",\"datePublished\":\"2024-03-02T12:12:24+00:00\",\"mainEntityOfPage\":{\"@id\":\"https:\\\/\\\/regiaonews.net.br\\\/2022\\\/2024\\\/03\\\/02\\\/chegada-do-coelho-abre-o-periodo-de-pascoa-no-north-shopping-barretos\\\/\"},\"wordCount\":488,\"commentCount\":0,\"publisher\":{\"@id\":\"https:\\\/\\\/regiaonews.net.br\\\/2022\\\/#organization\"},\"image\":{\"@id\":\"https:\\\/\\\/regiaonews.net.br\\\/2022\\\/2024\\\/03\\\/02\\\/chegada-do-coelho-abre-o-periodo-de-pascoa-no-north-shopping-barretos\\\/#primaryimage\"},\"thumbnailUrl\":\"https:\\\/\\\/regiaonews.net.br\\\/2022\\\/wp-content\\\/uploads\\\/2024\\\/03\\\/WhatsApp-Image-2024-03-01-at-14.57.19-1.jpeg\",\"articleSection\":[\"Barretos\",\"Cidades\"],\"inLanguage\":\"pt-BR\",\"potentialAction\":[{\"@type\":\"CommentAction\",\"name\":\"Comment\",\"target\":[\"https:\\\/\\\/regiaonews.net.br\\\/2022\\\/2024\\\/03\\\/02\\\/chegada-do-coelho-abre-o-periodo-de-pascoa-no-north-shopping-barretos\\\/#respond\"]}]},{\"@type\":\"WebPage\",\"@id\":\"https:\\\/\\\/regiaonews.net.br\\\/2022\\\/2024\\\/03\\\/02\\\/chegada-do-coelho-abre-o-periodo-de-pascoa-no-north-shopping-barretos\\\/\",\"url\":\"https:\\\/\\\/regiaonews.net.br\\\/2022\\\/2024\\\/03\\\/02\\\/chegada-do-coelho-abre-o-periodo-de-pascoa-no-north-shopping-barretos\\\/\",\"name\":\"Chegada do Coelho abre o per\u00edodo de P\u00e1scoa no North Shopping Barretos - Regi\u00e3o News\",\"isPartOf\":{\"@id\":\"https:\\\/\\\/regiaonews.net.br\\\/2022\\\/#website\"},\"primaryImageOfPage\":{\"@id\":\"https:\\\/\\\/regiaonews.net.br\\\/2022\\\/2024\\\/03\\\/02\\\/chegada-do-coelho-abre-o-periodo-de-pascoa-no-north-shopping-barretos\\\/#primaryimage\"},\"image\":{\"@id\":\"https:\\\/\\\/regiaonews.net.br\\\/2022\\\/2024\\\/03\\\/02\\\/chegada-do-coelho-abre-o-periodo-de-pascoa-no-north-shopping-barretos\\\/#primaryimage\"},\"thumbnailUrl\":\"https:\\\/\\\/regiaonews.net.br\\\/2022\\\/wp-content\\\/uploads\\\/2024\\\/03\\\/WhatsApp-Image-2024-03-01-at-14.57.19-1.jpeg\",\"datePublished\":\"2024-03-02T12:12:24+00:00\",\"breadcrumb\":{\"@id\":\"https:\\\/\\\/regiaonews.net.br\\\/2022\\\/2024\\\/03\\\/02\\\/chegada-do-coelho-abre-o-periodo-de-pascoa-no-north-shopping-barretos\\\/#breadcrumb\"},\"inLanguage\":\"pt-BR\",\"potentialAction\":[{\"@type\":\"ReadAction\",\"target\":[\"https:\\\/\\\/regiaonews.net.br\\\/2022\\\/2024\\\/03\\\/02\\\/chegada-do-coelho-abre-o-periodo-de-pascoa-no-north-shopping-barretos\\\/\"]}]},{\"@type\":\"ImageObject\",\"inLanguage\":\"pt-BR\",\"@id\":\"https:\\\/\\\/regiaonews.net.br\\\/2022\\\/2024\\\/03\\\/02\\\/chegada-do-coelho-abre-o-periodo-de-pascoa-no-north-shopping-barretos\\\/#primaryimage\",\"url\":\"https:\\\/\\\/regiaonews.net.br\\\/2022\\\/wp-content\\\/uploads\\\/2024\\\/03\\\/WhatsApp-Image-2024-03-01-at-14.57.19-1.jpeg\",\"contentUrl\":\"https:\\\/\\\/regiaonews.net.br\\\/2022\\\/wp-content\\\/uploads\\\/2024\\\/03\\\/WhatsApp-Image-2024-03-01-at-14.57.19-1.jpeg\",\"width\":1280,\"height\":1280},{\"@type\":\"BreadcrumbList\",\"@id\":\"https:\\\/\\\/regiaonews.net.br\\\/2022\\\/2024\\\/03\\\/02\\\/chegada-do-coelho-abre-o-periodo-de-pascoa-no-north-shopping-barretos\\\/#breadcrumb\",\"itemListElement\":[{\"@type\":\"ListItem\",\"position\":1,\"name\":\"In\u00edcio\",\"item\":\"https:\\\/\\\/regiaonews.net.br\\\/2022\\\/\"},{\"@type\":\"ListItem\",\"position\":2,\"name\":\"Chegada do Coelho abre o per\u00edodo de P\u00e1scoa no North Shopping Barretos\"}]},{\"@type\":\"WebSite\",\"@id\":\"https:\\\/\\\/regiaonews.net.br\\\/2022\\\/#website\",\"url\":\"https:\\\/\\\/regiaonews.net.br\\\/2022\\\/\",\"name\":\"Regi\u00e3o News\",\"description\":\"Site de Not\u00edcias de Barretos e regi\u00e3o\",\"publisher\":{\"@id\":\"https:\\\/\\\/regiaonews.net.br\\\/2022\\\/#organization\"},\"potentialAction\":[{\"@type\":\"SearchAction\",\"target\":{\"@type\":\"EntryPoint\",\"urlTemplate\":\"https:\\\/\\\/regiaonews.net.br\\\/2022\\\/?s={search_term_string}\"},\"query-input\":{\"@type\":\"PropertyValueSpecification\",\"valueRequired\":true,\"valueName\":\"search_term_string\"}}],\"inLanguage\":\"pt-BR\"},{\"@type\":\"Organization\",\"@id\":\"https:\\\/\\\/regiaonews.net.br\\\/2022\\\/#organization\",\"name\":\"Regi\u00e3o News\",\"url\":\"https:\\\/\\\/regiaonews.net.br\\\/2022\\\/\",\"logo\":{\"@type\":\"ImageObject\",\"inLanguage\":\"pt-BR\",\"@id\":\"https:\\\/\\\/regiaonews.net.br\\\/2022\\\/#\\\/schema\\\/logo\\\/image\\\/\",\"url\":\"https:\\\/\\\/regiaonews.net.br\\\/2022\\\/wp-content\\\/uploads\\\/2026\\\/03\\\/regiao-13-anos-scaled.jpg\",\"contentUrl\":\"https:\\\/\\\/regiaonews.net.br\\\/2022\\\/wp-content\\\/uploads\\\/2026\\\/03\\\/regiao-13-anos-scaled.jpg\",\"width\":2560,\"height\":635,\"caption\":\"Regi\u00e3o News\"},\"image\":{\"@id\":\"https:\\\/\\\/regiaonews.net.br\\\/2022\\\/#\\\/schema\\\/logo\\\/image\\\/\"}},{\"@type\":\"Person\",\"@id\":\"https:\\\/\\\/regiaonews.net.br\\\/2022\\\/#\\\/schema\\\/person\\\/2d205a608a5aa97ac279d7a5e6d89ad8\",\"name\":\"Roberto\",\"image\":{\"@type\":\"ImageObject\",\"inLanguage\":\"pt-BR\",\"@id\":\"https:\\\/\\\/secure.gravatar.com\\\/avatar\\\/42749d8b712ff9d59ca93dc150494e5b55a44134482993f5baeb97e61b7ecc89?s=96&d=mm&r=g\",\"url\":\"https:\\\/\\\/secure.gravatar.com\\\/avatar\\\/42749d8b712ff9d59ca93dc150494e5b55a44134482993f5baeb97e61b7ecc89?s=96&d=mm&r=g\",\"contentUrl\":\"https:\\\/\\\/secure.gravatar.com\\\/avatar\\\/42749d8b712ff9d59ca93dc150494e5b55a44134482993f5baeb97e61b7ecc89?s=96&d=mm&r=g\",\"caption\":\"Roberto\"},\"url\":\"https:\\\/\\\/regiaonews.net.br\\\/2022\\\/author\\\/roberto\\\/\"}]}<\/script>\n<!-- \/ Yoast SEO plugin. -->","yoast_head_json":{"title":"Chegada do Coelho abre o per\u00edodo de P\u00e1scoa no North Shopping Barretos - Regi\u00e3o News","robots":{"index":"index","follow":"follow","max-snippet":"max-snippet:-1","max-image-preview":"max-image-preview:large","max-video-preview":"max-video-preview:-1"},"canonical":"https:\/\/regiaonews.net.br\/2022\/2024\/03\/02\/chegada-do-coelho-abre-o-periodo-de-pascoa-no-north-shopping-barretos\/","og_locale":"pt_BR","og_type":"article","og_title":"Chegada do Coelho abre o per\u00edodo de P\u00e1scoa no North Shopping Barretos - Regi\u00e3o News","og_description":"Programa\u00e7\u00e3o especial come\u00e7a neste domingo e durante o m\u00eas de","og_url":"https:\/\/regiaonews.net.br\/2022\/2024\/03\/02\/chegada-do-coelho-abre-o-periodo-de-pascoa-no-north-shopping-barretos\/","og_site_name":"Regi\u00e3o News","article_published_time":"2024-03-02T12:12:24+00:00","og_image":[{"width":1280,"height":1280,"url":"https:\/\/regiaonews.net.br\/2022\/wp-content\/uploads\/2024\/03\/WhatsApp-Image-2024-03-01-at-14.57.19-1.jpeg","type":"image\/jpeg"}],"author":"Roberto","twitter_card":"summary_large_image","twitter_misc":{"Escrito por":"Roberto","Est. tempo de leitura":"3 minutos"},"schema":{"@context":"https:\/\/schema.org","@graph":[{"@type":"Article","@id":"https:\/\/regiaonews.net.br\/2022\/2024\/03\/02\/chegada-do-coelho-abre-o-periodo-de-pascoa-no-north-shopping-barretos\/#article","isPartOf":{"@id":"https:\/\/regiaonews.net.br\/2022\/2024\/03\/02\/chegada-do-coelho-abre-o-periodo-de-pascoa-no-north-shopping-barretos\/"},"author":{"name":"Roberto","@id":"https:\/\/regiaonews.net.br\/2022\/#\/schema\/person\/2d205a608a5aa97ac279d7a5e6d89ad8"},"headline":"Chegada do Coelho abre o per\u00edodo de P\u00e1scoa no North Shopping Barretos","datePublished":"2024-03-02T12:12:24+00:00","mainEntityOfPage":{"@id":"https:\/\/regiaonews.net.br\/2022\/2024\/03\/02\/chegada-do-coelho-abre-o-periodo-de-pascoa-no-north-shopping-barretos\/"},"wordCount":488,"commentCount":0,"publisher":{"@id":"https:\/\/regiaonews.net.br\/2022\/#organization"},"image":{"@id":"https:\/\/regiaonews.net.br\/2022\/2024\/03\/02\/chegada-do-coelho-abre-o-periodo-de-pascoa-no-north-shopping-barretos\/#primaryimage"},"thumbnailUrl":"https:\/\/regiaonews.net.br\/2022\/wp-content\/uploads\/2024\/03\/WhatsApp-Image-2024-03-01-at-14.57.19-1.jpeg","articleSection":["Barretos","Cidades"],"inLanguage":"pt-BR","potentialAction":[{"@type":"CommentAction","name":"Comment","target":["https:\/\/regiaonews.net.br\/2022\/2024\/03\/02\/chegada-do-coelho-abre-o-periodo-de-pascoa-no-north-shopping-barretos\/#respond"]}]},{"@type":"WebPage","@id":"https:\/\/regiaonews.net.br\/2022\/2024\/03\/02\/chegada-do-coelho-abre-o-periodo-de-pascoa-no-north-shopping-barretos\/","url":"https:\/\/regiaonews.net.br\/2022\/2024\/03\/02\/chegada-do-coelho-abre-o-periodo-de-pascoa-no-north-shopping-barretos\/","name":"Chegada do Coelho abre o per\u00edodo de P\u00e1scoa no North Shopping Barretos - Regi\u00e3o News","isPartOf":{"@id":"https:\/\/regiaonews.net.br\/2022\/#website"},"primaryImageOfPage":{"@id":"https:\/\/regiaonews.net.br\/2022\/2024\/03\/02\/chegada-do-coelho-abre-o-periodo-de-pascoa-no-north-shopping-barretos\/#primaryimage"},"image":{"@id":"https:\/\/regiaonews.net.br\/2022\/2024\/03\/02\/chegada-do-coelho-abre-o-periodo-de-pascoa-no-north-shopping-barretos\/#primaryimage"},"thumbnailUrl":"https:\/\/regiaonews.net.br\/2022\/wp-content\/uploads\/2024\/03\/WhatsApp-Image-2024-03-01-at-14.57.19-1.jpeg","datePublished":"2024-03-02T12:12:24+00:00","breadcrumb":{"@id":"https:\/\/regiaonews.net.br\/2022\/2024\/03\/02\/chegada-do-coelho-abre-o-periodo-de-pascoa-no-north-shopping-barretos\/#breadcrumb"},"inLanguage":"pt-BR","potentialAction":[{"@type":"ReadAction","target":["https:\/\/regiaonews.net.br\/2022\/2024\/03\/02\/chegada-do-coelho-abre-o-periodo-de-pascoa-no-north-shopping-barretos\/"]}]},{"@type":"ImageObject","inLanguage":"pt-BR","@id":"https:\/\/regiaonews.net.br\/2022\/2024\/03\/02\/chegada-do-coelho-abre-o-periodo-de-pascoa-no-north-shopping-barretos\/#primaryimage","url":"https:\/\/regiaonews.net.br\/2022\/wp-content\/uploads\/2024\/03\/WhatsApp-Image-2024-03-01-at-14.57.19-1.jpeg","contentUrl":"https:\/\/regiaonews.net.br\/2022\/wp-content\/uploads\/2024\/03\/WhatsApp-Image-2024-03-01-at-14.57.19-1.jpeg","width":1280,"height":1280},{"@type":"BreadcrumbList","@id":"https:\/\/regiaonews.net.br\/2022\/2024\/03\/02\/chegada-do-coelho-abre-o-periodo-de-pascoa-no-north-shopping-barretos\/#breadcrumb","itemListElement":[{"@type":"ListItem","position":1,"name":"In\u00edcio","item":"https:\/\/regiaonews.net.br\/2022\/"},{"@type":"ListItem","position":2,"name":"Chegada do Coelho abre o per\u00edodo de P\u00e1scoa no North Shopping Barretos"}]},{"@type":"WebSite","@id":"https:\/\/regiaonews.net.br\/2022\/#website","url":"https:\/\/regiaonews.net.br\/2022\/","name":"Regi\u00e3o News","description":"Site de Not\u00edcias de Barretos e regi\u00e3o","publisher":{"@id":"https:\/\/regiaonews.net.br\/2022\/#organization"},"potentialAction":[{"@type":"SearchAction","target":{"@type":"EntryPoint","urlTemplate":"https:\/\/regiaonews.net.br\/2022\/?s={search_term_string}"},"query-input":{"@type":"PropertyValueSpecification","valueRequired":true,"valueName":"search_term_string"}}],"inLanguage":"pt-BR"},{"@type":"Organization","@id":"https:\/\/regiaonews.net.br\/2022\/#organization","name":"Regi\u00e3o News","url":"https:\/\/regiaonews.net.br\/2022\/","logo":{"@type":"ImageObject","inLanguage":"pt-BR","@id":"https:\/\/regiaonews.net.br\/2022\/#\/schema\/logo\/image\/","url":"https:\/\/regiaonews.net.br\/2022\/wp-content\/uploads\/2026\/03\/regiao-13-anos-scaled.jpg","contentUrl":"https:\/\/regiaonews.net.br\/2022\/wp-content\/uploads\/2026\/03\/regiao-13-anos-scaled.jpg","width":2560,"height":635,"caption":"Regi\u00e3o News"},"image":{"@id":"https:\/\/regiaonews.net.br\/2022\/#\/schema\/logo\/image\/"}},{"@type":"Person","@id":"https:\/\/regiaonews.net.br\/2022\/#\/schema\/person\/2d205a608a5aa97ac279d7a5e6d89ad8","name":"Roberto","image":{"@type":"ImageObject","inLanguage":"pt-BR","@id":"https:\/\/secure.gravatar.com\/avatar\/42749d8b712ff9d59ca93dc150494e5b55a44134482993f5baeb97e61b7ecc89?s=96&d=mm&r=g","url":"https:\/\/secure.gravatar.com\/avatar\/42749d8b712ff9d59ca93dc150494e5b55a44134482993f5baeb97e61b7ecc89?s=96&d=mm&r=g","contentUrl":"https:\/\/secure.gravatar.com\/avatar\/42749d8b712ff9d59ca93dc150494e5b55a44134482993f5baeb97e61b7ecc89?s=96&d=mm&r=g","caption":"Roberto"},"url":"https:\/\/regiaonews.net.br\/2022\/author\/roberto\/"}]}},"publishpress_future_action":{"enabled":false,"date":"2026-05-03 21:12:42","action":"change-status","newStatus":"draft","terms":[],"taxonomy":"category","extraData":[]},"publishpress_future_workflow_manual_trigger":{"enabledWorkflows":[]},"_links":{"self":[{"href":"https:\/\/regiaonews.net.br\/2022\/wp-json\/wp\/v2\/posts\/101929","targetHints":{"allow":["GET"]}}],"collection":[{"href":"https:\/\/regiaonews.net.br\/2022\/wp-json\/wp\/v2\/posts"}],"about":[{"href":"https:\/\/regiaonews.net.br\/2022\/wp-json\/wp\/v2\/types\/post"}],"author":[{"embeddable":true,"href":"https:\/\/regiaonews.net.br\/2022\/wp-json\/wp\/v2\/users\/2"}],"replies":[{"embeddable":true,"href":"https:\/\/regiaonews.net.br\/2022\/wp-json\/wp\/v2\/comments?post=101929"}],"version-history":[{"count":1,"href":"https:\/\/regiaonews.net.br\/2022\/wp-json\/wp\/v2\/posts\/101929\/revisions"}],"predecessor-version":[{"id":101931,"href":"https:\/\/regiaonews.net.br\/2022\/wp-json\/wp\/v2\/posts\/101929\/revisions\/101931"}],"wp:featuredmedia":[{"embeddable":true,"href":"https:\/\/regiaonews.net.br\/2022\/wp-json\/wp\/v2\/media\/101930"}],"wp:attachment":[{"href":"https:\/\/regiaonews.net.br\/2022\/wp-json\/wp\/v2\/media?parent=101929"}],"wp:term":[{"taxonomy":"category","embeddable":true,"href":"https:\/\/regiaonews.net.br\/2022\/wp-json\/wp\/v2\/categories?post=101929"},{"taxonomy":"post_tag","embeddable":true,"href":"https:\/\/regiaonews.net.br\/2022\/wp-json\/wp\/v2\/tags?post=101929"}],"curies":[{"name":"wp","href":"https:\/\/api.w.org\/{rel}","templated":true}]}}