{"id":101919,"date":"2024-03-01T21:07:12","date_gmt":"2024-03-02T00:07:12","guid":{"rendered":"https:\/\/regiaonews.net.br\/2022\/?p=101919"},"modified":"2024-03-01T21:07:12","modified_gmt":"2024-03-02T00:07:12","slug":"barretos-se-mobiliza-em-dia-d-contra-dengue","status":"publish","type":"post","link":"https:\/\/regiaonews.net.br\/2022\/2024\/03\/01\/barretos-se-mobiliza-em-dia-d-contra-dengue\/","title":{"rendered":"Barretos se mobiliza em &#8220;Dia D\u201d contra dengue"},"content":{"rendered":"<p>Profissionais da Sa\u00fade, da Educa\u00e7\u00e3o e 13 mil alunos da Rede Municipal se mobilizam em a\u00e7\u00f5es de conscientiza\u00e7\u00e3o e elimina\u00e7\u00e3o de criadouros do Aedes aegypti<\/p>\n<p>A Prefeitura da Est\u00e2ncia Tur\u00edstica da Est\u00e2ncia e Barretos refor\u00e7ou nesta sexta-feira, dia 1\u00ba, a mobiliza\u00e7\u00e3o no combate ao mosquito transmissor da dengue, chikungunya e Zika. Neste \u201cDia D\u201d em todo o estado contra o Aedes aegypti, atividades de conscientiza\u00e7\u00e3o sobre as formas de eliminar criadouros foram realizadas com os 13 mil alunos da Rede Municipal de Ensino, nas 22 Escolas Municipais e 29 Centros Municipais de Educa\u00e7\u00e3o Infantil (CEMEIs) com passeatas pelas ruas de Barretos, palestras, apresenta\u00e7\u00f5es teatrais, jogos educativos e ca\u00e7adas a criadouros do mosquito. Em todas as Unidades B\u00e1sicas de Sa\u00fade (UBSs), os profissionais refor\u00e7aram na sala de espera a conscientiza\u00e7\u00e3o sobre a import\u00e2ncia de n\u00e3o deixar \u00e1gua parada.<br \/>\nGra\u00e7a Lemos, secret\u00e1ria municipal de Sa\u00fade, acompanhou as a\u00e7\u00f5es logo no in\u00edcio da manh\u00e3 no Bairro Barretos II, onde professores e funcion\u00e1rios de quatro escolas se juntaram em uma mobiliza\u00e7\u00e3o que envolveu 800 alunos. \u201cN\u00f3s j\u00e1 estamos realizando um trabalho constante com a mobiliza\u00e7\u00e3o de v\u00e1rias secretarias reunidas com a Sa\u00fade nessa miss\u00e3o de combater \u00e0 dengue em nossa cidade. Agora levamos \u00e0 Educa\u00e7\u00e3o esse chamado e prontamente toda a rede municipal de ensino se mobilizou\u201d, ressaltou.<br \/>\n\u201cA contribui\u00e7\u00e3o das crian\u00e7as \u00e9 muito importante. Elas levam essa conscientiza\u00e7\u00e3o para dentro de casa, para os pais. \u00c9 justamente dentro de casa e em seus quintais que precisamos que as pessoas dediquem cuidados 10 minutinhos por semana, eliminando criadouros do mosquito transmissor da doen\u00e7a\u201d, refor\u00e7ou Gra\u00e7a.<br \/>\nRepresentando a secret\u00e1ria municipal de Educa\u00e7\u00e3o, J\u00e9ssica Maria dos Santos, as supervisoras de ensino Ana Carolina Spindola, D\u00e9bora Schenek e Thaismara Alonso, tamb\u00e9m estiveram presentes nessa mobiliza\u00e7\u00e3o.<br \/>\nO mosquito Aedes aegypti se reproduz em \u00e1gua parada, portanto, \u00e9 preciso eliminar qualquer forma que possa servir de criadouro: tampinha de garrafa, pneu, caixa d\u2019\u00e1gua destampada.<\/p>\n<p>Participa\u00e7\u00e3o na mobiliza\u00e7\u00e3o<br \/>\nDa porta de sua casa, o aposentado Jair Alves acompanhou a passeata dos estudantes pelo Barretos II e recebeu um folheto informativo entregue por uma das crian\u00e7as. \u201cMeus dois netos s\u00e3o estudantes e est\u00e3o a\u00ed participando. A Prefeitura est\u00e1 de parab\u00e9ns por essa a\u00e7\u00e3o, conscientizando as crian\u00e7as, que v\u00e3o passar esse chamado tamb\u00e9m para os pais\u201d, disse.<br \/>\nInspetora de alunos na rede h\u00e1 dois anos, \u00e9 a primeira vez que Roseli Polizelli acompanha os alunos em uma a\u00e7\u00e3o como esta. \u201cAs crian\u00e7as s\u00e3o as que mais passam a mensagem, n\u00e9? Por isso, \u00e9 muito importante essa a\u00e7\u00e3o. E no dia a dia das escolas as professoras e todos n\u00f3s funcion\u00e1rios falamos bastante sobre a import\u00e2ncia de eliminar objetos que acumulam \u00e1gua. Tamb\u00e9m conferimos sempre a \u00e1rea das escolas\u201d, destacou.<\/p>\n<p>A\u00e7\u00e3o nas UBSs e de casa em casa<br \/>\nA mobiliza\u00e7\u00e3o realizada em Barretos nesta sexta-feira foi proposta pelo Governo do Estado que, por meio do Centro de Opera\u00e7\u00f5es de Emerg\u00eancias (COE), orientou a\u00e7\u00f5es nas 645 cidades paulistas. Na rede municipal de Sa\u00fade, foram realizadas palestras e entrega de panfletos na sala de espera de todas as UBSs da cidade.<br \/>\nOs agentes de controle de vetores seguiram empenhados como t\u00eam feito em todos os dias de trabalho e realizaram varredura de casa em casa concluindo essa a\u00e7\u00e3o nos bairros Pimenta e Santana. A varredura tamb\u00e9m foi realizada no bairro Clementina, onde continua na segunda-feira.<br \/>\nAinda nesta sexta-feira, no fim da tarde, foi realizada a quarta reuni\u00e3o da Sala de Arboviroses, em que representantes das Secretarias Municipais de Obras, Ordem P\u00fablica; Agricultura, Meio Ambiente e Sustentabilidade, Comunica\u00e7\u00e3o e Educa\u00e7\u00e3o e do SAAE apresentam na Secretaria Municipal de Sa\u00fade para a coordena\u00e7\u00e3o da Vigil\u00e2ncia Epidemiol\u00f3gica Municipal que a\u00e7\u00f5es v\u00eam realizando e quais os pr\u00f3ximos passos para o combate em conjunto aos criadouros do Aedes aegypti.<\/p>\n<p>Atendimentos e Dengue 100 d\u00favidas<br \/>\nPessoas que apresentam sintomas de dengue e outras arboviroses podem procurar qualquer UBS da cidade ou buscar atendimento pelo Telessa\u00fade Tamb\u00e9m pode ser procurada a Unidade de Pronto Atendimento (UPA), a qual mant\u00e9m atendimento 24h.<br \/>\nNas unidades dos bairros Mar\u00edlia e Barretos II, o atendimento de segunda a sexta-feira \u00e9 at\u00e9 22h. Aos s\u00e1bados, as unidades dos bairros Am\u00e9rica, Christiano Carvalho e S\u00e3o Francisco abrem das 7 \u00e0s 12h para atendimentos inadi\u00e1veis.<br \/>\nPara ser atendido pelo Telessa\u00fade e, se for o caso, receber o encaminhamento para o exame de dengue e chikungunya, o paciente deve mandar uma mensagem para o WhatsApp (17) 3612-0003. Dentro de instantes, um atendente iniciar\u00e1 a triagem. O Telessa\u00fade funciona de segunda a sexta-feira das 7 \u00e0s 17h.<br \/>\nO Governo do Estado, por meio da Secretaria de Estado da Sa\u00fade, lan\u00e7ou nos \u00faltimos dias o portal \u201cDengue 100 D\u00favidas\u201d com as cem perguntas mais frequentes sobre dengue, zika e chikungunya nos buscadores da internet. A ferramenta desmistifica as informa\u00e7\u00f5es falsas que circulam nas redes sociais e orienta a popula\u00e7\u00e3o sobre as doen\u00e7as. O acesso est\u00e1 dispon\u00edvel no link: www.dengue100duvidas.sp.gov.br<\/p>\n","protected":false},"excerpt":{"rendered":"<p>Profissionais da Sa\u00fade, da Educa\u00e7\u00e3o e 13 mil alunos da<\/p>\n","protected":false},"author":2,"featured_media":101920,"comment_status":"open","ping_status":"open","sticky":false,"template":"","format":"standard","meta":{"footnotes":""},"categories":[14,25],"tags":[],"class_list":["post-101919","post","type-post","status-publish","format-standard","has-post-thumbnail","hentry","category-barretos","category-cidades"],"yoast_head":"<!-- This site is optimized with the Yoast SEO plugin v27.4 - https:\/\/yoast.com\/product\/yoast-seo-wordpress\/ -->\n<title>Barretos se mobiliza em &quot;Dia D\u201d contra dengue - Regi\u00e3o News<\/title>\n<meta name=\"robots\" content=\"index, follow, max-snippet:-1, max-image-preview:large, max-video-preview:-1\" \/>\n<link rel=\"canonical\" href=\"https:\/\/regiaonews.net.br\/2022\/2024\/03\/01\/barretos-se-mobiliza-em-dia-d-contra-dengue\/\" \/>\n<meta property=\"og:locale\" content=\"pt_BR\" \/>\n<meta property=\"og:type\" content=\"article\" \/>\n<meta property=\"og:title\" content=\"Barretos se mobiliza em &quot;Dia D\u201d contra dengue - Regi\u00e3o News\" \/>\n<meta property=\"og:description\" content=\"Profissionais da Sa\u00fade, da Educa\u00e7\u00e3o e 13 mil alunos da\" \/>\n<meta property=\"og:url\" content=\"https:\/\/regiaonews.net.br\/2022\/2024\/03\/01\/barretos-se-mobiliza-em-dia-d-contra-dengue\/\" \/>\n<meta property=\"og:site_name\" content=\"Regi\u00e3o News\" \/>\n<meta property=\"article:published_time\" content=\"2024-03-02T00:07:12+00:00\" \/>\n<meta property=\"og:image\" content=\"https:\/\/regiaonews.net.br\/2022\/wp-content\/uploads\/2024\/03\/WhatsApp-Image-2024-03-01-at-17.58.34-1.jpeg\" \/>\n\t<meta property=\"og:image:width\" content=\"1600\" \/>\n\t<meta property=\"og:image:height\" content=\"1067\" \/>\n\t<meta property=\"og:image:type\" content=\"image\/jpeg\" \/>\n<meta name=\"author\" content=\"Roberto\" \/>\n<meta name=\"twitter:card\" content=\"summary_large_image\" \/>\n<meta name=\"twitter:label1\" content=\"Escrito por\" \/>\n\t<meta name=\"twitter:data1\" content=\"Roberto\" \/>\n\t<meta name=\"twitter:label2\" content=\"Est. tempo de leitura\" \/>\n\t<meta name=\"twitter:data2\" content=\"5 minutos\" \/>\n<script type=\"application\/ld+json\" class=\"yoast-schema-graph\">{\"@context\":\"https:\\\/\\\/schema.org\",\"@graph\":[{\"@type\":\"Article\",\"@id\":\"https:\\\/\\\/regiaonews.net.br\\\/2022\\\/2024\\\/03\\\/01\\\/barretos-se-mobiliza-em-dia-d-contra-dengue\\\/#article\",\"isPartOf\":{\"@id\":\"https:\\\/\\\/regiaonews.net.br\\\/2022\\\/2024\\\/03\\\/01\\\/barretos-se-mobiliza-em-dia-d-contra-dengue\\\/\"},\"author\":{\"name\":\"Roberto\",\"@id\":\"https:\\\/\\\/regiaonews.net.br\\\/2022\\\/#\\\/schema\\\/person\\\/2d205a608a5aa97ac279d7a5e6d89ad8\"},\"headline\":\"Barretos se mobiliza em &#8220;Dia D\u201d contra dengue\",\"datePublished\":\"2024-03-02T00:07:12+00:00\",\"mainEntityOfPage\":{\"@id\":\"https:\\\/\\\/regiaonews.net.br\\\/2022\\\/2024\\\/03\\\/01\\\/barretos-se-mobiliza-em-dia-d-contra-dengue\\\/\"},\"wordCount\":901,\"commentCount\":0,\"publisher\":{\"@id\":\"https:\\\/\\\/regiaonews.net.br\\\/2022\\\/#organization\"},\"image\":{\"@id\":\"https:\\\/\\\/regiaonews.net.br\\\/2022\\\/2024\\\/03\\\/01\\\/barretos-se-mobiliza-em-dia-d-contra-dengue\\\/#primaryimage\"},\"thumbnailUrl\":\"https:\\\/\\\/regiaonews.net.br\\\/2022\\\/wp-content\\\/uploads\\\/2024\\\/03\\\/WhatsApp-Image-2024-03-01-at-17.58.34-1.jpeg\",\"articleSection\":[\"Barretos\",\"Cidades\"],\"inLanguage\":\"pt-BR\",\"potentialAction\":[{\"@type\":\"CommentAction\",\"name\":\"Comment\",\"target\":[\"https:\\\/\\\/regiaonews.net.br\\\/2022\\\/2024\\\/03\\\/01\\\/barretos-se-mobiliza-em-dia-d-contra-dengue\\\/#respond\"]}]},{\"@type\":\"WebPage\",\"@id\":\"https:\\\/\\\/regiaonews.net.br\\\/2022\\\/2024\\\/03\\\/01\\\/barretos-se-mobiliza-em-dia-d-contra-dengue\\\/\",\"url\":\"https:\\\/\\\/regiaonews.net.br\\\/2022\\\/2024\\\/03\\\/01\\\/barretos-se-mobiliza-em-dia-d-contra-dengue\\\/\",\"name\":\"Barretos se mobiliza em \\\"Dia D\u201d contra dengue - Regi\u00e3o News\",\"isPartOf\":{\"@id\":\"https:\\\/\\\/regiaonews.net.br\\\/2022\\\/#website\"},\"primaryImageOfPage\":{\"@id\":\"https:\\\/\\\/regiaonews.net.br\\\/2022\\\/2024\\\/03\\\/01\\\/barretos-se-mobiliza-em-dia-d-contra-dengue\\\/#primaryimage\"},\"image\":{\"@id\":\"https:\\\/\\\/regiaonews.net.br\\\/2022\\\/2024\\\/03\\\/01\\\/barretos-se-mobiliza-em-dia-d-contra-dengue\\\/#primaryimage\"},\"thumbnailUrl\":\"https:\\\/\\\/regiaonews.net.br\\\/2022\\\/wp-content\\\/uploads\\\/2024\\\/03\\\/WhatsApp-Image-2024-03-01-at-17.58.34-1.jpeg\",\"datePublished\":\"2024-03-02T00:07:12+00:00\",\"breadcrumb\":{\"@id\":\"https:\\\/\\\/regiaonews.net.br\\\/2022\\\/2024\\\/03\\\/01\\\/barretos-se-mobiliza-em-dia-d-contra-dengue\\\/#breadcrumb\"},\"inLanguage\":\"pt-BR\",\"potentialAction\":[{\"@type\":\"ReadAction\",\"target\":[\"https:\\\/\\\/regiaonews.net.br\\\/2022\\\/2024\\\/03\\\/01\\\/barretos-se-mobiliza-em-dia-d-contra-dengue\\\/\"]}]},{\"@type\":\"ImageObject\",\"inLanguage\":\"pt-BR\",\"@id\":\"https:\\\/\\\/regiaonews.net.br\\\/2022\\\/2024\\\/03\\\/01\\\/barretos-se-mobiliza-em-dia-d-contra-dengue\\\/#primaryimage\",\"url\":\"https:\\\/\\\/regiaonews.net.br\\\/2022\\\/wp-content\\\/uploads\\\/2024\\\/03\\\/WhatsApp-Image-2024-03-01-at-17.58.34-1.jpeg\",\"contentUrl\":\"https:\\\/\\\/regiaonews.net.br\\\/2022\\\/wp-content\\\/uploads\\\/2024\\\/03\\\/WhatsApp-Image-2024-03-01-at-17.58.34-1.jpeg\",\"width\":1600,\"height\":1067},{\"@type\":\"BreadcrumbList\",\"@id\":\"https:\\\/\\\/regiaonews.net.br\\\/2022\\\/2024\\\/03\\\/01\\\/barretos-se-mobiliza-em-dia-d-contra-dengue\\\/#breadcrumb\",\"itemListElement\":[{\"@type\":\"ListItem\",\"position\":1,\"name\":\"In\u00edcio\",\"item\":\"https:\\\/\\\/regiaonews.net.br\\\/2022\\\/\"},{\"@type\":\"ListItem\",\"position\":2,\"name\":\"Barretos se mobiliza em &#8220;Dia D\u201d contra dengue\"}]},{\"@type\":\"WebSite\",\"@id\":\"https:\\\/\\\/regiaonews.net.br\\\/2022\\\/#website\",\"url\":\"https:\\\/\\\/regiaonews.net.br\\\/2022\\\/\",\"name\":\"Regi\u00e3o News\",\"description\":\"Site de Not\u00edcias de Barretos e regi\u00e3o\",\"publisher\":{\"@id\":\"https:\\\/\\\/regiaonews.net.br\\\/2022\\\/#organization\"},\"potentialAction\":[{\"@type\":\"SearchAction\",\"target\":{\"@type\":\"EntryPoint\",\"urlTemplate\":\"https:\\\/\\\/regiaonews.net.br\\\/2022\\\/?s={search_term_string}\"},\"query-input\":{\"@type\":\"PropertyValueSpecification\",\"valueRequired\":true,\"valueName\":\"search_term_string\"}}],\"inLanguage\":\"pt-BR\"},{\"@type\":\"Organization\",\"@id\":\"https:\\\/\\\/regiaonews.net.br\\\/2022\\\/#organization\",\"name\":\"Regi\u00e3o News\",\"url\":\"https:\\\/\\\/regiaonews.net.br\\\/2022\\\/\",\"logo\":{\"@type\":\"ImageObject\",\"inLanguage\":\"pt-BR\",\"@id\":\"https:\\\/\\\/regiaonews.net.br\\\/2022\\\/#\\\/schema\\\/logo\\\/image\\\/\",\"url\":\"https:\\\/\\\/regiaonews.net.br\\\/2022\\\/wp-content\\\/uploads\\\/2026\\\/03\\\/regiao-13-anos-scaled.jpg\",\"contentUrl\":\"https:\\\/\\\/regiaonews.net.br\\\/2022\\\/wp-content\\\/uploads\\\/2026\\\/03\\\/regiao-13-anos-scaled.jpg\",\"width\":2560,\"height\":635,\"caption\":\"Regi\u00e3o News\"},\"image\":{\"@id\":\"https:\\\/\\\/regiaonews.net.br\\\/2022\\\/#\\\/schema\\\/logo\\\/image\\\/\"}},{\"@type\":\"Person\",\"@id\":\"https:\\\/\\\/regiaonews.net.br\\\/2022\\\/#\\\/schema\\\/person\\\/2d205a608a5aa97ac279d7a5e6d89ad8\",\"name\":\"Roberto\",\"image\":{\"@type\":\"ImageObject\",\"inLanguage\":\"pt-BR\",\"@id\":\"https:\\\/\\\/secure.gravatar.com\\\/avatar\\\/42749d8b712ff9d59ca93dc150494e5b55a44134482993f5baeb97e61b7ecc89?s=96&d=mm&r=g\",\"url\":\"https:\\\/\\\/secure.gravatar.com\\\/avatar\\\/42749d8b712ff9d59ca93dc150494e5b55a44134482993f5baeb97e61b7ecc89?s=96&d=mm&r=g\",\"contentUrl\":\"https:\\\/\\\/secure.gravatar.com\\\/avatar\\\/42749d8b712ff9d59ca93dc150494e5b55a44134482993f5baeb97e61b7ecc89?s=96&d=mm&r=g\",\"caption\":\"Roberto\"},\"url\":\"https:\\\/\\\/regiaonews.net.br\\\/2022\\\/author\\\/roberto\\\/\"}]}<\/script>\n<!-- \/ Yoast SEO plugin. -->","yoast_head_json":{"title":"Barretos se mobiliza em \"Dia D\u201d contra dengue - Regi\u00e3o News","robots":{"index":"index","follow":"follow","max-snippet":"max-snippet:-1","max-image-preview":"max-image-preview:large","max-video-preview":"max-video-preview:-1"},"canonical":"https:\/\/regiaonews.net.br\/2022\/2024\/03\/01\/barretos-se-mobiliza-em-dia-d-contra-dengue\/","og_locale":"pt_BR","og_type":"article","og_title":"Barretos se mobiliza em \"Dia D\u201d contra dengue - Regi\u00e3o News","og_description":"Profissionais da Sa\u00fade, da Educa\u00e7\u00e3o e 13 mil alunos da","og_url":"https:\/\/regiaonews.net.br\/2022\/2024\/03\/01\/barretos-se-mobiliza-em-dia-d-contra-dengue\/","og_site_name":"Regi\u00e3o News","article_published_time":"2024-03-02T00:07:12+00:00","og_image":[{"width":1600,"height":1067,"url":"https:\/\/regiaonews.net.br\/2022\/wp-content\/uploads\/2024\/03\/WhatsApp-Image-2024-03-01-at-17.58.34-1.jpeg","type":"image\/jpeg"}],"author":"Roberto","twitter_card":"summary_large_image","twitter_misc":{"Escrito por":"Roberto","Est. tempo de leitura":"5 minutos"},"schema":{"@context":"https:\/\/schema.org","@graph":[{"@type":"Article","@id":"https:\/\/regiaonews.net.br\/2022\/2024\/03\/01\/barretos-se-mobiliza-em-dia-d-contra-dengue\/#article","isPartOf":{"@id":"https:\/\/regiaonews.net.br\/2022\/2024\/03\/01\/barretos-se-mobiliza-em-dia-d-contra-dengue\/"},"author":{"name":"Roberto","@id":"https:\/\/regiaonews.net.br\/2022\/#\/schema\/person\/2d205a608a5aa97ac279d7a5e6d89ad8"},"headline":"Barretos se mobiliza em &#8220;Dia D\u201d contra dengue","datePublished":"2024-03-02T00:07:12+00:00","mainEntityOfPage":{"@id":"https:\/\/regiaonews.net.br\/2022\/2024\/03\/01\/barretos-se-mobiliza-em-dia-d-contra-dengue\/"},"wordCount":901,"commentCount":0,"publisher":{"@id":"https:\/\/regiaonews.net.br\/2022\/#organization"},"image":{"@id":"https:\/\/regiaonews.net.br\/2022\/2024\/03\/01\/barretos-se-mobiliza-em-dia-d-contra-dengue\/#primaryimage"},"thumbnailUrl":"https:\/\/regiaonews.net.br\/2022\/wp-content\/uploads\/2024\/03\/WhatsApp-Image-2024-03-01-at-17.58.34-1.jpeg","articleSection":["Barretos","Cidades"],"inLanguage":"pt-BR","potentialAction":[{"@type":"CommentAction","name":"Comment","target":["https:\/\/regiaonews.net.br\/2022\/2024\/03\/01\/barretos-se-mobiliza-em-dia-d-contra-dengue\/#respond"]}]},{"@type":"WebPage","@id":"https:\/\/regiaonews.net.br\/2022\/2024\/03\/01\/barretos-se-mobiliza-em-dia-d-contra-dengue\/","url":"https:\/\/regiaonews.net.br\/2022\/2024\/03\/01\/barretos-se-mobiliza-em-dia-d-contra-dengue\/","name":"Barretos se mobiliza em \"Dia D\u201d contra dengue - Regi\u00e3o News","isPartOf":{"@id":"https:\/\/regiaonews.net.br\/2022\/#website"},"primaryImageOfPage":{"@id":"https:\/\/regiaonews.net.br\/2022\/2024\/03\/01\/barretos-se-mobiliza-em-dia-d-contra-dengue\/#primaryimage"},"image":{"@id":"https:\/\/regiaonews.net.br\/2022\/2024\/03\/01\/barretos-se-mobiliza-em-dia-d-contra-dengue\/#primaryimage"},"thumbnailUrl":"https:\/\/regiaonews.net.br\/2022\/wp-content\/uploads\/2024\/03\/WhatsApp-Image-2024-03-01-at-17.58.34-1.jpeg","datePublished":"2024-03-02T00:07:12+00:00","breadcrumb":{"@id":"https:\/\/regiaonews.net.br\/2022\/2024\/03\/01\/barretos-se-mobiliza-em-dia-d-contra-dengue\/#breadcrumb"},"inLanguage":"pt-BR","potentialAction":[{"@type":"ReadAction","target":["https:\/\/regiaonews.net.br\/2022\/2024\/03\/01\/barretos-se-mobiliza-em-dia-d-contra-dengue\/"]}]},{"@type":"ImageObject","inLanguage":"pt-BR","@id":"https:\/\/regiaonews.net.br\/2022\/2024\/03\/01\/barretos-se-mobiliza-em-dia-d-contra-dengue\/#primaryimage","url":"https:\/\/regiaonews.net.br\/2022\/wp-content\/uploads\/2024\/03\/WhatsApp-Image-2024-03-01-at-17.58.34-1.jpeg","contentUrl":"https:\/\/regiaonews.net.br\/2022\/wp-content\/uploads\/2024\/03\/WhatsApp-Image-2024-03-01-at-17.58.34-1.jpeg","width":1600,"height":1067},{"@type":"BreadcrumbList","@id":"https:\/\/regiaonews.net.br\/2022\/2024\/03\/01\/barretos-se-mobiliza-em-dia-d-contra-dengue\/#breadcrumb","itemListElement":[{"@type":"ListItem","position":1,"name":"In\u00edcio","item":"https:\/\/regiaonews.net.br\/2022\/"},{"@type":"ListItem","position":2,"name":"Barretos se mobiliza em &#8220;Dia D\u201d contra dengue"}]},{"@type":"WebSite","@id":"https:\/\/regiaonews.net.br\/2022\/#website","url":"https:\/\/regiaonews.net.br\/2022\/","name":"Regi\u00e3o News","description":"Site de Not\u00edcias de Barretos e regi\u00e3o","publisher":{"@id":"https:\/\/regiaonews.net.br\/2022\/#organization"},"potentialAction":[{"@type":"SearchAction","target":{"@type":"EntryPoint","urlTemplate":"https:\/\/regiaonews.net.br\/2022\/?s={search_term_string}"},"query-input":{"@type":"PropertyValueSpecification","valueRequired":true,"valueName":"search_term_string"}}],"inLanguage":"pt-BR"},{"@type":"Organization","@id":"https:\/\/regiaonews.net.br\/2022\/#organization","name":"Regi\u00e3o News","url":"https:\/\/regiaonews.net.br\/2022\/","logo":{"@type":"ImageObject","inLanguage":"pt-BR","@id":"https:\/\/regiaonews.net.br\/2022\/#\/schema\/logo\/image\/","url":"https:\/\/regiaonews.net.br\/2022\/wp-content\/uploads\/2026\/03\/regiao-13-anos-scaled.jpg","contentUrl":"https:\/\/regiaonews.net.br\/2022\/wp-content\/uploads\/2026\/03\/regiao-13-anos-scaled.jpg","width":2560,"height":635,"caption":"Regi\u00e3o News"},"image":{"@id":"https:\/\/regiaonews.net.br\/2022\/#\/schema\/logo\/image\/"}},{"@type":"Person","@id":"https:\/\/regiaonews.net.br\/2022\/#\/schema\/person\/2d205a608a5aa97ac279d7a5e6d89ad8","name":"Roberto","image":{"@type":"ImageObject","inLanguage":"pt-BR","@id":"https:\/\/secure.gravatar.com\/avatar\/42749d8b712ff9d59ca93dc150494e5b55a44134482993f5baeb97e61b7ecc89?s=96&d=mm&r=g","url":"https:\/\/secure.gravatar.com\/avatar\/42749d8b712ff9d59ca93dc150494e5b55a44134482993f5baeb97e61b7ecc89?s=96&d=mm&r=g","contentUrl":"https:\/\/secure.gravatar.com\/avatar\/42749d8b712ff9d59ca93dc150494e5b55a44134482993f5baeb97e61b7ecc89?s=96&d=mm&r=g","caption":"Roberto"},"url":"https:\/\/regiaonews.net.br\/2022\/author\/roberto\/"}]}},"publishpress_future_action":{"enabled":false,"date":"2026-05-03 17:13:23","action":"change-status","newStatus":"draft","terms":[],"taxonomy":"category","extraData":[]},"publishpress_future_workflow_manual_trigger":{"enabledWorkflows":[]},"_links":{"self":[{"href":"https:\/\/regiaonews.net.br\/2022\/wp-json\/wp\/v2\/posts\/101919","targetHints":{"allow":["GET"]}}],"collection":[{"href":"https:\/\/regiaonews.net.br\/2022\/wp-json\/wp\/v2\/posts"}],"about":[{"href":"https:\/\/regiaonews.net.br\/2022\/wp-json\/wp\/v2\/types\/post"}],"author":[{"embeddable":true,"href":"https:\/\/regiaonews.net.br\/2022\/wp-json\/wp\/v2\/users\/2"}],"replies":[{"embeddable":true,"href":"https:\/\/regiaonews.net.br\/2022\/wp-json\/wp\/v2\/comments?post=101919"}],"version-history":[{"count":1,"href":"https:\/\/regiaonews.net.br\/2022\/wp-json\/wp\/v2\/posts\/101919\/revisions"}],"predecessor-version":[{"id":101921,"href":"https:\/\/regiaonews.net.br\/2022\/wp-json\/wp\/v2\/posts\/101919\/revisions\/101921"}],"wp:featuredmedia":[{"embeddable":true,"href":"https:\/\/regiaonews.net.br\/2022\/wp-json\/wp\/v2\/media\/101920"}],"wp:attachment":[{"href":"https:\/\/regiaonews.net.br\/2022\/wp-json\/wp\/v2\/media?parent=101919"}],"wp:term":[{"taxonomy":"category","embeddable":true,"href":"https:\/\/regiaonews.net.br\/2022\/wp-json\/wp\/v2\/categories?post=101919"},{"taxonomy":"post_tag","embeddable":true,"href":"https:\/\/regiaonews.net.br\/2022\/wp-json\/wp\/v2\/tags?post=101919"}],"curies":[{"name":"wp","href":"https:\/\/api.w.org\/{rel}","templated":true}]}}