{"id":101915,"date":"2024-03-01T20:41:20","date_gmt":"2024-03-01T23:41:20","guid":{"rendered":"https:\/\/regiaonews.net.br\/2022\/?p=101915"},"modified":"2024-03-01T20:41:20","modified_gmt":"2024-03-01T23:41:20","slug":"odair-silva-lanca-pre-candidatura-a-prefeito-de-barretos","status":"publish","type":"post","link":"https:\/\/regiaonews.net.br\/2022\/2024\/03\/01\/odair-silva-lanca-pre-candidatura-a-prefeito-de-barretos\/","title":{"rendered":"Odair Silva lan\u00e7a pr\u00e9-candidatura a prefeito de Barretos"},"content":{"rendered":"<p>&nbsp;<\/p>\n<p>Em evento realizado na ACIB \u2013 Associa\u00e7\u00e3o Comercial e Industrial de Barretos, na noite de quinta-feira \u2013 29\/02\/24, o comunicador e empres\u00e1rio Odair Silva fez o lan\u00e7amento de sua pr\u00e9-candidatura a prefeito de Barretos.<\/p>\n<p><a href=\"https:\/\/regiaonews.net.br\/2022\/wp-content\/uploads\/2024\/03\/WhatsApp-Image-2024-03-01-at-14.57.38.jpeg\"><img loading=\"lazy\" decoding=\"async\" class=\"alignnone size-medium wp-image-101917\" src=\"https:\/\/regiaonews.net.br\/2022\/wp-content\/uploads\/2024\/03\/WhatsApp-Image-2024-03-01-at-14.57.38-300x200.jpeg\" alt=\"\" width=\"300\" height=\"200\" srcset=\"https:\/\/regiaonews.net.br\/2022\/wp-content\/uploads\/2024\/03\/WhatsApp-Image-2024-03-01-at-14.57.38-300x200.jpeg 300w, https:\/\/regiaonews.net.br\/2022\/wp-content\/uploads\/2024\/03\/WhatsApp-Image-2024-03-01-at-14.57.38-1024x682.jpeg 1024w, https:\/\/regiaonews.net.br\/2022\/wp-content\/uploads\/2024\/03\/WhatsApp-Image-2024-03-01-at-14.57.38-768x512.jpeg 768w, https:\/\/regiaonews.net.br\/2022\/wp-content\/uploads\/2024\/03\/WhatsApp-Image-2024-03-01-at-14.57.38-1536x1023.jpeg 1536w, https:\/\/regiaonews.net.br\/2022\/wp-content\/uploads\/2024\/03\/WhatsApp-Image-2024-03-01-at-14.57.38-250x167.jpeg 250w, https:\/\/regiaonews.net.br\/2022\/wp-content\/uploads\/2024\/03\/WhatsApp-Image-2024-03-01-at-14.57.38-900x600.jpeg 900w, https:\/\/regiaonews.net.br\/2022\/wp-content\/uploads\/2024\/03\/WhatsApp-Image-2024-03-01-at-14.57.38.jpeg 1600w\" sizes=\"auto, (max-width: 300px) 100vw, 300px\" \/><\/a><br \/>\nAcompanhado pela esposa Roselaine Silva, Odair recebeu lideran\u00e7as pol\u00edticas, representantes de v\u00e1rios setores, familiares e amigos.<\/p>\n<p>O deputado estadual Lucas Bove esteve presente e firmou seu apoio ao barretense. \u201cBarretos tem um pr\u00e9-candidato de direita, uma pessoa com uma hist\u00f3ria linda e que \u00e9 um excelente administrador. Odair Silva tem experi\u00eancia de gest\u00e3o, o que vai fazer toda a diferen\u00e7a para que Barretos se torne uma cidade com a possibilidade de crescimento, com a m\u00e1quina p\u00fablica reduzida e com gera\u00e7\u00e3o de empregos.\u201d \u2013 declarou.<\/p>\n<p>Ricardo Salles, ex ministro do meio ambiente e atual deputado federal tamb\u00e9m veio a Barretos trazer seu apoio a Odair. \u201cO Odair Silva \u00e9 meu amigo, homem s\u00e9rio, pai de fam\u00edlia, competente, foi um grande companheiro nas elei\u00e7\u00f5es dos 2022, uma pessoa que defendeu os princ\u00edpios, os valores, aquilo que n\u00f3s efetivamente acreditamos. Estou junto com Odair, em prol da cidade de Barretos, em prol de todos, ele \u00e9 o nosso pr\u00e9-candidato.\u201d \u2013 afirmou.<\/p>\n<p>Durante a apresenta\u00e7\u00e3o de sua pr\u00e9-candidatura, Odair Silva falou um pouco sobre sua vida, a inf\u00e2ncia sofrida na ro\u00e7a junto aos 16 irm\u00e3os e a perda da m\u00e3e aos 12 anos, o primeiro emprego ainda na adolesc\u00eancia, o come\u00e7o como comunicador e a evolu\u00e7\u00e3o para se tornar um empres\u00e1rio de sucesso. Destacou o apoio da esposa Roselaine, dos filhos Jhefferson e Jhonatha e demais familiares e o amor a netinha Bela. \u201cQuando eu estava l\u00e1 na ro\u00e7a trabalhando, eu me enxergava pegando aquela rodovia e vindo para cidade e fazendo meu futuro na cidade. E isso aconteceu porque eu me projetei pra aquilo. Quando eu me coloco \u00e0 disposi\u00e7\u00e3o como pr\u00e9-candidato pra prefeito do Barretos, eu me projetei tamb\u00e9m pra assumir essa fun\u00e7\u00e3o. Como administrador de empresa que sou, al\u00e9m de comunicador, eu tenho plena convic\u00e7\u00e3o que posso fazer muito por Barretos. Eu n\u00e3o tenho d\u00favida da minha compet\u00eancia, da minha capacidade e esse \u00e9 um dos grandes motivos que fez com que eu me colocasse \u00e0 disposi\u00e7\u00e3o com o pr\u00e9-candidato \u00e0 prefeitura da cidade de Barretos.<\/p>\n","protected":false},"excerpt":{"rendered":"<p>&nbsp; Em evento realizado na ACIB \u2013 Associa\u00e7\u00e3o Comercial e<\/p>\n","protected":false},"author":2,"featured_media":101916,"comment_status":"open","ping_status":"open","sticky":false,"template":"","format":"standard","meta":{"footnotes":""},"categories":[14,22],"tags":[],"class_list":["post-101915","post","type-post","status-publish","format-standard","has-post-thumbnail","hentry","category-barretos","category-politica"],"yoast_head":"<!-- This site is optimized with the Yoast SEO plugin v27.4 - https:\/\/yoast.com\/product\/yoast-seo-wordpress\/ -->\n<title>Odair Silva lan\u00e7a pr\u00e9-candidatura a prefeito de Barretos - Regi\u00e3o News<\/title>\n<meta name=\"robots\" content=\"index, follow, max-snippet:-1, max-image-preview:large, max-video-preview:-1\" \/>\n<link rel=\"canonical\" href=\"https:\/\/regiaonews.net.br\/2022\/2024\/03\/01\/odair-silva-lanca-pre-candidatura-a-prefeito-de-barretos\/\" \/>\n<meta property=\"og:locale\" content=\"pt_BR\" \/>\n<meta property=\"og:type\" content=\"article\" \/>\n<meta property=\"og:title\" content=\"Odair Silva lan\u00e7a pr\u00e9-candidatura a prefeito de Barretos - Regi\u00e3o News\" \/>\n<meta property=\"og:description\" content=\"&nbsp; Em evento realizado na ACIB \u2013 Associa\u00e7\u00e3o Comercial e\" \/>\n<meta property=\"og:url\" content=\"https:\/\/regiaonews.net.br\/2022\/2024\/03\/01\/odair-silva-lanca-pre-candidatura-a-prefeito-de-barretos\/\" \/>\n<meta property=\"og:site_name\" content=\"Regi\u00e3o News\" \/>\n<meta property=\"article:published_time\" content=\"2024-03-01T23:41:20+00:00\" \/>\n<meta property=\"og:image\" content=\"https:\/\/regiaonews.net.br\/2022\/wp-content\/uploads\/2024\/03\/WhatsApp-Image-2024-02-29-at-19.34.48.jpeg\" \/>\n\t<meta property=\"og:image:width\" content=\"1280\" \/>\n\t<meta property=\"og:image:height\" content=\"720\" \/>\n\t<meta property=\"og:image:type\" content=\"image\/jpeg\" \/>\n<meta name=\"author\" content=\"Roberto\" \/>\n<meta name=\"twitter:card\" content=\"summary_large_image\" \/>\n<meta name=\"twitter:label1\" content=\"Escrito por\" \/>\n\t<meta name=\"twitter:data1\" content=\"Roberto\" \/>\n\t<meta name=\"twitter:label2\" content=\"Est. tempo de leitura\" \/>\n\t<meta name=\"twitter:data2\" content=\"3 minutos\" \/>\n<script type=\"application\/ld+json\" class=\"yoast-schema-graph\">{\"@context\":\"https:\\\/\\\/schema.org\",\"@graph\":[{\"@type\":\"Article\",\"@id\":\"https:\\\/\\\/regiaonews.net.br\\\/2022\\\/2024\\\/03\\\/01\\\/odair-silva-lanca-pre-candidatura-a-prefeito-de-barretos\\\/#article\",\"isPartOf\":{\"@id\":\"https:\\\/\\\/regiaonews.net.br\\\/2022\\\/2024\\\/03\\\/01\\\/odair-silva-lanca-pre-candidatura-a-prefeito-de-barretos\\\/\"},\"author\":{\"name\":\"Roberto\",\"@id\":\"https:\\\/\\\/regiaonews.net.br\\\/2022\\\/#\\\/schema\\\/person\\\/2d205a608a5aa97ac279d7a5e6d89ad8\"},\"headline\":\"Odair Silva lan\u00e7a pr\u00e9-candidatura a prefeito de Barretos\",\"datePublished\":\"2024-03-01T23:41:20+00:00\",\"mainEntityOfPage\":{\"@id\":\"https:\\\/\\\/regiaonews.net.br\\\/2022\\\/2024\\\/03\\\/01\\\/odair-silva-lanca-pre-candidatura-a-prefeito-de-barretos\\\/\"},\"wordCount\":409,\"commentCount\":0,\"publisher\":{\"@id\":\"https:\\\/\\\/regiaonews.net.br\\\/2022\\\/#organization\"},\"image\":{\"@id\":\"https:\\\/\\\/regiaonews.net.br\\\/2022\\\/2024\\\/03\\\/01\\\/odair-silva-lanca-pre-candidatura-a-prefeito-de-barretos\\\/#primaryimage\"},\"thumbnailUrl\":\"https:\\\/\\\/regiaonews.net.br\\\/2022\\\/wp-content\\\/uploads\\\/2024\\\/03\\\/WhatsApp-Image-2024-02-29-at-19.34.48.jpeg\",\"articleSection\":[\"Barretos\",\"Pol\u00edtica\"],\"inLanguage\":\"pt-BR\",\"potentialAction\":[{\"@type\":\"CommentAction\",\"name\":\"Comment\",\"target\":[\"https:\\\/\\\/regiaonews.net.br\\\/2022\\\/2024\\\/03\\\/01\\\/odair-silva-lanca-pre-candidatura-a-prefeito-de-barretos\\\/#respond\"]}]},{\"@type\":\"WebPage\",\"@id\":\"https:\\\/\\\/regiaonews.net.br\\\/2022\\\/2024\\\/03\\\/01\\\/odair-silva-lanca-pre-candidatura-a-prefeito-de-barretos\\\/\",\"url\":\"https:\\\/\\\/regiaonews.net.br\\\/2022\\\/2024\\\/03\\\/01\\\/odair-silva-lanca-pre-candidatura-a-prefeito-de-barretos\\\/\",\"name\":\"Odair Silva lan\u00e7a pr\u00e9-candidatura a prefeito de Barretos - Regi\u00e3o News\",\"isPartOf\":{\"@id\":\"https:\\\/\\\/regiaonews.net.br\\\/2022\\\/#website\"},\"primaryImageOfPage\":{\"@id\":\"https:\\\/\\\/regiaonews.net.br\\\/2022\\\/2024\\\/03\\\/01\\\/odair-silva-lanca-pre-candidatura-a-prefeito-de-barretos\\\/#primaryimage\"},\"image\":{\"@id\":\"https:\\\/\\\/regiaonews.net.br\\\/2022\\\/2024\\\/03\\\/01\\\/odair-silva-lanca-pre-candidatura-a-prefeito-de-barretos\\\/#primaryimage\"},\"thumbnailUrl\":\"https:\\\/\\\/regiaonews.net.br\\\/2022\\\/wp-content\\\/uploads\\\/2024\\\/03\\\/WhatsApp-Image-2024-02-29-at-19.34.48.jpeg\",\"datePublished\":\"2024-03-01T23:41:20+00:00\",\"breadcrumb\":{\"@id\":\"https:\\\/\\\/regiaonews.net.br\\\/2022\\\/2024\\\/03\\\/01\\\/odair-silva-lanca-pre-candidatura-a-prefeito-de-barretos\\\/#breadcrumb\"},\"inLanguage\":\"pt-BR\",\"potentialAction\":[{\"@type\":\"ReadAction\",\"target\":[\"https:\\\/\\\/regiaonews.net.br\\\/2022\\\/2024\\\/03\\\/01\\\/odair-silva-lanca-pre-candidatura-a-prefeito-de-barretos\\\/\"]}]},{\"@type\":\"ImageObject\",\"inLanguage\":\"pt-BR\",\"@id\":\"https:\\\/\\\/regiaonews.net.br\\\/2022\\\/2024\\\/03\\\/01\\\/odair-silva-lanca-pre-candidatura-a-prefeito-de-barretos\\\/#primaryimage\",\"url\":\"https:\\\/\\\/regiaonews.net.br\\\/2022\\\/wp-content\\\/uploads\\\/2024\\\/03\\\/WhatsApp-Image-2024-02-29-at-19.34.48.jpeg\",\"contentUrl\":\"https:\\\/\\\/regiaonews.net.br\\\/2022\\\/wp-content\\\/uploads\\\/2024\\\/03\\\/WhatsApp-Image-2024-02-29-at-19.34.48.jpeg\",\"width\":1280,\"height\":720},{\"@type\":\"BreadcrumbList\",\"@id\":\"https:\\\/\\\/regiaonews.net.br\\\/2022\\\/2024\\\/03\\\/01\\\/odair-silva-lanca-pre-candidatura-a-prefeito-de-barretos\\\/#breadcrumb\",\"itemListElement\":[{\"@type\":\"ListItem\",\"position\":1,\"name\":\"In\u00edcio\",\"item\":\"https:\\\/\\\/regiaonews.net.br\\\/2022\\\/\"},{\"@type\":\"ListItem\",\"position\":2,\"name\":\"Odair Silva lan\u00e7a pr\u00e9-candidatura a prefeito de Barretos\"}]},{\"@type\":\"WebSite\",\"@id\":\"https:\\\/\\\/regiaonews.net.br\\\/2022\\\/#website\",\"url\":\"https:\\\/\\\/regiaonews.net.br\\\/2022\\\/\",\"name\":\"Regi\u00e3o News\",\"description\":\"Site de Not\u00edcias de Barretos e regi\u00e3o\",\"publisher\":{\"@id\":\"https:\\\/\\\/regiaonews.net.br\\\/2022\\\/#organization\"},\"potentialAction\":[{\"@type\":\"SearchAction\",\"target\":{\"@type\":\"EntryPoint\",\"urlTemplate\":\"https:\\\/\\\/regiaonews.net.br\\\/2022\\\/?s={search_term_string}\"},\"query-input\":{\"@type\":\"PropertyValueSpecification\",\"valueRequired\":true,\"valueName\":\"search_term_string\"}}],\"inLanguage\":\"pt-BR\"},{\"@type\":\"Organization\",\"@id\":\"https:\\\/\\\/regiaonews.net.br\\\/2022\\\/#organization\",\"name\":\"Regi\u00e3o News\",\"url\":\"https:\\\/\\\/regiaonews.net.br\\\/2022\\\/\",\"logo\":{\"@type\":\"ImageObject\",\"inLanguage\":\"pt-BR\",\"@id\":\"https:\\\/\\\/regiaonews.net.br\\\/2022\\\/#\\\/schema\\\/logo\\\/image\\\/\",\"url\":\"https:\\\/\\\/regiaonews.net.br\\\/2022\\\/wp-content\\\/uploads\\\/2026\\\/03\\\/regiao-13-anos-scaled.jpg\",\"contentUrl\":\"https:\\\/\\\/regiaonews.net.br\\\/2022\\\/wp-content\\\/uploads\\\/2026\\\/03\\\/regiao-13-anos-scaled.jpg\",\"width\":2560,\"height\":635,\"caption\":\"Regi\u00e3o News\"},\"image\":{\"@id\":\"https:\\\/\\\/regiaonews.net.br\\\/2022\\\/#\\\/schema\\\/logo\\\/image\\\/\"}},{\"@type\":\"Person\",\"@id\":\"https:\\\/\\\/regiaonews.net.br\\\/2022\\\/#\\\/schema\\\/person\\\/2d205a608a5aa97ac279d7a5e6d89ad8\",\"name\":\"Roberto\",\"image\":{\"@type\":\"ImageObject\",\"inLanguage\":\"pt-BR\",\"@id\":\"https:\\\/\\\/secure.gravatar.com\\\/avatar\\\/42749d8b712ff9d59ca93dc150494e5b55a44134482993f5baeb97e61b7ecc89?s=96&d=mm&r=g\",\"url\":\"https:\\\/\\\/secure.gravatar.com\\\/avatar\\\/42749d8b712ff9d59ca93dc150494e5b55a44134482993f5baeb97e61b7ecc89?s=96&d=mm&r=g\",\"contentUrl\":\"https:\\\/\\\/secure.gravatar.com\\\/avatar\\\/42749d8b712ff9d59ca93dc150494e5b55a44134482993f5baeb97e61b7ecc89?s=96&d=mm&r=g\",\"caption\":\"Roberto\"},\"url\":\"https:\\\/\\\/regiaonews.net.br\\\/2022\\\/author\\\/roberto\\\/\"}]}<\/script>\n<!-- \/ Yoast SEO plugin. -->","yoast_head_json":{"title":"Odair Silva lan\u00e7a pr\u00e9-candidatura a prefeito de Barretos - Regi\u00e3o News","robots":{"index":"index","follow":"follow","max-snippet":"max-snippet:-1","max-image-preview":"max-image-preview:large","max-video-preview":"max-video-preview:-1"},"canonical":"https:\/\/regiaonews.net.br\/2022\/2024\/03\/01\/odair-silva-lanca-pre-candidatura-a-prefeito-de-barretos\/","og_locale":"pt_BR","og_type":"article","og_title":"Odair Silva lan\u00e7a pr\u00e9-candidatura a prefeito de Barretos - Regi\u00e3o News","og_description":"&nbsp; Em evento realizado na ACIB \u2013 Associa\u00e7\u00e3o Comercial e","og_url":"https:\/\/regiaonews.net.br\/2022\/2024\/03\/01\/odair-silva-lanca-pre-candidatura-a-prefeito-de-barretos\/","og_site_name":"Regi\u00e3o News","article_published_time":"2024-03-01T23:41:20+00:00","og_image":[{"width":1280,"height":720,"url":"https:\/\/regiaonews.net.br\/2022\/wp-content\/uploads\/2024\/03\/WhatsApp-Image-2024-02-29-at-19.34.48.jpeg","type":"image\/jpeg"}],"author":"Roberto","twitter_card":"summary_large_image","twitter_misc":{"Escrito por":"Roberto","Est. tempo de leitura":"3 minutos"},"schema":{"@context":"https:\/\/schema.org","@graph":[{"@type":"Article","@id":"https:\/\/regiaonews.net.br\/2022\/2024\/03\/01\/odair-silva-lanca-pre-candidatura-a-prefeito-de-barretos\/#article","isPartOf":{"@id":"https:\/\/regiaonews.net.br\/2022\/2024\/03\/01\/odair-silva-lanca-pre-candidatura-a-prefeito-de-barretos\/"},"author":{"name":"Roberto","@id":"https:\/\/regiaonews.net.br\/2022\/#\/schema\/person\/2d205a608a5aa97ac279d7a5e6d89ad8"},"headline":"Odair Silva lan\u00e7a pr\u00e9-candidatura a prefeito de Barretos","datePublished":"2024-03-01T23:41:20+00:00","mainEntityOfPage":{"@id":"https:\/\/regiaonews.net.br\/2022\/2024\/03\/01\/odair-silva-lanca-pre-candidatura-a-prefeito-de-barretos\/"},"wordCount":409,"commentCount":0,"publisher":{"@id":"https:\/\/regiaonews.net.br\/2022\/#organization"},"image":{"@id":"https:\/\/regiaonews.net.br\/2022\/2024\/03\/01\/odair-silva-lanca-pre-candidatura-a-prefeito-de-barretos\/#primaryimage"},"thumbnailUrl":"https:\/\/regiaonews.net.br\/2022\/wp-content\/uploads\/2024\/03\/WhatsApp-Image-2024-02-29-at-19.34.48.jpeg","articleSection":["Barretos","Pol\u00edtica"],"inLanguage":"pt-BR","potentialAction":[{"@type":"CommentAction","name":"Comment","target":["https:\/\/regiaonews.net.br\/2022\/2024\/03\/01\/odair-silva-lanca-pre-candidatura-a-prefeito-de-barretos\/#respond"]}]},{"@type":"WebPage","@id":"https:\/\/regiaonews.net.br\/2022\/2024\/03\/01\/odair-silva-lanca-pre-candidatura-a-prefeito-de-barretos\/","url":"https:\/\/regiaonews.net.br\/2022\/2024\/03\/01\/odair-silva-lanca-pre-candidatura-a-prefeito-de-barretos\/","name":"Odair Silva lan\u00e7a pr\u00e9-candidatura a prefeito de Barretos - Regi\u00e3o News","isPartOf":{"@id":"https:\/\/regiaonews.net.br\/2022\/#website"},"primaryImageOfPage":{"@id":"https:\/\/regiaonews.net.br\/2022\/2024\/03\/01\/odair-silva-lanca-pre-candidatura-a-prefeito-de-barretos\/#primaryimage"},"image":{"@id":"https:\/\/regiaonews.net.br\/2022\/2024\/03\/01\/odair-silva-lanca-pre-candidatura-a-prefeito-de-barretos\/#primaryimage"},"thumbnailUrl":"https:\/\/regiaonews.net.br\/2022\/wp-content\/uploads\/2024\/03\/WhatsApp-Image-2024-02-29-at-19.34.48.jpeg","datePublished":"2024-03-01T23:41:20+00:00","breadcrumb":{"@id":"https:\/\/regiaonews.net.br\/2022\/2024\/03\/01\/odair-silva-lanca-pre-candidatura-a-prefeito-de-barretos\/#breadcrumb"},"inLanguage":"pt-BR","potentialAction":[{"@type":"ReadAction","target":["https:\/\/regiaonews.net.br\/2022\/2024\/03\/01\/odair-silva-lanca-pre-candidatura-a-prefeito-de-barretos\/"]}]},{"@type":"ImageObject","inLanguage":"pt-BR","@id":"https:\/\/regiaonews.net.br\/2022\/2024\/03\/01\/odair-silva-lanca-pre-candidatura-a-prefeito-de-barretos\/#primaryimage","url":"https:\/\/regiaonews.net.br\/2022\/wp-content\/uploads\/2024\/03\/WhatsApp-Image-2024-02-29-at-19.34.48.jpeg","contentUrl":"https:\/\/regiaonews.net.br\/2022\/wp-content\/uploads\/2024\/03\/WhatsApp-Image-2024-02-29-at-19.34.48.jpeg","width":1280,"height":720},{"@type":"BreadcrumbList","@id":"https:\/\/regiaonews.net.br\/2022\/2024\/03\/01\/odair-silva-lanca-pre-candidatura-a-prefeito-de-barretos\/#breadcrumb","itemListElement":[{"@type":"ListItem","position":1,"name":"In\u00edcio","item":"https:\/\/regiaonews.net.br\/2022\/"},{"@type":"ListItem","position":2,"name":"Odair Silva lan\u00e7a pr\u00e9-candidatura a prefeito de Barretos"}]},{"@type":"WebSite","@id":"https:\/\/regiaonews.net.br\/2022\/#website","url":"https:\/\/regiaonews.net.br\/2022\/","name":"Regi\u00e3o News","description":"Site de Not\u00edcias de Barretos e regi\u00e3o","publisher":{"@id":"https:\/\/regiaonews.net.br\/2022\/#organization"},"potentialAction":[{"@type":"SearchAction","target":{"@type":"EntryPoint","urlTemplate":"https:\/\/regiaonews.net.br\/2022\/?s={search_term_string}"},"query-input":{"@type":"PropertyValueSpecification","valueRequired":true,"valueName":"search_term_string"}}],"inLanguage":"pt-BR"},{"@type":"Organization","@id":"https:\/\/regiaonews.net.br\/2022\/#organization","name":"Regi\u00e3o News","url":"https:\/\/regiaonews.net.br\/2022\/","logo":{"@type":"ImageObject","inLanguage":"pt-BR","@id":"https:\/\/regiaonews.net.br\/2022\/#\/schema\/logo\/image\/","url":"https:\/\/regiaonews.net.br\/2022\/wp-content\/uploads\/2026\/03\/regiao-13-anos-scaled.jpg","contentUrl":"https:\/\/regiaonews.net.br\/2022\/wp-content\/uploads\/2026\/03\/regiao-13-anos-scaled.jpg","width":2560,"height":635,"caption":"Regi\u00e3o News"},"image":{"@id":"https:\/\/regiaonews.net.br\/2022\/#\/schema\/logo\/image\/"}},{"@type":"Person","@id":"https:\/\/regiaonews.net.br\/2022\/#\/schema\/person\/2d205a608a5aa97ac279d7a5e6d89ad8","name":"Roberto","image":{"@type":"ImageObject","inLanguage":"pt-BR","@id":"https:\/\/secure.gravatar.com\/avatar\/42749d8b712ff9d59ca93dc150494e5b55a44134482993f5baeb97e61b7ecc89?s=96&d=mm&r=g","url":"https:\/\/secure.gravatar.com\/avatar\/42749d8b712ff9d59ca93dc150494e5b55a44134482993f5baeb97e61b7ecc89?s=96&d=mm&r=g","contentUrl":"https:\/\/secure.gravatar.com\/avatar\/42749d8b712ff9d59ca93dc150494e5b55a44134482993f5baeb97e61b7ecc89?s=96&d=mm&r=g","caption":"Roberto"},"url":"https:\/\/regiaonews.net.br\/2022\/author\/roberto\/"}]}},"publishpress_future_action":{"enabled":false,"date":"2026-05-03 15:35:24","action":"change-status","newStatus":"draft","terms":[],"taxonomy":"category","extraData":[]},"publishpress_future_workflow_manual_trigger":{"enabledWorkflows":[]},"_links":{"self":[{"href":"https:\/\/regiaonews.net.br\/2022\/wp-json\/wp\/v2\/posts\/101915","targetHints":{"allow":["GET"]}}],"collection":[{"href":"https:\/\/regiaonews.net.br\/2022\/wp-json\/wp\/v2\/posts"}],"about":[{"href":"https:\/\/regiaonews.net.br\/2022\/wp-json\/wp\/v2\/types\/post"}],"author":[{"embeddable":true,"href":"https:\/\/regiaonews.net.br\/2022\/wp-json\/wp\/v2\/users\/2"}],"replies":[{"embeddable":true,"href":"https:\/\/regiaonews.net.br\/2022\/wp-json\/wp\/v2\/comments?post=101915"}],"version-history":[{"count":1,"href":"https:\/\/regiaonews.net.br\/2022\/wp-json\/wp\/v2\/posts\/101915\/revisions"}],"predecessor-version":[{"id":101918,"href":"https:\/\/regiaonews.net.br\/2022\/wp-json\/wp\/v2\/posts\/101915\/revisions\/101918"}],"wp:featuredmedia":[{"embeddable":true,"href":"https:\/\/regiaonews.net.br\/2022\/wp-json\/wp\/v2\/media\/101916"}],"wp:attachment":[{"href":"https:\/\/regiaonews.net.br\/2022\/wp-json\/wp\/v2\/media?parent=101915"}],"wp:term":[{"taxonomy":"category","embeddable":true,"href":"https:\/\/regiaonews.net.br\/2022\/wp-json\/wp\/v2\/categories?post=101915"},{"taxonomy":"post_tag","embeddable":true,"href":"https:\/\/regiaonews.net.br\/2022\/wp-json\/wp\/v2\/tags?post=101915"}],"curies":[{"name":"wp","href":"https:\/\/api.w.org\/{rel}","templated":true}]}}