{"id":101905,"date":"2024-03-01T13:23:06","date_gmt":"2024-03-01T16:23:06","guid":{"rendered":"https:\/\/regiaonews.net.br\/2022\/?p=101905"},"modified":"2024-03-01T13:23:06","modified_gmt":"2024-03-01T16:23:06","slug":"fluminense-conquista-titulo-da-recopa-sul-americana-sobre-a-ldu","status":"publish","type":"post","link":"https:\/\/regiaonews.net.br\/2022\/2024\/03\/01\/fluminense-conquista-titulo-da-recopa-sul-americana-sobre-a-ldu\/","title":{"rendered":"Fluminense conquista t\u00edtulo da Recopa Sul-Americana sobre a LDU"},"content":{"rendered":"<h3 class=\"row\" style=\"text-align: center;\">Jhon Arias marcou duas vezes para garantir o trof\u00e9u para o Tricolor<\/h3>\n<p>Com dois gols do colombiano Jhon Arias o Fluminense arrancou uma vit\u00f3ria de 2 a 0 sobre a LDU (Equador) para conquistar o t\u00edtulo da Recopa Sul-Americana, na noite desta quinta-feira (29) no est\u00e1dio do Maracan\u00e3, no Rio de Janeiro. A in\u00e9dita conquista do Tricolor das Laranjeiras foi transmitida ao vivo pela\u00a0<strong>R\u00e1dio Nacional<\/strong>.<img decoding=\"async\" src=\"https:\/\/agenciabrasil.ebc.com.br\/ebc.png?id=1583709&amp;o=node\" \/><img decoding=\"async\" src=\"https:\/\/agenciabrasil.ebc.com.br\/ebc.gif?id=1583709&amp;o=node\" \/><\/p>\n<p>A conquista foi garantida porque o Fluminense conseguiu reverter a vantagem alcan\u00e7ada pela LDU na partida de ida, uma vit\u00f3ria de 1 a 0 nos 2.850 metros de altitude da cidade de Quito. Com o t\u00edtulo desta quinta-feira o Tricolor exorcizou um fantasma do passado, a equipe equatoriana, para a qual perdeu as finais da Libertadores de 2008 e da Copa Sul-Americana de 2009.<\/p>\n<h4>Decis\u00e3o dram\u00e1tica<\/h4>\n<p>O Fluminense n\u00e3o encontrou facilidades diante da LDU, que se fechou atr\u00e1s na primeira etapa com o objetivo claro de n\u00e3o oferecer espa\u00e7os para o ataque tricolor e tentar criar algo em jogadas r\u00e1pidas de contra-ataque. E a aposta dos equatorianos se mostrou acertada, pois o time de Fernando Diniz conseguiu apenas tr\u00eas finaliza\u00e7\u00f5es no alvo at\u00e9 o intervalo.<\/p>\n<p>Sem conseguir furar a defesa advers\u00e1ria, o comandante do Tricolor come\u00e7ou a fazer mudan\u00e7as no segundo tempo. Primeiro promoveu a entrada do centroavante John Kennedy e, minutos depois, colocou em campo o lateral Marcelo, o meio-campista Renato Augusto e o meia-atacante Douglas Costa.<\/p>\n<p>As mudan\u00e7as surtiram efeito e o Fluminense conseguiu criar mais oportunidades claras de marcar. At\u00e9 que, aos 30 minutos, Samuel Xavier levantou a bola na \u00e1rea, onde Jhon Arias cabeceou com categoria para superar o goleiro Alexander Dom\u00ednguez.<\/p>\n<p>Por\u00e9m, tr\u00eas minutos depois a equipe das Laranjeiras sofreu um duro golpe: John Kennedy foi expulso com cart\u00e3o vermelho direto ap\u00f3s pisar em Zambrano, que estava ca\u00eddo. Com um a menos, o Tricolor aumentou ainda mais o seu \u00edmpeto ofensivo e deixou a LDU perdida de vez na partida.<\/p>\n<p>A press\u00e3o do Fluminense aumentou e, aos 41 minutos, Douglas Costa encontrou Renato Augusto dentro da \u00e1rea. Valverde derrubou ent\u00e3o o meio-campista do Flu e o \u00e1rbitro marcou p\u00eanalti. Jhon Arias foi ent\u00e3o para a cobran\u00e7a e n\u00e3o falhou para garantir o in\u00e9dito t\u00edtulo do Tricolor das Laranjeiras.<\/p>\n<p>Agora o Fluminense volta suas aten\u00e7\u00f5es para a Ta\u00e7a Guanabara do Campeonato Carioca, na qual enfrenta o Botafogo no est\u00e1dio do Maracan\u00e3 a partir das 16h (hor\u00e1rio de Bras\u00edlia) do pr\u00f3ximo domingo (3).<\/p>\n","protected":false},"excerpt":{"rendered":"<p>Jhon Arias marcou duas vezes para garantir o trof\u00e9u para<\/p>\n","protected":false},"author":2,"featured_media":101906,"comment_status":"open","ping_status":"open","sticky":false,"template":"","format":"standard","meta":{"footnotes":""},"categories":[21,3],"tags":[],"class_list":["post-101905","post","type-post","status-publish","format-standard","has-post-thumbnail","hentry","category-esporte","category-geral"],"yoast_head":"<!-- This site is optimized with the Yoast SEO plugin v27.4 - https:\/\/yoast.com\/product\/yoast-seo-wordpress\/ -->\n<title>Fluminense conquista t\u00edtulo da Recopa Sul-Americana sobre a LDU - Regi\u00e3o News<\/title>\n<meta name=\"robots\" content=\"index, follow, max-snippet:-1, max-image-preview:large, max-video-preview:-1\" \/>\n<link rel=\"canonical\" href=\"https:\/\/regiaonews.net.br\/2022\/2024\/03\/01\/fluminense-conquista-titulo-da-recopa-sul-americana-sobre-a-ldu\/\" \/>\n<meta property=\"og:locale\" content=\"pt_BR\" \/>\n<meta property=\"og:type\" content=\"article\" \/>\n<meta property=\"og:title\" content=\"Fluminense conquista t\u00edtulo da Recopa Sul-Americana sobre a LDU - Regi\u00e3o News\" \/>\n<meta property=\"og:description\" content=\"Jhon Arias marcou duas vezes para garantir o trof\u00e9u para\" \/>\n<meta property=\"og:url\" content=\"https:\/\/regiaonews.net.br\/2022\/2024\/03\/01\/fluminense-conquista-titulo-da-recopa-sul-americana-sobre-a-ldu\/\" \/>\n<meta property=\"og:site_name\" content=\"Regi\u00e3o News\" \/>\n<meta property=\"article:published_time\" content=\"2024-03-01T16:23:06+00:00\" \/>\n<meta property=\"og:image\" content=\"https:\/\/regiaonews.net.br\/2022\/wp-content\/uploads\/2024\/03\/53560679498_18a9187290_o.webp\" \/>\n\t<meta property=\"og:image:width\" content=\"1170\" \/>\n\t<meta property=\"og:image:height\" content=\"700\" \/>\n\t<meta property=\"og:image:type\" content=\"image\/webp\" \/>\n<meta name=\"author\" content=\"Roberto\" \/>\n<meta name=\"twitter:card\" content=\"summary_large_image\" \/>\n<meta name=\"twitter:label1\" content=\"Escrito por\" \/>\n\t<meta name=\"twitter:data1\" content=\"Roberto\" \/>\n\t<meta name=\"twitter:label2\" content=\"Est. tempo de leitura\" \/>\n\t<meta name=\"twitter:data2\" content=\"3 minutos\" \/>\n<script type=\"application\/ld+json\" class=\"yoast-schema-graph\">{\"@context\":\"https:\\\/\\\/schema.org\",\"@graph\":[{\"@type\":\"Article\",\"@id\":\"https:\\\/\\\/regiaonews.net.br\\\/2022\\\/2024\\\/03\\\/01\\\/fluminense-conquista-titulo-da-recopa-sul-americana-sobre-a-ldu\\\/#article\",\"isPartOf\":{\"@id\":\"https:\\\/\\\/regiaonews.net.br\\\/2022\\\/2024\\\/03\\\/01\\\/fluminense-conquista-titulo-da-recopa-sul-americana-sobre-a-ldu\\\/\"},\"author\":{\"name\":\"Roberto\",\"@id\":\"https:\\\/\\\/regiaonews.net.br\\\/2022\\\/#\\\/schema\\\/person\\\/2d205a608a5aa97ac279d7a5e6d89ad8\"},\"headline\":\"Fluminense conquista t\u00edtulo da Recopa Sul-Americana sobre a LDU\",\"datePublished\":\"2024-03-01T16:23:06+00:00\",\"mainEntityOfPage\":{\"@id\":\"https:\\\/\\\/regiaonews.net.br\\\/2022\\\/2024\\\/03\\\/01\\\/fluminense-conquista-titulo-da-recopa-sul-americana-sobre-a-ldu\\\/\"},\"wordCount\":443,\"commentCount\":0,\"publisher\":{\"@id\":\"https:\\\/\\\/regiaonews.net.br\\\/2022\\\/#organization\"},\"image\":{\"@id\":\"https:\\\/\\\/regiaonews.net.br\\\/2022\\\/2024\\\/03\\\/01\\\/fluminense-conquista-titulo-da-recopa-sul-americana-sobre-a-ldu\\\/#primaryimage\"},\"thumbnailUrl\":\"https:\\\/\\\/regiaonews.net.br\\\/2022\\\/wp-content\\\/uploads\\\/2024\\\/03\\\/53560679498_18a9187290_o.webp\",\"articleSection\":[\"Esporte\",\"Geral\"],\"inLanguage\":\"pt-BR\",\"potentialAction\":[{\"@type\":\"CommentAction\",\"name\":\"Comment\",\"target\":[\"https:\\\/\\\/regiaonews.net.br\\\/2022\\\/2024\\\/03\\\/01\\\/fluminense-conquista-titulo-da-recopa-sul-americana-sobre-a-ldu\\\/#respond\"]}]},{\"@type\":\"WebPage\",\"@id\":\"https:\\\/\\\/regiaonews.net.br\\\/2022\\\/2024\\\/03\\\/01\\\/fluminense-conquista-titulo-da-recopa-sul-americana-sobre-a-ldu\\\/\",\"url\":\"https:\\\/\\\/regiaonews.net.br\\\/2022\\\/2024\\\/03\\\/01\\\/fluminense-conquista-titulo-da-recopa-sul-americana-sobre-a-ldu\\\/\",\"name\":\"Fluminense conquista t\u00edtulo da Recopa Sul-Americana sobre a LDU - Regi\u00e3o News\",\"isPartOf\":{\"@id\":\"https:\\\/\\\/regiaonews.net.br\\\/2022\\\/#website\"},\"primaryImageOfPage\":{\"@id\":\"https:\\\/\\\/regiaonews.net.br\\\/2022\\\/2024\\\/03\\\/01\\\/fluminense-conquista-titulo-da-recopa-sul-americana-sobre-a-ldu\\\/#primaryimage\"},\"image\":{\"@id\":\"https:\\\/\\\/regiaonews.net.br\\\/2022\\\/2024\\\/03\\\/01\\\/fluminense-conquista-titulo-da-recopa-sul-americana-sobre-a-ldu\\\/#primaryimage\"},\"thumbnailUrl\":\"https:\\\/\\\/regiaonews.net.br\\\/2022\\\/wp-content\\\/uploads\\\/2024\\\/03\\\/53560679498_18a9187290_o.webp\",\"datePublished\":\"2024-03-01T16:23:06+00:00\",\"breadcrumb\":{\"@id\":\"https:\\\/\\\/regiaonews.net.br\\\/2022\\\/2024\\\/03\\\/01\\\/fluminense-conquista-titulo-da-recopa-sul-americana-sobre-a-ldu\\\/#breadcrumb\"},\"inLanguage\":\"pt-BR\",\"potentialAction\":[{\"@type\":\"ReadAction\",\"target\":[\"https:\\\/\\\/regiaonews.net.br\\\/2022\\\/2024\\\/03\\\/01\\\/fluminense-conquista-titulo-da-recopa-sul-americana-sobre-a-ldu\\\/\"]}]},{\"@type\":\"ImageObject\",\"inLanguage\":\"pt-BR\",\"@id\":\"https:\\\/\\\/regiaonews.net.br\\\/2022\\\/2024\\\/03\\\/01\\\/fluminense-conquista-titulo-da-recopa-sul-americana-sobre-a-ldu\\\/#primaryimage\",\"url\":\"https:\\\/\\\/regiaonews.net.br\\\/2022\\\/wp-content\\\/uploads\\\/2024\\\/03\\\/53560679498_18a9187290_o.webp\",\"contentUrl\":\"https:\\\/\\\/regiaonews.net.br\\\/2022\\\/wp-content\\\/uploads\\\/2024\\\/03\\\/53560679498_18a9187290_o.webp\",\"width\":1170,\"height\":700},{\"@type\":\"BreadcrumbList\",\"@id\":\"https:\\\/\\\/regiaonews.net.br\\\/2022\\\/2024\\\/03\\\/01\\\/fluminense-conquista-titulo-da-recopa-sul-americana-sobre-a-ldu\\\/#breadcrumb\",\"itemListElement\":[{\"@type\":\"ListItem\",\"position\":1,\"name\":\"In\u00edcio\",\"item\":\"https:\\\/\\\/regiaonews.net.br\\\/2022\\\/\"},{\"@type\":\"ListItem\",\"position\":2,\"name\":\"Fluminense conquista t\u00edtulo da Recopa Sul-Americana sobre a LDU\"}]},{\"@type\":\"WebSite\",\"@id\":\"https:\\\/\\\/regiaonews.net.br\\\/2022\\\/#website\",\"url\":\"https:\\\/\\\/regiaonews.net.br\\\/2022\\\/\",\"name\":\"Regi\u00e3o News\",\"description\":\"Site de Not\u00edcias de Barretos e regi\u00e3o\",\"publisher\":{\"@id\":\"https:\\\/\\\/regiaonews.net.br\\\/2022\\\/#organization\"},\"potentialAction\":[{\"@type\":\"SearchAction\",\"target\":{\"@type\":\"EntryPoint\",\"urlTemplate\":\"https:\\\/\\\/regiaonews.net.br\\\/2022\\\/?s={search_term_string}\"},\"query-input\":{\"@type\":\"PropertyValueSpecification\",\"valueRequired\":true,\"valueName\":\"search_term_string\"}}],\"inLanguage\":\"pt-BR\"},{\"@type\":\"Organization\",\"@id\":\"https:\\\/\\\/regiaonews.net.br\\\/2022\\\/#organization\",\"name\":\"Regi\u00e3o News\",\"url\":\"https:\\\/\\\/regiaonews.net.br\\\/2022\\\/\",\"logo\":{\"@type\":\"ImageObject\",\"inLanguage\":\"pt-BR\",\"@id\":\"https:\\\/\\\/regiaonews.net.br\\\/2022\\\/#\\\/schema\\\/logo\\\/image\\\/\",\"url\":\"https:\\\/\\\/regiaonews.net.br\\\/2022\\\/wp-content\\\/uploads\\\/2026\\\/03\\\/regiao-13-anos-scaled.jpg\",\"contentUrl\":\"https:\\\/\\\/regiaonews.net.br\\\/2022\\\/wp-content\\\/uploads\\\/2026\\\/03\\\/regiao-13-anos-scaled.jpg\",\"width\":2560,\"height\":635,\"caption\":\"Regi\u00e3o News\"},\"image\":{\"@id\":\"https:\\\/\\\/regiaonews.net.br\\\/2022\\\/#\\\/schema\\\/logo\\\/image\\\/\"}},{\"@type\":\"Person\",\"@id\":\"https:\\\/\\\/regiaonews.net.br\\\/2022\\\/#\\\/schema\\\/person\\\/2d205a608a5aa97ac279d7a5e6d89ad8\",\"name\":\"Roberto\",\"image\":{\"@type\":\"ImageObject\",\"inLanguage\":\"pt-BR\",\"@id\":\"https:\\\/\\\/secure.gravatar.com\\\/avatar\\\/42749d8b712ff9d59ca93dc150494e5b55a44134482993f5baeb97e61b7ecc89?s=96&d=mm&r=g\",\"url\":\"https:\\\/\\\/secure.gravatar.com\\\/avatar\\\/42749d8b712ff9d59ca93dc150494e5b55a44134482993f5baeb97e61b7ecc89?s=96&d=mm&r=g\",\"contentUrl\":\"https:\\\/\\\/secure.gravatar.com\\\/avatar\\\/42749d8b712ff9d59ca93dc150494e5b55a44134482993f5baeb97e61b7ecc89?s=96&d=mm&r=g\",\"caption\":\"Roberto\"},\"url\":\"https:\\\/\\\/regiaonews.net.br\\\/2022\\\/author\\\/roberto\\\/\"}]}<\/script>\n<!-- \/ Yoast SEO plugin. -->","yoast_head_json":{"title":"Fluminense conquista t\u00edtulo da Recopa Sul-Americana sobre a LDU - Regi\u00e3o News","robots":{"index":"index","follow":"follow","max-snippet":"max-snippet:-1","max-image-preview":"max-image-preview:large","max-video-preview":"max-video-preview:-1"},"canonical":"https:\/\/regiaonews.net.br\/2022\/2024\/03\/01\/fluminense-conquista-titulo-da-recopa-sul-americana-sobre-a-ldu\/","og_locale":"pt_BR","og_type":"article","og_title":"Fluminense conquista t\u00edtulo da Recopa Sul-Americana sobre a LDU - Regi\u00e3o News","og_description":"Jhon Arias marcou duas vezes para garantir o trof\u00e9u para","og_url":"https:\/\/regiaonews.net.br\/2022\/2024\/03\/01\/fluminense-conquista-titulo-da-recopa-sul-americana-sobre-a-ldu\/","og_site_name":"Regi\u00e3o News","article_published_time":"2024-03-01T16:23:06+00:00","og_image":[{"width":1170,"height":700,"url":"https:\/\/regiaonews.net.br\/2022\/wp-content\/uploads\/2024\/03\/53560679498_18a9187290_o.webp","type":"image\/webp"}],"author":"Roberto","twitter_card":"summary_large_image","twitter_misc":{"Escrito por":"Roberto","Est. tempo de leitura":"3 minutos"},"schema":{"@context":"https:\/\/schema.org","@graph":[{"@type":"Article","@id":"https:\/\/regiaonews.net.br\/2022\/2024\/03\/01\/fluminense-conquista-titulo-da-recopa-sul-americana-sobre-a-ldu\/#article","isPartOf":{"@id":"https:\/\/regiaonews.net.br\/2022\/2024\/03\/01\/fluminense-conquista-titulo-da-recopa-sul-americana-sobre-a-ldu\/"},"author":{"name":"Roberto","@id":"https:\/\/regiaonews.net.br\/2022\/#\/schema\/person\/2d205a608a5aa97ac279d7a5e6d89ad8"},"headline":"Fluminense conquista t\u00edtulo da Recopa Sul-Americana sobre a LDU","datePublished":"2024-03-01T16:23:06+00:00","mainEntityOfPage":{"@id":"https:\/\/regiaonews.net.br\/2022\/2024\/03\/01\/fluminense-conquista-titulo-da-recopa-sul-americana-sobre-a-ldu\/"},"wordCount":443,"commentCount":0,"publisher":{"@id":"https:\/\/regiaonews.net.br\/2022\/#organization"},"image":{"@id":"https:\/\/regiaonews.net.br\/2022\/2024\/03\/01\/fluminense-conquista-titulo-da-recopa-sul-americana-sobre-a-ldu\/#primaryimage"},"thumbnailUrl":"https:\/\/regiaonews.net.br\/2022\/wp-content\/uploads\/2024\/03\/53560679498_18a9187290_o.webp","articleSection":["Esporte","Geral"],"inLanguage":"pt-BR","potentialAction":[{"@type":"CommentAction","name":"Comment","target":["https:\/\/regiaonews.net.br\/2022\/2024\/03\/01\/fluminense-conquista-titulo-da-recopa-sul-americana-sobre-a-ldu\/#respond"]}]},{"@type":"WebPage","@id":"https:\/\/regiaonews.net.br\/2022\/2024\/03\/01\/fluminense-conquista-titulo-da-recopa-sul-americana-sobre-a-ldu\/","url":"https:\/\/regiaonews.net.br\/2022\/2024\/03\/01\/fluminense-conquista-titulo-da-recopa-sul-americana-sobre-a-ldu\/","name":"Fluminense conquista t\u00edtulo da Recopa Sul-Americana sobre a LDU - Regi\u00e3o News","isPartOf":{"@id":"https:\/\/regiaonews.net.br\/2022\/#website"},"primaryImageOfPage":{"@id":"https:\/\/regiaonews.net.br\/2022\/2024\/03\/01\/fluminense-conquista-titulo-da-recopa-sul-americana-sobre-a-ldu\/#primaryimage"},"image":{"@id":"https:\/\/regiaonews.net.br\/2022\/2024\/03\/01\/fluminense-conquista-titulo-da-recopa-sul-americana-sobre-a-ldu\/#primaryimage"},"thumbnailUrl":"https:\/\/regiaonews.net.br\/2022\/wp-content\/uploads\/2024\/03\/53560679498_18a9187290_o.webp","datePublished":"2024-03-01T16:23:06+00:00","breadcrumb":{"@id":"https:\/\/regiaonews.net.br\/2022\/2024\/03\/01\/fluminense-conquista-titulo-da-recopa-sul-americana-sobre-a-ldu\/#breadcrumb"},"inLanguage":"pt-BR","potentialAction":[{"@type":"ReadAction","target":["https:\/\/regiaonews.net.br\/2022\/2024\/03\/01\/fluminense-conquista-titulo-da-recopa-sul-americana-sobre-a-ldu\/"]}]},{"@type":"ImageObject","inLanguage":"pt-BR","@id":"https:\/\/regiaonews.net.br\/2022\/2024\/03\/01\/fluminense-conquista-titulo-da-recopa-sul-americana-sobre-a-ldu\/#primaryimage","url":"https:\/\/regiaonews.net.br\/2022\/wp-content\/uploads\/2024\/03\/53560679498_18a9187290_o.webp","contentUrl":"https:\/\/regiaonews.net.br\/2022\/wp-content\/uploads\/2024\/03\/53560679498_18a9187290_o.webp","width":1170,"height":700},{"@type":"BreadcrumbList","@id":"https:\/\/regiaonews.net.br\/2022\/2024\/03\/01\/fluminense-conquista-titulo-da-recopa-sul-americana-sobre-a-ldu\/#breadcrumb","itemListElement":[{"@type":"ListItem","position":1,"name":"In\u00edcio","item":"https:\/\/regiaonews.net.br\/2022\/"},{"@type":"ListItem","position":2,"name":"Fluminense conquista t\u00edtulo da Recopa Sul-Americana sobre a LDU"}]},{"@type":"WebSite","@id":"https:\/\/regiaonews.net.br\/2022\/#website","url":"https:\/\/regiaonews.net.br\/2022\/","name":"Regi\u00e3o News","description":"Site de Not\u00edcias de Barretos e regi\u00e3o","publisher":{"@id":"https:\/\/regiaonews.net.br\/2022\/#organization"},"potentialAction":[{"@type":"SearchAction","target":{"@type":"EntryPoint","urlTemplate":"https:\/\/regiaonews.net.br\/2022\/?s={search_term_string}"},"query-input":{"@type":"PropertyValueSpecification","valueRequired":true,"valueName":"search_term_string"}}],"inLanguage":"pt-BR"},{"@type":"Organization","@id":"https:\/\/regiaonews.net.br\/2022\/#organization","name":"Regi\u00e3o News","url":"https:\/\/regiaonews.net.br\/2022\/","logo":{"@type":"ImageObject","inLanguage":"pt-BR","@id":"https:\/\/regiaonews.net.br\/2022\/#\/schema\/logo\/image\/","url":"https:\/\/regiaonews.net.br\/2022\/wp-content\/uploads\/2026\/03\/regiao-13-anos-scaled.jpg","contentUrl":"https:\/\/regiaonews.net.br\/2022\/wp-content\/uploads\/2026\/03\/regiao-13-anos-scaled.jpg","width":2560,"height":635,"caption":"Regi\u00e3o News"},"image":{"@id":"https:\/\/regiaonews.net.br\/2022\/#\/schema\/logo\/image\/"}},{"@type":"Person","@id":"https:\/\/regiaonews.net.br\/2022\/#\/schema\/person\/2d205a608a5aa97ac279d7a5e6d89ad8","name":"Roberto","image":{"@type":"ImageObject","inLanguage":"pt-BR","@id":"https:\/\/secure.gravatar.com\/avatar\/42749d8b712ff9d59ca93dc150494e5b55a44134482993f5baeb97e61b7ecc89?s=96&d=mm&r=g","url":"https:\/\/secure.gravatar.com\/avatar\/42749d8b712ff9d59ca93dc150494e5b55a44134482993f5baeb97e61b7ecc89?s=96&d=mm&r=g","contentUrl":"https:\/\/secure.gravatar.com\/avatar\/42749d8b712ff9d59ca93dc150494e5b55a44134482993f5baeb97e61b7ecc89?s=96&d=mm&r=g","caption":"Roberto"},"url":"https:\/\/regiaonews.net.br\/2022\/author\/roberto\/"}]}},"publishpress_future_action":{"enabled":false,"date":"2026-05-03 09:22:32","action":"change-status","newStatus":"draft","terms":[],"taxonomy":"category","extraData":[]},"publishpress_future_workflow_manual_trigger":{"enabledWorkflows":[]},"_links":{"self":[{"href":"https:\/\/regiaonews.net.br\/2022\/wp-json\/wp\/v2\/posts\/101905","targetHints":{"allow":["GET"]}}],"collection":[{"href":"https:\/\/regiaonews.net.br\/2022\/wp-json\/wp\/v2\/posts"}],"about":[{"href":"https:\/\/regiaonews.net.br\/2022\/wp-json\/wp\/v2\/types\/post"}],"author":[{"embeddable":true,"href":"https:\/\/regiaonews.net.br\/2022\/wp-json\/wp\/v2\/users\/2"}],"replies":[{"embeddable":true,"href":"https:\/\/regiaonews.net.br\/2022\/wp-json\/wp\/v2\/comments?post=101905"}],"version-history":[{"count":1,"href":"https:\/\/regiaonews.net.br\/2022\/wp-json\/wp\/v2\/posts\/101905\/revisions"}],"predecessor-version":[{"id":101907,"href":"https:\/\/regiaonews.net.br\/2022\/wp-json\/wp\/v2\/posts\/101905\/revisions\/101907"}],"wp:featuredmedia":[{"embeddable":true,"href":"https:\/\/regiaonews.net.br\/2022\/wp-json\/wp\/v2\/media\/101906"}],"wp:attachment":[{"href":"https:\/\/regiaonews.net.br\/2022\/wp-json\/wp\/v2\/media?parent=101905"}],"wp:term":[{"taxonomy":"category","embeddable":true,"href":"https:\/\/regiaonews.net.br\/2022\/wp-json\/wp\/v2\/categories?post=101905"},{"taxonomy":"post_tag","embeddable":true,"href":"https:\/\/regiaonews.net.br\/2022\/wp-json\/wp\/v2\/tags?post=101905"}],"curies":[{"name":"wp","href":"https:\/\/api.w.org\/{rel}","templated":true}]}}