{"id":101896,"date":"2024-02-29T22:33:00","date_gmt":"2024-03-01T01:33:00","guid":{"rendered":"https:\/\/regiaonews.net.br\/2022\/?p=101896"},"modified":"2024-02-29T22:37:03","modified_gmt":"2024-03-01T01:37:03","slug":"consultor-apresenta-situacao-de-barretos-em-2023","status":"publish","type":"post","link":"https:\/\/regiaonews.net.br\/2022\/2024\/02\/29\/consultor-apresenta-situacao-de-barretos-em-2023\/","title":{"rendered":"Consultor apresenta situa\u00e7\u00e3o de Barretos em 2023"},"content":{"rendered":"<h1 class=\"mb-4\"><\/h1>\n<p>Em\u00a0<strong>Audi\u00eancia P\u00fablica\u00a0<\/strong>realizada na noite de\u00a0\u00a0<strong>quinta-feira (29),\u00a0 na C\u00e2mara, <\/strong>o consultor Gaspar da Costa\u00a0apresentou aos vereadores e \u00e0 popula\u00e7\u00e3o\u00a0<strong>a situa\u00e7\u00e3o financeira do Munic\u00edpio da Est\u00e2ncia Tur\u00edstica de Barretos nos meses de setembro\u00a0a dezembro de 2023.<\/strong><\/p>\n<p>&nbsp;<\/p>\n<p>Essa reuni\u00e3o, que tecnicamente \u00e9 chamada de demonstra\u00e7\u00e3o das Metas Fiscais,\u00a0\u00e9 uma\u00a0<strong>&#8216;presta\u00e7\u00e3o de contas&#8217;<\/strong>\u00a0de tudo o que a cidade de Barretos arrecadou (Receitas) e gastou (Despesas) no per\u00edodo.<\/p>\n<p>&nbsp;<\/p>\n<p>Por ser o \u00faltimo quadrimestre do ano, os n\u00fameros representam um\u00a0<strong>&#8220;resum\u00e3o&#8221; da situa\u00e7\u00e3o financeira da cidade em\u00a02023.<\/strong><\/p>\n<p>&nbsp;<\/p>\n<p>Foram apresentados,\u00a0em valores e porcentagem,\u00a0<strong>o quanto a Prefeitura investiu em cada \u00e1rea do Munic\u00edpio: Sa\u00fade, Educa\u00e7\u00e3o, Assist\u00eancia, \u00c1gua, Folha de Pagamento, Precat\u00f3rios e\u00a0outras, bem como informa\u00e7\u00f5es do SAAEB &#8211; Servi\u00e7o Aut\u00f4nomo de \u00c1gua e Esgoto de Barretos, IPMB &#8211; Instituto de Previd\u00eancia do Munic\u00edpio de Barretos e C\u00e2mara Municipal.<\/strong><\/p>\n<p>&nbsp;<\/p>\n<p>&nbsp;<\/p>\n<ul>\n<li><strong>Pela 1\u00aa vez em 10 anos, a Prefeitura n\u00e3o tem nenhuma d\u00edvida com a CPFL. Outras d\u00edvidas fundadas tamb\u00e9m foram finalizadas em 2023 ou at\u00e9 fev\/2024.<\/strong><\/li>\n<\/ul>\n<p>&nbsp;<\/p>\n<ul>\n<li><strong>A Secretaria de Finan\u00e7as gerou R$ 23,5 milh\u00f5es de recursos de receita financeira nos \u00faltimos 2 anos, deixando de ser deficit\u00e1rio para superavit\u00e1rio l\u00edquido nas opera\u00e7\u00f5es de receita e despesas financeiras;<\/strong><\/li>\n<\/ul>\n<p>&nbsp;<\/p>\n<ul>\n<li><strong>Fundeb insuficiente para pagamento da folha da educa\u00e7\u00e3o d\u00e9ficit de R$ 60 milh\u00f5es.<\/strong><\/li>\n<\/ul>\n<p>&nbsp;<\/p>\n<ul>\n<li><strong>Repasses da sa\u00fade s\u00e3o igualmente insuficientes para pagamento da folha de sa\u00fade. D\u00e9ficit de R$ 80,5 milh\u00f5es.<\/strong><\/li>\n<\/ul>\n<p>&nbsp;<\/p>\n<ul>\n<li><strong>Transporte Urbano Coletivo \u00e9 deficit\u00e1rio;<\/strong><\/li>\n<\/ul>\n<p>&nbsp;<\/p>\n<ul>\n<li><strong>Perda com ICMS de R$ 15,8 mi e Fundeb R$ 10,2 mi em rela\u00e7\u00e3o ao or\u00e7ado de 2023.<\/strong><\/li>\n<\/ul>\n<p>&nbsp;<\/p>\n<ul>\n<li><strong>Elevado investimento na folha de pagamento da educa\u00e7\u00e3o, derivados dos reajustes do piso do magist\u00e9rio e decis\u00f5es judiciais contra a prefeitura podem afetar o custeio da manuten\u00e7\u00e3o e desenvolvimento do ensino.<\/strong><\/li>\n<\/ul>\n<p>&nbsp;<\/p>\n<ul>\n<li><strong>Queda relevante de Receita Corrente L\u00edquida (RCL), R$ 51 milh\u00f5es prejudicou a execu\u00e7\u00e3o or\u00e7ament\u00e1ria.<\/strong><\/li>\n<\/ul>\n<p>&nbsp;<\/p>\n","protected":false},"excerpt":{"rendered":"<p>Em\u00a0Audi\u00eancia P\u00fablica\u00a0realizada na noite de\u00a0\u00a0quinta-feira (29),\u00a0 na C\u00e2mara, o consultor<\/p>\n","protected":false},"author":2,"featured_media":101897,"comment_status":"open","ping_status":"open","sticky":false,"template":"","format":"standard","meta":{"footnotes":""},"categories":[14,6],"tags":[],"class_list":["post-101896","post","type-post","status-publish","format-standard","has-post-thumbnail","hentry","category-barretos","category-colombia"],"yoast_head":"<!-- This site is optimized with the Yoast SEO plugin v27.4 - https:\/\/yoast.com\/product\/yoast-seo-wordpress\/ -->\n<title>Consultor apresenta situa\u00e7\u00e3o de Barretos em 2023 - Regi\u00e3o News<\/title>\n<meta name=\"robots\" content=\"index, follow, max-snippet:-1, max-image-preview:large, max-video-preview:-1\" \/>\n<link rel=\"canonical\" href=\"https:\/\/regiaonews.net.br\/2022\/2024\/02\/29\/consultor-apresenta-situacao-de-barretos-em-2023\/\" \/>\n<meta property=\"og:locale\" content=\"pt_BR\" \/>\n<meta property=\"og:type\" content=\"article\" \/>\n<meta property=\"og:title\" content=\"Consultor apresenta situa\u00e7\u00e3o de Barretos em 2023 - Regi\u00e3o News\" \/>\n<meta property=\"og:description\" content=\"Em\u00a0Audi\u00eancia P\u00fablica\u00a0realizada na noite de\u00a0\u00a0quinta-feira (29),\u00a0 na C\u00e2mara, o consultor\" \/>\n<meta property=\"og:url\" content=\"https:\/\/regiaonews.net.br\/2022\/2024\/02\/29\/consultor-apresenta-situacao-de-barretos-em-2023\/\" \/>\n<meta property=\"og:site_name\" content=\"Regi\u00e3o News\" \/>\n<meta property=\"article:published_time\" content=\"2024-03-01T01:33:00+00:00\" \/>\n<meta property=\"article:modified_time\" content=\"2024-03-01T01:37:03+00:00\" \/>\n<meta property=\"og:image\" content=\"https:\/\/regiaonews.net.br\/2022\/wp-content\/uploads\/2024\/02\/170925310665e121f26baed.webp\" \/>\n\t<meta property=\"og:image:width\" content=\"600\" \/>\n\t<meta property=\"og:image:height\" content=\"336\" \/>\n\t<meta property=\"og:image:type\" content=\"image\/webp\" \/>\n<meta name=\"author\" content=\"Roberto\" \/>\n<meta name=\"twitter:card\" content=\"summary_large_image\" \/>\n<meta name=\"twitter:label1\" content=\"Escrito por\" \/>\n\t<meta name=\"twitter:data1\" content=\"Roberto\" \/>\n\t<meta name=\"twitter:label2\" content=\"Est. tempo de leitura\" \/>\n\t<meta name=\"twitter:data2\" content=\"2 minutos\" \/>\n<script type=\"application\/ld+json\" class=\"yoast-schema-graph\">{\"@context\":\"https:\\\/\\\/schema.org\",\"@graph\":[{\"@type\":\"Article\",\"@id\":\"https:\\\/\\\/regiaonews.net.br\\\/2022\\\/2024\\\/02\\\/29\\\/consultor-apresenta-situacao-de-barretos-em-2023\\\/#article\",\"isPartOf\":{\"@id\":\"https:\\\/\\\/regiaonews.net.br\\\/2022\\\/2024\\\/02\\\/29\\\/consultor-apresenta-situacao-de-barretos-em-2023\\\/\"},\"author\":{\"name\":\"Roberto\",\"@id\":\"https:\\\/\\\/regiaonews.net.br\\\/2022\\\/#\\\/schema\\\/person\\\/2d205a608a5aa97ac279d7a5e6d89ad8\"},\"headline\":\"Consultor apresenta situa\u00e7\u00e3o de Barretos em 2023\",\"datePublished\":\"2024-03-01T01:33:00+00:00\",\"dateModified\":\"2024-03-01T01:37:03+00:00\",\"mainEntityOfPage\":{\"@id\":\"https:\\\/\\\/regiaonews.net.br\\\/2022\\\/2024\\\/02\\\/29\\\/consultor-apresenta-situacao-de-barretos-em-2023\\\/\"},\"wordCount\":355,\"commentCount\":0,\"publisher\":{\"@id\":\"https:\\\/\\\/regiaonews.net.br\\\/2022\\\/#organization\"},\"image\":{\"@id\":\"https:\\\/\\\/regiaonews.net.br\\\/2022\\\/2024\\\/02\\\/29\\\/consultor-apresenta-situacao-de-barretos-em-2023\\\/#primaryimage\"},\"thumbnailUrl\":\"https:\\\/\\\/regiaonews.net.br\\\/2022\\\/wp-content\\\/uploads\\\/2024\\\/02\\\/170925310665e121f26baed.webp\",\"articleSection\":[\"Barretos\",\"Col\u00f4mbia\"],\"inLanguage\":\"pt-BR\",\"potentialAction\":[{\"@type\":\"CommentAction\",\"name\":\"Comment\",\"target\":[\"https:\\\/\\\/regiaonews.net.br\\\/2022\\\/2024\\\/02\\\/29\\\/consultor-apresenta-situacao-de-barretos-em-2023\\\/#respond\"]}]},{\"@type\":\"WebPage\",\"@id\":\"https:\\\/\\\/regiaonews.net.br\\\/2022\\\/2024\\\/02\\\/29\\\/consultor-apresenta-situacao-de-barretos-em-2023\\\/\",\"url\":\"https:\\\/\\\/regiaonews.net.br\\\/2022\\\/2024\\\/02\\\/29\\\/consultor-apresenta-situacao-de-barretos-em-2023\\\/\",\"name\":\"Consultor apresenta situa\u00e7\u00e3o de Barretos em 2023 - Regi\u00e3o News\",\"isPartOf\":{\"@id\":\"https:\\\/\\\/regiaonews.net.br\\\/2022\\\/#website\"},\"primaryImageOfPage\":{\"@id\":\"https:\\\/\\\/regiaonews.net.br\\\/2022\\\/2024\\\/02\\\/29\\\/consultor-apresenta-situacao-de-barretos-em-2023\\\/#primaryimage\"},\"image\":{\"@id\":\"https:\\\/\\\/regiaonews.net.br\\\/2022\\\/2024\\\/02\\\/29\\\/consultor-apresenta-situacao-de-barretos-em-2023\\\/#primaryimage\"},\"thumbnailUrl\":\"https:\\\/\\\/regiaonews.net.br\\\/2022\\\/wp-content\\\/uploads\\\/2024\\\/02\\\/170925310665e121f26baed.webp\",\"datePublished\":\"2024-03-01T01:33:00+00:00\",\"dateModified\":\"2024-03-01T01:37:03+00:00\",\"breadcrumb\":{\"@id\":\"https:\\\/\\\/regiaonews.net.br\\\/2022\\\/2024\\\/02\\\/29\\\/consultor-apresenta-situacao-de-barretos-em-2023\\\/#breadcrumb\"},\"inLanguage\":\"pt-BR\",\"potentialAction\":[{\"@type\":\"ReadAction\",\"target\":[\"https:\\\/\\\/regiaonews.net.br\\\/2022\\\/2024\\\/02\\\/29\\\/consultor-apresenta-situacao-de-barretos-em-2023\\\/\"]}]},{\"@type\":\"ImageObject\",\"inLanguage\":\"pt-BR\",\"@id\":\"https:\\\/\\\/regiaonews.net.br\\\/2022\\\/2024\\\/02\\\/29\\\/consultor-apresenta-situacao-de-barretos-em-2023\\\/#primaryimage\",\"url\":\"https:\\\/\\\/regiaonews.net.br\\\/2022\\\/wp-content\\\/uploads\\\/2024\\\/02\\\/170925310665e121f26baed.webp\",\"contentUrl\":\"https:\\\/\\\/regiaonews.net.br\\\/2022\\\/wp-content\\\/uploads\\\/2024\\\/02\\\/170925310665e121f26baed.webp\",\"width\":600,\"height\":336},{\"@type\":\"BreadcrumbList\",\"@id\":\"https:\\\/\\\/regiaonews.net.br\\\/2022\\\/2024\\\/02\\\/29\\\/consultor-apresenta-situacao-de-barretos-em-2023\\\/#breadcrumb\",\"itemListElement\":[{\"@type\":\"ListItem\",\"position\":1,\"name\":\"In\u00edcio\",\"item\":\"https:\\\/\\\/regiaonews.net.br\\\/2022\\\/\"},{\"@type\":\"ListItem\",\"position\":2,\"name\":\"Consultor apresenta situa\u00e7\u00e3o de Barretos em 2023\"}]},{\"@type\":\"WebSite\",\"@id\":\"https:\\\/\\\/regiaonews.net.br\\\/2022\\\/#website\",\"url\":\"https:\\\/\\\/regiaonews.net.br\\\/2022\\\/\",\"name\":\"Regi\u00e3o News\",\"description\":\"Site de Not\u00edcias de Barretos e regi\u00e3o\",\"publisher\":{\"@id\":\"https:\\\/\\\/regiaonews.net.br\\\/2022\\\/#organization\"},\"potentialAction\":[{\"@type\":\"SearchAction\",\"target\":{\"@type\":\"EntryPoint\",\"urlTemplate\":\"https:\\\/\\\/regiaonews.net.br\\\/2022\\\/?s={search_term_string}\"},\"query-input\":{\"@type\":\"PropertyValueSpecification\",\"valueRequired\":true,\"valueName\":\"search_term_string\"}}],\"inLanguage\":\"pt-BR\"},{\"@type\":\"Organization\",\"@id\":\"https:\\\/\\\/regiaonews.net.br\\\/2022\\\/#organization\",\"name\":\"Regi\u00e3o News\",\"url\":\"https:\\\/\\\/regiaonews.net.br\\\/2022\\\/\",\"logo\":{\"@type\":\"ImageObject\",\"inLanguage\":\"pt-BR\",\"@id\":\"https:\\\/\\\/regiaonews.net.br\\\/2022\\\/#\\\/schema\\\/logo\\\/image\\\/\",\"url\":\"https:\\\/\\\/regiaonews.net.br\\\/2022\\\/wp-content\\\/uploads\\\/2026\\\/03\\\/regiao-13-anos-scaled.jpg\",\"contentUrl\":\"https:\\\/\\\/regiaonews.net.br\\\/2022\\\/wp-content\\\/uploads\\\/2026\\\/03\\\/regiao-13-anos-scaled.jpg\",\"width\":2560,\"height\":635,\"caption\":\"Regi\u00e3o News\"},\"image\":{\"@id\":\"https:\\\/\\\/regiaonews.net.br\\\/2022\\\/#\\\/schema\\\/logo\\\/image\\\/\"}},{\"@type\":\"Person\",\"@id\":\"https:\\\/\\\/regiaonews.net.br\\\/2022\\\/#\\\/schema\\\/person\\\/2d205a608a5aa97ac279d7a5e6d89ad8\",\"name\":\"Roberto\",\"image\":{\"@type\":\"ImageObject\",\"inLanguage\":\"pt-BR\",\"@id\":\"https:\\\/\\\/secure.gravatar.com\\\/avatar\\\/42749d8b712ff9d59ca93dc150494e5b55a44134482993f5baeb97e61b7ecc89?s=96&d=mm&r=g\",\"url\":\"https:\\\/\\\/secure.gravatar.com\\\/avatar\\\/42749d8b712ff9d59ca93dc150494e5b55a44134482993f5baeb97e61b7ecc89?s=96&d=mm&r=g\",\"contentUrl\":\"https:\\\/\\\/secure.gravatar.com\\\/avatar\\\/42749d8b712ff9d59ca93dc150494e5b55a44134482993f5baeb97e61b7ecc89?s=96&d=mm&r=g\",\"caption\":\"Roberto\"},\"url\":\"https:\\\/\\\/regiaonews.net.br\\\/2022\\\/author\\\/roberto\\\/\"}]}<\/script>\n<!-- \/ Yoast SEO plugin. -->","yoast_head_json":{"title":"Consultor apresenta situa\u00e7\u00e3o de Barretos em 2023 - Regi\u00e3o News","robots":{"index":"index","follow":"follow","max-snippet":"max-snippet:-1","max-image-preview":"max-image-preview:large","max-video-preview":"max-video-preview:-1"},"canonical":"https:\/\/regiaonews.net.br\/2022\/2024\/02\/29\/consultor-apresenta-situacao-de-barretos-em-2023\/","og_locale":"pt_BR","og_type":"article","og_title":"Consultor apresenta situa\u00e7\u00e3o de Barretos em 2023 - Regi\u00e3o News","og_description":"Em\u00a0Audi\u00eancia P\u00fablica\u00a0realizada na noite de\u00a0\u00a0quinta-feira (29),\u00a0 na C\u00e2mara, o consultor","og_url":"https:\/\/regiaonews.net.br\/2022\/2024\/02\/29\/consultor-apresenta-situacao-de-barretos-em-2023\/","og_site_name":"Regi\u00e3o News","article_published_time":"2024-03-01T01:33:00+00:00","article_modified_time":"2024-03-01T01:37:03+00:00","og_image":[{"width":600,"height":336,"url":"https:\/\/regiaonews.net.br\/2022\/wp-content\/uploads\/2024\/02\/170925310665e121f26baed.webp","type":"image\/webp"}],"author":"Roberto","twitter_card":"summary_large_image","twitter_misc":{"Escrito por":"Roberto","Est. tempo de leitura":"2 minutos"},"schema":{"@context":"https:\/\/schema.org","@graph":[{"@type":"Article","@id":"https:\/\/regiaonews.net.br\/2022\/2024\/02\/29\/consultor-apresenta-situacao-de-barretos-em-2023\/#article","isPartOf":{"@id":"https:\/\/regiaonews.net.br\/2022\/2024\/02\/29\/consultor-apresenta-situacao-de-barretos-em-2023\/"},"author":{"name":"Roberto","@id":"https:\/\/regiaonews.net.br\/2022\/#\/schema\/person\/2d205a608a5aa97ac279d7a5e6d89ad8"},"headline":"Consultor apresenta situa\u00e7\u00e3o de Barretos em 2023","datePublished":"2024-03-01T01:33:00+00:00","dateModified":"2024-03-01T01:37:03+00:00","mainEntityOfPage":{"@id":"https:\/\/regiaonews.net.br\/2022\/2024\/02\/29\/consultor-apresenta-situacao-de-barretos-em-2023\/"},"wordCount":355,"commentCount":0,"publisher":{"@id":"https:\/\/regiaonews.net.br\/2022\/#organization"},"image":{"@id":"https:\/\/regiaonews.net.br\/2022\/2024\/02\/29\/consultor-apresenta-situacao-de-barretos-em-2023\/#primaryimage"},"thumbnailUrl":"https:\/\/regiaonews.net.br\/2022\/wp-content\/uploads\/2024\/02\/170925310665e121f26baed.webp","articleSection":["Barretos","Col\u00f4mbia"],"inLanguage":"pt-BR","potentialAction":[{"@type":"CommentAction","name":"Comment","target":["https:\/\/regiaonews.net.br\/2022\/2024\/02\/29\/consultor-apresenta-situacao-de-barretos-em-2023\/#respond"]}]},{"@type":"WebPage","@id":"https:\/\/regiaonews.net.br\/2022\/2024\/02\/29\/consultor-apresenta-situacao-de-barretos-em-2023\/","url":"https:\/\/regiaonews.net.br\/2022\/2024\/02\/29\/consultor-apresenta-situacao-de-barretos-em-2023\/","name":"Consultor apresenta situa\u00e7\u00e3o de Barretos em 2023 - Regi\u00e3o News","isPartOf":{"@id":"https:\/\/regiaonews.net.br\/2022\/#website"},"primaryImageOfPage":{"@id":"https:\/\/regiaonews.net.br\/2022\/2024\/02\/29\/consultor-apresenta-situacao-de-barretos-em-2023\/#primaryimage"},"image":{"@id":"https:\/\/regiaonews.net.br\/2022\/2024\/02\/29\/consultor-apresenta-situacao-de-barretos-em-2023\/#primaryimage"},"thumbnailUrl":"https:\/\/regiaonews.net.br\/2022\/wp-content\/uploads\/2024\/02\/170925310665e121f26baed.webp","datePublished":"2024-03-01T01:33:00+00:00","dateModified":"2024-03-01T01:37:03+00:00","breadcrumb":{"@id":"https:\/\/regiaonews.net.br\/2022\/2024\/02\/29\/consultor-apresenta-situacao-de-barretos-em-2023\/#breadcrumb"},"inLanguage":"pt-BR","potentialAction":[{"@type":"ReadAction","target":["https:\/\/regiaonews.net.br\/2022\/2024\/02\/29\/consultor-apresenta-situacao-de-barretos-em-2023\/"]}]},{"@type":"ImageObject","inLanguage":"pt-BR","@id":"https:\/\/regiaonews.net.br\/2022\/2024\/02\/29\/consultor-apresenta-situacao-de-barretos-em-2023\/#primaryimage","url":"https:\/\/regiaonews.net.br\/2022\/wp-content\/uploads\/2024\/02\/170925310665e121f26baed.webp","contentUrl":"https:\/\/regiaonews.net.br\/2022\/wp-content\/uploads\/2024\/02\/170925310665e121f26baed.webp","width":600,"height":336},{"@type":"BreadcrumbList","@id":"https:\/\/regiaonews.net.br\/2022\/2024\/02\/29\/consultor-apresenta-situacao-de-barretos-em-2023\/#breadcrumb","itemListElement":[{"@type":"ListItem","position":1,"name":"In\u00edcio","item":"https:\/\/regiaonews.net.br\/2022\/"},{"@type":"ListItem","position":2,"name":"Consultor apresenta situa\u00e7\u00e3o de Barretos em 2023"}]},{"@type":"WebSite","@id":"https:\/\/regiaonews.net.br\/2022\/#website","url":"https:\/\/regiaonews.net.br\/2022\/","name":"Regi\u00e3o News","description":"Site de Not\u00edcias de Barretos e regi\u00e3o","publisher":{"@id":"https:\/\/regiaonews.net.br\/2022\/#organization"},"potentialAction":[{"@type":"SearchAction","target":{"@type":"EntryPoint","urlTemplate":"https:\/\/regiaonews.net.br\/2022\/?s={search_term_string}"},"query-input":{"@type":"PropertyValueSpecification","valueRequired":true,"valueName":"search_term_string"}}],"inLanguage":"pt-BR"},{"@type":"Organization","@id":"https:\/\/regiaonews.net.br\/2022\/#organization","name":"Regi\u00e3o News","url":"https:\/\/regiaonews.net.br\/2022\/","logo":{"@type":"ImageObject","inLanguage":"pt-BR","@id":"https:\/\/regiaonews.net.br\/2022\/#\/schema\/logo\/image\/","url":"https:\/\/regiaonews.net.br\/2022\/wp-content\/uploads\/2026\/03\/regiao-13-anos-scaled.jpg","contentUrl":"https:\/\/regiaonews.net.br\/2022\/wp-content\/uploads\/2026\/03\/regiao-13-anos-scaled.jpg","width":2560,"height":635,"caption":"Regi\u00e3o News"},"image":{"@id":"https:\/\/regiaonews.net.br\/2022\/#\/schema\/logo\/image\/"}},{"@type":"Person","@id":"https:\/\/regiaonews.net.br\/2022\/#\/schema\/person\/2d205a608a5aa97ac279d7a5e6d89ad8","name":"Roberto","image":{"@type":"ImageObject","inLanguage":"pt-BR","@id":"https:\/\/secure.gravatar.com\/avatar\/42749d8b712ff9d59ca93dc150494e5b55a44134482993f5baeb97e61b7ecc89?s=96&d=mm&r=g","url":"https:\/\/secure.gravatar.com\/avatar\/42749d8b712ff9d59ca93dc150494e5b55a44134482993f5baeb97e61b7ecc89?s=96&d=mm&r=g","contentUrl":"https:\/\/secure.gravatar.com\/avatar\/42749d8b712ff9d59ca93dc150494e5b55a44134482993f5baeb97e61b7ecc89?s=96&d=mm&r=g","caption":"Roberto"},"url":"https:\/\/regiaonews.net.br\/2022\/author\/roberto\/"}]}},"publishpress_future_action":{"enabled":false,"date":"2026-05-03 04:35:00","action":"change-status","newStatus":"draft","terms":[],"taxonomy":"category","extraData":[]},"publishpress_future_workflow_manual_trigger":{"enabledWorkflows":[]},"_links":{"self":[{"href":"https:\/\/regiaonews.net.br\/2022\/wp-json\/wp\/v2\/posts\/101896","targetHints":{"allow":["GET"]}}],"collection":[{"href":"https:\/\/regiaonews.net.br\/2022\/wp-json\/wp\/v2\/posts"}],"about":[{"href":"https:\/\/regiaonews.net.br\/2022\/wp-json\/wp\/v2\/types\/post"}],"author":[{"embeddable":true,"href":"https:\/\/regiaonews.net.br\/2022\/wp-json\/wp\/v2\/users\/2"}],"replies":[{"embeddable":true,"href":"https:\/\/regiaonews.net.br\/2022\/wp-json\/wp\/v2\/comments?post=101896"}],"version-history":[{"count":1,"href":"https:\/\/regiaonews.net.br\/2022\/wp-json\/wp\/v2\/posts\/101896\/revisions"}],"predecessor-version":[{"id":101898,"href":"https:\/\/regiaonews.net.br\/2022\/wp-json\/wp\/v2\/posts\/101896\/revisions\/101898"}],"wp:featuredmedia":[{"embeddable":true,"href":"https:\/\/regiaonews.net.br\/2022\/wp-json\/wp\/v2\/media\/101897"}],"wp:attachment":[{"href":"https:\/\/regiaonews.net.br\/2022\/wp-json\/wp\/v2\/media?parent=101896"}],"wp:term":[{"taxonomy":"category","embeddable":true,"href":"https:\/\/regiaonews.net.br\/2022\/wp-json\/wp\/v2\/categories?post=101896"},{"taxonomy":"post_tag","embeddable":true,"href":"https:\/\/regiaonews.net.br\/2022\/wp-json\/wp\/v2\/tags?post=101896"}],"curies":[{"name":"wp","href":"https:\/\/api.w.org\/{rel}","templated":true}]}}