{"id":101804,"date":"2024-02-28T16:30:13","date_gmt":"2024-02-28T19:30:13","guid":{"rendered":"https:\/\/regiaonews.net.br\/2022\/?p=101804"},"modified":"2024-02-28T17:20:25","modified_gmt":"2024-02-28T20:20:25","slug":"participantes-do-curso-de-pizzaiolo-realizam-aula-pratica-nesta-terca-feira-dia-27","status":"publish","type":"post","link":"https:\/\/regiaonews.net.br\/2022\/2024\/02\/28\/participantes-do-curso-de-pizzaiolo-realizam-aula-pratica-nesta-terca-feira-dia-27\/","title":{"rendered":"Participantes do curso de pizzaiolo realizam aula pr\u00e1tica nesta ter\u00e7a-feira, dia 27"},"content":{"rendered":"<p style=\"text-align: center;\">Alunos receber\u00e3o certificado de conclus\u00e3o e qualifica\u00e7\u00e3o profissional<\/p>\n<p>Na tarde desta ter\u00e7a-feira, dia 27, os alunos do curso de pazzaiolo realizaram aula pr\u00e1tica na pizzaria Art Pizza, localizada no bairro Mar\u00edlia, acompanhados da equipe t\u00e9cnica do Centro de Refer\u00eancia Especializado de Assist\u00eancia Social (CREAS), e de Almir Pereira da Silva, professor e propriet\u00e1rio da pizzaria.<\/p>\n<p>As aulas come\u00e7aram em 30 de janeiro e a conclus\u00e3o est\u00e1 prevista para 26 de mar\u00e7o, com entrega de certificados aos alunos. O curso tem como p\u00fablico-alvo jovens a partir de 14 anos e possui carga hor\u00e1ria de 24 horas, com aulas te\u00f3ricas e pr\u00e1ticas voltadas para o dia a dia de uma pizzaria. Trata-se de uma iniciativa do munic\u00edpio, que prov\u00e9m os recursos para contrata\u00e7\u00e3o, feita por licita\u00e7\u00e3o, do professor e dos materiais utilizados nas aulas.<\/p>\n<p>O curso de pizzaiolo \u00e9 ofertado por meio Secretaria Municipal de Assist\u00eancia Social e Desenvolvimento Humano (SMASDH) E O Centro de Refer\u00eancia Especializado de Assist\u00eancia Social (CREAS). Ao proporcionar qualifica\u00e7\u00e3o profissional, visa ampliar a possibilidade de inserir esses jovens e adolescentes no mercado de trabalho.<\/p>\n<p>Maria das Dores da Silva Ribeiro, coordenadora do CREAS, destaca a import\u00e2ncia de cursos ofertados para os jovens e adolescentes atendidos pelo Centro. \u201cGrande parte do p\u00fablico atendido no CREAS s\u00e3o pessoas que est\u00e3o em situa\u00e7\u00e3o de vulnerabilidade social e n\u00e3o disp\u00f5em de recursos financeiros para pagar uma qualifica\u00e7\u00e3o profissional. Portanto, al\u00e9m de ampliar os conhecimentos, esses cursos que oferecemos facilitam o ingresso no mercado de trabalho, a conquista do primeiro emprego\u201d, ressaltou.<\/p>\n<p>Assimp-127-2024<br \/>\nReda\u00e7\u00e3o: Assessoria de imprensa, com contribui\u00e7\u00e3o de Terezinha Marques em est\u00e1gio supervisionado<br \/>\nFotos:\u00a0Nivaldo\u00a0Jr.<\/p>\n","protected":false},"excerpt":{"rendered":"<p>Alunos receber\u00e3o certificado de conclus\u00e3o e qualifica\u00e7\u00e3o profissional Na tarde<\/p>\n","protected":false},"author":2,"featured_media":101812,"comment_status":"open","ping_status":"open","sticky":false,"template":"","format":"standard","meta":{"footnotes":""},"categories":[14,3],"tags":[],"class_list":["post-101804","post","type-post","status-publish","format-standard","has-post-thumbnail","hentry","category-barretos","category-geral"],"yoast_head":"<!-- This site is optimized with the Yoast SEO plugin v27.4 - https:\/\/yoast.com\/product\/yoast-seo-wordpress\/ -->\n<title>Participantes do curso de pizzaiolo realizam aula pr\u00e1tica nesta ter\u00e7a-feira, dia 27 - Regi\u00e3o News<\/title>\n<meta name=\"robots\" content=\"index, follow, max-snippet:-1, max-image-preview:large, max-video-preview:-1\" \/>\n<link rel=\"canonical\" href=\"https:\/\/regiaonews.net.br\/2022\/2024\/02\/28\/participantes-do-curso-de-pizzaiolo-realizam-aula-pratica-nesta-terca-feira-dia-27\/\" \/>\n<meta property=\"og:locale\" content=\"pt_BR\" \/>\n<meta property=\"og:type\" content=\"article\" \/>\n<meta property=\"og:title\" content=\"Participantes do curso de pizzaiolo realizam aula pr\u00e1tica nesta ter\u00e7a-feira, dia 27 - Regi\u00e3o News\" \/>\n<meta property=\"og:description\" content=\"Alunos receber\u00e3o certificado de conclus\u00e3o e qualifica\u00e7\u00e3o profissional Na tarde\" \/>\n<meta property=\"og:url\" content=\"https:\/\/regiaonews.net.br\/2022\/2024\/02\/28\/participantes-do-curso-de-pizzaiolo-realizam-aula-pratica-nesta-terca-feira-dia-27\/\" \/>\n<meta property=\"og:site_name\" content=\"Regi\u00e3o News\" \/>\n<meta property=\"article:published_time\" content=\"2024-02-28T19:30:13+00:00\" \/>\n<meta property=\"article:modified_time\" content=\"2024-02-28T20:20:25+00:00\" \/>\n<meta property=\"og:image\" content=\"https:\/\/regiaonews.net.br\/2022\/wp-content\/uploads\/2024\/02\/WhatsApp-Image-2024-02-28-at-14.01.52.jpeg\" \/>\n\t<meta property=\"og:image:width\" content=\"1280\" \/>\n\t<meta property=\"og:image:height\" content=\"960\" \/>\n\t<meta property=\"og:image:type\" content=\"image\/jpeg\" \/>\n<meta name=\"author\" content=\"Roberto\" \/>\n<meta name=\"twitter:card\" content=\"summary_large_image\" \/>\n<meta name=\"twitter:label1\" content=\"Escrito por\" \/>\n\t<meta name=\"twitter:data1\" content=\"Roberto\" \/>\n\t<meta name=\"twitter:label2\" content=\"Est. tempo de leitura\" \/>\n\t<meta name=\"twitter:data2\" content=\"2 minutos\" \/>\n<script type=\"application\/ld+json\" class=\"yoast-schema-graph\">{\"@context\":\"https:\\\/\\\/schema.org\",\"@graph\":[{\"@type\":\"Article\",\"@id\":\"https:\\\/\\\/regiaonews.net.br\\\/2022\\\/2024\\\/02\\\/28\\\/participantes-do-curso-de-pizzaiolo-realizam-aula-pratica-nesta-terca-feira-dia-27\\\/#article\",\"isPartOf\":{\"@id\":\"https:\\\/\\\/regiaonews.net.br\\\/2022\\\/2024\\\/02\\\/28\\\/participantes-do-curso-de-pizzaiolo-realizam-aula-pratica-nesta-terca-feira-dia-27\\\/\"},\"author\":{\"name\":\"Roberto\",\"@id\":\"https:\\\/\\\/regiaonews.net.br\\\/2022\\\/#\\\/schema\\\/person\\\/2d205a608a5aa97ac279d7a5e6d89ad8\"},\"headline\":\"Participantes do curso de pizzaiolo realizam aula pr\u00e1tica nesta ter\u00e7a-feira, dia 27\",\"datePublished\":\"2024-02-28T19:30:13+00:00\",\"dateModified\":\"2024-02-28T20:20:25+00:00\",\"mainEntityOfPage\":{\"@id\":\"https:\\\/\\\/regiaonews.net.br\\\/2022\\\/2024\\\/02\\\/28\\\/participantes-do-curso-de-pizzaiolo-realizam-aula-pratica-nesta-terca-feira-dia-27\\\/\"},\"wordCount\":311,\"commentCount\":0,\"publisher\":{\"@id\":\"https:\\\/\\\/regiaonews.net.br\\\/2022\\\/#organization\"},\"image\":{\"@id\":\"https:\\\/\\\/regiaonews.net.br\\\/2022\\\/2024\\\/02\\\/28\\\/participantes-do-curso-de-pizzaiolo-realizam-aula-pratica-nesta-terca-feira-dia-27\\\/#primaryimage\"},\"thumbnailUrl\":\"https:\\\/\\\/regiaonews.net.br\\\/2022\\\/wp-content\\\/uploads\\\/2024\\\/02\\\/WhatsApp-Image-2024-02-28-at-14.01.52.jpeg\",\"articleSection\":[\"Barretos\",\"Geral\"],\"inLanguage\":\"pt-BR\",\"potentialAction\":[{\"@type\":\"CommentAction\",\"name\":\"Comment\",\"target\":[\"https:\\\/\\\/regiaonews.net.br\\\/2022\\\/2024\\\/02\\\/28\\\/participantes-do-curso-de-pizzaiolo-realizam-aula-pratica-nesta-terca-feira-dia-27\\\/#respond\"]}]},{\"@type\":\"WebPage\",\"@id\":\"https:\\\/\\\/regiaonews.net.br\\\/2022\\\/2024\\\/02\\\/28\\\/participantes-do-curso-de-pizzaiolo-realizam-aula-pratica-nesta-terca-feira-dia-27\\\/\",\"url\":\"https:\\\/\\\/regiaonews.net.br\\\/2022\\\/2024\\\/02\\\/28\\\/participantes-do-curso-de-pizzaiolo-realizam-aula-pratica-nesta-terca-feira-dia-27\\\/\",\"name\":\"Participantes do curso de pizzaiolo realizam aula pr\u00e1tica nesta ter\u00e7a-feira, dia 27 - Regi\u00e3o News\",\"isPartOf\":{\"@id\":\"https:\\\/\\\/regiaonews.net.br\\\/2022\\\/#website\"},\"primaryImageOfPage\":{\"@id\":\"https:\\\/\\\/regiaonews.net.br\\\/2022\\\/2024\\\/02\\\/28\\\/participantes-do-curso-de-pizzaiolo-realizam-aula-pratica-nesta-terca-feira-dia-27\\\/#primaryimage\"},\"image\":{\"@id\":\"https:\\\/\\\/regiaonews.net.br\\\/2022\\\/2024\\\/02\\\/28\\\/participantes-do-curso-de-pizzaiolo-realizam-aula-pratica-nesta-terca-feira-dia-27\\\/#primaryimage\"},\"thumbnailUrl\":\"https:\\\/\\\/regiaonews.net.br\\\/2022\\\/wp-content\\\/uploads\\\/2024\\\/02\\\/WhatsApp-Image-2024-02-28-at-14.01.52.jpeg\",\"datePublished\":\"2024-02-28T19:30:13+00:00\",\"dateModified\":\"2024-02-28T20:20:25+00:00\",\"breadcrumb\":{\"@id\":\"https:\\\/\\\/regiaonews.net.br\\\/2022\\\/2024\\\/02\\\/28\\\/participantes-do-curso-de-pizzaiolo-realizam-aula-pratica-nesta-terca-feira-dia-27\\\/#breadcrumb\"},\"inLanguage\":\"pt-BR\",\"potentialAction\":[{\"@type\":\"ReadAction\",\"target\":[\"https:\\\/\\\/regiaonews.net.br\\\/2022\\\/2024\\\/02\\\/28\\\/participantes-do-curso-de-pizzaiolo-realizam-aula-pratica-nesta-terca-feira-dia-27\\\/\"]}]},{\"@type\":\"ImageObject\",\"inLanguage\":\"pt-BR\",\"@id\":\"https:\\\/\\\/regiaonews.net.br\\\/2022\\\/2024\\\/02\\\/28\\\/participantes-do-curso-de-pizzaiolo-realizam-aula-pratica-nesta-terca-feira-dia-27\\\/#primaryimage\",\"url\":\"https:\\\/\\\/regiaonews.net.br\\\/2022\\\/wp-content\\\/uploads\\\/2024\\\/02\\\/WhatsApp-Image-2024-02-28-at-14.01.52.jpeg\",\"contentUrl\":\"https:\\\/\\\/regiaonews.net.br\\\/2022\\\/wp-content\\\/uploads\\\/2024\\\/02\\\/WhatsApp-Image-2024-02-28-at-14.01.52.jpeg\",\"width\":1280,\"height\":960},{\"@type\":\"BreadcrumbList\",\"@id\":\"https:\\\/\\\/regiaonews.net.br\\\/2022\\\/2024\\\/02\\\/28\\\/participantes-do-curso-de-pizzaiolo-realizam-aula-pratica-nesta-terca-feira-dia-27\\\/#breadcrumb\",\"itemListElement\":[{\"@type\":\"ListItem\",\"position\":1,\"name\":\"In\u00edcio\",\"item\":\"https:\\\/\\\/regiaonews.net.br\\\/2022\\\/\"},{\"@type\":\"ListItem\",\"position\":2,\"name\":\"Participantes do curso de pizzaiolo realizam aula pr\u00e1tica nesta ter\u00e7a-feira, dia 27\"}]},{\"@type\":\"WebSite\",\"@id\":\"https:\\\/\\\/regiaonews.net.br\\\/2022\\\/#website\",\"url\":\"https:\\\/\\\/regiaonews.net.br\\\/2022\\\/\",\"name\":\"Regi\u00e3o News\",\"description\":\"Site de Not\u00edcias de Barretos e regi\u00e3o\",\"publisher\":{\"@id\":\"https:\\\/\\\/regiaonews.net.br\\\/2022\\\/#organization\"},\"potentialAction\":[{\"@type\":\"SearchAction\",\"target\":{\"@type\":\"EntryPoint\",\"urlTemplate\":\"https:\\\/\\\/regiaonews.net.br\\\/2022\\\/?s={search_term_string}\"},\"query-input\":{\"@type\":\"PropertyValueSpecification\",\"valueRequired\":true,\"valueName\":\"search_term_string\"}}],\"inLanguage\":\"pt-BR\"},{\"@type\":\"Organization\",\"@id\":\"https:\\\/\\\/regiaonews.net.br\\\/2022\\\/#organization\",\"name\":\"Regi\u00e3o News\",\"url\":\"https:\\\/\\\/regiaonews.net.br\\\/2022\\\/\",\"logo\":{\"@type\":\"ImageObject\",\"inLanguage\":\"pt-BR\",\"@id\":\"https:\\\/\\\/regiaonews.net.br\\\/2022\\\/#\\\/schema\\\/logo\\\/image\\\/\",\"url\":\"https:\\\/\\\/regiaonews.net.br\\\/2022\\\/wp-content\\\/uploads\\\/2026\\\/03\\\/regiao-13-anos-scaled.jpg\",\"contentUrl\":\"https:\\\/\\\/regiaonews.net.br\\\/2022\\\/wp-content\\\/uploads\\\/2026\\\/03\\\/regiao-13-anos-scaled.jpg\",\"width\":2560,\"height\":635,\"caption\":\"Regi\u00e3o News\"},\"image\":{\"@id\":\"https:\\\/\\\/regiaonews.net.br\\\/2022\\\/#\\\/schema\\\/logo\\\/image\\\/\"}},{\"@type\":\"Person\",\"@id\":\"https:\\\/\\\/regiaonews.net.br\\\/2022\\\/#\\\/schema\\\/person\\\/2d205a608a5aa97ac279d7a5e6d89ad8\",\"name\":\"Roberto\",\"image\":{\"@type\":\"ImageObject\",\"inLanguage\":\"pt-BR\",\"@id\":\"https:\\\/\\\/secure.gravatar.com\\\/avatar\\\/42749d8b712ff9d59ca93dc150494e5b55a44134482993f5baeb97e61b7ecc89?s=96&d=mm&r=g\",\"url\":\"https:\\\/\\\/secure.gravatar.com\\\/avatar\\\/42749d8b712ff9d59ca93dc150494e5b55a44134482993f5baeb97e61b7ecc89?s=96&d=mm&r=g\",\"contentUrl\":\"https:\\\/\\\/secure.gravatar.com\\\/avatar\\\/42749d8b712ff9d59ca93dc150494e5b55a44134482993f5baeb97e61b7ecc89?s=96&d=mm&r=g\",\"caption\":\"Roberto\"},\"url\":\"https:\\\/\\\/regiaonews.net.br\\\/2022\\\/author\\\/roberto\\\/\"}]}<\/script>\n<!-- \/ Yoast SEO plugin. -->","yoast_head_json":{"title":"Participantes do curso de pizzaiolo realizam aula pr\u00e1tica nesta ter\u00e7a-feira, dia 27 - Regi\u00e3o News","robots":{"index":"index","follow":"follow","max-snippet":"max-snippet:-1","max-image-preview":"max-image-preview:large","max-video-preview":"max-video-preview:-1"},"canonical":"https:\/\/regiaonews.net.br\/2022\/2024\/02\/28\/participantes-do-curso-de-pizzaiolo-realizam-aula-pratica-nesta-terca-feira-dia-27\/","og_locale":"pt_BR","og_type":"article","og_title":"Participantes do curso de pizzaiolo realizam aula pr\u00e1tica nesta ter\u00e7a-feira, dia 27 - Regi\u00e3o News","og_description":"Alunos receber\u00e3o certificado de conclus\u00e3o e qualifica\u00e7\u00e3o profissional Na tarde","og_url":"https:\/\/regiaonews.net.br\/2022\/2024\/02\/28\/participantes-do-curso-de-pizzaiolo-realizam-aula-pratica-nesta-terca-feira-dia-27\/","og_site_name":"Regi\u00e3o News","article_published_time":"2024-02-28T19:30:13+00:00","article_modified_time":"2024-02-28T20:20:25+00:00","og_image":[{"width":1280,"height":960,"url":"https:\/\/regiaonews.net.br\/2022\/wp-content\/uploads\/2024\/02\/WhatsApp-Image-2024-02-28-at-14.01.52.jpeg","type":"image\/jpeg"}],"author":"Roberto","twitter_card":"summary_large_image","twitter_misc":{"Escrito por":"Roberto","Est. tempo de leitura":"2 minutos"},"schema":{"@context":"https:\/\/schema.org","@graph":[{"@type":"Article","@id":"https:\/\/regiaonews.net.br\/2022\/2024\/02\/28\/participantes-do-curso-de-pizzaiolo-realizam-aula-pratica-nesta-terca-feira-dia-27\/#article","isPartOf":{"@id":"https:\/\/regiaonews.net.br\/2022\/2024\/02\/28\/participantes-do-curso-de-pizzaiolo-realizam-aula-pratica-nesta-terca-feira-dia-27\/"},"author":{"name":"Roberto","@id":"https:\/\/regiaonews.net.br\/2022\/#\/schema\/person\/2d205a608a5aa97ac279d7a5e6d89ad8"},"headline":"Participantes do curso de pizzaiolo realizam aula pr\u00e1tica nesta ter\u00e7a-feira, dia 27","datePublished":"2024-02-28T19:30:13+00:00","dateModified":"2024-02-28T20:20:25+00:00","mainEntityOfPage":{"@id":"https:\/\/regiaonews.net.br\/2022\/2024\/02\/28\/participantes-do-curso-de-pizzaiolo-realizam-aula-pratica-nesta-terca-feira-dia-27\/"},"wordCount":311,"commentCount":0,"publisher":{"@id":"https:\/\/regiaonews.net.br\/2022\/#organization"},"image":{"@id":"https:\/\/regiaonews.net.br\/2022\/2024\/02\/28\/participantes-do-curso-de-pizzaiolo-realizam-aula-pratica-nesta-terca-feira-dia-27\/#primaryimage"},"thumbnailUrl":"https:\/\/regiaonews.net.br\/2022\/wp-content\/uploads\/2024\/02\/WhatsApp-Image-2024-02-28-at-14.01.52.jpeg","articleSection":["Barretos","Geral"],"inLanguage":"pt-BR","potentialAction":[{"@type":"CommentAction","name":"Comment","target":["https:\/\/regiaonews.net.br\/2022\/2024\/02\/28\/participantes-do-curso-de-pizzaiolo-realizam-aula-pratica-nesta-terca-feira-dia-27\/#respond"]}]},{"@type":"WebPage","@id":"https:\/\/regiaonews.net.br\/2022\/2024\/02\/28\/participantes-do-curso-de-pizzaiolo-realizam-aula-pratica-nesta-terca-feira-dia-27\/","url":"https:\/\/regiaonews.net.br\/2022\/2024\/02\/28\/participantes-do-curso-de-pizzaiolo-realizam-aula-pratica-nesta-terca-feira-dia-27\/","name":"Participantes do curso de pizzaiolo realizam aula pr\u00e1tica nesta ter\u00e7a-feira, dia 27 - Regi\u00e3o News","isPartOf":{"@id":"https:\/\/regiaonews.net.br\/2022\/#website"},"primaryImageOfPage":{"@id":"https:\/\/regiaonews.net.br\/2022\/2024\/02\/28\/participantes-do-curso-de-pizzaiolo-realizam-aula-pratica-nesta-terca-feira-dia-27\/#primaryimage"},"image":{"@id":"https:\/\/regiaonews.net.br\/2022\/2024\/02\/28\/participantes-do-curso-de-pizzaiolo-realizam-aula-pratica-nesta-terca-feira-dia-27\/#primaryimage"},"thumbnailUrl":"https:\/\/regiaonews.net.br\/2022\/wp-content\/uploads\/2024\/02\/WhatsApp-Image-2024-02-28-at-14.01.52.jpeg","datePublished":"2024-02-28T19:30:13+00:00","dateModified":"2024-02-28T20:20:25+00:00","breadcrumb":{"@id":"https:\/\/regiaonews.net.br\/2022\/2024\/02\/28\/participantes-do-curso-de-pizzaiolo-realizam-aula-pratica-nesta-terca-feira-dia-27\/#breadcrumb"},"inLanguage":"pt-BR","potentialAction":[{"@type":"ReadAction","target":["https:\/\/regiaonews.net.br\/2022\/2024\/02\/28\/participantes-do-curso-de-pizzaiolo-realizam-aula-pratica-nesta-terca-feira-dia-27\/"]}]},{"@type":"ImageObject","inLanguage":"pt-BR","@id":"https:\/\/regiaonews.net.br\/2022\/2024\/02\/28\/participantes-do-curso-de-pizzaiolo-realizam-aula-pratica-nesta-terca-feira-dia-27\/#primaryimage","url":"https:\/\/regiaonews.net.br\/2022\/wp-content\/uploads\/2024\/02\/WhatsApp-Image-2024-02-28-at-14.01.52.jpeg","contentUrl":"https:\/\/regiaonews.net.br\/2022\/wp-content\/uploads\/2024\/02\/WhatsApp-Image-2024-02-28-at-14.01.52.jpeg","width":1280,"height":960},{"@type":"BreadcrumbList","@id":"https:\/\/regiaonews.net.br\/2022\/2024\/02\/28\/participantes-do-curso-de-pizzaiolo-realizam-aula-pratica-nesta-terca-feira-dia-27\/#breadcrumb","itemListElement":[{"@type":"ListItem","position":1,"name":"In\u00edcio","item":"https:\/\/regiaonews.net.br\/2022\/"},{"@type":"ListItem","position":2,"name":"Participantes do curso de pizzaiolo realizam aula pr\u00e1tica nesta ter\u00e7a-feira, dia 27"}]},{"@type":"WebSite","@id":"https:\/\/regiaonews.net.br\/2022\/#website","url":"https:\/\/regiaonews.net.br\/2022\/","name":"Regi\u00e3o News","description":"Site de Not\u00edcias de Barretos e regi\u00e3o","publisher":{"@id":"https:\/\/regiaonews.net.br\/2022\/#organization"},"potentialAction":[{"@type":"SearchAction","target":{"@type":"EntryPoint","urlTemplate":"https:\/\/regiaonews.net.br\/2022\/?s={search_term_string}"},"query-input":{"@type":"PropertyValueSpecification","valueRequired":true,"valueName":"search_term_string"}}],"inLanguage":"pt-BR"},{"@type":"Organization","@id":"https:\/\/regiaonews.net.br\/2022\/#organization","name":"Regi\u00e3o News","url":"https:\/\/regiaonews.net.br\/2022\/","logo":{"@type":"ImageObject","inLanguage":"pt-BR","@id":"https:\/\/regiaonews.net.br\/2022\/#\/schema\/logo\/image\/","url":"https:\/\/regiaonews.net.br\/2022\/wp-content\/uploads\/2026\/03\/regiao-13-anos-scaled.jpg","contentUrl":"https:\/\/regiaonews.net.br\/2022\/wp-content\/uploads\/2026\/03\/regiao-13-anos-scaled.jpg","width":2560,"height":635,"caption":"Regi\u00e3o News"},"image":{"@id":"https:\/\/regiaonews.net.br\/2022\/#\/schema\/logo\/image\/"}},{"@type":"Person","@id":"https:\/\/regiaonews.net.br\/2022\/#\/schema\/person\/2d205a608a5aa97ac279d7a5e6d89ad8","name":"Roberto","image":{"@type":"ImageObject","inLanguage":"pt-BR","@id":"https:\/\/secure.gravatar.com\/avatar\/42749d8b712ff9d59ca93dc150494e5b55a44134482993f5baeb97e61b7ecc89?s=96&d=mm&r=g","url":"https:\/\/secure.gravatar.com\/avatar\/42749d8b712ff9d59ca93dc150494e5b55a44134482993f5baeb97e61b7ecc89?s=96&d=mm&r=g","contentUrl":"https:\/\/secure.gravatar.com\/avatar\/42749d8b712ff9d59ca93dc150494e5b55a44134482993f5baeb97e61b7ecc89?s=96&d=mm&r=g","caption":"Roberto"},"url":"https:\/\/regiaonews.net.br\/2022\/author\/roberto\/"}]}},"publishpress_future_action":{"enabled":false,"date":"2026-05-03 23:58:28","action":"change-status","newStatus":"draft","terms":[],"taxonomy":"category","extraData":[]},"publishpress_future_workflow_manual_trigger":{"enabledWorkflows":[]},"_links":{"self":[{"href":"https:\/\/regiaonews.net.br\/2022\/wp-json\/wp\/v2\/posts\/101804","targetHints":{"allow":["GET"]}}],"collection":[{"href":"https:\/\/regiaonews.net.br\/2022\/wp-json\/wp\/v2\/posts"}],"about":[{"href":"https:\/\/regiaonews.net.br\/2022\/wp-json\/wp\/v2\/types\/post"}],"author":[{"embeddable":true,"href":"https:\/\/regiaonews.net.br\/2022\/wp-json\/wp\/v2\/users\/2"}],"replies":[{"embeddable":true,"href":"https:\/\/regiaonews.net.br\/2022\/wp-json\/wp\/v2\/comments?post=101804"}],"version-history":[{"count":3,"href":"https:\/\/regiaonews.net.br\/2022\/wp-json\/wp\/v2\/posts\/101804\/revisions"}],"predecessor-version":[{"id":101814,"href":"https:\/\/regiaonews.net.br\/2022\/wp-json\/wp\/v2\/posts\/101804\/revisions\/101814"}],"wp:featuredmedia":[{"embeddable":true,"href":"https:\/\/regiaonews.net.br\/2022\/wp-json\/wp\/v2\/media\/101812"}],"wp:attachment":[{"href":"https:\/\/regiaonews.net.br\/2022\/wp-json\/wp\/v2\/media?parent=101804"}],"wp:term":[{"taxonomy":"category","embeddable":true,"href":"https:\/\/regiaonews.net.br\/2022\/wp-json\/wp\/v2\/categories?post=101804"},{"taxonomy":"post_tag","embeddable":true,"href":"https:\/\/regiaonews.net.br\/2022\/wp-json\/wp\/v2\/tags?post=101804"}],"curies":[{"name":"wp","href":"https:\/\/api.w.org\/{rel}","templated":true}]}}