{"id":101801,"date":"2024-02-28T16:29:15","date_gmt":"2024-02-28T19:29:15","guid":{"rendered":"https:\/\/regiaonews.net.br\/2022\/?p=101801"},"modified":"2024-02-28T17:22:25","modified_gmt":"2024-02-28T20:22:25","slug":"bom-prato-celebra-seis-anos-em-barretos","status":"publish","type":"post","link":"https:\/\/regiaonews.net.br\/2022\/2024\/02\/28\/bom-prato-celebra-seis-anos-em-barretos\/","title":{"rendered":"Bom Prato celebra seis anos em Barretos"},"content":{"rendered":"<p>Foto &#8211; Nivaldo J\u00fanior<\/p>\n<p>&nbsp;<\/p>\n<p style=\"text-align: center;\">J\u00e1 foram servidas mais de 2,8 milh\u00f5es de refei\u00e7\u00f5es desde a sua implanta\u00e7\u00e3o<\/p>\n<p>O Restaurante Bom Prato comemorou na ter\u00e7a-feira, dia 27, seis anos de instala\u00e7\u00e3o na Est\u00e2ncia Tur\u00edstica de Barretos. A prefeita Paula Lemos esteve presente na comemora\u00e7\u00e3o e almo\u00e7ou na unidade. Desde sua implanta\u00e7\u00e3o em Barretos, o Bom Prato j\u00e1 serviu cerca de 2,4 milh\u00f5es de almo\u00e7os a 1 real e 450 mil caf\u00e9s da manh\u00e3 a 50 centavos.<\/p>\n<p>A prefeita Paula lembrou que a unidade de Barretos tem o privil\u00e9gio de contar com duas nutricionistas. \u201cElas e toda essa equipe cuidam muito bem da alimenta\u00e7\u00e3o do povo da nossa cidade\u201d, afirmou. Paula agradeceu o Governo do Estado pela parceria que promove seguran\u00e7a alimentar para 1.500 pessoas diariamente em Barretos. Ela lembrou que tamb\u00e9m participou das comemora\u00e7\u00f5es de cinco anos, em 2023, e destacou que a comida continua maravilhosa. \u201cDeus aben\u00e7oe muito este lugar. Que venham os doze, dezoito anos e por a\u00ed vai\u201d, ressaltou a chefe do Executivo, lembrando que a Prefeitura contribui com cerca de R$ 380 mil reais ao ano para o custeio das refei\u00e7\u00f5es.<\/p>\n<p>A partir de uma indica\u00e7\u00e3o do deputado Sebasti\u00e3o Santos, a unidade foi inaugurada pelo Governo do Estado em 2018 visando atender os frequentadores do Hospital de Amor, que representam cerca de 50% dos consumidores do restaurante, e a popula\u00e7\u00e3o que mora nos bairros pr\u00f3ximos.<\/p>\n<p>O coordenador do Bom Prato, Kleber Gomes, afirmou que o cora\u00e7\u00e3o se enche de alegria ao ver a import\u00e2ncia para as pessoas e comentou sobre acompanhantes de pacientes que viajam para Barretos apenas com o dinheiro da passagem contado. \u201cEntregamos o alimento para pessoas que nos dizem: \u2018se n\u00e3o fosse voc\u00eas, eu n\u00e3o conseguiria comer\u2019&#8221;, lembrou, ressaltando que o restaurante fica lotado a semana toda. Na unidade, tamb\u00e9m s\u00e3o servidos 300 caf\u00e9s da manh\u00e3 a cada dia.<\/p>\n<p>O card\u00e1pio especial que a prefeita e as cerca de outras mil pessoas que passaram pela unidade almo\u00e7aram nesta ter\u00e7a-feira foi arroz \u00e0 primavera, feij\u00e3o, frango assado, macarr\u00e3o com br\u00f3colis e bacon, salada ametista (repolho, repolho roxo e ma\u00e7\u00e3). Para completar a comemora\u00e7\u00e3o de anivers\u00e1rio, de sobremesa teve um bolinho de chocolate individual. As 500 marmitas enviadas para o Bom Prato M\u00f3vel continham o mesmo card\u00e1pio.<\/p>\n<p>&#8220;A gente come\u00e7a \u00e0s seis da manh\u00e3 em ponto e nos empenhamos bastante para chegar a esse resultado&#8221;, conta a auxiliar de cozinha Edsandra Rosa. Natural da Bahia e agora moradora de Barretos, ela trabalha na unidade h\u00e1 tr\u00eas anos e a anima\u00e7\u00e3o com que atende \u00e9 refer\u00eancia para os usu\u00e1rios do servi\u00e7o. A equipe \u00e9 composta por mais de 15 profissionais, entre os quais: coordena\u00e7\u00e3o, nutricionistas, cozinheiro e auxiliares de cozinha.<\/p>\n<p>Bom Prato M\u00f3vel em Barretos<br \/>\nA prefeita Paula destacou tamb\u00e9m que foi durante sua gest\u00e3o que o Governo do Estado disponibilizou para Barretos o Bom Prato M\u00f3vel. A ferramenta itinerante viabiliza que 500 das refei\u00e7\u00f5es produzidas no restaurante sejam distribu\u00eddas em regi\u00f5es da cidade que est\u00e3o mais distantes da unidade.<\/p>\n<p>Em 5 de setembro de 2022, o caminh\u00e3o do Bom Prato M\u00f3vel estacionou pela primeira vez para comercializar marmitas em um ponto de Barretos; na \u00e9poca, no Bairro Gon\u00e7alves. Posteriormente, foi contemplado outro ponto, na regi\u00e3o dos bairros Boa Esperan\u00e7a e Santa Cec\u00edlia. Nos \u00faltimos meses a comercializa\u00e7\u00e3o \u00e9 feita no Barretos II. Os pr\u00f3ximos contemplados ser\u00e3o os moradores do Cristiano Carvalho, com o caminh\u00e3o estacionado na Rua C 11 a partir do dia 4 de mar\u00e7o.<\/p>\n<p>Popula\u00e7\u00e3o satisfeita<br \/>\nMoradora do Jardim Soares, Ana Maria Justino Bueno, 54, dona de casa conta que desde que o restaurante foi inaugurado ela e o marido almo\u00e7am no local, que \u00e9 muito significativo para o casal; \u201cAlmo\u00e7amos aqui todos os dias. Economizou muito para dentro de casa. O card\u00e1pio \u00e9 variado. Tem fruta, tudo e hoje \u00e9 card\u00e1pio de festa\u201d, enfatizou.<\/p>\n<p>A diarista e boleira Em\u00edlia da Silva, que mora no Barretos II, conta que desde que ficou sabendo sobre o restaurante passou a frequentar. \u201cVenho v\u00e1rias vezes. \u00c9 muito bom\u201d, ressaltou. Em\u00edlia foi mais uma das frequentadoras que refor\u00e7ou os elogios \u00e0 qualidade do alimento e \u00e0 simpatia e gentileza com que os funcion\u00e1rios do local atendem. \u201cA comida \u00e9 boa todo dia, mas minha favorita \u00e9 a feijoada, servida de quarta-feira\u201d, observou.<\/p>\n<p>\u201cSe aqui fosse dez reais, eu tamb\u00e9m viria comer\u201d, afirmou Marc\u00edlio Passero, de 80 anos. Militar reformado e representante de uma empresa de extintores, ele destacou que a cada dia se tem uma refei\u00e7\u00e3o diferente. \u201cAqui \u00e9 excelente, com uma limpeza enorme. O tratamento \u00e9 VIP\u201d, afirmou. Marc\u00edlio agradeceu tamb\u00e9m \u00e0 prefeita pelo incentivo que d\u00e1 para a unidade e dedicou uma m\u00fasica para Paula. O ambiente do Bom Prato \u00e9 climatizado e conta com mesa de som com m\u00fasica ambiente todos os dias.<\/p>\n<p>Mineira da cidade de Patroc\u00ednio, a dona de casa Ana Alice Silva, de 58 anos, conta que tanto ela quanto os irm\u00e3os do marido dela comem na unidade quando v\u00eam a Barretos para acompanh\u00e1-lo ao hospital. \u201cFacilita bastante para a gente. \u00c9 \u00f3timo aqui\u201d, afirmou.<\/p>\n<p>\u201cO feij\u00e3o n\u00e3o tem igual. Nem na minha casa faz um feij\u00e3o igual aqui. Ent\u00e3o, tem que elogiar, n\u00e9? Bom demais\u201d, pontuou o vendedor Jos\u00e9 Roberto Teodoro Bordin, 59. Ele se desloca de S\u00e3o Jos\u00e9 do Rio Preto para Barretos duas vezes por semana para fazer entregas de produtos de latic\u00ednio e quando est\u00e1 na cidade almo\u00e7a no Bom Prato. \u201c\u00c9 uma refei\u00e7\u00e3o fant\u00e1stica\u201d, enfatizou.<\/p>\n<p>Vit\u00f3ria Saretta, secret\u00e1ria municipal de Assist\u00eancia Social e Desenvolvimento Humano, tamb\u00e9m prestigiou as comemora\u00e7\u00f5es de anivers\u00e1rio do Bom Prato. O restaurante fica localizado na Rua Antenor Duarte Vilela, n. 1400, nas proximidades do Hospital de Amor e atende de segunda a sexta-feira, exceto feriados. O caf\u00e9 da manh\u00e3 \u00e9 fornecido a partir das 7h e o almo\u00e7o come\u00e7a \u00e0s 10h30.<\/p>\n<p><a href=\"https:\/\/regiaonews.net.br\/2022\/wp-content\/uploads\/2024\/02\/Imagem-do-WhatsApp-de-2024-02-28-as-15.34.47_8750be77.jpg\"><img loading=\"lazy\" decoding=\"async\" class=\"alignnone size-medium wp-image-101802\" src=\"https:\/\/regiaonews.net.br\/2022\/wp-content\/uploads\/2024\/02\/Imagem-do-WhatsApp-de-2024-02-28-as-15.34.47_8750be77-300x200.jpg\" alt=\"\" width=\"300\" height=\"200\" srcset=\"https:\/\/regiaonews.net.br\/2022\/wp-content\/uploads\/2024\/02\/Imagem-do-WhatsApp-de-2024-02-28-as-15.34.47_8750be77-300x200.jpg 300w, https:\/\/regiaonews.net.br\/2022\/wp-content\/uploads\/2024\/02\/Imagem-do-WhatsApp-de-2024-02-28-as-15.34.47_8750be77-1024x683.jpg 1024w, https:\/\/regiaonews.net.br\/2022\/wp-content\/uploads\/2024\/02\/Imagem-do-WhatsApp-de-2024-02-28-as-15.34.47_8750be77-768x512.jpg 768w, https:\/\/regiaonews.net.br\/2022\/wp-content\/uploads\/2024\/02\/Imagem-do-WhatsApp-de-2024-02-28-as-15.34.47_8750be77-1536x1024.jpg 1536w, https:\/\/regiaonews.net.br\/2022\/wp-content\/uploads\/2024\/02\/Imagem-do-WhatsApp-de-2024-02-28-as-15.34.47_8750be77-250x167.jpg 250w, https:\/\/regiaonews.net.br\/2022\/wp-content\/uploads\/2024\/02\/Imagem-do-WhatsApp-de-2024-02-28-as-15.34.47_8750be77-900x600.jpg 900w, https:\/\/regiaonews.net.br\/2022\/wp-content\/uploads\/2024\/02\/Imagem-do-WhatsApp-de-2024-02-28-as-15.34.47_8750be77.jpg 1600w\" sizes=\"auto, (max-width: 300px) 100vw, 300px\" \/><\/a><\/p>\n","protected":false},"excerpt":{"rendered":"<p>Foto &#8211; Nivaldo J\u00fanior &nbsp; J\u00e1 foram servidas mais de<\/p>\n","protected":false},"author":2,"featured_media":101806,"comment_status":"open","ping_status":"open","sticky":false,"template":"","format":"standard","meta":{"footnotes":""},"categories":[14,3],"tags":[],"class_list":["post-101801","post","type-post","status-publish","format-standard","has-post-thumbnail","hentry","category-barretos","category-geral"],"yoast_head":"<!-- This site is optimized with the Yoast SEO plugin v27.4 - https:\/\/yoast.com\/product\/yoast-seo-wordpress\/ -->\n<title>Bom Prato celebra seis anos em Barretos - Regi\u00e3o News<\/title>\n<meta name=\"robots\" content=\"index, follow, max-snippet:-1, max-image-preview:large, max-video-preview:-1\" \/>\n<link rel=\"canonical\" href=\"https:\/\/regiaonews.net.br\/2022\/2024\/02\/28\/bom-prato-celebra-seis-anos-em-barretos\/\" \/>\n<meta property=\"og:locale\" content=\"pt_BR\" \/>\n<meta property=\"og:type\" content=\"article\" \/>\n<meta property=\"og:title\" content=\"Bom Prato celebra seis anos em Barretos - Regi\u00e3o News\" \/>\n<meta property=\"og:description\" content=\"Foto &#8211; Nivaldo J\u00fanior &nbsp; J\u00e1 foram servidas mais de\" \/>\n<meta property=\"og:url\" content=\"https:\/\/regiaonews.net.br\/2022\/2024\/02\/28\/bom-prato-celebra-seis-anos-em-barretos\/\" \/>\n<meta property=\"og:site_name\" content=\"Regi\u00e3o News\" \/>\n<meta property=\"article:published_time\" content=\"2024-02-28T19:29:15+00:00\" \/>\n<meta property=\"article:modified_time\" content=\"2024-02-28T20:22:25+00:00\" \/>\n<meta property=\"og:image\" content=\"https:\/\/regiaonews.net.br\/2022\/wp-content\/uploads\/2024\/02\/Imagem-do-WhatsApp-de-2024-02-28-as-15.34.47_a29c7670.jpg\" \/>\n\t<meta property=\"og:image:width\" content=\"1600\" \/>\n\t<meta property=\"og:image:height\" content=\"1067\" \/>\n\t<meta property=\"og:image:type\" content=\"image\/jpeg\" \/>\n<meta name=\"author\" content=\"Roberto\" \/>\n<meta name=\"twitter:card\" content=\"summary_large_image\" \/>\n<meta name=\"twitter:label1\" content=\"Escrito por\" \/>\n\t<meta name=\"twitter:data1\" content=\"Roberto\" \/>\n\t<meta name=\"twitter:label2\" content=\"Est. tempo de leitura\" \/>\n\t<meta name=\"twitter:data2\" content=\"6 minutos\" \/>\n<script type=\"application\/ld+json\" class=\"yoast-schema-graph\">{\"@context\":\"https:\\\/\\\/schema.org\",\"@graph\":[{\"@type\":\"Article\",\"@id\":\"https:\\\/\\\/regiaonews.net.br\\\/2022\\\/2024\\\/02\\\/28\\\/bom-prato-celebra-seis-anos-em-barretos\\\/#article\",\"isPartOf\":{\"@id\":\"https:\\\/\\\/regiaonews.net.br\\\/2022\\\/2024\\\/02\\\/28\\\/bom-prato-celebra-seis-anos-em-barretos\\\/\"},\"author\":{\"name\":\"Roberto\",\"@id\":\"https:\\\/\\\/regiaonews.net.br\\\/2022\\\/#\\\/schema\\\/person\\\/2d205a608a5aa97ac279d7a5e6d89ad8\"},\"headline\":\"Bom Prato celebra seis anos em Barretos\",\"datePublished\":\"2024-02-28T19:29:15+00:00\",\"dateModified\":\"2024-02-28T20:22:25+00:00\",\"mainEntityOfPage\":{\"@id\":\"https:\\\/\\\/regiaonews.net.br\\\/2022\\\/2024\\\/02\\\/28\\\/bom-prato-celebra-seis-anos-em-barretos\\\/\"},\"wordCount\":1030,\"commentCount\":0,\"publisher\":{\"@id\":\"https:\\\/\\\/regiaonews.net.br\\\/2022\\\/#organization\"},\"image\":{\"@id\":\"https:\\\/\\\/regiaonews.net.br\\\/2022\\\/2024\\\/02\\\/28\\\/bom-prato-celebra-seis-anos-em-barretos\\\/#primaryimage\"},\"thumbnailUrl\":\"https:\\\/\\\/regiaonews.net.br\\\/2022\\\/wp-content\\\/uploads\\\/2024\\\/02\\\/Imagem-do-WhatsApp-de-2024-02-28-as-15.34.47_a29c7670.jpg\",\"articleSection\":[\"Barretos\",\"Geral\"],\"inLanguage\":\"pt-BR\",\"potentialAction\":[{\"@type\":\"CommentAction\",\"name\":\"Comment\",\"target\":[\"https:\\\/\\\/regiaonews.net.br\\\/2022\\\/2024\\\/02\\\/28\\\/bom-prato-celebra-seis-anos-em-barretos\\\/#respond\"]}]},{\"@type\":\"WebPage\",\"@id\":\"https:\\\/\\\/regiaonews.net.br\\\/2022\\\/2024\\\/02\\\/28\\\/bom-prato-celebra-seis-anos-em-barretos\\\/\",\"url\":\"https:\\\/\\\/regiaonews.net.br\\\/2022\\\/2024\\\/02\\\/28\\\/bom-prato-celebra-seis-anos-em-barretos\\\/\",\"name\":\"Bom Prato celebra seis anos em Barretos - Regi\u00e3o News\",\"isPartOf\":{\"@id\":\"https:\\\/\\\/regiaonews.net.br\\\/2022\\\/#website\"},\"primaryImageOfPage\":{\"@id\":\"https:\\\/\\\/regiaonews.net.br\\\/2022\\\/2024\\\/02\\\/28\\\/bom-prato-celebra-seis-anos-em-barretos\\\/#primaryimage\"},\"image\":{\"@id\":\"https:\\\/\\\/regiaonews.net.br\\\/2022\\\/2024\\\/02\\\/28\\\/bom-prato-celebra-seis-anos-em-barretos\\\/#primaryimage\"},\"thumbnailUrl\":\"https:\\\/\\\/regiaonews.net.br\\\/2022\\\/wp-content\\\/uploads\\\/2024\\\/02\\\/Imagem-do-WhatsApp-de-2024-02-28-as-15.34.47_a29c7670.jpg\",\"datePublished\":\"2024-02-28T19:29:15+00:00\",\"dateModified\":\"2024-02-28T20:22:25+00:00\",\"breadcrumb\":{\"@id\":\"https:\\\/\\\/regiaonews.net.br\\\/2022\\\/2024\\\/02\\\/28\\\/bom-prato-celebra-seis-anos-em-barretos\\\/#breadcrumb\"},\"inLanguage\":\"pt-BR\",\"potentialAction\":[{\"@type\":\"ReadAction\",\"target\":[\"https:\\\/\\\/regiaonews.net.br\\\/2022\\\/2024\\\/02\\\/28\\\/bom-prato-celebra-seis-anos-em-barretos\\\/\"]}]},{\"@type\":\"ImageObject\",\"inLanguage\":\"pt-BR\",\"@id\":\"https:\\\/\\\/regiaonews.net.br\\\/2022\\\/2024\\\/02\\\/28\\\/bom-prato-celebra-seis-anos-em-barretos\\\/#primaryimage\",\"url\":\"https:\\\/\\\/regiaonews.net.br\\\/2022\\\/wp-content\\\/uploads\\\/2024\\\/02\\\/Imagem-do-WhatsApp-de-2024-02-28-as-15.34.47_a29c7670.jpg\",\"contentUrl\":\"https:\\\/\\\/regiaonews.net.br\\\/2022\\\/wp-content\\\/uploads\\\/2024\\\/02\\\/Imagem-do-WhatsApp-de-2024-02-28-as-15.34.47_a29c7670.jpg\",\"width\":1600,\"height\":1067},{\"@type\":\"BreadcrumbList\",\"@id\":\"https:\\\/\\\/regiaonews.net.br\\\/2022\\\/2024\\\/02\\\/28\\\/bom-prato-celebra-seis-anos-em-barretos\\\/#breadcrumb\",\"itemListElement\":[{\"@type\":\"ListItem\",\"position\":1,\"name\":\"In\u00edcio\",\"item\":\"https:\\\/\\\/regiaonews.net.br\\\/2022\\\/\"},{\"@type\":\"ListItem\",\"position\":2,\"name\":\"Bom Prato celebra seis anos em Barretos\"}]},{\"@type\":\"WebSite\",\"@id\":\"https:\\\/\\\/regiaonews.net.br\\\/2022\\\/#website\",\"url\":\"https:\\\/\\\/regiaonews.net.br\\\/2022\\\/\",\"name\":\"Regi\u00e3o News\",\"description\":\"Site de Not\u00edcias de Barretos e regi\u00e3o\",\"publisher\":{\"@id\":\"https:\\\/\\\/regiaonews.net.br\\\/2022\\\/#organization\"},\"potentialAction\":[{\"@type\":\"SearchAction\",\"target\":{\"@type\":\"EntryPoint\",\"urlTemplate\":\"https:\\\/\\\/regiaonews.net.br\\\/2022\\\/?s={search_term_string}\"},\"query-input\":{\"@type\":\"PropertyValueSpecification\",\"valueRequired\":true,\"valueName\":\"search_term_string\"}}],\"inLanguage\":\"pt-BR\"},{\"@type\":\"Organization\",\"@id\":\"https:\\\/\\\/regiaonews.net.br\\\/2022\\\/#organization\",\"name\":\"Regi\u00e3o News\",\"url\":\"https:\\\/\\\/regiaonews.net.br\\\/2022\\\/\",\"logo\":{\"@type\":\"ImageObject\",\"inLanguage\":\"pt-BR\",\"@id\":\"https:\\\/\\\/regiaonews.net.br\\\/2022\\\/#\\\/schema\\\/logo\\\/image\\\/\",\"url\":\"https:\\\/\\\/regiaonews.net.br\\\/2022\\\/wp-content\\\/uploads\\\/2026\\\/03\\\/regiao-13-anos-scaled.jpg\",\"contentUrl\":\"https:\\\/\\\/regiaonews.net.br\\\/2022\\\/wp-content\\\/uploads\\\/2026\\\/03\\\/regiao-13-anos-scaled.jpg\",\"width\":2560,\"height\":635,\"caption\":\"Regi\u00e3o News\"},\"image\":{\"@id\":\"https:\\\/\\\/regiaonews.net.br\\\/2022\\\/#\\\/schema\\\/logo\\\/image\\\/\"}},{\"@type\":\"Person\",\"@id\":\"https:\\\/\\\/regiaonews.net.br\\\/2022\\\/#\\\/schema\\\/person\\\/2d205a608a5aa97ac279d7a5e6d89ad8\",\"name\":\"Roberto\",\"image\":{\"@type\":\"ImageObject\",\"inLanguage\":\"pt-BR\",\"@id\":\"https:\\\/\\\/secure.gravatar.com\\\/avatar\\\/42749d8b712ff9d59ca93dc150494e5b55a44134482993f5baeb97e61b7ecc89?s=96&d=mm&r=g\",\"url\":\"https:\\\/\\\/secure.gravatar.com\\\/avatar\\\/42749d8b712ff9d59ca93dc150494e5b55a44134482993f5baeb97e61b7ecc89?s=96&d=mm&r=g\",\"contentUrl\":\"https:\\\/\\\/secure.gravatar.com\\\/avatar\\\/42749d8b712ff9d59ca93dc150494e5b55a44134482993f5baeb97e61b7ecc89?s=96&d=mm&r=g\",\"caption\":\"Roberto\"},\"url\":\"https:\\\/\\\/regiaonews.net.br\\\/2022\\\/author\\\/roberto\\\/\"}]}<\/script>\n<!-- \/ Yoast SEO plugin. -->","yoast_head_json":{"title":"Bom Prato celebra seis anos em Barretos - Regi\u00e3o News","robots":{"index":"index","follow":"follow","max-snippet":"max-snippet:-1","max-image-preview":"max-image-preview:large","max-video-preview":"max-video-preview:-1"},"canonical":"https:\/\/regiaonews.net.br\/2022\/2024\/02\/28\/bom-prato-celebra-seis-anos-em-barretos\/","og_locale":"pt_BR","og_type":"article","og_title":"Bom Prato celebra seis anos em Barretos - Regi\u00e3o News","og_description":"Foto &#8211; Nivaldo J\u00fanior &nbsp; J\u00e1 foram servidas mais de","og_url":"https:\/\/regiaonews.net.br\/2022\/2024\/02\/28\/bom-prato-celebra-seis-anos-em-barretos\/","og_site_name":"Regi\u00e3o News","article_published_time":"2024-02-28T19:29:15+00:00","article_modified_time":"2024-02-28T20:22:25+00:00","og_image":[{"width":1600,"height":1067,"url":"https:\/\/regiaonews.net.br\/2022\/wp-content\/uploads\/2024\/02\/Imagem-do-WhatsApp-de-2024-02-28-as-15.34.47_a29c7670.jpg","type":"image\/jpeg"}],"author":"Roberto","twitter_card":"summary_large_image","twitter_misc":{"Escrito por":"Roberto","Est. tempo de leitura":"6 minutos"},"schema":{"@context":"https:\/\/schema.org","@graph":[{"@type":"Article","@id":"https:\/\/regiaonews.net.br\/2022\/2024\/02\/28\/bom-prato-celebra-seis-anos-em-barretos\/#article","isPartOf":{"@id":"https:\/\/regiaonews.net.br\/2022\/2024\/02\/28\/bom-prato-celebra-seis-anos-em-barretos\/"},"author":{"name":"Roberto","@id":"https:\/\/regiaonews.net.br\/2022\/#\/schema\/person\/2d205a608a5aa97ac279d7a5e6d89ad8"},"headline":"Bom Prato celebra seis anos em Barretos","datePublished":"2024-02-28T19:29:15+00:00","dateModified":"2024-02-28T20:22:25+00:00","mainEntityOfPage":{"@id":"https:\/\/regiaonews.net.br\/2022\/2024\/02\/28\/bom-prato-celebra-seis-anos-em-barretos\/"},"wordCount":1030,"commentCount":0,"publisher":{"@id":"https:\/\/regiaonews.net.br\/2022\/#organization"},"image":{"@id":"https:\/\/regiaonews.net.br\/2022\/2024\/02\/28\/bom-prato-celebra-seis-anos-em-barretos\/#primaryimage"},"thumbnailUrl":"https:\/\/regiaonews.net.br\/2022\/wp-content\/uploads\/2024\/02\/Imagem-do-WhatsApp-de-2024-02-28-as-15.34.47_a29c7670.jpg","articleSection":["Barretos","Geral"],"inLanguage":"pt-BR","potentialAction":[{"@type":"CommentAction","name":"Comment","target":["https:\/\/regiaonews.net.br\/2022\/2024\/02\/28\/bom-prato-celebra-seis-anos-em-barretos\/#respond"]}]},{"@type":"WebPage","@id":"https:\/\/regiaonews.net.br\/2022\/2024\/02\/28\/bom-prato-celebra-seis-anos-em-barretos\/","url":"https:\/\/regiaonews.net.br\/2022\/2024\/02\/28\/bom-prato-celebra-seis-anos-em-barretos\/","name":"Bom Prato celebra seis anos em Barretos - Regi\u00e3o News","isPartOf":{"@id":"https:\/\/regiaonews.net.br\/2022\/#website"},"primaryImageOfPage":{"@id":"https:\/\/regiaonews.net.br\/2022\/2024\/02\/28\/bom-prato-celebra-seis-anos-em-barretos\/#primaryimage"},"image":{"@id":"https:\/\/regiaonews.net.br\/2022\/2024\/02\/28\/bom-prato-celebra-seis-anos-em-barretos\/#primaryimage"},"thumbnailUrl":"https:\/\/regiaonews.net.br\/2022\/wp-content\/uploads\/2024\/02\/Imagem-do-WhatsApp-de-2024-02-28-as-15.34.47_a29c7670.jpg","datePublished":"2024-02-28T19:29:15+00:00","dateModified":"2024-02-28T20:22:25+00:00","breadcrumb":{"@id":"https:\/\/regiaonews.net.br\/2022\/2024\/02\/28\/bom-prato-celebra-seis-anos-em-barretos\/#breadcrumb"},"inLanguage":"pt-BR","potentialAction":[{"@type":"ReadAction","target":["https:\/\/regiaonews.net.br\/2022\/2024\/02\/28\/bom-prato-celebra-seis-anos-em-barretos\/"]}]},{"@type":"ImageObject","inLanguage":"pt-BR","@id":"https:\/\/regiaonews.net.br\/2022\/2024\/02\/28\/bom-prato-celebra-seis-anos-em-barretos\/#primaryimage","url":"https:\/\/regiaonews.net.br\/2022\/wp-content\/uploads\/2024\/02\/Imagem-do-WhatsApp-de-2024-02-28-as-15.34.47_a29c7670.jpg","contentUrl":"https:\/\/regiaonews.net.br\/2022\/wp-content\/uploads\/2024\/02\/Imagem-do-WhatsApp-de-2024-02-28-as-15.34.47_a29c7670.jpg","width":1600,"height":1067},{"@type":"BreadcrumbList","@id":"https:\/\/regiaonews.net.br\/2022\/2024\/02\/28\/bom-prato-celebra-seis-anos-em-barretos\/#breadcrumb","itemListElement":[{"@type":"ListItem","position":1,"name":"In\u00edcio","item":"https:\/\/regiaonews.net.br\/2022\/"},{"@type":"ListItem","position":2,"name":"Bom Prato celebra seis anos em Barretos"}]},{"@type":"WebSite","@id":"https:\/\/regiaonews.net.br\/2022\/#website","url":"https:\/\/regiaonews.net.br\/2022\/","name":"Regi\u00e3o News","description":"Site de Not\u00edcias de Barretos e regi\u00e3o","publisher":{"@id":"https:\/\/regiaonews.net.br\/2022\/#organization"},"potentialAction":[{"@type":"SearchAction","target":{"@type":"EntryPoint","urlTemplate":"https:\/\/regiaonews.net.br\/2022\/?s={search_term_string}"},"query-input":{"@type":"PropertyValueSpecification","valueRequired":true,"valueName":"search_term_string"}}],"inLanguage":"pt-BR"},{"@type":"Organization","@id":"https:\/\/regiaonews.net.br\/2022\/#organization","name":"Regi\u00e3o News","url":"https:\/\/regiaonews.net.br\/2022\/","logo":{"@type":"ImageObject","inLanguage":"pt-BR","@id":"https:\/\/regiaonews.net.br\/2022\/#\/schema\/logo\/image\/","url":"https:\/\/regiaonews.net.br\/2022\/wp-content\/uploads\/2026\/03\/regiao-13-anos-scaled.jpg","contentUrl":"https:\/\/regiaonews.net.br\/2022\/wp-content\/uploads\/2026\/03\/regiao-13-anos-scaled.jpg","width":2560,"height":635,"caption":"Regi\u00e3o News"},"image":{"@id":"https:\/\/regiaonews.net.br\/2022\/#\/schema\/logo\/image\/"}},{"@type":"Person","@id":"https:\/\/regiaonews.net.br\/2022\/#\/schema\/person\/2d205a608a5aa97ac279d7a5e6d89ad8","name":"Roberto","image":{"@type":"ImageObject","inLanguage":"pt-BR","@id":"https:\/\/secure.gravatar.com\/avatar\/42749d8b712ff9d59ca93dc150494e5b55a44134482993f5baeb97e61b7ecc89?s=96&d=mm&r=g","url":"https:\/\/secure.gravatar.com\/avatar\/42749d8b712ff9d59ca93dc150494e5b55a44134482993f5baeb97e61b7ecc89?s=96&d=mm&r=g","contentUrl":"https:\/\/secure.gravatar.com\/avatar\/42749d8b712ff9d59ca93dc150494e5b55a44134482993f5baeb97e61b7ecc89?s=96&d=mm&r=g","caption":"Roberto"},"url":"https:\/\/regiaonews.net.br\/2022\/author\/roberto\/"}]}},"publishpress_future_action":{"enabled":false,"date":"2026-05-03 22:16:19","action":"change-status","newStatus":"draft","terms":[],"taxonomy":"category","extraData":[]},"publishpress_future_workflow_manual_trigger":{"enabledWorkflows":[]},"_links":{"self":[{"href":"https:\/\/regiaonews.net.br\/2022\/wp-json\/wp\/v2\/posts\/101801","targetHints":{"allow":["GET"]}}],"collection":[{"href":"https:\/\/regiaonews.net.br\/2022\/wp-json\/wp\/v2\/posts"}],"about":[{"href":"https:\/\/regiaonews.net.br\/2022\/wp-json\/wp\/v2\/types\/post"}],"author":[{"embeddable":true,"href":"https:\/\/regiaonews.net.br\/2022\/wp-json\/wp\/v2\/users\/2"}],"replies":[{"embeddable":true,"href":"https:\/\/regiaonews.net.br\/2022\/wp-json\/wp\/v2\/comments?post=101801"}],"version-history":[{"count":3,"href":"https:\/\/regiaonews.net.br\/2022\/wp-json\/wp\/v2\/posts\/101801\/revisions"}],"predecessor-version":[{"id":101817,"href":"https:\/\/regiaonews.net.br\/2022\/wp-json\/wp\/v2\/posts\/101801\/revisions\/101817"}],"wp:featuredmedia":[{"embeddable":true,"href":"https:\/\/regiaonews.net.br\/2022\/wp-json\/wp\/v2\/media\/101806"}],"wp:attachment":[{"href":"https:\/\/regiaonews.net.br\/2022\/wp-json\/wp\/v2\/media?parent=101801"}],"wp:term":[{"taxonomy":"category","embeddable":true,"href":"https:\/\/regiaonews.net.br\/2022\/wp-json\/wp\/v2\/categories?post=101801"},{"taxonomy":"post_tag","embeddable":true,"href":"https:\/\/regiaonews.net.br\/2022\/wp-json\/wp\/v2\/tags?post=101801"}],"curies":[{"name":"wp","href":"https:\/\/api.w.org\/{rel}","templated":true}]}}