{"id":101783,"date":"2024-02-27T20:09:55","date_gmt":"2024-02-27T23:09:55","guid":{"rendered":"https:\/\/regiaonews.net.br\/2022\/?p=101783"},"modified":"2024-02-27T20:09:55","modified_gmt":"2024-02-27T23:09:55","slug":"posto-do-corpo-de-bombeiros-comemora-49-anos-de-instalacao-em-barretos","status":"publish","type":"post","link":"https:\/\/regiaonews.net.br\/2022\/2024\/02\/27\/posto-do-corpo-de-bombeiros-comemora-49-anos-de-instalacao-em-barretos\/","title":{"rendered":"Posto do Corpo de Bombeiros comemora 49 anos de instala\u00e7\u00e3o em Barretos"},"content":{"rendered":"<p>&nbsp;<\/p>\n<p>O Corpo de Bombeiros de Barretos comemora hoje (27), 49 anos de implanta\u00e7\u00e3o do Posto do Corpo de Bombeiros, na gest\u00e3o do ex-prefeito Ari Ribeiro de Mendon\u00e7a, em 1975. De acordo com o soldado Joaquim Pedro da Silva, que chegou para trabalhar no Posto de Barretos no dia 12 de fevereiro de 1975, a inaugura\u00e7\u00e3o ocorreu no dia 27 daquele ano, tendo o Posto de Bombeiros 1 tenente, 1 subtenente, 2 sargentos e 18 soldados, totalizando um efetivo de 22 militares. Desta turma, 5 deles residem em Barretos, entre eles, o sargento Celestino Ferreira de Oliveira e os soldados Jos\u00e9 Fernandes, Osvaldo do Esp\u00edrito Santo J\u00fanior, Jo\u00e3o Jos\u00e9 Lad\u00e1rio e Joaquim Pedro da Silva, que tamb\u00e9m foi o primeiro mergulhador a atuar na coorpora\u00e7\u00e3o. \u201cO nosso Posto de Bombeiros atendia Barretos e outras 21 cidades, eram respons\u00e1veis por ocorr\u00eancias em Bebedouro, Ol\u00edmpia e toda a regi\u00e3o\u201d, afirmou Silva, que guarda at\u00e9 hoje um livro com o registro das suas ocorr\u00eancias atendidas em seus 23 anos, 7 meses e 7 dias de servi\u00e7os prestados na unidade de Barretos.<\/p>\n","protected":false},"excerpt":{"rendered":"<p>&nbsp; O Corpo de Bombeiros de Barretos comemora hoje (27),<\/p>\n","protected":false},"author":2,"featured_media":5590,"comment_status":"open","ping_status":"open","sticky":false,"template":"","format":"standard","meta":{"footnotes":""},"categories":[14,23],"tags":[],"class_list":["post-101783","post","type-post","status-publish","format-standard","has-post-thumbnail","hentry","category-barretos","category-policia"],"yoast_head":"<!-- This site is optimized with the Yoast SEO plugin v27.4 - https:\/\/yoast.com\/product\/yoast-seo-wordpress\/ -->\n<title>Posto do Corpo de Bombeiros comemora 49 anos de instala\u00e7\u00e3o em Barretos - Regi\u00e3o News<\/title>\n<meta name=\"robots\" content=\"index, follow, max-snippet:-1, max-image-preview:large, max-video-preview:-1\" \/>\n<link rel=\"canonical\" href=\"https:\/\/regiaonews.net.br\/2022\/2024\/02\/27\/posto-do-corpo-de-bombeiros-comemora-49-anos-de-instalacao-em-barretos\/\" \/>\n<meta property=\"og:locale\" content=\"pt_BR\" \/>\n<meta property=\"og:type\" content=\"article\" \/>\n<meta property=\"og:title\" content=\"Posto do Corpo de Bombeiros comemora 49 anos de instala\u00e7\u00e3o em Barretos - Regi\u00e3o News\" \/>\n<meta property=\"og:description\" content=\"&nbsp; O Corpo de Bombeiros de Barretos comemora hoje (27),\" \/>\n<meta property=\"og:url\" content=\"https:\/\/regiaonews.net.br\/2022\/2024\/02\/27\/posto-do-corpo-de-bombeiros-comemora-49-anos-de-instalacao-em-barretos\/\" \/>\n<meta property=\"og:site_name\" content=\"Regi\u00e3o News\" \/>\n<meta property=\"article:published_time\" content=\"2024-02-27T23:09:55+00:00\" \/>\n<meta property=\"og:image\" content=\"https:\/\/regiaonews.net.br\/2022\/wp-content\/uploads\/2017\/06\/bombeiros-barretos.jpg\" \/>\n\t<meta property=\"og:image:width\" content=\"408\" \/>\n\t<meta property=\"og:image:height\" content=\"272\" \/>\n\t<meta property=\"og:image:type\" content=\"image\/jpeg\" \/>\n<meta name=\"author\" content=\"Roberto\" \/>\n<meta name=\"twitter:card\" content=\"summary_large_image\" \/>\n<meta name=\"twitter:label1\" content=\"Escrito por\" \/>\n\t<meta name=\"twitter:data1\" content=\"Roberto\" \/>\n\t<meta name=\"twitter:label2\" content=\"Est. tempo de leitura\" \/>\n\t<meta name=\"twitter:data2\" content=\"2 minutos\" \/>\n<script type=\"application\/ld+json\" class=\"yoast-schema-graph\">{\"@context\":\"https:\\\/\\\/schema.org\",\"@graph\":[{\"@type\":\"Article\",\"@id\":\"https:\\\/\\\/regiaonews.net.br\\\/2022\\\/2024\\\/02\\\/27\\\/posto-do-corpo-de-bombeiros-comemora-49-anos-de-instalacao-em-barretos\\\/#article\",\"isPartOf\":{\"@id\":\"https:\\\/\\\/regiaonews.net.br\\\/2022\\\/2024\\\/02\\\/27\\\/posto-do-corpo-de-bombeiros-comemora-49-anos-de-instalacao-em-barretos\\\/\"},\"author\":{\"name\":\"Roberto\",\"@id\":\"https:\\\/\\\/regiaonews.net.br\\\/2022\\\/#\\\/schema\\\/person\\\/2d205a608a5aa97ac279d7a5e6d89ad8\"},\"headline\":\"Posto do Corpo de Bombeiros comemora 49 anos de instala\u00e7\u00e3o em Barretos\",\"datePublished\":\"2024-02-27T23:09:55+00:00\",\"mainEntityOfPage\":{\"@id\":\"https:\\\/\\\/regiaonews.net.br\\\/2022\\\/2024\\\/02\\\/27\\\/posto-do-corpo-de-bombeiros-comemora-49-anos-de-instalacao-em-barretos\\\/\"},\"wordCount\":190,\"commentCount\":0,\"publisher\":{\"@id\":\"https:\\\/\\\/regiaonews.net.br\\\/2022\\\/#organization\"},\"image\":{\"@id\":\"https:\\\/\\\/regiaonews.net.br\\\/2022\\\/2024\\\/02\\\/27\\\/posto-do-corpo-de-bombeiros-comemora-49-anos-de-instalacao-em-barretos\\\/#primaryimage\"},\"thumbnailUrl\":\"https:\\\/\\\/regiaonews.net.br\\\/2022\\\/wp-content\\\/uploads\\\/2017\\\/06\\\/bombeiros-barretos.jpg\",\"articleSection\":[\"Barretos\",\"Policia\"],\"inLanguage\":\"pt-BR\",\"potentialAction\":[{\"@type\":\"CommentAction\",\"name\":\"Comment\",\"target\":[\"https:\\\/\\\/regiaonews.net.br\\\/2022\\\/2024\\\/02\\\/27\\\/posto-do-corpo-de-bombeiros-comemora-49-anos-de-instalacao-em-barretos\\\/#respond\"]}]},{\"@type\":\"WebPage\",\"@id\":\"https:\\\/\\\/regiaonews.net.br\\\/2022\\\/2024\\\/02\\\/27\\\/posto-do-corpo-de-bombeiros-comemora-49-anos-de-instalacao-em-barretos\\\/\",\"url\":\"https:\\\/\\\/regiaonews.net.br\\\/2022\\\/2024\\\/02\\\/27\\\/posto-do-corpo-de-bombeiros-comemora-49-anos-de-instalacao-em-barretos\\\/\",\"name\":\"Posto do Corpo de Bombeiros comemora 49 anos de instala\u00e7\u00e3o em Barretos - Regi\u00e3o News\",\"isPartOf\":{\"@id\":\"https:\\\/\\\/regiaonews.net.br\\\/2022\\\/#website\"},\"primaryImageOfPage\":{\"@id\":\"https:\\\/\\\/regiaonews.net.br\\\/2022\\\/2024\\\/02\\\/27\\\/posto-do-corpo-de-bombeiros-comemora-49-anos-de-instalacao-em-barretos\\\/#primaryimage\"},\"image\":{\"@id\":\"https:\\\/\\\/regiaonews.net.br\\\/2022\\\/2024\\\/02\\\/27\\\/posto-do-corpo-de-bombeiros-comemora-49-anos-de-instalacao-em-barretos\\\/#primaryimage\"},\"thumbnailUrl\":\"https:\\\/\\\/regiaonews.net.br\\\/2022\\\/wp-content\\\/uploads\\\/2017\\\/06\\\/bombeiros-barretos.jpg\",\"datePublished\":\"2024-02-27T23:09:55+00:00\",\"breadcrumb\":{\"@id\":\"https:\\\/\\\/regiaonews.net.br\\\/2022\\\/2024\\\/02\\\/27\\\/posto-do-corpo-de-bombeiros-comemora-49-anos-de-instalacao-em-barretos\\\/#breadcrumb\"},\"inLanguage\":\"pt-BR\",\"potentialAction\":[{\"@type\":\"ReadAction\",\"target\":[\"https:\\\/\\\/regiaonews.net.br\\\/2022\\\/2024\\\/02\\\/27\\\/posto-do-corpo-de-bombeiros-comemora-49-anos-de-instalacao-em-barretos\\\/\"]}]},{\"@type\":\"ImageObject\",\"inLanguage\":\"pt-BR\",\"@id\":\"https:\\\/\\\/regiaonews.net.br\\\/2022\\\/2024\\\/02\\\/27\\\/posto-do-corpo-de-bombeiros-comemora-49-anos-de-instalacao-em-barretos\\\/#primaryimage\",\"url\":\"https:\\\/\\\/regiaonews.net.br\\\/2022\\\/wp-content\\\/uploads\\\/2017\\\/06\\\/bombeiros-barretos.jpg\",\"contentUrl\":\"https:\\\/\\\/regiaonews.net.br\\\/2022\\\/wp-content\\\/uploads\\\/2017\\\/06\\\/bombeiros-barretos.jpg\",\"width\":408,\"height\":272},{\"@type\":\"BreadcrumbList\",\"@id\":\"https:\\\/\\\/regiaonews.net.br\\\/2022\\\/2024\\\/02\\\/27\\\/posto-do-corpo-de-bombeiros-comemora-49-anos-de-instalacao-em-barretos\\\/#breadcrumb\",\"itemListElement\":[{\"@type\":\"ListItem\",\"position\":1,\"name\":\"In\u00edcio\",\"item\":\"https:\\\/\\\/regiaonews.net.br\\\/2022\\\/\"},{\"@type\":\"ListItem\",\"position\":2,\"name\":\"Posto do Corpo de Bombeiros comemora 49 anos de instala\u00e7\u00e3o em Barretos\"}]},{\"@type\":\"WebSite\",\"@id\":\"https:\\\/\\\/regiaonews.net.br\\\/2022\\\/#website\",\"url\":\"https:\\\/\\\/regiaonews.net.br\\\/2022\\\/\",\"name\":\"Regi\u00e3o News\",\"description\":\"Site de Not\u00edcias de Barretos e regi\u00e3o\",\"publisher\":{\"@id\":\"https:\\\/\\\/regiaonews.net.br\\\/2022\\\/#organization\"},\"potentialAction\":[{\"@type\":\"SearchAction\",\"target\":{\"@type\":\"EntryPoint\",\"urlTemplate\":\"https:\\\/\\\/regiaonews.net.br\\\/2022\\\/?s={search_term_string}\"},\"query-input\":{\"@type\":\"PropertyValueSpecification\",\"valueRequired\":true,\"valueName\":\"search_term_string\"}}],\"inLanguage\":\"pt-BR\"},{\"@type\":\"Organization\",\"@id\":\"https:\\\/\\\/regiaonews.net.br\\\/2022\\\/#organization\",\"name\":\"Regi\u00e3o News\",\"url\":\"https:\\\/\\\/regiaonews.net.br\\\/2022\\\/\",\"logo\":{\"@type\":\"ImageObject\",\"inLanguage\":\"pt-BR\",\"@id\":\"https:\\\/\\\/regiaonews.net.br\\\/2022\\\/#\\\/schema\\\/logo\\\/image\\\/\",\"url\":\"https:\\\/\\\/regiaonews.net.br\\\/2022\\\/wp-content\\\/uploads\\\/2026\\\/03\\\/regiao-13-anos-scaled.jpg\",\"contentUrl\":\"https:\\\/\\\/regiaonews.net.br\\\/2022\\\/wp-content\\\/uploads\\\/2026\\\/03\\\/regiao-13-anos-scaled.jpg\",\"width\":2560,\"height\":635,\"caption\":\"Regi\u00e3o News\"},\"image\":{\"@id\":\"https:\\\/\\\/regiaonews.net.br\\\/2022\\\/#\\\/schema\\\/logo\\\/image\\\/\"}},{\"@type\":\"Person\",\"@id\":\"https:\\\/\\\/regiaonews.net.br\\\/2022\\\/#\\\/schema\\\/person\\\/2d205a608a5aa97ac279d7a5e6d89ad8\",\"name\":\"Roberto\",\"image\":{\"@type\":\"ImageObject\",\"inLanguage\":\"pt-BR\",\"@id\":\"https:\\\/\\\/secure.gravatar.com\\\/avatar\\\/42749d8b712ff9d59ca93dc150494e5b55a44134482993f5baeb97e61b7ecc89?s=96&d=mm&r=g\",\"url\":\"https:\\\/\\\/secure.gravatar.com\\\/avatar\\\/42749d8b712ff9d59ca93dc150494e5b55a44134482993f5baeb97e61b7ecc89?s=96&d=mm&r=g\",\"contentUrl\":\"https:\\\/\\\/secure.gravatar.com\\\/avatar\\\/42749d8b712ff9d59ca93dc150494e5b55a44134482993f5baeb97e61b7ecc89?s=96&d=mm&r=g\",\"caption\":\"Roberto\"},\"url\":\"https:\\\/\\\/regiaonews.net.br\\\/2022\\\/author\\\/roberto\\\/\"}]}<\/script>\n<!-- \/ Yoast SEO plugin. -->","yoast_head_json":{"title":"Posto do Corpo de Bombeiros comemora 49 anos de instala\u00e7\u00e3o em Barretos - Regi\u00e3o News","robots":{"index":"index","follow":"follow","max-snippet":"max-snippet:-1","max-image-preview":"max-image-preview:large","max-video-preview":"max-video-preview:-1"},"canonical":"https:\/\/regiaonews.net.br\/2022\/2024\/02\/27\/posto-do-corpo-de-bombeiros-comemora-49-anos-de-instalacao-em-barretos\/","og_locale":"pt_BR","og_type":"article","og_title":"Posto do Corpo de Bombeiros comemora 49 anos de instala\u00e7\u00e3o em Barretos - Regi\u00e3o News","og_description":"&nbsp; O Corpo de Bombeiros de Barretos comemora hoje (27),","og_url":"https:\/\/regiaonews.net.br\/2022\/2024\/02\/27\/posto-do-corpo-de-bombeiros-comemora-49-anos-de-instalacao-em-barretos\/","og_site_name":"Regi\u00e3o News","article_published_time":"2024-02-27T23:09:55+00:00","og_image":[{"width":408,"height":272,"url":"https:\/\/regiaonews.net.br\/2022\/wp-content\/uploads\/2017\/06\/bombeiros-barretos.jpg","type":"image\/jpeg"}],"author":"Roberto","twitter_card":"summary_large_image","twitter_misc":{"Escrito por":"Roberto","Est. tempo de leitura":"2 minutos"},"schema":{"@context":"https:\/\/schema.org","@graph":[{"@type":"Article","@id":"https:\/\/regiaonews.net.br\/2022\/2024\/02\/27\/posto-do-corpo-de-bombeiros-comemora-49-anos-de-instalacao-em-barretos\/#article","isPartOf":{"@id":"https:\/\/regiaonews.net.br\/2022\/2024\/02\/27\/posto-do-corpo-de-bombeiros-comemora-49-anos-de-instalacao-em-barretos\/"},"author":{"name":"Roberto","@id":"https:\/\/regiaonews.net.br\/2022\/#\/schema\/person\/2d205a608a5aa97ac279d7a5e6d89ad8"},"headline":"Posto do Corpo de Bombeiros comemora 49 anos de instala\u00e7\u00e3o em Barretos","datePublished":"2024-02-27T23:09:55+00:00","mainEntityOfPage":{"@id":"https:\/\/regiaonews.net.br\/2022\/2024\/02\/27\/posto-do-corpo-de-bombeiros-comemora-49-anos-de-instalacao-em-barretos\/"},"wordCount":190,"commentCount":0,"publisher":{"@id":"https:\/\/regiaonews.net.br\/2022\/#organization"},"image":{"@id":"https:\/\/regiaonews.net.br\/2022\/2024\/02\/27\/posto-do-corpo-de-bombeiros-comemora-49-anos-de-instalacao-em-barretos\/#primaryimage"},"thumbnailUrl":"https:\/\/regiaonews.net.br\/2022\/wp-content\/uploads\/2017\/06\/bombeiros-barretos.jpg","articleSection":["Barretos","Policia"],"inLanguage":"pt-BR","potentialAction":[{"@type":"CommentAction","name":"Comment","target":["https:\/\/regiaonews.net.br\/2022\/2024\/02\/27\/posto-do-corpo-de-bombeiros-comemora-49-anos-de-instalacao-em-barretos\/#respond"]}]},{"@type":"WebPage","@id":"https:\/\/regiaonews.net.br\/2022\/2024\/02\/27\/posto-do-corpo-de-bombeiros-comemora-49-anos-de-instalacao-em-barretos\/","url":"https:\/\/regiaonews.net.br\/2022\/2024\/02\/27\/posto-do-corpo-de-bombeiros-comemora-49-anos-de-instalacao-em-barretos\/","name":"Posto do Corpo de Bombeiros comemora 49 anos de instala\u00e7\u00e3o em Barretos - Regi\u00e3o News","isPartOf":{"@id":"https:\/\/regiaonews.net.br\/2022\/#website"},"primaryImageOfPage":{"@id":"https:\/\/regiaonews.net.br\/2022\/2024\/02\/27\/posto-do-corpo-de-bombeiros-comemora-49-anos-de-instalacao-em-barretos\/#primaryimage"},"image":{"@id":"https:\/\/regiaonews.net.br\/2022\/2024\/02\/27\/posto-do-corpo-de-bombeiros-comemora-49-anos-de-instalacao-em-barretos\/#primaryimage"},"thumbnailUrl":"https:\/\/regiaonews.net.br\/2022\/wp-content\/uploads\/2017\/06\/bombeiros-barretos.jpg","datePublished":"2024-02-27T23:09:55+00:00","breadcrumb":{"@id":"https:\/\/regiaonews.net.br\/2022\/2024\/02\/27\/posto-do-corpo-de-bombeiros-comemora-49-anos-de-instalacao-em-barretos\/#breadcrumb"},"inLanguage":"pt-BR","potentialAction":[{"@type":"ReadAction","target":["https:\/\/regiaonews.net.br\/2022\/2024\/02\/27\/posto-do-corpo-de-bombeiros-comemora-49-anos-de-instalacao-em-barretos\/"]}]},{"@type":"ImageObject","inLanguage":"pt-BR","@id":"https:\/\/regiaonews.net.br\/2022\/2024\/02\/27\/posto-do-corpo-de-bombeiros-comemora-49-anos-de-instalacao-em-barretos\/#primaryimage","url":"https:\/\/regiaonews.net.br\/2022\/wp-content\/uploads\/2017\/06\/bombeiros-barretos.jpg","contentUrl":"https:\/\/regiaonews.net.br\/2022\/wp-content\/uploads\/2017\/06\/bombeiros-barretos.jpg","width":408,"height":272},{"@type":"BreadcrumbList","@id":"https:\/\/regiaonews.net.br\/2022\/2024\/02\/27\/posto-do-corpo-de-bombeiros-comemora-49-anos-de-instalacao-em-barretos\/#breadcrumb","itemListElement":[{"@type":"ListItem","position":1,"name":"In\u00edcio","item":"https:\/\/regiaonews.net.br\/2022\/"},{"@type":"ListItem","position":2,"name":"Posto do Corpo de Bombeiros comemora 49 anos de instala\u00e7\u00e3o em Barretos"}]},{"@type":"WebSite","@id":"https:\/\/regiaonews.net.br\/2022\/#website","url":"https:\/\/regiaonews.net.br\/2022\/","name":"Regi\u00e3o News","description":"Site de Not\u00edcias de Barretos e regi\u00e3o","publisher":{"@id":"https:\/\/regiaonews.net.br\/2022\/#organization"},"potentialAction":[{"@type":"SearchAction","target":{"@type":"EntryPoint","urlTemplate":"https:\/\/regiaonews.net.br\/2022\/?s={search_term_string}"},"query-input":{"@type":"PropertyValueSpecification","valueRequired":true,"valueName":"search_term_string"}}],"inLanguage":"pt-BR"},{"@type":"Organization","@id":"https:\/\/regiaonews.net.br\/2022\/#organization","name":"Regi\u00e3o News","url":"https:\/\/regiaonews.net.br\/2022\/","logo":{"@type":"ImageObject","inLanguage":"pt-BR","@id":"https:\/\/regiaonews.net.br\/2022\/#\/schema\/logo\/image\/","url":"https:\/\/regiaonews.net.br\/2022\/wp-content\/uploads\/2026\/03\/regiao-13-anos-scaled.jpg","contentUrl":"https:\/\/regiaonews.net.br\/2022\/wp-content\/uploads\/2026\/03\/regiao-13-anos-scaled.jpg","width":2560,"height":635,"caption":"Regi\u00e3o News"},"image":{"@id":"https:\/\/regiaonews.net.br\/2022\/#\/schema\/logo\/image\/"}},{"@type":"Person","@id":"https:\/\/regiaonews.net.br\/2022\/#\/schema\/person\/2d205a608a5aa97ac279d7a5e6d89ad8","name":"Roberto","image":{"@type":"ImageObject","inLanguage":"pt-BR","@id":"https:\/\/secure.gravatar.com\/avatar\/42749d8b712ff9d59ca93dc150494e5b55a44134482993f5baeb97e61b7ecc89?s=96&d=mm&r=g","url":"https:\/\/secure.gravatar.com\/avatar\/42749d8b712ff9d59ca93dc150494e5b55a44134482993f5baeb97e61b7ecc89?s=96&d=mm&r=g","contentUrl":"https:\/\/secure.gravatar.com\/avatar\/42749d8b712ff9d59ca93dc150494e5b55a44134482993f5baeb97e61b7ecc89?s=96&d=mm&r=g","caption":"Roberto"},"url":"https:\/\/regiaonews.net.br\/2022\/author\/roberto\/"}]}},"publishpress_future_action":{"enabled":false,"date":"2026-05-03 17:13:16","action":"change-status","newStatus":"draft","terms":[],"taxonomy":"category","extraData":[]},"publishpress_future_workflow_manual_trigger":{"enabledWorkflows":[]},"_links":{"self":[{"href":"https:\/\/regiaonews.net.br\/2022\/wp-json\/wp\/v2\/posts\/101783","targetHints":{"allow":["GET"]}}],"collection":[{"href":"https:\/\/regiaonews.net.br\/2022\/wp-json\/wp\/v2\/posts"}],"about":[{"href":"https:\/\/regiaonews.net.br\/2022\/wp-json\/wp\/v2\/types\/post"}],"author":[{"embeddable":true,"href":"https:\/\/regiaonews.net.br\/2022\/wp-json\/wp\/v2\/users\/2"}],"replies":[{"embeddable":true,"href":"https:\/\/regiaonews.net.br\/2022\/wp-json\/wp\/v2\/comments?post=101783"}],"version-history":[{"count":1,"href":"https:\/\/regiaonews.net.br\/2022\/wp-json\/wp\/v2\/posts\/101783\/revisions"}],"predecessor-version":[{"id":101784,"href":"https:\/\/regiaonews.net.br\/2022\/wp-json\/wp\/v2\/posts\/101783\/revisions\/101784"}],"wp:featuredmedia":[{"embeddable":true,"href":"https:\/\/regiaonews.net.br\/2022\/wp-json\/wp\/v2\/media\/5590"}],"wp:attachment":[{"href":"https:\/\/regiaonews.net.br\/2022\/wp-json\/wp\/v2\/media?parent=101783"}],"wp:term":[{"taxonomy":"category","embeddable":true,"href":"https:\/\/regiaonews.net.br\/2022\/wp-json\/wp\/v2\/categories?post=101783"},{"taxonomy":"post_tag","embeddable":true,"href":"https:\/\/regiaonews.net.br\/2022\/wp-json\/wp\/v2\/tags?post=101783"}],"curies":[{"name":"wp","href":"https:\/\/api.w.org\/{rel}","templated":true}]}}