{"id":101780,"date":"2024-02-27T19:17:45","date_gmt":"2024-02-27T22:17:45","guid":{"rendered":"https:\/\/regiaonews.net.br\/2022\/?p=101780"},"modified":"2024-02-27T19:17:45","modified_gmt":"2024-02-27T22:17:45","slug":"confira-os-resultados-da-sessao-ordinaria-realizada-nesta-segunda-feira-26-de-fevereiro","status":"publish","type":"post","link":"https:\/\/regiaonews.net.br\/2022\/2024\/02\/27\/confira-os-resultados-da-sessao-ordinaria-realizada-nesta-segunda-feira-26-de-fevereiro\/","title":{"rendered":"Confira os resultados da Sess\u00e3o Ordin\u00e1ria realizada nesta segunda-feira, 26 de fevereiro"},"content":{"rendered":"<h3 class=\"mb-4\">Vereadores aprovaram 3 Projetos de Lei e pediram Vista de outras 13 mat\u00e9rias<\/h3>\n<p style=\"font-weight: 400;\">A\u00a0C\u00e2mara de Barretos realizou a\u00a0<b><strong>4\u00aa Sess\u00e3o Ordin\u00e1ria de 2024\u00a0<\/strong><\/b>nesta segunda-feira\u00a0<b><strong>(26\/fev).<\/strong><\/b><b><strong>\u00a0<\/strong><\/b>\u00a0Ao todo,\u00a0\u00a0<b><strong>16 mat\u00e9rias\u00a0<\/strong><\/b>foram\u00a0discutidas e votadas\u00a0pelos vereadores:\u00a0<b><strong>11\u00a0<\/strong><\/b>\u00a0<b><strong>Projetos de Lei, 02 Projetos de Lei Complementar e 03 Pareceres da Comiss\u00e3o de Justi\u00e7a e Reda\u00e7\u00e3o.<\/strong><\/b><\/p>\n<p style=\"font-weight: 400;\">De forma resumida, os assuntos APROVADOS foram:<\/p>\n<p style=\"font-weight: 400;\">\n<ul style=\"font-weight: 400;\">\n<li aria-level=\"1\">Instala\u00e7\u00e3o de QR Code nas placas de obras da Prefeitura, do SAAEB, de empresas terceirizadas ou contratadas para o cidad\u00e3o ter acesso \u00e0s informa\u00e7\u00f5es das obras de forma facilitada;<\/li>\n<\/ul>\n<p style=\"font-weight: 400;\">\n<ul style=\"font-weight: 400;\">\n<li aria-level=\"1\">Nome de Jos\u00e9 Geraldo Eiras \u00e0 rotat\u00f3ria do bairro City Barretos;<\/li>\n<\/ul>\n<p style=\"font-weight: 400;\">\n<ul style=\"font-weight: 400;\">\n<li aria-level=\"1\">Reajuste salarial de 3,82 % (\u00edndice inflacion\u00e1rio) aos servidores p\u00fablicos efetivos\/celetistas da Prefeitura, SAAEB e Instituto de Previd\u00eancia e C\u00e2mara;<\/li>\n<\/ul>\n<p style=\"font-weight: 400;\">\n<p style=\"font-weight: 400;\">Os assuntos que tiveram\u00a0 PEDIDO DE VISTA\/PRORROGA\u00c7\u00c3O DE VISTA foram:<\/p>\n<p style=\"font-weight: 400;\">\n<ul style=\"font-weight: 400;\">\n<li aria-level=\"1\">Desafeta\u00e7\u00e3o (deixa de ser \u00e1rea de lazer) e Afeta\u00e7\u00e3o (para \u00e1rea dominial) de terreno no bairro Residencial Minerva para futuras constru\u00e7\u00f5es de unidades habitacionais;<\/li>\n<\/ul>\n<p style=\"font-weight: 400;\">\n<ul style=\"font-weight: 400;\">\n<li aria-level=\"1\">Revoga\u00e7\u00e3o da Lei de Doa\u00e7\u00e3o de \u00e1rea no Distrito Industrial II \u00e0 empresa Kopar Equipamentos Industriais;<\/li>\n<\/ul>\n<p style=\"font-weight: 400;\">\n<ul style=\"font-weight: 400;\">\n<li aria-level=\"1\">Revoga\u00e7\u00e3o da Lei de Doa\u00e7\u00e3o de \u00e1rea no Distrito Industrial II \u00e0 empresaInSitu Servi\u00e7os de Concretagem Eireli;<\/li>\n<\/ul>\n<p style=\"font-weight: 400;\">\n<ul style=\"font-weight: 400;\">\n<li aria-level=\"1\">Revoga\u00e7\u00e3o da Lei de Doa\u00e7\u00e3o de \u00e1rea no Distrito Industrial II \u00e0 empresa Ana Maria Zotarelli;<\/li>\n<\/ul>\n<p style=\"font-weight: 400;\">\n<ul style=\"font-weight: 400;\">\n<li aria-level=\"1\">Revoga\u00e7\u00e3o da Lei de Doa\u00e7\u00e3o de \u00e1rea no Distrito Industrial II \u00e0 empresa VR Construtora de Barretos Eireli;<\/li>\n<\/ul>\n<p style=\"font-weight: 400;\">\n<ul style=\"font-weight: 400;\">\n<li aria-level=\"1\">Abertura de Saldo Remanescente de Cr\u00e9dito Adicional Especial: R$ 8,3 mil para recapeamento asf\u00e1ltico em vias p\u00fablicas do bairro Zequinha Am\u00eandola (Barretos II);<\/li>\n<\/ul>\n<p style=\"font-weight: 400;\">\n<ul style=\"font-weight: 400;\">\n<li aria-level=\"1\">\u00a0Parecer pela Inconstitucionalidade ao Projeto de Lei que prev\u00ea vale-refei\u00e7\u00e3o aos servidores p\u00fablicos municipais;<\/li>\n<\/ul>\n<p style=\"font-weight: 400;\">\n<ul style=\"font-weight: 400;\">\n<li aria-level=\"1\">Parecer da Comiss\u00e3o de Justi\u00e7a e Reda\u00e7\u00e3o pela Inconstitucionalidade em Projeto de Lei que cria o programa de assist\u00eancia psicol\u00f3gica aos pais ou tutores de crian\u00e7as autistas;<\/li>\n<\/ul>\n<p style=\"font-weight: 400;\">\n<ul style=\"font-weight: 400;\">\n<li aria-level=\"1\">Parecer da Comiss\u00e3o de Justi\u00e7a e Reda\u00e7\u00e3o pela Inconstitucionalidade em Projeto de Lei que concede isen\u00e7\u00e3o de 100% \u00e0s casas de caridade, sociedades de socorros m\u00fatuos, entidades filantr\u00f3picas,\u00a0 estabelecimentos de fins humanit\u00e1rios e assistenciais sem fins lucrativos declarados de utilidade p\u00fablica no Munic\u00edpio no o pagamento de contas de \u00e1gua e esgoto;<\/li>\n<\/ul>\n<p style=\"font-weight: 400;\">\n<ul style=\"font-weight: 400;\">\n<li aria-level=\"1\">Altera\u00e7\u00e3o de nome da &#8220;Avenida I-3&#8221; para\u00a0 &#8220;Avenida I-3 &#8211; Francisco Gon\u00e7alves da Silva&#8221;\u00a0 no bairro Distrito Industrial I;<\/li>\n<\/ul>\n<p style=\"font-weight: 400;\">\n<ul style=\"font-weight: 400;\">\n<li aria-level=\"1\">Altera\u00e7\u00e3o de nome da &#8220;Rua I-4&#8221; para\u00a0 &#8220;Rua I-4 Roberto Toshio Kaneda&#8221;\u00a0 no bairro Distrito Industrial I;<\/li>\n<\/ul>\n<p style=\"font-weight: 400;\">\n<ul style=\"font-weight: 400;\">\n<li aria-level=\"1\">Abertura de Cr\u00e9dito Adicional Especial: de R$ 450 mil\u00a0 para reformas e reparos em im\u00f3veis afetados pelas chuvas;<\/li>\n<\/ul>\n<p style=\"font-weight: 400;\">\n<ul style=\"font-weight: 400;\">\n<li aria-level=\"1\">Altera\u00e7\u00e3o no C\u00f3digo de Edifica\u00e7\u00f5es: Nenhuma edifica\u00e7\u00e3o em processo de constru\u00e7\u00e3o, reforma, amplia\u00e7\u00e3o, adapta\u00e7\u00e3o e regulariza\u00e7\u00e3o poder\u00e1 ser ocupada sem que seja procedida a vistoria pela Prefeitura e expedido o respectivo certificado de \u201cHabite-se;<\/li>\n<\/ul>\n<p style=\"font-weight: 400;\">\n<p style=\"font-weight: 400;\">Os vereadores tamb\u00e9m apresentaram\u00a0 \u00a0<b><strong>60\u00a0Requerimentos e 01\u00a0 Indica\u00e7\u00e3o\u00a0<\/strong><\/b>para a Sess\u00e3o.<\/p>\n<p style=\"font-weight: 400;\">\n<p style=\"font-weight: 400;\">Confira tudo abaixo:<\/p>\n<p style=\"font-weight: 400;\">\n<b><strong><a href=\"http:\/\/consulta.camarabarretos.sp.gov.br\/Sessoes\/Sessao\/2773\">R<\/a><a href=\"https:\/\/mailchi.mp\/ff590d23ece3\/resultado-sessao-ordinaria-28-agosto-15577376\">ESULTADO DAS VOTA\u00c7\u00d5ES RESUMIDO<\/a>\u00a0\/\u00a0<a href=\"http:\/\/consulta.camarabarretos.sp.gov.br\/Sessoes\/Sessao\/2773\">RESULTADO DETALHADO<\/a><\/strong><\/b><\/p>\n","protected":false},"excerpt":{"rendered":"<p>Vereadores aprovaram 3 Projetos de Lei e pediram Vista de<\/p>\n","protected":false},"author":2,"featured_media":101781,"comment_status":"open","ping_status":"open","sticky":false,"template":"","format":"standard","meta":{"footnotes":""},"categories":[14,25],"tags":[],"class_list":["post-101780","post","type-post","status-publish","format-standard","has-post-thumbnail","hentry","category-barretos","category-cidades"],"yoast_head":"<!-- This site is optimized with the Yoast SEO plugin v27.4 - https:\/\/yoast.com\/product\/yoast-seo-wordpress\/ -->\n<title>Confira os resultados da Sess\u00e3o Ordin\u00e1ria realizada nesta segunda-feira, 26 de fevereiro - Regi\u00e3o News<\/title>\n<meta name=\"robots\" content=\"index, follow, max-snippet:-1, max-image-preview:large, max-video-preview:-1\" \/>\n<link rel=\"canonical\" href=\"https:\/\/regiaonews.net.br\/2022\/2024\/02\/27\/confira-os-resultados-da-sessao-ordinaria-realizada-nesta-segunda-feira-26-de-fevereiro\/\" \/>\n<meta property=\"og:locale\" content=\"pt_BR\" \/>\n<meta property=\"og:type\" content=\"article\" \/>\n<meta property=\"og:title\" content=\"Confira os resultados da Sess\u00e3o Ordin\u00e1ria realizada nesta segunda-feira, 26 de fevereiro - Regi\u00e3o News\" \/>\n<meta property=\"og:description\" content=\"Vereadores aprovaram 3 Projetos de Lei e pediram Vista de\" \/>\n<meta property=\"og:url\" content=\"https:\/\/regiaonews.net.br\/2022\/2024\/02\/27\/confira-os-resultados-da-sessao-ordinaria-realizada-nesta-segunda-feira-26-de-fevereiro\/\" \/>\n<meta property=\"og:site_name\" content=\"Regi\u00e3o News\" \/>\n<meta property=\"article:published_time\" content=\"2024-02-27T22:17:45+00:00\" \/>\n<meta property=\"og:image\" content=\"https:\/\/regiaonews.net.br\/2022\/wp-content\/uploads\/2024\/02\/WhatsApp-Image-2024-02-27-at-16.35.08.jpeg\" \/>\n\t<meta property=\"og:image:width\" content=\"1280\" \/>\n\t<meta property=\"og:image:height\" content=\"848\" \/>\n\t<meta property=\"og:image:type\" content=\"image\/jpeg\" \/>\n<meta name=\"author\" content=\"Roberto\" \/>\n<meta name=\"twitter:card\" content=\"summary_large_image\" \/>\n<meta name=\"twitter:label1\" content=\"Escrito por\" \/>\n\t<meta name=\"twitter:data1\" content=\"Roberto\" \/>\n\t<meta name=\"twitter:label2\" content=\"Est. tempo de leitura\" \/>\n\t<meta name=\"twitter:data2\" content=\"3 minutos\" \/>\n<script type=\"application\/ld+json\" class=\"yoast-schema-graph\">{\"@context\":\"https:\\\/\\\/schema.org\",\"@graph\":[{\"@type\":\"Article\",\"@id\":\"https:\\\/\\\/regiaonews.net.br\\\/2022\\\/2024\\\/02\\\/27\\\/confira-os-resultados-da-sessao-ordinaria-realizada-nesta-segunda-feira-26-de-fevereiro\\\/#article\",\"isPartOf\":{\"@id\":\"https:\\\/\\\/regiaonews.net.br\\\/2022\\\/2024\\\/02\\\/27\\\/confira-os-resultados-da-sessao-ordinaria-realizada-nesta-segunda-feira-26-de-fevereiro\\\/\"},\"author\":{\"name\":\"Roberto\",\"@id\":\"https:\\\/\\\/regiaonews.net.br\\\/2022\\\/#\\\/schema\\\/person\\\/2d205a608a5aa97ac279d7a5e6d89ad8\"},\"headline\":\"Confira os resultados da Sess\u00e3o Ordin\u00e1ria realizada nesta segunda-feira, 26 de fevereiro\",\"datePublished\":\"2024-02-27T22:17:45+00:00\",\"mainEntityOfPage\":{\"@id\":\"https:\\\/\\\/regiaonews.net.br\\\/2022\\\/2024\\\/02\\\/27\\\/confira-os-resultados-da-sessao-ordinaria-realizada-nesta-segunda-feira-26-de-fevereiro\\\/\"},\"wordCount\":511,\"commentCount\":0,\"publisher\":{\"@id\":\"https:\\\/\\\/regiaonews.net.br\\\/2022\\\/#organization\"},\"image\":{\"@id\":\"https:\\\/\\\/regiaonews.net.br\\\/2022\\\/2024\\\/02\\\/27\\\/confira-os-resultados-da-sessao-ordinaria-realizada-nesta-segunda-feira-26-de-fevereiro\\\/#primaryimage\"},\"thumbnailUrl\":\"https:\\\/\\\/regiaonews.net.br\\\/2022\\\/wp-content\\\/uploads\\\/2024\\\/02\\\/WhatsApp-Image-2024-02-27-at-16.35.08.jpeg\",\"articleSection\":[\"Barretos\",\"Cidades\"],\"inLanguage\":\"pt-BR\",\"potentialAction\":[{\"@type\":\"CommentAction\",\"name\":\"Comment\",\"target\":[\"https:\\\/\\\/regiaonews.net.br\\\/2022\\\/2024\\\/02\\\/27\\\/confira-os-resultados-da-sessao-ordinaria-realizada-nesta-segunda-feira-26-de-fevereiro\\\/#respond\"]}]},{\"@type\":\"WebPage\",\"@id\":\"https:\\\/\\\/regiaonews.net.br\\\/2022\\\/2024\\\/02\\\/27\\\/confira-os-resultados-da-sessao-ordinaria-realizada-nesta-segunda-feira-26-de-fevereiro\\\/\",\"url\":\"https:\\\/\\\/regiaonews.net.br\\\/2022\\\/2024\\\/02\\\/27\\\/confira-os-resultados-da-sessao-ordinaria-realizada-nesta-segunda-feira-26-de-fevereiro\\\/\",\"name\":\"Confira os resultados da Sess\u00e3o Ordin\u00e1ria realizada nesta segunda-feira, 26 de fevereiro - Regi\u00e3o News\",\"isPartOf\":{\"@id\":\"https:\\\/\\\/regiaonews.net.br\\\/2022\\\/#website\"},\"primaryImageOfPage\":{\"@id\":\"https:\\\/\\\/regiaonews.net.br\\\/2022\\\/2024\\\/02\\\/27\\\/confira-os-resultados-da-sessao-ordinaria-realizada-nesta-segunda-feira-26-de-fevereiro\\\/#primaryimage\"},\"image\":{\"@id\":\"https:\\\/\\\/regiaonews.net.br\\\/2022\\\/2024\\\/02\\\/27\\\/confira-os-resultados-da-sessao-ordinaria-realizada-nesta-segunda-feira-26-de-fevereiro\\\/#primaryimage\"},\"thumbnailUrl\":\"https:\\\/\\\/regiaonews.net.br\\\/2022\\\/wp-content\\\/uploads\\\/2024\\\/02\\\/WhatsApp-Image-2024-02-27-at-16.35.08.jpeg\",\"datePublished\":\"2024-02-27T22:17:45+00:00\",\"breadcrumb\":{\"@id\":\"https:\\\/\\\/regiaonews.net.br\\\/2022\\\/2024\\\/02\\\/27\\\/confira-os-resultados-da-sessao-ordinaria-realizada-nesta-segunda-feira-26-de-fevereiro\\\/#breadcrumb\"},\"inLanguage\":\"pt-BR\",\"potentialAction\":[{\"@type\":\"ReadAction\",\"target\":[\"https:\\\/\\\/regiaonews.net.br\\\/2022\\\/2024\\\/02\\\/27\\\/confira-os-resultados-da-sessao-ordinaria-realizada-nesta-segunda-feira-26-de-fevereiro\\\/\"]}]},{\"@type\":\"ImageObject\",\"inLanguage\":\"pt-BR\",\"@id\":\"https:\\\/\\\/regiaonews.net.br\\\/2022\\\/2024\\\/02\\\/27\\\/confira-os-resultados-da-sessao-ordinaria-realizada-nesta-segunda-feira-26-de-fevereiro\\\/#primaryimage\",\"url\":\"https:\\\/\\\/regiaonews.net.br\\\/2022\\\/wp-content\\\/uploads\\\/2024\\\/02\\\/WhatsApp-Image-2024-02-27-at-16.35.08.jpeg\",\"contentUrl\":\"https:\\\/\\\/regiaonews.net.br\\\/2022\\\/wp-content\\\/uploads\\\/2024\\\/02\\\/WhatsApp-Image-2024-02-27-at-16.35.08.jpeg\",\"width\":1280,\"height\":848},{\"@type\":\"BreadcrumbList\",\"@id\":\"https:\\\/\\\/regiaonews.net.br\\\/2022\\\/2024\\\/02\\\/27\\\/confira-os-resultados-da-sessao-ordinaria-realizada-nesta-segunda-feira-26-de-fevereiro\\\/#breadcrumb\",\"itemListElement\":[{\"@type\":\"ListItem\",\"position\":1,\"name\":\"In\u00edcio\",\"item\":\"https:\\\/\\\/regiaonews.net.br\\\/2022\\\/\"},{\"@type\":\"ListItem\",\"position\":2,\"name\":\"Confira os resultados da Sess\u00e3o Ordin\u00e1ria realizada nesta segunda-feira, 26 de fevereiro\"}]},{\"@type\":\"WebSite\",\"@id\":\"https:\\\/\\\/regiaonews.net.br\\\/2022\\\/#website\",\"url\":\"https:\\\/\\\/regiaonews.net.br\\\/2022\\\/\",\"name\":\"Regi\u00e3o News\",\"description\":\"Site de Not\u00edcias de Barretos e regi\u00e3o\",\"publisher\":{\"@id\":\"https:\\\/\\\/regiaonews.net.br\\\/2022\\\/#organization\"},\"potentialAction\":[{\"@type\":\"SearchAction\",\"target\":{\"@type\":\"EntryPoint\",\"urlTemplate\":\"https:\\\/\\\/regiaonews.net.br\\\/2022\\\/?s={search_term_string}\"},\"query-input\":{\"@type\":\"PropertyValueSpecification\",\"valueRequired\":true,\"valueName\":\"search_term_string\"}}],\"inLanguage\":\"pt-BR\"},{\"@type\":\"Organization\",\"@id\":\"https:\\\/\\\/regiaonews.net.br\\\/2022\\\/#organization\",\"name\":\"Regi\u00e3o News\",\"url\":\"https:\\\/\\\/regiaonews.net.br\\\/2022\\\/\",\"logo\":{\"@type\":\"ImageObject\",\"inLanguage\":\"pt-BR\",\"@id\":\"https:\\\/\\\/regiaonews.net.br\\\/2022\\\/#\\\/schema\\\/logo\\\/image\\\/\",\"url\":\"https:\\\/\\\/regiaonews.net.br\\\/2022\\\/wp-content\\\/uploads\\\/2026\\\/03\\\/regiao-13-anos-scaled.jpg\",\"contentUrl\":\"https:\\\/\\\/regiaonews.net.br\\\/2022\\\/wp-content\\\/uploads\\\/2026\\\/03\\\/regiao-13-anos-scaled.jpg\",\"width\":2560,\"height\":635,\"caption\":\"Regi\u00e3o News\"},\"image\":{\"@id\":\"https:\\\/\\\/regiaonews.net.br\\\/2022\\\/#\\\/schema\\\/logo\\\/image\\\/\"}},{\"@type\":\"Person\",\"@id\":\"https:\\\/\\\/regiaonews.net.br\\\/2022\\\/#\\\/schema\\\/person\\\/2d205a608a5aa97ac279d7a5e6d89ad8\",\"name\":\"Roberto\",\"image\":{\"@type\":\"ImageObject\",\"inLanguage\":\"pt-BR\",\"@id\":\"https:\\\/\\\/secure.gravatar.com\\\/avatar\\\/42749d8b712ff9d59ca93dc150494e5b55a44134482993f5baeb97e61b7ecc89?s=96&d=mm&r=g\",\"url\":\"https:\\\/\\\/secure.gravatar.com\\\/avatar\\\/42749d8b712ff9d59ca93dc150494e5b55a44134482993f5baeb97e61b7ecc89?s=96&d=mm&r=g\",\"contentUrl\":\"https:\\\/\\\/secure.gravatar.com\\\/avatar\\\/42749d8b712ff9d59ca93dc150494e5b55a44134482993f5baeb97e61b7ecc89?s=96&d=mm&r=g\",\"caption\":\"Roberto\"},\"url\":\"https:\\\/\\\/regiaonews.net.br\\\/2022\\\/author\\\/roberto\\\/\"}]}<\/script>\n<!-- \/ Yoast SEO plugin. -->","yoast_head_json":{"title":"Confira os resultados da Sess\u00e3o Ordin\u00e1ria realizada nesta segunda-feira, 26 de fevereiro - Regi\u00e3o News","robots":{"index":"index","follow":"follow","max-snippet":"max-snippet:-1","max-image-preview":"max-image-preview:large","max-video-preview":"max-video-preview:-1"},"canonical":"https:\/\/regiaonews.net.br\/2022\/2024\/02\/27\/confira-os-resultados-da-sessao-ordinaria-realizada-nesta-segunda-feira-26-de-fevereiro\/","og_locale":"pt_BR","og_type":"article","og_title":"Confira os resultados da Sess\u00e3o Ordin\u00e1ria realizada nesta segunda-feira, 26 de fevereiro - Regi\u00e3o News","og_description":"Vereadores aprovaram 3 Projetos de Lei e pediram Vista de","og_url":"https:\/\/regiaonews.net.br\/2022\/2024\/02\/27\/confira-os-resultados-da-sessao-ordinaria-realizada-nesta-segunda-feira-26-de-fevereiro\/","og_site_name":"Regi\u00e3o News","article_published_time":"2024-02-27T22:17:45+00:00","og_image":[{"width":1280,"height":848,"url":"https:\/\/regiaonews.net.br\/2022\/wp-content\/uploads\/2024\/02\/WhatsApp-Image-2024-02-27-at-16.35.08.jpeg","type":"image\/jpeg"}],"author":"Roberto","twitter_card":"summary_large_image","twitter_misc":{"Escrito por":"Roberto","Est. tempo de leitura":"3 minutos"},"schema":{"@context":"https:\/\/schema.org","@graph":[{"@type":"Article","@id":"https:\/\/regiaonews.net.br\/2022\/2024\/02\/27\/confira-os-resultados-da-sessao-ordinaria-realizada-nesta-segunda-feira-26-de-fevereiro\/#article","isPartOf":{"@id":"https:\/\/regiaonews.net.br\/2022\/2024\/02\/27\/confira-os-resultados-da-sessao-ordinaria-realizada-nesta-segunda-feira-26-de-fevereiro\/"},"author":{"name":"Roberto","@id":"https:\/\/regiaonews.net.br\/2022\/#\/schema\/person\/2d205a608a5aa97ac279d7a5e6d89ad8"},"headline":"Confira os resultados da Sess\u00e3o Ordin\u00e1ria realizada nesta segunda-feira, 26 de fevereiro","datePublished":"2024-02-27T22:17:45+00:00","mainEntityOfPage":{"@id":"https:\/\/regiaonews.net.br\/2022\/2024\/02\/27\/confira-os-resultados-da-sessao-ordinaria-realizada-nesta-segunda-feira-26-de-fevereiro\/"},"wordCount":511,"commentCount":0,"publisher":{"@id":"https:\/\/regiaonews.net.br\/2022\/#organization"},"image":{"@id":"https:\/\/regiaonews.net.br\/2022\/2024\/02\/27\/confira-os-resultados-da-sessao-ordinaria-realizada-nesta-segunda-feira-26-de-fevereiro\/#primaryimage"},"thumbnailUrl":"https:\/\/regiaonews.net.br\/2022\/wp-content\/uploads\/2024\/02\/WhatsApp-Image-2024-02-27-at-16.35.08.jpeg","articleSection":["Barretos","Cidades"],"inLanguage":"pt-BR","potentialAction":[{"@type":"CommentAction","name":"Comment","target":["https:\/\/regiaonews.net.br\/2022\/2024\/02\/27\/confira-os-resultados-da-sessao-ordinaria-realizada-nesta-segunda-feira-26-de-fevereiro\/#respond"]}]},{"@type":"WebPage","@id":"https:\/\/regiaonews.net.br\/2022\/2024\/02\/27\/confira-os-resultados-da-sessao-ordinaria-realizada-nesta-segunda-feira-26-de-fevereiro\/","url":"https:\/\/regiaonews.net.br\/2022\/2024\/02\/27\/confira-os-resultados-da-sessao-ordinaria-realizada-nesta-segunda-feira-26-de-fevereiro\/","name":"Confira os resultados da Sess\u00e3o Ordin\u00e1ria realizada nesta segunda-feira, 26 de fevereiro - Regi\u00e3o News","isPartOf":{"@id":"https:\/\/regiaonews.net.br\/2022\/#website"},"primaryImageOfPage":{"@id":"https:\/\/regiaonews.net.br\/2022\/2024\/02\/27\/confira-os-resultados-da-sessao-ordinaria-realizada-nesta-segunda-feira-26-de-fevereiro\/#primaryimage"},"image":{"@id":"https:\/\/regiaonews.net.br\/2022\/2024\/02\/27\/confira-os-resultados-da-sessao-ordinaria-realizada-nesta-segunda-feira-26-de-fevereiro\/#primaryimage"},"thumbnailUrl":"https:\/\/regiaonews.net.br\/2022\/wp-content\/uploads\/2024\/02\/WhatsApp-Image-2024-02-27-at-16.35.08.jpeg","datePublished":"2024-02-27T22:17:45+00:00","breadcrumb":{"@id":"https:\/\/regiaonews.net.br\/2022\/2024\/02\/27\/confira-os-resultados-da-sessao-ordinaria-realizada-nesta-segunda-feira-26-de-fevereiro\/#breadcrumb"},"inLanguage":"pt-BR","potentialAction":[{"@type":"ReadAction","target":["https:\/\/regiaonews.net.br\/2022\/2024\/02\/27\/confira-os-resultados-da-sessao-ordinaria-realizada-nesta-segunda-feira-26-de-fevereiro\/"]}]},{"@type":"ImageObject","inLanguage":"pt-BR","@id":"https:\/\/regiaonews.net.br\/2022\/2024\/02\/27\/confira-os-resultados-da-sessao-ordinaria-realizada-nesta-segunda-feira-26-de-fevereiro\/#primaryimage","url":"https:\/\/regiaonews.net.br\/2022\/wp-content\/uploads\/2024\/02\/WhatsApp-Image-2024-02-27-at-16.35.08.jpeg","contentUrl":"https:\/\/regiaonews.net.br\/2022\/wp-content\/uploads\/2024\/02\/WhatsApp-Image-2024-02-27-at-16.35.08.jpeg","width":1280,"height":848},{"@type":"BreadcrumbList","@id":"https:\/\/regiaonews.net.br\/2022\/2024\/02\/27\/confira-os-resultados-da-sessao-ordinaria-realizada-nesta-segunda-feira-26-de-fevereiro\/#breadcrumb","itemListElement":[{"@type":"ListItem","position":1,"name":"In\u00edcio","item":"https:\/\/regiaonews.net.br\/2022\/"},{"@type":"ListItem","position":2,"name":"Confira os resultados da Sess\u00e3o Ordin\u00e1ria realizada nesta segunda-feira, 26 de fevereiro"}]},{"@type":"WebSite","@id":"https:\/\/regiaonews.net.br\/2022\/#website","url":"https:\/\/regiaonews.net.br\/2022\/","name":"Regi\u00e3o News","description":"Site de Not\u00edcias de Barretos e regi\u00e3o","publisher":{"@id":"https:\/\/regiaonews.net.br\/2022\/#organization"},"potentialAction":[{"@type":"SearchAction","target":{"@type":"EntryPoint","urlTemplate":"https:\/\/regiaonews.net.br\/2022\/?s={search_term_string}"},"query-input":{"@type":"PropertyValueSpecification","valueRequired":true,"valueName":"search_term_string"}}],"inLanguage":"pt-BR"},{"@type":"Organization","@id":"https:\/\/regiaonews.net.br\/2022\/#organization","name":"Regi\u00e3o News","url":"https:\/\/regiaonews.net.br\/2022\/","logo":{"@type":"ImageObject","inLanguage":"pt-BR","@id":"https:\/\/regiaonews.net.br\/2022\/#\/schema\/logo\/image\/","url":"https:\/\/regiaonews.net.br\/2022\/wp-content\/uploads\/2026\/03\/regiao-13-anos-scaled.jpg","contentUrl":"https:\/\/regiaonews.net.br\/2022\/wp-content\/uploads\/2026\/03\/regiao-13-anos-scaled.jpg","width":2560,"height":635,"caption":"Regi\u00e3o News"},"image":{"@id":"https:\/\/regiaonews.net.br\/2022\/#\/schema\/logo\/image\/"}},{"@type":"Person","@id":"https:\/\/regiaonews.net.br\/2022\/#\/schema\/person\/2d205a608a5aa97ac279d7a5e6d89ad8","name":"Roberto","image":{"@type":"ImageObject","inLanguage":"pt-BR","@id":"https:\/\/secure.gravatar.com\/avatar\/42749d8b712ff9d59ca93dc150494e5b55a44134482993f5baeb97e61b7ecc89?s=96&d=mm&r=g","url":"https:\/\/secure.gravatar.com\/avatar\/42749d8b712ff9d59ca93dc150494e5b55a44134482993f5baeb97e61b7ecc89?s=96&d=mm&r=g","contentUrl":"https:\/\/secure.gravatar.com\/avatar\/42749d8b712ff9d59ca93dc150494e5b55a44134482993f5baeb97e61b7ecc89?s=96&d=mm&r=g","caption":"Roberto"},"url":"https:\/\/regiaonews.net.br\/2022\/author\/roberto\/"}]}},"publishpress_future_action":{"enabled":false,"date":"2026-05-03 18:57:49","action":"change-status","newStatus":"draft","terms":[],"taxonomy":"category","extraData":[]},"publishpress_future_workflow_manual_trigger":{"enabledWorkflows":[]},"_links":{"self":[{"href":"https:\/\/regiaonews.net.br\/2022\/wp-json\/wp\/v2\/posts\/101780","targetHints":{"allow":["GET"]}}],"collection":[{"href":"https:\/\/regiaonews.net.br\/2022\/wp-json\/wp\/v2\/posts"}],"about":[{"href":"https:\/\/regiaonews.net.br\/2022\/wp-json\/wp\/v2\/types\/post"}],"author":[{"embeddable":true,"href":"https:\/\/regiaonews.net.br\/2022\/wp-json\/wp\/v2\/users\/2"}],"replies":[{"embeddable":true,"href":"https:\/\/regiaonews.net.br\/2022\/wp-json\/wp\/v2\/comments?post=101780"}],"version-history":[{"count":1,"href":"https:\/\/regiaonews.net.br\/2022\/wp-json\/wp\/v2\/posts\/101780\/revisions"}],"predecessor-version":[{"id":101782,"href":"https:\/\/regiaonews.net.br\/2022\/wp-json\/wp\/v2\/posts\/101780\/revisions\/101782"}],"wp:featuredmedia":[{"embeddable":true,"href":"https:\/\/regiaonews.net.br\/2022\/wp-json\/wp\/v2\/media\/101781"}],"wp:attachment":[{"href":"https:\/\/regiaonews.net.br\/2022\/wp-json\/wp\/v2\/media?parent=101780"}],"wp:term":[{"taxonomy":"category","embeddable":true,"href":"https:\/\/regiaonews.net.br\/2022\/wp-json\/wp\/v2\/categories?post=101780"},{"taxonomy":"post_tag","embeddable":true,"href":"https:\/\/regiaonews.net.br\/2022\/wp-json\/wp\/v2\/tags?post=101780"}],"curies":[{"name":"wp","href":"https:\/\/api.w.org\/{rel}","templated":true}]}}