{"id":101774,"date":"2024-02-27T19:10:18","date_gmt":"2024-02-27T22:10:18","guid":{"rendered":"https:\/\/regiaonews.net.br\/2022\/?p=101774"},"modified":"2024-02-27T19:10:18","modified_gmt":"2024-02-27T22:10:18","slug":"saae-barretos-anuncia-prazo-para-regularizacao-de-isencao-a-entidades-filantropicas","status":"publish","type":"post","link":"https:\/\/regiaonews.net.br\/2022\/2024\/02\/27\/saae-barretos-anuncia-prazo-para-regularizacao-de-isencao-a-entidades-filantropicas\/","title":{"rendered":"SAAE Barretos anuncia prazo para regulariza\u00e7\u00e3o de isen\u00e7\u00e3o a entidades filantr\u00f3picas"},"content":{"rendered":"<p>&nbsp;<\/p>\n<p>Entidades t\u00eam at\u00e9 27 de mar\u00e7o para apresentar documenta\u00e7\u00e3o e garantir benef\u00edcios em \u00e1gua e esgoto<\/p>\n<p>O Servi\u00e7o Aut\u00f4nomo de \u00c1gua e Esgoto de Barretos (SAAEB) informa as entidades filantr\u00f3picas da cidade que o prazo final para a regulariza\u00e7\u00e3o da isen\u00e7\u00e3o de 75% nas tarifas de consumo de \u00e1gua e esgoto est\u00e1 se aproximando. Conforme estabelecido pela Lei n\u00ba 3.130\/97, as entidades interessadas devem providenciar a entrega da documenta\u00e7\u00e3o necess\u00e1ria at\u00e9 o \u00faltimo dia \u00fatil de mar\u00e7o, dia 27 de mar\u00e7o de 2024, para manterem o benef\u00edcio.<\/p>\n<p>Os documentos exigidos para a regulariza\u00e7\u00e3o incluem:<\/p>\n<p>&#8211; Requerimento assinado e datado pelo respons\u00e1vel;<br \/>\n&#8211; C\u00f3pia do Estatuto Social da entidade, com registro em cart\u00f3rio;<br \/>\n&#8211; C\u00f3pia da Ata de elei\u00e7\u00e3o da diretoria atual;<br \/>\n&#8211; Relat\u00f3rio detalhado das atividades realizadas no ano de 2023;<br \/>\n&#8211; Balan\u00e7o financeiro do ano encerrado em 31 de dezembro de 2023, com assinatura do contador respons\u00e1vel e n\u00famero de registro no CRC;<br \/>\n&#8211; C\u00f3pia do CNPJ da entidade;<br \/>\n&#8211; C\u00f3pia do alvar\u00e1 de funcionamento expedido pela prefeitura;<br \/>\n&#8211; Declara\u00e7\u00e3o que comprove a entidade como de Utilidade P\u00fablica.<\/p>\n<p>Esses documentos devem ser apresentados no Setor de Atendimento da sede do SAAEB, na Rua 30, esquina da Avenida 41, garantindo assim a continuidade do benef\u00edcio.<\/p>\n<p>&#8220;\u00c9 essencial que as entidades filantr\u00f3picas de Barretos aproveitem essa oportunidade para regularizar sua situa\u00e7\u00e3o e continuar beneficiando-se das isen\u00e7\u00f5es oferecidas. Estamos comprometidos em facilitar esse processo, garantindo o apoio necess\u00e1rio \u00e0s organiza\u00e7\u00f5es que desempenham um papel t\u00e3o vital em nossa comunidade. Todos que se enquadram nos requisitos da lei n\u00e3o devem deixar para a \u00faltima hora, assegurando assim a manuten\u00e7\u00e3o de seus benef\u00edcios sem interrup\u00e7\u00f5es&#8221;, enfatiza o superintendente Marcelo Borges.<\/p>\n","protected":false},"excerpt":{"rendered":"<p>&nbsp; Entidades t\u00eam at\u00e9 27 de mar\u00e7o para apresentar documenta\u00e7\u00e3o<\/p>\n","protected":false},"author":2,"featured_media":101775,"comment_status":"open","ping_status":"open","sticky":false,"template":"","format":"standard","meta":{"footnotes":""},"categories":[14,25],"tags":[],"class_list":["post-101774","post","type-post","status-publish","format-standard","has-post-thumbnail","hentry","category-barretos","category-cidades"],"yoast_head":"<!-- This site is optimized with the Yoast SEO plugin v27.4 - https:\/\/yoast.com\/product\/yoast-seo-wordpress\/ -->\n<title>SAAE Barretos anuncia prazo para regulariza\u00e7\u00e3o de isen\u00e7\u00e3o a entidades filantr\u00f3picas - Regi\u00e3o News<\/title>\n<meta name=\"robots\" content=\"index, follow, max-snippet:-1, max-image-preview:large, max-video-preview:-1\" \/>\n<link rel=\"canonical\" href=\"https:\/\/regiaonews.net.br\/2022\/2024\/02\/27\/saae-barretos-anuncia-prazo-para-regularizacao-de-isencao-a-entidades-filantropicas\/\" \/>\n<meta property=\"og:locale\" content=\"pt_BR\" \/>\n<meta property=\"og:type\" content=\"article\" \/>\n<meta property=\"og:title\" content=\"SAAE Barretos anuncia prazo para regulariza\u00e7\u00e3o de isen\u00e7\u00e3o a entidades filantr\u00f3picas - Regi\u00e3o News\" \/>\n<meta property=\"og:description\" content=\"&nbsp; Entidades t\u00eam at\u00e9 27 de mar\u00e7o para apresentar documenta\u00e7\u00e3o\" \/>\n<meta property=\"og:url\" content=\"https:\/\/regiaonews.net.br\/2022\/2024\/02\/27\/saae-barretos-anuncia-prazo-para-regularizacao-de-isencao-a-entidades-filantropicas\/\" \/>\n<meta property=\"og:site_name\" content=\"Regi\u00e3o News\" \/>\n<meta property=\"article:published_time\" content=\"2024-02-27T22:10:18+00:00\" \/>\n<meta property=\"og:image\" content=\"https:\/\/regiaonews.net.br\/2022\/wp-content\/uploads\/2024\/02\/WhatsApp-Image-2024-02-27-at-15.26.43.jpeg\" \/>\n\t<meta property=\"og:image:width\" content=\"1600\" \/>\n\t<meta property=\"og:image:height\" content=\"900\" \/>\n\t<meta property=\"og:image:type\" content=\"image\/jpeg\" \/>\n<meta name=\"author\" content=\"Roberto\" \/>\n<meta name=\"twitter:card\" content=\"summary_large_image\" \/>\n<meta name=\"twitter:label1\" content=\"Escrito por\" \/>\n\t<meta name=\"twitter:data1\" content=\"Roberto\" \/>\n\t<meta name=\"twitter:label2\" content=\"Est. tempo de leitura\" \/>\n\t<meta name=\"twitter:data2\" content=\"2 minutos\" \/>\n<script type=\"application\/ld+json\" class=\"yoast-schema-graph\">{\"@context\":\"https:\\\/\\\/schema.org\",\"@graph\":[{\"@type\":\"Article\",\"@id\":\"https:\\\/\\\/regiaonews.net.br\\\/2022\\\/2024\\\/02\\\/27\\\/saae-barretos-anuncia-prazo-para-regularizacao-de-isencao-a-entidades-filantropicas\\\/#article\",\"isPartOf\":{\"@id\":\"https:\\\/\\\/regiaonews.net.br\\\/2022\\\/2024\\\/02\\\/27\\\/saae-barretos-anuncia-prazo-para-regularizacao-de-isencao-a-entidades-filantropicas\\\/\"},\"author\":{\"name\":\"Roberto\",\"@id\":\"https:\\\/\\\/regiaonews.net.br\\\/2022\\\/#\\\/schema\\\/person\\\/2d205a608a5aa97ac279d7a5e6d89ad8\"},\"headline\":\"SAAE Barretos anuncia prazo para regulariza\u00e7\u00e3o de isen\u00e7\u00e3o a entidades filantr\u00f3picas\",\"datePublished\":\"2024-02-27T22:10:18+00:00\",\"mainEntityOfPage\":{\"@id\":\"https:\\\/\\\/regiaonews.net.br\\\/2022\\\/2024\\\/02\\\/27\\\/saae-barretos-anuncia-prazo-para-regularizacao-de-isencao-a-entidades-filantropicas\\\/\"},\"wordCount\":319,\"commentCount\":0,\"publisher\":{\"@id\":\"https:\\\/\\\/regiaonews.net.br\\\/2022\\\/#organization\"},\"image\":{\"@id\":\"https:\\\/\\\/regiaonews.net.br\\\/2022\\\/2024\\\/02\\\/27\\\/saae-barretos-anuncia-prazo-para-regularizacao-de-isencao-a-entidades-filantropicas\\\/#primaryimage\"},\"thumbnailUrl\":\"https:\\\/\\\/regiaonews.net.br\\\/2022\\\/wp-content\\\/uploads\\\/2024\\\/02\\\/WhatsApp-Image-2024-02-27-at-15.26.43.jpeg\",\"articleSection\":[\"Barretos\",\"Cidades\"],\"inLanguage\":\"pt-BR\",\"potentialAction\":[{\"@type\":\"CommentAction\",\"name\":\"Comment\",\"target\":[\"https:\\\/\\\/regiaonews.net.br\\\/2022\\\/2024\\\/02\\\/27\\\/saae-barretos-anuncia-prazo-para-regularizacao-de-isencao-a-entidades-filantropicas\\\/#respond\"]}]},{\"@type\":\"WebPage\",\"@id\":\"https:\\\/\\\/regiaonews.net.br\\\/2022\\\/2024\\\/02\\\/27\\\/saae-barretos-anuncia-prazo-para-regularizacao-de-isencao-a-entidades-filantropicas\\\/\",\"url\":\"https:\\\/\\\/regiaonews.net.br\\\/2022\\\/2024\\\/02\\\/27\\\/saae-barretos-anuncia-prazo-para-regularizacao-de-isencao-a-entidades-filantropicas\\\/\",\"name\":\"SAAE Barretos anuncia prazo para regulariza\u00e7\u00e3o de isen\u00e7\u00e3o a entidades filantr\u00f3picas - Regi\u00e3o News\",\"isPartOf\":{\"@id\":\"https:\\\/\\\/regiaonews.net.br\\\/2022\\\/#website\"},\"primaryImageOfPage\":{\"@id\":\"https:\\\/\\\/regiaonews.net.br\\\/2022\\\/2024\\\/02\\\/27\\\/saae-barretos-anuncia-prazo-para-regularizacao-de-isencao-a-entidades-filantropicas\\\/#primaryimage\"},\"image\":{\"@id\":\"https:\\\/\\\/regiaonews.net.br\\\/2022\\\/2024\\\/02\\\/27\\\/saae-barretos-anuncia-prazo-para-regularizacao-de-isencao-a-entidades-filantropicas\\\/#primaryimage\"},\"thumbnailUrl\":\"https:\\\/\\\/regiaonews.net.br\\\/2022\\\/wp-content\\\/uploads\\\/2024\\\/02\\\/WhatsApp-Image-2024-02-27-at-15.26.43.jpeg\",\"datePublished\":\"2024-02-27T22:10:18+00:00\",\"breadcrumb\":{\"@id\":\"https:\\\/\\\/regiaonews.net.br\\\/2022\\\/2024\\\/02\\\/27\\\/saae-barretos-anuncia-prazo-para-regularizacao-de-isencao-a-entidades-filantropicas\\\/#breadcrumb\"},\"inLanguage\":\"pt-BR\",\"potentialAction\":[{\"@type\":\"ReadAction\",\"target\":[\"https:\\\/\\\/regiaonews.net.br\\\/2022\\\/2024\\\/02\\\/27\\\/saae-barretos-anuncia-prazo-para-regularizacao-de-isencao-a-entidades-filantropicas\\\/\"]}]},{\"@type\":\"ImageObject\",\"inLanguage\":\"pt-BR\",\"@id\":\"https:\\\/\\\/regiaonews.net.br\\\/2022\\\/2024\\\/02\\\/27\\\/saae-barretos-anuncia-prazo-para-regularizacao-de-isencao-a-entidades-filantropicas\\\/#primaryimage\",\"url\":\"https:\\\/\\\/regiaonews.net.br\\\/2022\\\/wp-content\\\/uploads\\\/2024\\\/02\\\/WhatsApp-Image-2024-02-27-at-15.26.43.jpeg\",\"contentUrl\":\"https:\\\/\\\/regiaonews.net.br\\\/2022\\\/wp-content\\\/uploads\\\/2024\\\/02\\\/WhatsApp-Image-2024-02-27-at-15.26.43.jpeg\",\"width\":1600,\"height\":900},{\"@type\":\"BreadcrumbList\",\"@id\":\"https:\\\/\\\/regiaonews.net.br\\\/2022\\\/2024\\\/02\\\/27\\\/saae-barretos-anuncia-prazo-para-regularizacao-de-isencao-a-entidades-filantropicas\\\/#breadcrumb\",\"itemListElement\":[{\"@type\":\"ListItem\",\"position\":1,\"name\":\"In\u00edcio\",\"item\":\"https:\\\/\\\/regiaonews.net.br\\\/2022\\\/\"},{\"@type\":\"ListItem\",\"position\":2,\"name\":\"SAAE Barretos anuncia prazo para regulariza\u00e7\u00e3o de isen\u00e7\u00e3o a entidades filantr\u00f3picas\"}]},{\"@type\":\"WebSite\",\"@id\":\"https:\\\/\\\/regiaonews.net.br\\\/2022\\\/#website\",\"url\":\"https:\\\/\\\/regiaonews.net.br\\\/2022\\\/\",\"name\":\"Regi\u00e3o News\",\"description\":\"Site de Not\u00edcias de Barretos e regi\u00e3o\",\"publisher\":{\"@id\":\"https:\\\/\\\/regiaonews.net.br\\\/2022\\\/#organization\"},\"potentialAction\":[{\"@type\":\"SearchAction\",\"target\":{\"@type\":\"EntryPoint\",\"urlTemplate\":\"https:\\\/\\\/regiaonews.net.br\\\/2022\\\/?s={search_term_string}\"},\"query-input\":{\"@type\":\"PropertyValueSpecification\",\"valueRequired\":true,\"valueName\":\"search_term_string\"}}],\"inLanguage\":\"pt-BR\"},{\"@type\":\"Organization\",\"@id\":\"https:\\\/\\\/regiaonews.net.br\\\/2022\\\/#organization\",\"name\":\"Regi\u00e3o News\",\"url\":\"https:\\\/\\\/regiaonews.net.br\\\/2022\\\/\",\"logo\":{\"@type\":\"ImageObject\",\"inLanguage\":\"pt-BR\",\"@id\":\"https:\\\/\\\/regiaonews.net.br\\\/2022\\\/#\\\/schema\\\/logo\\\/image\\\/\",\"url\":\"https:\\\/\\\/regiaonews.net.br\\\/2022\\\/wp-content\\\/uploads\\\/2026\\\/03\\\/regiao-13-anos-scaled.jpg\",\"contentUrl\":\"https:\\\/\\\/regiaonews.net.br\\\/2022\\\/wp-content\\\/uploads\\\/2026\\\/03\\\/regiao-13-anos-scaled.jpg\",\"width\":2560,\"height\":635,\"caption\":\"Regi\u00e3o News\"},\"image\":{\"@id\":\"https:\\\/\\\/regiaonews.net.br\\\/2022\\\/#\\\/schema\\\/logo\\\/image\\\/\"}},{\"@type\":\"Person\",\"@id\":\"https:\\\/\\\/regiaonews.net.br\\\/2022\\\/#\\\/schema\\\/person\\\/2d205a608a5aa97ac279d7a5e6d89ad8\",\"name\":\"Roberto\",\"image\":{\"@type\":\"ImageObject\",\"inLanguage\":\"pt-BR\",\"@id\":\"https:\\\/\\\/secure.gravatar.com\\\/avatar\\\/42749d8b712ff9d59ca93dc150494e5b55a44134482993f5baeb97e61b7ecc89?s=96&d=mm&r=g\",\"url\":\"https:\\\/\\\/secure.gravatar.com\\\/avatar\\\/42749d8b712ff9d59ca93dc150494e5b55a44134482993f5baeb97e61b7ecc89?s=96&d=mm&r=g\",\"contentUrl\":\"https:\\\/\\\/secure.gravatar.com\\\/avatar\\\/42749d8b712ff9d59ca93dc150494e5b55a44134482993f5baeb97e61b7ecc89?s=96&d=mm&r=g\",\"caption\":\"Roberto\"},\"url\":\"https:\\\/\\\/regiaonews.net.br\\\/2022\\\/author\\\/roberto\\\/\"}]}<\/script>\n<!-- \/ Yoast SEO plugin. -->","yoast_head_json":{"title":"SAAE Barretos anuncia prazo para regulariza\u00e7\u00e3o de isen\u00e7\u00e3o a entidades filantr\u00f3picas - Regi\u00e3o News","robots":{"index":"index","follow":"follow","max-snippet":"max-snippet:-1","max-image-preview":"max-image-preview:large","max-video-preview":"max-video-preview:-1"},"canonical":"https:\/\/regiaonews.net.br\/2022\/2024\/02\/27\/saae-barretos-anuncia-prazo-para-regularizacao-de-isencao-a-entidades-filantropicas\/","og_locale":"pt_BR","og_type":"article","og_title":"SAAE Barretos anuncia prazo para regulariza\u00e7\u00e3o de isen\u00e7\u00e3o a entidades filantr\u00f3picas - Regi\u00e3o News","og_description":"&nbsp; Entidades t\u00eam at\u00e9 27 de mar\u00e7o para apresentar documenta\u00e7\u00e3o","og_url":"https:\/\/regiaonews.net.br\/2022\/2024\/02\/27\/saae-barretos-anuncia-prazo-para-regularizacao-de-isencao-a-entidades-filantropicas\/","og_site_name":"Regi\u00e3o News","article_published_time":"2024-02-27T22:10:18+00:00","og_image":[{"width":1600,"height":900,"url":"https:\/\/regiaonews.net.br\/2022\/wp-content\/uploads\/2024\/02\/WhatsApp-Image-2024-02-27-at-15.26.43.jpeg","type":"image\/jpeg"}],"author":"Roberto","twitter_card":"summary_large_image","twitter_misc":{"Escrito por":"Roberto","Est. tempo de leitura":"2 minutos"},"schema":{"@context":"https:\/\/schema.org","@graph":[{"@type":"Article","@id":"https:\/\/regiaonews.net.br\/2022\/2024\/02\/27\/saae-barretos-anuncia-prazo-para-regularizacao-de-isencao-a-entidades-filantropicas\/#article","isPartOf":{"@id":"https:\/\/regiaonews.net.br\/2022\/2024\/02\/27\/saae-barretos-anuncia-prazo-para-regularizacao-de-isencao-a-entidades-filantropicas\/"},"author":{"name":"Roberto","@id":"https:\/\/regiaonews.net.br\/2022\/#\/schema\/person\/2d205a608a5aa97ac279d7a5e6d89ad8"},"headline":"SAAE Barretos anuncia prazo para regulariza\u00e7\u00e3o de isen\u00e7\u00e3o a entidades filantr\u00f3picas","datePublished":"2024-02-27T22:10:18+00:00","mainEntityOfPage":{"@id":"https:\/\/regiaonews.net.br\/2022\/2024\/02\/27\/saae-barretos-anuncia-prazo-para-regularizacao-de-isencao-a-entidades-filantropicas\/"},"wordCount":319,"commentCount":0,"publisher":{"@id":"https:\/\/regiaonews.net.br\/2022\/#organization"},"image":{"@id":"https:\/\/regiaonews.net.br\/2022\/2024\/02\/27\/saae-barretos-anuncia-prazo-para-regularizacao-de-isencao-a-entidades-filantropicas\/#primaryimage"},"thumbnailUrl":"https:\/\/regiaonews.net.br\/2022\/wp-content\/uploads\/2024\/02\/WhatsApp-Image-2024-02-27-at-15.26.43.jpeg","articleSection":["Barretos","Cidades"],"inLanguage":"pt-BR","potentialAction":[{"@type":"CommentAction","name":"Comment","target":["https:\/\/regiaonews.net.br\/2022\/2024\/02\/27\/saae-barretos-anuncia-prazo-para-regularizacao-de-isencao-a-entidades-filantropicas\/#respond"]}]},{"@type":"WebPage","@id":"https:\/\/regiaonews.net.br\/2022\/2024\/02\/27\/saae-barretos-anuncia-prazo-para-regularizacao-de-isencao-a-entidades-filantropicas\/","url":"https:\/\/regiaonews.net.br\/2022\/2024\/02\/27\/saae-barretos-anuncia-prazo-para-regularizacao-de-isencao-a-entidades-filantropicas\/","name":"SAAE Barretos anuncia prazo para regulariza\u00e7\u00e3o de isen\u00e7\u00e3o a entidades filantr\u00f3picas - Regi\u00e3o News","isPartOf":{"@id":"https:\/\/regiaonews.net.br\/2022\/#website"},"primaryImageOfPage":{"@id":"https:\/\/regiaonews.net.br\/2022\/2024\/02\/27\/saae-barretos-anuncia-prazo-para-regularizacao-de-isencao-a-entidades-filantropicas\/#primaryimage"},"image":{"@id":"https:\/\/regiaonews.net.br\/2022\/2024\/02\/27\/saae-barretos-anuncia-prazo-para-regularizacao-de-isencao-a-entidades-filantropicas\/#primaryimage"},"thumbnailUrl":"https:\/\/regiaonews.net.br\/2022\/wp-content\/uploads\/2024\/02\/WhatsApp-Image-2024-02-27-at-15.26.43.jpeg","datePublished":"2024-02-27T22:10:18+00:00","breadcrumb":{"@id":"https:\/\/regiaonews.net.br\/2022\/2024\/02\/27\/saae-barretos-anuncia-prazo-para-regularizacao-de-isencao-a-entidades-filantropicas\/#breadcrumb"},"inLanguage":"pt-BR","potentialAction":[{"@type":"ReadAction","target":["https:\/\/regiaonews.net.br\/2022\/2024\/02\/27\/saae-barretos-anuncia-prazo-para-regularizacao-de-isencao-a-entidades-filantropicas\/"]}]},{"@type":"ImageObject","inLanguage":"pt-BR","@id":"https:\/\/regiaonews.net.br\/2022\/2024\/02\/27\/saae-barretos-anuncia-prazo-para-regularizacao-de-isencao-a-entidades-filantropicas\/#primaryimage","url":"https:\/\/regiaonews.net.br\/2022\/wp-content\/uploads\/2024\/02\/WhatsApp-Image-2024-02-27-at-15.26.43.jpeg","contentUrl":"https:\/\/regiaonews.net.br\/2022\/wp-content\/uploads\/2024\/02\/WhatsApp-Image-2024-02-27-at-15.26.43.jpeg","width":1600,"height":900},{"@type":"BreadcrumbList","@id":"https:\/\/regiaonews.net.br\/2022\/2024\/02\/27\/saae-barretos-anuncia-prazo-para-regularizacao-de-isencao-a-entidades-filantropicas\/#breadcrumb","itemListElement":[{"@type":"ListItem","position":1,"name":"In\u00edcio","item":"https:\/\/regiaonews.net.br\/2022\/"},{"@type":"ListItem","position":2,"name":"SAAE Barretos anuncia prazo para regulariza\u00e7\u00e3o de isen\u00e7\u00e3o a entidades filantr\u00f3picas"}]},{"@type":"WebSite","@id":"https:\/\/regiaonews.net.br\/2022\/#website","url":"https:\/\/regiaonews.net.br\/2022\/","name":"Regi\u00e3o News","description":"Site de Not\u00edcias de Barretos e regi\u00e3o","publisher":{"@id":"https:\/\/regiaonews.net.br\/2022\/#organization"},"potentialAction":[{"@type":"SearchAction","target":{"@type":"EntryPoint","urlTemplate":"https:\/\/regiaonews.net.br\/2022\/?s={search_term_string}"},"query-input":{"@type":"PropertyValueSpecification","valueRequired":true,"valueName":"search_term_string"}}],"inLanguage":"pt-BR"},{"@type":"Organization","@id":"https:\/\/regiaonews.net.br\/2022\/#organization","name":"Regi\u00e3o News","url":"https:\/\/regiaonews.net.br\/2022\/","logo":{"@type":"ImageObject","inLanguage":"pt-BR","@id":"https:\/\/regiaonews.net.br\/2022\/#\/schema\/logo\/image\/","url":"https:\/\/regiaonews.net.br\/2022\/wp-content\/uploads\/2026\/03\/regiao-13-anos-scaled.jpg","contentUrl":"https:\/\/regiaonews.net.br\/2022\/wp-content\/uploads\/2026\/03\/regiao-13-anos-scaled.jpg","width":2560,"height":635,"caption":"Regi\u00e3o News"},"image":{"@id":"https:\/\/regiaonews.net.br\/2022\/#\/schema\/logo\/image\/"}},{"@type":"Person","@id":"https:\/\/regiaonews.net.br\/2022\/#\/schema\/person\/2d205a608a5aa97ac279d7a5e6d89ad8","name":"Roberto","image":{"@type":"ImageObject","inLanguage":"pt-BR","@id":"https:\/\/secure.gravatar.com\/avatar\/42749d8b712ff9d59ca93dc150494e5b55a44134482993f5baeb97e61b7ecc89?s=96&d=mm&r=g","url":"https:\/\/secure.gravatar.com\/avatar\/42749d8b712ff9d59ca93dc150494e5b55a44134482993f5baeb97e61b7ecc89?s=96&d=mm&r=g","contentUrl":"https:\/\/secure.gravatar.com\/avatar\/42749d8b712ff9d59ca93dc150494e5b55a44134482993f5baeb97e61b7ecc89?s=96&d=mm&r=g","caption":"Roberto"},"url":"https:\/\/regiaonews.net.br\/2022\/author\/roberto\/"}]}},"publishpress_future_action":{"enabled":false,"date":"2026-05-04 00:19:25","action":"change-status","newStatus":"draft","terms":[],"taxonomy":"category","extraData":[]},"publishpress_future_workflow_manual_trigger":{"enabledWorkflows":[]},"_links":{"self":[{"href":"https:\/\/regiaonews.net.br\/2022\/wp-json\/wp\/v2\/posts\/101774","targetHints":{"allow":["GET"]}}],"collection":[{"href":"https:\/\/regiaonews.net.br\/2022\/wp-json\/wp\/v2\/posts"}],"about":[{"href":"https:\/\/regiaonews.net.br\/2022\/wp-json\/wp\/v2\/types\/post"}],"author":[{"embeddable":true,"href":"https:\/\/regiaonews.net.br\/2022\/wp-json\/wp\/v2\/users\/2"}],"replies":[{"embeddable":true,"href":"https:\/\/regiaonews.net.br\/2022\/wp-json\/wp\/v2\/comments?post=101774"}],"version-history":[{"count":1,"href":"https:\/\/regiaonews.net.br\/2022\/wp-json\/wp\/v2\/posts\/101774\/revisions"}],"predecessor-version":[{"id":101776,"href":"https:\/\/regiaonews.net.br\/2022\/wp-json\/wp\/v2\/posts\/101774\/revisions\/101776"}],"wp:featuredmedia":[{"embeddable":true,"href":"https:\/\/regiaonews.net.br\/2022\/wp-json\/wp\/v2\/media\/101775"}],"wp:attachment":[{"href":"https:\/\/regiaonews.net.br\/2022\/wp-json\/wp\/v2\/media?parent=101774"}],"wp:term":[{"taxonomy":"category","embeddable":true,"href":"https:\/\/regiaonews.net.br\/2022\/wp-json\/wp\/v2\/categories?post=101774"},{"taxonomy":"post_tag","embeddable":true,"href":"https:\/\/regiaonews.net.br\/2022\/wp-json\/wp\/v2\/tags?post=101774"}],"curies":[{"name":"wp","href":"https:\/\/api.w.org\/{rel}","templated":true}]}}