{"id":101771,"date":"2024-02-27T19:07:29","date_gmt":"2024-02-27T22:07:29","guid":{"rendered":"https:\/\/regiaonews.net.br\/2022\/?p=101771"},"modified":"2024-02-27T19:07:29","modified_gmt":"2024-02-27T22:07:29","slug":"barretos-e-representada-no-programa-sabor-de-sao-paulo","status":"publish","type":"post","link":"https:\/\/regiaonews.net.br\/2022\/2024\/02\/27\/barretos-e-representada-no-programa-sabor-de-sao-paulo\/","title":{"rendered":"Barretos \u00e9 representada no programa \u201cSabor de S\u00e3o Paulo\u201d"},"content":{"rendered":"<p>Evento gastron\u00f4mico foi realizado em S\u00e3o Jos\u00e9 do Rio Preto, no \u00faltimo final de semana<\/p>\n<p>O Restaurante Costela Barbecue Steak House representou a Est\u00e2ncia Tur\u00edstica de Barretos no programa \u201cSabor de S\u00e3o Paulo\u201d, promovido nos dias 23 e 24 de fevereiro, sexta e s\u00e1bado, pela Secretaria de Turismo e Viagens do Estado de S\u00e3o Paulo (Setur-SP), em parceria com o Mundo Mesa e Senac, na cidade de S\u00e3o Jos\u00e9 do Rio Preto.<br \/>\nPresidente do Conselho Municipal de Turismo (Comtur), Paulo Cesar Lopes, o Paulinho 1001, falou da relev\u00e2ncia da rota tur\u00edstica \u201c\u00c1guas Sertanejas\u201d, da qual Barretos faz parte. \u201cA regi\u00e3o \u00c1guas Sertanejas tem se destacado, n\u00e3o apenas na competi\u00e7\u00e3o, mas tamb\u00e9m por seu papel crucial em promover o norte do estado de S\u00e3o Paulo. Com sete produtos na Rota Gastron\u00f4mica do Estado, esses produtores n\u00e3o s\u00f3 abrem portas para si, mas tamb\u00e9m para a rica diversidade gastron\u00f4mica dessa regi\u00e3o\u201d, comentou.<br \/>\nO projeto, que desde julho de 2023 percorre cada uma das dez rotas gastron\u00f4micas reconhecidas pelo Estado, teve in\u00edcio na sexta com a apresenta\u00e7\u00e3o do programa e workshop voltado a temas como cultura alimentar, normas de inspe\u00e7\u00e3o, fundo de expans\u00e3o do Agroneg\u00f3cio Paulista e capacita\u00e7\u00e3o de m\u00e3o de obra far\u00e3o parte da pauta, al\u00e9m de uma aula-show com o renomado Chef Viko Tangoda. J\u00e1 no s\u00e1bado, os participantes puderam comercializar seus pratos durante o Festival Gastron\u00f4mico aberto ao p\u00fablico.<br \/>\nPara a Chef Priscila Ara\u00fajo, estar entre os 15 finalistas da Rota Gastron\u00f4mica \u00e9 gratificante. \u201cPara n\u00f3s foi um ganho muito grande com o nosso prato e o nosso estabelecimento sendo reconhecidos e passando por todas as normas, desde vigil\u00e2ncia, bombeiro, atendimento, local, o produto, tudo isso que faz parte das regras para poder ser selecionado. \u00c9 muito gratificante. A gente sabe que o Costela Barbecue j\u00e1 era conhecido e agora, ent\u00e3o, com a rota gastron\u00f4mica vai ser conhecido por todo o estado de S\u00e3o Paulo e pelo Brasil\u201d, comemorou.<br \/>\nPaulinho 1001 considerou a participa\u00e7\u00e3o barretense um sucesso e parabenizou a Chef e a equipe do restaurante pelo desempenho. \u201cA chef Priscila Ara\u00fajo brilhou intensamente com seu prato finalista. Uma verdadeira obra-prima gastron\u00f4mica que conquistou n\u00e3o apenas os paladares dos jurados, mas tamb\u00e9m o cora\u00e7\u00e3o dos amantes da boa comida. Que essa conquista seja apenas o come\u00e7o de uma jornada de sucesso, destacando ainda mais a excel\u00eancia da culin\u00e1ria paulista\u201d, disse.<\/p>\n","protected":false},"excerpt":{"rendered":"<p>Evento gastron\u00f4mico foi realizado em S\u00e3o Jos\u00e9 do Rio Preto,<\/p>\n","protected":false},"author":2,"featured_media":101772,"comment_status":"open","ping_status":"open","sticky":false,"template":"","format":"standard","meta":{"footnotes":""},"categories":[14,25],"tags":[],"class_list":["post-101771","post","type-post","status-publish","format-standard","has-post-thumbnail","hentry","category-barretos","category-cidades"],"yoast_head":"<!-- This site is optimized with the Yoast SEO plugin v27.4 - https:\/\/yoast.com\/product\/yoast-seo-wordpress\/ -->\n<title>Barretos \u00e9 representada no programa \u201cSabor de S\u00e3o Paulo\u201d - Regi\u00e3o News<\/title>\n<meta name=\"robots\" content=\"index, follow, max-snippet:-1, max-image-preview:large, max-video-preview:-1\" \/>\n<link rel=\"canonical\" href=\"https:\/\/regiaonews.net.br\/2022\/2024\/02\/27\/barretos-e-representada-no-programa-sabor-de-sao-paulo\/\" \/>\n<meta property=\"og:locale\" content=\"pt_BR\" \/>\n<meta property=\"og:type\" content=\"article\" \/>\n<meta property=\"og:title\" content=\"Barretos \u00e9 representada no programa \u201cSabor de S\u00e3o Paulo\u201d - Regi\u00e3o News\" \/>\n<meta property=\"og:description\" content=\"Evento gastron\u00f4mico foi realizado em S\u00e3o Jos\u00e9 do Rio Preto,\" \/>\n<meta property=\"og:url\" content=\"https:\/\/regiaonews.net.br\/2022\/2024\/02\/27\/barretos-e-representada-no-programa-sabor-de-sao-paulo\/\" \/>\n<meta property=\"og:site_name\" content=\"Regi\u00e3o News\" \/>\n<meta property=\"article:published_time\" content=\"2024-02-27T22:07:29+00:00\" \/>\n<meta property=\"og:image\" content=\"https:\/\/regiaonews.net.br\/2022\/wp-content\/uploads\/2024\/02\/WhatsApp-Image-2024-02-27-at-16.05.34.jpeg\" \/>\n\t<meta property=\"og:image:width\" content=\"1275\" \/>\n\t<meta property=\"og:image:height\" content=\"747\" \/>\n\t<meta property=\"og:image:type\" content=\"image\/jpeg\" \/>\n<meta name=\"author\" content=\"Roberto\" \/>\n<meta name=\"twitter:card\" content=\"summary_large_image\" \/>\n<meta name=\"twitter:label1\" content=\"Escrito por\" \/>\n\t<meta name=\"twitter:data1\" content=\"Roberto\" \/>\n\t<meta name=\"twitter:label2\" content=\"Est. tempo de leitura\" \/>\n\t<meta name=\"twitter:data2\" content=\"3 minutos\" \/>\n<script type=\"application\/ld+json\" class=\"yoast-schema-graph\">{\"@context\":\"https:\\\/\\\/schema.org\",\"@graph\":[{\"@type\":\"Article\",\"@id\":\"https:\\\/\\\/regiaonews.net.br\\\/2022\\\/2024\\\/02\\\/27\\\/barretos-e-representada-no-programa-sabor-de-sao-paulo\\\/#article\",\"isPartOf\":{\"@id\":\"https:\\\/\\\/regiaonews.net.br\\\/2022\\\/2024\\\/02\\\/27\\\/barretos-e-representada-no-programa-sabor-de-sao-paulo\\\/\"},\"author\":{\"name\":\"Roberto\",\"@id\":\"https:\\\/\\\/regiaonews.net.br\\\/2022\\\/#\\\/schema\\\/person\\\/2d205a608a5aa97ac279d7a5e6d89ad8\"},\"headline\":\"Barretos \u00e9 representada no programa \u201cSabor de S\u00e3o Paulo\u201d\",\"datePublished\":\"2024-02-27T22:07:29+00:00\",\"mainEntityOfPage\":{\"@id\":\"https:\\\/\\\/regiaonews.net.br\\\/2022\\\/2024\\\/02\\\/27\\\/barretos-e-representada-no-programa-sabor-de-sao-paulo\\\/\"},\"wordCount\":440,\"commentCount\":0,\"publisher\":{\"@id\":\"https:\\\/\\\/regiaonews.net.br\\\/2022\\\/#organization\"},\"image\":{\"@id\":\"https:\\\/\\\/regiaonews.net.br\\\/2022\\\/2024\\\/02\\\/27\\\/barretos-e-representada-no-programa-sabor-de-sao-paulo\\\/#primaryimage\"},\"thumbnailUrl\":\"https:\\\/\\\/regiaonews.net.br\\\/2022\\\/wp-content\\\/uploads\\\/2024\\\/02\\\/WhatsApp-Image-2024-02-27-at-16.05.34.jpeg\",\"articleSection\":[\"Barretos\",\"Cidades\"],\"inLanguage\":\"pt-BR\",\"potentialAction\":[{\"@type\":\"CommentAction\",\"name\":\"Comment\",\"target\":[\"https:\\\/\\\/regiaonews.net.br\\\/2022\\\/2024\\\/02\\\/27\\\/barretos-e-representada-no-programa-sabor-de-sao-paulo\\\/#respond\"]}]},{\"@type\":\"WebPage\",\"@id\":\"https:\\\/\\\/regiaonews.net.br\\\/2022\\\/2024\\\/02\\\/27\\\/barretos-e-representada-no-programa-sabor-de-sao-paulo\\\/\",\"url\":\"https:\\\/\\\/regiaonews.net.br\\\/2022\\\/2024\\\/02\\\/27\\\/barretos-e-representada-no-programa-sabor-de-sao-paulo\\\/\",\"name\":\"Barretos \u00e9 representada no programa \u201cSabor de S\u00e3o Paulo\u201d - Regi\u00e3o News\",\"isPartOf\":{\"@id\":\"https:\\\/\\\/regiaonews.net.br\\\/2022\\\/#website\"},\"primaryImageOfPage\":{\"@id\":\"https:\\\/\\\/regiaonews.net.br\\\/2022\\\/2024\\\/02\\\/27\\\/barretos-e-representada-no-programa-sabor-de-sao-paulo\\\/#primaryimage\"},\"image\":{\"@id\":\"https:\\\/\\\/regiaonews.net.br\\\/2022\\\/2024\\\/02\\\/27\\\/barretos-e-representada-no-programa-sabor-de-sao-paulo\\\/#primaryimage\"},\"thumbnailUrl\":\"https:\\\/\\\/regiaonews.net.br\\\/2022\\\/wp-content\\\/uploads\\\/2024\\\/02\\\/WhatsApp-Image-2024-02-27-at-16.05.34.jpeg\",\"datePublished\":\"2024-02-27T22:07:29+00:00\",\"breadcrumb\":{\"@id\":\"https:\\\/\\\/regiaonews.net.br\\\/2022\\\/2024\\\/02\\\/27\\\/barretos-e-representada-no-programa-sabor-de-sao-paulo\\\/#breadcrumb\"},\"inLanguage\":\"pt-BR\",\"potentialAction\":[{\"@type\":\"ReadAction\",\"target\":[\"https:\\\/\\\/regiaonews.net.br\\\/2022\\\/2024\\\/02\\\/27\\\/barretos-e-representada-no-programa-sabor-de-sao-paulo\\\/\"]}]},{\"@type\":\"ImageObject\",\"inLanguage\":\"pt-BR\",\"@id\":\"https:\\\/\\\/regiaonews.net.br\\\/2022\\\/2024\\\/02\\\/27\\\/barretos-e-representada-no-programa-sabor-de-sao-paulo\\\/#primaryimage\",\"url\":\"https:\\\/\\\/regiaonews.net.br\\\/2022\\\/wp-content\\\/uploads\\\/2024\\\/02\\\/WhatsApp-Image-2024-02-27-at-16.05.34.jpeg\",\"contentUrl\":\"https:\\\/\\\/regiaonews.net.br\\\/2022\\\/wp-content\\\/uploads\\\/2024\\\/02\\\/WhatsApp-Image-2024-02-27-at-16.05.34.jpeg\",\"width\":1275,\"height\":747},{\"@type\":\"BreadcrumbList\",\"@id\":\"https:\\\/\\\/regiaonews.net.br\\\/2022\\\/2024\\\/02\\\/27\\\/barretos-e-representada-no-programa-sabor-de-sao-paulo\\\/#breadcrumb\",\"itemListElement\":[{\"@type\":\"ListItem\",\"position\":1,\"name\":\"In\u00edcio\",\"item\":\"https:\\\/\\\/regiaonews.net.br\\\/2022\\\/\"},{\"@type\":\"ListItem\",\"position\":2,\"name\":\"Barretos \u00e9 representada no programa \u201cSabor de S\u00e3o Paulo\u201d\"}]},{\"@type\":\"WebSite\",\"@id\":\"https:\\\/\\\/regiaonews.net.br\\\/2022\\\/#website\",\"url\":\"https:\\\/\\\/regiaonews.net.br\\\/2022\\\/\",\"name\":\"Regi\u00e3o News\",\"description\":\"Site de Not\u00edcias de Barretos e regi\u00e3o\",\"publisher\":{\"@id\":\"https:\\\/\\\/regiaonews.net.br\\\/2022\\\/#organization\"},\"potentialAction\":[{\"@type\":\"SearchAction\",\"target\":{\"@type\":\"EntryPoint\",\"urlTemplate\":\"https:\\\/\\\/regiaonews.net.br\\\/2022\\\/?s={search_term_string}\"},\"query-input\":{\"@type\":\"PropertyValueSpecification\",\"valueRequired\":true,\"valueName\":\"search_term_string\"}}],\"inLanguage\":\"pt-BR\"},{\"@type\":\"Organization\",\"@id\":\"https:\\\/\\\/regiaonews.net.br\\\/2022\\\/#organization\",\"name\":\"Regi\u00e3o News\",\"url\":\"https:\\\/\\\/regiaonews.net.br\\\/2022\\\/\",\"logo\":{\"@type\":\"ImageObject\",\"inLanguage\":\"pt-BR\",\"@id\":\"https:\\\/\\\/regiaonews.net.br\\\/2022\\\/#\\\/schema\\\/logo\\\/image\\\/\",\"url\":\"https:\\\/\\\/regiaonews.net.br\\\/2022\\\/wp-content\\\/uploads\\\/2026\\\/03\\\/regiao-13-anos-scaled.jpg\",\"contentUrl\":\"https:\\\/\\\/regiaonews.net.br\\\/2022\\\/wp-content\\\/uploads\\\/2026\\\/03\\\/regiao-13-anos-scaled.jpg\",\"width\":2560,\"height\":635,\"caption\":\"Regi\u00e3o News\"},\"image\":{\"@id\":\"https:\\\/\\\/regiaonews.net.br\\\/2022\\\/#\\\/schema\\\/logo\\\/image\\\/\"}},{\"@type\":\"Person\",\"@id\":\"https:\\\/\\\/regiaonews.net.br\\\/2022\\\/#\\\/schema\\\/person\\\/2d205a608a5aa97ac279d7a5e6d89ad8\",\"name\":\"Roberto\",\"image\":{\"@type\":\"ImageObject\",\"inLanguage\":\"pt-BR\",\"@id\":\"https:\\\/\\\/secure.gravatar.com\\\/avatar\\\/42749d8b712ff9d59ca93dc150494e5b55a44134482993f5baeb97e61b7ecc89?s=96&d=mm&r=g\",\"url\":\"https:\\\/\\\/secure.gravatar.com\\\/avatar\\\/42749d8b712ff9d59ca93dc150494e5b55a44134482993f5baeb97e61b7ecc89?s=96&d=mm&r=g\",\"contentUrl\":\"https:\\\/\\\/secure.gravatar.com\\\/avatar\\\/42749d8b712ff9d59ca93dc150494e5b55a44134482993f5baeb97e61b7ecc89?s=96&d=mm&r=g\",\"caption\":\"Roberto\"},\"url\":\"https:\\\/\\\/regiaonews.net.br\\\/2022\\\/author\\\/roberto\\\/\"}]}<\/script>\n<!-- \/ Yoast SEO plugin. -->","yoast_head_json":{"title":"Barretos \u00e9 representada no programa \u201cSabor de S\u00e3o Paulo\u201d - Regi\u00e3o News","robots":{"index":"index","follow":"follow","max-snippet":"max-snippet:-1","max-image-preview":"max-image-preview:large","max-video-preview":"max-video-preview:-1"},"canonical":"https:\/\/regiaonews.net.br\/2022\/2024\/02\/27\/barretos-e-representada-no-programa-sabor-de-sao-paulo\/","og_locale":"pt_BR","og_type":"article","og_title":"Barretos \u00e9 representada no programa \u201cSabor de S\u00e3o Paulo\u201d - Regi\u00e3o News","og_description":"Evento gastron\u00f4mico foi realizado em S\u00e3o Jos\u00e9 do Rio Preto,","og_url":"https:\/\/regiaonews.net.br\/2022\/2024\/02\/27\/barretos-e-representada-no-programa-sabor-de-sao-paulo\/","og_site_name":"Regi\u00e3o News","article_published_time":"2024-02-27T22:07:29+00:00","og_image":[{"width":1275,"height":747,"url":"https:\/\/regiaonews.net.br\/2022\/wp-content\/uploads\/2024\/02\/WhatsApp-Image-2024-02-27-at-16.05.34.jpeg","type":"image\/jpeg"}],"author":"Roberto","twitter_card":"summary_large_image","twitter_misc":{"Escrito por":"Roberto","Est. tempo de leitura":"3 minutos"},"schema":{"@context":"https:\/\/schema.org","@graph":[{"@type":"Article","@id":"https:\/\/regiaonews.net.br\/2022\/2024\/02\/27\/barretos-e-representada-no-programa-sabor-de-sao-paulo\/#article","isPartOf":{"@id":"https:\/\/regiaonews.net.br\/2022\/2024\/02\/27\/barretos-e-representada-no-programa-sabor-de-sao-paulo\/"},"author":{"name":"Roberto","@id":"https:\/\/regiaonews.net.br\/2022\/#\/schema\/person\/2d205a608a5aa97ac279d7a5e6d89ad8"},"headline":"Barretos \u00e9 representada no programa \u201cSabor de S\u00e3o Paulo\u201d","datePublished":"2024-02-27T22:07:29+00:00","mainEntityOfPage":{"@id":"https:\/\/regiaonews.net.br\/2022\/2024\/02\/27\/barretos-e-representada-no-programa-sabor-de-sao-paulo\/"},"wordCount":440,"commentCount":0,"publisher":{"@id":"https:\/\/regiaonews.net.br\/2022\/#organization"},"image":{"@id":"https:\/\/regiaonews.net.br\/2022\/2024\/02\/27\/barretos-e-representada-no-programa-sabor-de-sao-paulo\/#primaryimage"},"thumbnailUrl":"https:\/\/regiaonews.net.br\/2022\/wp-content\/uploads\/2024\/02\/WhatsApp-Image-2024-02-27-at-16.05.34.jpeg","articleSection":["Barretos","Cidades"],"inLanguage":"pt-BR","potentialAction":[{"@type":"CommentAction","name":"Comment","target":["https:\/\/regiaonews.net.br\/2022\/2024\/02\/27\/barretos-e-representada-no-programa-sabor-de-sao-paulo\/#respond"]}]},{"@type":"WebPage","@id":"https:\/\/regiaonews.net.br\/2022\/2024\/02\/27\/barretos-e-representada-no-programa-sabor-de-sao-paulo\/","url":"https:\/\/regiaonews.net.br\/2022\/2024\/02\/27\/barretos-e-representada-no-programa-sabor-de-sao-paulo\/","name":"Barretos \u00e9 representada no programa \u201cSabor de S\u00e3o Paulo\u201d - Regi\u00e3o News","isPartOf":{"@id":"https:\/\/regiaonews.net.br\/2022\/#website"},"primaryImageOfPage":{"@id":"https:\/\/regiaonews.net.br\/2022\/2024\/02\/27\/barretos-e-representada-no-programa-sabor-de-sao-paulo\/#primaryimage"},"image":{"@id":"https:\/\/regiaonews.net.br\/2022\/2024\/02\/27\/barretos-e-representada-no-programa-sabor-de-sao-paulo\/#primaryimage"},"thumbnailUrl":"https:\/\/regiaonews.net.br\/2022\/wp-content\/uploads\/2024\/02\/WhatsApp-Image-2024-02-27-at-16.05.34.jpeg","datePublished":"2024-02-27T22:07:29+00:00","breadcrumb":{"@id":"https:\/\/regiaonews.net.br\/2022\/2024\/02\/27\/barretos-e-representada-no-programa-sabor-de-sao-paulo\/#breadcrumb"},"inLanguage":"pt-BR","potentialAction":[{"@type":"ReadAction","target":["https:\/\/regiaonews.net.br\/2022\/2024\/02\/27\/barretos-e-representada-no-programa-sabor-de-sao-paulo\/"]}]},{"@type":"ImageObject","inLanguage":"pt-BR","@id":"https:\/\/regiaonews.net.br\/2022\/2024\/02\/27\/barretos-e-representada-no-programa-sabor-de-sao-paulo\/#primaryimage","url":"https:\/\/regiaonews.net.br\/2022\/wp-content\/uploads\/2024\/02\/WhatsApp-Image-2024-02-27-at-16.05.34.jpeg","contentUrl":"https:\/\/regiaonews.net.br\/2022\/wp-content\/uploads\/2024\/02\/WhatsApp-Image-2024-02-27-at-16.05.34.jpeg","width":1275,"height":747},{"@type":"BreadcrumbList","@id":"https:\/\/regiaonews.net.br\/2022\/2024\/02\/27\/barretos-e-representada-no-programa-sabor-de-sao-paulo\/#breadcrumb","itemListElement":[{"@type":"ListItem","position":1,"name":"In\u00edcio","item":"https:\/\/regiaonews.net.br\/2022\/"},{"@type":"ListItem","position":2,"name":"Barretos \u00e9 representada no programa \u201cSabor de S\u00e3o Paulo\u201d"}]},{"@type":"WebSite","@id":"https:\/\/regiaonews.net.br\/2022\/#website","url":"https:\/\/regiaonews.net.br\/2022\/","name":"Regi\u00e3o News","description":"Site de Not\u00edcias de Barretos e regi\u00e3o","publisher":{"@id":"https:\/\/regiaonews.net.br\/2022\/#organization"},"potentialAction":[{"@type":"SearchAction","target":{"@type":"EntryPoint","urlTemplate":"https:\/\/regiaonews.net.br\/2022\/?s={search_term_string}"},"query-input":{"@type":"PropertyValueSpecification","valueRequired":true,"valueName":"search_term_string"}}],"inLanguage":"pt-BR"},{"@type":"Organization","@id":"https:\/\/regiaonews.net.br\/2022\/#organization","name":"Regi\u00e3o News","url":"https:\/\/regiaonews.net.br\/2022\/","logo":{"@type":"ImageObject","inLanguage":"pt-BR","@id":"https:\/\/regiaonews.net.br\/2022\/#\/schema\/logo\/image\/","url":"https:\/\/regiaonews.net.br\/2022\/wp-content\/uploads\/2026\/03\/regiao-13-anos-scaled.jpg","contentUrl":"https:\/\/regiaonews.net.br\/2022\/wp-content\/uploads\/2026\/03\/regiao-13-anos-scaled.jpg","width":2560,"height":635,"caption":"Regi\u00e3o News"},"image":{"@id":"https:\/\/regiaonews.net.br\/2022\/#\/schema\/logo\/image\/"}},{"@type":"Person","@id":"https:\/\/regiaonews.net.br\/2022\/#\/schema\/person\/2d205a608a5aa97ac279d7a5e6d89ad8","name":"Roberto","image":{"@type":"ImageObject","inLanguage":"pt-BR","@id":"https:\/\/secure.gravatar.com\/avatar\/42749d8b712ff9d59ca93dc150494e5b55a44134482993f5baeb97e61b7ecc89?s=96&d=mm&r=g","url":"https:\/\/secure.gravatar.com\/avatar\/42749d8b712ff9d59ca93dc150494e5b55a44134482993f5baeb97e61b7ecc89?s=96&d=mm&r=g","contentUrl":"https:\/\/secure.gravatar.com\/avatar\/42749d8b712ff9d59ca93dc150494e5b55a44134482993f5baeb97e61b7ecc89?s=96&d=mm&r=g","caption":"Roberto"},"url":"https:\/\/regiaonews.net.br\/2022\/author\/roberto\/"}]}},"publishpress_future_action":{"enabled":false,"date":"2026-05-04 00:18:54","action":"change-status","newStatus":"draft","terms":[],"taxonomy":"category","extraData":[]},"publishpress_future_workflow_manual_trigger":{"enabledWorkflows":[]},"_links":{"self":[{"href":"https:\/\/regiaonews.net.br\/2022\/wp-json\/wp\/v2\/posts\/101771","targetHints":{"allow":["GET"]}}],"collection":[{"href":"https:\/\/regiaonews.net.br\/2022\/wp-json\/wp\/v2\/posts"}],"about":[{"href":"https:\/\/regiaonews.net.br\/2022\/wp-json\/wp\/v2\/types\/post"}],"author":[{"embeddable":true,"href":"https:\/\/regiaonews.net.br\/2022\/wp-json\/wp\/v2\/users\/2"}],"replies":[{"embeddable":true,"href":"https:\/\/regiaonews.net.br\/2022\/wp-json\/wp\/v2\/comments?post=101771"}],"version-history":[{"count":1,"href":"https:\/\/regiaonews.net.br\/2022\/wp-json\/wp\/v2\/posts\/101771\/revisions"}],"predecessor-version":[{"id":101773,"href":"https:\/\/regiaonews.net.br\/2022\/wp-json\/wp\/v2\/posts\/101771\/revisions\/101773"}],"wp:featuredmedia":[{"embeddable":true,"href":"https:\/\/regiaonews.net.br\/2022\/wp-json\/wp\/v2\/media\/101772"}],"wp:attachment":[{"href":"https:\/\/regiaonews.net.br\/2022\/wp-json\/wp\/v2\/media?parent=101771"}],"wp:term":[{"taxonomy":"category","embeddable":true,"href":"https:\/\/regiaonews.net.br\/2022\/wp-json\/wp\/v2\/categories?post=101771"},{"taxonomy":"post_tag","embeddable":true,"href":"https:\/\/regiaonews.net.br\/2022\/wp-json\/wp\/v2\/tags?post=101771"}],"curies":[{"name":"wp","href":"https:\/\/api.w.org\/{rel}","templated":true}]}}