{"id":101768,"date":"2024-02-27T14:54:29","date_gmt":"2024-02-27T17:54:29","guid":{"rendered":"https:\/\/regiaonews.net.br\/2022\/?p=101768"},"modified":"2024-02-27T14:54:29","modified_gmt":"2024-02-27T17:54:29","slug":"familias-de-olimpia-tem-direito-ao-kit-gratuito-com-a-nova-parabolica-digital","status":"publish","type":"post","link":"https:\/\/regiaonews.net.br\/2022\/2024\/02\/27\/familias-de-olimpia-tem-direito-ao-kit-gratuito-com-a-nova-parabolica-digital\/","title":{"rendered":"Fam\u00edlias de Ol\u00edmpia t\u00eam direito ao kit gratuito com a nova parab\u00f3lica digital"},"content":{"rendered":"<p>Podem receber equipamento e instala\u00e7\u00e3o gratuitos fam\u00edlias de menor renda inscritas em programas sociais do Governo Federal e que t\u00eam parab\u00f3lica tradicional instalada e funcionando<\/p>\n<p>Fam\u00edlias de menor renda de Ol\u00edmpia j\u00e1 podem fazer o agendamento para receber o kit com a nova parab\u00f3lica digital. O servi\u00e7o \u00e9 gratuito para pessoas inscritas em algum programa do Governo Federal (Cad\u00danico) e que t\u00eam a parab\u00f3lica tradicional funcionando em casa. O trabalho \u00e9 realizado pela Siga Antenado, entidade respons\u00e1vel por apoiar a popula\u00e7\u00e3o durante a migra\u00e7\u00e3o do sinal de TV utilizado pelas parab\u00f3licas tradicionais (Banda C) para o sinal das parab\u00f3licas digitais (Banda Ku).<\/p>\n<p>Al\u00e9m de Ol\u00edmpia, desta vez, entraram para a lista outras 98 cidades da regi\u00e3o: Aparecida d&#8217;Oeste, Asp\u00e1sia, Dirce Reis, Dolcin\u00f3polis, Jales, Marin\u00f3polis, Mes\u00f3polis, Nova Cana\u00e3 Paulista, Palmeira d&#8217;Oeste, Paranapu\u00e3, Pontalinda, Populina, Rubineia, Santa Albertina, Santa Clara d&#8217;Oeste, Santa F\u00e9 do Sul, Santa Rita d&#8217;Oeste, Santa Salete, Santana da Ponte Pensa, S\u00e3o Francisco, Tr\u00eas Fronteiras, Ur\u00e2nia, Vit\u00f3ria Brasil, Estrela d&#8217;Oeste, Fernand\u00f3polis, Guarani d&#8217;Oeste, Indiapor\u00e3, Maced\u00f4nia, Meridiano, Mira Estrela, Ouroeste, Pedran\u00f3polis, S\u00e3o Jo\u00e3o das Duas Pontes, Turmalina, \u00c1lvares Florence, Am\u00e9rico de Campos, Cardoso, Cosmorama, Parisi, Pontes Gestal, Riol\u00e2ndia, Valentim Gentil, Votuporanga, Adolfo, Altair, Guaraci, Ibir\u00e1, Ic\u00e9m, Jos\u00e9 Bonif\u00e1cio, Mendon\u00e7a, Nova Alian\u00e7a, Nova Granada, Orindi\u00fava, Palestina, Paulo de Faria, Planalto, Potirendaba, Tanabi, Ubarana, Uchoa, Zacarias, Ariranha, Cajobi, Catanduva, Catigu\u00e1, Elisi\u00e1rio, Emba\u00faba, Novais, Palmares Paulista, Para\u00edso, Pindorama, Santa Ad\u00e9lia, Sever\u00ednia, Tabapu\u00e3, Auriflama, Floreal, Gast\u00e3o Vidigal, General Salgado, Guzol\u00e2ndia, Magda, Nova Castilho, Nova Luzit\u00e2nia, S\u00e3o Jo\u00e3o de Iracema, Macaubal, Mon\u00e7\u00f5es, Monte Apraz\u00edvel, Neves Paulista, Nhandeara, Nipo\u00e3, Poloni, Sebastian\u00f3polis do Sul, Uni\u00e3o Paulista, Irapu\u00e3, Itajobi, Marapoama, Novo Horizonte, Sales e Urup\u00eas, al\u00e9m de outras 226 cidades do estado de S\u00e3o Paulo.<\/p>\n<p>Mais de 16 mil fam\u00edlias da regi\u00e3o devem ser beneficiadas nesta fase. No estado todo, a nova etapa pode contemplar mais de 79,8 mil fam\u00edlias. A abertura do agendamento nessas cidades acompanha o planejamento de libera\u00e7\u00e3o em todos os munic\u00edpios do estado de S\u00e3o Paulo, a partir desta semana.<\/p>\n<p>A substitui\u00e7\u00e3o \u00e9 necess\u00e1ria porque, em breve, as parab\u00f3licas tradicionais deixar\u00e3o de funcionar. Isso significa que, quem n\u00e3o fizer a substitui\u00e7\u00e3o pela nova parab\u00f3lica digital, n\u00e3o conseguir\u00e1 mais assistir \u00e0 TV. O modelo tradicional tamb\u00e9m corre o risco de interfer\u00eancia no sinal da TV quando a tecnologia 5G for ativada em sua cidade ou regi\u00e3o. Como o sinal do 5G \u00e9 transmitido na mesma frequ\u00eancia da parab\u00f3lica tradicional, poder\u00e3o ocorrer chuviscos, chiados, a imagem pode travar e at\u00e9 ser interrompida.<\/p>\n<p>Quem utiliza outros sistemas de transmiss\u00e3o para assistir televis\u00e3o, como antena digital tipo espinha de peixe (instalada no telhado da casa), antena digital interna e TV por assinatura, mesmo que benefici\u00e1rias de programas sociais, n\u00e3o precisa fazer a troca.<\/p>\n<p>\u201cA nova parab\u00f3lica digital oferece melhor qualidade de imagem e de som, programa\u00e7\u00e3o regional e vai continuar sendo gratuita, como sempre foi\u201d, afirma Leandro Guerra, presidente da Siga Antenado. \u201c\u00c9 muito importante que as pessoas procurem nossos canais de atendimento o quanto antes para saber se t\u00eam direito ao kit gratuito e fazer o agendamento\u201d, refor\u00e7a.<\/p>\n<p>Confira o passo a passo para saber se voc\u00ea tem direito ao kit gratuito:<br \/>\n1\u00ba) Acesse o site sigaantenado.com.br; ou ligue para o n\u00famero 0800 729 2404, que tamb\u00e9m funciona como WhatsApp.<\/p>\n<p>2\u00ba) Informe seu n\u00famero de CPF ou do NIS (n\u00famero de Identifica\u00e7\u00e3o Social). Se voc\u00ea fizer parte de algum programa social do Governo Federal, poder\u00e1 continuar respondendo ao formul\u00e1rio.<\/p>\n<p>3\u00ba) Responda as pr\u00f3ximas perguntas do formul\u00e1rio.<\/p>\n<p>Se voc\u00ea estiver dentro dos crit\u00e9rios obrigat\u00f3rios \u2013 estar inscrito no Cad\u00danico e ter uma parab\u00f3lica tradicional instalada e funcionando \u2013 ser\u00e1 direcionado para o chat e poder\u00e1 escolher o melhor dia para que um dos t\u00e9cnicos da Siga Antenado v\u00e1 at\u00e9 a sua casa.<\/p>\n<p>Outras cidades com agendamento aberto na regi\u00e3o<br \/>\nNa regi\u00e3o, continuam com agendamento aberto as cidades de S\u00e3o Jos\u00e9 do Rio Preto, Mirassol, Guapia\u00e7u, Bady Bassit, B\u00e1lsamo, Cedral, Jaci, Ipigu\u00e1, Mirassol\u00e2ndia e Onda Verde.<\/p>\n<p>SIGA ANTENADO<br \/>\nA Siga Antenado \u00e9 uma institui\u00e7\u00e3o n\u00e3o governamental criada por determina\u00e7\u00e3o da Anatel. Sem fins lucrativos, a entidade \u00e9 a respons\u00e1vel por apoiar a popula\u00e7\u00e3o de menor renda durante a migra\u00e7\u00e3o do sinal de TV utilizado pelas parab\u00f3licas tradicionais (Banda C) para o sinal das parab\u00f3licas digitais (Banda Ku).<\/p>\n","protected":false},"excerpt":{"rendered":"<p>Podem receber equipamento e instala\u00e7\u00e3o gratuitos fam\u00edlias de menor renda<\/p>\n","protected":false},"author":2,"featured_media":101769,"comment_status":"open","ping_status":"open","sticky":false,"template":"","format":"standard","meta":{"footnotes":""},"categories":[25,178],"tags":[],"class_list":["post-101768","post","type-post","status-publish","format-standard","has-post-thumbnail","hentry","category-cidades","category-olimpia-2"],"yoast_head":"<!-- This site is optimized with the Yoast SEO plugin v27.4 - https:\/\/yoast.com\/product\/yoast-seo-wordpress\/ -->\n<title>Fam\u00edlias de Ol\u00edmpia t\u00eam direito ao kit gratuito com a nova parab\u00f3lica digital - Regi\u00e3o News<\/title>\n<meta name=\"robots\" content=\"index, follow, max-snippet:-1, max-image-preview:large, max-video-preview:-1\" \/>\n<link rel=\"canonical\" href=\"https:\/\/regiaonews.net.br\/2022\/2024\/02\/27\/familias-de-olimpia-tem-direito-ao-kit-gratuito-com-a-nova-parabolica-digital\/\" \/>\n<meta property=\"og:locale\" content=\"pt_BR\" \/>\n<meta property=\"og:type\" content=\"article\" \/>\n<meta property=\"og:title\" content=\"Fam\u00edlias de Ol\u00edmpia t\u00eam direito ao kit gratuito com a nova parab\u00f3lica digital - Regi\u00e3o News\" \/>\n<meta property=\"og:description\" content=\"Podem receber equipamento e instala\u00e7\u00e3o gratuitos fam\u00edlias de menor renda\" \/>\n<meta property=\"og:url\" content=\"https:\/\/regiaonews.net.br\/2022\/2024\/02\/27\/familias-de-olimpia-tem-direito-ao-kit-gratuito-com-a-nova-parabolica-digital\/\" \/>\n<meta property=\"og:site_name\" content=\"Regi\u00e3o News\" \/>\n<meta property=\"article:published_time\" content=\"2024-02-27T17:54:29+00:00\" \/>\n<meta property=\"og:image\" content=\"https:\/\/regiaonews.net.br\/2022\/wp-content\/uploads\/2024\/02\/WhatsApp-Image-2024-02-22-at-15.53.07.jpeg\" \/>\n\t<meta property=\"og:image:width\" content=\"767\" \/>\n\t<meta property=\"og:image:height\" content=\"519\" \/>\n\t<meta property=\"og:image:type\" content=\"image\/jpeg\" \/>\n<meta name=\"author\" content=\"Roberto\" \/>\n<meta name=\"twitter:card\" content=\"summary_large_image\" \/>\n<meta name=\"twitter:label1\" content=\"Escrito por\" \/>\n\t<meta name=\"twitter:data1\" content=\"Roberto\" \/>\n\t<meta name=\"twitter:label2\" content=\"Est. tempo de leitura\" \/>\n\t<meta name=\"twitter:data2\" content=\"5 minutos\" \/>\n<script type=\"application\/ld+json\" class=\"yoast-schema-graph\">{\"@context\":\"https:\\\/\\\/schema.org\",\"@graph\":[{\"@type\":\"Article\",\"@id\":\"https:\\\/\\\/regiaonews.net.br\\\/2022\\\/2024\\\/02\\\/27\\\/familias-de-olimpia-tem-direito-ao-kit-gratuito-com-a-nova-parabolica-digital\\\/#article\",\"isPartOf\":{\"@id\":\"https:\\\/\\\/regiaonews.net.br\\\/2022\\\/2024\\\/02\\\/27\\\/familias-de-olimpia-tem-direito-ao-kit-gratuito-com-a-nova-parabolica-digital\\\/\"},\"author\":{\"name\":\"Roberto\",\"@id\":\"https:\\\/\\\/regiaonews.net.br\\\/2022\\\/#\\\/schema\\\/person\\\/2d205a608a5aa97ac279d7a5e6d89ad8\"},\"headline\":\"Fam\u00edlias de Ol\u00edmpia t\u00eam direito ao kit gratuito com a nova parab\u00f3lica digital\",\"datePublished\":\"2024-02-27T17:54:29+00:00\",\"mainEntityOfPage\":{\"@id\":\"https:\\\/\\\/regiaonews.net.br\\\/2022\\\/2024\\\/02\\\/27\\\/familias-de-olimpia-tem-direito-ao-kit-gratuito-com-a-nova-parabolica-digital\\\/\"},\"wordCount\":814,\"commentCount\":0,\"publisher\":{\"@id\":\"https:\\\/\\\/regiaonews.net.br\\\/2022\\\/#organization\"},\"image\":{\"@id\":\"https:\\\/\\\/regiaonews.net.br\\\/2022\\\/2024\\\/02\\\/27\\\/familias-de-olimpia-tem-direito-ao-kit-gratuito-com-a-nova-parabolica-digital\\\/#primaryimage\"},\"thumbnailUrl\":\"https:\\\/\\\/regiaonews.net.br\\\/2022\\\/wp-content\\\/uploads\\\/2024\\\/02\\\/WhatsApp-Image-2024-02-22-at-15.53.07.jpeg\",\"articleSection\":[\"Cidades\",\"Ol\u00edmpia\"],\"inLanguage\":\"pt-BR\",\"potentialAction\":[{\"@type\":\"CommentAction\",\"name\":\"Comment\",\"target\":[\"https:\\\/\\\/regiaonews.net.br\\\/2022\\\/2024\\\/02\\\/27\\\/familias-de-olimpia-tem-direito-ao-kit-gratuito-com-a-nova-parabolica-digital\\\/#respond\"]}]},{\"@type\":\"WebPage\",\"@id\":\"https:\\\/\\\/regiaonews.net.br\\\/2022\\\/2024\\\/02\\\/27\\\/familias-de-olimpia-tem-direito-ao-kit-gratuito-com-a-nova-parabolica-digital\\\/\",\"url\":\"https:\\\/\\\/regiaonews.net.br\\\/2022\\\/2024\\\/02\\\/27\\\/familias-de-olimpia-tem-direito-ao-kit-gratuito-com-a-nova-parabolica-digital\\\/\",\"name\":\"Fam\u00edlias de Ol\u00edmpia t\u00eam direito ao kit gratuito com a nova parab\u00f3lica digital - Regi\u00e3o News\",\"isPartOf\":{\"@id\":\"https:\\\/\\\/regiaonews.net.br\\\/2022\\\/#website\"},\"primaryImageOfPage\":{\"@id\":\"https:\\\/\\\/regiaonews.net.br\\\/2022\\\/2024\\\/02\\\/27\\\/familias-de-olimpia-tem-direito-ao-kit-gratuito-com-a-nova-parabolica-digital\\\/#primaryimage\"},\"image\":{\"@id\":\"https:\\\/\\\/regiaonews.net.br\\\/2022\\\/2024\\\/02\\\/27\\\/familias-de-olimpia-tem-direito-ao-kit-gratuito-com-a-nova-parabolica-digital\\\/#primaryimage\"},\"thumbnailUrl\":\"https:\\\/\\\/regiaonews.net.br\\\/2022\\\/wp-content\\\/uploads\\\/2024\\\/02\\\/WhatsApp-Image-2024-02-22-at-15.53.07.jpeg\",\"datePublished\":\"2024-02-27T17:54:29+00:00\",\"breadcrumb\":{\"@id\":\"https:\\\/\\\/regiaonews.net.br\\\/2022\\\/2024\\\/02\\\/27\\\/familias-de-olimpia-tem-direito-ao-kit-gratuito-com-a-nova-parabolica-digital\\\/#breadcrumb\"},\"inLanguage\":\"pt-BR\",\"potentialAction\":[{\"@type\":\"ReadAction\",\"target\":[\"https:\\\/\\\/regiaonews.net.br\\\/2022\\\/2024\\\/02\\\/27\\\/familias-de-olimpia-tem-direito-ao-kit-gratuito-com-a-nova-parabolica-digital\\\/\"]}]},{\"@type\":\"ImageObject\",\"inLanguage\":\"pt-BR\",\"@id\":\"https:\\\/\\\/regiaonews.net.br\\\/2022\\\/2024\\\/02\\\/27\\\/familias-de-olimpia-tem-direito-ao-kit-gratuito-com-a-nova-parabolica-digital\\\/#primaryimage\",\"url\":\"https:\\\/\\\/regiaonews.net.br\\\/2022\\\/wp-content\\\/uploads\\\/2024\\\/02\\\/WhatsApp-Image-2024-02-22-at-15.53.07.jpeg\",\"contentUrl\":\"https:\\\/\\\/regiaonews.net.br\\\/2022\\\/wp-content\\\/uploads\\\/2024\\\/02\\\/WhatsApp-Image-2024-02-22-at-15.53.07.jpeg\",\"width\":767,\"height\":519},{\"@type\":\"BreadcrumbList\",\"@id\":\"https:\\\/\\\/regiaonews.net.br\\\/2022\\\/2024\\\/02\\\/27\\\/familias-de-olimpia-tem-direito-ao-kit-gratuito-com-a-nova-parabolica-digital\\\/#breadcrumb\",\"itemListElement\":[{\"@type\":\"ListItem\",\"position\":1,\"name\":\"In\u00edcio\",\"item\":\"https:\\\/\\\/regiaonews.net.br\\\/2022\\\/\"},{\"@type\":\"ListItem\",\"position\":2,\"name\":\"Fam\u00edlias de Ol\u00edmpia t\u00eam direito ao kit gratuito com a nova parab\u00f3lica digital\"}]},{\"@type\":\"WebSite\",\"@id\":\"https:\\\/\\\/regiaonews.net.br\\\/2022\\\/#website\",\"url\":\"https:\\\/\\\/regiaonews.net.br\\\/2022\\\/\",\"name\":\"Regi\u00e3o News\",\"description\":\"Site de Not\u00edcias de Barretos e regi\u00e3o\",\"publisher\":{\"@id\":\"https:\\\/\\\/regiaonews.net.br\\\/2022\\\/#organization\"},\"potentialAction\":[{\"@type\":\"SearchAction\",\"target\":{\"@type\":\"EntryPoint\",\"urlTemplate\":\"https:\\\/\\\/regiaonews.net.br\\\/2022\\\/?s={search_term_string}\"},\"query-input\":{\"@type\":\"PropertyValueSpecification\",\"valueRequired\":true,\"valueName\":\"search_term_string\"}}],\"inLanguage\":\"pt-BR\"},{\"@type\":\"Organization\",\"@id\":\"https:\\\/\\\/regiaonews.net.br\\\/2022\\\/#organization\",\"name\":\"Regi\u00e3o News\",\"url\":\"https:\\\/\\\/regiaonews.net.br\\\/2022\\\/\",\"logo\":{\"@type\":\"ImageObject\",\"inLanguage\":\"pt-BR\",\"@id\":\"https:\\\/\\\/regiaonews.net.br\\\/2022\\\/#\\\/schema\\\/logo\\\/image\\\/\",\"url\":\"https:\\\/\\\/regiaonews.net.br\\\/2022\\\/wp-content\\\/uploads\\\/2026\\\/03\\\/regiao-13-anos-scaled.jpg\",\"contentUrl\":\"https:\\\/\\\/regiaonews.net.br\\\/2022\\\/wp-content\\\/uploads\\\/2026\\\/03\\\/regiao-13-anos-scaled.jpg\",\"width\":2560,\"height\":635,\"caption\":\"Regi\u00e3o News\"},\"image\":{\"@id\":\"https:\\\/\\\/regiaonews.net.br\\\/2022\\\/#\\\/schema\\\/logo\\\/image\\\/\"}},{\"@type\":\"Person\",\"@id\":\"https:\\\/\\\/regiaonews.net.br\\\/2022\\\/#\\\/schema\\\/person\\\/2d205a608a5aa97ac279d7a5e6d89ad8\",\"name\":\"Roberto\",\"image\":{\"@type\":\"ImageObject\",\"inLanguage\":\"pt-BR\",\"@id\":\"https:\\\/\\\/secure.gravatar.com\\\/avatar\\\/42749d8b712ff9d59ca93dc150494e5b55a44134482993f5baeb97e61b7ecc89?s=96&d=mm&r=g\",\"url\":\"https:\\\/\\\/secure.gravatar.com\\\/avatar\\\/42749d8b712ff9d59ca93dc150494e5b55a44134482993f5baeb97e61b7ecc89?s=96&d=mm&r=g\",\"contentUrl\":\"https:\\\/\\\/secure.gravatar.com\\\/avatar\\\/42749d8b712ff9d59ca93dc150494e5b55a44134482993f5baeb97e61b7ecc89?s=96&d=mm&r=g\",\"caption\":\"Roberto\"},\"url\":\"https:\\\/\\\/regiaonews.net.br\\\/2022\\\/author\\\/roberto\\\/\"}]}<\/script>\n<!-- \/ Yoast SEO plugin. -->","yoast_head_json":{"title":"Fam\u00edlias de Ol\u00edmpia t\u00eam direito ao kit gratuito com a nova parab\u00f3lica digital - Regi\u00e3o News","robots":{"index":"index","follow":"follow","max-snippet":"max-snippet:-1","max-image-preview":"max-image-preview:large","max-video-preview":"max-video-preview:-1"},"canonical":"https:\/\/regiaonews.net.br\/2022\/2024\/02\/27\/familias-de-olimpia-tem-direito-ao-kit-gratuito-com-a-nova-parabolica-digital\/","og_locale":"pt_BR","og_type":"article","og_title":"Fam\u00edlias de Ol\u00edmpia t\u00eam direito ao kit gratuito com a nova parab\u00f3lica digital - Regi\u00e3o News","og_description":"Podem receber equipamento e instala\u00e7\u00e3o gratuitos fam\u00edlias de menor renda","og_url":"https:\/\/regiaonews.net.br\/2022\/2024\/02\/27\/familias-de-olimpia-tem-direito-ao-kit-gratuito-com-a-nova-parabolica-digital\/","og_site_name":"Regi\u00e3o News","article_published_time":"2024-02-27T17:54:29+00:00","og_image":[{"width":767,"height":519,"url":"https:\/\/regiaonews.net.br\/2022\/wp-content\/uploads\/2024\/02\/WhatsApp-Image-2024-02-22-at-15.53.07.jpeg","type":"image\/jpeg"}],"author":"Roberto","twitter_card":"summary_large_image","twitter_misc":{"Escrito por":"Roberto","Est. tempo de leitura":"5 minutos"},"schema":{"@context":"https:\/\/schema.org","@graph":[{"@type":"Article","@id":"https:\/\/regiaonews.net.br\/2022\/2024\/02\/27\/familias-de-olimpia-tem-direito-ao-kit-gratuito-com-a-nova-parabolica-digital\/#article","isPartOf":{"@id":"https:\/\/regiaonews.net.br\/2022\/2024\/02\/27\/familias-de-olimpia-tem-direito-ao-kit-gratuito-com-a-nova-parabolica-digital\/"},"author":{"name":"Roberto","@id":"https:\/\/regiaonews.net.br\/2022\/#\/schema\/person\/2d205a608a5aa97ac279d7a5e6d89ad8"},"headline":"Fam\u00edlias de Ol\u00edmpia t\u00eam direito ao kit gratuito com a nova parab\u00f3lica digital","datePublished":"2024-02-27T17:54:29+00:00","mainEntityOfPage":{"@id":"https:\/\/regiaonews.net.br\/2022\/2024\/02\/27\/familias-de-olimpia-tem-direito-ao-kit-gratuito-com-a-nova-parabolica-digital\/"},"wordCount":814,"commentCount":0,"publisher":{"@id":"https:\/\/regiaonews.net.br\/2022\/#organization"},"image":{"@id":"https:\/\/regiaonews.net.br\/2022\/2024\/02\/27\/familias-de-olimpia-tem-direito-ao-kit-gratuito-com-a-nova-parabolica-digital\/#primaryimage"},"thumbnailUrl":"https:\/\/regiaonews.net.br\/2022\/wp-content\/uploads\/2024\/02\/WhatsApp-Image-2024-02-22-at-15.53.07.jpeg","articleSection":["Cidades","Ol\u00edmpia"],"inLanguage":"pt-BR","potentialAction":[{"@type":"CommentAction","name":"Comment","target":["https:\/\/regiaonews.net.br\/2022\/2024\/02\/27\/familias-de-olimpia-tem-direito-ao-kit-gratuito-com-a-nova-parabolica-digital\/#respond"]}]},{"@type":"WebPage","@id":"https:\/\/regiaonews.net.br\/2022\/2024\/02\/27\/familias-de-olimpia-tem-direito-ao-kit-gratuito-com-a-nova-parabolica-digital\/","url":"https:\/\/regiaonews.net.br\/2022\/2024\/02\/27\/familias-de-olimpia-tem-direito-ao-kit-gratuito-com-a-nova-parabolica-digital\/","name":"Fam\u00edlias de Ol\u00edmpia t\u00eam direito ao kit gratuito com a nova parab\u00f3lica digital - Regi\u00e3o News","isPartOf":{"@id":"https:\/\/regiaonews.net.br\/2022\/#website"},"primaryImageOfPage":{"@id":"https:\/\/regiaonews.net.br\/2022\/2024\/02\/27\/familias-de-olimpia-tem-direito-ao-kit-gratuito-com-a-nova-parabolica-digital\/#primaryimage"},"image":{"@id":"https:\/\/regiaonews.net.br\/2022\/2024\/02\/27\/familias-de-olimpia-tem-direito-ao-kit-gratuito-com-a-nova-parabolica-digital\/#primaryimage"},"thumbnailUrl":"https:\/\/regiaonews.net.br\/2022\/wp-content\/uploads\/2024\/02\/WhatsApp-Image-2024-02-22-at-15.53.07.jpeg","datePublished":"2024-02-27T17:54:29+00:00","breadcrumb":{"@id":"https:\/\/regiaonews.net.br\/2022\/2024\/02\/27\/familias-de-olimpia-tem-direito-ao-kit-gratuito-com-a-nova-parabolica-digital\/#breadcrumb"},"inLanguage":"pt-BR","potentialAction":[{"@type":"ReadAction","target":["https:\/\/regiaonews.net.br\/2022\/2024\/02\/27\/familias-de-olimpia-tem-direito-ao-kit-gratuito-com-a-nova-parabolica-digital\/"]}]},{"@type":"ImageObject","inLanguage":"pt-BR","@id":"https:\/\/regiaonews.net.br\/2022\/2024\/02\/27\/familias-de-olimpia-tem-direito-ao-kit-gratuito-com-a-nova-parabolica-digital\/#primaryimage","url":"https:\/\/regiaonews.net.br\/2022\/wp-content\/uploads\/2024\/02\/WhatsApp-Image-2024-02-22-at-15.53.07.jpeg","contentUrl":"https:\/\/regiaonews.net.br\/2022\/wp-content\/uploads\/2024\/02\/WhatsApp-Image-2024-02-22-at-15.53.07.jpeg","width":767,"height":519},{"@type":"BreadcrumbList","@id":"https:\/\/regiaonews.net.br\/2022\/2024\/02\/27\/familias-de-olimpia-tem-direito-ao-kit-gratuito-com-a-nova-parabolica-digital\/#breadcrumb","itemListElement":[{"@type":"ListItem","position":1,"name":"In\u00edcio","item":"https:\/\/regiaonews.net.br\/2022\/"},{"@type":"ListItem","position":2,"name":"Fam\u00edlias de Ol\u00edmpia t\u00eam direito ao kit gratuito com a nova parab\u00f3lica digital"}]},{"@type":"WebSite","@id":"https:\/\/regiaonews.net.br\/2022\/#website","url":"https:\/\/regiaonews.net.br\/2022\/","name":"Regi\u00e3o News","description":"Site de Not\u00edcias de Barretos e regi\u00e3o","publisher":{"@id":"https:\/\/regiaonews.net.br\/2022\/#organization"},"potentialAction":[{"@type":"SearchAction","target":{"@type":"EntryPoint","urlTemplate":"https:\/\/regiaonews.net.br\/2022\/?s={search_term_string}"},"query-input":{"@type":"PropertyValueSpecification","valueRequired":true,"valueName":"search_term_string"}}],"inLanguage":"pt-BR"},{"@type":"Organization","@id":"https:\/\/regiaonews.net.br\/2022\/#organization","name":"Regi\u00e3o News","url":"https:\/\/regiaonews.net.br\/2022\/","logo":{"@type":"ImageObject","inLanguage":"pt-BR","@id":"https:\/\/regiaonews.net.br\/2022\/#\/schema\/logo\/image\/","url":"https:\/\/regiaonews.net.br\/2022\/wp-content\/uploads\/2026\/03\/regiao-13-anos-scaled.jpg","contentUrl":"https:\/\/regiaonews.net.br\/2022\/wp-content\/uploads\/2026\/03\/regiao-13-anos-scaled.jpg","width":2560,"height":635,"caption":"Regi\u00e3o News"},"image":{"@id":"https:\/\/regiaonews.net.br\/2022\/#\/schema\/logo\/image\/"}},{"@type":"Person","@id":"https:\/\/regiaonews.net.br\/2022\/#\/schema\/person\/2d205a608a5aa97ac279d7a5e6d89ad8","name":"Roberto","image":{"@type":"ImageObject","inLanguage":"pt-BR","@id":"https:\/\/secure.gravatar.com\/avatar\/42749d8b712ff9d59ca93dc150494e5b55a44134482993f5baeb97e61b7ecc89?s=96&d=mm&r=g","url":"https:\/\/secure.gravatar.com\/avatar\/42749d8b712ff9d59ca93dc150494e5b55a44134482993f5baeb97e61b7ecc89?s=96&d=mm&r=g","contentUrl":"https:\/\/secure.gravatar.com\/avatar\/42749d8b712ff9d59ca93dc150494e5b55a44134482993f5baeb97e61b7ecc89?s=96&d=mm&r=g","caption":"Roberto"},"url":"https:\/\/regiaonews.net.br\/2022\/author\/roberto\/"}]}},"publishpress_future_action":{"enabled":false,"date":"2026-05-04 03:08:53","action":"change-status","newStatus":"draft","terms":[],"taxonomy":"category","extraData":[]},"publishpress_future_workflow_manual_trigger":{"enabledWorkflows":[]},"_links":{"self":[{"href":"https:\/\/regiaonews.net.br\/2022\/wp-json\/wp\/v2\/posts\/101768","targetHints":{"allow":["GET"]}}],"collection":[{"href":"https:\/\/regiaonews.net.br\/2022\/wp-json\/wp\/v2\/posts"}],"about":[{"href":"https:\/\/regiaonews.net.br\/2022\/wp-json\/wp\/v2\/types\/post"}],"author":[{"embeddable":true,"href":"https:\/\/regiaonews.net.br\/2022\/wp-json\/wp\/v2\/users\/2"}],"replies":[{"embeddable":true,"href":"https:\/\/regiaonews.net.br\/2022\/wp-json\/wp\/v2\/comments?post=101768"}],"version-history":[{"count":1,"href":"https:\/\/regiaonews.net.br\/2022\/wp-json\/wp\/v2\/posts\/101768\/revisions"}],"predecessor-version":[{"id":101770,"href":"https:\/\/regiaonews.net.br\/2022\/wp-json\/wp\/v2\/posts\/101768\/revisions\/101770"}],"wp:featuredmedia":[{"embeddable":true,"href":"https:\/\/regiaonews.net.br\/2022\/wp-json\/wp\/v2\/media\/101769"}],"wp:attachment":[{"href":"https:\/\/regiaonews.net.br\/2022\/wp-json\/wp\/v2\/media?parent=101768"}],"wp:term":[{"taxonomy":"category","embeddable":true,"href":"https:\/\/regiaonews.net.br\/2022\/wp-json\/wp\/v2\/categories?post=101768"},{"taxonomy":"post_tag","embeddable":true,"href":"https:\/\/regiaonews.net.br\/2022\/wp-json\/wp\/v2\/tags?post=101768"}],"curies":[{"name":"wp","href":"https:\/\/api.w.org\/{rel}","templated":true}]}}