{"id":101765,"date":"2024-02-27T13:28:47","date_gmt":"2024-02-27T16:28:47","guid":{"rendered":"https:\/\/regiaonews.net.br\/2022\/?p=101765"},"modified":"2024-02-27T13:28:47","modified_gmt":"2024-02-27T16:28:47","slug":"festa-do-peao-de-barretos-tera-show-de-lauana-prado","status":"publish","type":"post","link":"https:\/\/regiaonews.net.br\/2022\/2024\/02\/27\/festa-do-peao-de-barretos-tera-show-de-lauana-prado\/","title":{"rendered":"Festa do Pe\u00e3o de Barretos ter\u00e1 show de Lauana Prado"},"content":{"rendered":"<h3 style=\"text-align: center;\">Destaque no mercado sertanejo, artista apresenta seu projeto \u201cLauana Prado Raiz Arena\u201d, no dia 15 de agosto<\/h3>\n<p>Confirmada na grade musical do primeiro dia da 69\u00aa Festa do Pe\u00e3o de Boiadeiro de Barretos (15 a 25 de agosto), Lauana Prado apresentar\u00e1 o projeto especial \u201cRaiz Arena\u201d, no Est\u00e1dio de Rodeios. Este ser\u00e1 o segundo ano que a artista se apresenta na arena do Barret\u00e3o.<\/p>\n<p>O show conta com releituras de grandes cl\u00e1ssicos do sertanejo &#8211; j\u00e1 presentes em seu projeto Raiz, que concorreu ao Grammy Latino 2023 como Melhor \u00c1lbum Sertanejo &#8211; mas em uma vers\u00e3o especial, reformulado exclusivamente para os eventos que comp\u00f5em a UGE (Uni\u00e3o de Grandes Eventos).<\/p>\n<p>Lauana j\u00e1 adiantou que o show \u201cser\u00e1 roteirizado e apresentado de maneira completamente diferente e inusitada\u201d.<\/p>\n<p>Outras atra\u00e7\u00f5es musicais confirmadas<br \/>\nNo mesmo dia de Lauana Prado, 15 de agosto, o evento tamb\u00e9m j\u00e1 confirmou a apresenta\u00e7\u00e3o de Luan Pereira no Est\u00e1dio de Rodeios.<\/p>\n<p>No dia 16\/08 uma das atra\u00e7\u00f5es j\u00e1 anunciadas \u00e9 a cantora Simone Mendes. No s\u00e1bado, 17\/08, os confirmados s\u00e3o os embaixadores C\u00e9sar Menotti e Fabiano, Jorge e Mateus e Ana Castela. J\u00e1 no dia 24 de agosto, \u00e9 a vez do show internacional do \u00eddolo country, Cody Johnson (24\/08).<\/p>\n<p>Ingressos<br \/>\nOs acessos para a 69\u00aa Festa do Pe\u00e3o de Boiadeiro de Barretos, que acontece de 15 a 25 de agosto, est\u00e3o \u00e0 venda exclusivamente por meio do site oficial https:\/\/barretos.totalacesso.com\/.<\/p>\n<p>S\u00e3o 11 dias de programa\u00e7\u00e3o e 24 horas ON com muito esporte, m\u00fasica, cultura, gastronomia e entretenimento no Parque do Pe\u00e3o. Est\u00e3o dispon\u00edveis lotes para os nove (9) setores que integram o evento, s\u00e3o eles: Parque\/Rodeio\/Show, \u00c1rea Vip, Pista Prime, Pista Gold e Stage Prime; Camarotes Arena Premium, Brahma, Open Super Bull e Dagente. Tamb\u00e9m j\u00e1 \u00e9 poss\u00edvel adquirir pacotes para a \u00e1rea de Camping, que funciona dentro do Parque do Pe\u00e3o.<\/p>\n<p>Mais informa\u00e7\u00f5es: https:\/\/www.independentes.com.br\/festadopeao<\/p>\n<p>Sobre o Raiz<br \/>\nO projeto \u201cRAIZ\u201d \u00e9 um show que conta com releituras de grandes cl\u00e1ssicos do sertanejo. Desde o seu lan\u00e7amento no mercado, j\u00e1 tem ingressos esgotados em S\u00e3o Paulo, Curitiba e BH. A primeira edi\u00e7\u00e3o, gravada em S\u00e3o Paulo, concorreu ao Grammy Latino 2023 como Melhor \u00c1lbum Sertanejo, e a segunda, gravada em Goi\u00e2nia, foi TOP 1 \u00c1lbuns Spotify, se mantendo at\u00e9 hoje entre os mais ouvidos do pa\u00eds. Agora, chega \u00e0 Festa do Pe\u00e3o de Boiadeiro de Barretos &#8211; maior evento sertanejo da Am\u00e9rica Latina &#8211; em uma vers\u00e3o especial, reformulado exclusivamente para os eventos que comp\u00f5em a UGE (Uni\u00e3o de Grandes\u00a0Eventos).<\/p>\n","protected":false},"excerpt":{"rendered":"<p>Destaque no mercado sertanejo, artista apresenta seu projeto \u201cLauana Prado<\/p>\n","protected":false},"author":2,"featured_media":101766,"comment_status":"open","ping_status":"open","sticky":false,"template":"","format":"standard","meta":{"footnotes":""},"categories":[14,3],"tags":[],"class_list":["post-101765","post","type-post","status-publish","format-standard","has-post-thumbnail","hentry","category-barretos","category-geral"],"yoast_head":"<!-- This site is optimized with the Yoast SEO plugin v27.4 - https:\/\/yoast.com\/product\/yoast-seo-wordpress\/ -->\n<title>Festa do Pe\u00e3o de Barretos ter\u00e1 show de Lauana Prado - Regi\u00e3o News<\/title>\n<meta name=\"robots\" content=\"index, follow, max-snippet:-1, max-image-preview:large, max-video-preview:-1\" \/>\n<link rel=\"canonical\" href=\"https:\/\/regiaonews.net.br\/2022\/2024\/02\/27\/festa-do-peao-de-barretos-tera-show-de-lauana-prado\/\" \/>\n<meta property=\"og:locale\" content=\"pt_BR\" \/>\n<meta property=\"og:type\" content=\"article\" \/>\n<meta property=\"og:title\" content=\"Festa do Pe\u00e3o de Barretos ter\u00e1 show de Lauana Prado - Regi\u00e3o News\" \/>\n<meta property=\"og:description\" content=\"Destaque no mercado sertanejo, artista apresenta seu projeto \u201cLauana Prado\" \/>\n<meta property=\"og:url\" content=\"https:\/\/regiaonews.net.br\/2022\/2024\/02\/27\/festa-do-peao-de-barretos-tera-show-de-lauana-prado\/\" \/>\n<meta property=\"og:site_name\" content=\"Regi\u00e3o News\" \/>\n<meta property=\"article:published_time\" content=\"2024-02-27T16:28:47+00:00\" \/>\n<meta property=\"og:image\" content=\"https:\/\/regiaonews.net.br\/2022\/wp-content\/uploads\/2024\/02\/Imagem-do-WhatsApp-de-2024-02-27-as-12.41.33_73a82984.jpg\" \/>\n\t<meta property=\"og:image:width\" content=\"1600\" \/>\n\t<meta property=\"og:image:height\" content=\"1066\" \/>\n\t<meta property=\"og:image:type\" content=\"image\/jpeg\" \/>\n<meta name=\"author\" content=\"Roberto\" \/>\n<meta name=\"twitter:card\" content=\"summary_large_image\" \/>\n<meta name=\"twitter:label1\" content=\"Escrito por\" \/>\n\t<meta name=\"twitter:data1\" content=\"Roberto\" \/>\n\t<meta name=\"twitter:label2\" content=\"Est. tempo de leitura\" \/>\n\t<meta name=\"twitter:data2\" content=\"3 minutos\" \/>\n<script type=\"application\/ld+json\" class=\"yoast-schema-graph\">{\"@context\":\"https:\\\/\\\/schema.org\",\"@graph\":[{\"@type\":\"Article\",\"@id\":\"https:\\\/\\\/regiaonews.net.br\\\/2022\\\/2024\\\/02\\\/27\\\/festa-do-peao-de-barretos-tera-show-de-lauana-prado\\\/#article\",\"isPartOf\":{\"@id\":\"https:\\\/\\\/regiaonews.net.br\\\/2022\\\/2024\\\/02\\\/27\\\/festa-do-peao-de-barretos-tera-show-de-lauana-prado\\\/\"},\"author\":{\"name\":\"Roberto\",\"@id\":\"https:\\\/\\\/regiaonews.net.br\\\/2022\\\/#\\\/schema\\\/person\\\/2d205a608a5aa97ac279d7a5e6d89ad8\"},\"headline\":\"Festa do Pe\u00e3o de Barretos ter\u00e1 show de Lauana Prado\",\"datePublished\":\"2024-02-27T16:28:47+00:00\",\"mainEntityOfPage\":{\"@id\":\"https:\\\/\\\/regiaonews.net.br\\\/2022\\\/2024\\\/02\\\/27\\\/festa-do-peao-de-barretos-tera-show-de-lauana-prado\\\/\"},\"wordCount\":451,\"commentCount\":0,\"publisher\":{\"@id\":\"https:\\\/\\\/regiaonews.net.br\\\/2022\\\/#organization\"},\"image\":{\"@id\":\"https:\\\/\\\/regiaonews.net.br\\\/2022\\\/2024\\\/02\\\/27\\\/festa-do-peao-de-barretos-tera-show-de-lauana-prado\\\/#primaryimage\"},\"thumbnailUrl\":\"https:\\\/\\\/regiaonews.net.br\\\/2022\\\/wp-content\\\/uploads\\\/2024\\\/02\\\/Imagem-do-WhatsApp-de-2024-02-27-as-12.41.33_73a82984.jpg\",\"articleSection\":[\"Barretos\",\"Geral\"],\"inLanguage\":\"pt-BR\",\"potentialAction\":[{\"@type\":\"CommentAction\",\"name\":\"Comment\",\"target\":[\"https:\\\/\\\/regiaonews.net.br\\\/2022\\\/2024\\\/02\\\/27\\\/festa-do-peao-de-barretos-tera-show-de-lauana-prado\\\/#respond\"]}]},{\"@type\":\"WebPage\",\"@id\":\"https:\\\/\\\/regiaonews.net.br\\\/2022\\\/2024\\\/02\\\/27\\\/festa-do-peao-de-barretos-tera-show-de-lauana-prado\\\/\",\"url\":\"https:\\\/\\\/regiaonews.net.br\\\/2022\\\/2024\\\/02\\\/27\\\/festa-do-peao-de-barretos-tera-show-de-lauana-prado\\\/\",\"name\":\"Festa do Pe\u00e3o de Barretos ter\u00e1 show de Lauana Prado - Regi\u00e3o News\",\"isPartOf\":{\"@id\":\"https:\\\/\\\/regiaonews.net.br\\\/2022\\\/#website\"},\"primaryImageOfPage\":{\"@id\":\"https:\\\/\\\/regiaonews.net.br\\\/2022\\\/2024\\\/02\\\/27\\\/festa-do-peao-de-barretos-tera-show-de-lauana-prado\\\/#primaryimage\"},\"image\":{\"@id\":\"https:\\\/\\\/regiaonews.net.br\\\/2022\\\/2024\\\/02\\\/27\\\/festa-do-peao-de-barretos-tera-show-de-lauana-prado\\\/#primaryimage\"},\"thumbnailUrl\":\"https:\\\/\\\/regiaonews.net.br\\\/2022\\\/wp-content\\\/uploads\\\/2024\\\/02\\\/Imagem-do-WhatsApp-de-2024-02-27-as-12.41.33_73a82984.jpg\",\"datePublished\":\"2024-02-27T16:28:47+00:00\",\"breadcrumb\":{\"@id\":\"https:\\\/\\\/regiaonews.net.br\\\/2022\\\/2024\\\/02\\\/27\\\/festa-do-peao-de-barretos-tera-show-de-lauana-prado\\\/#breadcrumb\"},\"inLanguage\":\"pt-BR\",\"potentialAction\":[{\"@type\":\"ReadAction\",\"target\":[\"https:\\\/\\\/regiaonews.net.br\\\/2022\\\/2024\\\/02\\\/27\\\/festa-do-peao-de-barretos-tera-show-de-lauana-prado\\\/\"]}]},{\"@type\":\"ImageObject\",\"inLanguage\":\"pt-BR\",\"@id\":\"https:\\\/\\\/regiaonews.net.br\\\/2022\\\/2024\\\/02\\\/27\\\/festa-do-peao-de-barretos-tera-show-de-lauana-prado\\\/#primaryimage\",\"url\":\"https:\\\/\\\/regiaonews.net.br\\\/2022\\\/wp-content\\\/uploads\\\/2024\\\/02\\\/Imagem-do-WhatsApp-de-2024-02-27-as-12.41.33_73a82984.jpg\",\"contentUrl\":\"https:\\\/\\\/regiaonews.net.br\\\/2022\\\/wp-content\\\/uploads\\\/2024\\\/02\\\/Imagem-do-WhatsApp-de-2024-02-27-as-12.41.33_73a82984.jpg\",\"width\":1600,\"height\":1066},{\"@type\":\"BreadcrumbList\",\"@id\":\"https:\\\/\\\/regiaonews.net.br\\\/2022\\\/2024\\\/02\\\/27\\\/festa-do-peao-de-barretos-tera-show-de-lauana-prado\\\/#breadcrumb\",\"itemListElement\":[{\"@type\":\"ListItem\",\"position\":1,\"name\":\"In\u00edcio\",\"item\":\"https:\\\/\\\/regiaonews.net.br\\\/2022\\\/\"},{\"@type\":\"ListItem\",\"position\":2,\"name\":\"Festa do Pe\u00e3o de Barretos ter\u00e1 show de Lauana Prado\"}]},{\"@type\":\"WebSite\",\"@id\":\"https:\\\/\\\/regiaonews.net.br\\\/2022\\\/#website\",\"url\":\"https:\\\/\\\/regiaonews.net.br\\\/2022\\\/\",\"name\":\"Regi\u00e3o News\",\"description\":\"Site de Not\u00edcias de Barretos e regi\u00e3o\",\"publisher\":{\"@id\":\"https:\\\/\\\/regiaonews.net.br\\\/2022\\\/#organization\"},\"potentialAction\":[{\"@type\":\"SearchAction\",\"target\":{\"@type\":\"EntryPoint\",\"urlTemplate\":\"https:\\\/\\\/regiaonews.net.br\\\/2022\\\/?s={search_term_string}\"},\"query-input\":{\"@type\":\"PropertyValueSpecification\",\"valueRequired\":true,\"valueName\":\"search_term_string\"}}],\"inLanguage\":\"pt-BR\"},{\"@type\":\"Organization\",\"@id\":\"https:\\\/\\\/regiaonews.net.br\\\/2022\\\/#organization\",\"name\":\"Regi\u00e3o News\",\"url\":\"https:\\\/\\\/regiaonews.net.br\\\/2022\\\/\",\"logo\":{\"@type\":\"ImageObject\",\"inLanguage\":\"pt-BR\",\"@id\":\"https:\\\/\\\/regiaonews.net.br\\\/2022\\\/#\\\/schema\\\/logo\\\/image\\\/\",\"url\":\"https:\\\/\\\/regiaonews.net.br\\\/2022\\\/wp-content\\\/uploads\\\/2026\\\/03\\\/regiao-13-anos-scaled.jpg\",\"contentUrl\":\"https:\\\/\\\/regiaonews.net.br\\\/2022\\\/wp-content\\\/uploads\\\/2026\\\/03\\\/regiao-13-anos-scaled.jpg\",\"width\":2560,\"height\":635,\"caption\":\"Regi\u00e3o News\"},\"image\":{\"@id\":\"https:\\\/\\\/regiaonews.net.br\\\/2022\\\/#\\\/schema\\\/logo\\\/image\\\/\"}},{\"@type\":\"Person\",\"@id\":\"https:\\\/\\\/regiaonews.net.br\\\/2022\\\/#\\\/schema\\\/person\\\/2d205a608a5aa97ac279d7a5e6d89ad8\",\"name\":\"Roberto\",\"image\":{\"@type\":\"ImageObject\",\"inLanguage\":\"pt-BR\",\"@id\":\"https:\\\/\\\/secure.gravatar.com\\\/avatar\\\/42749d8b712ff9d59ca93dc150494e5b55a44134482993f5baeb97e61b7ecc89?s=96&d=mm&r=g\",\"url\":\"https:\\\/\\\/secure.gravatar.com\\\/avatar\\\/42749d8b712ff9d59ca93dc150494e5b55a44134482993f5baeb97e61b7ecc89?s=96&d=mm&r=g\",\"contentUrl\":\"https:\\\/\\\/secure.gravatar.com\\\/avatar\\\/42749d8b712ff9d59ca93dc150494e5b55a44134482993f5baeb97e61b7ecc89?s=96&d=mm&r=g\",\"caption\":\"Roberto\"},\"url\":\"https:\\\/\\\/regiaonews.net.br\\\/2022\\\/author\\\/roberto\\\/\"}]}<\/script>\n<!-- \/ Yoast SEO plugin. -->","yoast_head_json":{"title":"Festa do Pe\u00e3o de Barretos ter\u00e1 show de Lauana Prado - Regi\u00e3o News","robots":{"index":"index","follow":"follow","max-snippet":"max-snippet:-1","max-image-preview":"max-image-preview:large","max-video-preview":"max-video-preview:-1"},"canonical":"https:\/\/regiaonews.net.br\/2022\/2024\/02\/27\/festa-do-peao-de-barretos-tera-show-de-lauana-prado\/","og_locale":"pt_BR","og_type":"article","og_title":"Festa do Pe\u00e3o de Barretos ter\u00e1 show de Lauana Prado - Regi\u00e3o News","og_description":"Destaque no mercado sertanejo, artista apresenta seu projeto \u201cLauana Prado","og_url":"https:\/\/regiaonews.net.br\/2022\/2024\/02\/27\/festa-do-peao-de-barretos-tera-show-de-lauana-prado\/","og_site_name":"Regi\u00e3o News","article_published_time":"2024-02-27T16:28:47+00:00","og_image":[{"width":1600,"height":1066,"url":"https:\/\/regiaonews.net.br\/2022\/wp-content\/uploads\/2024\/02\/Imagem-do-WhatsApp-de-2024-02-27-as-12.41.33_73a82984.jpg","type":"image\/jpeg"}],"author":"Roberto","twitter_card":"summary_large_image","twitter_misc":{"Escrito por":"Roberto","Est. tempo de leitura":"3 minutos"},"schema":{"@context":"https:\/\/schema.org","@graph":[{"@type":"Article","@id":"https:\/\/regiaonews.net.br\/2022\/2024\/02\/27\/festa-do-peao-de-barretos-tera-show-de-lauana-prado\/#article","isPartOf":{"@id":"https:\/\/regiaonews.net.br\/2022\/2024\/02\/27\/festa-do-peao-de-barretos-tera-show-de-lauana-prado\/"},"author":{"name":"Roberto","@id":"https:\/\/regiaonews.net.br\/2022\/#\/schema\/person\/2d205a608a5aa97ac279d7a5e6d89ad8"},"headline":"Festa do Pe\u00e3o de Barretos ter\u00e1 show de Lauana Prado","datePublished":"2024-02-27T16:28:47+00:00","mainEntityOfPage":{"@id":"https:\/\/regiaonews.net.br\/2022\/2024\/02\/27\/festa-do-peao-de-barretos-tera-show-de-lauana-prado\/"},"wordCount":451,"commentCount":0,"publisher":{"@id":"https:\/\/regiaonews.net.br\/2022\/#organization"},"image":{"@id":"https:\/\/regiaonews.net.br\/2022\/2024\/02\/27\/festa-do-peao-de-barretos-tera-show-de-lauana-prado\/#primaryimage"},"thumbnailUrl":"https:\/\/regiaonews.net.br\/2022\/wp-content\/uploads\/2024\/02\/Imagem-do-WhatsApp-de-2024-02-27-as-12.41.33_73a82984.jpg","articleSection":["Barretos","Geral"],"inLanguage":"pt-BR","potentialAction":[{"@type":"CommentAction","name":"Comment","target":["https:\/\/regiaonews.net.br\/2022\/2024\/02\/27\/festa-do-peao-de-barretos-tera-show-de-lauana-prado\/#respond"]}]},{"@type":"WebPage","@id":"https:\/\/regiaonews.net.br\/2022\/2024\/02\/27\/festa-do-peao-de-barretos-tera-show-de-lauana-prado\/","url":"https:\/\/regiaonews.net.br\/2022\/2024\/02\/27\/festa-do-peao-de-barretos-tera-show-de-lauana-prado\/","name":"Festa do Pe\u00e3o de Barretos ter\u00e1 show de Lauana Prado - Regi\u00e3o News","isPartOf":{"@id":"https:\/\/regiaonews.net.br\/2022\/#website"},"primaryImageOfPage":{"@id":"https:\/\/regiaonews.net.br\/2022\/2024\/02\/27\/festa-do-peao-de-barretos-tera-show-de-lauana-prado\/#primaryimage"},"image":{"@id":"https:\/\/regiaonews.net.br\/2022\/2024\/02\/27\/festa-do-peao-de-barretos-tera-show-de-lauana-prado\/#primaryimage"},"thumbnailUrl":"https:\/\/regiaonews.net.br\/2022\/wp-content\/uploads\/2024\/02\/Imagem-do-WhatsApp-de-2024-02-27-as-12.41.33_73a82984.jpg","datePublished":"2024-02-27T16:28:47+00:00","breadcrumb":{"@id":"https:\/\/regiaonews.net.br\/2022\/2024\/02\/27\/festa-do-peao-de-barretos-tera-show-de-lauana-prado\/#breadcrumb"},"inLanguage":"pt-BR","potentialAction":[{"@type":"ReadAction","target":["https:\/\/regiaonews.net.br\/2022\/2024\/02\/27\/festa-do-peao-de-barretos-tera-show-de-lauana-prado\/"]}]},{"@type":"ImageObject","inLanguage":"pt-BR","@id":"https:\/\/regiaonews.net.br\/2022\/2024\/02\/27\/festa-do-peao-de-barretos-tera-show-de-lauana-prado\/#primaryimage","url":"https:\/\/regiaonews.net.br\/2022\/wp-content\/uploads\/2024\/02\/Imagem-do-WhatsApp-de-2024-02-27-as-12.41.33_73a82984.jpg","contentUrl":"https:\/\/regiaonews.net.br\/2022\/wp-content\/uploads\/2024\/02\/Imagem-do-WhatsApp-de-2024-02-27-as-12.41.33_73a82984.jpg","width":1600,"height":1066},{"@type":"BreadcrumbList","@id":"https:\/\/regiaonews.net.br\/2022\/2024\/02\/27\/festa-do-peao-de-barretos-tera-show-de-lauana-prado\/#breadcrumb","itemListElement":[{"@type":"ListItem","position":1,"name":"In\u00edcio","item":"https:\/\/regiaonews.net.br\/2022\/"},{"@type":"ListItem","position":2,"name":"Festa do Pe\u00e3o de Barretos ter\u00e1 show de Lauana Prado"}]},{"@type":"WebSite","@id":"https:\/\/regiaonews.net.br\/2022\/#website","url":"https:\/\/regiaonews.net.br\/2022\/","name":"Regi\u00e3o News","description":"Site de Not\u00edcias de Barretos e regi\u00e3o","publisher":{"@id":"https:\/\/regiaonews.net.br\/2022\/#organization"},"potentialAction":[{"@type":"SearchAction","target":{"@type":"EntryPoint","urlTemplate":"https:\/\/regiaonews.net.br\/2022\/?s={search_term_string}"},"query-input":{"@type":"PropertyValueSpecification","valueRequired":true,"valueName":"search_term_string"}}],"inLanguage":"pt-BR"},{"@type":"Organization","@id":"https:\/\/regiaonews.net.br\/2022\/#organization","name":"Regi\u00e3o News","url":"https:\/\/regiaonews.net.br\/2022\/","logo":{"@type":"ImageObject","inLanguage":"pt-BR","@id":"https:\/\/regiaonews.net.br\/2022\/#\/schema\/logo\/image\/","url":"https:\/\/regiaonews.net.br\/2022\/wp-content\/uploads\/2026\/03\/regiao-13-anos-scaled.jpg","contentUrl":"https:\/\/regiaonews.net.br\/2022\/wp-content\/uploads\/2026\/03\/regiao-13-anos-scaled.jpg","width":2560,"height":635,"caption":"Regi\u00e3o News"},"image":{"@id":"https:\/\/regiaonews.net.br\/2022\/#\/schema\/logo\/image\/"}},{"@type":"Person","@id":"https:\/\/regiaonews.net.br\/2022\/#\/schema\/person\/2d205a608a5aa97ac279d7a5e6d89ad8","name":"Roberto","image":{"@type":"ImageObject","inLanguage":"pt-BR","@id":"https:\/\/secure.gravatar.com\/avatar\/42749d8b712ff9d59ca93dc150494e5b55a44134482993f5baeb97e61b7ecc89?s=96&d=mm&r=g","url":"https:\/\/secure.gravatar.com\/avatar\/42749d8b712ff9d59ca93dc150494e5b55a44134482993f5baeb97e61b7ecc89?s=96&d=mm&r=g","contentUrl":"https:\/\/secure.gravatar.com\/avatar\/42749d8b712ff9d59ca93dc150494e5b55a44134482993f5baeb97e61b7ecc89?s=96&d=mm&r=g","caption":"Roberto"},"url":"https:\/\/regiaonews.net.br\/2022\/author\/roberto\/"}]}},"publishpress_future_action":{"enabled":false,"date":"2026-05-04 04:34:22","action":"change-status","newStatus":"draft","terms":[],"taxonomy":"category","extraData":[]},"publishpress_future_workflow_manual_trigger":{"enabledWorkflows":[]},"_links":{"self":[{"href":"https:\/\/regiaonews.net.br\/2022\/wp-json\/wp\/v2\/posts\/101765","targetHints":{"allow":["GET"]}}],"collection":[{"href":"https:\/\/regiaonews.net.br\/2022\/wp-json\/wp\/v2\/posts"}],"about":[{"href":"https:\/\/regiaonews.net.br\/2022\/wp-json\/wp\/v2\/types\/post"}],"author":[{"embeddable":true,"href":"https:\/\/regiaonews.net.br\/2022\/wp-json\/wp\/v2\/users\/2"}],"replies":[{"embeddable":true,"href":"https:\/\/regiaonews.net.br\/2022\/wp-json\/wp\/v2\/comments?post=101765"}],"version-history":[{"count":1,"href":"https:\/\/regiaonews.net.br\/2022\/wp-json\/wp\/v2\/posts\/101765\/revisions"}],"predecessor-version":[{"id":101767,"href":"https:\/\/regiaonews.net.br\/2022\/wp-json\/wp\/v2\/posts\/101765\/revisions\/101767"}],"wp:featuredmedia":[{"embeddable":true,"href":"https:\/\/regiaonews.net.br\/2022\/wp-json\/wp\/v2\/media\/101766"}],"wp:attachment":[{"href":"https:\/\/regiaonews.net.br\/2022\/wp-json\/wp\/v2\/media?parent=101765"}],"wp:term":[{"taxonomy":"category","embeddable":true,"href":"https:\/\/regiaonews.net.br\/2022\/wp-json\/wp\/v2\/categories?post=101765"},{"taxonomy":"post_tag","embeddable":true,"href":"https:\/\/regiaonews.net.br\/2022\/wp-json\/wp\/v2\/tags?post=101765"}],"curies":[{"name":"wp","href":"https:\/\/api.w.org\/{rel}","templated":true}]}}