{"id":101746,"date":"2024-02-27T10:59:40","date_gmt":"2024-02-27T13:59:40","guid":{"rendered":"https:\/\/regiaonews.net.br\/2022\/?p=101746"},"modified":"2024-02-27T10:59:40","modified_gmt":"2024-02-27T13:59:40","slug":"ribeirao-preto-marca-presenca-no-1o-forum-brasileiro-de-financas-climaticas","status":"publish","type":"post","link":"https:\/\/regiaonews.net.br\/2022\/2024\/02\/27\/ribeirao-preto-marca-presenca-no-1o-forum-brasileiro-de-financas-climaticas\/","title":{"rendered":"Ribeir\u00e3o Preto marca presen\u00e7a no 1\u00ba F\u00f3rum Brasileiro de Finan\u00e7as Clim\u00e1ticas"},"content":{"rendered":"<h3 style=\"text-align: center;\">Governo Federal lan\u00e7ou programa que atrai investimentos internacionais para economia verde. Programa \u201cRibeir\u00e3o + Resiliente\u201d foi apresentado ao BID em 2023<\/h3>\n<p>O prefeito Duarte Nogueira marcou presen\u00e7a no\u00a0<em>1\u00ba F\u00f3rum Brasileiro de Finan\u00e7as Clim\u00e1ticas<\/em>, realizado em S\u00e3o Paulo como parte das atividades pr\u00e9vias ao encontro do G20. No evento, o governo Federal lan\u00e7ou um programa com o objetivo de atrair financiamento estrangeiro para projetos de economia verde.<\/p>\n<p>Na segunda-feira, 26, foi anunciado o lan\u00e7amento de um programa pelo Minist\u00e9rio da Fazenda em parceria com o Banco Interamericano de Desenvolvimento (BID), visando atrair investimentos estrangeiros para projetos de transi\u00e7\u00e3o ecol\u00f3gica no Brasil. Este programa oferece linha de cr\u00e9dito com prote\u00e7\u00e3o contra riscos cambiais, garantindo seguran\u00e7a aos investidores em d\u00f3lar para os interessados em financiar projetos como a instala\u00e7\u00e3o de pain\u00e9is solares em larga escala.<\/p>\n<p>Em 2023, o prefeito de Ribeir\u00e3o Preto havia apresentado ao presidente do BID, durante o LIDE Brazil Development Forum, o programa &#8220;Ribeir\u00e3o + Resiliente&#8221;. O programa, focado em sustentabilidade, busca fortalecer diversos setores, incluindo saneamento b\u00e1sico, preserva\u00e7\u00e3o de \u00e1reas verdes, mobilidade urbana e habita\u00e7\u00e3o. \u201cEsta iniciativa lan\u00e7ada durante o F\u00f3rum de Finan\u00e7as Clim\u00e1ticas mostra que nossa cidade, Ribeir\u00e3o Preto j\u00e1 fez a li\u00e7\u00e3o de casa, se antecipando em 2023, antes mesmo das discuss\u00f5es da COP 23. Estive em Washington e apresentei ao presidente do BID -Banco, Ilan Goldfajn, o programa \u201cRibeir\u00e3o + Resiliente\u201d, um programa com intuito de impulsionar o desenvolvimento sustent\u00e1vel e qualidade de vida dos habitantes\u201d, relembrou Nogueira. O projeto est\u00e1 sendo analisado pelo BID e pelo Banco Mundial.<\/p>\n<p>Tamb\u00e9m foram destacados durante o f\u00f3rum que aconteceu nesta segunda-feira, 26, em S\u00e3o Paulo, a import\u00e2ncia de uma abordagem integrada \u00e0s finan\u00e7as clim\u00e1ticas, ressaltando a necessidade de considerar aspectos como clima, natureza, bioeconomia, sa\u00fade, educa\u00e7\u00e3o, entre outros. Houve tamb\u00e9m discuss\u00f5es sobre a predomin\u00e2ncia de investimentos em combust\u00edveis f\u00f3sseis em detrimento das energias renov\u00e1veis, apontando para a urg\u00eancia de uma transi\u00e7\u00e3o energ\u00e9tica.<\/p>\n<p>Representantes presentes no evento enfatizaram a necessidade de ampliar o debate sobre o papel do Estado e a tributa\u00e7\u00e3o verde, visando impulsionar o setor privado a se comprometer mais com a transi\u00e7\u00e3o energ\u00e9tica e a preserva\u00e7\u00e3o do meio ambiente. Al\u00e9m disso, destacaram a import\u00e2ncia de repensar modelos econ\u00f4micos e promover uma transi\u00e7\u00e3o justa que reduza desigualdades e gere empregos sustent\u00e1veis.<\/p>\n<p>\u201cO 1\u00ba F\u00f3rum Brasileiro de Finan\u00e7as Clim\u00e1ticas proporcionou um espa\u00e7o para reflex\u00e3o e debate sobre os desafios e oportunidades na transi\u00e7\u00e3o para uma economia mais sustent\u00e1vel, destacando a necessidade de a\u00e7\u00f5es concretas para enfrentar as mudan\u00e7as clim\u00e1ticas e promover um desenvolvimento mais equitativo e respons\u00e1vel. Uma discuss\u00e3o necess\u00e1ria para garantir um futuro sustent\u00e1vel para as futuras gera\u00e7\u00f5es do planeta\u201d, finalizou Nogueira.<\/p>\n","protected":false},"excerpt":{"rendered":"<p>Governo Federal lan\u00e7ou programa que atrai investimentos internacionais para economia<\/p>\n","protected":false},"author":2,"featured_media":101748,"comment_status":"open","ping_status":"open","sticky":false,"template":"","format":"standard","meta":{"footnotes":""},"categories":[3,32],"tags":[],"class_list":["post-101746","post","type-post","status-publish","format-standard","has-post-thumbnail","hentry","category-geral","category-ribeirao-preto"],"yoast_head":"<!-- This site is optimized with the Yoast SEO plugin v27.4 - https:\/\/yoast.com\/product\/yoast-seo-wordpress\/ -->\n<title>Ribeir\u00e3o Preto marca presen\u00e7a no 1\u00ba F\u00f3rum Brasileiro de Finan\u00e7as Clim\u00e1ticas - Regi\u00e3o News<\/title>\n<meta name=\"robots\" content=\"index, follow, max-snippet:-1, max-image-preview:large, max-video-preview:-1\" \/>\n<link rel=\"canonical\" href=\"https:\/\/regiaonews.net.br\/2022\/2024\/02\/27\/ribeirao-preto-marca-presenca-no-1o-forum-brasileiro-de-financas-climaticas\/\" \/>\n<meta property=\"og:locale\" content=\"pt_BR\" \/>\n<meta property=\"og:type\" content=\"article\" \/>\n<meta property=\"og:title\" content=\"Ribeir\u00e3o Preto marca presen\u00e7a no 1\u00ba F\u00f3rum Brasileiro de Finan\u00e7as Clim\u00e1ticas - Regi\u00e3o News\" \/>\n<meta property=\"og:description\" content=\"Governo Federal lan\u00e7ou programa que atrai investimentos internacionais para economia\" \/>\n<meta property=\"og:url\" content=\"https:\/\/regiaonews.net.br\/2022\/2024\/02\/27\/ribeirao-preto-marca-presenca-no-1o-forum-brasileiro-de-financas-climaticas\/\" \/>\n<meta property=\"og:site_name\" content=\"Regi\u00e3o News\" \/>\n<meta property=\"article:published_time\" content=\"2024-02-27T13:59:40+00:00\" \/>\n<meta property=\"og:image\" content=\"https:\/\/regiaonews.net.br\/2022\/wp-content\/uploads\/2024\/02\/forum.jpeg\" \/>\n\t<meta property=\"og:image:width\" content=\"1600\" \/>\n\t<meta property=\"og:image:height\" content=\"1067\" \/>\n\t<meta property=\"og:image:type\" content=\"image\/jpeg\" \/>\n<meta name=\"author\" content=\"Roberto\" \/>\n<meta name=\"twitter:card\" content=\"summary_large_image\" \/>\n<meta name=\"twitter:label1\" content=\"Escrito por\" \/>\n\t<meta name=\"twitter:data1\" content=\"Roberto\" \/>\n\t<meta name=\"twitter:label2\" content=\"Est. tempo de leitura\" \/>\n\t<meta name=\"twitter:data2\" content=\"3 minutos\" \/>\n<script type=\"application\/ld+json\" class=\"yoast-schema-graph\">{\"@context\":\"https:\\\/\\\/schema.org\",\"@graph\":[{\"@type\":\"Article\",\"@id\":\"https:\\\/\\\/regiaonews.net.br\\\/2022\\\/2024\\\/02\\\/27\\\/ribeirao-preto-marca-presenca-no-1o-forum-brasileiro-de-financas-climaticas\\\/#article\",\"isPartOf\":{\"@id\":\"https:\\\/\\\/regiaonews.net.br\\\/2022\\\/2024\\\/02\\\/27\\\/ribeirao-preto-marca-presenca-no-1o-forum-brasileiro-de-financas-climaticas\\\/\"},\"author\":{\"name\":\"Roberto\",\"@id\":\"https:\\\/\\\/regiaonews.net.br\\\/2022\\\/#\\\/schema\\\/person\\\/2d205a608a5aa97ac279d7a5e6d89ad8\"},\"headline\":\"Ribeir\u00e3o Preto marca presen\u00e7a no 1\u00ba F\u00f3rum Brasileiro de Finan\u00e7as Clim\u00e1ticas\",\"datePublished\":\"2024-02-27T13:59:40+00:00\",\"mainEntityOfPage\":{\"@id\":\"https:\\\/\\\/regiaonews.net.br\\\/2022\\\/2024\\\/02\\\/27\\\/ribeirao-preto-marca-presenca-no-1o-forum-brasileiro-de-financas-climaticas\\\/\"},\"wordCount\":514,\"commentCount\":0,\"publisher\":{\"@id\":\"https:\\\/\\\/regiaonews.net.br\\\/2022\\\/#organization\"},\"image\":{\"@id\":\"https:\\\/\\\/regiaonews.net.br\\\/2022\\\/2024\\\/02\\\/27\\\/ribeirao-preto-marca-presenca-no-1o-forum-brasileiro-de-financas-climaticas\\\/#primaryimage\"},\"thumbnailUrl\":\"https:\\\/\\\/regiaonews.net.br\\\/2022\\\/wp-content\\\/uploads\\\/2024\\\/02\\\/forum.jpeg\",\"articleSection\":[\"Geral\",\"Ribeir\u00e3o Preto\"],\"inLanguage\":\"pt-BR\",\"potentialAction\":[{\"@type\":\"CommentAction\",\"name\":\"Comment\",\"target\":[\"https:\\\/\\\/regiaonews.net.br\\\/2022\\\/2024\\\/02\\\/27\\\/ribeirao-preto-marca-presenca-no-1o-forum-brasileiro-de-financas-climaticas\\\/#respond\"]}]},{\"@type\":\"WebPage\",\"@id\":\"https:\\\/\\\/regiaonews.net.br\\\/2022\\\/2024\\\/02\\\/27\\\/ribeirao-preto-marca-presenca-no-1o-forum-brasileiro-de-financas-climaticas\\\/\",\"url\":\"https:\\\/\\\/regiaonews.net.br\\\/2022\\\/2024\\\/02\\\/27\\\/ribeirao-preto-marca-presenca-no-1o-forum-brasileiro-de-financas-climaticas\\\/\",\"name\":\"Ribeir\u00e3o Preto marca presen\u00e7a no 1\u00ba F\u00f3rum Brasileiro de Finan\u00e7as Clim\u00e1ticas - Regi\u00e3o News\",\"isPartOf\":{\"@id\":\"https:\\\/\\\/regiaonews.net.br\\\/2022\\\/#website\"},\"primaryImageOfPage\":{\"@id\":\"https:\\\/\\\/regiaonews.net.br\\\/2022\\\/2024\\\/02\\\/27\\\/ribeirao-preto-marca-presenca-no-1o-forum-brasileiro-de-financas-climaticas\\\/#primaryimage\"},\"image\":{\"@id\":\"https:\\\/\\\/regiaonews.net.br\\\/2022\\\/2024\\\/02\\\/27\\\/ribeirao-preto-marca-presenca-no-1o-forum-brasileiro-de-financas-climaticas\\\/#primaryimage\"},\"thumbnailUrl\":\"https:\\\/\\\/regiaonews.net.br\\\/2022\\\/wp-content\\\/uploads\\\/2024\\\/02\\\/forum.jpeg\",\"datePublished\":\"2024-02-27T13:59:40+00:00\",\"breadcrumb\":{\"@id\":\"https:\\\/\\\/regiaonews.net.br\\\/2022\\\/2024\\\/02\\\/27\\\/ribeirao-preto-marca-presenca-no-1o-forum-brasileiro-de-financas-climaticas\\\/#breadcrumb\"},\"inLanguage\":\"pt-BR\",\"potentialAction\":[{\"@type\":\"ReadAction\",\"target\":[\"https:\\\/\\\/regiaonews.net.br\\\/2022\\\/2024\\\/02\\\/27\\\/ribeirao-preto-marca-presenca-no-1o-forum-brasileiro-de-financas-climaticas\\\/\"]}]},{\"@type\":\"ImageObject\",\"inLanguage\":\"pt-BR\",\"@id\":\"https:\\\/\\\/regiaonews.net.br\\\/2022\\\/2024\\\/02\\\/27\\\/ribeirao-preto-marca-presenca-no-1o-forum-brasileiro-de-financas-climaticas\\\/#primaryimage\",\"url\":\"https:\\\/\\\/regiaonews.net.br\\\/2022\\\/wp-content\\\/uploads\\\/2024\\\/02\\\/forum.jpeg\",\"contentUrl\":\"https:\\\/\\\/regiaonews.net.br\\\/2022\\\/wp-content\\\/uploads\\\/2024\\\/02\\\/forum.jpeg\",\"width\":1600,\"height\":1067},{\"@type\":\"BreadcrumbList\",\"@id\":\"https:\\\/\\\/regiaonews.net.br\\\/2022\\\/2024\\\/02\\\/27\\\/ribeirao-preto-marca-presenca-no-1o-forum-brasileiro-de-financas-climaticas\\\/#breadcrumb\",\"itemListElement\":[{\"@type\":\"ListItem\",\"position\":1,\"name\":\"In\u00edcio\",\"item\":\"https:\\\/\\\/regiaonews.net.br\\\/2022\\\/\"},{\"@type\":\"ListItem\",\"position\":2,\"name\":\"Ribeir\u00e3o Preto marca presen\u00e7a no 1\u00ba F\u00f3rum Brasileiro de Finan\u00e7as Clim\u00e1ticas\"}]},{\"@type\":\"WebSite\",\"@id\":\"https:\\\/\\\/regiaonews.net.br\\\/2022\\\/#website\",\"url\":\"https:\\\/\\\/regiaonews.net.br\\\/2022\\\/\",\"name\":\"Regi\u00e3o News\",\"description\":\"Site de Not\u00edcias de Barretos e regi\u00e3o\",\"publisher\":{\"@id\":\"https:\\\/\\\/regiaonews.net.br\\\/2022\\\/#organization\"},\"potentialAction\":[{\"@type\":\"SearchAction\",\"target\":{\"@type\":\"EntryPoint\",\"urlTemplate\":\"https:\\\/\\\/regiaonews.net.br\\\/2022\\\/?s={search_term_string}\"},\"query-input\":{\"@type\":\"PropertyValueSpecification\",\"valueRequired\":true,\"valueName\":\"search_term_string\"}}],\"inLanguage\":\"pt-BR\"},{\"@type\":\"Organization\",\"@id\":\"https:\\\/\\\/regiaonews.net.br\\\/2022\\\/#organization\",\"name\":\"Regi\u00e3o News\",\"url\":\"https:\\\/\\\/regiaonews.net.br\\\/2022\\\/\",\"logo\":{\"@type\":\"ImageObject\",\"inLanguage\":\"pt-BR\",\"@id\":\"https:\\\/\\\/regiaonews.net.br\\\/2022\\\/#\\\/schema\\\/logo\\\/image\\\/\",\"url\":\"https:\\\/\\\/regiaonews.net.br\\\/2022\\\/wp-content\\\/uploads\\\/2026\\\/03\\\/regiao-13-anos-scaled.jpg\",\"contentUrl\":\"https:\\\/\\\/regiaonews.net.br\\\/2022\\\/wp-content\\\/uploads\\\/2026\\\/03\\\/regiao-13-anos-scaled.jpg\",\"width\":2560,\"height\":635,\"caption\":\"Regi\u00e3o News\"},\"image\":{\"@id\":\"https:\\\/\\\/regiaonews.net.br\\\/2022\\\/#\\\/schema\\\/logo\\\/image\\\/\"}},{\"@type\":\"Person\",\"@id\":\"https:\\\/\\\/regiaonews.net.br\\\/2022\\\/#\\\/schema\\\/person\\\/2d205a608a5aa97ac279d7a5e6d89ad8\",\"name\":\"Roberto\",\"image\":{\"@type\":\"ImageObject\",\"inLanguage\":\"pt-BR\",\"@id\":\"https:\\\/\\\/secure.gravatar.com\\\/avatar\\\/42749d8b712ff9d59ca93dc150494e5b55a44134482993f5baeb97e61b7ecc89?s=96&d=mm&r=g\",\"url\":\"https:\\\/\\\/secure.gravatar.com\\\/avatar\\\/42749d8b712ff9d59ca93dc150494e5b55a44134482993f5baeb97e61b7ecc89?s=96&d=mm&r=g\",\"contentUrl\":\"https:\\\/\\\/secure.gravatar.com\\\/avatar\\\/42749d8b712ff9d59ca93dc150494e5b55a44134482993f5baeb97e61b7ecc89?s=96&d=mm&r=g\",\"caption\":\"Roberto\"},\"url\":\"https:\\\/\\\/regiaonews.net.br\\\/2022\\\/author\\\/roberto\\\/\"}]}<\/script>\n<!-- \/ Yoast SEO plugin. -->","yoast_head_json":{"title":"Ribeir\u00e3o Preto marca presen\u00e7a no 1\u00ba F\u00f3rum Brasileiro de Finan\u00e7as Clim\u00e1ticas - Regi\u00e3o News","robots":{"index":"index","follow":"follow","max-snippet":"max-snippet:-1","max-image-preview":"max-image-preview:large","max-video-preview":"max-video-preview:-1"},"canonical":"https:\/\/regiaonews.net.br\/2022\/2024\/02\/27\/ribeirao-preto-marca-presenca-no-1o-forum-brasileiro-de-financas-climaticas\/","og_locale":"pt_BR","og_type":"article","og_title":"Ribeir\u00e3o Preto marca presen\u00e7a no 1\u00ba F\u00f3rum Brasileiro de Finan\u00e7as Clim\u00e1ticas - Regi\u00e3o News","og_description":"Governo Federal lan\u00e7ou programa que atrai investimentos internacionais para economia","og_url":"https:\/\/regiaonews.net.br\/2022\/2024\/02\/27\/ribeirao-preto-marca-presenca-no-1o-forum-brasileiro-de-financas-climaticas\/","og_site_name":"Regi\u00e3o News","article_published_time":"2024-02-27T13:59:40+00:00","og_image":[{"width":1600,"height":1067,"url":"https:\/\/regiaonews.net.br\/2022\/wp-content\/uploads\/2024\/02\/forum.jpeg","type":"image\/jpeg"}],"author":"Roberto","twitter_card":"summary_large_image","twitter_misc":{"Escrito por":"Roberto","Est. tempo de leitura":"3 minutos"},"schema":{"@context":"https:\/\/schema.org","@graph":[{"@type":"Article","@id":"https:\/\/regiaonews.net.br\/2022\/2024\/02\/27\/ribeirao-preto-marca-presenca-no-1o-forum-brasileiro-de-financas-climaticas\/#article","isPartOf":{"@id":"https:\/\/regiaonews.net.br\/2022\/2024\/02\/27\/ribeirao-preto-marca-presenca-no-1o-forum-brasileiro-de-financas-climaticas\/"},"author":{"name":"Roberto","@id":"https:\/\/regiaonews.net.br\/2022\/#\/schema\/person\/2d205a608a5aa97ac279d7a5e6d89ad8"},"headline":"Ribeir\u00e3o Preto marca presen\u00e7a no 1\u00ba F\u00f3rum Brasileiro de Finan\u00e7as Clim\u00e1ticas","datePublished":"2024-02-27T13:59:40+00:00","mainEntityOfPage":{"@id":"https:\/\/regiaonews.net.br\/2022\/2024\/02\/27\/ribeirao-preto-marca-presenca-no-1o-forum-brasileiro-de-financas-climaticas\/"},"wordCount":514,"commentCount":0,"publisher":{"@id":"https:\/\/regiaonews.net.br\/2022\/#organization"},"image":{"@id":"https:\/\/regiaonews.net.br\/2022\/2024\/02\/27\/ribeirao-preto-marca-presenca-no-1o-forum-brasileiro-de-financas-climaticas\/#primaryimage"},"thumbnailUrl":"https:\/\/regiaonews.net.br\/2022\/wp-content\/uploads\/2024\/02\/forum.jpeg","articleSection":["Geral","Ribeir\u00e3o Preto"],"inLanguage":"pt-BR","potentialAction":[{"@type":"CommentAction","name":"Comment","target":["https:\/\/regiaonews.net.br\/2022\/2024\/02\/27\/ribeirao-preto-marca-presenca-no-1o-forum-brasileiro-de-financas-climaticas\/#respond"]}]},{"@type":"WebPage","@id":"https:\/\/regiaonews.net.br\/2022\/2024\/02\/27\/ribeirao-preto-marca-presenca-no-1o-forum-brasileiro-de-financas-climaticas\/","url":"https:\/\/regiaonews.net.br\/2022\/2024\/02\/27\/ribeirao-preto-marca-presenca-no-1o-forum-brasileiro-de-financas-climaticas\/","name":"Ribeir\u00e3o Preto marca presen\u00e7a no 1\u00ba F\u00f3rum Brasileiro de Finan\u00e7as Clim\u00e1ticas - Regi\u00e3o News","isPartOf":{"@id":"https:\/\/regiaonews.net.br\/2022\/#website"},"primaryImageOfPage":{"@id":"https:\/\/regiaonews.net.br\/2022\/2024\/02\/27\/ribeirao-preto-marca-presenca-no-1o-forum-brasileiro-de-financas-climaticas\/#primaryimage"},"image":{"@id":"https:\/\/regiaonews.net.br\/2022\/2024\/02\/27\/ribeirao-preto-marca-presenca-no-1o-forum-brasileiro-de-financas-climaticas\/#primaryimage"},"thumbnailUrl":"https:\/\/regiaonews.net.br\/2022\/wp-content\/uploads\/2024\/02\/forum.jpeg","datePublished":"2024-02-27T13:59:40+00:00","breadcrumb":{"@id":"https:\/\/regiaonews.net.br\/2022\/2024\/02\/27\/ribeirao-preto-marca-presenca-no-1o-forum-brasileiro-de-financas-climaticas\/#breadcrumb"},"inLanguage":"pt-BR","potentialAction":[{"@type":"ReadAction","target":["https:\/\/regiaonews.net.br\/2022\/2024\/02\/27\/ribeirao-preto-marca-presenca-no-1o-forum-brasileiro-de-financas-climaticas\/"]}]},{"@type":"ImageObject","inLanguage":"pt-BR","@id":"https:\/\/regiaonews.net.br\/2022\/2024\/02\/27\/ribeirao-preto-marca-presenca-no-1o-forum-brasileiro-de-financas-climaticas\/#primaryimage","url":"https:\/\/regiaonews.net.br\/2022\/wp-content\/uploads\/2024\/02\/forum.jpeg","contentUrl":"https:\/\/regiaonews.net.br\/2022\/wp-content\/uploads\/2024\/02\/forum.jpeg","width":1600,"height":1067},{"@type":"BreadcrumbList","@id":"https:\/\/regiaonews.net.br\/2022\/2024\/02\/27\/ribeirao-preto-marca-presenca-no-1o-forum-brasileiro-de-financas-climaticas\/#breadcrumb","itemListElement":[{"@type":"ListItem","position":1,"name":"In\u00edcio","item":"https:\/\/regiaonews.net.br\/2022\/"},{"@type":"ListItem","position":2,"name":"Ribeir\u00e3o Preto marca presen\u00e7a no 1\u00ba F\u00f3rum Brasileiro de Finan\u00e7as Clim\u00e1ticas"}]},{"@type":"WebSite","@id":"https:\/\/regiaonews.net.br\/2022\/#website","url":"https:\/\/regiaonews.net.br\/2022\/","name":"Regi\u00e3o News","description":"Site de Not\u00edcias de Barretos e regi\u00e3o","publisher":{"@id":"https:\/\/regiaonews.net.br\/2022\/#organization"},"potentialAction":[{"@type":"SearchAction","target":{"@type":"EntryPoint","urlTemplate":"https:\/\/regiaonews.net.br\/2022\/?s={search_term_string}"},"query-input":{"@type":"PropertyValueSpecification","valueRequired":true,"valueName":"search_term_string"}}],"inLanguage":"pt-BR"},{"@type":"Organization","@id":"https:\/\/regiaonews.net.br\/2022\/#organization","name":"Regi\u00e3o News","url":"https:\/\/regiaonews.net.br\/2022\/","logo":{"@type":"ImageObject","inLanguage":"pt-BR","@id":"https:\/\/regiaonews.net.br\/2022\/#\/schema\/logo\/image\/","url":"https:\/\/regiaonews.net.br\/2022\/wp-content\/uploads\/2026\/03\/regiao-13-anos-scaled.jpg","contentUrl":"https:\/\/regiaonews.net.br\/2022\/wp-content\/uploads\/2026\/03\/regiao-13-anos-scaled.jpg","width":2560,"height":635,"caption":"Regi\u00e3o News"},"image":{"@id":"https:\/\/regiaonews.net.br\/2022\/#\/schema\/logo\/image\/"}},{"@type":"Person","@id":"https:\/\/regiaonews.net.br\/2022\/#\/schema\/person\/2d205a608a5aa97ac279d7a5e6d89ad8","name":"Roberto","image":{"@type":"ImageObject","inLanguage":"pt-BR","@id":"https:\/\/secure.gravatar.com\/avatar\/42749d8b712ff9d59ca93dc150494e5b55a44134482993f5baeb97e61b7ecc89?s=96&d=mm&r=g","url":"https:\/\/secure.gravatar.com\/avatar\/42749d8b712ff9d59ca93dc150494e5b55a44134482993f5baeb97e61b7ecc89?s=96&d=mm&r=g","contentUrl":"https:\/\/secure.gravatar.com\/avatar\/42749d8b712ff9d59ca93dc150494e5b55a44134482993f5baeb97e61b7ecc89?s=96&d=mm&r=g","caption":"Roberto"},"url":"https:\/\/regiaonews.net.br\/2022\/author\/roberto\/"}]}},"publishpress_future_action":{"enabled":false,"date":"2026-05-03 22:40:16","action":"change-status","newStatus":"draft","terms":[],"taxonomy":"category","extraData":[]},"publishpress_future_workflow_manual_trigger":{"enabledWorkflows":[]},"_links":{"self":[{"href":"https:\/\/regiaonews.net.br\/2022\/wp-json\/wp\/v2\/posts\/101746","targetHints":{"allow":["GET"]}}],"collection":[{"href":"https:\/\/regiaonews.net.br\/2022\/wp-json\/wp\/v2\/posts"}],"about":[{"href":"https:\/\/regiaonews.net.br\/2022\/wp-json\/wp\/v2\/types\/post"}],"author":[{"embeddable":true,"href":"https:\/\/regiaonews.net.br\/2022\/wp-json\/wp\/v2\/users\/2"}],"replies":[{"embeddable":true,"href":"https:\/\/regiaonews.net.br\/2022\/wp-json\/wp\/v2\/comments?post=101746"}],"version-history":[{"count":1,"href":"https:\/\/regiaonews.net.br\/2022\/wp-json\/wp\/v2\/posts\/101746\/revisions"}],"predecessor-version":[{"id":101749,"href":"https:\/\/regiaonews.net.br\/2022\/wp-json\/wp\/v2\/posts\/101746\/revisions\/101749"}],"wp:featuredmedia":[{"embeddable":true,"href":"https:\/\/regiaonews.net.br\/2022\/wp-json\/wp\/v2\/media\/101748"}],"wp:attachment":[{"href":"https:\/\/regiaonews.net.br\/2022\/wp-json\/wp\/v2\/media?parent=101746"}],"wp:term":[{"taxonomy":"category","embeddable":true,"href":"https:\/\/regiaonews.net.br\/2022\/wp-json\/wp\/v2\/categories?post=101746"},{"taxonomy":"post_tag","embeddable":true,"href":"https:\/\/regiaonews.net.br\/2022\/wp-json\/wp\/v2\/tags?post=101746"}],"curies":[{"name":"wp","href":"https:\/\/api.w.org\/{rel}","templated":true}]}}