{"id":101720,"date":"2024-02-26T17:27:39","date_gmt":"2024-02-26T20:27:39","guid":{"rendered":"https:\/\/regiaonews.net.br\/2022\/?p=101720"},"modified":"2024-02-26T17:27:39","modified_gmt":"2024-02-26T20:27:39","slug":"encontro-na-casa-da-mulher-celebra-o-dia-da-conquista-do-voto-feminino","status":"publish","type":"post","link":"https:\/\/regiaonews.net.br\/2022\/2024\/02\/26\/encontro-na-casa-da-mulher-celebra-o-dia-da-conquista-do-voto-feminino\/","title":{"rendered":"Encontro na Casa da Mulher celebra o Dia da Conquista do Voto Feminino"},"content":{"rendered":"<h3 style=\"text-align: center;\">Prefeita Paula Lemos e representantes de diversos setores da sociedade compartilharam experi\u00eancias e testemunhos emocionantes sobre import\u00e2ncia da mulher na politica<\/h3>\n<p>Um encontro realizado no s\u00e1bado, 24 de fevereiro, entre a prefeita da Est\u00e2ncia Tur\u00edstica de Barretos, Paula Lemos, e representantes de diversos setores da sociedade celebrou os 92 anos da Conquista do Voto Feminino no Brasil com uma roda de conversa repleta de testemunhos emocionantes e troca de experi\u00eancias sobre a \u201cImport\u00e2ncia da Mulher na Pol\u00edtica\u201d.<br \/>\nA Chefe do Executivo refor\u00e7ou a relev\u00e2ncia de se discutir este tema, visto que hoje Barretos n\u00e3o tem nenhuma representante no legislativo e que apenas 12% dos prefeitos no Brasil s\u00e3o mulheres. \u201cN\u00f3s viemos para falar da import\u00e2ncia da mulher na pol\u00edtica e tivemos depoimentos emocionantes, inclusive, da justi\u00e7a eleitoral falando dos avan\u00e7os. N\u00f3s estamos crescendo passo a passo, mas ainda temos muito que evoluir. Hoje n\u00f3s n\u00e3o temos uma representante no poder legislativo, s\u00f3 12% no Brasil de prefeitas. Uma sociedade para que ela, de fato, cres\u00e7a, precisa ter voz tamb\u00e9m das mulheres. N\u00f3s queremos as mulheres presentes. E queremos por qu\u00ea? Porque hoje, em 48% dos lares no Brasil, a mulher \u00e9 arrimo de fam\u00edlia, \u00e9 a mulher que est\u00e1 \u00e0 frente desse lar\u201d, disse.<br \/>\nO voto feminino no Brasil foi reconhecido em 1932 e incorporado \u00e0 Constitui\u00e7\u00e3o de 1934, mas era facultativo. Em 1965, tornou-se obrigat\u00f3rio, sendo equiparado ao dos homens.<br \/>\nVereadora por tr\u00eas mandatos consecutivos entre os anos de 1993 e 2004, Maria Augusta Lopes Vilarinho demonstrava interesse pela pol\u00edtica desde crian\u00e7a, e n\u00e3o concordava quando tinha que fazer as tarefas dom\u00e9sticas e o irm\u00e3o n\u00e3o. \u201cEu nunca concordei com as injusti\u00e7as de homem e mulher\u201d, disse. Ela tamb\u00e9m fez um alerta sobre a cria\u00e7\u00e3o dos filhos. \u201cEu tenho um filho e tr\u00eas filhas. Tr\u00eas netos e duas netas. Meus netos fazem de tudo em casa. E meu filho tamb\u00e9m. Eu estou dizendo isso porque n\u00f3s, mulheres, somos respons\u00e1veis por essa educa\u00e7\u00e3o machista. \u00c0s vezes a gente v\u00ea o erro de outro e n\u00e3o v\u00ea o nosso. E meu filho? Eu estou criando como? Pra ser servido por uma mulher ou pra servir a todos?\u201d, disse.<br \/>\nA ex-vereadora tamb\u00e9m comparou o processo de conquista do voto \u00e0 metamorfose das borboletas. \u201cN\u00f3s n\u00e3o podemos esquecer que a borboleta, para sair limpa e voando, ela passou por um processo. E n\u00f3s passamos por este processo e temos que voar para um mundo de homens e mulheres, lado a lado, em uma vida muito melhor. N\u00e3o foi muito f\u00e1cil, mas tamb\u00e9m n\u00e3o \u00e9 imposs\u00edvel. E agora, voc\u00eas borboletas que j\u00e1 est\u00e3o voando, tem o dever de sair candidatas\u201d, completou.<br \/>\nMaioria do eleitorado brasileiro, as mulheres representam 52,65% do total de eleitores. Em Barretos, dos 85.160 eleitores aptos a votarem em Barretos na elei\u00e7\u00e3o de outubro, segundo dados do TER, 45.575 s\u00e3o mulheres.<br \/>\nJackelyne Rossini \u00e9 empres\u00e1ria e tamb\u00e9m compartilhou sua experi\u00eancia e desafios como primeira mulher eleita presidente da Associa\u00e7\u00e3o Comercial e Industrial de Barretos (Acib). \u201cQuando eu recebi esse convite e soube que nunca teve uma mulher presidente, eu senti sim uma press\u00e3o. Fiquei com muito medo. Mas eu pensei bem, se surgiu esse convite \u00e9 porque eu sou capaz, ent\u00e3o eu vou assumir e tenho certeza que vai dar tudo certo. Eu tenho duas filhas, ent\u00e3o eu fui exemplo para que elas tamb\u00e9m, um dia, se quiserem possam ser presidentas, prefeitas ou diretoras\u201d, contou.<br \/>\nNo entanto, ela disse que nem sempre a tarefa foi f\u00e1cil. \u201cN\u00e3o \u00e9 f\u00e1cil estar ali, porque eu sei o quanto que a gente \u00e9 humilhada, massacrada, exposta o tempo inteiro, \u00e0 fam\u00edlia da gente \u00e9 exposta. S\u00e3o coisas que a gente escuta, tem que engolir e falar: n\u00e3o, a gente vai ser diferente. E hoje eu encontro as mulheres andando ali na 21, no com\u00e9rcio, falando: nossa, como voc\u00ea trouxe v\u00e1rias coisas, campanhas diferentes, o Natal que foi maravilhoso. Ent\u00e3o, essa \u00e9 minha realiza\u00e7\u00e3o, \u00e9 as pessoas verem quanto foi bom e o quanto que foi gratificante eu estar l\u00e1\u201d, disse.<br \/>\nPara a escriv\u00e3 da Pol\u00edcia Civil, Taciana Mara Nunes, a representatividade feminina tamb\u00e9m \u00e9 extremamente importante para a luta contra a viol\u00eancia dom\u00e9stica. \u201cNingu\u00e9m melhor que uma mulher para saber a real necessidade de outra mulher. Ningu\u00e9m melhor que uma mulher para saber a real necessidade de outra m\u00e3e. Termos uma mulher na pol\u00edtica, nos representando, far\u00e1 toda a diferen\u00e7a. Uma mulher vai pensar em pol\u00edticas p\u00fablicas voltadas para outras mulheres e isso vai fazer uma enorme diferen\u00e7a no nosso cen\u00e1rio atual\u201d, comentou.<br \/>\nParticiparam do encontro na Casa da Mulher \u201cJanaina Zanqueta Dias Rondini\u201d a Vice-Presidente OAB Barretos 7\u00aa Subse\u00e7\u00e3o, Priscila Santos Salviano de Oliveira; a Coordenadora da Comiss\u00e3o da Mulher Advogada, Dra. Pamilhan Ara\u00fajo Fortaleza da Silva; Cristiane Tosador, representando o Conselho Municipal dos Direitos da Mulher (Condim); a Coordenadora da Casa da Mulher, Ana Paula Febatis; Laurem Paro Lad\u00e1rio, representando o Cart\u00f3rio Eleitoral de Barretos; Ariana Mansur, representando o coletivo \u201cConex\u00e3o Feminina\u201d; a psic\u00f3loga Fernanda Nogueira, representando o CRAM; a vereadora da cidade de Bebedouro\/SP, Ivanete Cristina Xavier; e representantes de diversos setores.<br \/>\nO vereador Carl\u00e3o do Basquete e secret\u00e1rios de governo tamb\u00e9m prestigiaram o evento.<\/p>\n<p>Assimp-119-2024<br \/>\nReda\u00e7\u00e3o: Assessoria de Imprensa<br \/>\nFotos:\u00a0Nivaldo\u00a0Jr.<\/p>\n","protected":false},"excerpt":{"rendered":"<p>Prefeita Paula Lemos e representantes de diversos setores da sociedade<\/p>\n","protected":false},"author":2,"featured_media":101721,"comment_status":"open","ping_status":"open","sticky":false,"template":"","format":"standard","meta":{"footnotes":""},"categories":[14,3],"tags":[],"class_list":["post-101720","post","type-post","status-publish","format-standard","has-post-thumbnail","hentry","category-barretos","category-geral"],"yoast_head":"<!-- This site is optimized with the Yoast SEO plugin v27.4 - https:\/\/yoast.com\/product\/yoast-seo-wordpress\/ -->\n<title>Encontro na Casa da Mulher celebra o Dia da Conquista do Voto Feminino - Regi\u00e3o News<\/title>\n<meta name=\"robots\" content=\"index, follow, max-snippet:-1, max-image-preview:large, max-video-preview:-1\" \/>\n<link rel=\"canonical\" href=\"https:\/\/regiaonews.net.br\/2022\/2024\/02\/26\/encontro-na-casa-da-mulher-celebra-o-dia-da-conquista-do-voto-feminino\/\" \/>\n<meta property=\"og:locale\" content=\"pt_BR\" \/>\n<meta property=\"og:type\" content=\"article\" \/>\n<meta property=\"og:title\" content=\"Encontro na Casa da Mulher celebra o Dia da Conquista do Voto Feminino - Regi\u00e3o News\" \/>\n<meta property=\"og:description\" content=\"Prefeita Paula Lemos e representantes de diversos setores da sociedade\" \/>\n<meta property=\"og:url\" content=\"https:\/\/regiaonews.net.br\/2022\/2024\/02\/26\/encontro-na-casa-da-mulher-celebra-o-dia-da-conquista-do-voto-feminino\/\" \/>\n<meta property=\"og:site_name\" content=\"Regi\u00e3o News\" \/>\n<meta property=\"article:published_time\" content=\"2024-02-26T20:27:39+00:00\" \/>\n<meta property=\"og:image\" content=\"https:\/\/regiaonews.net.br\/2022\/wp-content\/uploads\/2024\/02\/Imagem-do-WhatsApp-de-2024-02-26-as-16.18.52_449d1e1e.jpg\" \/>\n\t<meta property=\"og:image:width\" content=\"1600\" \/>\n\t<meta property=\"og:image:height\" content=\"1067\" \/>\n\t<meta property=\"og:image:type\" content=\"image\/jpeg\" \/>\n<meta name=\"author\" content=\"Roberto\" \/>\n<meta name=\"twitter:card\" content=\"summary_large_image\" \/>\n<meta name=\"twitter:label1\" content=\"Escrito por\" \/>\n\t<meta name=\"twitter:data1\" content=\"Roberto\" \/>\n\t<meta name=\"twitter:label2\" content=\"Est. tempo de leitura\" \/>\n\t<meta name=\"twitter:data2\" content=\"5 minutos\" \/>\n<script type=\"application\/ld+json\" class=\"yoast-schema-graph\">{\"@context\":\"https:\\\/\\\/schema.org\",\"@graph\":[{\"@type\":\"Article\",\"@id\":\"https:\\\/\\\/regiaonews.net.br\\\/2022\\\/2024\\\/02\\\/26\\\/encontro-na-casa-da-mulher-celebra-o-dia-da-conquista-do-voto-feminino\\\/#article\",\"isPartOf\":{\"@id\":\"https:\\\/\\\/regiaonews.net.br\\\/2022\\\/2024\\\/02\\\/26\\\/encontro-na-casa-da-mulher-celebra-o-dia-da-conquista-do-voto-feminino\\\/\"},\"author\":{\"name\":\"Roberto\",\"@id\":\"https:\\\/\\\/regiaonews.net.br\\\/2022\\\/#\\\/schema\\\/person\\\/2d205a608a5aa97ac279d7a5e6d89ad8\"},\"headline\":\"Encontro na Casa da Mulher celebra o Dia da Conquista do Voto Feminino\",\"datePublished\":\"2024-02-26T20:27:39+00:00\",\"mainEntityOfPage\":{\"@id\":\"https:\\\/\\\/regiaonews.net.br\\\/2022\\\/2024\\\/02\\\/26\\\/encontro-na-casa-da-mulher-celebra-o-dia-da-conquista-do-voto-feminino\\\/\"},\"wordCount\":945,\"commentCount\":0,\"publisher\":{\"@id\":\"https:\\\/\\\/regiaonews.net.br\\\/2022\\\/#organization\"},\"image\":{\"@id\":\"https:\\\/\\\/regiaonews.net.br\\\/2022\\\/2024\\\/02\\\/26\\\/encontro-na-casa-da-mulher-celebra-o-dia-da-conquista-do-voto-feminino\\\/#primaryimage\"},\"thumbnailUrl\":\"https:\\\/\\\/regiaonews.net.br\\\/2022\\\/wp-content\\\/uploads\\\/2024\\\/02\\\/Imagem-do-WhatsApp-de-2024-02-26-as-16.18.52_449d1e1e.jpg\",\"articleSection\":[\"Barretos\",\"Geral\"],\"inLanguage\":\"pt-BR\",\"potentialAction\":[{\"@type\":\"CommentAction\",\"name\":\"Comment\",\"target\":[\"https:\\\/\\\/regiaonews.net.br\\\/2022\\\/2024\\\/02\\\/26\\\/encontro-na-casa-da-mulher-celebra-o-dia-da-conquista-do-voto-feminino\\\/#respond\"]}]},{\"@type\":\"WebPage\",\"@id\":\"https:\\\/\\\/regiaonews.net.br\\\/2022\\\/2024\\\/02\\\/26\\\/encontro-na-casa-da-mulher-celebra-o-dia-da-conquista-do-voto-feminino\\\/\",\"url\":\"https:\\\/\\\/regiaonews.net.br\\\/2022\\\/2024\\\/02\\\/26\\\/encontro-na-casa-da-mulher-celebra-o-dia-da-conquista-do-voto-feminino\\\/\",\"name\":\"Encontro na Casa da Mulher celebra o Dia da Conquista do Voto Feminino - Regi\u00e3o News\",\"isPartOf\":{\"@id\":\"https:\\\/\\\/regiaonews.net.br\\\/2022\\\/#website\"},\"primaryImageOfPage\":{\"@id\":\"https:\\\/\\\/regiaonews.net.br\\\/2022\\\/2024\\\/02\\\/26\\\/encontro-na-casa-da-mulher-celebra-o-dia-da-conquista-do-voto-feminino\\\/#primaryimage\"},\"image\":{\"@id\":\"https:\\\/\\\/regiaonews.net.br\\\/2022\\\/2024\\\/02\\\/26\\\/encontro-na-casa-da-mulher-celebra-o-dia-da-conquista-do-voto-feminino\\\/#primaryimage\"},\"thumbnailUrl\":\"https:\\\/\\\/regiaonews.net.br\\\/2022\\\/wp-content\\\/uploads\\\/2024\\\/02\\\/Imagem-do-WhatsApp-de-2024-02-26-as-16.18.52_449d1e1e.jpg\",\"datePublished\":\"2024-02-26T20:27:39+00:00\",\"breadcrumb\":{\"@id\":\"https:\\\/\\\/regiaonews.net.br\\\/2022\\\/2024\\\/02\\\/26\\\/encontro-na-casa-da-mulher-celebra-o-dia-da-conquista-do-voto-feminino\\\/#breadcrumb\"},\"inLanguage\":\"pt-BR\",\"potentialAction\":[{\"@type\":\"ReadAction\",\"target\":[\"https:\\\/\\\/regiaonews.net.br\\\/2022\\\/2024\\\/02\\\/26\\\/encontro-na-casa-da-mulher-celebra-o-dia-da-conquista-do-voto-feminino\\\/\"]}]},{\"@type\":\"ImageObject\",\"inLanguage\":\"pt-BR\",\"@id\":\"https:\\\/\\\/regiaonews.net.br\\\/2022\\\/2024\\\/02\\\/26\\\/encontro-na-casa-da-mulher-celebra-o-dia-da-conquista-do-voto-feminino\\\/#primaryimage\",\"url\":\"https:\\\/\\\/regiaonews.net.br\\\/2022\\\/wp-content\\\/uploads\\\/2024\\\/02\\\/Imagem-do-WhatsApp-de-2024-02-26-as-16.18.52_449d1e1e.jpg\",\"contentUrl\":\"https:\\\/\\\/regiaonews.net.br\\\/2022\\\/wp-content\\\/uploads\\\/2024\\\/02\\\/Imagem-do-WhatsApp-de-2024-02-26-as-16.18.52_449d1e1e.jpg\",\"width\":1600,\"height\":1067},{\"@type\":\"BreadcrumbList\",\"@id\":\"https:\\\/\\\/regiaonews.net.br\\\/2022\\\/2024\\\/02\\\/26\\\/encontro-na-casa-da-mulher-celebra-o-dia-da-conquista-do-voto-feminino\\\/#breadcrumb\",\"itemListElement\":[{\"@type\":\"ListItem\",\"position\":1,\"name\":\"In\u00edcio\",\"item\":\"https:\\\/\\\/regiaonews.net.br\\\/2022\\\/\"},{\"@type\":\"ListItem\",\"position\":2,\"name\":\"Encontro na Casa da Mulher celebra o Dia da Conquista do Voto Feminino\"}]},{\"@type\":\"WebSite\",\"@id\":\"https:\\\/\\\/regiaonews.net.br\\\/2022\\\/#website\",\"url\":\"https:\\\/\\\/regiaonews.net.br\\\/2022\\\/\",\"name\":\"Regi\u00e3o News\",\"description\":\"Site de Not\u00edcias de Barretos e regi\u00e3o\",\"publisher\":{\"@id\":\"https:\\\/\\\/regiaonews.net.br\\\/2022\\\/#organization\"},\"potentialAction\":[{\"@type\":\"SearchAction\",\"target\":{\"@type\":\"EntryPoint\",\"urlTemplate\":\"https:\\\/\\\/regiaonews.net.br\\\/2022\\\/?s={search_term_string}\"},\"query-input\":{\"@type\":\"PropertyValueSpecification\",\"valueRequired\":true,\"valueName\":\"search_term_string\"}}],\"inLanguage\":\"pt-BR\"},{\"@type\":\"Organization\",\"@id\":\"https:\\\/\\\/regiaonews.net.br\\\/2022\\\/#organization\",\"name\":\"Regi\u00e3o News\",\"url\":\"https:\\\/\\\/regiaonews.net.br\\\/2022\\\/\",\"logo\":{\"@type\":\"ImageObject\",\"inLanguage\":\"pt-BR\",\"@id\":\"https:\\\/\\\/regiaonews.net.br\\\/2022\\\/#\\\/schema\\\/logo\\\/image\\\/\",\"url\":\"https:\\\/\\\/regiaonews.net.br\\\/2022\\\/wp-content\\\/uploads\\\/2026\\\/03\\\/regiao-13-anos-scaled.jpg\",\"contentUrl\":\"https:\\\/\\\/regiaonews.net.br\\\/2022\\\/wp-content\\\/uploads\\\/2026\\\/03\\\/regiao-13-anos-scaled.jpg\",\"width\":2560,\"height\":635,\"caption\":\"Regi\u00e3o News\"},\"image\":{\"@id\":\"https:\\\/\\\/regiaonews.net.br\\\/2022\\\/#\\\/schema\\\/logo\\\/image\\\/\"}},{\"@type\":\"Person\",\"@id\":\"https:\\\/\\\/regiaonews.net.br\\\/2022\\\/#\\\/schema\\\/person\\\/2d205a608a5aa97ac279d7a5e6d89ad8\",\"name\":\"Roberto\",\"image\":{\"@type\":\"ImageObject\",\"inLanguage\":\"pt-BR\",\"@id\":\"https:\\\/\\\/secure.gravatar.com\\\/avatar\\\/42749d8b712ff9d59ca93dc150494e5b55a44134482993f5baeb97e61b7ecc89?s=96&d=mm&r=g\",\"url\":\"https:\\\/\\\/secure.gravatar.com\\\/avatar\\\/42749d8b712ff9d59ca93dc150494e5b55a44134482993f5baeb97e61b7ecc89?s=96&d=mm&r=g\",\"contentUrl\":\"https:\\\/\\\/secure.gravatar.com\\\/avatar\\\/42749d8b712ff9d59ca93dc150494e5b55a44134482993f5baeb97e61b7ecc89?s=96&d=mm&r=g\",\"caption\":\"Roberto\"},\"url\":\"https:\\\/\\\/regiaonews.net.br\\\/2022\\\/author\\\/roberto\\\/\"}]}<\/script>\n<!-- \/ Yoast SEO plugin. -->","yoast_head_json":{"title":"Encontro na Casa da Mulher celebra o Dia da Conquista do Voto Feminino - Regi\u00e3o News","robots":{"index":"index","follow":"follow","max-snippet":"max-snippet:-1","max-image-preview":"max-image-preview:large","max-video-preview":"max-video-preview:-1"},"canonical":"https:\/\/regiaonews.net.br\/2022\/2024\/02\/26\/encontro-na-casa-da-mulher-celebra-o-dia-da-conquista-do-voto-feminino\/","og_locale":"pt_BR","og_type":"article","og_title":"Encontro na Casa da Mulher celebra o Dia da Conquista do Voto Feminino - Regi\u00e3o News","og_description":"Prefeita Paula Lemos e representantes de diversos setores da sociedade","og_url":"https:\/\/regiaonews.net.br\/2022\/2024\/02\/26\/encontro-na-casa-da-mulher-celebra-o-dia-da-conquista-do-voto-feminino\/","og_site_name":"Regi\u00e3o News","article_published_time":"2024-02-26T20:27:39+00:00","og_image":[{"width":1600,"height":1067,"url":"https:\/\/regiaonews.net.br\/2022\/wp-content\/uploads\/2024\/02\/Imagem-do-WhatsApp-de-2024-02-26-as-16.18.52_449d1e1e.jpg","type":"image\/jpeg"}],"author":"Roberto","twitter_card":"summary_large_image","twitter_misc":{"Escrito por":"Roberto","Est. tempo de leitura":"5 minutos"},"schema":{"@context":"https:\/\/schema.org","@graph":[{"@type":"Article","@id":"https:\/\/regiaonews.net.br\/2022\/2024\/02\/26\/encontro-na-casa-da-mulher-celebra-o-dia-da-conquista-do-voto-feminino\/#article","isPartOf":{"@id":"https:\/\/regiaonews.net.br\/2022\/2024\/02\/26\/encontro-na-casa-da-mulher-celebra-o-dia-da-conquista-do-voto-feminino\/"},"author":{"name":"Roberto","@id":"https:\/\/regiaonews.net.br\/2022\/#\/schema\/person\/2d205a608a5aa97ac279d7a5e6d89ad8"},"headline":"Encontro na Casa da Mulher celebra o Dia da Conquista do Voto Feminino","datePublished":"2024-02-26T20:27:39+00:00","mainEntityOfPage":{"@id":"https:\/\/regiaonews.net.br\/2022\/2024\/02\/26\/encontro-na-casa-da-mulher-celebra-o-dia-da-conquista-do-voto-feminino\/"},"wordCount":945,"commentCount":0,"publisher":{"@id":"https:\/\/regiaonews.net.br\/2022\/#organization"},"image":{"@id":"https:\/\/regiaonews.net.br\/2022\/2024\/02\/26\/encontro-na-casa-da-mulher-celebra-o-dia-da-conquista-do-voto-feminino\/#primaryimage"},"thumbnailUrl":"https:\/\/regiaonews.net.br\/2022\/wp-content\/uploads\/2024\/02\/Imagem-do-WhatsApp-de-2024-02-26-as-16.18.52_449d1e1e.jpg","articleSection":["Barretos","Geral"],"inLanguage":"pt-BR","potentialAction":[{"@type":"CommentAction","name":"Comment","target":["https:\/\/regiaonews.net.br\/2022\/2024\/02\/26\/encontro-na-casa-da-mulher-celebra-o-dia-da-conquista-do-voto-feminino\/#respond"]}]},{"@type":"WebPage","@id":"https:\/\/regiaonews.net.br\/2022\/2024\/02\/26\/encontro-na-casa-da-mulher-celebra-o-dia-da-conquista-do-voto-feminino\/","url":"https:\/\/regiaonews.net.br\/2022\/2024\/02\/26\/encontro-na-casa-da-mulher-celebra-o-dia-da-conquista-do-voto-feminino\/","name":"Encontro na Casa da Mulher celebra o Dia da Conquista do Voto Feminino - Regi\u00e3o News","isPartOf":{"@id":"https:\/\/regiaonews.net.br\/2022\/#website"},"primaryImageOfPage":{"@id":"https:\/\/regiaonews.net.br\/2022\/2024\/02\/26\/encontro-na-casa-da-mulher-celebra-o-dia-da-conquista-do-voto-feminino\/#primaryimage"},"image":{"@id":"https:\/\/regiaonews.net.br\/2022\/2024\/02\/26\/encontro-na-casa-da-mulher-celebra-o-dia-da-conquista-do-voto-feminino\/#primaryimage"},"thumbnailUrl":"https:\/\/regiaonews.net.br\/2022\/wp-content\/uploads\/2024\/02\/Imagem-do-WhatsApp-de-2024-02-26-as-16.18.52_449d1e1e.jpg","datePublished":"2024-02-26T20:27:39+00:00","breadcrumb":{"@id":"https:\/\/regiaonews.net.br\/2022\/2024\/02\/26\/encontro-na-casa-da-mulher-celebra-o-dia-da-conquista-do-voto-feminino\/#breadcrumb"},"inLanguage":"pt-BR","potentialAction":[{"@type":"ReadAction","target":["https:\/\/regiaonews.net.br\/2022\/2024\/02\/26\/encontro-na-casa-da-mulher-celebra-o-dia-da-conquista-do-voto-feminino\/"]}]},{"@type":"ImageObject","inLanguage":"pt-BR","@id":"https:\/\/regiaonews.net.br\/2022\/2024\/02\/26\/encontro-na-casa-da-mulher-celebra-o-dia-da-conquista-do-voto-feminino\/#primaryimage","url":"https:\/\/regiaonews.net.br\/2022\/wp-content\/uploads\/2024\/02\/Imagem-do-WhatsApp-de-2024-02-26-as-16.18.52_449d1e1e.jpg","contentUrl":"https:\/\/regiaonews.net.br\/2022\/wp-content\/uploads\/2024\/02\/Imagem-do-WhatsApp-de-2024-02-26-as-16.18.52_449d1e1e.jpg","width":1600,"height":1067},{"@type":"BreadcrumbList","@id":"https:\/\/regiaonews.net.br\/2022\/2024\/02\/26\/encontro-na-casa-da-mulher-celebra-o-dia-da-conquista-do-voto-feminino\/#breadcrumb","itemListElement":[{"@type":"ListItem","position":1,"name":"In\u00edcio","item":"https:\/\/regiaonews.net.br\/2022\/"},{"@type":"ListItem","position":2,"name":"Encontro na Casa da Mulher celebra o Dia da Conquista do Voto Feminino"}]},{"@type":"WebSite","@id":"https:\/\/regiaonews.net.br\/2022\/#website","url":"https:\/\/regiaonews.net.br\/2022\/","name":"Regi\u00e3o News","description":"Site de Not\u00edcias de Barretos e regi\u00e3o","publisher":{"@id":"https:\/\/regiaonews.net.br\/2022\/#organization"},"potentialAction":[{"@type":"SearchAction","target":{"@type":"EntryPoint","urlTemplate":"https:\/\/regiaonews.net.br\/2022\/?s={search_term_string}"},"query-input":{"@type":"PropertyValueSpecification","valueRequired":true,"valueName":"search_term_string"}}],"inLanguage":"pt-BR"},{"@type":"Organization","@id":"https:\/\/regiaonews.net.br\/2022\/#organization","name":"Regi\u00e3o News","url":"https:\/\/regiaonews.net.br\/2022\/","logo":{"@type":"ImageObject","inLanguage":"pt-BR","@id":"https:\/\/regiaonews.net.br\/2022\/#\/schema\/logo\/image\/","url":"https:\/\/regiaonews.net.br\/2022\/wp-content\/uploads\/2026\/03\/regiao-13-anos-scaled.jpg","contentUrl":"https:\/\/regiaonews.net.br\/2022\/wp-content\/uploads\/2026\/03\/regiao-13-anos-scaled.jpg","width":2560,"height":635,"caption":"Regi\u00e3o News"},"image":{"@id":"https:\/\/regiaonews.net.br\/2022\/#\/schema\/logo\/image\/"}},{"@type":"Person","@id":"https:\/\/regiaonews.net.br\/2022\/#\/schema\/person\/2d205a608a5aa97ac279d7a5e6d89ad8","name":"Roberto","image":{"@type":"ImageObject","inLanguage":"pt-BR","@id":"https:\/\/secure.gravatar.com\/avatar\/42749d8b712ff9d59ca93dc150494e5b55a44134482993f5baeb97e61b7ecc89?s=96&d=mm&r=g","url":"https:\/\/secure.gravatar.com\/avatar\/42749d8b712ff9d59ca93dc150494e5b55a44134482993f5baeb97e61b7ecc89?s=96&d=mm&r=g","contentUrl":"https:\/\/secure.gravatar.com\/avatar\/42749d8b712ff9d59ca93dc150494e5b55a44134482993f5baeb97e61b7ecc89?s=96&d=mm&r=g","caption":"Roberto"},"url":"https:\/\/regiaonews.net.br\/2022\/author\/roberto\/"}]}},"publishpress_future_action":{"enabled":false,"date":"2026-05-03 16:05:15","action":"change-status","newStatus":"draft","terms":[],"taxonomy":"category","extraData":[]},"publishpress_future_workflow_manual_trigger":{"enabledWorkflows":[]},"_links":{"self":[{"href":"https:\/\/regiaonews.net.br\/2022\/wp-json\/wp\/v2\/posts\/101720","targetHints":{"allow":["GET"]}}],"collection":[{"href":"https:\/\/regiaonews.net.br\/2022\/wp-json\/wp\/v2\/posts"}],"about":[{"href":"https:\/\/regiaonews.net.br\/2022\/wp-json\/wp\/v2\/types\/post"}],"author":[{"embeddable":true,"href":"https:\/\/regiaonews.net.br\/2022\/wp-json\/wp\/v2\/users\/2"}],"replies":[{"embeddable":true,"href":"https:\/\/regiaonews.net.br\/2022\/wp-json\/wp\/v2\/comments?post=101720"}],"version-history":[{"count":1,"href":"https:\/\/regiaonews.net.br\/2022\/wp-json\/wp\/v2\/posts\/101720\/revisions"}],"predecessor-version":[{"id":101722,"href":"https:\/\/regiaonews.net.br\/2022\/wp-json\/wp\/v2\/posts\/101720\/revisions\/101722"}],"wp:featuredmedia":[{"embeddable":true,"href":"https:\/\/regiaonews.net.br\/2022\/wp-json\/wp\/v2\/media\/101721"}],"wp:attachment":[{"href":"https:\/\/regiaonews.net.br\/2022\/wp-json\/wp\/v2\/media?parent=101720"}],"wp:term":[{"taxonomy":"category","embeddable":true,"href":"https:\/\/regiaonews.net.br\/2022\/wp-json\/wp\/v2\/categories?post=101720"},{"taxonomy":"post_tag","embeddable":true,"href":"https:\/\/regiaonews.net.br\/2022\/wp-json\/wp\/v2\/tags?post=101720"}],"curies":[{"name":"wp","href":"https:\/\/api.w.org\/{rel}","templated":true}]}}