{"id":101642,"date":"2024-02-23T14:24:35","date_gmt":"2024-02-23T17:24:35","guid":{"rendered":"https:\/\/regiaonews.net.br\/2022\/?p=101642"},"modified":"2024-02-23T14:27:15","modified_gmt":"2024-02-23T17:27:15","slug":"automobilsmo-perde-wilsinho-fittipaldi","status":"publish","type":"post","link":"https:\/\/regiaonews.net.br\/2022\/2024\/02\/23\/automobilsmo-perde-wilsinho-fittipaldi\/","title":{"rendered":"Automobilsmo perde Wilsinho Fittipaldi"},"content":{"rendered":"<div class=\"col-lg-12 mb-3\">\n<div class=\"row\">\n<p class=\"col-10 offset-1 animated fadeInDown dealy-750 display-6 display-md-4 display-lg-5 font-weight-bold alt-font text-center my-1\">Foto &#8211; Fernando Santos<\/p>\n<\/div>\n<\/div>\n<div class=\"col-xl-7 offset-xl-1 col-lg-8 offset-lg-0 col-md-10 offset-md-1 mb-3\">\n<div class=\"post-item alt-font\">\n<div class=\"post-item-wrap\">\n<p>\u00cdcone do automobilismo brasileiro, Wilson Fittipaldi J\u00fanior faleceu nesta sexta-feira (23), em S\u00e3o Paulo. O ex-piloto de F\u00f3rmula 1 foi hospitalizado no dia 25 de dezembro de 2023 ap\u00f3s se engasgar com um peda\u00e7o de carne e ter uma parada card\u00edaca, enquanto comemorava o anivers\u00e1rio de 80 anos com a fam\u00edlia.<\/p>\n<p>Wilsinho, como era conhecido, estava internado no Hospital Sainte Marie, credenciado \u00e0 rede Prevent Senior, na zona sul da capital paulista. Inicialmente levado \u00e0 Unidade de Terapia Intensiva (UTI), onde foi entubado e sedado, o ex-piloto chegou a ser transferido para o quarto em meados de janeiro.<\/p>\n<p>Nascido em S\u00e3o Paulo, Wilsinho era filho de Wilson Fittipaldi, o Bar\u00e3o, fundador da Confedera\u00e7\u00e3o Brasileira de Automobilismo (CBA) e pioneiro em narra\u00e7\u00f5es da modalidade. O ex-piloto come\u00e7ou a correr na d\u00e9cada de 1960, chegando \u00e0 F\u00f3rmula 1 em 1972. Ele passou tr\u00eas temporadas na principal categoria do esporte a motor, com 35 provas disputadas e um quinto lugar no Grande Pr\u00eamio da Alemanha de 1973, pela equipe brit\u00e2nica Brabham.<\/p>\n<\/div>\n<\/div>\n<\/div>\n","protected":false},"excerpt":{"rendered":"<p>Foto &#8211; Fernando Santos \u00cdcone do automobilismo brasileiro, Wilson Fittipaldi<\/p>\n","protected":false},"author":2,"featured_media":101643,"comment_status":"open","ping_status":"open","sticky":false,"template":"","format":"standard","meta":{"footnotes":""},"categories":[21,29],"tags":[201,202,200],"class_list":["post-101642","post","type-post","status-publish","format-standard","has-post-thumbnail","hentry","category-esporte","category-sao-paulo","tag-formula-1","tag-morte","tag-wilsinho-fittipaldi"],"yoast_head":"<!-- This site is optimized with the Yoast SEO plugin v27.4 - https:\/\/yoast.com\/product\/yoast-seo-wordpress\/ -->\n<title>Automobilsmo perde Wilsinho Fittipaldi - Regi\u00e3o News<\/title>\n<meta name=\"robots\" content=\"index, follow, max-snippet:-1, max-image-preview:large, max-video-preview:-1\" \/>\n<link rel=\"canonical\" href=\"https:\/\/regiaonews.net.br\/2022\/2024\/02\/23\/automobilsmo-perde-wilsinho-fittipaldi\/\" \/>\n<meta property=\"og:locale\" content=\"pt_BR\" \/>\n<meta property=\"og:type\" content=\"article\" \/>\n<meta property=\"og:title\" content=\"Automobilsmo perde Wilsinho Fittipaldi - Regi\u00e3o News\" \/>\n<meta property=\"og:description\" content=\"Foto &#8211; Fernando Santos \u00cdcone do automobilismo brasileiro, Wilson Fittipaldi\" \/>\n<meta property=\"og:url\" content=\"https:\/\/regiaonews.net.br\/2022\/2024\/02\/23\/automobilsmo-perde-wilsinho-fittipaldi\/\" \/>\n<meta property=\"og:site_name\" content=\"Regi\u00e3o News\" \/>\n<meta property=\"article:published_time\" content=\"2024-02-23T17:24:35+00:00\" \/>\n<meta property=\"article:modified_time\" content=\"2024-02-23T17:27:15+00:00\" \/>\n<meta property=\"og:image\" content=\"https:\/\/regiaonews.net.br\/2022\/wp-content\/uploads\/2024\/02\/noticia_fvee_2017_09_15a_shopping_iguatemi_ribeirao_preto_recebe_exposicao_da_formula_vee_com_presenca_wilson_fittipaldi_01.webp\" \/>\n\t<meta property=\"og:image:width\" content=\"1170\" \/>\n\t<meta property=\"og:image:height\" content=\"700\" \/>\n\t<meta property=\"og:image:type\" content=\"image\/webp\" \/>\n<meta name=\"author\" content=\"Roberto\" \/>\n<meta name=\"twitter:card\" content=\"summary_large_image\" \/>\n<meta name=\"twitter:label1\" content=\"Escrito por\" \/>\n\t<meta name=\"twitter:data1\" content=\"Roberto\" \/>\n\t<meta name=\"twitter:label2\" content=\"Est. tempo de leitura\" \/>\n\t<meta name=\"twitter:data2\" content=\"2 minutos\" \/>\n<script type=\"application\/ld+json\" class=\"yoast-schema-graph\">{\"@context\":\"https:\\\/\\\/schema.org\",\"@graph\":[{\"@type\":\"Article\",\"@id\":\"https:\\\/\\\/regiaonews.net.br\\\/2022\\\/2024\\\/02\\\/23\\\/automobilsmo-perde-wilsinho-fittipaldi\\\/#article\",\"isPartOf\":{\"@id\":\"https:\\\/\\\/regiaonews.net.br\\\/2022\\\/2024\\\/02\\\/23\\\/automobilsmo-perde-wilsinho-fittipaldi\\\/\"},\"author\":{\"name\":\"Roberto\",\"@id\":\"https:\\\/\\\/regiaonews.net.br\\\/2022\\\/#\\\/schema\\\/person\\\/2d205a608a5aa97ac279d7a5e6d89ad8\"},\"headline\":\"Automobilsmo perde Wilsinho Fittipaldi\",\"datePublished\":\"2024-02-23T17:24:35+00:00\",\"dateModified\":\"2024-02-23T17:27:15+00:00\",\"mainEntityOfPage\":{\"@id\":\"https:\\\/\\\/regiaonews.net.br\\\/2022\\\/2024\\\/02\\\/23\\\/automobilsmo-perde-wilsinho-fittipaldi\\\/\"},\"wordCount\":181,\"commentCount\":0,\"publisher\":{\"@id\":\"https:\\\/\\\/regiaonews.net.br\\\/2022\\\/#organization\"},\"image\":{\"@id\":\"https:\\\/\\\/regiaonews.net.br\\\/2022\\\/2024\\\/02\\\/23\\\/automobilsmo-perde-wilsinho-fittipaldi\\\/#primaryimage\"},\"thumbnailUrl\":\"https:\\\/\\\/regiaonews.net.br\\\/2022\\\/wp-content\\\/uploads\\\/2024\\\/02\\\/noticia_fvee_2017_09_15a_shopping_iguatemi_ribeirao_preto_recebe_exposicao_da_formula_vee_com_presenca_wilson_fittipaldi_01.webp\",\"keywords\":[\"Formula 1\",\"Morte\",\"Wilsinho Fittipaldi\"],\"articleSection\":[\"Esporte\",\"S\u00e3o Paulo\"],\"inLanguage\":\"pt-BR\",\"potentialAction\":[{\"@type\":\"CommentAction\",\"name\":\"Comment\",\"target\":[\"https:\\\/\\\/regiaonews.net.br\\\/2022\\\/2024\\\/02\\\/23\\\/automobilsmo-perde-wilsinho-fittipaldi\\\/#respond\"]}]},{\"@type\":\"WebPage\",\"@id\":\"https:\\\/\\\/regiaonews.net.br\\\/2022\\\/2024\\\/02\\\/23\\\/automobilsmo-perde-wilsinho-fittipaldi\\\/\",\"url\":\"https:\\\/\\\/regiaonews.net.br\\\/2022\\\/2024\\\/02\\\/23\\\/automobilsmo-perde-wilsinho-fittipaldi\\\/\",\"name\":\"Automobilsmo perde Wilsinho Fittipaldi - Regi\u00e3o News\",\"isPartOf\":{\"@id\":\"https:\\\/\\\/regiaonews.net.br\\\/2022\\\/#website\"},\"primaryImageOfPage\":{\"@id\":\"https:\\\/\\\/regiaonews.net.br\\\/2022\\\/2024\\\/02\\\/23\\\/automobilsmo-perde-wilsinho-fittipaldi\\\/#primaryimage\"},\"image\":{\"@id\":\"https:\\\/\\\/regiaonews.net.br\\\/2022\\\/2024\\\/02\\\/23\\\/automobilsmo-perde-wilsinho-fittipaldi\\\/#primaryimage\"},\"thumbnailUrl\":\"https:\\\/\\\/regiaonews.net.br\\\/2022\\\/wp-content\\\/uploads\\\/2024\\\/02\\\/noticia_fvee_2017_09_15a_shopping_iguatemi_ribeirao_preto_recebe_exposicao_da_formula_vee_com_presenca_wilson_fittipaldi_01.webp\",\"datePublished\":\"2024-02-23T17:24:35+00:00\",\"dateModified\":\"2024-02-23T17:27:15+00:00\",\"breadcrumb\":{\"@id\":\"https:\\\/\\\/regiaonews.net.br\\\/2022\\\/2024\\\/02\\\/23\\\/automobilsmo-perde-wilsinho-fittipaldi\\\/#breadcrumb\"},\"inLanguage\":\"pt-BR\",\"potentialAction\":[{\"@type\":\"ReadAction\",\"target\":[\"https:\\\/\\\/regiaonews.net.br\\\/2022\\\/2024\\\/02\\\/23\\\/automobilsmo-perde-wilsinho-fittipaldi\\\/\"]}]},{\"@type\":\"ImageObject\",\"inLanguage\":\"pt-BR\",\"@id\":\"https:\\\/\\\/regiaonews.net.br\\\/2022\\\/2024\\\/02\\\/23\\\/automobilsmo-perde-wilsinho-fittipaldi\\\/#primaryimage\",\"url\":\"https:\\\/\\\/regiaonews.net.br\\\/2022\\\/wp-content\\\/uploads\\\/2024\\\/02\\\/noticia_fvee_2017_09_15a_shopping_iguatemi_ribeirao_preto_recebe_exposicao_da_formula_vee_com_presenca_wilson_fittipaldi_01.webp\",\"contentUrl\":\"https:\\\/\\\/regiaonews.net.br\\\/2022\\\/wp-content\\\/uploads\\\/2024\\\/02\\\/noticia_fvee_2017_09_15a_shopping_iguatemi_ribeirao_preto_recebe_exposicao_da_formula_vee_com_presenca_wilson_fittipaldi_01.webp\",\"width\":1170,\"height\":700},{\"@type\":\"BreadcrumbList\",\"@id\":\"https:\\\/\\\/regiaonews.net.br\\\/2022\\\/2024\\\/02\\\/23\\\/automobilsmo-perde-wilsinho-fittipaldi\\\/#breadcrumb\",\"itemListElement\":[{\"@type\":\"ListItem\",\"position\":1,\"name\":\"In\u00edcio\",\"item\":\"https:\\\/\\\/regiaonews.net.br\\\/2022\\\/\"},{\"@type\":\"ListItem\",\"position\":2,\"name\":\"Automobilsmo perde Wilsinho Fittipaldi\"}]},{\"@type\":\"WebSite\",\"@id\":\"https:\\\/\\\/regiaonews.net.br\\\/2022\\\/#website\",\"url\":\"https:\\\/\\\/regiaonews.net.br\\\/2022\\\/\",\"name\":\"Regi\u00e3o News\",\"description\":\"Site de Not\u00edcias de Barretos e regi\u00e3o\",\"publisher\":{\"@id\":\"https:\\\/\\\/regiaonews.net.br\\\/2022\\\/#organization\"},\"potentialAction\":[{\"@type\":\"SearchAction\",\"target\":{\"@type\":\"EntryPoint\",\"urlTemplate\":\"https:\\\/\\\/regiaonews.net.br\\\/2022\\\/?s={search_term_string}\"},\"query-input\":{\"@type\":\"PropertyValueSpecification\",\"valueRequired\":true,\"valueName\":\"search_term_string\"}}],\"inLanguage\":\"pt-BR\"},{\"@type\":\"Organization\",\"@id\":\"https:\\\/\\\/regiaonews.net.br\\\/2022\\\/#organization\",\"name\":\"Regi\u00e3o News\",\"url\":\"https:\\\/\\\/regiaonews.net.br\\\/2022\\\/\",\"logo\":{\"@type\":\"ImageObject\",\"inLanguage\":\"pt-BR\",\"@id\":\"https:\\\/\\\/regiaonews.net.br\\\/2022\\\/#\\\/schema\\\/logo\\\/image\\\/\",\"url\":\"https:\\\/\\\/regiaonews.net.br\\\/2022\\\/wp-content\\\/uploads\\\/2026\\\/03\\\/regiao-13-anos-scaled.jpg\",\"contentUrl\":\"https:\\\/\\\/regiaonews.net.br\\\/2022\\\/wp-content\\\/uploads\\\/2026\\\/03\\\/regiao-13-anos-scaled.jpg\",\"width\":2560,\"height\":635,\"caption\":\"Regi\u00e3o News\"},\"image\":{\"@id\":\"https:\\\/\\\/regiaonews.net.br\\\/2022\\\/#\\\/schema\\\/logo\\\/image\\\/\"}},{\"@type\":\"Person\",\"@id\":\"https:\\\/\\\/regiaonews.net.br\\\/2022\\\/#\\\/schema\\\/person\\\/2d205a608a5aa97ac279d7a5e6d89ad8\",\"name\":\"Roberto\",\"image\":{\"@type\":\"ImageObject\",\"inLanguage\":\"pt-BR\",\"@id\":\"https:\\\/\\\/secure.gravatar.com\\\/avatar\\\/42749d8b712ff9d59ca93dc150494e5b55a44134482993f5baeb97e61b7ecc89?s=96&d=mm&r=g\",\"url\":\"https:\\\/\\\/secure.gravatar.com\\\/avatar\\\/42749d8b712ff9d59ca93dc150494e5b55a44134482993f5baeb97e61b7ecc89?s=96&d=mm&r=g\",\"contentUrl\":\"https:\\\/\\\/secure.gravatar.com\\\/avatar\\\/42749d8b712ff9d59ca93dc150494e5b55a44134482993f5baeb97e61b7ecc89?s=96&d=mm&r=g\",\"caption\":\"Roberto\"},\"url\":\"https:\\\/\\\/regiaonews.net.br\\\/2022\\\/author\\\/roberto\\\/\"}]}<\/script>\n<!-- \/ Yoast SEO plugin. -->","yoast_head_json":{"title":"Automobilsmo perde Wilsinho Fittipaldi - Regi\u00e3o News","robots":{"index":"index","follow":"follow","max-snippet":"max-snippet:-1","max-image-preview":"max-image-preview:large","max-video-preview":"max-video-preview:-1"},"canonical":"https:\/\/regiaonews.net.br\/2022\/2024\/02\/23\/automobilsmo-perde-wilsinho-fittipaldi\/","og_locale":"pt_BR","og_type":"article","og_title":"Automobilsmo perde Wilsinho Fittipaldi - Regi\u00e3o News","og_description":"Foto &#8211; Fernando Santos \u00cdcone do automobilismo brasileiro, Wilson Fittipaldi","og_url":"https:\/\/regiaonews.net.br\/2022\/2024\/02\/23\/automobilsmo-perde-wilsinho-fittipaldi\/","og_site_name":"Regi\u00e3o News","article_published_time":"2024-02-23T17:24:35+00:00","article_modified_time":"2024-02-23T17:27:15+00:00","og_image":[{"width":1170,"height":700,"url":"https:\/\/regiaonews.net.br\/2022\/wp-content\/uploads\/2024\/02\/noticia_fvee_2017_09_15a_shopping_iguatemi_ribeirao_preto_recebe_exposicao_da_formula_vee_com_presenca_wilson_fittipaldi_01.webp","type":"image\/webp"}],"author":"Roberto","twitter_card":"summary_large_image","twitter_misc":{"Escrito por":"Roberto","Est. tempo de leitura":"2 minutos"},"schema":{"@context":"https:\/\/schema.org","@graph":[{"@type":"Article","@id":"https:\/\/regiaonews.net.br\/2022\/2024\/02\/23\/automobilsmo-perde-wilsinho-fittipaldi\/#article","isPartOf":{"@id":"https:\/\/regiaonews.net.br\/2022\/2024\/02\/23\/automobilsmo-perde-wilsinho-fittipaldi\/"},"author":{"name":"Roberto","@id":"https:\/\/regiaonews.net.br\/2022\/#\/schema\/person\/2d205a608a5aa97ac279d7a5e6d89ad8"},"headline":"Automobilsmo perde Wilsinho Fittipaldi","datePublished":"2024-02-23T17:24:35+00:00","dateModified":"2024-02-23T17:27:15+00:00","mainEntityOfPage":{"@id":"https:\/\/regiaonews.net.br\/2022\/2024\/02\/23\/automobilsmo-perde-wilsinho-fittipaldi\/"},"wordCount":181,"commentCount":0,"publisher":{"@id":"https:\/\/regiaonews.net.br\/2022\/#organization"},"image":{"@id":"https:\/\/regiaonews.net.br\/2022\/2024\/02\/23\/automobilsmo-perde-wilsinho-fittipaldi\/#primaryimage"},"thumbnailUrl":"https:\/\/regiaonews.net.br\/2022\/wp-content\/uploads\/2024\/02\/noticia_fvee_2017_09_15a_shopping_iguatemi_ribeirao_preto_recebe_exposicao_da_formula_vee_com_presenca_wilson_fittipaldi_01.webp","keywords":["Formula 1","Morte","Wilsinho Fittipaldi"],"articleSection":["Esporte","S\u00e3o Paulo"],"inLanguage":"pt-BR","potentialAction":[{"@type":"CommentAction","name":"Comment","target":["https:\/\/regiaonews.net.br\/2022\/2024\/02\/23\/automobilsmo-perde-wilsinho-fittipaldi\/#respond"]}]},{"@type":"WebPage","@id":"https:\/\/regiaonews.net.br\/2022\/2024\/02\/23\/automobilsmo-perde-wilsinho-fittipaldi\/","url":"https:\/\/regiaonews.net.br\/2022\/2024\/02\/23\/automobilsmo-perde-wilsinho-fittipaldi\/","name":"Automobilsmo perde Wilsinho Fittipaldi - Regi\u00e3o News","isPartOf":{"@id":"https:\/\/regiaonews.net.br\/2022\/#website"},"primaryImageOfPage":{"@id":"https:\/\/regiaonews.net.br\/2022\/2024\/02\/23\/automobilsmo-perde-wilsinho-fittipaldi\/#primaryimage"},"image":{"@id":"https:\/\/regiaonews.net.br\/2022\/2024\/02\/23\/automobilsmo-perde-wilsinho-fittipaldi\/#primaryimage"},"thumbnailUrl":"https:\/\/regiaonews.net.br\/2022\/wp-content\/uploads\/2024\/02\/noticia_fvee_2017_09_15a_shopping_iguatemi_ribeirao_preto_recebe_exposicao_da_formula_vee_com_presenca_wilson_fittipaldi_01.webp","datePublished":"2024-02-23T17:24:35+00:00","dateModified":"2024-02-23T17:27:15+00:00","breadcrumb":{"@id":"https:\/\/regiaonews.net.br\/2022\/2024\/02\/23\/automobilsmo-perde-wilsinho-fittipaldi\/#breadcrumb"},"inLanguage":"pt-BR","potentialAction":[{"@type":"ReadAction","target":["https:\/\/regiaonews.net.br\/2022\/2024\/02\/23\/automobilsmo-perde-wilsinho-fittipaldi\/"]}]},{"@type":"ImageObject","inLanguage":"pt-BR","@id":"https:\/\/regiaonews.net.br\/2022\/2024\/02\/23\/automobilsmo-perde-wilsinho-fittipaldi\/#primaryimage","url":"https:\/\/regiaonews.net.br\/2022\/wp-content\/uploads\/2024\/02\/noticia_fvee_2017_09_15a_shopping_iguatemi_ribeirao_preto_recebe_exposicao_da_formula_vee_com_presenca_wilson_fittipaldi_01.webp","contentUrl":"https:\/\/regiaonews.net.br\/2022\/wp-content\/uploads\/2024\/02\/noticia_fvee_2017_09_15a_shopping_iguatemi_ribeirao_preto_recebe_exposicao_da_formula_vee_com_presenca_wilson_fittipaldi_01.webp","width":1170,"height":700},{"@type":"BreadcrumbList","@id":"https:\/\/regiaonews.net.br\/2022\/2024\/02\/23\/automobilsmo-perde-wilsinho-fittipaldi\/#breadcrumb","itemListElement":[{"@type":"ListItem","position":1,"name":"In\u00edcio","item":"https:\/\/regiaonews.net.br\/2022\/"},{"@type":"ListItem","position":2,"name":"Automobilsmo perde Wilsinho Fittipaldi"}]},{"@type":"WebSite","@id":"https:\/\/regiaonews.net.br\/2022\/#website","url":"https:\/\/regiaonews.net.br\/2022\/","name":"Regi\u00e3o News","description":"Site de Not\u00edcias de Barretos e regi\u00e3o","publisher":{"@id":"https:\/\/regiaonews.net.br\/2022\/#organization"},"potentialAction":[{"@type":"SearchAction","target":{"@type":"EntryPoint","urlTemplate":"https:\/\/regiaonews.net.br\/2022\/?s={search_term_string}"},"query-input":{"@type":"PropertyValueSpecification","valueRequired":true,"valueName":"search_term_string"}}],"inLanguage":"pt-BR"},{"@type":"Organization","@id":"https:\/\/regiaonews.net.br\/2022\/#organization","name":"Regi\u00e3o News","url":"https:\/\/regiaonews.net.br\/2022\/","logo":{"@type":"ImageObject","inLanguage":"pt-BR","@id":"https:\/\/regiaonews.net.br\/2022\/#\/schema\/logo\/image\/","url":"https:\/\/regiaonews.net.br\/2022\/wp-content\/uploads\/2026\/03\/regiao-13-anos-scaled.jpg","contentUrl":"https:\/\/regiaonews.net.br\/2022\/wp-content\/uploads\/2026\/03\/regiao-13-anos-scaled.jpg","width":2560,"height":635,"caption":"Regi\u00e3o News"},"image":{"@id":"https:\/\/regiaonews.net.br\/2022\/#\/schema\/logo\/image\/"}},{"@type":"Person","@id":"https:\/\/regiaonews.net.br\/2022\/#\/schema\/person\/2d205a608a5aa97ac279d7a5e6d89ad8","name":"Roberto","image":{"@type":"ImageObject","inLanguage":"pt-BR","@id":"https:\/\/secure.gravatar.com\/avatar\/42749d8b712ff9d59ca93dc150494e5b55a44134482993f5baeb97e61b7ecc89?s=96&d=mm&r=g","url":"https:\/\/secure.gravatar.com\/avatar\/42749d8b712ff9d59ca93dc150494e5b55a44134482993f5baeb97e61b7ecc89?s=96&d=mm&r=g","contentUrl":"https:\/\/secure.gravatar.com\/avatar\/42749d8b712ff9d59ca93dc150494e5b55a44134482993f5baeb97e61b7ecc89?s=96&d=mm&r=g","caption":"Roberto"},"url":"https:\/\/regiaonews.net.br\/2022\/author\/roberto\/"}]}},"publishpress_future_action":{"enabled":false,"date":"2026-05-03 04:35:32","action":"change-status","newStatus":"draft","terms":[],"taxonomy":"category","extraData":[]},"publishpress_future_workflow_manual_trigger":{"enabledWorkflows":[]},"_links":{"self":[{"href":"https:\/\/regiaonews.net.br\/2022\/wp-json\/wp\/v2\/posts\/101642","targetHints":{"allow":["GET"]}}],"collection":[{"href":"https:\/\/regiaonews.net.br\/2022\/wp-json\/wp\/v2\/posts"}],"about":[{"href":"https:\/\/regiaonews.net.br\/2022\/wp-json\/wp\/v2\/types\/post"}],"author":[{"embeddable":true,"href":"https:\/\/regiaonews.net.br\/2022\/wp-json\/wp\/v2\/users\/2"}],"replies":[{"embeddable":true,"href":"https:\/\/regiaonews.net.br\/2022\/wp-json\/wp\/v2\/comments?post=101642"}],"version-history":[{"count":2,"href":"https:\/\/regiaonews.net.br\/2022\/wp-json\/wp\/v2\/posts\/101642\/revisions"}],"predecessor-version":[{"id":101645,"href":"https:\/\/regiaonews.net.br\/2022\/wp-json\/wp\/v2\/posts\/101642\/revisions\/101645"}],"wp:featuredmedia":[{"embeddable":true,"href":"https:\/\/regiaonews.net.br\/2022\/wp-json\/wp\/v2\/media\/101643"}],"wp:attachment":[{"href":"https:\/\/regiaonews.net.br\/2022\/wp-json\/wp\/v2\/media?parent=101642"}],"wp:term":[{"taxonomy":"category","embeddable":true,"href":"https:\/\/regiaonews.net.br\/2022\/wp-json\/wp\/v2\/categories?post=101642"},{"taxonomy":"post_tag","embeddable":true,"href":"https:\/\/regiaonews.net.br\/2022\/wp-json\/wp\/v2\/tags?post=101642"}],"curies":[{"name":"wp","href":"https:\/\/api.w.org\/{rel}","templated":true}]}}