{"id":101609,"date":"2024-02-22T13:11:58","date_gmt":"2024-02-22T16:11:58","guid":{"rendered":"https:\/\/regiaonews.net.br\/2022\/?p=101609"},"modified":"2024-02-22T13:11:58","modified_gmt":"2024-02-22T16:11:58","slug":"unifeb-especializacoes-em-agronegocio-e-em-engenharia-de-manutencao-oferecem-cronograma-dinamico-e-focado-no-mercado-de-trabalho","status":"publish","type":"post","link":"https:\/\/regiaonews.net.br\/2022\/2024\/02\/22\/unifeb-especializacoes-em-agronegocio-e-em-engenharia-de-manutencao-oferecem-cronograma-dinamico-e-focado-no-mercado-de-trabalho\/","title":{"rendered":"UNIFEB: Especializa\u00e7\u00f5es em Agroneg\u00f3cio e em Engenharia de Manuten\u00e7\u00e3o oferecem cronograma din\u00e2mico e focado no mercado de trabalho"},"content":{"rendered":"<h3 style=\"text-align: center;\">Os dois cursos de p\u00f3s-gradua\u00e7\u00e3o t\u00eam conte\u00fado program\u00e1tico dividido em 12 meses, com aulas presenciais, realizadas quinzenais, aos s\u00e1bados<\/h3>\n<p>Na Especializa\u00e7\u00e3o em Agroneg\u00f3cio, o coordenador Prof. Esp. Victor Biaggi Evangelista, explica que a forma\u00e7\u00e3o permite que o profissional esteja atualizado num dos setores que mais cresce no Brasil e no mundo, al\u00e9m de se desenvolver na din\u00e2mica do mercado de commodities agr\u00edcola e pecu\u00e1ria. \u201cO mercado de trabalho exige atualiza\u00e7\u00e3o e conhecimento de quem quer se destacar. Estar por dentro das especificidades e tend\u00eancias do agroneg\u00f3cio garante o reconhecimento e relev\u00e2ncia necess\u00e1rios para uma carreira de sucesso. O curso trabalha compet\u00eancias nas \u00e1reas de negocia\u00e7\u00e3o, lideran\u00e7a, vis\u00e3o sist\u00eamica, pensamento anal\u00edtico e inovador, resolu\u00e7\u00e3o de problemas, adapta\u00e7\u00e3o e flexibilidade, fundamenta\u00e7\u00e3o para tomada de decis\u00f5es, an\u00e1lise de dados, resili\u00eancia, entre outros\u201d, destacou.<\/p>\n<p>Ainda segundo o coordenador, com essa especializa\u00e7\u00e3o, o profissional poder\u00e1 identificar oportunidades nos principais sistemas agroindustriais; analisar indicadores de rentabilidade; aplicar conceitos de sustentabilidade e gest\u00e3o ambiental; conhecer a tributa\u00e7\u00e3o e o direito no agroneg\u00f3cio; conhecer o com\u00e9rcio internacional e a din\u00e2mica dos mercados agroindustriais; identificar oportunidades nos setores de insumos e de servi\u00e7os no agroneg\u00f3cio; e definir estrat\u00e9gias de sucess\u00e3o e de governan\u00e7a. \u201cO curso \u00e9 voltado para profissionais e\/ou empreendedores que desejam ingressar no setor ou aprofundar conhecimentos em agroneg\u00f3cio, atuando nas \u00e1reas: comercial e de vendas, financiamento, marketing, comunica\u00e7\u00e3o, agricultura digital, intelig\u00eancia de mercado, log\u00edstica, projetos de investimentos, com\u00e9rcio internacional, rela\u00e7\u00f5es internacionais e pol\u00edticas agr\u00edcolas entre outras\u201d, enfatizou.<\/p>\n<p>J\u00e1 a Especializa\u00e7\u00e3o em Engenharia de Manuten\u00e7\u00e3o do UNIFEB visa \u00e0 forma\u00e7\u00e3o e desenvolvimento de habilidades e compet\u00eancias relacionadas \u00e0 gest\u00e3o da manuten\u00e7\u00e3o em todos os sistemas e processos industriais. O coordenador do curso, Prof. Esp. Rog\u00e9rio Dezem Silva, explica que as disciplinas fortalecem os conhecimentos te\u00f3ricos aplicados na pr\u00e1tica atrav\u00e9s das ferramentas mais utilizadas na regi\u00e3o para solu\u00e7\u00f5es de problemas de manuten\u00e7\u00e3o, al\u00e9m de trazer novas perspectivas aos desafios emergentes na \u00e1rea da engenharia que se apresentam no mundo em constante mudan\u00e7a. \u201cCom a experi\u00eancia de 60 anos na forma\u00e7\u00e3o de profissionais na \u00e1rea da engenharia, o UNIFEB conta com espa\u00e7os laboratoriais para aplica\u00e7\u00e3o pr\u00e1tica efetiva dos conceitos relacionados ao curso permitindo que o profissional tenha a bagagem necess\u00e1ria para atuar nas mais diversas \u00e1reas ligadas \u00e0 manuten\u00e7\u00e3o\u201d, disse.<\/p>\n<p>O curso tem como p\u00fablico-alvo empres\u00e1rios, executivos, engenheiros, tecn\u00f3logos e outros profissionais de n\u00edvel superior interessados em aprofundar seus conhecimentos nessa \u00e1rea. \u201cCom a alta demanda de profissionais na regi\u00e3o, o Especialista em Engenharia de Manuten\u00e7\u00e3o estar\u00e1 apto a elaborar e executar projetos de manuten\u00e7\u00e3o preventiva e corretiva, avaliar o desempenho de equipamentos e identificar necessidades de trocas de pe\u00e7as\u201d, ressaltou Dezem.<\/p>\n<p>Ambos os cursos t\u00eam o conte\u00fado program\u00e1tico dividido em 12 meses, com aulas presenciais, realizadas quinzenais, aos s\u00e1bados. A carga hor\u00e1ria total \u00e9 de 360 horas e as aulas come\u00e7am no pr\u00f3ximo m\u00eas de abril.<\/p>\n<p>As inscri\u00e7\u00f5es seguem at\u00e9 o final de mar\u00e7o e devem ser feitas pelo site www.unifeb.edu.br\/posgrad, onde \u00e9 poss\u00edvel conhecer um pouco mais sobre\u00a0cada\u00a0curso.<\/p>\n","protected":false},"excerpt":{"rendered":"<p>Os dois cursos de p\u00f3s-gradua\u00e7\u00e3o t\u00eam conte\u00fado program\u00e1tico dividido em<\/p>\n","protected":false},"author":2,"featured_media":101610,"comment_status":"open","ping_status":"open","sticky":false,"template":"","format":"standard","meta":{"footnotes":""},"categories":[14,3],"tags":[],"class_list":["post-101609","post","type-post","status-publish","format-standard","has-post-thumbnail","hentry","category-barretos","category-geral"],"yoast_head":"<!-- This site is optimized with the Yoast SEO plugin v27.4 - https:\/\/yoast.com\/product\/yoast-seo-wordpress\/ -->\n<title>UNIFEB: Especializa\u00e7\u00f5es em Agroneg\u00f3cio e em Engenharia de Manuten\u00e7\u00e3o oferecem cronograma din\u00e2mico e focado no mercado de trabalho - Regi\u00e3o News<\/title>\n<meta name=\"robots\" content=\"index, follow, max-snippet:-1, max-image-preview:large, max-video-preview:-1\" \/>\n<link rel=\"canonical\" href=\"https:\/\/regiaonews.net.br\/2022\/2024\/02\/22\/unifeb-especializacoes-em-agronegocio-e-em-engenharia-de-manutencao-oferecem-cronograma-dinamico-e-focado-no-mercado-de-trabalho\/\" \/>\n<meta property=\"og:locale\" content=\"pt_BR\" \/>\n<meta property=\"og:type\" content=\"article\" \/>\n<meta property=\"og:title\" content=\"UNIFEB: Especializa\u00e7\u00f5es em Agroneg\u00f3cio e em Engenharia de Manuten\u00e7\u00e3o oferecem cronograma din\u00e2mico e focado no mercado de trabalho - Regi\u00e3o News\" \/>\n<meta property=\"og:description\" content=\"Os dois cursos de p\u00f3s-gradua\u00e7\u00e3o t\u00eam conte\u00fado program\u00e1tico dividido em\" \/>\n<meta property=\"og:url\" content=\"https:\/\/regiaonews.net.br\/2022\/2024\/02\/22\/unifeb-especializacoes-em-agronegocio-e-em-engenharia-de-manutencao-oferecem-cronograma-dinamico-e-focado-no-mercado-de-trabalho\/\" \/>\n<meta property=\"og:site_name\" content=\"Regi\u00e3o News\" \/>\n<meta property=\"article:published_time\" content=\"2024-02-22T16:11:58+00:00\" \/>\n<meta property=\"og:image\" content=\"https:\/\/regiaonews.net.br\/2022\/wp-content\/uploads\/2024\/02\/Imagem-do-WhatsApp-de-2024-02-22-as-11.54.51_2e64667c.jpg\" \/>\n\t<meta property=\"og:image:width\" content=\"800\" \/>\n\t<meta property=\"og:image:height\" content=\"600\" \/>\n\t<meta property=\"og:image:type\" content=\"image\/jpeg\" \/>\n<meta name=\"author\" content=\"Roberto\" \/>\n<meta name=\"twitter:card\" content=\"summary_large_image\" \/>\n<meta name=\"twitter:label1\" content=\"Escrito por\" \/>\n\t<meta name=\"twitter:data1\" content=\"Roberto\" \/>\n\t<meta name=\"twitter:label2\" content=\"Est. tempo de leitura\" \/>\n\t<meta name=\"twitter:data2\" content=\"3 minutos\" \/>\n<script type=\"application\/ld+json\" class=\"yoast-schema-graph\">{\"@context\":\"https:\\\/\\\/schema.org\",\"@graph\":[{\"@type\":\"Article\",\"@id\":\"https:\\\/\\\/regiaonews.net.br\\\/2022\\\/2024\\\/02\\\/22\\\/unifeb-especializacoes-em-agronegocio-e-em-engenharia-de-manutencao-oferecem-cronograma-dinamico-e-focado-no-mercado-de-trabalho\\\/#article\",\"isPartOf\":{\"@id\":\"https:\\\/\\\/regiaonews.net.br\\\/2022\\\/2024\\\/02\\\/22\\\/unifeb-especializacoes-em-agronegocio-e-em-engenharia-de-manutencao-oferecem-cronograma-dinamico-e-focado-no-mercado-de-trabalho\\\/\"},\"author\":{\"name\":\"Roberto\",\"@id\":\"https:\\\/\\\/regiaonews.net.br\\\/2022\\\/#\\\/schema\\\/person\\\/2d205a608a5aa97ac279d7a5e6d89ad8\"},\"headline\":\"UNIFEB: Especializa\u00e7\u00f5es em Agroneg\u00f3cio e em Engenharia de Manuten\u00e7\u00e3o oferecem cronograma din\u00e2mico e focado no mercado de trabalho\",\"datePublished\":\"2024-02-22T16:11:58+00:00\",\"mainEntityOfPage\":{\"@id\":\"https:\\\/\\\/regiaonews.net.br\\\/2022\\\/2024\\\/02\\\/22\\\/unifeb-especializacoes-em-agronegocio-e-em-engenharia-de-manutencao-oferecem-cronograma-dinamico-e-focado-no-mercado-de-trabalho\\\/\"},\"wordCount\":600,\"commentCount\":0,\"publisher\":{\"@id\":\"https:\\\/\\\/regiaonews.net.br\\\/2022\\\/#organization\"},\"image\":{\"@id\":\"https:\\\/\\\/regiaonews.net.br\\\/2022\\\/2024\\\/02\\\/22\\\/unifeb-especializacoes-em-agronegocio-e-em-engenharia-de-manutencao-oferecem-cronograma-dinamico-e-focado-no-mercado-de-trabalho\\\/#primaryimage\"},\"thumbnailUrl\":\"https:\\\/\\\/regiaonews.net.br\\\/2022\\\/wp-content\\\/uploads\\\/2024\\\/02\\\/Imagem-do-WhatsApp-de-2024-02-22-as-11.54.51_2e64667c.jpg\",\"articleSection\":[\"Barretos\",\"Geral\"],\"inLanguage\":\"pt-BR\",\"potentialAction\":[{\"@type\":\"CommentAction\",\"name\":\"Comment\",\"target\":[\"https:\\\/\\\/regiaonews.net.br\\\/2022\\\/2024\\\/02\\\/22\\\/unifeb-especializacoes-em-agronegocio-e-em-engenharia-de-manutencao-oferecem-cronograma-dinamico-e-focado-no-mercado-de-trabalho\\\/#respond\"]}]},{\"@type\":\"WebPage\",\"@id\":\"https:\\\/\\\/regiaonews.net.br\\\/2022\\\/2024\\\/02\\\/22\\\/unifeb-especializacoes-em-agronegocio-e-em-engenharia-de-manutencao-oferecem-cronograma-dinamico-e-focado-no-mercado-de-trabalho\\\/\",\"url\":\"https:\\\/\\\/regiaonews.net.br\\\/2022\\\/2024\\\/02\\\/22\\\/unifeb-especializacoes-em-agronegocio-e-em-engenharia-de-manutencao-oferecem-cronograma-dinamico-e-focado-no-mercado-de-trabalho\\\/\",\"name\":\"UNIFEB: Especializa\u00e7\u00f5es em Agroneg\u00f3cio e em Engenharia de Manuten\u00e7\u00e3o oferecem cronograma din\u00e2mico e focado no mercado de trabalho - Regi\u00e3o News\",\"isPartOf\":{\"@id\":\"https:\\\/\\\/regiaonews.net.br\\\/2022\\\/#website\"},\"primaryImageOfPage\":{\"@id\":\"https:\\\/\\\/regiaonews.net.br\\\/2022\\\/2024\\\/02\\\/22\\\/unifeb-especializacoes-em-agronegocio-e-em-engenharia-de-manutencao-oferecem-cronograma-dinamico-e-focado-no-mercado-de-trabalho\\\/#primaryimage\"},\"image\":{\"@id\":\"https:\\\/\\\/regiaonews.net.br\\\/2022\\\/2024\\\/02\\\/22\\\/unifeb-especializacoes-em-agronegocio-e-em-engenharia-de-manutencao-oferecem-cronograma-dinamico-e-focado-no-mercado-de-trabalho\\\/#primaryimage\"},\"thumbnailUrl\":\"https:\\\/\\\/regiaonews.net.br\\\/2022\\\/wp-content\\\/uploads\\\/2024\\\/02\\\/Imagem-do-WhatsApp-de-2024-02-22-as-11.54.51_2e64667c.jpg\",\"datePublished\":\"2024-02-22T16:11:58+00:00\",\"breadcrumb\":{\"@id\":\"https:\\\/\\\/regiaonews.net.br\\\/2022\\\/2024\\\/02\\\/22\\\/unifeb-especializacoes-em-agronegocio-e-em-engenharia-de-manutencao-oferecem-cronograma-dinamico-e-focado-no-mercado-de-trabalho\\\/#breadcrumb\"},\"inLanguage\":\"pt-BR\",\"potentialAction\":[{\"@type\":\"ReadAction\",\"target\":[\"https:\\\/\\\/regiaonews.net.br\\\/2022\\\/2024\\\/02\\\/22\\\/unifeb-especializacoes-em-agronegocio-e-em-engenharia-de-manutencao-oferecem-cronograma-dinamico-e-focado-no-mercado-de-trabalho\\\/\"]}]},{\"@type\":\"ImageObject\",\"inLanguage\":\"pt-BR\",\"@id\":\"https:\\\/\\\/regiaonews.net.br\\\/2022\\\/2024\\\/02\\\/22\\\/unifeb-especializacoes-em-agronegocio-e-em-engenharia-de-manutencao-oferecem-cronograma-dinamico-e-focado-no-mercado-de-trabalho\\\/#primaryimage\",\"url\":\"https:\\\/\\\/regiaonews.net.br\\\/2022\\\/wp-content\\\/uploads\\\/2024\\\/02\\\/Imagem-do-WhatsApp-de-2024-02-22-as-11.54.51_2e64667c.jpg\",\"contentUrl\":\"https:\\\/\\\/regiaonews.net.br\\\/2022\\\/wp-content\\\/uploads\\\/2024\\\/02\\\/Imagem-do-WhatsApp-de-2024-02-22-as-11.54.51_2e64667c.jpg\",\"width\":800,\"height\":600},{\"@type\":\"BreadcrumbList\",\"@id\":\"https:\\\/\\\/regiaonews.net.br\\\/2022\\\/2024\\\/02\\\/22\\\/unifeb-especializacoes-em-agronegocio-e-em-engenharia-de-manutencao-oferecem-cronograma-dinamico-e-focado-no-mercado-de-trabalho\\\/#breadcrumb\",\"itemListElement\":[{\"@type\":\"ListItem\",\"position\":1,\"name\":\"In\u00edcio\",\"item\":\"https:\\\/\\\/regiaonews.net.br\\\/2022\\\/\"},{\"@type\":\"ListItem\",\"position\":2,\"name\":\"UNIFEB: Especializa\u00e7\u00f5es em Agroneg\u00f3cio e em Engenharia de Manuten\u00e7\u00e3o oferecem cronograma din\u00e2mico e focado no mercado de trabalho\"}]},{\"@type\":\"WebSite\",\"@id\":\"https:\\\/\\\/regiaonews.net.br\\\/2022\\\/#website\",\"url\":\"https:\\\/\\\/regiaonews.net.br\\\/2022\\\/\",\"name\":\"Regi\u00e3o News\",\"description\":\"Site de Not\u00edcias de Barretos e regi\u00e3o\",\"publisher\":{\"@id\":\"https:\\\/\\\/regiaonews.net.br\\\/2022\\\/#organization\"},\"potentialAction\":[{\"@type\":\"SearchAction\",\"target\":{\"@type\":\"EntryPoint\",\"urlTemplate\":\"https:\\\/\\\/regiaonews.net.br\\\/2022\\\/?s={search_term_string}\"},\"query-input\":{\"@type\":\"PropertyValueSpecification\",\"valueRequired\":true,\"valueName\":\"search_term_string\"}}],\"inLanguage\":\"pt-BR\"},{\"@type\":\"Organization\",\"@id\":\"https:\\\/\\\/regiaonews.net.br\\\/2022\\\/#organization\",\"name\":\"Regi\u00e3o News\",\"url\":\"https:\\\/\\\/regiaonews.net.br\\\/2022\\\/\",\"logo\":{\"@type\":\"ImageObject\",\"inLanguage\":\"pt-BR\",\"@id\":\"https:\\\/\\\/regiaonews.net.br\\\/2022\\\/#\\\/schema\\\/logo\\\/image\\\/\",\"url\":\"https:\\\/\\\/regiaonews.net.br\\\/2022\\\/wp-content\\\/uploads\\\/2026\\\/03\\\/regiao-13-anos-scaled.jpg\",\"contentUrl\":\"https:\\\/\\\/regiaonews.net.br\\\/2022\\\/wp-content\\\/uploads\\\/2026\\\/03\\\/regiao-13-anos-scaled.jpg\",\"width\":2560,\"height\":635,\"caption\":\"Regi\u00e3o News\"},\"image\":{\"@id\":\"https:\\\/\\\/regiaonews.net.br\\\/2022\\\/#\\\/schema\\\/logo\\\/image\\\/\"}},{\"@type\":\"Person\",\"@id\":\"https:\\\/\\\/regiaonews.net.br\\\/2022\\\/#\\\/schema\\\/person\\\/2d205a608a5aa97ac279d7a5e6d89ad8\",\"name\":\"Roberto\",\"image\":{\"@type\":\"ImageObject\",\"inLanguage\":\"pt-BR\",\"@id\":\"https:\\\/\\\/secure.gravatar.com\\\/avatar\\\/42749d8b712ff9d59ca93dc150494e5b55a44134482993f5baeb97e61b7ecc89?s=96&d=mm&r=g\",\"url\":\"https:\\\/\\\/secure.gravatar.com\\\/avatar\\\/42749d8b712ff9d59ca93dc150494e5b55a44134482993f5baeb97e61b7ecc89?s=96&d=mm&r=g\",\"contentUrl\":\"https:\\\/\\\/secure.gravatar.com\\\/avatar\\\/42749d8b712ff9d59ca93dc150494e5b55a44134482993f5baeb97e61b7ecc89?s=96&d=mm&r=g\",\"caption\":\"Roberto\"},\"url\":\"https:\\\/\\\/regiaonews.net.br\\\/2022\\\/author\\\/roberto\\\/\"}]}<\/script>\n<!-- \/ Yoast SEO plugin. -->","yoast_head_json":{"title":"UNIFEB: Especializa\u00e7\u00f5es em Agroneg\u00f3cio e em Engenharia de Manuten\u00e7\u00e3o oferecem cronograma din\u00e2mico e focado no mercado de trabalho - Regi\u00e3o News","robots":{"index":"index","follow":"follow","max-snippet":"max-snippet:-1","max-image-preview":"max-image-preview:large","max-video-preview":"max-video-preview:-1"},"canonical":"https:\/\/regiaonews.net.br\/2022\/2024\/02\/22\/unifeb-especializacoes-em-agronegocio-e-em-engenharia-de-manutencao-oferecem-cronograma-dinamico-e-focado-no-mercado-de-trabalho\/","og_locale":"pt_BR","og_type":"article","og_title":"UNIFEB: Especializa\u00e7\u00f5es em Agroneg\u00f3cio e em Engenharia de Manuten\u00e7\u00e3o oferecem cronograma din\u00e2mico e focado no mercado de trabalho - Regi\u00e3o News","og_description":"Os dois cursos de p\u00f3s-gradua\u00e7\u00e3o t\u00eam conte\u00fado program\u00e1tico dividido em","og_url":"https:\/\/regiaonews.net.br\/2022\/2024\/02\/22\/unifeb-especializacoes-em-agronegocio-e-em-engenharia-de-manutencao-oferecem-cronograma-dinamico-e-focado-no-mercado-de-trabalho\/","og_site_name":"Regi\u00e3o News","article_published_time":"2024-02-22T16:11:58+00:00","og_image":[{"width":800,"height":600,"url":"https:\/\/regiaonews.net.br\/2022\/wp-content\/uploads\/2024\/02\/Imagem-do-WhatsApp-de-2024-02-22-as-11.54.51_2e64667c.jpg","type":"image\/jpeg"}],"author":"Roberto","twitter_card":"summary_large_image","twitter_misc":{"Escrito por":"Roberto","Est. tempo de leitura":"3 minutos"},"schema":{"@context":"https:\/\/schema.org","@graph":[{"@type":"Article","@id":"https:\/\/regiaonews.net.br\/2022\/2024\/02\/22\/unifeb-especializacoes-em-agronegocio-e-em-engenharia-de-manutencao-oferecem-cronograma-dinamico-e-focado-no-mercado-de-trabalho\/#article","isPartOf":{"@id":"https:\/\/regiaonews.net.br\/2022\/2024\/02\/22\/unifeb-especializacoes-em-agronegocio-e-em-engenharia-de-manutencao-oferecem-cronograma-dinamico-e-focado-no-mercado-de-trabalho\/"},"author":{"name":"Roberto","@id":"https:\/\/regiaonews.net.br\/2022\/#\/schema\/person\/2d205a608a5aa97ac279d7a5e6d89ad8"},"headline":"UNIFEB: Especializa\u00e7\u00f5es em Agroneg\u00f3cio e em Engenharia de Manuten\u00e7\u00e3o oferecem cronograma din\u00e2mico e focado no mercado de trabalho","datePublished":"2024-02-22T16:11:58+00:00","mainEntityOfPage":{"@id":"https:\/\/regiaonews.net.br\/2022\/2024\/02\/22\/unifeb-especializacoes-em-agronegocio-e-em-engenharia-de-manutencao-oferecem-cronograma-dinamico-e-focado-no-mercado-de-trabalho\/"},"wordCount":600,"commentCount":0,"publisher":{"@id":"https:\/\/regiaonews.net.br\/2022\/#organization"},"image":{"@id":"https:\/\/regiaonews.net.br\/2022\/2024\/02\/22\/unifeb-especializacoes-em-agronegocio-e-em-engenharia-de-manutencao-oferecem-cronograma-dinamico-e-focado-no-mercado-de-trabalho\/#primaryimage"},"thumbnailUrl":"https:\/\/regiaonews.net.br\/2022\/wp-content\/uploads\/2024\/02\/Imagem-do-WhatsApp-de-2024-02-22-as-11.54.51_2e64667c.jpg","articleSection":["Barretos","Geral"],"inLanguage":"pt-BR","potentialAction":[{"@type":"CommentAction","name":"Comment","target":["https:\/\/regiaonews.net.br\/2022\/2024\/02\/22\/unifeb-especializacoes-em-agronegocio-e-em-engenharia-de-manutencao-oferecem-cronograma-dinamico-e-focado-no-mercado-de-trabalho\/#respond"]}]},{"@type":"WebPage","@id":"https:\/\/regiaonews.net.br\/2022\/2024\/02\/22\/unifeb-especializacoes-em-agronegocio-e-em-engenharia-de-manutencao-oferecem-cronograma-dinamico-e-focado-no-mercado-de-trabalho\/","url":"https:\/\/regiaonews.net.br\/2022\/2024\/02\/22\/unifeb-especializacoes-em-agronegocio-e-em-engenharia-de-manutencao-oferecem-cronograma-dinamico-e-focado-no-mercado-de-trabalho\/","name":"UNIFEB: Especializa\u00e7\u00f5es em Agroneg\u00f3cio e em Engenharia de Manuten\u00e7\u00e3o oferecem cronograma din\u00e2mico e focado no mercado de trabalho - Regi\u00e3o News","isPartOf":{"@id":"https:\/\/regiaonews.net.br\/2022\/#website"},"primaryImageOfPage":{"@id":"https:\/\/regiaonews.net.br\/2022\/2024\/02\/22\/unifeb-especializacoes-em-agronegocio-e-em-engenharia-de-manutencao-oferecem-cronograma-dinamico-e-focado-no-mercado-de-trabalho\/#primaryimage"},"image":{"@id":"https:\/\/regiaonews.net.br\/2022\/2024\/02\/22\/unifeb-especializacoes-em-agronegocio-e-em-engenharia-de-manutencao-oferecem-cronograma-dinamico-e-focado-no-mercado-de-trabalho\/#primaryimage"},"thumbnailUrl":"https:\/\/regiaonews.net.br\/2022\/wp-content\/uploads\/2024\/02\/Imagem-do-WhatsApp-de-2024-02-22-as-11.54.51_2e64667c.jpg","datePublished":"2024-02-22T16:11:58+00:00","breadcrumb":{"@id":"https:\/\/regiaonews.net.br\/2022\/2024\/02\/22\/unifeb-especializacoes-em-agronegocio-e-em-engenharia-de-manutencao-oferecem-cronograma-dinamico-e-focado-no-mercado-de-trabalho\/#breadcrumb"},"inLanguage":"pt-BR","potentialAction":[{"@type":"ReadAction","target":["https:\/\/regiaonews.net.br\/2022\/2024\/02\/22\/unifeb-especializacoes-em-agronegocio-e-em-engenharia-de-manutencao-oferecem-cronograma-dinamico-e-focado-no-mercado-de-trabalho\/"]}]},{"@type":"ImageObject","inLanguage":"pt-BR","@id":"https:\/\/regiaonews.net.br\/2022\/2024\/02\/22\/unifeb-especializacoes-em-agronegocio-e-em-engenharia-de-manutencao-oferecem-cronograma-dinamico-e-focado-no-mercado-de-trabalho\/#primaryimage","url":"https:\/\/regiaonews.net.br\/2022\/wp-content\/uploads\/2024\/02\/Imagem-do-WhatsApp-de-2024-02-22-as-11.54.51_2e64667c.jpg","contentUrl":"https:\/\/regiaonews.net.br\/2022\/wp-content\/uploads\/2024\/02\/Imagem-do-WhatsApp-de-2024-02-22-as-11.54.51_2e64667c.jpg","width":800,"height":600},{"@type":"BreadcrumbList","@id":"https:\/\/regiaonews.net.br\/2022\/2024\/02\/22\/unifeb-especializacoes-em-agronegocio-e-em-engenharia-de-manutencao-oferecem-cronograma-dinamico-e-focado-no-mercado-de-trabalho\/#breadcrumb","itemListElement":[{"@type":"ListItem","position":1,"name":"In\u00edcio","item":"https:\/\/regiaonews.net.br\/2022\/"},{"@type":"ListItem","position":2,"name":"UNIFEB: Especializa\u00e7\u00f5es em Agroneg\u00f3cio e em Engenharia de Manuten\u00e7\u00e3o oferecem cronograma din\u00e2mico e focado no mercado de trabalho"}]},{"@type":"WebSite","@id":"https:\/\/regiaonews.net.br\/2022\/#website","url":"https:\/\/regiaonews.net.br\/2022\/","name":"Regi\u00e3o News","description":"Site de Not\u00edcias de Barretos e regi\u00e3o","publisher":{"@id":"https:\/\/regiaonews.net.br\/2022\/#organization"},"potentialAction":[{"@type":"SearchAction","target":{"@type":"EntryPoint","urlTemplate":"https:\/\/regiaonews.net.br\/2022\/?s={search_term_string}"},"query-input":{"@type":"PropertyValueSpecification","valueRequired":true,"valueName":"search_term_string"}}],"inLanguage":"pt-BR"},{"@type":"Organization","@id":"https:\/\/regiaonews.net.br\/2022\/#organization","name":"Regi\u00e3o News","url":"https:\/\/regiaonews.net.br\/2022\/","logo":{"@type":"ImageObject","inLanguage":"pt-BR","@id":"https:\/\/regiaonews.net.br\/2022\/#\/schema\/logo\/image\/","url":"https:\/\/regiaonews.net.br\/2022\/wp-content\/uploads\/2026\/03\/regiao-13-anos-scaled.jpg","contentUrl":"https:\/\/regiaonews.net.br\/2022\/wp-content\/uploads\/2026\/03\/regiao-13-anos-scaled.jpg","width":2560,"height":635,"caption":"Regi\u00e3o News"},"image":{"@id":"https:\/\/regiaonews.net.br\/2022\/#\/schema\/logo\/image\/"}},{"@type":"Person","@id":"https:\/\/regiaonews.net.br\/2022\/#\/schema\/person\/2d205a608a5aa97ac279d7a5e6d89ad8","name":"Roberto","image":{"@type":"ImageObject","inLanguage":"pt-BR","@id":"https:\/\/secure.gravatar.com\/avatar\/42749d8b712ff9d59ca93dc150494e5b55a44134482993f5baeb97e61b7ecc89?s=96&d=mm&r=g","url":"https:\/\/secure.gravatar.com\/avatar\/42749d8b712ff9d59ca93dc150494e5b55a44134482993f5baeb97e61b7ecc89?s=96&d=mm&r=g","contentUrl":"https:\/\/secure.gravatar.com\/avatar\/42749d8b712ff9d59ca93dc150494e5b55a44134482993f5baeb97e61b7ecc89?s=96&d=mm&r=g","caption":"Roberto"},"url":"https:\/\/regiaonews.net.br\/2022\/author\/roberto\/"}]}},"publishpress_future_action":{"enabled":false,"date":"2026-05-03 08:03:53","action":"change-status","newStatus":"draft","terms":[],"taxonomy":"category","extraData":[]},"publishpress_future_workflow_manual_trigger":{"enabledWorkflows":[]},"_links":{"self":[{"href":"https:\/\/regiaonews.net.br\/2022\/wp-json\/wp\/v2\/posts\/101609","targetHints":{"allow":["GET"]}}],"collection":[{"href":"https:\/\/regiaonews.net.br\/2022\/wp-json\/wp\/v2\/posts"}],"about":[{"href":"https:\/\/regiaonews.net.br\/2022\/wp-json\/wp\/v2\/types\/post"}],"author":[{"embeddable":true,"href":"https:\/\/regiaonews.net.br\/2022\/wp-json\/wp\/v2\/users\/2"}],"replies":[{"embeddable":true,"href":"https:\/\/regiaonews.net.br\/2022\/wp-json\/wp\/v2\/comments?post=101609"}],"version-history":[{"count":1,"href":"https:\/\/regiaonews.net.br\/2022\/wp-json\/wp\/v2\/posts\/101609\/revisions"}],"predecessor-version":[{"id":101611,"href":"https:\/\/regiaonews.net.br\/2022\/wp-json\/wp\/v2\/posts\/101609\/revisions\/101611"}],"wp:featuredmedia":[{"embeddable":true,"href":"https:\/\/regiaonews.net.br\/2022\/wp-json\/wp\/v2\/media\/101610"}],"wp:attachment":[{"href":"https:\/\/regiaonews.net.br\/2022\/wp-json\/wp\/v2\/media?parent=101609"}],"wp:term":[{"taxonomy":"category","embeddable":true,"href":"https:\/\/regiaonews.net.br\/2022\/wp-json\/wp\/v2\/categories?post=101609"},{"taxonomy":"post_tag","embeddable":true,"href":"https:\/\/regiaonews.net.br\/2022\/wp-json\/wp\/v2\/tags?post=101609"}],"curies":[{"name":"wp","href":"https:\/\/api.w.org\/{rel}","templated":true}]}}