{"id":101595,"date":"2024-02-22T12:03:58","date_gmt":"2024-02-22T15:03:58","guid":{"rendered":"https:\/\/regiaonews.net.br\/2022\/?p=101595"},"modified":"2024-02-22T12:03:58","modified_gmt":"2024-02-22T15:03:58","slug":"colina-folia-2024-realizado-pela-prefeitura-de-colina-foi-um-sucesso","status":"publish","type":"post","link":"https:\/\/regiaonews.net.br\/2022\/2024\/02\/22\/colina-folia-2024-realizado-pela-prefeitura-de-colina-foi-um-sucesso\/","title":{"rendered":"\u201cColina Folia 2024\u201d realizado pela Prefeitura de Colina foi um sucesso"},"content":{"rendered":"<header class=\"post-header\">\n<div data-grid=\"\">\n<p class=\"post-share noPrint\">\n<\/div>\n<\/header>\n<div class=\"post-image\"><img decoding=\"async\" src=\"https:\/\/ecrie.com.br\/sistema\/conteudos\/imagem\/m_62_0_1_20022024173416.jpg\" alt=\"Prefeitura realizou \u201cColina Folia 2024\u201d com sucesso, organiza\u00e7\u00e3o, alegria e seguran\u00e7a\" \/><\/div>\n<div class=\"post-content\">\n<article class=\"post-text\">A Prefeitura Municipal de Colina realizou o \u201cColina Folia 2024\u201d, proporcionando lazer, alegria e divers\u00e3o com total seguran\u00e7a e infraestrutura, para a fam\u00edlia colinense e visitantes de diversas cidades da regi\u00e3o.<\/p>\n<p>Foram quatro dias de festa, sendo quatro noites e duas matin\u00eas, no per\u00edodo de 10 a 13 de fevereiro. Centenas de pessoas participaram do carnaval popular de Colina, que aconteceu no Recinto Municipal.<\/p>\n<p>O evento proporcionou lazer e divers\u00e3o com total seguran\u00e7a para a popula\u00e7\u00e3o de Colina e visitantes de todas as idades; decora\u00e7\u00e3o tem\u00e1tica, espa\u00e7o coberto e pra\u00e7a de alimenta\u00e7\u00e3o. Os foli\u00f5es se divertiram a valer sob a anima\u00e7\u00e3o e da renomada Banda Reprise e das Djs chapeuzinho e Carla Rodrigues.<\/p>\n<p>Outro atrativo foi a \u201cFesta da espuma\u201d, que desde 2017, mant\u00e9m a anima\u00e7\u00e3o de todos. Duas m\u00e1quinas instaladas pr\u00f3ximas ao palco jogavam espuma nos foli\u00f5es. A brincadeira garantiu muita divers\u00e3o aos participantes, que tamb\u00e9m se refrescaram com a espuma. Al\u00e9m disso, a Prefeitura disponibilizou brinquedos infl\u00e1veis, gratuitamente, durante as duas matin\u00eas.<\/p>\n<p>A Secretaria Municipal da Sa\u00fade fez a distribui\u00e7\u00e3o de preservativos masculinos e femininos durante o carnaval. E os funcion\u00e1rios dos Departamentos Municipais da Receita e Vigil\u00e2ncia Sanit\u00e1ria trabalharam na inspe\u00e7\u00e3o do com\u00e9rcio ambulante de g\u00eaneros aliment\u00edcios, nas imedia\u00e7\u00f5es do Recinto Municipal, antes e durante a festa carnavalesca, visando garantir a qualidade dos produtos oferecidos aos foli\u00f5es e a estrutura adequada para as barracas de ambulantes.<\/p>\n<p>O Prefeito Municipal de Colina, Dieb Taha agradeceu a equipe da Prefeitura que contribuiu para organizar o carnaval da cidade e ressaltou que, sem esse grupo, n\u00e3o seria poss\u00edvel alcan\u00e7ar o sucesso que o Colina Folia obteve. \u201cFoi um carnaval de qualidade, com infraestrutura, muita alegria e, principalmente com a participa\u00e7\u00e3o de fam\u00edlias, que puderam se divertir com seguran\u00e7a. Al\u00e9m disso, fomentamos a gera\u00e7\u00e3o de emprego e renda atrav\u00e9s dos espa\u00e7os concedidos aos comerciantes locais, que puderam expor e comercializar seus produtos durante todos os dias do evento com total seguran\u00e7a\u201d.<\/p>\n<p>O \u201cColina Folia 2024\u201d foi uma realiza\u00e7\u00e3o da Prefeitura Municipal de Colina, com a organiza\u00e7\u00e3o da Secretaria Municipal de Esportes, Turismo e Lazer e da Secretaria Municipal de Educa\u00e7\u00e3o e Cultura, com o apoio das demais Secretarias e da C\u00e2mara Municipal.<\/p>\n<p><a href=\"https:\/\/regiaonews.net.br\/2022\/wp-content\/uploads\/2024\/02\/g_62_0_1_20022024173621.jpg\"><img loading=\"lazy\" decoding=\"async\" class=\"alignnone size-medium wp-image-101599\" src=\"https:\/\/regiaonews.net.br\/2022\/wp-content\/uploads\/2024\/02\/g_62_0_1_20022024173621-300x200.jpg\" alt=\"\" width=\"300\" height=\"200\" srcset=\"https:\/\/regiaonews.net.br\/2022\/wp-content\/uploads\/2024\/02\/g_62_0_1_20022024173621-300x200.jpg 300w, https:\/\/regiaonews.net.br\/2022\/wp-content\/uploads\/2024\/02\/g_62_0_1_20022024173621-1024x683.jpg 1024w, https:\/\/regiaonews.net.br\/2022\/wp-content\/uploads\/2024\/02\/g_62_0_1_20022024173621-768x512.jpg 768w, https:\/\/regiaonews.net.br\/2022\/wp-content\/uploads\/2024\/02\/g_62_0_1_20022024173621-1536x1024.jpg 1536w, https:\/\/regiaonews.net.br\/2022\/wp-content\/uploads\/2024\/02\/g_62_0_1_20022024173621-250x167.jpg 250w, https:\/\/regiaonews.net.br\/2022\/wp-content\/uploads\/2024\/02\/g_62_0_1_20022024173621-900x600.jpg 900w, https:\/\/regiaonews.net.br\/2022\/wp-content\/uploads\/2024\/02\/g_62_0_1_20022024173621.jpg 1920w\" sizes=\"auto, (max-width: 300px) 100vw, 300px\" \/><\/a><a href=\"https:\/\/regiaonews.net.br\/2022\/wp-content\/uploads\/2024\/02\/g_62_0_1_20022024173314.jpg\"><img loading=\"lazy\" decoding=\"async\" class=\"alignnone size-medium wp-image-101597\" src=\"https:\/\/regiaonews.net.br\/2022\/wp-content\/uploads\/2024\/02\/g_62_0_1_20022024173314-300x200.jpg\" alt=\"\" width=\"300\" height=\"200\" srcset=\"https:\/\/regiaonews.net.br\/2022\/wp-content\/uploads\/2024\/02\/g_62_0_1_20022024173314-300x200.jpg 300w, https:\/\/regiaonews.net.br\/2022\/wp-content\/uploads\/2024\/02\/g_62_0_1_20022024173314-1024x681.jpg 1024w, https:\/\/regiaonews.net.br\/2022\/wp-content\/uploads\/2024\/02\/g_62_0_1_20022024173314-768x511.jpg 768w, https:\/\/regiaonews.net.br\/2022\/wp-content\/uploads\/2024\/02\/g_62_0_1_20022024173314-1536x1022.jpg 1536w, https:\/\/regiaonews.net.br\/2022\/wp-content\/uploads\/2024\/02\/g_62_0_1_20022024173314-250x166.jpg 250w, https:\/\/regiaonews.net.br\/2022\/wp-content\/uploads\/2024\/02\/g_62_0_1_20022024173314-900x600.jpg 900w, https:\/\/regiaonews.net.br\/2022\/wp-content\/uploads\/2024\/02\/g_62_0_1_20022024173314.jpg 1920w\" sizes=\"auto, (max-width: 300px) 100vw, 300px\" \/><\/a><a href=\"https:\/\/regiaonews.net.br\/2022\/wp-content\/uploads\/2024\/02\/g_62_0_1_20022024172559.jpg\"><img loading=\"lazy\" decoding=\"async\" class=\"alignnone size-medium wp-image-101596\" src=\"https:\/\/regiaonews.net.br\/2022\/wp-content\/uploads\/2024\/02\/g_62_0_1_20022024172559-300x200.jpg\" alt=\"\" width=\"300\" height=\"200\" srcset=\"https:\/\/regiaonews.net.br\/2022\/wp-content\/uploads\/2024\/02\/g_62_0_1_20022024172559-300x200.jpg 300w, https:\/\/regiaonews.net.br\/2022\/wp-content\/uploads\/2024\/02\/g_62_0_1_20022024172559-1024x681.jpg 1024w, https:\/\/regiaonews.net.br\/2022\/wp-content\/uploads\/2024\/02\/g_62_0_1_20022024172559-768x511.jpg 768w, https:\/\/regiaonews.net.br\/2022\/wp-content\/uploads\/2024\/02\/g_62_0_1_20022024172559-1536x1022.jpg 1536w, https:\/\/regiaonews.net.br\/2022\/wp-content\/uploads\/2024\/02\/g_62_0_1_20022024172559-250x166.jpg 250w, https:\/\/regiaonews.net.br\/2022\/wp-content\/uploads\/2024\/02\/g_62_0_1_20022024172559-900x600.jpg 900w, https:\/\/regiaonews.net.br\/2022\/wp-content\/uploads\/2024\/02\/g_62_0_1_20022024172559.jpg 1920w\" sizes=\"auto, (max-width: 300px) 100vw, 300px\" \/><\/a><\/p>\n<\/article>\n<\/div>\n","protected":false},"excerpt":{"rendered":"<p>A Prefeitura Municipal de Colina realizou o \u201cColina Folia 2024\u201d,<\/p>\n","protected":false},"author":2,"featured_media":101598,"comment_status":"open","ping_status":"open","sticky":false,"template":"","format":"standard","meta":{"footnotes":""},"categories":[1],"tags":[],"class_list":["post-101595","post","type-post","status-publish","format-standard","has-post-thumbnail","hentry","category-indefinido"],"yoast_head":"<!-- This site is optimized with the Yoast SEO plugin v27.4 - https:\/\/yoast.com\/product\/yoast-seo-wordpress\/ -->\n<title>\u201cColina Folia 2024\u201d realizado pela Prefeitura de Colina foi um sucesso - Regi\u00e3o News<\/title>\n<meta name=\"robots\" content=\"index, follow, max-snippet:-1, max-image-preview:large, max-video-preview:-1\" \/>\n<link rel=\"canonical\" href=\"https:\/\/regiaonews.net.br\/2022\/2024\/02\/22\/colina-folia-2024-realizado-pela-prefeitura-de-colina-foi-um-sucesso\/\" \/>\n<meta property=\"og:locale\" content=\"pt_BR\" \/>\n<meta property=\"og:type\" content=\"article\" \/>\n<meta property=\"og:title\" content=\"\u201cColina Folia 2024\u201d realizado pela Prefeitura de Colina foi um sucesso - Regi\u00e3o News\" \/>\n<meta property=\"og:description\" content=\"A Prefeitura Municipal de Colina realizou o \u201cColina Folia 2024\u201d,\" \/>\n<meta property=\"og:url\" content=\"https:\/\/regiaonews.net.br\/2022\/2024\/02\/22\/colina-folia-2024-realizado-pela-prefeitura-de-colina-foi-um-sucesso\/\" \/>\n<meta property=\"og:site_name\" content=\"Regi\u00e3o News\" \/>\n<meta property=\"article:published_time\" content=\"2024-02-22T15:03:58+00:00\" \/>\n<meta property=\"og:image\" content=\"https:\/\/regiaonews.net.br\/2022\/wp-content\/uploads\/2024\/02\/g_62_0_1_20022024173613.jpg\" \/>\n\t<meta property=\"og:image:width\" content=\"1920\" \/>\n\t<meta property=\"og:image:height\" content=\"1280\" \/>\n\t<meta property=\"og:image:type\" content=\"image\/jpeg\" \/>\n<meta name=\"author\" content=\"Roberto\" \/>\n<meta name=\"twitter:card\" content=\"summary_large_image\" \/>\n<meta name=\"twitter:label1\" content=\"Escrito por\" \/>\n\t<meta name=\"twitter:data1\" content=\"Roberto\" \/>\n\t<meta name=\"twitter:label2\" content=\"Est. tempo de leitura\" \/>\n\t<meta name=\"twitter:data2\" content=\"3 minutos\" \/>\n<script type=\"application\/ld+json\" class=\"yoast-schema-graph\">{\"@context\":\"https:\\\/\\\/schema.org\",\"@graph\":[{\"@type\":\"Article\",\"@id\":\"https:\\\/\\\/regiaonews.net.br\\\/2022\\\/2024\\\/02\\\/22\\\/colina-folia-2024-realizado-pela-prefeitura-de-colina-foi-um-sucesso\\\/#article\",\"isPartOf\":{\"@id\":\"https:\\\/\\\/regiaonews.net.br\\\/2022\\\/2024\\\/02\\\/22\\\/colina-folia-2024-realizado-pela-prefeitura-de-colina-foi-um-sucesso\\\/\"},\"author\":{\"name\":\"Roberto\",\"@id\":\"https:\\\/\\\/regiaonews.net.br\\\/2022\\\/#\\\/schema\\\/person\\\/2d205a608a5aa97ac279d7a5e6d89ad8\"},\"headline\":\"\u201cColina Folia 2024\u201d realizado pela Prefeitura de Colina foi um sucesso\",\"datePublished\":\"2024-02-22T15:03:58+00:00\",\"mainEntityOfPage\":{\"@id\":\"https:\\\/\\\/regiaonews.net.br\\\/2022\\\/2024\\\/02\\\/22\\\/colina-folia-2024-realizado-pela-prefeitura-de-colina-foi-um-sucesso\\\/\"},\"wordCount\":418,\"commentCount\":0,\"publisher\":{\"@id\":\"https:\\\/\\\/regiaonews.net.br\\\/2022\\\/#organization\"},\"image\":{\"@id\":\"https:\\\/\\\/regiaonews.net.br\\\/2022\\\/2024\\\/02\\\/22\\\/colina-folia-2024-realizado-pela-prefeitura-de-colina-foi-um-sucesso\\\/#primaryimage\"},\"thumbnailUrl\":\"https:\\\/\\\/regiaonews.net.br\\\/2022\\\/wp-content\\\/uploads\\\/2024\\\/02\\\/g_62_0_1_20022024173613.jpg\",\"articleSection\":[\"Indefinido\"],\"inLanguage\":\"pt-BR\",\"potentialAction\":[{\"@type\":\"CommentAction\",\"name\":\"Comment\",\"target\":[\"https:\\\/\\\/regiaonews.net.br\\\/2022\\\/2024\\\/02\\\/22\\\/colina-folia-2024-realizado-pela-prefeitura-de-colina-foi-um-sucesso\\\/#respond\"]}]},{\"@type\":\"WebPage\",\"@id\":\"https:\\\/\\\/regiaonews.net.br\\\/2022\\\/2024\\\/02\\\/22\\\/colina-folia-2024-realizado-pela-prefeitura-de-colina-foi-um-sucesso\\\/\",\"url\":\"https:\\\/\\\/regiaonews.net.br\\\/2022\\\/2024\\\/02\\\/22\\\/colina-folia-2024-realizado-pela-prefeitura-de-colina-foi-um-sucesso\\\/\",\"name\":\"\u201cColina Folia 2024\u201d realizado pela Prefeitura de Colina foi um sucesso - Regi\u00e3o News\",\"isPartOf\":{\"@id\":\"https:\\\/\\\/regiaonews.net.br\\\/2022\\\/#website\"},\"primaryImageOfPage\":{\"@id\":\"https:\\\/\\\/regiaonews.net.br\\\/2022\\\/2024\\\/02\\\/22\\\/colina-folia-2024-realizado-pela-prefeitura-de-colina-foi-um-sucesso\\\/#primaryimage\"},\"image\":{\"@id\":\"https:\\\/\\\/regiaonews.net.br\\\/2022\\\/2024\\\/02\\\/22\\\/colina-folia-2024-realizado-pela-prefeitura-de-colina-foi-um-sucesso\\\/#primaryimage\"},\"thumbnailUrl\":\"https:\\\/\\\/regiaonews.net.br\\\/2022\\\/wp-content\\\/uploads\\\/2024\\\/02\\\/g_62_0_1_20022024173613.jpg\",\"datePublished\":\"2024-02-22T15:03:58+00:00\",\"breadcrumb\":{\"@id\":\"https:\\\/\\\/regiaonews.net.br\\\/2022\\\/2024\\\/02\\\/22\\\/colina-folia-2024-realizado-pela-prefeitura-de-colina-foi-um-sucesso\\\/#breadcrumb\"},\"inLanguage\":\"pt-BR\",\"potentialAction\":[{\"@type\":\"ReadAction\",\"target\":[\"https:\\\/\\\/regiaonews.net.br\\\/2022\\\/2024\\\/02\\\/22\\\/colina-folia-2024-realizado-pela-prefeitura-de-colina-foi-um-sucesso\\\/\"]}]},{\"@type\":\"ImageObject\",\"inLanguage\":\"pt-BR\",\"@id\":\"https:\\\/\\\/regiaonews.net.br\\\/2022\\\/2024\\\/02\\\/22\\\/colina-folia-2024-realizado-pela-prefeitura-de-colina-foi-um-sucesso\\\/#primaryimage\",\"url\":\"https:\\\/\\\/regiaonews.net.br\\\/2022\\\/wp-content\\\/uploads\\\/2024\\\/02\\\/g_62_0_1_20022024173613.jpg\",\"contentUrl\":\"https:\\\/\\\/regiaonews.net.br\\\/2022\\\/wp-content\\\/uploads\\\/2024\\\/02\\\/g_62_0_1_20022024173613.jpg\",\"width\":1920,\"height\":1280},{\"@type\":\"BreadcrumbList\",\"@id\":\"https:\\\/\\\/regiaonews.net.br\\\/2022\\\/2024\\\/02\\\/22\\\/colina-folia-2024-realizado-pela-prefeitura-de-colina-foi-um-sucesso\\\/#breadcrumb\",\"itemListElement\":[{\"@type\":\"ListItem\",\"position\":1,\"name\":\"In\u00edcio\",\"item\":\"https:\\\/\\\/regiaonews.net.br\\\/2022\\\/\"},{\"@type\":\"ListItem\",\"position\":2,\"name\":\"\u201cColina Folia 2024\u201d realizado pela Prefeitura de Colina foi um sucesso\"}]},{\"@type\":\"WebSite\",\"@id\":\"https:\\\/\\\/regiaonews.net.br\\\/2022\\\/#website\",\"url\":\"https:\\\/\\\/regiaonews.net.br\\\/2022\\\/\",\"name\":\"Regi\u00e3o News\",\"description\":\"Site de Not\u00edcias de Barretos e regi\u00e3o\",\"publisher\":{\"@id\":\"https:\\\/\\\/regiaonews.net.br\\\/2022\\\/#organization\"},\"potentialAction\":[{\"@type\":\"SearchAction\",\"target\":{\"@type\":\"EntryPoint\",\"urlTemplate\":\"https:\\\/\\\/regiaonews.net.br\\\/2022\\\/?s={search_term_string}\"},\"query-input\":{\"@type\":\"PropertyValueSpecification\",\"valueRequired\":true,\"valueName\":\"search_term_string\"}}],\"inLanguage\":\"pt-BR\"},{\"@type\":\"Organization\",\"@id\":\"https:\\\/\\\/regiaonews.net.br\\\/2022\\\/#organization\",\"name\":\"Regi\u00e3o News\",\"url\":\"https:\\\/\\\/regiaonews.net.br\\\/2022\\\/\",\"logo\":{\"@type\":\"ImageObject\",\"inLanguage\":\"pt-BR\",\"@id\":\"https:\\\/\\\/regiaonews.net.br\\\/2022\\\/#\\\/schema\\\/logo\\\/image\\\/\",\"url\":\"https:\\\/\\\/regiaonews.net.br\\\/2022\\\/wp-content\\\/uploads\\\/2026\\\/03\\\/regiao-13-anos-scaled.jpg\",\"contentUrl\":\"https:\\\/\\\/regiaonews.net.br\\\/2022\\\/wp-content\\\/uploads\\\/2026\\\/03\\\/regiao-13-anos-scaled.jpg\",\"width\":2560,\"height\":635,\"caption\":\"Regi\u00e3o News\"},\"image\":{\"@id\":\"https:\\\/\\\/regiaonews.net.br\\\/2022\\\/#\\\/schema\\\/logo\\\/image\\\/\"}},{\"@type\":\"Person\",\"@id\":\"https:\\\/\\\/regiaonews.net.br\\\/2022\\\/#\\\/schema\\\/person\\\/2d205a608a5aa97ac279d7a5e6d89ad8\",\"name\":\"Roberto\",\"image\":{\"@type\":\"ImageObject\",\"inLanguage\":\"pt-BR\",\"@id\":\"https:\\\/\\\/secure.gravatar.com\\\/avatar\\\/42749d8b712ff9d59ca93dc150494e5b55a44134482993f5baeb97e61b7ecc89?s=96&d=mm&r=g\",\"url\":\"https:\\\/\\\/secure.gravatar.com\\\/avatar\\\/42749d8b712ff9d59ca93dc150494e5b55a44134482993f5baeb97e61b7ecc89?s=96&d=mm&r=g\",\"contentUrl\":\"https:\\\/\\\/secure.gravatar.com\\\/avatar\\\/42749d8b712ff9d59ca93dc150494e5b55a44134482993f5baeb97e61b7ecc89?s=96&d=mm&r=g\",\"caption\":\"Roberto\"},\"url\":\"https:\\\/\\\/regiaonews.net.br\\\/2022\\\/author\\\/roberto\\\/\"}]}<\/script>\n<!-- \/ Yoast SEO plugin. -->","yoast_head_json":{"title":"\u201cColina Folia 2024\u201d realizado pela Prefeitura de Colina foi um sucesso - Regi\u00e3o News","robots":{"index":"index","follow":"follow","max-snippet":"max-snippet:-1","max-image-preview":"max-image-preview:large","max-video-preview":"max-video-preview:-1"},"canonical":"https:\/\/regiaonews.net.br\/2022\/2024\/02\/22\/colina-folia-2024-realizado-pela-prefeitura-de-colina-foi-um-sucesso\/","og_locale":"pt_BR","og_type":"article","og_title":"\u201cColina Folia 2024\u201d realizado pela Prefeitura de Colina foi um sucesso - Regi\u00e3o News","og_description":"A Prefeitura Municipal de Colina realizou o \u201cColina Folia 2024\u201d,","og_url":"https:\/\/regiaonews.net.br\/2022\/2024\/02\/22\/colina-folia-2024-realizado-pela-prefeitura-de-colina-foi-um-sucesso\/","og_site_name":"Regi\u00e3o News","article_published_time":"2024-02-22T15:03:58+00:00","og_image":[{"width":1920,"height":1280,"url":"https:\/\/regiaonews.net.br\/2022\/wp-content\/uploads\/2024\/02\/g_62_0_1_20022024173613.jpg","type":"image\/jpeg"}],"author":"Roberto","twitter_card":"summary_large_image","twitter_misc":{"Escrito por":"Roberto","Est. tempo de leitura":"3 minutos"},"schema":{"@context":"https:\/\/schema.org","@graph":[{"@type":"Article","@id":"https:\/\/regiaonews.net.br\/2022\/2024\/02\/22\/colina-folia-2024-realizado-pela-prefeitura-de-colina-foi-um-sucesso\/#article","isPartOf":{"@id":"https:\/\/regiaonews.net.br\/2022\/2024\/02\/22\/colina-folia-2024-realizado-pela-prefeitura-de-colina-foi-um-sucesso\/"},"author":{"name":"Roberto","@id":"https:\/\/regiaonews.net.br\/2022\/#\/schema\/person\/2d205a608a5aa97ac279d7a5e6d89ad8"},"headline":"\u201cColina Folia 2024\u201d realizado pela Prefeitura de Colina foi um sucesso","datePublished":"2024-02-22T15:03:58+00:00","mainEntityOfPage":{"@id":"https:\/\/regiaonews.net.br\/2022\/2024\/02\/22\/colina-folia-2024-realizado-pela-prefeitura-de-colina-foi-um-sucesso\/"},"wordCount":418,"commentCount":0,"publisher":{"@id":"https:\/\/regiaonews.net.br\/2022\/#organization"},"image":{"@id":"https:\/\/regiaonews.net.br\/2022\/2024\/02\/22\/colina-folia-2024-realizado-pela-prefeitura-de-colina-foi-um-sucesso\/#primaryimage"},"thumbnailUrl":"https:\/\/regiaonews.net.br\/2022\/wp-content\/uploads\/2024\/02\/g_62_0_1_20022024173613.jpg","articleSection":["Indefinido"],"inLanguage":"pt-BR","potentialAction":[{"@type":"CommentAction","name":"Comment","target":["https:\/\/regiaonews.net.br\/2022\/2024\/02\/22\/colina-folia-2024-realizado-pela-prefeitura-de-colina-foi-um-sucesso\/#respond"]}]},{"@type":"WebPage","@id":"https:\/\/regiaonews.net.br\/2022\/2024\/02\/22\/colina-folia-2024-realizado-pela-prefeitura-de-colina-foi-um-sucesso\/","url":"https:\/\/regiaonews.net.br\/2022\/2024\/02\/22\/colina-folia-2024-realizado-pela-prefeitura-de-colina-foi-um-sucesso\/","name":"\u201cColina Folia 2024\u201d realizado pela Prefeitura de Colina foi um sucesso - Regi\u00e3o News","isPartOf":{"@id":"https:\/\/regiaonews.net.br\/2022\/#website"},"primaryImageOfPage":{"@id":"https:\/\/regiaonews.net.br\/2022\/2024\/02\/22\/colina-folia-2024-realizado-pela-prefeitura-de-colina-foi-um-sucesso\/#primaryimage"},"image":{"@id":"https:\/\/regiaonews.net.br\/2022\/2024\/02\/22\/colina-folia-2024-realizado-pela-prefeitura-de-colina-foi-um-sucesso\/#primaryimage"},"thumbnailUrl":"https:\/\/regiaonews.net.br\/2022\/wp-content\/uploads\/2024\/02\/g_62_0_1_20022024173613.jpg","datePublished":"2024-02-22T15:03:58+00:00","breadcrumb":{"@id":"https:\/\/regiaonews.net.br\/2022\/2024\/02\/22\/colina-folia-2024-realizado-pela-prefeitura-de-colina-foi-um-sucesso\/#breadcrumb"},"inLanguage":"pt-BR","potentialAction":[{"@type":"ReadAction","target":["https:\/\/regiaonews.net.br\/2022\/2024\/02\/22\/colina-folia-2024-realizado-pela-prefeitura-de-colina-foi-um-sucesso\/"]}]},{"@type":"ImageObject","inLanguage":"pt-BR","@id":"https:\/\/regiaonews.net.br\/2022\/2024\/02\/22\/colina-folia-2024-realizado-pela-prefeitura-de-colina-foi-um-sucesso\/#primaryimage","url":"https:\/\/regiaonews.net.br\/2022\/wp-content\/uploads\/2024\/02\/g_62_0_1_20022024173613.jpg","contentUrl":"https:\/\/regiaonews.net.br\/2022\/wp-content\/uploads\/2024\/02\/g_62_0_1_20022024173613.jpg","width":1920,"height":1280},{"@type":"BreadcrumbList","@id":"https:\/\/regiaonews.net.br\/2022\/2024\/02\/22\/colina-folia-2024-realizado-pela-prefeitura-de-colina-foi-um-sucesso\/#breadcrumb","itemListElement":[{"@type":"ListItem","position":1,"name":"In\u00edcio","item":"https:\/\/regiaonews.net.br\/2022\/"},{"@type":"ListItem","position":2,"name":"\u201cColina Folia 2024\u201d realizado pela Prefeitura de Colina foi um sucesso"}]},{"@type":"WebSite","@id":"https:\/\/regiaonews.net.br\/2022\/#website","url":"https:\/\/regiaonews.net.br\/2022\/","name":"Regi\u00e3o News","description":"Site de Not\u00edcias de Barretos e regi\u00e3o","publisher":{"@id":"https:\/\/regiaonews.net.br\/2022\/#organization"},"potentialAction":[{"@type":"SearchAction","target":{"@type":"EntryPoint","urlTemplate":"https:\/\/regiaonews.net.br\/2022\/?s={search_term_string}"},"query-input":{"@type":"PropertyValueSpecification","valueRequired":true,"valueName":"search_term_string"}}],"inLanguage":"pt-BR"},{"@type":"Organization","@id":"https:\/\/regiaonews.net.br\/2022\/#organization","name":"Regi\u00e3o News","url":"https:\/\/regiaonews.net.br\/2022\/","logo":{"@type":"ImageObject","inLanguage":"pt-BR","@id":"https:\/\/regiaonews.net.br\/2022\/#\/schema\/logo\/image\/","url":"https:\/\/regiaonews.net.br\/2022\/wp-content\/uploads\/2026\/03\/regiao-13-anos-scaled.jpg","contentUrl":"https:\/\/regiaonews.net.br\/2022\/wp-content\/uploads\/2026\/03\/regiao-13-anos-scaled.jpg","width":2560,"height":635,"caption":"Regi\u00e3o News"},"image":{"@id":"https:\/\/regiaonews.net.br\/2022\/#\/schema\/logo\/image\/"}},{"@type":"Person","@id":"https:\/\/regiaonews.net.br\/2022\/#\/schema\/person\/2d205a608a5aa97ac279d7a5e6d89ad8","name":"Roberto","image":{"@type":"ImageObject","inLanguage":"pt-BR","@id":"https:\/\/secure.gravatar.com\/avatar\/42749d8b712ff9d59ca93dc150494e5b55a44134482993f5baeb97e61b7ecc89?s=96&d=mm&r=g","url":"https:\/\/secure.gravatar.com\/avatar\/42749d8b712ff9d59ca93dc150494e5b55a44134482993f5baeb97e61b7ecc89?s=96&d=mm&r=g","contentUrl":"https:\/\/secure.gravatar.com\/avatar\/42749d8b712ff9d59ca93dc150494e5b55a44134482993f5baeb97e61b7ecc89?s=96&d=mm&r=g","caption":"Roberto"},"url":"https:\/\/regiaonews.net.br\/2022\/author\/roberto\/"}]}},"publishpress_future_action":{"enabled":false,"date":"2026-05-03 14:19:45","action":"change-status","newStatus":"draft","terms":[],"taxonomy":"category","extraData":[]},"publishpress_future_workflow_manual_trigger":{"enabledWorkflows":[]},"_links":{"self":[{"href":"https:\/\/regiaonews.net.br\/2022\/wp-json\/wp\/v2\/posts\/101595","targetHints":{"allow":["GET"]}}],"collection":[{"href":"https:\/\/regiaonews.net.br\/2022\/wp-json\/wp\/v2\/posts"}],"about":[{"href":"https:\/\/regiaonews.net.br\/2022\/wp-json\/wp\/v2\/types\/post"}],"author":[{"embeddable":true,"href":"https:\/\/regiaonews.net.br\/2022\/wp-json\/wp\/v2\/users\/2"}],"replies":[{"embeddable":true,"href":"https:\/\/regiaonews.net.br\/2022\/wp-json\/wp\/v2\/comments?post=101595"}],"version-history":[{"count":1,"href":"https:\/\/regiaonews.net.br\/2022\/wp-json\/wp\/v2\/posts\/101595\/revisions"}],"predecessor-version":[{"id":101600,"href":"https:\/\/regiaonews.net.br\/2022\/wp-json\/wp\/v2\/posts\/101595\/revisions\/101600"}],"wp:featuredmedia":[{"embeddable":true,"href":"https:\/\/regiaonews.net.br\/2022\/wp-json\/wp\/v2\/media\/101598"}],"wp:attachment":[{"href":"https:\/\/regiaonews.net.br\/2022\/wp-json\/wp\/v2\/media?parent=101595"}],"wp:term":[{"taxonomy":"category","embeddable":true,"href":"https:\/\/regiaonews.net.br\/2022\/wp-json\/wp\/v2\/categories?post=101595"},{"taxonomy":"post_tag","embeddable":true,"href":"https:\/\/regiaonews.net.br\/2022\/wp-json\/wp\/v2\/tags?post=101595"}],"curies":[{"name":"wp","href":"https:\/\/api.w.org\/{rel}","templated":true}]}}