{"id":101579,"date":"2024-02-21T20:18:40","date_gmt":"2024-02-21T23:18:40","guid":{"rendered":"https:\/\/regiaonews.net.br\/2022\/?p=101579"},"modified":"2024-02-21T20:18:40","modified_gmt":"2024-02-21T23:18:40","slug":"todos-pagam-meia-entrada-no-centerplex-do-north-shopping-barretos","status":"publish","type":"post","link":"https:\/\/regiaonews.net.br\/2022\/2024\/02\/21\/todos-pagam-meia-entrada-no-centerplex-do-north-shopping-barretos\/","title":{"rendered":"Todos pagam meia-entrada no Centerplex do North Shopping Barretos"},"content":{"rendered":"<p>&nbsp;<\/p>\n<p>De 22 a 28 de fevereiro acontece a Semana Nacional do Cinema, com ingressos a R$12<\/p>\n<p>Cin\u00e9filos de plant\u00e3o podem comemorar, pois de 22 a 28 de fevereiro, os filmes em cartaz no Centerplex do North Shopping Barretos t\u00eam ingressos ao pre\u00e7o \u00fanico de R$12, o correspondente \u00e0 meia-entrada, em todas as sess\u00f5es de todos os t\u00edtulos.<\/p>\n<p>A promo\u00e7\u00e3o Semana do Cinema abrange todo o pa\u00eds, contempla todas as pessoas, independentemente da idade.<\/p>\n<p>\u00c9 uma forma de privilegiar o p\u00fablico e contribuir para a democratiza\u00e7\u00e3o das sess\u00f5es, \u00e0s v\u00e9speras do mais aguardado pr\u00eamio de cinema mundial, o Oscar, que acontece no dia 10 de mar\u00e7o.<\/p>\n<p>A a\u00e7\u00e3o inclui tamb\u00e9m um combo especial de pipoca e refrigerante, basta verificar a disponibilidade na bilheteria f\u00edsica do cinema. As pr\u00e9-vendas de estreias n\u00e3o entram nessa promo\u00e7\u00e3o.<\/p>\n<p>O destaque da semana \u00e9 o filme \u201cFerrari\u201d, que narra a hist\u00f3ria do poderoso empres\u00e1rio italiano de carros esportivos, Enzo Ferrari. A fam\u00edlia Ferrari revolucionou a ind\u00fastria automotiva, al\u00e9m de ajudar a criar o conceito das corridas de F\u00f3rmula 1.<\/p>\n<p>Para consultar o regulamento da promo\u00e7\u00e3o do Centerplex, basta acessar o www.centerplex.com.br ou a programa\u00e7\u00e3o na p\u00e1gina do North Shopping: northshoppingbarretos.com.br\/cinema<\/p>\n<p>&nbsp;<\/p>\n<p>&nbsp;<\/p>\n<p>&nbsp;<\/p>\n<p>Confira a programa\u00e7\u00e3o:<\/p>\n<p>&nbsp;<\/p>\n<p>Sala 01 &#8211; Madame Teia &#8211; A\u00e7\u00e3o<\/p>\n<p>Dublado &#8211; 14 anos &#8211; Dura\u00e7\u00e3o: 116 min<\/p>\n<p>Segunda,Ter\u00e7a, Quarta, Quinta e Sexta: 16h40 e 21h30<\/p>\n<p>S\u00e1bado, Domingo e Feriado: 16h40 e 21h30<\/p>\n<p>&nbsp;<\/p>\n<p>Sala 01 &#8211; Todos menos voc\u00ea &#8211; Com\u00e9dia<\/p>\n<p>Dublado &#8211; 16 anos &#8211; Dura\u00e7\u00e3o: 105 min<\/p>\n<p>Segunda,Ter\u00e7a, Quarta, Quinta e Sexta: 19h15<\/p>\n<p>S\u00e1bado, Domingo e Feriado: 18h15<\/p>\n<p>&nbsp;<\/p>\n<p>Sala 01 &#8211; Patos! \u2013 Anima\u00e7\u00e3o<\/p>\n<p>Dublado &#8211; Livre &#8211; Dura\u00e7\u00e3o: 91 min<\/p>\n<p>Segunda, Ter\u00e7a, Quarta, Quinta e Sexta: 14h30<\/p>\n<p>S\u00e1bado, Domingo e Feriado: 14h30<\/p>\n<p>&nbsp;<\/p>\n<p>Sala 02 &#8211; Ferrari\u2013 A\u00e7\u00e3o<\/p>\n<p>Dublado &#8211; 16 anos &#8211; Dura\u00e7\u00e3o: 130 min<\/p>\n<p>Segunda, Ter\u00e7a, Quarta, Quinta e Sexta: 15h e 20h30<\/p>\n<p>S\u00e1bado, Domingo e Feriado: 15h e 20h30<\/p>\n<p>&nbsp;<\/p>\n<p>Sala 02 &#8211; Ferrari\u2013 A\u00e7\u00e3o<\/p>\n<p>Dublado &#8211; 16 anos &#8211; Dura\u00e7\u00e3o: 130 min<\/p>\n<p>Segunda, Ter\u00e7a, Quarta, Quinta e Sexta: 15h e 20h30<\/p>\n<p>S\u00e1bado, Domingo e Feriado: 15h e 20h30<\/p>\n<p>&nbsp;<\/p>\n<p>Sala 02 &#8211; O Menino e a Gar\u00e7a &#8211; Fantasia<\/p>\n<p>Dublado &#8211; 12 anos &#8211; Dura\u00e7\u00e3o: 124 min<\/p>\n<p>Segunda, Ter\u00e7a, Quarta, Quinta e Sexta: 17h45<\/p>\n<p>S\u00e1bado, Domingo e Feriado: 17h45<\/p>\n<p>&nbsp;<\/p>\n<p>Sala 03 &#8211; Wish &#8211; O Poder dos Desejos &#8211; Aventura<\/p>\n<p>Dublado &#8211; Livre &#8211; Dura\u00e7\u00e3o: 92 min<\/p>\n<p>Segunda,Ter\u00e7a, Quarta, Quinta e Sexta: 14h<\/p>\n<p>S\u00e1bado, Domingo e Feriado: 14h<\/p>\n<p>&nbsp;<\/p>\n<p>Sala 03 &#8211; Bob Marley: One Love em 2D &#8211; Drama<\/p>\n<p>Dublado &#8211; 16 anos &#8211; Dura\u00e7\u00e3o: 107 min<\/p>\n<p>Segunda, Ter\u00e7a, Quarta, Quinta e Sexta: 18h40 e 21h<\/p>\n<p>S\u00e1bado, Domingo e Feriado: 18h40 e 21h<\/p>\n<p>&nbsp;<\/p>\n<p>Sala 03 &#8211; O Menino e a Gar\u00e7a &#8211; Fantasia<\/p>\n<p>Dublado &#8211; 12 anos &#8211; Dura\u00e7\u00e3o: 124 min<\/p>\n<p>Segunda, Ter\u00e7a, Quarta, Quinta e Sexta: 16h<\/p>\n<p>S\u00e1bado, Domingo e Feriado: 16h<\/p>\n<p>&nbsp;<\/p>\n","protected":false},"excerpt":{"rendered":"<p>&nbsp; De 22 a 28 de fevereiro acontece a Semana<\/p>\n","protected":false},"author":2,"featured_media":101580,"comment_status":"open","ping_status":"open","sticky":false,"template":"","format":"standard","meta":{"footnotes":""},"categories":[14,25],"tags":[],"class_list":["post-101579","post","type-post","status-publish","format-standard","has-post-thumbnail","hentry","category-barretos","category-cidades"],"yoast_head":"<!-- This site is optimized with the Yoast SEO plugin v27.4 - https:\/\/yoast.com\/product\/yoast-seo-wordpress\/ -->\n<title>Todos pagam meia-entrada no Centerplex do North Shopping Barretos - Regi\u00e3o News<\/title>\n<meta name=\"robots\" content=\"index, follow, max-snippet:-1, max-image-preview:large, max-video-preview:-1\" \/>\n<link rel=\"canonical\" href=\"https:\/\/regiaonews.net.br\/2022\/2024\/02\/21\/todos-pagam-meia-entrada-no-centerplex-do-north-shopping-barretos\/\" \/>\n<meta property=\"og:locale\" content=\"pt_BR\" \/>\n<meta property=\"og:type\" content=\"article\" \/>\n<meta property=\"og:title\" content=\"Todos pagam meia-entrada no Centerplex do North Shopping Barretos - Regi\u00e3o News\" \/>\n<meta property=\"og:description\" content=\"&nbsp; De 22 a 28 de fevereiro acontece a Semana\" \/>\n<meta property=\"og:url\" content=\"https:\/\/regiaonews.net.br\/2022\/2024\/02\/21\/todos-pagam-meia-entrada-no-centerplex-do-north-shopping-barretos\/\" \/>\n<meta property=\"og:site_name\" content=\"Regi\u00e3o News\" \/>\n<meta property=\"article:published_time\" content=\"2024-02-21T23:18:40+00:00\" \/>\n<meta property=\"og:image\" content=\"https:\/\/regiaonews.net.br\/2022\/wp-content\/uploads\/2024\/02\/WhatsApp-Image-2024-02-21-at-16.36.24.jpeg\" \/>\n\t<meta property=\"og:image:width\" content=\"1080\" \/>\n\t<meta property=\"og:image:height\" content=\"1080\" \/>\n\t<meta property=\"og:image:type\" content=\"image\/jpeg\" \/>\n<meta name=\"author\" content=\"Roberto\" \/>\n<meta name=\"twitter:card\" content=\"summary_large_image\" \/>\n<meta name=\"twitter:label1\" content=\"Escrito por\" \/>\n\t<meta name=\"twitter:data1\" content=\"Roberto\" \/>\n\t<meta name=\"twitter:label2\" content=\"Est. tempo de leitura\" \/>\n\t<meta name=\"twitter:data2\" content=\"3 minutos\" \/>\n<script type=\"application\/ld+json\" class=\"yoast-schema-graph\">{\"@context\":\"https:\\\/\\\/schema.org\",\"@graph\":[{\"@type\":\"Article\",\"@id\":\"https:\\\/\\\/regiaonews.net.br\\\/2022\\\/2024\\\/02\\\/21\\\/todos-pagam-meia-entrada-no-centerplex-do-north-shopping-barretos\\\/#article\",\"isPartOf\":{\"@id\":\"https:\\\/\\\/regiaonews.net.br\\\/2022\\\/2024\\\/02\\\/21\\\/todos-pagam-meia-entrada-no-centerplex-do-north-shopping-barretos\\\/\"},\"author\":{\"name\":\"Roberto\",\"@id\":\"https:\\\/\\\/regiaonews.net.br\\\/2022\\\/#\\\/schema\\\/person\\\/2d205a608a5aa97ac279d7a5e6d89ad8\"},\"headline\":\"Todos pagam meia-entrada no Centerplex do North Shopping Barretos\",\"datePublished\":\"2024-02-21T23:18:40+00:00\",\"mainEntityOfPage\":{\"@id\":\"https:\\\/\\\/regiaonews.net.br\\\/2022\\\/2024\\\/02\\\/21\\\/todos-pagam-meia-entrada-no-centerplex-do-north-shopping-barretos\\\/\"},\"wordCount\":522,\"commentCount\":0,\"publisher\":{\"@id\":\"https:\\\/\\\/regiaonews.net.br\\\/2022\\\/#organization\"},\"image\":{\"@id\":\"https:\\\/\\\/regiaonews.net.br\\\/2022\\\/2024\\\/02\\\/21\\\/todos-pagam-meia-entrada-no-centerplex-do-north-shopping-barretos\\\/#primaryimage\"},\"thumbnailUrl\":\"https:\\\/\\\/regiaonews.net.br\\\/2022\\\/wp-content\\\/uploads\\\/2024\\\/02\\\/WhatsApp-Image-2024-02-21-at-16.36.24.jpeg\",\"articleSection\":[\"Barretos\",\"Cidades\"],\"inLanguage\":\"pt-BR\",\"potentialAction\":[{\"@type\":\"CommentAction\",\"name\":\"Comment\",\"target\":[\"https:\\\/\\\/regiaonews.net.br\\\/2022\\\/2024\\\/02\\\/21\\\/todos-pagam-meia-entrada-no-centerplex-do-north-shopping-barretos\\\/#respond\"]}]},{\"@type\":\"WebPage\",\"@id\":\"https:\\\/\\\/regiaonews.net.br\\\/2022\\\/2024\\\/02\\\/21\\\/todos-pagam-meia-entrada-no-centerplex-do-north-shopping-barretos\\\/\",\"url\":\"https:\\\/\\\/regiaonews.net.br\\\/2022\\\/2024\\\/02\\\/21\\\/todos-pagam-meia-entrada-no-centerplex-do-north-shopping-barretos\\\/\",\"name\":\"Todos pagam meia-entrada no Centerplex do North Shopping Barretos - Regi\u00e3o News\",\"isPartOf\":{\"@id\":\"https:\\\/\\\/regiaonews.net.br\\\/2022\\\/#website\"},\"primaryImageOfPage\":{\"@id\":\"https:\\\/\\\/regiaonews.net.br\\\/2022\\\/2024\\\/02\\\/21\\\/todos-pagam-meia-entrada-no-centerplex-do-north-shopping-barretos\\\/#primaryimage\"},\"image\":{\"@id\":\"https:\\\/\\\/regiaonews.net.br\\\/2022\\\/2024\\\/02\\\/21\\\/todos-pagam-meia-entrada-no-centerplex-do-north-shopping-barretos\\\/#primaryimage\"},\"thumbnailUrl\":\"https:\\\/\\\/regiaonews.net.br\\\/2022\\\/wp-content\\\/uploads\\\/2024\\\/02\\\/WhatsApp-Image-2024-02-21-at-16.36.24.jpeg\",\"datePublished\":\"2024-02-21T23:18:40+00:00\",\"breadcrumb\":{\"@id\":\"https:\\\/\\\/regiaonews.net.br\\\/2022\\\/2024\\\/02\\\/21\\\/todos-pagam-meia-entrada-no-centerplex-do-north-shopping-barretos\\\/#breadcrumb\"},\"inLanguage\":\"pt-BR\",\"potentialAction\":[{\"@type\":\"ReadAction\",\"target\":[\"https:\\\/\\\/regiaonews.net.br\\\/2022\\\/2024\\\/02\\\/21\\\/todos-pagam-meia-entrada-no-centerplex-do-north-shopping-barretos\\\/\"]}]},{\"@type\":\"ImageObject\",\"inLanguage\":\"pt-BR\",\"@id\":\"https:\\\/\\\/regiaonews.net.br\\\/2022\\\/2024\\\/02\\\/21\\\/todos-pagam-meia-entrada-no-centerplex-do-north-shopping-barretos\\\/#primaryimage\",\"url\":\"https:\\\/\\\/regiaonews.net.br\\\/2022\\\/wp-content\\\/uploads\\\/2024\\\/02\\\/WhatsApp-Image-2024-02-21-at-16.36.24.jpeg\",\"contentUrl\":\"https:\\\/\\\/regiaonews.net.br\\\/2022\\\/wp-content\\\/uploads\\\/2024\\\/02\\\/WhatsApp-Image-2024-02-21-at-16.36.24.jpeg\",\"width\":1080,\"height\":1080},{\"@type\":\"BreadcrumbList\",\"@id\":\"https:\\\/\\\/regiaonews.net.br\\\/2022\\\/2024\\\/02\\\/21\\\/todos-pagam-meia-entrada-no-centerplex-do-north-shopping-barretos\\\/#breadcrumb\",\"itemListElement\":[{\"@type\":\"ListItem\",\"position\":1,\"name\":\"In\u00edcio\",\"item\":\"https:\\\/\\\/regiaonews.net.br\\\/2022\\\/\"},{\"@type\":\"ListItem\",\"position\":2,\"name\":\"Todos pagam meia-entrada no Centerplex do North Shopping Barretos\"}]},{\"@type\":\"WebSite\",\"@id\":\"https:\\\/\\\/regiaonews.net.br\\\/2022\\\/#website\",\"url\":\"https:\\\/\\\/regiaonews.net.br\\\/2022\\\/\",\"name\":\"Regi\u00e3o News\",\"description\":\"Site de Not\u00edcias de Barretos e regi\u00e3o\",\"publisher\":{\"@id\":\"https:\\\/\\\/regiaonews.net.br\\\/2022\\\/#organization\"},\"potentialAction\":[{\"@type\":\"SearchAction\",\"target\":{\"@type\":\"EntryPoint\",\"urlTemplate\":\"https:\\\/\\\/regiaonews.net.br\\\/2022\\\/?s={search_term_string}\"},\"query-input\":{\"@type\":\"PropertyValueSpecification\",\"valueRequired\":true,\"valueName\":\"search_term_string\"}}],\"inLanguage\":\"pt-BR\"},{\"@type\":\"Organization\",\"@id\":\"https:\\\/\\\/regiaonews.net.br\\\/2022\\\/#organization\",\"name\":\"Regi\u00e3o News\",\"url\":\"https:\\\/\\\/regiaonews.net.br\\\/2022\\\/\",\"logo\":{\"@type\":\"ImageObject\",\"inLanguage\":\"pt-BR\",\"@id\":\"https:\\\/\\\/regiaonews.net.br\\\/2022\\\/#\\\/schema\\\/logo\\\/image\\\/\",\"url\":\"https:\\\/\\\/regiaonews.net.br\\\/2022\\\/wp-content\\\/uploads\\\/2026\\\/03\\\/regiao-13-anos-scaled.jpg\",\"contentUrl\":\"https:\\\/\\\/regiaonews.net.br\\\/2022\\\/wp-content\\\/uploads\\\/2026\\\/03\\\/regiao-13-anos-scaled.jpg\",\"width\":2560,\"height\":635,\"caption\":\"Regi\u00e3o News\"},\"image\":{\"@id\":\"https:\\\/\\\/regiaonews.net.br\\\/2022\\\/#\\\/schema\\\/logo\\\/image\\\/\"}},{\"@type\":\"Person\",\"@id\":\"https:\\\/\\\/regiaonews.net.br\\\/2022\\\/#\\\/schema\\\/person\\\/2d205a608a5aa97ac279d7a5e6d89ad8\",\"name\":\"Roberto\",\"image\":{\"@type\":\"ImageObject\",\"inLanguage\":\"pt-BR\",\"@id\":\"https:\\\/\\\/secure.gravatar.com\\\/avatar\\\/42749d8b712ff9d59ca93dc150494e5b55a44134482993f5baeb97e61b7ecc89?s=96&d=mm&r=g\",\"url\":\"https:\\\/\\\/secure.gravatar.com\\\/avatar\\\/42749d8b712ff9d59ca93dc150494e5b55a44134482993f5baeb97e61b7ecc89?s=96&d=mm&r=g\",\"contentUrl\":\"https:\\\/\\\/secure.gravatar.com\\\/avatar\\\/42749d8b712ff9d59ca93dc150494e5b55a44134482993f5baeb97e61b7ecc89?s=96&d=mm&r=g\",\"caption\":\"Roberto\"},\"url\":\"https:\\\/\\\/regiaonews.net.br\\\/2022\\\/author\\\/roberto\\\/\"}]}<\/script>\n<!-- \/ Yoast SEO plugin. -->","yoast_head_json":{"title":"Todos pagam meia-entrada no Centerplex do North Shopping Barretos - Regi\u00e3o News","robots":{"index":"index","follow":"follow","max-snippet":"max-snippet:-1","max-image-preview":"max-image-preview:large","max-video-preview":"max-video-preview:-1"},"canonical":"https:\/\/regiaonews.net.br\/2022\/2024\/02\/21\/todos-pagam-meia-entrada-no-centerplex-do-north-shopping-barretos\/","og_locale":"pt_BR","og_type":"article","og_title":"Todos pagam meia-entrada no Centerplex do North Shopping Barretos - Regi\u00e3o News","og_description":"&nbsp; De 22 a 28 de fevereiro acontece a Semana","og_url":"https:\/\/regiaonews.net.br\/2022\/2024\/02\/21\/todos-pagam-meia-entrada-no-centerplex-do-north-shopping-barretos\/","og_site_name":"Regi\u00e3o News","article_published_time":"2024-02-21T23:18:40+00:00","og_image":[{"width":1080,"height":1080,"url":"https:\/\/regiaonews.net.br\/2022\/wp-content\/uploads\/2024\/02\/WhatsApp-Image-2024-02-21-at-16.36.24.jpeg","type":"image\/jpeg"}],"author":"Roberto","twitter_card":"summary_large_image","twitter_misc":{"Escrito por":"Roberto","Est. tempo de leitura":"3 minutos"},"schema":{"@context":"https:\/\/schema.org","@graph":[{"@type":"Article","@id":"https:\/\/regiaonews.net.br\/2022\/2024\/02\/21\/todos-pagam-meia-entrada-no-centerplex-do-north-shopping-barretos\/#article","isPartOf":{"@id":"https:\/\/regiaonews.net.br\/2022\/2024\/02\/21\/todos-pagam-meia-entrada-no-centerplex-do-north-shopping-barretos\/"},"author":{"name":"Roberto","@id":"https:\/\/regiaonews.net.br\/2022\/#\/schema\/person\/2d205a608a5aa97ac279d7a5e6d89ad8"},"headline":"Todos pagam meia-entrada no Centerplex do North Shopping Barretos","datePublished":"2024-02-21T23:18:40+00:00","mainEntityOfPage":{"@id":"https:\/\/regiaonews.net.br\/2022\/2024\/02\/21\/todos-pagam-meia-entrada-no-centerplex-do-north-shopping-barretos\/"},"wordCount":522,"commentCount":0,"publisher":{"@id":"https:\/\/regiaonews.net.br\/2022\/#organization"},"image":{"@id":"https:\/\/regiaonews.net.br\/2022\/2024\/02\/21\/todos-pagam-meia-entrada-no-centerplex-do-north-shopping-barretos\/#primaryimage"},"thumbnailUrl":"https:\/\/regiaonews.net.br\/2022\/wp-content\/uploads\/2024\/02\/WhatsApp-Image-2024-02-21-at-16.36.24.jpeg","articleSection":["Barretos","Cidades"],"inLanguage":"pt-BR","potentialAction":[{"@type":"CommentAction","name":"Comment","target":["https:\/\/regiaonews.net.br\/2022\/2024\/02\/21\/todos-pagam-meia-entrada-no-centerplex-do-north-shopping-barretos\/#respond"]}]},{"@type":"WebPage","@id":"https:\/\/regiaonews.net.br\/2022\/2024\/02\/21\/todos-pagam-meia-entrada-no-centerplex-do-north-shopping-barretos\/","url":"https:\/\/regiaonews.net.br\/2022\/2024\/02\/21\/todos-pagam-meia-entrada-no-centerplex-do-north-shopping-barretos\/","name":"Todos pagam meia-entrada no Centerplex do North Shopping Barretos - Regi\u00e3o News","isPartOf":{"@id":"https:\/\/regiaonews.net.br\/2022\/#website"},"primaryImageOfPage":{"@id":"https:\/\/regiaonews.net.br\/2022\/2024\/02\/21\/todos-pagam-meia-entrada-no-centerplex-do-north-shopping-barretos\/#primaryimage"},"image":{"@id":"https:\/\/regiaonews.net.br\/2022\/2024\/02\/21\/todos-pagam-meia-entrada-no-centerplex-do-north-shopping-barretos\/#primaryimage"},"thumbnailUrl":"https:\/\/regiaonews.net.br\/2022\/wp-content\/uploads\/2024\/02\/WhatsApp-Image-2024-02-21-at-16.36.24.jpeg","datePublished":"2024-02-21T23:18:40+00:00","breadcrumb":{"@id":"https:\/\/regiaonews.net.br\/2022\/2024\/02\/21\/todos-pagam-meia-entrada-no-centerplex-do-north-shopping-barretos\/#breadcrumb"},"inLanguage":"pt-BR","potentialAction":[{"@type":"ReadAction","target":["https:\/\/regiaonews.net.br\/2022\/2024\/02\/21\/todos-pagam-meia-entrada-no-centerplex-do-north-shopping-barretos\/"]}]},{"@type":"ImageObject","inLanguage":"pt-BR","@id":"https:\/\/regiaonews.net.br\/2022\/2024\/02\/21\/todos-pagam-meia-entrada-no-centerplex-do-north-shopping-barretos\/#primaryimage","url":"https:\/\/regiaonews.net.br\/2022\/wp-content\/uploads\/2024\/02\/WhatsApp-Image-2024-02-21-at-16.36.24.jpeg","contentUrl":"https:\/\/regiaonews.net.br\/2022\/wp-content\/uploads\/2024\/02\/WhatsApp-Image-2024-02-21-at-16.36.24.jpeg","width":1080,"height":1080},{"@type":"BreadcrumbList","@id":"https:\/\/regiaonews.net.br\/2022\/2024\/02\/21\/todos-pagam-meia-entrada-no-centerplex-do-north-shopping-barretos\/#breadcrumb","itemListElement":[{"@type":"ListItem","position":1,"name":"In\u00edcio","item":"https:\/\/regiaonews.net.br\/2022\/"},{"@type":"ListItem","position":2,"name":"Todos pagam meia-entrada no Centerplex do North Shopping Barretos"}]},{"@type":"WebSite","@id":"https:\/\/regiaonews.net.br\/2022\/#website","url":"https:\/\/regiaonews.net.br\/2022\/","name":"Regi\u00e3o News","description":"Site de Not\u00edcias de Barretos e regi\u00e3o","publisher":{"@id":"https:\/\/regiaonews.net.br\/2022\/#organization"},"potentialAction":[{"@type":"SearchAction","target":{"@type":"EntryPoint","urlTemplate":"https:\/\/regiaonews.net.br\/2022\/?s={search_term_string}"},"query-input":{"@type":"PropertyValueSpecification","valueRequired":true,"valueName":"search_term_string"}}],"inLanguage":"pt-BR"},{"@type":"Organization","@id":"https:\/\/regiaonews.net.br\/2022\/#organization","name":"Regi\u00e3o News","url":"https:\/\/regiaonews.net.br\/2022\/","logo":{"@type":"ImageObject","inLanguage":"pt-BR","@id":"https:\/\/regiaonews.net.br\/2022\/#\/schema\/logo\/image\/","url":"https:\/\/regiaonews.net.br\/2022\/wp-content\/uploads\/2026\/03\/regiao-13-anos-scaled.jpg","contentUrl":"https:\/\/regiaonews.net.br\/2022\/wp-content\/uploads\/2026\/03\/regiao-13-anos-scaled.jpg","width":2560,"height":635,"caption":"Regi\u00e3o News"},"image":{"@id":"https:\/\/regiaonews.net.br\/2022\/#\/schema\/logo\/image\/"}},{"@type":"Person","@id":"https:\/\/regiaonews.net.br\/2022\/#\/schema\/person\/2d205a608a5aa97ac279d7a5e6d89ad8","name":"Roberto","image":{"@type":"ImageObject","inLanguage":"pt-BR","@id":"https:\/\/secure.gravatar.com\/avatar\/42749d8b712ff9d59ca93dc150494e5b55a44134482993f5baeb97e61b7ecc89?s=96&d=mm&r=g","url":"https:\/\/secure.gravatar.com\/avatar\/42749d8b712ff9d59ca93dc150494e5b55a44134482993f5baeb97e61b7ecc89?s=96&d=mm&r=g","contentUrl":"https:\/\/secure.gravatar.com\/avatar\/42749d8b712ff9d59ca93dc150494e5b55a44134482993f5baeb97e61b7ecc89?s=96&d=mm&r=g","caption":"Roberto"},"url":"https:\/\/regiaonews.net.br\/2022\/author\/roberto\/"}]}},"publishpress_future_action":{"enabled":false,"date":"2026-05-03 14:19:54","action":"change-status","newStatus":"draft","terms":[],"taxonomy":"category","extraData":[]},"publishpress_future_workflow_manual_trigger":{"enabledWorkflows":[]},"_links":{"self":[{"href":"https:\/\/regiaonews.net.br\/2022\/wp-json\/wp\/v2\/posts\/101579","targetHints":{"allow":["GET"]}}],"collection":[{"href":"https:\/\/regiaonews.net.br\/2022\/wp-json\/wp\/v2\/posts"}],"about":[{"href":"https:\/\/regiaonews.net.br\/2022\/wp-json\/wp\/v2\/types\/post"}],"author":[{"embeddable":true,"href":"https:\/\/regiaonews.net.br\/2022\/wp-json\/wp\/v2\/users\/2"}],"replies":[{"embeddable":true,"href":"https:\/\/regiaonews.net.br\/2022\/wp-json\/wp\/v2\/comments?post=101579"}],"version-history":[{"count":1,"href":"https:\/\/regiaonews.net.br\/2022\/wp-json\/wp\/v2\/posts\/101579\/revisions"}],"predecessor-version":[{"id":101581,"href":"https:\/\/regiaonews.net.br\/2022\/wp-json\/wp\/v2\/posts\/101579\/revisions\/101581"}],"wp:featuredmedia":[{"embeddable":true,"href":"https:\/\/regiaonews.net.br\/2022\/wp-json\/wp\/v2\/media\/101580"}],"wp:attachment":[{"href":"https:\/\/regiaonews.net.br\/2022\/wp-json\/wp\/v2\/media?parent=101579"}],"wp:term":[{"taxonomy":"category","embeddable":true,"href":"https:\/\/regiaonews.net.br\/2022\/wp-json\/wp\/v2\/categories?post=101579"},{"taxonomy":"post_tag","embeddable":true,"href":"https:\/\/regiaonews.net.br\/2022\/wp-json\/wp\/v2\/tags?post=101579"}],"curies":[{"name":"wp","href":"https:\/\/api.w.org\/{rel}","templated":true}]}}