{"id":101551,"date":"2024-02-21T11:51:42","date_gmt":"2024-02-21T14:51:42","guid":{"rendered":"https:\/\/regiaonews.net.br\/2022\/?p=101551"},"modified":"2024-02-21T11:51:42","modified_gmt":"2024-02-21T14:51:42","slug":"boate-flash-back-do-rio-das-pedras-acontece-no-mes-de-marco","status":"publish","type":"post","link":"https:\/\/regiaonews.net.br\/2022\/2024\/02\/21\/boate-flash-back-do-rio-das-pedras-acontece-no-mes-de-marco\/","title":{"rendered":"&#8220;Boate Flash Back&#8221; do Rio das Pedras acontece no m\u00eas de mar\u00e7o"},"content":{"rendered":"<h3 style=\"text-align: center;\">A anima\u00e7\u00e3o fica por conta da Banda Seventy Company<\/h3>\n<p>Uma nova edi\u00e7\u00e3o da j\u00e1 tradicional &#8220;Boate Flash Back&#8221; do Rio das Pedras Country Club de Barretos acontece no dia 23 de mar\u00e7o, \u00e0s 21h, no Sal\u00e3o Nobre, na sede de campo, trazendo os sucessos das baladas dos anos 60 at\u00e9 os anos 90, com show ao vivo da &#8220;Banda Seventy Company&#8221; e a presen\u00e7a de um DJ.<br \/>\nA entrada \u00e9 gratuita na pista para os s\u00f3cios, visitantes podem adquirir convites de \u2018pista&#8217; por R$ 100, ao pre\u00e7o de primeiro lote. S\u00f3cios tamb\u00e9m podem optar pela modalidade &#8216;open bar\/open food\u2019, com direito ao card\u00e1pio exclusivo de bebidas e comidas do &#8220;Buffet Doce Pimenta&#8221;, o pre\u00e7o individual do convite nessa modalidade \u00e9 R$ 200, visitantes pagam R$ 300.<br \/>\nH\u00e1 ainda a op\u00e7\u00e3o de mesas na pista, cada uma com quatro lugares, reservadas por R$ 180, com balde de gelo, oito latas de cerveja ou oito latas de refrigerante, acompanhando cada mesa. Todos os pre\u00e7os podem ser parcelados em at\u00e9 tr\u00eas vezes no cart\u00e3o de cr\u00e9dito. Basta procurar a secretaria do clube, na sede central, \u00e0 Rua 16, 850, centro de Barretos. D\u00favidas podem ser resolvidas pelo (17) 3322 7099.<\/p>\n<p>&nbsp;<\/p>\n<p>&nbsp;<\/p>\n<p>Servi\u00e7o:<br \/>\nO que: &#8220;Boate Flash Back do Rio das Pedras&#8221;<br \/>\nQuando: 23 de mar\u00e7o<br \/>\nHor\u00e1rio da boate: das 21h \u00e0s 3h da manh\u00e3<br \/>\nLocal do evento: Sede de campo do RioDas<br \/>\nContato telef\u00f4nico: (17) 3322 7099 ou (17) 98213 0033<br \/>\nIngressos e mesas \u00e0 venda na sede central\u00a0do\u00a0clube<\/p>\n","protected":false},"excerpt":{"rendered":"<p>A anima\u00e7\u00e3o fica por conta da Banda Seventy Company Uma<\/p>\n","protected":false},"author":2,"featured_media":101552,"comment_status":"open","ping_status":"open","sticky":false,"template":"","format":"standard","meta":{"footnotes":""},"categories":[14,3],"tags":[],"class_list":["post-101551","post","type-post","status-publish","format-standard","has-post-thumbnail","hentry","category-barretos","category-geral"],"yoast_head":"<!-- This site is optimized with the Yoast SEO plugin v27.4 - https:\/\/yoast.com\/product\/yoast-seo-wordpress\/ -->\n<title>&quot;Boate Flash Back&quot; do Rio das Pedras acontece no m\u00eas de mar\u00e7o - Regi\u00e3o News<\/title>\n<meta name=\"robots\" content=\"index, follow, max-snippet:-1, max-image-preview:large, max-video-preview:-1\" \/>\n<link rel=\"canonical\" href=\"https:\/\/regiaonews.net.br\/2022\/2024\/02\/21\/boate-flash-back-do-rio-das-pedras-acontece-no-mes-de-marco\/\" \/>\n<meta property=\"og:locale\" content=\"pt_BR\" \/>\n<meta property=\"og:type\" content=\"article\" \/>\n<meta property=\"og:title\" content=\"&quot;Boate Flash Back&quot; do Rio das Pedras acontece no m\u00eas de mar\u00e7o - Regi\u00e3o News\" \/>\n<meta property=\"og:description\" content=\"A anima\u00e7\u00e3o fica por conta da Banda Seventy Company Uma\" \/>\n<meta property=\"og:url\" content=\"https:\/\/regiaonews.net.br\/2022\/2024\/02\/21\/boate-flash-back-do-rio-das-pedras-acontece-no-mes-de-marco\/\" \/>\n<meta property=\"og:site_name\" content=\"Regi\u00e3o News\" \/>\n<meta property=\"article:published_time\" content=\"2024-02-21T14:51:42+00:00\" \/>\n<meta property=\"og:image\" content=\"https:\/\/regiaonews.net.br\/2022\/wp-content\/uploads\/2024\/02\/Imagem-do-WhatsApp-de-2024-02-21-as-09.53.50_ee453cae.jpg\" \/>\n\t<meta property=\"og:image:width\" content=\"608\" \/>\n\t<meta property=\"og:image:height\" content=\"1080\" \/>\n\t<meta property=\"og:image:type\" content=\"image\/jpeg\" \/>\n<meta name=\"author\" content=\"Roberto\" \/>\n<meta name=\"twitter:card\" content=\"summary_large_image\" \/>\n<meta name=\"twitter:label1\" content=\"Escrito por\" \/>\n\t<meta name=\"twitter:data1\" content=\"Roberto\" \/>\n\t<meta name=\"twitter:label2\" content=\"Est. tempo de leitura\" \/>\n\t<meta name=\"twitter:data2\" content=\"2 minutos\" \/>\n<script type=\"application\/ld+json\" class=\"yoast-schema-graph\">{\"@context\":\"https:\\\/\\\/schema.org\",\"@graph\":[{\"@type\":\"Article\",\"@id\":\"https:\\\/\\\/regiaonews.net.br\\\/2022\\\/2024\\\/02\\\/21\\\/boate-flash-back-do-rio-das-pedras-acontece-no-mes-de-marco\\\/#article\",\"isPartOf\":{\"@id\":\"https:\\\/\\\/regiaonews.net.br\\\/2022\\\/2024\\\/02\\\/21\\\/boate-flash-back-do-rio-das-pedras-acontece-no-mes-de-marco\\\/\"},\"author\":{\"name\":\"Roberto\",\"@id\":\"https:\\\/\\\/regiaonews.net.br\\\/2022\\\/#\\\/schema\\\/person\\\/2d205a608a5aa97ac279d7a5e6d89ad8\"},\"headline\":\"&#8220;Boate Flash Back&#8221; do Rio das Pedras acontece no m\u00eas de mar\u00e7o\",\"datePublished\":\"2024-02-21T14:51:42+00:00\",\"mainEntityOfPage\":{\"@id\":\"https:\\\/\\\/regiaonews.net.br\\\/2022\\\/2024\\\/02\\\/21\\\/boate-flash-back-do-rio-das-pedras-acontece-no-mes-de-marco\\\/\"},\"wordCount\":262,\"commentCount\":0,\"publisher\":{\"@id\":\"https:\\\/\\\/regiaonews.net.br\\\/2022\\\/#organization\"},\"image\":{\"@id\":\"https:\\\/\\\/regiaonews.net.br\\\/2022\\\/2024\\\/02\\\/21\\\/boate-flash-back-do-rio-das-pedras-acontece-no-mes-de-marco\\\/#primaryimage\"},\"thumbnailUrl\":\"https:\\\/\\\/regiaonews.net.br\\\/2022\\\/wp-content\\\/uploads\\\/2024\\\/02\\\/Imagem-do-WhatsApp-de-2024-02-21-as-09.53.50_ee453cae.jpg\",\"articleSection\":[\"Barretos\",\"Geral\"],\"inLanguage\":\"pt-BR\",\"potentialAction\":[{\"@type\":\"CommentAction\",\"name\":\"Comment\",\"target\":[\"https:\\\/\\\/regiaonews.net.br\\\/2022\\\/2024\\\/02\\\/21\\\/boate-flash-back-do-rio-das-pedras-acontece-no-mes-de-marco\\\/#respond\"]}]},{\"@type\":\"WebPage\",\"@id\":\"https:\\\/\\\/regiaonews.net.br\\\/2022\\\/2024\\\/02\\\/21\\\/boate-flash-back-do-rio-das-pedras-acontece-no-mes-de-marco\\\/\",\"url\":\"https:\\\/\\\/regiaonews.net.br\\\/2022\\\/2024\\\/02\\\/21\\\/boate-flash-back-do-rio-das-pedras-acontece-no-mes-de-marco\\\/\",\"name\":\"\\\"Boate Flash Back\\\" do Rio das Pedras acontece no m\u00eas de mar\u00e7o - Regi\u00e3o News\",\"isPartOf\":{\"@id\":\"https:\\\/\\\/regiaonews.net.br\\\/2022\\\/#website\"},\"primaryImageOfPage\":{\"@id\":\"https:\\\/\\\/regiaonews.net.br\\\/2022\\\/2024\\\/02\\\/21\\\/boate-flash-back-do-rio-das-pedras-acontece-no-mes-de-marco\\\/#primaryimage\"},\"image\":{\"@id\":\"https:\\\/\\\/regiaonews.net.br\\\/2022\\\/2024\\\/02\\\/21\\\/boate-flash-back-do-rio-das-pedras-acontece-no-mes-de-marco\\\/#primaryimage\"},\"thumbnailUrl\":\"https:\\\/\\\/regiaonews.net.br\\\/2022\\\/wp-content\\\/uploads\\\/2024\\\/02\\\/Imagem-do-WhatsApp-de-2024-02-21-as-09.53.50_ee453cae.jpg\",\"datePublished\":\"2024-02-21T14:51:42+00:00\",\"breadcrumb\":{\"@id\":\"https:\\\/\\\/regiaonews.net.br\\\/2022\\\/2024\\\/02\\\/21\\\/boate-flash-back-do-rio-das-pedras-acontece-no-mes-de-marco\\\/#breadcrumb\"},\"inLanguage\":\"pt-BR\",\"potentialAction\":[{\"@type\":\"ReadAction\",\"target\":[\"https:\\\/\\\/regiaonews.net.br\\\/2022\\\/2024\\\/02\\\/21\\\/boate-flash-back-do-rio-das-pedras-acontece-no-mes-de-marco\\\/\"]}]},{\"@type\":\"ImageObject\",\"inLanguage\":\"pt-BR\",\"@id\":\"https:\\\/\\\/regiaonews.net.br\\\/2022\\\/2024\\\/02\\\/21\\\/boate-flash-back-do-rio-das-pedras-acontece-no-mes-de-marco\\\/#primaryimage\",\"url\":\"https:\\\/\\\/regiaonews.net.br\\\/2022\\\/wp-content\\\/uploads\\\/2024\\\/02\\\/Imagem-do-WhatsApp-de-2024-02-21-as-09.53.50_ee453cae.jpg\",\"contentUrl\":\"https:\\\/\\\/regiaonews.net.br\\\/2022\\\/wp-content\\\/uploads\\\/2024\\\/02\\\/Imagem-do-WhatsApp-de-2024-02-21-as-09.53.50_ee453cae.jpg\",\"width\":608,\"height\":1080},{\"@type\":\"BreadcrumbList\",\"@id\":\"https:\\\/\\\/regiaonews.net.br\\\/2022\\\/2024\\\/02\\\/21\\\/boate-flash-back-do-rio-das-pedras-acontece-no-mes-de-marco\\\/#breadcrumb\",\"itemListElement\":[{\"@type\":\"ListItem\",\"position\":1,\"name\":\"In\u00edcio\",\"item\":\"https:\\\/\\\/regiaonews.net.br\\\/2022\\\/\"},{\"@type\":\"ListItem\",\"position\":2,\"name\":\"&#8220;Boate Flash Back&#8221; do Rio das Pedras acontece no m\u00eas de mar\u00e7o\"}]},{\"@type\":\"WebSite\",\"@id\":\"https:\\\/\\\/regiaonews.net.br\\\/2022\\\/#website\",\"url\":\"https:\\\/\\\/regiaonews.net.br\\\/2022\\\/\",\"name\":\"Regi\u00e3o News\",\"description\":\"Site de Not\u00edcias de Barretos e regi\u00e3o\",\"publisher\":{\"@id\":\"https:\\\/\\\/regiaonews.net.br\\\/2022\\\/#organization\"},\"potentialAction\":[{\"@type\":\"SearchAction\",\"target\":{\"@type\":\"EntryPoint\",\"urlTemplate\":\"https:\\\/\\\/regiaonews.net.br\\\/2022\\\/?s={search_term_string}\"},\"query-input\":{\"@type\":\"PropertyValueSpecification\",\"valueRequired\":true,\"valueName\":\"search_term_string\"}}],\"inLanguage\":\"pt-BR\"},{\"@type\":\"Organization\",\"@id\":\"https:\\\/\\\/regiaonews.net.br\\\/2022\\\/#organization\",\"name\":\"Regi\u00e3o News\",\"url\":\"https:\\\/\\\/regiaonews.net.br\\\/2022\\\/\",\"logo\":{\"@type\":\"ImageObject\",\"inLanguage\":\"pt-BR\",\"@id\":\"https:\\\/\\\/regiaonews.net.br\\\/2022\\\/#\\\/schema\\\/logo\\\/image\\\/\",\"url\":\"https:\\\/\\\/regiaonews.net.br\\\/2022\\\/wp-content\\\/uploads\\\/2026\\\/03\\\/regiao-13-anos-scaled.jpg\",\"contentUrl\":\"https:\\\/\\\/regiaonews.net.br\\\/2022\\\/wp-content\\\/uploads\\\/2026\\\/03\\\/regiao-13-anos-scaled.jpg\",\"width\":2560,\"height\":635,\"caption\":\"Regi\u00e3o News\"},\"image\":{\"@id\":\"https:\\\/\\\/regiaonews.net.br\\\/2022\\\/#\\\/schema\\\/logo\\\/image\\\/\"}},{\"@type\":\"Person\",\"@id\":\"https:\\\/\\\/regiaonews.net.br\\\/2022\\\/#\\\/schema\\\/person\\\/2d205a608a5aa97ac279d7a5e6d89ad8\",\"name\":\"Roberto\",\"image\":{\"@type\":\"ImageObject\",\"inLanguage\":\"pt-BR\",\"@id\":\"https:\\\/\\\/secure.gravatar.com\\\/avatar\\\/42749d8b712ff9d59ca93dc150494e5b55a44134482993f5baeb97e61b7ecc89?s=96&d=mm&r=g\",\"url\":\"https:\\\/\\\/secure.gravatar.com\\\/avatar\\\/42749d8b712ff9d59ca93dc150494e5b55a44134482993f5baeb97e61b7ecc89?s=96&d=mm&r=g\",\"contentUrl\":\"https:\\\/\\\/secure.gravatar.com\\\/avatar\\\/42749d8b712ff9d59ca93dc150494e5b55a44134482993f5baeb97e61b7ecc89?s=96&d=mm&r=g\",\"caption\":\"Roberto\"},\"url\":\"https:\\\/\\\/regiaonews.net.br\\\/2022\\\/author\\\/roberto\\\/\"}]}<\/script>\n<!-- \/ Yoast SEO plugin. -->","yoast_head_json":{"title":"\"Boate Flash Back\" do Rio das Pedras acontece no m\u00eas de mar\u00e7o - Regi\u00e3o News","robots":{"index":"index","follow":"follow","max-snippet":"max-snippet:-1","max-image-preview":"max-image-preview:large","max-video-preview":"max-video-preview:-1"},"canonical":"https:\/\/regiaonews.net.br\/2022\/2024\/02\/21\/boate-flash-back-do-rio-das-pedras-acontece-no-mes-de-marco\/","og_locale":"pt_BR","og_type":"article","og_title":"\"Boate Flash Back\" do Rio das Pedras acontece no m\u00eas de mar\u00e7o - Regi\u00e3o News","og_description":"A anima\u00e7\u00e3o fica por conta da Banda Seventy Company Uma","og_url":"https:\/\/regiaonews.net.br\/2022\/2024\/02\/21\/boate-flash-back-do-rio-das-pedras-acontece-no-mes-de-marco\/","og_site_name":"Regi\u00e3o News","article_published_time":"2024-02-21T14:51:42+00:00","og_image":[{"width":608,"height":1080,"url":"https:\/\/regiaonews.net.br\/2022\/wp-content\/uploads\/2024\/02\/Imagem-do-WhatsApp-de-2024-02-21-as-09.53.50_ee453cae.jpg","type":"image\/jpeg"}],"author":"Roberto","twitter_card":"summary_large_image","twitter_misc":{"Escrito por":"Roberto","Est. tempo de leitura":"2 minutos"},"schema":{"@context":"https:\/\/schema.org","@graph":[{"@type":"Article","@id":"https:\/\/regiaonews.net.br\/2022\/2024\/02\/21\/boate-flash-back-do-rio-das-pedras-acontece-no-mes-de-marco\/#article","isPartOf":{"@id":"https:\/\/regiaonews.net.br\/2022\/2024\/02\/21\/boate-flash-back-do-rio-das-pedras-acontece-no-mes-de-marco\/"},"author":{"name":"Roberto","@id":"https:\/\/regiaonews.net.br\/2022\/#\/schema\/person\/2d205a608a5aa97ac279d7a5e6d89ad8"},"headline":"&#8220;Boate Flash Back&#8221; do Rio das Pedras acontece no m\u00eas de mar\u00e7o","datePublished":"2024-02-21T14:51:42+00:00","mainEntityOfPage":{"@id":"https:\/\/regiaonews.net.br\/2022\/2024\/02\/21\/boate-flash-back-do-rio-das-pedras-acontece-no-mes-de-marco\/"},"wordCount":262,"commentCount":0,"publisher":{"@id":"https:\/\/regiaonews.net.br\/2022\/#organization"},"image":{"@id":"https:\/\/regiaonews.net.br\/2022\/2024\/02\/21\/boate-flash-back-do-rio-das-pedras-acontece-no-mes-de-marco\/#primaryimage"},"thumbnailUrl":"https:\/\/regiaonews.net.br\/2022\/wp-content\/uploads\/2024\/02\/Imagem-do-WhatsApp-de-2024-02-21-as-09.53.50_ee453cae.jpg","articleSection":["Barretos","Geral"],"inLanguage":"pt-BR","potentialAction":[{"@type":"CommentAction","name":"Comment","target":["https:\/\/regiaonews.net.br\/2022\/2024\/02\/21\/boate-flash-back-do-rio-das-pedras-acontece-no-mes-de-marco\/#respond"]}]},{"@type":"WebPage","@id":"https:\/\/regiaonews.net.br\/2022\/2024\/02\/21\/boate-flash-back-do-rio-das-pedras-acontece-no-mes-de-marco\/","url":"https:\/\/regiaonews.net.br\/2022\/2024\/02\/21\/boate-flash-back-do-rio-das-pedras-acontece-no-mes-de-marco\/","name":"\"Boate Flash Back\" do Rio das Pedras acontece no m\u00eas de mar\u00e7o - Regi\u00e3o News","isPartOf":{"@id":"https:\/\/regiaonews.net.br\/2022\/#website"},"primaryImageOfPage":{"@id":"https:\/\/regiaonews.net.br\/2022\/2024\/02\/21\/boate-flash-back-do-rio-das-pedras-acontece-no-mes-de-marco\/#primaryimage"},"image":{"@id":"https:\/\/regiaonews.net.br\/2022\/2024\/02\/21\/boate-flash-back-do-rio-das-pedras-acontece-no-mes-de-marco\/#primaryimage"},"thumbnailUrl":"https:\/\/regiaonews.net.br\/2022\/wp-content\/uploads\/2024\/02\/Imagem-do-WhatsApp-de-2024-02-21-as-09.53.50_ee453cae.jpg","datePublished":"2024-02-21T14:51:42+00:00","breadcrumb":{"@id":"https:\/\/regiaonews.net.br\/2022\/2024\/02\/21\/boate-flash-back-do-rio-das-pedras-acontece-no-mes-de-marco\/#breadcrumb"},"inLanguage":"pt-BR","potentialAction":[{"@type":"ReadAction","target":["https:\/\/regiaonews.net.br\/2022\/2024\/02\/21\/boate-flash-back-do-rio-das-pedras-acontece-no-mes-de-marco\/"]}]},{"@type":"ImageObject","inLanguage":"pt-BR","@id":"https:\/\/regiaonews.net.br\/2022\/2024\/02\/21\/boate-flash-back-do-rio-das-pedras-acontece-no-mes-de-marco\/#primaryimage","url":"https:\/\/regiaonews.net.br\/2022\/wp-content\/uploads\/2024\/02\/Imagem-do-WhatsApp-de-2024-02-21-as-09.53.50_ee453cae.jpg","contentUrl":"https:\/\/regiaonews.net.br\/2022\/wp-content\/uploads\/2024\/02\/Imagem-do-WhatsApp-de-2024-02-21-as-09.53.50_ee453cae.jpg","width":608,"height":1080},{"@type":"BreadcrumbList","@id":"https:\/\/regiaonews.net.br\/2022\/2024\/02\/21\/boate-flash-back-do-rio-das-pedras-acontece-no-mes-de-marco\/#breadcrumb","itemListElement":[{"@type":"ListItem","position":1,"name":"In\u00edcio","item":"https:\/\/regiaonews.net.br\/2022\/"},{"@type":"ListItem","position":2,"name":"&#8220;Boate Flash Back&#8221; do Rio das Pedras acontece no m\u00eas de mar\u00e7o"}]},{"@type":"WebSite","@id":"https:\/\/regiaonews.net.br\/2022\/#website","url":"https:\/\/regiaonews.net.br\/2022\/","name":"Regi\u00e3o News","description":"Site de Not\u00edcias de Barretos e regi\u00e3o","publisher":{"@id":"https:\/\/regiaonews.net.br\/2022\/#organization"},"potentialAction":[{"@type":"SearchAction","target":{"@type":"EntryPoint","urlTemplate":"https:\/\/regiaonews.net.br\/2022\/?s={search_term_string}"},"query-input":{"@type":"PropertyValueSpecification","valueRequired":true,"valueName":"search_term_string"}}],"inLanguage":"pt-BR"},{"@type":"Organization","@id":"https:\/\/regiaonews.net.br\/2022\/#organization","name":"Regi\u00e3o News","url":"https:\/\/regiaonews.net.br\/2022\/","logo":{"@type":"ImageObject","inLanguage":"pt-BR","@id":"https:\/\/regiaonews.net.br\/2022\/#\/schema\/logo\/image\/","url":"https:\/\/regiaonews.net.br\/2022\/wp-content\/uploads\/2026\/03\/regiao-13-anos-scaled.jpg","contentUrl":"https:\/\/regiaonews.net.br\/2022\/wp-content\/uploads\/2026\/03\/regiao-13-anos-scaled.jpg","width":2560,"height":635,"caption":"Regi\u00e3o News"},"image":{"@id":"https:\/\/regiaonews.net.br\/2022\/#\/schema\/logo\/image\/"}},{"@type":"Person","@id":"https:\/\/regiaonews.net.br\/2022\/#\/schema\/person\/2d205a608a5aa97ac279d7a5e6d89ad8","name":"Roberto","image":{"@type":"ImageObject","inLanguage":"pt-BR","@id":"https:\/\/secure.gravatar.com\/avatar\/42749d8b712ff9d59ca93dc150494e5b55a44134482993f5baeb97e61b7ecc89?s=96&d=mm&r=g","url":"https:\/\/secure.gravatar.com\/avatar\/42749d8b712ff9d59ca93dc150494e5b55a44134482993f5baeb97e61b7ecc89?s=96&d=mm&r=g","contentUrl":"https:\/\/secure.gravatar.com\/avatar\/42749d8b712ff9d59ca93dc150494e5b55a44134482993f5baeb97e61b7ecc89?s=96&d=mm&r=g","caption":"Roberto"},"url":"https:\/\/regiaonews.net.br\/2022\/author\/roberto\/"}]}},"publishpress_future_action":{"enabled":false,"date":"2026-05-03 02:51:31","action":"change-status","newStatus":"draft","terms":[],"taxonomy":"category","extraData":[]},"publishpress_future_workflow_manual_trigger":{"enabledWorkflows":[]},"_links":{"self":[{"href":"https:\/\/regiaonews.net.br\/2022\/wp-json\/wp\/v2\/posts\/101551","targetHints":{"allow":["GET"]}}],"collection":[{"href":"https:\/\/regiaonews.net.br\/2022\/wp-json\/wp\/v2\/posts"}],"about":[{"href":"https:\/\/regiaonews.net.br\/2022\/wp-json\/wp\/v2\/types\/post"}],"author":[{"embeddable":true,"href":"https:\/\/regiaonews.net.br\/2022\/wp-json\/wp\/v2\/users\/2"}],"replies":[{"embeddable":true,"href":"https:\/\/regiaonews.net.br\/2022\/wp-json\/wp\/v2\/comments?post=101551"}],"version-history":[{"count":1,"href":"https:\/\/regiaonews.net.br\/2022\/wp-json\/wp\/v2\/posts\/101551\/revisions"}],"predecessor-version":[{"id":101553,"href":"https:\/\/regiaonews.net.br\/2022\/wp-json\/wp\/v2\/posts\/101551\/revisions\/101553"}],"wp:featuredmedia":[{"embeddable":true,"href":"https:\/\/regiaonews.net.br\/2022\/wp-json\/wp\/v2\/media\/101552"}],"wp:attachment":[{"href":"https:\/\/regiaonews.net.br\/2022\/wp-json\/wp\/v2\/media?parent=101551"}],"wp:term":[{"taxonomy":"category","embeddable":true,"href":"https:\/\/regiaonews.net.br\/2022\/wp-json\/wp\/v2\/categories?post=101551"},{"taxonomy":"post_tag","embeddable":true,"href":"https:\/\/regiaonews.net.br\/2022\/wp-json\/wp\/v2\/tags?post=101551"}],"curies":[{"name":"wp","href":"https:\/\/api.w.org\/{rel}","templated":true}]}}