{"id":101450,"date":"2024-02-19T12:48:38","date_gmt":"2024-02-19T15:48:38","guid":{"rendered":"https:\/\/regiaonews.net.br\/2022\/?p=101450"},"modified":"2024-02-19T14:49:45","modified_gmt":"2024-02-19T17:49:45","slug":"pm-ambiental-resgata-67-aves-nativas-transportadas-em-onibus-de-viagem-na-divisa-entre-sp-e-mg","status":"publish","type":"post","link":"https:\/\/regiaonews.net.br\/2022\/2024\/02\/19\/pm-ambiental-resgata-67-aves-nativas-transportadas-em-onibus-de-viagem-na-divisa-entre-sp-e-mg\/","title":{"rendered":"PM Ambiental resgata 67 aves nativas transportadas em \u00f4nibus de viagem na divisa entre SP e MG"},"content":{"rendered":"<div class=\"col-lg-12 mt-2 justify\">\n<p class=\"justify\" style=\"text-align: center;\">Onze pessoas foram autuadas por tr\u00e1fico de animais e maus tratos, com multas que ultrapassam o valor de R$ 237 mil<\/p>\n<\/div>\n<div class=\"col-lg-12 mt-3 justify\">\n<div>\n<div>A Pol\u00edcia Militar Ambiental resgatou na tarde de s\u00e1bado (17) 67 aves nativas que estavam sendo transportavas em um \u00f4nibus de turismo. A a\u00e7\u00e3o aconteceu na rodovia Vicinal, em Franca, j\u00e1 na divisa entre S\u00e3o Paulo e Minas Gerais. Cerca de onze pessoas foram autuadas por maus tratos e tr\u00e1fico de animais, com multas que chegaram a mais de R$ 237 mil.<\/div>\n<div><\/div>\n<div>Os policiais realizavam bloqueio na via quando se depararam com um \u00f4nibus alvo de uma den\u00fancia sobre transporte ilegal de aves. A equipe parou o coletivo e iniciou as buscas nas malas, com aux\u00edlio de c\u00e3es farejadores do 11\u00ba Batalh\u00e3o de A\u00e7\u00f5es Especiais (BAEP).<\/div>\n<div><\/div>\n<div>Dos 41 passageiros, 11 foram flagrados levando p\u00e1ssaros em suas bagagens. Os policiais encontraram 67 aves nativas &#8211; sendo 36 colerinhos e 30 trinca ferro \u2013, provenientes de uma captura recente na cidade de Ibiraci, em Minas Gerais.<\/div>\n<div>\n<div>Al\u00e9m de n\u00e3o possu\u00edrem autoriza\u00e7\u00e3o para transportar as aves, os autuados ainda levavam os animais em caixas inadequadas, sem comida e \u00e1gua, o que caracteriza maus tratos. Tamb\u00e9m foram apreendidas sete caixas de conten\u00e7\u00e3o e 21 gaiolas.<\/div>\n<div><\/div>\n<div>Na a\u00e7\u00e3o, foi elaborado um auto de infra\u00e7\u00e3o por maus tratos de R$ 204 mil e outro, de transporte de ave sem autoriza\u00e7\u00e3o, no valor de R$ 33,5 mil, totalizando R$ 237,5 mil em multas.<\/div>\n<div><\/div>\n<div>Ap\u00f3s serem encontradas, as aves foram libertas. O caso ser\u00e1 apresentado para a Pol\u00edcia Civil, por meio de of\u00edcio.<\/div>\n<div><\/div>\n<div>Fonte &#8211; Portal SSP<\/div>\n<\/div>\n<\/div>\n<\/div>\n","protected":false},"excerpt":{"rendered":"<p>Onze pessoas foram autuadas por tr\u00e1fico de animais e maus<\/p>\n","protected":false},"author":2,"featured_media":101451,"comment_status":"open","ping_status":"open","sticky":false,"template":"","format":"standard","meta":{"footnotes":""},"categories":[72,23],"tags":[],"class_list":["post-101450","post","type-post","status-publish","format-standard","has-post-thumbnail","hentry","category-franca","category-policia"],"yoast_head":"<!-- This site is optimized with the Yoast SEO plugin v27.4 - https:\/\/yoast.com\/product\/yoast-seo-wordpress\/ -->\n<title>PM Ambiental resgata 67 aves nativas transportadas em \u00f4nibus de viagem na divisa entre SP e MG - Regi\u00e3o News<\/title>\n<meta name=\"robots\" content=\"index, follow, max-snippet:-1, max-image-preview:large, max-video-preview:-1\" \/>\n<link rel=\"canonical\" href=\"https:\/\/regiaonews.net.br\/2022\/2024\/02\/19\/pm-ambiental-resgata-67-aves-nativas-transportadas-em-onibus-de-viagem-na-divisa-entre-sp-e-mg\/\" \/>\n<meta property=\"og:locale\" content=\"pt_BR\" \/>\n<meta property=\"og:type\" content=\"article\" \/>\n<meta property=\"og:title\" content=\"PM Ambiental resgata 67 aves nativas transportadas em \u00f4nibus de viagem na divisa entre SP e MG - Regi\u00e3o News\" \/>\n<meta property=\"og:description\" content=\"Onze pessoas foram autuadas por tr\u00e1fico de animais e maus\" \/>\n<meta property=\"og:url\" content=\"https:\/\/regiaonews.net.br\/2022\/2024\/02\/19\/pm-ambiental-resgata-67-aves-nativas-transportadas-em-onibus-de-viagem-na-divisa-entre-sp-e-mg\/\" \/>\n<meta property=\"og:site_name\" content=\"Regi\u00e3o News\" \/>\n<meta property=\"article:published_time\" content=\"2024-02-19T15:48:38+00:00\" \/>\n<meta property=\"article:modified_time\" content=\"2024-02-19T17:49:45+00:00\" \/>\n<meta property=\"og:image\" content=\"https:\/\/regiaonews.net.br\/2022\/wp-content\/uploads\/2024\/02\/00053187.jpg\" \/>\n\t<meta property=\"og:image:width\" content=\"1600\" \/>\n\t<meta property=\"og:image:height\" content=\"1200\" \/>\n\t<meta property=\"og:image:type\" content=\"image\/jpeg\" \/>\n<meta name=\"author\" content=\"Roberto\" \/>\n<meta name=\"twitter:card\" content=\"summary_large_image\" \/>\n<meta name=\"twitter:label1\" content=\"Escrito por\" \/>\n\t<meta name=\"twitter:data1\" content=\"Roberto\" \/>\n\t<meta name=\"twitter:label2\" content=\"Est. tempo de leitura\" \/>\n\t<meta name=\"twitter:data2\" content=\"2 minutos\" \/>\n<script type=\"application\/ld+json\" class=\"yoast-schema-graph\">{\"@context\":\"https:\\\/\\\/schema.org\",\"@graph\":[{\"@type\":\"Article\",\"@id\":\"https:\\\/\\\/regiaonews.net.br\\\/2022\\\/2024\\\/02\\\/19\\\/pm-ambiental-resgata-67-aves-nativas-transportadas-em-onibus-de-viagem-na-divisa-entre-sp-e-mg\\\/#article\",\"isPartOf\":{\"@id\":\"https:\\\/\\\/regiaonews.net.br\\\/2022\\\/2024\\\/02\\\/19\\\/pm-ambiental-resgata-67-aves-nativas-transportadas-em-onibus-de-viagem-na-divisa-entre-sp-e-mg\\\/\"},\"author\":{\"name\":\"Roberto\",\"@id\":\"https:\\\/\\\/regiaonews.net.br\\\/2022\\\/#\\\/schema\\\/person\\\/2d205a608a5aa97ac279d7a5e6d89ad8\"},\"headline\":\"PM Ambiental resgata 67 aves nativas transportadas em \u00f4nibus de viagem na divisa entre SP e MG\",\"datePublished\":\"2024-02-19T15:48:38+00:00\",\"dateModified\":\"2024-02-19T17:49:45+00:00\",\"mainEntityOfPage\":{\"@id\":\"https:\\\/\\\/regiaonews.net.br\\\/2022\\\/2024\\\/02\\\/19\\\/pm-ambiental-resgata-67-aves-nativas-transportadas-em-onibus-de-viagem-na-divisa-entre-sp-e-mg\\\/\"},\"wordCount\":285,\"commentCount\":0,\"publisher\":{\"@id\":\"https:\\\/\\\/regiaonews.net.br\\\/2022\\\/#organization\"},\"image\":{\"@id\":\"https:\\\/\\\/regiaonews.net.br\\\/2022\\\/2024\\\/02\\\/19\\\/pm-ambiental-resgata-67-aves-nativas-transportadas-em-onibus-de-viagem-na-divisa-entre-sp-e-mg\\\/#primaryimage\"},\"thumbnailUrl\":\"https:\\\/\\\/regiaonews.net.br\\\/2022\\\/wp-content\\\/uploads\\\/2024\\\/02\\\/00053187.jpg\",\"articleSection\":[\"Franca\",\"Policia\"],\"inLanguage\":\"pt-BR\",\"potentialAction\":[{\"@type\":\"CommentAction\",\"name\":\"Comment\",\"target\":[\"https:\\\/\\\/regiaonews.net.br\\\/2022\\\/2024\\\/02\\\/19\\\/pm-ambiental-resgata-67-aves-nativas-transportadas-em-onibus-de-viagem-na-divisa-entre-sp-e-mg\\\/#respond\"]}]},{\"@type\":\"WebPage\",\"@id\":\"https:\\\/\\\/regiaonews.net.br\\\/2022\\\/2024\\\/02\\\/19\\\/pm-ambiental-resgata-67-aves-nativas-transportadas-em-onibus-de-viagem-na-divisa-entre-sp-e-mg\\\/\",\"url\":\"https:\\\/\\\/regiaonews.net.br\\\/2022\\\/2024\\\/02\\\/19\\\/pm-ambiental-resgata-67-aves-nativas-transportadas-em-onibus-de-viagem-na-divisa-entre-sp-e-mg\\\/\",\"name\":\"PM Ambiental resgata 67 aves nativas transportadas em \u00f4nibus de viagem na divisa entre SP e MG - Regi\u00e3o News\",\"isPartOf\":{\"@id\":\"https:\\\/\\\/regiaonews.net.br\\\/2022\\\/#website\"},\"primaryImageOfPage\":{\"@id\":\"https:\\\/\\\/regiaonews.net.br\\\/2022\\\/2024\\\/02\\\/19\\\/pm-ambiental-resgata-67-aves-nativas-transportadas-em-onibus-de-viagem-na-divisa-entre-sp-e-mg\\\/#primaryimage\"},\"image\":{\"@id\":\"https:\\\/\\\/regiaonews.net.br\\\/2022\\\/2024\\\/02\\\/19\\\/pm-ambiental-resgata-67-aves-nativas-transportadas-em-onibus-de-viagem-na-divisa-entre-sp-e-mg\\\/#primaryimage\"},\"thumbnailUrl\":\"https:\\\/\\\/regiaonews.net.br\\\/2022\\\/wp-content\\\/uploads\\\/2024\\\/02\\\/00053187.jpg\",\"datePublished\":\"2024-02-19T15:48:38+00:00\",\"dateModified\":\"2024-02-19T17:49:45+00:00\",\"breadcrumb\":{\"@id\":\"https:\\\/\\\/regiaonews.net.br\\\/2022\\\/2024\\\/02\\\/19\\\/pm-ambiental-resgata-67-aves-nativas-transportadas-em-onibus-de-viagem-na-divisa-entre-sp-e-mg\\\/#breadcrumb\"},\"inLanguage\":\"pt-BR\",\"potentialAction\":[{\"@type\":\"ReadAction\",\"target\":[\"https:\\\/\\\/regiaonews.net.br\\\/2022\\\/2024\\\/02\\\/19\\\/pm-ambiental-resgata-67-aves-nativas-transportadas-em-onibus-de-viagem-na-divisa-entre-sp-e-mg\\\/\"]}]},{\"@type\":\"ImageObject\",\"inLanguage\":\"pt-BR\",\"@id\":\"https:\\\/\\\/regiaonews.net.br\\\/2022\\\/2024\\\/02\\\/19\\\/pm-ambiental-resgata-67-aves-nativas-transportadas-em-onibus-de-viagem-na-divisa-entre-sp-e-mg\\\/#primaryimage\",\"url\":\"https:\\\/\\\/regiaonews.net.br\\\/2022\\\/wp-content\\\/uploads\\\/2024\\\/02\\\/00053187.jpg\",\"contentUrl\":\"https:\\\/\\\/regiaonews.net.br\\\/2022\\\/wp-content\\\/uploads\\\/2024\\\/02\\\/00053187.jpg\",\"width\":1600,\"height\":1200},{\"@type\":\"BreadcrumbList\",\"@id\":\"https:\\\/\\\/regiaonews.net.br\\\/2022\\\/2024\\\/02\\\/19\\\/pm-ambiental-resgata-67-aves-nativas-transportadas-em-onibus-de-viagem-na-divisa-entre-sp-e-mg\\\/#breadcrumb\",\"itemListElement\":[{\"@type\":\"ListItem\",\"position\":1,\"name\":\"In\u00edcio\",\"item\":\"https:\\\/\\\/regiaonews.net.br\\\/2022\\\/\"},{\"@type\":\"ListItem\",\"position\":2,\"name\":\"PM Ambiental resgata 67 aves nativas transportadas em \u00f4nibus de viagem na divisa entre SP e MG\"}]},{\"@type\":\"WebSite\",\"@id\":\"https:\\\/\\\/regiaonews.net.br\\\/2022\\\/#website\",\"url\":\"https:\\\/\\\/regiaonews.net.br\\\/2022\\\/\",\"name\":\"Regi\u00e3o News\",\"description\":\"Site de Not\u00edcias de Barretos e regi\u00e3o\",\"publisher\":{\"@id\":\"https:\\\/\\\/regiaonews.net.br\\\/2022\\\/#organization\"},\"potentialAction\":[{\"@type\":\"SearchAction\",\"target\":{\"@type\":\"EntryPoint\",\"urlTemplate\":\"https:\\\/\\\/regiaonews.net.br\\\/2022\\\/?s={search_term_string}\"},\"query-input\":{\"@type\":\"PropertyValueSpecification\",\"valueRequired\":true,\"valueName\":\"search_term_string\"}}],\"inLanguage\":\"pt-BR\"},{\"@type\":\"Organization\",\"@id\":\"https:\\\/\\\/regiaonews.net.br\\\/2022\\\/#organization\",\"name\":\"Regi\u00e3o News\",\"url\":\"https:\\\/\\\/regiaonews.net.br\\\/2022\\\/\",\"logo\":{\"@type\":\"ImageObject\",\"inLanguage\":\"pt-BR\",\"@id\":\"https:\\\/\\\/regiaonews.net.br\\\/2022\\\/#\\\/schema\\\/logo\\\/image\\\/\",\"url\":\"https:\\\/\\\/regiaonews.net.br\\\/2022\\\/wp-content\\\/uploads\\\/2026\\\/03\\\/regiao-13-anos-scaled.jpg\",\"contentUrl\":\"https:\\\/\\\/regiaonews.net.br\\\/2022\\\/wp-content\\\/uploads\\\/2026\\\/03\\\/regiao-13-anos-scaled.jpg\",\"width\":2560,\"height\":635,\"caption\":\"Regi\u00e3o News\"},\"image\":{\"@id\":\"https:\\\/\\\/regiaonews.net.br\\\/2022\\\/#\\\/schema\\\/logo\\\/image\\\/\"}},{\"@type\":\"Person\",\"@id\":\"https:\\\/\\\/regiaonews.net.br\\\/2022\\\/#\\\/schema\\\/person\\\/2d205a608a5aa97ac279d7a5e6d89ad8\",\"name\":\"Roberto\",\"image\":{\"@type\":\"ImageObject\",\"inLanguage\":\"pt-BR\",\"@id\":\"https:\\\/\\\/secure.gravatar.com\\\/avatar\\\/42749d8b712ff9d59ca93dc150494e5b55a44134482993f5baeb97e61b7ecc89?s=96&d=mm&r=g\",\"url\":\"https:\\\/\\\/secure.gravatar.com\\\/avatar\\\/42749d8b712ff9d59ca93dc150494e5b55a44134482993f5baeb97e61b7ecc89?s=96&d=mm&r=g\",\"contentUrl\":\"https:\\\/\\\/secure.gravatar.com\\\/avatar\\\/42749d8b712ff9d59ca93dc150494e5b55a44134482993f5baeb97e61b7ecc89?s=96&d=mm&r=g\",\"caption\":\"Roberto\"},\"url\":\"https:\\\/\\\/regiaonews.net.br\\\/2022\\\/author\\\/roberto\\\/\"}]}<\/script>\n<!-- \/ Yoast SEO plugin. -->","yoast_head_json":{"title":"PM Ambiental resgata 67 aves nativas transportadas em \u00f4nibus de viagem na divisa entre SP e MG - Regi\u00e3o News","robots":{"index":"index","follow":"follow","max-snippet":"max-snippet:-1","max-image-preview":"max-image-preview:large","max-video-preview":"max-video-preview:-1"},"canonical":"https:\/\/regiaonews.net.br\/2022\/2024\/02\/19\/pm-ambiental-resgata-67-aves-nativas-transportadas-em-onibus-de-viagem-na-divisa-entre-sp-e-mg\/","og_locale":"pt_BR","og_type":"article","og_title":"PM Ambiental resgata 67 aves nativas transportadas em \u00f4nibus de viagem na divisa entre SP e MG - Regi\u00e3o News","og_description":"Onze pessoas foram autuadas por tr\u00e1fico de animais e maus","og_url":"https:\/\/regiaonews.net.br\/2022\/2024\/02\/19\/pm-ambiental-resgata-67-aves-nativas-transportadas-em-onibus-de-viagem-na-divisa-entre-sp-e-mg\/","og_site_name":"Regi\u00e3o News","article_published_time":"2024-02-19T15:48:38+00:00","article_modified_time":"2024-02-19T17:49:45+00:00","og_image":[{"width":1600,"height":1200,"url":"https:\/\/regiaonews.net.br\/2022\/wp-content\/uploads\/2024\/02\/00053187.jpg","type":"image\/jpeg"}],"author":"Roberto","twitter_card":"summary_large_image","twitter_misc":{"Escrito por":"Roberto","Est. tempo de leitura":"2 minutos"},"schema":{"@context":"https:\/\/schema.org","@graph":[{"@type":"Article","@id":"https:\/\/regiaonews.net.br\/2022\/2024\/02\/19\/pm-ambiental-resgata-67-aves-nativas-transportadas-em-onibus-de-viagem-na-divisa-entre-sp-e-mg\/#article","isPartOf":{"@id":"https:\/\/regiaonews.net.br\/2022\/2024\/02\/19\/pm-ambiental-resgata-67-aves-nativas-transportadas-em-onibus-de-viagem-na-divisa-entre-sp-e-mg\/"},"author":{"name":"Roberto","@id":"https:\/\/regiaonews.net.br\/2022\/#\/schema\/person\/2d205a608a5aa97ac279d7a5e6d89ad8"},"headline":"PM Ambiental resgata 67 aves nativas transportadas em \u00f4nibus de viagem na divisa entre SP e MG","datePublished":"2024-02-19T15:48:38+00:00","dateModified":"2024-02-19T17:49:45+00:00","mainEntityOfPage":{"@id":"https:\/\/regiaonews.net.br\/2022\/2024\/02\/19\/pm-ambiental-resgata-67-aves-nativas-transportadas-em-onibus-de-viagem-na-divisa-entre-sp-e-mg\/"},"wordCount":285,"commentCount":0,"publisher":{"@id":"https:\/\/regiaonews.net.br\/2022\/#organization"},"image":{"@id":"https:\/\/regiaonews.net.br\/2022\/2024\/02\/19\/pm-ambiental-resgata-67-aves-nativas-transportadas-em-onibus-de-viagem-na-divisa-entre-sp-e-mg\/#primaryimage"},"thumbnailUrl":"https:\/\/regiaonews.net.br\/2022\/wp-content\/uploads\/2024\/02\/00053187.jpg","articleSection":["Franca","Policia"],"inLanguage":"pt-BR","potentialAction":[{"@type":"CommentAction","name":"Comment","target":["https:\/\/regiaonews.net.br\/2022\/2024\/02\/19\/pm-ambiental-resgata-67-aves-nativas-transportadas-em-onibus-de-viagem-na-divisa-entre-sp-e-mg\/#respond"]}]},{"@type":"WebPage","@id":"https:\/\/regiaonews.net.br\/2022\/2024\/02\/19\/pm-ambiental-resgata-67-aves-nativas-transportadas-em-onibus-de-viagem-na-divisa-entre-sp-e-mg\/","url":"https:\/\/regiaonews.net.br\/2022\/2024\/02\/19\/pm-ambiental-resgata-67-aves-nativas-transportadas-em-onibus-de-viagem-na-divisa-entre-sp-e-mg\/","name":"PM Ambiental resgata 67 aves nativas transportadas em \u00f4nibus de viagem na divisa entre SP e MG - Regi\u00e3o News","isPartOf":{"@id":"https:\/\/regiaonews.net.br\/2022\/#website"},"primaryImageOfPage":{"@id":"https:\/\/regiaonews.net.br\/2022\/2024\/02\/19\/pm-ambiental-resgata-67-aves-nativas-transportadas-em-onibus-de-viagem-na-divisa-entre-sp-e-mg\/#primaryimage"},"image":{"@id":"https:\/\/regiaonews.net.br\/2022\/2024\/02\/19\/pm-ambiental-resgata-67-aves-nativas-transportadas-em-onibus-de-viagem-na-divisa-entre-sp-e-mg\/#primaryimage"},"thumbnailUrl":"https:\/\/regiaonews.net.br\/2022\/wp-content\/uploads\/2024\/02\/00053187.jpg","datePublished":"2024-02-19T15:48:38+00:00","dateModified":"2024-02-19T17:49:45+00:00","breadcrumb":{"@id":"https:\/\/regiaonews.net.br\/2022\/2024\/02\/19\/pm-ambiental-resgata-67-aves-nativas-transportadas-em-onibus-de-viagem-na-divisa-entre-sp-e-mg\/#breadcrumb"},"inLanguage":"pt-BR","potentialAction":[{"@type":"ReadAction","target":["https:\/\/regiaonews.net.br\/2022\/2024\/02\/19\/pm-ambiental-resgata-67-aves-nativas-transportadas-em-onibus-de-viagem-na-divisa-entre-sp-e-mg\/"]}]},{"@type":"ImageObject","inLanguage":"pt-BR","@id":"https:\/\/regiaonews.net.br\/2022\/2024\/02\/19\/pm-ambiental-resgata-67-aves-nativas-transportadas-em-onibus-de-viagem-na-divisa-entre-sp-e-mg\/#primaryimage","url":"https:\/\/regiaonews.net.br\/2022\/wp-content\/uploads\/2024\/02\/00053187.jpg","contentUrl":"https:\/\/regiaonews.net.br\/2022\/wp-content\/uploads\/2024\/02\/00053187.jpg","width":1600,"height":1200},{"@type":"BreadcrumbList","@id":"https:\/\/regiaonews.net.br\/2022\/2024\/02\/19\/pm-ambiental-resgata-67-aves-nativas-transportadas-em-onibus-de-viagem-na-divisa-entre-sp-e-mg\/#breadcrumb","itemListElement":[{"@type":"ListItem","position":1,"name":"In\u00edcio","item":"https:\/\/regiaonews.net.br\/2022\/"},{"@type":"ListItem","position":2,"name":"PM Ambiental resgata 67 aves nativas transportadas em \u00f4nibus de viagem na divisa entre SP e MG"}]},{"@type":"WebSite","@id":"https:\/\/regiaonews.net.br\/2022\/#website","url":"https:\/\/regiaonews.net.br\/2022\/","name":"Regi\u00e3o News","description":"Site de Not\u00edcias de Barretos e regi\u00e3o","publisher":{"@id":"https:\/\/regiaonews.net.br\/2022\/#organization"},"potentialAction":[{"@type":"SearchAction","target":{"@type":"EntryPoint","urlTemplate":"https:\/\/regiaonews.net.br\/2022\/?s={search_term_string}"},"query-input":{"@type":"PropertyValueSpecification","valueRequired":true,"valueName":"search_term_string"}}],"inLanguage":"pt-BR"},{"@type":"Organization","@id":"https:\/\/regiaonews.net.br\/2022\/#organization","name":"Regi\u00e3o News","url":"https:\/\/regiaonews.net.br\/2022\/","logo":{"@type":"ImageObject","inLanguage":"pt-BR","@id":"https:\/\/regiaonews.net.br\/2022\/#\/schema\/logo\/image\/","url":"https:\/\/regiaonews.net.br\/2022\/wp-content\/uploads\/2026\/03\/regiao-13-anos-scaled.jpg","contentUrl":"https:\/\/regiaonews.net.br\/2022\/wp-content\/uploads\/2026\/03\/regiao-13-anos-scaled.jpg","width":2560,"height":635,"caption":"Regi\u00e3o News"},"image":{"@id":"https:\/\/regiaonews.net.br\/2022\/#\/schema\/logo\/image\/"}},{"@type":"Person","@id":"https:\/\/regiaonews.net.br\/2022\/#\/schema\/person\/2d205a608a5aa97ac279d7a5e6d89ad8","name":"Roberto","image":{"@type":"ImageObject","inLanguage":"pt-BR","@id":"https:\/\/secure.gravatar.com\/avatar\/42749d8b712ff9d59ca93dc150494e5b55a44134482993f5baeb97e61b7ecc89?s=96&d=mm&r=g","url":"https:\/\/secure.gravatar.com\/avatar\/42749d8b712ff9d59ca93dc150494e5b55a44134482993f5baeb97e61b7ecc89?s=96&d=mm&r=g","contentUrl":"https:\/\/secure.gravatar.com\/avatar\/42749d8b712ff9d59ca93dc150494e5b55a44134482993f5baeb97e61b7ecc89?s=96&d=mm&r=g","caption":"Roberto"},"url":"https:\/\/regiaonews.net.br\/2022\/author\/roberto\/"}]}},"publishpress_future_action":{"enabled":false,"date":"2026-05-03 09:21:20","action":"change-status","newStatus":"draft","terms":[],"taxonomy":"category","extraData":[]},"publishpress_future_workflow_manual_trigger":{"enabledWorkflows":[]},"_links":{"self":[{"href":"https:\/\/regiaonews.net.br\/2022\/wp-json\/wp\/v2\/posts\/101450","targetHints":{"allow":["GET"]}}],"collection":[{"href":"https:\/\/regiaonews.net.br\/2022\/wp-json\/wp\/v2\/posts"}],"about":[{"href":"https:\/\/regiaonews.net.br\/2022\/wp-json\/wp\/v2\/types\/post"}],"author":[{"embeddable":true,"href":"https:\/\/regiaonews.net.br\/2022\/wp-json\/wp\/v2\/users\/2"}],"replies":[{"embeddable":true,"href":"https:\/\/regiaonews.net.br\/2022\/wp-json\/wp\/v2\/comments?post=101450"}],"version-history":[{"count":2,"href":"https:\/\/regiaonews.net.br\/2022\/wp-json\/wp\/v2\/posts\/101450\/revisions"}],"predecessor-version":[{"id":101453,"href":"https:\/\/regiaonews.net.br\/2022\/wp-json\/wp\/v2\/posts\/101450\/revisions\/101453"}],"wp:featuredmedia":[{"embeddable":true,"href":"https:\/\/regiaonews.net.br\/2022\/wp-json\/wp\/v2\/media\/101451"}],"wp:attachment":[{"href":"https:\/\/regiaonews.net.br\/2022\/wp-json\/wp\/v2\/media?parent=101450"}],"wp:term":[{"taxonomy":"category","embeddable":true,"href":"https:\/\/regiaonews.net.br\/2022\/wp-json\/wp\/v2\/categories?post=101450"},{"taxonomy":"post_tag","embeddable":true,"href":"https:\/\/regiaonews.net.br\/2022\/wp-json\/wp\/v2\/tags?post=101450"}],"curies":[{"name":"wp","href":"https:\/\/api.w.org\/{rel}","templated":true}]}}