{"id":101444,"date":"2024-02-19T12:45:57","date_gmt":"2024-02-19T15:45:57","guid":{"rendered":"https:\/\/regiaonews.net.br\/2022\/?p=101444"},"modified":"2024-02-19T12:45:57","modified_gmt":"2024-02-19T15:45:57","slug":"termina-dia-29-prazo-para-empresas-enviarem-relatorios-salariais","status":"publish","type":"post","link":"https:\/\/regiaonews.net.br\/2022\/2024\/02\/19\/termina-dia-29-prazo-para-empresas-enviarem-relatorios-salariais\/","title":{"rendered":"Termina dia 29 prazo para empresas enviarem relat\u00f3rios salariais"},"content":{"rendered":"<h3 class=\"row\" style=\"text-align: center;\">Documento \u00e9 obrigat\u00f3rio para empresas com at\u00e9 100 funcion\u00e1rios<\/h3>\n<p>Termina no pr\u00f3ximo dia 29, o prazo para que as empresas preencham e enviem o Relat\u00f3rio de Transpar\u00eancia Salarial e de Crit\u00e9rios Remunerat\u00f3rios do primeiro semestre de 2024, no\u00a0<a href=\"https:\/\/servicos.mte.gov.br\/empregador\/#\/\" target=\"_blank\" rel=\"noopener\">Portal Emprega Brasil<\/a>, do Minist\u00e9rio do Trabalho e Emprego (MTE). O documento \u00e9 obrigat\u00f3rio para organiza\u00e7\u00f5es que tenham a partir de 100 funcion\u00e1rios.<img decoding=\"async\" src=\"https:\/\/agenciabrasil.ebc.com.br\/ebc.png?id=1581597&amp;o=node\" \/><img decoding=\"async\" src=\"https:\/\/agenciabrasil.ebc.com.br\/ebc.gif?id=1581597&amp;o=node\" \/><\/p>\n<p>A cada semestre dever\u00e3o ser retificados os dados de sal\u00e1rios e ocupa\u00e7\u00f5es de homens e mulheres nas empresas, informados pelo eSocial. O formul\u00e1rio tamb\u00e9m exige que sejam informados os crit\u00e9rios adotados nas remunera\u00e7\u00f5es e a descri\u00e7\u00e3o das iniciativas que apoiem a contrata\u00e7\u00e3o e promo\u00e7\u00e3o de mulheres.<\/p>\n<p>Prevista pela lei 14.611\/2023, a presta\u00e7\u00e3o de contas faz parte da\u00a0<a href=\"https:\/\/agenciabrasil.ebc.com.br\/geral\/noticia\/2023-11\/empregador-prestara-contas-sobre-igualdade-salarial\" target=\"_blank\" rel=\"noopener\">pol\u00edtica p\u00fablica de igualdade salarial<\/a>, regulamentada em novembro de 2023. Ap\u00f3s o envio dos formul\u00e1rios, o MTE ainda poder\u00e1 solicitar informa\u00e7\u00f5es complementares para confirma\u00e7\u00e3o do cadastro e fiscaliza\u00e7\u00e3o.<\/p>\n<p>O descumprimento da lei prev\u00ea multa administrativa de at\u00e9 3% da folha de pagamento, que ainda pode ser somada a outras san\u00e7\u00f5es, como o pagamento de indeniza\u00e7\u00f5es por danos morais, em situa\u00e7\u00f5es em que a mulher receba menos do que o homem fazendo a mesma fun\u00e7\u00e3o, por exemplo.<\/p>\n<p>A empresa ter\u00e1 ainda que elaborar um plano de a\u00e7\u00e3o para sanar as irregularidades, em um prazo de 90 dias.<\/p>\n<p>Al\u00e9m do fornecimento das informa\u00e7\u00f5es, a pol\u00edtica p\u00fablica estabelece a obrigatoriedade de medidas como a exist\u00eancia de programas de diversidade e inclus\u00e3o no ambiente laboral, capacita\u00e7\u00e3o de gestores e empregados sobre equidade de g\u00eanero e fomento ao ingresso, perman\u00eancia e ascens\u00e3o de mulheres no mercado de trabalho.<\/p>\n<p>Fonte &#8211; Ag\u00eancia Brasil.<\/p>\n<p>&nbsp;<\/p>\n","protected":false},"excerpt":{"rendered":"<p>Documento \u00e9 obrigat\u00f3rio para empresas com at\u00e9 100 funcion\u00e1rios Termina<\/p>\n","protected":false},"author":2,"featured_media":101445,"comment_status":"open","ping_status":"open","sticky":false,"template":"","format":"standard","meta":{"footnotes":""},"categories":[24,3],"tags":[],"class_list":["post-101444","post","type-post","status-publish","format-standard","has-post-thumbnail","hentry","category-brasil","category-geral"],"yoast_head":"<!-- This site is optimized with the Yoast SEO plugin v27.4 - https:\/\/yoast.com\/product\/yoast-seo-wordpress\/ -->\n<title>Termina dia 29 prazo para empresas enviarem relat\u00f3rios salariais - Regi\u00e3o News<\/title>\n<meta name=\"robots\" content=\"index, follow, max-snippet:-1, max-image-preview:large, max-video-preview:-1\" \/>\n<link rel=\"canonical\" href=\"https:\/\/regiaonews.net.br\/2022\/2024\/02\/19\/termina-dia-29-prazo-para-empresas-enviarem-relatorios-salariais\/\" \/>\n<meta property=\"og:locale\" content=\"pt_BR\" \/>\n<meta property=\"og:type\" content=\"article\" \/>\n<meta property=\"og:title\" content=\"Termina dia 29 prazo para empresas enviarem relat\u00f3rios salariais - Regi\u00e3o News\" \/>\n<meta property=\"og:description\" content=\"Documento \u00e9 obrigat\u00f3rio para empresas com at\u00e9 100 funcion\u00e1rios Termina\" \/>\n<meta property=\"og:url\" content=\"https:\/\/regiaonews.net.br\/2022\/2024\/02\/19\/termina-dia-29-prazo-para-empresas-enviarem-relatorios-salariais\/\" \/>\n<meta property=\"og:site_name\" content=\"Regi\u00e3o News\" \/>\n<meta property=\"article:published_time\" content=\"2024-02-19T15:45:57+00:00\" \/>\n<meta property=\"og:image\" content=\"https:\/\/regiaonews.net.br\/2022\/wp-content\/uploads\/2024\/02\/industrias_wd2219.webp\" \/>\n\t<meta property=\"og:image:width\" content=\"1170\" \/>\n\t<meta property=\"og:image:height\" content=\"700\" \/>\n\t<meta property=\"og:image:type\" content=\"image\/webp\" \/>\n<meta name=\"author\" content=\"Roberto\" \/>\n<meta name=\"twitter:card\" content=\"summary_large_image\" \/>\n<meta name=\"twitter:label1\" content=\"Escrito por\" \/>\n\t<meta name=\"twitter:data1\" content=\"Roberto\" \/>\n\t<meta name=\"twitter:label2\" content=\"Est. tempo de leitura\" \/>\n\t<meta name=\"twitter:data2\" content=\"2 minutos\" \/>\n<script type=\"application\/ld+json\" class=\"yoast-schema-graph\">{\"@context\":\"https:\\\/\\\/schema.org\",\"@graph\":[{\"@type\":\"Article\",\"@id\":\"https:\\\/\\\/regiaonews.net.br\\\/2022\\\/2024\\\/02\\\/19\\\/termina-dia-29-prazo-para-empresas-enviarem-relatorios-salariais\\\/#article\",\"isPartOf\":{\"@id\":\"https:\\\/\\\/regiaonews.net.br\\\/2022\\\/2024\\\/02\\\/19\\\/termina-dia-29-prazo-para-empresas-enviarem-relatorios-salariais\\\/\"},\"author\":{\"name\":\"Roberto\",\"@id\":\"https:\\\/\\\/regiaonews.net.br\\\/2022\\\/#\\\/schema\\\/person\\\/2d205a608a5aa97ac279d7a5e6d89ad8\"},\"headline\":\"Termina dia 29 prazo para empresas enviarem relat\u00f3rios salariais\",\"datePublished\":\"2024-02-19T15:45:57+00:00\",\"mainEntityOfPage\":{\"@id\":\"https:\\\/\\\/regiaonews.net.br\\\/2022\\\/2024\\\/02\\\/19\\\/termina-dia-29-prazo-para-empresas-enviarem-relatorios-salariais\\\/\"},\"wordCount\":310,\"commentCount\":0,\"publisher\":{\"@id\":\"https:\\\/\\\/regiaonews.net.br\\\/2022\\\/#organization\"},\"image\":{\"@id\":\"https:\\\/\\\/regiaonews.net.br\\\/2022\\\/2024\\\/02\\\/19\\\/termina-dia-29-prazo-para-empresas-enviarem-relatorios-salariais\\\/#primaryimage\"},\"thumbnailUrl\":\"https:\\\/\\\/regiaonews.net.br\\\/2022\\\/wp-content\\\/uploads\\\/2024\\\/02\\\/industrias_wd2219.webp\",\"articleSection\":[\"Brasil\",\"Geral\"],\"inLanguage\":\"pt-BR\",\"potentialAction\":[{\"@type\":\"CommentAction\",\"name\":\"Comment\",\"target\":[\"https:\\\/\\\/regiaonews.net.br\\\/2022\\\/2024\\\/02\\\/19\\\/termina-dia-29-prazo-para-empresas-enviarem-relatorios-salariais\\\/#respond\"]}]},{\"@type\":\"WebPage\",\"@id\":\"https:\\\/\\\/regiaonews.net.br\\\/2022\\\/2024\\\/02\\\/19\\\/termina-dia-29-prazo-para-empresas-enviarem-relatorios-salariais\\\/\",\"url\":\"https:\\\/\\\/regiaonews.net.br\\\/2022\\\/2024\\\/02\\\/19\\\/termina-dia-29-prazo-para-empresas-enviarem-relatorios-salariais\\\/\",\"name\":\"Termina dia 29 prazo para empresas enviarem relat\u00f3rios salariais - Regi\u00e3o News\",\"isPartOf\":{\"@id\":\"https:\\\/\\\/regiaonews.net.br\\\/2022\\\/#website\"},\"primaryImageOfPage\":{\"@id\":\"https:\\\/\\\/regiaonews.net.br\\\/2022\\\/2024\\\/02\\\/19\\\/termina-dia-29-prazo-para-empresas-enviarem-relatorios-salariais\\\/#primaryimage\"},\"image\":{\"@id\":\"https:\\\/\\\/regiaonews.net.br\\\/2022\\\/2024\\\/02\\\/19\\\/termina-dia-29-prazo-para-empresas-enviarem-relatorios-salariais\\\/#primaryimage\"},\"thumbnailUrl\":\"https:\\\/\\\/regiaonews.net.br\\\/2022\\\/wp-content\\\/uploads\\\/2024\\\/02\\\/industrias_wd2219.webp\",\"datePublished\":\"2024-02-19T15:45:57+00:00\",\"breadcrumb\":{\"@id\":\"https:\\\/\\\/regiaonews.net.br\\\/2022\\\/2024\\\/02\\\/19\\\/termina-dia-29-prazo-para-empresas-enviarem-relatorios-salariais\\\/#breadcrumb\"},\"inLanguage\":\"pt-BR\",\"potentialAction\":[{\"@type\":\"ReadAction\",\"target\":[\"https:\\\/\\\/regiaonews.net.br\\\/2022\\\/2024\\\/02\\\/19\\\/termina-dia-29-prazo-para-empresas-enviarem-relatorios-salariais\\\/\"]}]},{\"@type\":\"ImageObject\",\"inLanguage\":\"pt-BR\",\"@id\":\"https:\\\/\\\/regiaonews.net.br\\\/2022\\\/2024\\\/02\\\/19\\\/termina-dia-29-prazo-para-empresas-enviarem-relatorios-salariais\\\/#primaryimage\",\"url\":\"https:\\\/\\\/regiaonews.net.br\\\/2022\\\/wp-content\\\/uploads\\\/2024\\\/02\\\/industrias_wd2219.webp\",\"contentUrl\":\"https:\\\/\\\/regiaonews.net.br\\\/2022\\\/wp-content\\\/uploads\\\/2024\\\/02\\\/industrias_wd2219.webp\",\"width\":1170,\"height\":700},{\"@type\":\"BreadcrumbList\",\"@id\":\"https:\\\/\\\/regiaonews.net.br\\\/2022\\\/2024\\\/02\\\/19\\\/termina-dia-29-prazo-para-empresas-enviarem-relatorios-salariais\\\/#breadcrumb\",\"itemListElement\":[{\"@type\":\"ListItem\",\"position\":1,\"name\":\"In\u00edcio\",\"item\":\"https:\\\/\\\/regiaonews.net.br\\\/2022\\\/\"},{\"@type\":\"ListItem\",\"position\":2,\"name\":\"Termina dia 29 prazo para empresas enviarem relat\u00f3rios salariais\"}]},{\"@type\":\"WebSite\",\"@id\":\"https:\\\/\\\/regiaonews.net.br\\\/2022\\\/#website\",\"url\":\"https:\\\/\\\/regiaonews.net.br\\\/2022\\\/\",\"name\":\"Regi\u00e3o News\",\"description\":\"Site de Not\u00edcias de Barretos e regi\u00e3o\",\"publisher\":{\"@id\":\"https:\\\/\\\/regiaonews.net.br\\\/2022\\\/#organization\"},\"potentialAction\":[{\"@type\":\"SearchAction\",\"target\":{\"@type\":\"EntryPoint\",\"urlTemplate\":\"https:\\\/\\\/regiaonews.net.br\\\/2022\\\/?s={search_term_string}\"},\"query-input\":{\"@type\":\"PropertyValueSpecification\",\"valueRequired\":true,\"valueName\":\"search_term_string\"}}],\"inLanguage\":\"pt-BR\"},{\"@type\":\"Organization\",\"@id\":\"https:\\\/\\\/regiaonews.net.br\\\/2022\\\/#organization\",\"name\":\"Regi\u00e3o News\",\"url\":\"https:\\\/\\\/regiaonews.net.br\\\/2022\\\/\",\"logo\":{\"@type\":\"ImageObject\",\"inLanguage\":\"pt-BR\",\"@id\":\"https:\\\/\\\/regiaonews.net.br\\\/2022\\\/#\\\/schema\\\/logo\\\/image\\\/\",\"url\":\"https:\\\/\\\/regiaonews.net.br\\\/2022\\\/wp-content\\\/uploads\\\/2026\\\/03\\\/regiao-13-anos-scaled.jpg\",\"contentUrl\":\"https:\\\/\\\/regiaonews.net.br\\\/2022\\\/wp-content\\\/uploads\\\/2026\\\/03\\\/regiao-13-anos-scaled.jpg\",\"width\":2560,\"height\":635,\"caption\":\"Regi\u00e3o News\"},\"image\":{\"@id\":\"https:\\\/\\\/regiaonews.net.br\\\/2022\\\/#\\\/schema\\\/logo\\\/image\\\/\"}},{\"@type\":\"Person\",\"@id\":\"https:\\\/\\\/regiaonews.net.br\\\/2022\\\/#\\\/schema\\\/person\\\/2d205a608a5aa97ac279d7a5e6d89ad8\",\"name\":\"Roberto\",\"image\":{\"@type\":\"ImageObject\",\"inLanguage\":\"pt-BR\",\"@id\":\"https:\\\/\\\/secure.gravatar.com\\\/avatar\\\/42749d8b712ff9d59ca93dc150494e5b55a44134482993f5baeb97e61b7ecc89?s=96&d=mm&r=g\",\"url\":\"https:\\\/\\\/secure.gravatar.com\\\/avatar\\\/42749d8b712ff9d59ca93dc150494e5b55a44134482993f5baeb97e61b7ecc89?s=96&d=mm&r=g\",\"contentUrl\":\"https:\\\/\\\/secure.gravatar.com\\\/avatar\\\/42749d8b712ff9d59ca93dc150494e5b55a44134482993f5baeb97e61b7ecc89?s=96&d=mm&r=g\",\"caption\":\"Roberto\"},\"url\":\"https:\\\/\\\/regiaonews.net.br\\\/2022\\\/author\\\/roberto\\\/\"}]}<\/script>\n<!-- \/ Yoast SEO plugin. -->","yoast_head_json":{"title":"Termina dia 29 prazo para empresas enviarem relat\u00f3rios salariais - Regi\u00e3o News","robots":{"index":"index","follow":"follow","max-snippet":"max-snippet:-1","max-image-preview":"max-image-preview:large","max-video-preview":"max-video-preview:-1"},"canonical":"https:\/\/regiaonews.net.br\/2022\/2024\/02\/19\/termina-dia-29-prazo-para-empresas-enviarem-relatorios-salariais\/","og_locale":"pt_BR","og_type":"article","og_title":"Termina dia 29 prazo para empresas enviarem relat\u00f3rios salariais - Regi\u00e3o News","og_description":"Documento \u00e9 obrigat\u00f3rio para empresas com at\u00e9 100 funcion\u00e1rios Termina","og_url":"https:\/\/regiaonews.net.br\/2022\/2024\/02\/19\/termina-dia-29-prazo-para-empresas-enviarem-relatorios-salariais\/","og_site_name":"Regi\u00e3o News","article_published_time":"2024-02-19T15:45:57+00:00","og_image":[{"width":1170,"height":700,"url":"https:\/\/regiaonews.net.br\/2022\/wp-content\/uploads\/2024\/02\/industrias_wd2219.webp","type":"image\/webp"}],"author":"Roberto","twitter_card":"summary_large_image","twitter_misc":{"Escrito por":"Roberto","Est. tempo de leitura":"2 minutos"},"schema":{"@context":"https:\/\/schema.org","@graph":[{"@type":"Article","@id":"https:\/\/regiaonews.net.br\/2022\/2024\/02\/19\/termina-dia-29-prazo-para-empresas-enviarem-relatorios-salariais\/#article","isPartOf":{"@id":"https:\/\/regiaonews.net.br\/2022\/2024\/02\/19\/termina-dia-29-prazo-para-empresas-enviarem-relatorios-salariais\/"},"author":{"name":"Roberto","@id":"https:\/\/regiaonews.net.br\/2022\/#\/schema\/person\/2d205a608a5aa97ac279d7a5e6d89ad8"},"headline":"Termina dia 29 prazo para empresas enviarem relat\u00f3rios salariais","datePublished":"2024-02-19T15:45:57+00:00","mainEntityOfPage":{"@id":"https:\/\/regiaonews.net.br\/2022\/2024\/02\/19\/termina-dia-29-prazo-para-empresas-enviarem-relatorios-salariais\/"},"wordCount":310,"commentCount":0,"publisher":{"@id":"https:\/\/regiaonews.net.br\/2022\/#organization"},"image":{"@id":"https:\/\/regiaonews.net.br\/2022\/2024\/02\/19\/termina-dia-29-prazo-para-empresas-enviarem-relatorios-salariais\/#primaryimage"},"thumbnailUrl":"https:\/\/regiaonews.net.br\/2022\/wp-content\/uploads\/2024\/02\/industrias_wd2219.webp","articleSection":["Brasil","Geral"],"inLanguage":"pt-BR","potentialAction":[{"@type":"CommentAction","name":"Comment","target":["https:\/\/regiaonews.net.br\/2022\/2024\/02\/19\/termina-dia-29-prazo-para-empresas-enviarem-relatorios-salariais\/#respond"]}]},{"@type":"WebPage","@id":"https:\/\/regiaonews.net.br\/2022\/2024\/02\/19\/termina-dia-29-prazo-para-empresas-enviarem-relatorios-salariais\/","url":"https:\/\/regiaonews.net.br\/2022\/2024\/02\/19\/termina-dia-29-prazo-para-empresas-enviarem-relatorios-salariais\/","name":"Termina dia 29 prazo para empresas enviarem relat\u00f3rios salariais - Regi\u00e3o News","isPartOf":{"@id":"https:\/\/regiaonews.net.br\/2022\/#website"},"primaryImageOfPage":{"@id":"https:\/\/regiaonews.net.br\/2022\/2024\/02\/19\/termina-dia-29-prazo-para-empresas-enviarem-relatorios-salariais\/#primaryimage"},"image":{"@id":"https:\/\/regiaonews.net.br\/2022\/2024\/02\/19\/termina-dia-29-prazo-para-empresas-enviarem-relatorios-salariais\/#primaryimage"},"thumbnailUrl":"https:\/\/regiaonews.net.br\/2022\/wp-content\/uploads\/2024\/02\/industrias_wd2219.webp","datePublished":"2024-02-19T15:45:57+00:00","breadcrumb":{"@id":"https:\/\/regiaonews.net.br\/2022\/2024\/02\/19\/termina-dia-29-prazo-para-empresas-enviarem-relatorios-salariais\/#breadcrumb"},"inLanguage":"pt-BR","potentialAction":[{"@type":"ReadAction","target":["https:\/\/regiaonews.net.br\/2022\/2024\/02\/19\/termina-dia-29-prazo-para-empresas-enviarem-relatorios-salariais\/"]}]},{"@type":"ImageObject","inLanguage":"pt-BR","@id":"https:\/\/regiaonews.net.br\/2022\/2024\/02\/19\/termina-dia-29-prazo-para-empresas-enviarem-relatorios-salariais\/#primaryimage","url":"https:\/\/regiaonews.net.br\/2022\/wp-content\/uploads\/2024\/02\/industrias_wd2219.webp","contentUrl":"https:\/\/regiaonews.net.br\/2022\/wp-content\/uploads\/2024\/02\/industrias_wd2219.webp","width":1170,"height":700},{"@type":"BreadcrumbList","@id":"https:\/\/regiaonews.net.br\/2022\/2024\/02\/19\/termina-dia-29-prazo-para-empresas-enviarem-relatorios-salariais\/#breadcrumb","itemListElement":[{"@type":"ListItem","position":1,"name":"In\u00edcio","item":"https:\/\/regiaonews.net.br\/2022\/"},{"@type":"ListItem","position":2,"name":"Termina dia 29 prazo para empresas enviarem relat\u00f3rios salariais"}]},{"@type":"WebSite","@id":"https:\/\/regiaonews.net.br\/2022\/#website","url":"https:\/\/regiaonews.net.br\/2022\/","name":"Regi\u00e3o News","description":"Site de Not\u00edcias de Barretos e regi\u00e3o","publisher":{"@id":"https:\/\/regiaonews.net.br\/2022\/#organization"},"potentialAction":[{"@type":"SearchAction","target":{"@type":"EntryPoint","urlTemplate":"https:\/\/regiaonews.net.br\/2022\/?s={search_term_string}"},"query-input":{"@type":"PropertyValueSpecification","valueRequired":true,"valueName":"search_term_string"}}],"inLanguage":"pt-BR"},{"@type":"Organization","@id":"https:\/\/regiaonews.net.br\/2022\/#organization","name":"Regi\u00e3o News","url":"https:\/\/regiaonews.net.br\/2022\/","logo":{"@type":"ImageObject","inLanguage":"pt-BR","@id":"https:\/\/regiaonews.net.br\/2022\/#\/schema\/logo\/image\/","url":"https:\/\/regiaonews.net.br\/2022\/wp-content\/uploads\/2026\/03\/regiao-13-anos-scaled.jpg","contentUrl":"https:\/\/regiaonews.net.br\/2022\/wp-content\/uploads\/2026\/03\/regiao-13-anos-scaled.jpg","width":2560,"height":635,"caption":"Regi\u00e3o News"},"image":{"@id":"https:\/\/regiaonews.net.br\/2022\/#\/schema\/logo\/image\/"}},{"@type":"Person","@id":"https:\/\/regiaonews.net.br\/2022\/#\/schema\/person\/2d205a608a5aa97ac279d7a5e6d89ad8","name":"Roberto","image":{"@type":"ImageObject","inLanguage":"pt-BR","@id":"https:\/\/secure.gravatar.com\/avatar\/42749d8b712ff9d59ca93dc150494e5b55a44134482993f5baeb97e61b7ecc89?s=96&d=mm&r=g","url":"https:\/\/secure.gravatar.com\/avatar\/42749d8b712ff9d59ca93dc150494e5b55a44134482993f5baeb97e61b7ecc89?s=96&d=mm&r=g","contentUrl":"https:\/\/secure.gravatar.com\/avatar\/42749d8b712ff9d59ca93dc150494e5b55a44134482993f5baeb97e61b7ecc89?s=96&d=mm&r=g","caption":"Roberto"},"url":"https:\/\/regiaonews.net.br\/2022\/author\/roberto\/"}]}},"publishpress_future_action":{"enabled":false,"date":"2026-05-03 13:52:36","action":"change-status","newStatus":"draft","terms":[],"taxonomy":"category","extraData":[]},"publishpress_future_workflow_manual_trigger":{"enabledWorkflows":[]},"_links":{"self":[{"href":"https:\/\/regiaonews.net.br\/2022\/wp-json\/wp\/v2\/posts\/101444","targetHints":{"allow":["GET"]}}],"collection":[{"href":"https:\/\/regiaonews.net.br\/2022\/wp-json\/wp\/v2\/posts"}],"about":[{"href":"https:\/\/regiaonews.net.br\/2022\/wp-json\/wp\/v2\/types\/post"}],"author":[{"embeddable":true,"href":"https:\/\/regiaonews.net.br\/2022\/wp-json\/wp\/v2\/users\/2"}],"replies":[{"embeddable":true,"href":"https:\/\/regiaonews.net.br\/2022\/wp-json\/wp\/v2\/comments?post=101444"}],"version-history":[{"count":1,"href":"https:\/\/regiaonews.net.br\/2022\/wp-json\/wp\/v2\/posts\/101444\/revisions"}],"predecessor-version":[{"id":101446,"href":"https:\/\/regiaonews.net.br\/2022\/wp-json\/wp\/v2\/posts\/101444\/revisions\/101446"}],"wp:featuredmedia":[{"embeddable":true,"href":"https:\/\/regiaonews.net.br\/2022\/wp-json\/wp\/v2\/media\/101445"}],"wp:attachment":[{"href":"https:\/\/regiaonews.net.br\/2022\/wp-json\/wp\/v2\/media?parent=101444"}],"wp:term":[{"taxonomy":"category","embeddable":true,"href":"https:\/\/regiaonews.net.br\/2022\/wp-json\/wp\/v2\/categories?post=101444"},{"taxonomy":"post_tag","embeddable":true,"href":"https:\/\/regiaonews.net.br\/2022\/wp-json\/wp\/v2\/tags?post=101444"}],"curies":[{"name":"wp","href":"https:\/\/api.w.org\/{rel}","templated":true}]}}