{"id":101355,"date":"2024-02-16T16:11:08","date_gmt":"2024-02-16T19:11:08","guid":{"rendered":"https:\/\/regiaonews.net.br\/2022\/?p=101355"},"modified":"2024-02-16T16:58:12","modified_gmt":"2024-02-16T19:58:12","slug":"101355","status":"publish","type":"post","link":"https:\/\/regiaonews.net.br\/2022\/2024\/02\/16\/101355\/","title":{"rendered":"SAAE Barretos e Secretaria Municipal de Educa\u00e7\u00e3o preparam Semana da \u00c1gua 2024"},"content":{"rendered":"<p>&nbsp;<\/p>\n<p>Em parceria com a TEBE, evento educativo vai estimular estudantes sobre o consumo consciente de \u00e1gua<\/p>\n<p>A Prefeitura da Est\u00e2ncia Tur\u00edstica de Barretos, por meio do Servi\u00e7o Aut\u00f4nomo de \u00c1gua e Esgoto de Barretos (SAAEB), em parceria com a Secretaria Municipal de Educa\u00e7\u00e3o e o apoio da Concession\u00e1ria de Rodovias TEBE S\/A, est\u00e1 organizando a &#8220;Semana Municipal de Conscientiza\u00e7\u00e3o e Educa\u00e7\u00e3o sobre o Uso Racional da \u00c1gua&#8221;. O evento acontecer\u00e1 entre os dias 18 e 22 de mar\u00e7o, culminando no Dia Mundial da \u00c1gua (22 de mar\u00e7o), com uma programa\u00e7\u00e3o especial dedicada \u00e0 Educa\u00e7\u00e3o Ambiental.<\/p>\n<p>O objetivo geral do evento \u00e9 promover entre os estudantes a conscientiza\u00e7\u00e3o sobre a import\u00e2ncia da preserva\u00e7\u00e3o dos recursos h\u00eddricos, atrav\u00e9s da visita \u00e0 Esta\u00e7\u00e3o de Tratamento de \u00c1gua ETA Pereira, uma atividade que foi carinhosamente apelidada de &#8220;Expedi\u00e7\u00e3o Ambiental&#8221;.<\/p>\n<p>&#8220;Queremos motivar nossas crian\u00e7as a serem agentes de mudan\u00e7a, promovendo atitudes sustent\u00e1veis em suas casas. A parceria com o SAAEB e o apoio da TEBE \u00e9 essencial para fortalecer essa consci\u00eancia ambiental desde cedo&#8221;, ressalta a Secret\u00e1ria Municipal de Educa\u00e7\u00e3o, J\u00e9ssica Maria Santos.<\/p>\n<p>Em conformidade com a Lei N\u00ba 81\/2021, de autoria do vereador Chafei Amsei Neto, a &#8220;Semana da \u00c1gua&#8221; como atividade da Expedi\u00e7\u00e3o Ambiental na ETA Pereira, contar\u00e1 com a presen\u00e7a de personagens l\u00fadicos como Hidrogirl &#8211; a hero\u00edna do futuro que veio ensinar e inspirar o cuidado com o planeta; Tebinho, o mascote da TEBE; e os novos personagens do projeto de educa\u00e7\u00e3o ambiental Super Conscientes: Z\u00e9 Torneira, Maria Ducha e Chuveiro da Silva. A figura folcl\u00f3rica Sereia Iara tamb\u00e9m marcar\u00e1 presen\u00e7a, enriquecendo a experi\u00eancia educativa.<\/p>\n<p>A previs\u00e3o \u00e9 que cerca de mil alunos do 3\u00ba ano do Ensino Fundamental da rede municipal participem da a\u00e7\u00e3o, distribu\u00eddos em seis turmas ao longo da semana.<\/p>\n<p>O Superintendente Marcelo Borges expressa seu entusiasmo com a prepara\u00e7\u00e3o do evento: &#8220;Nossos servidores est\u00e3o profundamente engajados na organiza\u00e7\u00e3o da Semana da \u00c1gua. Eles atuar\u00e3o n\u00e3o apenas na log\u00edstica, mas tamb\u00e9m interpretar\u00e3o personagens durante os m\u00f3dulos educativos. \u00c9 uma oportunidade \u00fanica para nossas crian\u00e7as aprenderem e, por sua vez, estimularem suas fam\u00edlias a adotar pr\u00e1ticas mais sustent\u00e1veis. Juntos, podemos mudar a maneira como utilizamos esse recurso finito e vital&#8221;.<\/p>\n<p>www.saaeb.com.br<\/p>\n","protected":false},"excerpt":{"rendered":"<p>&nbsp; Em parceria com a TEBE, evento educativo vai estimular<\/p>\n","protected":false},"author":2,"featured_media":101356,"comment_status":"open","ping_status":"open","sticky":false,"template":"","format":"standard","meta":{"footnotes":""},"categories":[14,3],"tags":[],"class_list":["post-101355","post","type-post","status-publish","format-standard","has-post-thumbnail","hentry","category-barretos","category-geral"],"yoast_head":"<!-- This site is optimized with the Yoast SEO plugin v27.4 - https:\/\/yoast.com\/product\/yoast-seo-wordpress\/ -->\n<title>SAAE Barretos e Secretaria Municipal de Educa\u00e7\u00e3o preparam Semana da \u00c1gua 2024 - Regi\u00e3o News<\/title>\n<meta name=\"robots\" content=\"index, follow, max-snippet:-1, max-image-preview:large, max-video-preview:-1\" \/>\n<link rel=\"canonical\" href=\"https:\/\/regiaonews.net.br\/2022\/2024\/02\/16\/101355\/\" \/>\n<meta property=\"og:locale\" content=\"pt_BR\" \/>\n<meta property=\"og:type\" content=\"article\" \/>\n<meta property=\"og:title\" content=\"SAAE Barretos e Secretaria Municipal de Educa\u00e7\u00e3o preparam Semana da \u00c1gua 2024 - Regi\u00e3o News\" \/>\n<meta property=\"og:description\" content=\"&nbsp; Em parceria com a TEBE, evento educativo vai estimular\" \/>\n<meta property=\"og:url\" content=\"https:\/\/regiaonews.net.br\/2022\/2024\/02\/16\/101355\/\" \/>\n<meta property=\"og:site_name\" content=\"Regi\u00e3o News\" \/>\n<meta property=\"article:published_time\" content=\"2024-02-16T19:11:08+00:00\" \/>\n<meta property=\"article:modified_time\" content=\"2024-02-16T19:58:12+00:00\" \/>\n<meta property=\"og:image\" content=\"https:\/\/regiaonews.net.br\/2022\/wp-content\/uploads\/2024\/02\/Imagem-do-WhatsApp-de-2024-02-16-as-15.32.03_9e1210ae.jpg\" \/>\n\t<meta property=\"og:image:width\" content=\"1280\" \/>\n\t<meta property=\"og:image:height\" content=\"960\" \/>\n\t<meta property=\"og:image:type\" content=\"image\/jpeg\" \/>\n<meta name=\"author\" content=\"Roberto\" \/>\n<meta name=\"twitter:card\" content=\"summary_large_image\" \/>\n<meta name=\"twitter:label1\" content=\"Escrito por\" \/>\n\t<meta name=\"twitter:data1\" content=\"Roberto\" \/>\n\t<meta name=\"twitter:label2\" content=\"Est. tempo de leitura\" \/>\n\t<meta name=\"twitter:data2\" content=\"3 minutos\" \/>\n<script type=\"application\/ld+json\" class=\"yoast-schema-graph\">{\"@context\":\"https:\\\/\\\/schema.org\",\"@graph\":[{\"@type\":\"Article\",\"@id\":\"https:\\\/\\\/regiaonews.net.br\\\/2022\\\/2024\\\/02\\\/16\\\/101355\\\/#article\",\"isPartOf\":{\"@id\":\"https:\\\/\\\/regiaonews.net.br\\\/2022\\\/2024\\\/02\\\/16\\\/101355\\\/\"},\"author\":{\"name\":\"Roberto\",\"@id\":\"https:\\\/\\\/regiaonews.net.br\\\/2022\\\/#\\\/schema\\\/person\\\/2d205a608a5aa97ac279d7a5e6d89ad8\"},\"headline\":\"SAAE Barretos e Secretaria Municipal de Educa\u00e7\u00e3o preparam Semana da \u00c1gua 2024\",\"datePublished\":\"2024-02-16T19:11:08+00:00\",\"dateModified\":\"2024-02-16T19:58:12+00:00\",\"mainEntityOfPage\":{\"@id\":\"https:\\\/\\\/regiaonews.net.br\\\/2022\\\/2024\\\/02\\\/16\\\/101355\\\/\"},\"wordCount\":419,\"commentCount\":0,\"publisher\":{\"@id\":\"https:\\\/\\\/regiaonews.net.br\\\/2022\\\/#organization\"},\"image\":{\"@id\":\"https:\\\/\\\/regiaonews.net.br\\\/2022\\\/2024\\\/02\\\/16\\\/101355\\\/#primaryimage\"},\"thumbnailUrl\":\"https:\\\/\\\/regiaonews.net.br\\\/2022\\\/wp-content\\\/uploads\\\/2024\\\/02\\\/Imagem-do-WhatsApp-de-2024-02-16-as-15.32.03_9e1210ae.jpg\",\"articleSection\":[\"Barretos\",\"Geral\"],\"inLanguage\":\"pt-BR\",\"potentialAction\":[{\"@type\":\"CommentAction\",\"name\":\"Comment\",\"target\":[\"https:\\\/\\\/regiaonews.net.br\\\/2022\\\/2024\\\/02\\\/16\\\/101355\\\/#respond\"]}]},{\"@type\":\"WebPage\",\"@id\":\"https:\\\/\\\/regiaonews.net.br\\\/2022\\\/2024\\\/02\\\/16\\\/101355\\\/\",\"url\":\"https:\\\/\\\/regiaonews.net.br\\\/2022\\\/2024\\\/02\\\/16\\\/101355\\\/\",\"name\":\"SAAE Barretos e Secretaria Municipal de Educa\u00e7\u00e3o preparam Semana da \u00c1gua 2024 - Regi\u00e3o News\",\"isPartOf\":{\"@id\":\"https:\\\/\\\/regiaonews.net.br\\\/2022\\\/#website\"},\"primaryImageOfPage\":{\"@id\":\"https:\\\/\\\/regiaonews.net.br\\\/2022\\\/2024\\\/02\\\/16\\\/101355\\\/#primaryimage\"},\"image\":{\"@id\":\"https:\\\/\\\/regiaonews.net.br\\\/2022\\\/2024\\\/02\\\/16\\\/101355\\\/#primaryimage\"},\"thumbnailUrl\":\"https:\\\/\\\/regiaonews.net.br\\\/2022\\\/wp-content\\\/uploads\\\/2024\\\/02\\\/Imagem-do-WhatsApp-de-2024-02-16-as-15.32.03_9e1210ae.jpg\",\"datePublished\":\"2024-02-16T19:11:08+00:00\",\"dateModified\":\"2024-02-16T19:58:12+00:00\",\"breadcrumb\":{\"@id\":\"https:\\\/\\\/regiaonews.net.br\\\/2022\\\/2024\\\/02\\\/16\\\/101355\\\/#breadcrumb\"},\"inLanguage\":\"pt-BR\",\"potentialAction\":[{\"@type\":\"ReadAction\",\"target\":[\"https:\\\/\\\/regiaonews.net.br\\\/2022\\\/2024\\\/02\\\/16\\\/101355\\\/\"]}]},{\"@type\":\"ImageObject\",\"inLanguage\":\"pt-BR\",\"@id\":\"https:\\\/\\\/regiaonews.net.br\\\/2022\\\/2024\\\/02\\\/16\\\/101355\\\/#primaryimage\",\"url\":\"https:\\\/\\\/regiaonews.net.br\\\/2022\\\/wp-content\\\/uploads\\\/2024\\\/02\\\/Imagem-do-WhatsApp-de-2024-02-16-as-15.32.03_9e1210ae.jpg\",\"contentUrl\":\"https:\\\/\\\/regiaonews.net.br\\\/2022\\\/wp-content\\\/uploads\\\/2024\\\/02\\\/Imagem-do-WhatsApp-de-2024-02-16-as-15.32.03_9e1210ae.jpg\",\"width\":1280,\"height\":960},{\"@type\":\"BreadcrumbList\",\"@id\":\"https:\\\/\\\/regiaonews.net.br\\\/2022\\\/2024\\\/02\\\/16\\\/101355\\\/#breadcrumb\",\"itemListElement\":[{\"@type\":\"ListItem\",\"position\":1,\"name\":\"In\u00edcio\",\"item\":\"https:\\\/\\\/regiaonews.net.br\\\/2022\\\/\"},{\"@type\":\"ListItem\",\"position\":2,\"name\":\"SAAE Barretos e Secretaria Municipal de Educa\u00e7\u00e3o preparam Semana da \u00c1gua 2024\"}]},{\"@type\":\"WebSite\",\"@id\":\"https:\\\/\\\/regiaonews.net.br\\\/2022\\\/#website\",\"url\":\"https:\\\/\\\/regiaonews.net.br\\\/2022\\\/\",\"name\":\"Regi\u00e3o News\",\"description\":\"Site de Not\u00edcias de Barretos e regi\u00e3o\",\"publisher\":{\"@id\":\"https:\\\/\\\/regiaonews.net.br\\\/2022\\\/#organization\"},\"potentialAction\":[{\"@type\":\"SearchAction\",\"target\":{\"@type\":\"EntryPoint\",\"urlTemplate\":\"https:\\\/\\\/regiaonews.net.br\\\/2022\\\/?s={search_term_string}\"},\"query-input\":{\"@type\":\"PropertyValueSpecification\",\"valueRequired\":true,\"valueName\":\"search_term_string\"}}],\"inLanguage\":\"pt-BR\"},{\"@type\":\"Organization\",\"@id\":\"https:\\\/\\\/regiaonews.net.br\\\/2022\\\/#organization\",\"name\":\"Regi\u00e3o News\",\"url\":\"https:\\\/\\\/regiaonews.net.br\\\/2022\\\/\",\"logo\":{\"@type\":\"ImageObject\",\"inLanguage\":\"pt-BR\",\"@id\":\"https:\\\/\\\/regiaonews.net.br\\\/2022\\\/#\\\/schema\\\/logo\\\/image\\\/\",\"url\":\"https:\\\/\\\/regiaonews.net.br\\\/2022\\\/wp-content\\\/uploads\\\/2026\\\/03\\\/regiao-13-anos-scaled.jpg\",\"contentUrl\":\"https:\\\/\\\/regiaonews.net.br\\\/2022\\\/wp-content\\\/uploads\\\/2026\\\/03\\\/regiao-13-anos-scaled.jpg\",\"width\":2560,\"height\":635,\"caption\":\"Regi\u00e3o News\"},\"image\":{\"@id\":\"https:\\\/\\\/regiaonews.net.br\\\/2022\\\/#\\\/schema\\\/logo\\\/image\\\/\"}},{\"@type\":\"Person\",\"@id\":\"https:\\\/\\\/regiaonews.net.br\\\/2022\\\/#\\\/schema\\\/person\\\/2d205a608a5aa97ac279d7a5e6d89ad8\",\"name\":\"Roberto\",\"image\":{\"@type\":\"ImageObject\",\"inLanguage\":\"pt-BR\",\"@id\":\"https:\\\/\\\/secure.gravatar.com\\\/avatar\\\/42749d8b712ff9d59ca93dc150494e5b55a44134482993f5baeb97e61b7ecc89?s=96&d=mm&r=g\",\"url\":\"https:\\\/\\\/secure.gravatar.com\\\/avatar\\\/42749d8b712ff9d59ca93dc150494e5b55a44134482993f5baeb97e61b7ecc89?s=96&d=mm&r=g\",\"contentUrl\":\"https:\\\/\\\/secure.gravatar.com\\\/avatar\\\/42749d8b712ff9d59ca93dc150494e5b55a44134482993f5baeb97e61b7ecc89?s=96&d=mm&r=g\",\"caption\":\"Roberto\"},\"url\":\"https:\\\/\\\/regiaonews.net.br\\\/2022\\\/author\\\/roberto\\\/\"}]}<\/script>\n<!-- \/ Yoast SEO plugin. -->","yoast_head_json":{"title":"SAAE Barretos e Secretaria Municipal de Educa\u00e7\u00e3o preparam Semana da \u00c1gua 2024 - Regi\u00e3o News","robots":{"index":"index","follow":"follow","max-snippet":"max-snippet:-1","max-image-preview":"max-image-preview:large","max-video-preview":"max-video-preview:-1"},"canonical":"https:\/\/regiaonews.net.br\/2022\/2024\/02\/16\/101355\/","og_locale":"pt_BR","og_type":"article","og_title":"SAAE Barretos e Secretaria Municipal de Educa\u00e7\u00e3o preparam Semana da \u00c1gua 2024 - Regi\u00e3o News","og_description":"&nbsp; Em parceria com a TEBE, evento educativo vai estimular","og_url":"https:\/\/regiaonews.net.br\/2022\/2024\/02\/16\/101355\/","og_site_name":"Regi\u00e3o News","article_published_time":"2024-02-16T19:11:08+00:00","article_modified_time":"2024-02-16T19:58:12+00:00","og_image":[{"width":1280,"height":960,"url":"https:\/\/regiaonews.net.br\/2022\/wp-content\/uploads\/2024\/02\/Imagem-do-WhatsApp-de-2024-02-16-as-15.32.03_9e1210ae.jpg","type":"image\/jpeg"}],"author":"Roberto","twitter_card":"summary_large_image","twitter_misc":{"Escrito por":"Roberto","Est. tempo de leitura":"3 minutos"},"schema":{"@context":"https:\/\/schema.org","@graph":[{"@type":"Article","@id":"https:\/\/regiaonews.net.br\/2022\/2024\/02\/16\/101355\/#article","isPartOf":{"@id":"https:\/\/regiaonews.net.br\/2022\/2024\/02\/16\/101355\/"},"author":{"name":"Roberto","@id":"https:\/\/regiaonews.net.br\/2022\/#\/schema\/person\/2d205a608a5aa97ac279d7a5e6d89ad8"},"headline":"SAAE Barretos e Secretaria Municipal de Educa\u00e7\u00e3o preparam Semana da \u00c1gua 2024","datePublished":"2024-02-16T19:11:08+00:00","dateModified":"2024-02-16T19:58:12+00:00","mainEntityOfPage":{"@id":"https:\/\/regiaonews.net.br\/2022\/2024\/02\/16\/101355\/"},"wordCount":419,"commentCount":0,"publisher":{"@id":"https:\/\/regiaonews.net.br\/2022\/#organization"},"image":{"@id":"https:\/\/regiaonews.net.br\/2022\/2024\/02\/16\/101355\/#primaryimage"},"thumbnailUrl":"https:\/\/regiaonews.net.br\/2022\/wp-content\/uploads\/2024\/02\/Imagem-do-WhatsApp-de-2024-02-16-as-15.32.03_9e1210ae.jpg","articleSection":["Barretos","Geral"],"inLanguage":"pt-BR","potentialAction":[{"@type":"CommentAction","name":"Comment","target":["https:\/\/regiaonews.net.br\/2022\/2024\/02\/16\/101355\/#respond"]}]},{"@type":"WebPage","@id":"https:\/\/regiaonews.net.br\/2022\/2024\/02\/16\/101355\/","url":"https:\/\/regiaonews.net.br\/2022\/2024\/02\/16\/101355\/","name":"SAAE Barretos e Secretaria Municipal de Educa\u00e7\u00e3o preparam Semana da \u00c1gua 2024 - Regi\u00e3o News","isPartOf":{"@id":"https:\/\/regiaonews.net.br\/2022\/#website"},"primaryImageOfPage":{"@id":"https:\/\/regiaonews.net.br\/2022\/2024\/02\/16\/101355\/#primaryimage"},"image":{"@id":"https:\/\/regiaonews.net.br\/2022\/2024\/02\/16\/101355\/#primaryimage"},"thumbnailUrl":"https:\/\/regiaonews.net.br\/2022\/wp-content\/uploads\/2024\/02\/Imagem-do-WhatsApp-de-2024-02-16-as-15.32.03_9e1210ae.jpg","datePublished":"2024-02-16T19:11:08+00:00","dateModified":"2024-02-16T19:58:12+00:00","breadcrumb":{"@id":"https:\/\/regiaonews.net.br\/2022\/2024\/02\/16\/101355\/#breadcrumb"},"inLanguage":"pt-BR","potentialAction":[{"@type":"ReadAction","target":["https:\/\/regiaonews.net.br\/2022\/2024\/02\/16\/101355\/"]}]},{"@type":"ImageObject","inLanguage":"pt-BR","@id":"https:\/\/regiaonews.net.br\/2022\/2024\/02\/16\/101355\/#primaryimage","url":"https:\/\/regiaonews.net.br\/2022\/wp-content\/uploads\/2024\/02\/Imagem-do-WhatsApp-de-2024-02-16-as-15.32.03_9e1210ae.jpg","contentUrl":"https:\/\/regiaonews.net.br\/2022\/wp-content\/uploads\/2024\/02\/Imagem-do-WhatsApp-de-2024-02-16-as-15.32.03_9e1210ae.jpg","width":1280,"height":960},{"@type":"BreadcrumbList","@id":"https:\/\/regiaonews.net.br\/2022\/2024\/02\/16\/101355\/#breadcrumb","itemListElement":[{"@type":"ListItem","position":1,"name":"In\u00edcio","item":"https:\/\/regiaonews.net.br\/2022\/"},{"@type":"ListItem","position":2,"name":"SAAE Barretos e Secretaria Municipal de Educa\u00e7\u00e3o preparam Semana da \u00c1gua 2024"}]},{"@type":"WebSite","@id":"https:\/\/regiaonews.net.br\/2022\/#website","url":"https:\/\/regiaonews.net.br\/2022\/","name":"Regi\u00e3o News","description":"Site de Not\u00edcias de Barretos e regi\u00e3o","publisher":{"@id":"https:\/\/regiaonews.net.br\/2022\/#organization"},"potentialAction":[{"@type":"SearchAction","target":{"@type":"EntryPoint","urlTemplate":"https:\/\/regiaonews.net.br\/2022\/?s={search_term_string}"},"query-input":{"@type":"PropertyValueSpecification","valueRequired":true,"valueName":"search_term_string"}}],"inLanguage":"pt-BR"},{"@type":"Organization","@id":"https:\/\/regiaonews.net.br\/2022\/#organization","name":"Regi\u00e3o News","url":"https:\/\/regiaonews.net.br\/2022\/","logo":{"@type":"ImageObject","inLanguage":"pt-BR","@id":"https:\/\/regiaonews.net.br\/2022\/#\/schema\/logo\/image\/","url":"https:\/\/regiaonews.net.br\/2022\/wp-content\/uploads\/2026\/03\/regiao-13-anos-scaled.jpg","contentUrl":"https:\/\/regiaonews.net.br\/2022\/wp-content\/uploads\/2026\/03\/regiao-13-anos-scaled.jpg","width":2560,"height":635,"caption":"Regi\u00e3o News"},"image":{"@id":"https:\/\/regiaonews.net.br\/2022\/#\/schema\/logo\/image\/"}},{"@type":"Person","@id":"https:\/\/regiaonews.net.br\/2022\/#\/schema\/person\/2d205a608a5aa97ac279d7a5e6d89ad8","name":"Roberto","image":{"@type":"ImageObject","inLanguage":"pt-BR","@id":"https:\/\/secure.gravatar.com\/avatar\/42749d8b712ff9d59ca93dc150494e5b55a44134482993f5baeb97e61b7ecc89?s=96&d=mm&r=g","url":"https:\/\/secure.gravatar.com\/avatar\/42749d8b712ff9d59ca93dc150494e5b55a44134482993f5baeb97e61b7ecc89?s=96&d=mm&r=g","contentUrl":"https:\/\/secure.gravatar.com\/avatar\/42749d8b712ff9d59ca93dc150494e5b55a44134482993f5baeb97e61b7ecc89?s=96&d=mm&r=g","caption":"Roberto"},"url":"https:\/\/regiaonews.net.br\/2022\/author\/roberto\/"}]}},"publishpress_future_action":{"enabled":false,"date":"2026-05-03 02:51:06","action":"change-status","newStatus":"draft","terms":[],"taxonomy":"category","extraData":[]},"publishpress_future_workflow_manual_trigger":{"enabledWorkflows":[]},"_links":{"self":[{"href":"https:\/\/regiaonews.net.br\/2022\/wp-json\/wp\/v2\/posts\/101355","targetHints":{"allow":["GET"]}}],"collection":[{"href":"https:\/\/regiaonews.net.br\/2022\/wp-json\/wp\/v2\/posts"}],"about":[{"href":"https:\/\/regiaonews.net.br\/2022\/wp-json\/wp\/v2\/types\/post"}],"author":[{"embeddable":true,"href":"https:\/\/regiaonews.net.br\/2022\/wp-json\/wp\/v2\/users\/2"}],"replies":[{"embeddable":true,"href":"https:\/\/regiaonews.net.br\/2022\/wp-json\/wp\/v2\/comments?post=101355"}],"version-history":[{"count":2,"href":"https:\/\/regiaonews.net.br\/2022\/wp-json\/wp\/v2\/posts\/101355\/revisions"}],"predecessor-version":[{"id":101365,"href":"https:\/\/regiaonews.net.br\/2022\/wp-json\/wp\/v2\/posts\/101355\/revisions\/101365"}],"wp:featuredmedia":[{"embeddable":true,"href":"https:\/\/regiaonews.net.br\/2022\/wp-json\/wp\/v2\/media\/101356"}],"wp:attachment":[{"href":"https:\/\/regiaonews.net.br\/2022\/wp-json\/wp\/v2\/media?parent=101355"}],"wp:term":[{"taxonomy":"category","embeddable":true,"href":"https:\/\/regiaonews.net.br\/2022\/wp-json\/wp\/v2\/categories?post=101355"},{"taxonomy":"post_tag","embeddable":true,"href":"https:\/\/regiaonews.net.br\/2022\/wp-json\/wp\/v2\/tags?post=101355"}],"curies":[{"name":"wp","href":"https:\/\/api.w.org\/{rel}","templated":true}]}}